{"id":177224,"date":"2022-07-04T20:00:20","date_gmt":"2022-07-04T18:00:20","guid":{"rendered":"https:\/\/tuzlainfo.ba\/?p=177224"},"modified":"2022-07-04T21:19:46","modified_gmt":"2022-07-04T19:19:46","slug":"11-juli-u-tuzli-planrno-nekoliko-razlicitih-aktivnosti","status":"publish","type":"post","link":"https:\/\/tuzlainfo.ba\/index.php\/najava-dogadaja-2\/item\/177224-11-juli-u-tuzli-planrno-nekoliko-razlicitih-aktivnosti\/","title":{"rendered":"&#8220;11. juli u Tuzli&#8221;: Planirano nekoliko razli\u010ditih aktivnosti"},"content":{"rendered":"<p>Med\u017elis Islamske zajednice Tuzla i ove godine povodom 11. jula, Dana sje\u0107anja na Genocid u Srebrenici, organizuje program pod nazivom \u201e11. juli u Tuzli\u201c.<\/p>\n<p>&nbsp;<\/p>\n<p>Ovogodi\u0161nji program \u0107e obuhvatati nekoliko aktivnosti:<\/p>\n<p>&nbsp;<\/p>\n<p>&#8211; 05. juli 2022. godine u kinu Kaleidoskop u 20:00 sati bit \u0107e prikazan film \u201eUsporeni genocid- \u0161to no nema sa Drine vedrine?\u201c autora Avde Huseinovi\u0107a;<\/p>\n<p>&nbsp;<\/p>\n<p>&#8211; 07. juli 2022. godine u haremu Molu\u0161ke d\u017eamije poslije ak\u0161am-namaza bit \u0107e uprili\u010dena promocija knjiga \u201eJa ha\u0161ki svjedok\u201c i \u201eMajka Hatid\u017ea\u201c autora Ned\u017eada Avdi\u0107a i Esnefe Smajlovi\u0107;<\/p>\n<p>&nbsp;<\/p>\n<p>&#8211; 08. juli 2022. godine u D\u017eamiji \u201eKralj Abdullah\u201c bit \u0107e otvorena izlo\u017eba povodom trideset godina \u0161ehadeta Mustafa-ef. Mujkanovi\u0107a i<\/p>\n<p>&nbsp;<\/p>\n<p>&#8211; 10. jula 2022. godine na Trgu slobode sa po\u010detkom u 20:30 sati planiran je centralni program manifestacije. Program \u0107e izvesti glumci Narodnog pozori\u0161ta Tuzla, \u010dlanovi hora \u201eGazi Turali-beg\u201c, hora Mre\u017ee mladih i Odjela za brak i porodicu Med\u017elisa Tuzla i polaznici tuzlanskih mekteba.<\/p>\n<p>&nbsp;<\/p>\n<p>Program koji njeguje \u010duvanje istine i kulturu sje\u0107anja o Genocidu po\u010dinjenom nad Bo\u0161njacima obuhvata aktivnosti koje \u0107e se realizovati u saradnji sa Institutom za dru\u0161tvena i religijska istra\u017eivanja, Koordinacijom bora\u010dkih organizacija Grada Tuzla, Narodnim pozori\u0161tem Tuzla, BZK \u201ePreporod\u201c Tuzla, JU Specijalnom bibliotekom \u201eBehram-beg\u201c i Centrom za multidisciplinarna istra\u017eivanja.<\/p>\n<p>&nbsp;<\/p>\n<p>Program \u201e11. juli u Tuzli\u201c realizuje se uz podr\u0161ku Muftijstva tuzlanskog i Grada Tuzla.<\/p>\n","protected":false},"excerpt":{"rendered":"<p>Med\u017elis Islamske zajednice Tuzla i ove godine povodom 11. jula, Dana sje\u0107anja na Genocid u&hellip;<\/p>\n","protected":false},"author":4,"featured_media":177229,"comment_status":"open","ping_status":"closed","sticky":false,"template":"","format":"standard","meta":{"_acf_changed":false,"footnotes":""},"categories":[11],"tags":[1823,982],"acf":[],"yoast_head":"<!-- This site is optimized with the Yoast SEO plugin v23.5 - https:\/\/yoast.com\/wordpress\/plugins\/seo\/ -->\n<title>&quot;11. juli u Tuzli&quot;: Planirano nekoliko razli\u010ditih aktivnosti - TuzlaInfo.ba<\/title>\n<meta name=\"robots\" content=\"index, follow, max-snippet:-1, max-image-preview:large, max-video-preview:-1\" \/>\n<link rel=\"canonical\" href=\"https:\/\/tuzlainfo.ba\/index.php\/najava-dogadaja-2\/item\/177224-11-juli-u-tuzli-planrno-nekoliko-razlicitih-aktivnosti\/\" \/>\n<meta property=\"og:locale\" content=\"bs_BA\" \/>\n<meta property=\"og:type\" content=\"article\" \/>\n<meta property=\"og:title\" content=\"&quot;11. juli u Tuzli&quot;: Planirano nekoliko razli\u010ditih aktivnosti - TuzlaInfo.ba\" \/>\n<meta property=\"og:description\" content=\"Med\u017elis Islamske zajednice Tuzla i ove godine povodom 11. jula, Dana sje\u0107anja na Genocid u&hellip;\" \/>\n<meta property=\"og:url\" content=\"https:\/\/tuzlainfo.ba\/index.php\/najava-dogadaja-2\/item\/177224-11-juli-u-tuzli-planrno-nekoliko-razlicitih-aktivnosti\/\" \/>\n<meta property=\"og:site_name\" content=\"TuzlaInfo.ba\" \/>\n<meta property=\"article:publisher\" content=\"https:\/\/www.facebook.com\/tuzlainfo.ba\/\" \/>\n<meta property=\"article:published_time\" content=\"2022-07-04T18:00:20+00:00\" \/>\n<meta property=\"article:modified_time\" content=\"2022-07-04T19:19:46+00:00\" \/>\n<meta property=\"og:image\" content=\"https:\/\/tuzlainfo.ba\/wp-content\/uploads\/2022\/07\/inbound4776585400503718465.jpg\" \/>\n\t<meta property=\"og:image:width\" content=\"1066\" \/>\n\t<meta property=\"og:image:height\" content=\"875\" \/>\n\t<meta property=\"og:image:type\" content=\"image\/jpeg\" \/>\n<meta name=\"author\" content=\"Tuzla Info\" \/>\n<meta name=\"twitter:card\" content=\"summary_large_image\" \/>\n<meta name=\"twitter:label1\" content=\"Written by\" \/>\n\t<meta name=\"twitter:data1\" content=\"Tuzla Info\" \/>\n\t<meta name=\"twitter:label2\" content=\"Est. reading time\" \/>\n\t<meta name=\"twitter:data2\" content=\"1 minuta\" \/>\n<script type=\"application\/ld+json\" class=\"yoast-schema-graph\">{\"@context\":\"https:\/\/schema.org\",\"@graph\":[{\"@type\":\"Article\",\"@id\":\"https:\/\/tuzlainfo.ba\/index.php\/najava-dogadaja-2\/item\/177224-11-juli-u-tuzli-planrno-nekoliko-razlicitih-aktivnosti\/#article\",\"isPartOf\":{\"@id\":\"https:\/\/tuzlainfo.ba\/index.php\/najava-dogadaja-2\/item\/177224-11-juli-u-tuzli-planrno-nekoliko-razlicitih-aktivnosti\/\"},\"author\":{\"name\":\"Tuzla Info\",\"@id\":\"https:\/\/tuzlainfo.ba\/#\/schema\/person\/46cad4c57790cbc50781edd14870825a\"},\"headline\":\"&#8220;11. juli u Tuzli&#8221;: Planirano nekoliko razli\u010ditih aktivnosti\",\"datePublished\":\"2022-07-04T18:00:20+00:00\",\"dateModified\":\"2022-07-04T19:19:46+00:00\",\"mainEntityOfPage\":{\"@id\":\"https:\/\/tuzlainfo.ba\/index.php\/najava-dogadaja-2\/item\/177224-11-juli-u-tuzli-planrno-nekoliko-razlicitih-aktivnosti\/\"},\"wordCount\":240,\"commentCount\":0,\"publisher\":{\"@id\":\"https:\/\/tuzlainfo.ba\/#organization\"},\"image\":{\"@id\":\"https:\/\/tuzlainfo.ba\/index.php\/najava-dogadaja-2\/item\/177224-11-juli-u-tuzli-planrno-nekoliko-razlicitih-aktivnosti\/#primaryimage\"},\"thumbnailUrl\":\"https:\/\/tuzlainfo.ba\/wp-content\/uploads\/2022\/07\/inbound4776585400503718465.jpg\",\"keywords\":[\"11. juli\",\"medzlis IZ Tuzla\"],\"articleSection\":[\"Najave i doga\u0111aji\"],\"inLanguage\":\"bs-BA\"},{\"@type\":\"WebPage\",\"@id\":\"https:\/\/tuzlainfo.ba\/index.php\/najava-dogadaja-2\/item\/177224-11-juli-u-tuzli-planrno-nekoliko-razlicitih-aktivnosti\/\",\"url\":\"https:\/\/tuzlainfo.ba\/index.php\/najava-dogadaja-2\/item\/177224-11-juli-u-tuzli-planrno-nekoliko-razlicitih-aktivnosti\/\",\"name\":\"\\\"11. juli u Tuzli\\\": Planirano nekoliko razli\u010ditih aktivnosti - TuzlaInfo.ba\",\"isPartOf\":{\"@id\":\"https:\/\/tuzlainfo.ba\/#website\"},\"primaryImageOfPage\":{\"@id\":\"https:\/\/tuzlainfo.ba\/index.php\/najava-dogadaja-2\/item\/177224-11-juli-u-tuzli-planrno-nekoliko-razlicitih-aktivnosti\/#primaryimage\"},\"image\":{\"@id\":\"https:\/\/tuzlainfo.ba\/index.php\/najava-dogadaja-2\/item\/177224-11-juli-u-tuzli-planrno-nekoliko-razlicitih-aktivnosti\/#primaryimage\"},\"thumbnailUrl\":\"https:\/\/tuzlainfo.ba\/wp-content\/uploads\/2022\/07\/inbound4776585400503718465.jpg\",\"datePublished\":\"2022-07-04T18:00:20+00:00\",\"dateModified\":\"2022-07-04T19:19:46+00:00\",\"breadcrumb\":{\"@id\":\"https:\/\/tuzlainfo.ba\/index.php\/najava-dogadaja-2\/item\/177224-11-juli-u-tuzli-planrno-nekoliko-razlicitih-aktivnosti\/#breadcrumb\"},\"inLanguage\":\"bs-BA\",\"potentialAction\":[{\"@type\":\"ReadAction\",\"target\":[\"https:\/\/tuzlainfo.ba\/index.php\/najava-dogadaja-2\/item\/177224-11-juli-u-tuzli-planrno-nekoliko-razlicitih-aktivnosti\/\"]}]},{\"@type\":\"ImageObject\",\"inLanguage\":\"bs-BA\",\"@id\":\"https:\/\/tuzlainfo.ba\/index.php\/najava-dogadaja-2\/item\/177224-11-juli-u-tuzli-planrno-nekoliko-razlicitih-aktivnosti\/#primaryimage\",\"url\":\"https:\/\/tuzlainfo.ba\/wp-content\/uploads\/2022\/07\/inbound4776585400503718465.jpg\",\"contentUrl\":\"https:\/\/tuzlainfo.ba\/wp-content\/uploads\/2022\/07\/inbound4776585400503718465.jpg\",\"width\":1066,\"height\":875},{\"@type\":\"BreadcrumbList\",\"@id\":\"https:\/\/tuzlainfo.ba\/index.php\/najava-dogadaja-2\/item\/177224-11-juli-u-tuzli-planrno-nekoliko-razlicitih-aktivnosti\/#breadcrumb\",\"itemListElement\":[{\"@type\":\"ListItem\",\"position\":1,\"name\":\"Home\",\"item\":\"https:\/\/tuzlainfo.ba\/\"},{\"@type\":\"ListItem\",\"position\":2,\"name\":\"&#8220;11. juli u Tuzli&#8221;: Planirano nekoliko razli\u010ditih aktivnosti\"}]},{\"@type\":\"WebSite\",\"@id\":\"https:\/\/tuzlainfo.ba\/#website\",\"url\":\"https:\/\/tuzlainfo.ba\/\",\"name\":\"TuzlaInfo.ba\",\"description\":\"Tuzla info, gradski informator - Tuzla na dlanu\",\"publisher\":{\"@id\":\"https:\/\/tuzlainfo.ba\/#organization\"},\"potentialAction\":[{\"@type\":\"SearchAction\",\"target\":{\"@type\":\"EntryPoint\",\"urlTemplate\":\"https:\/\/tuzlainfo.ba\/?s={search_term_string}\"},\"query-input\":{\"@type\":\"PropertyValueSpecification\",\"valueRequired\":true,\"valueName\":\"search_term_string\"}}],\"inLanguage\":\"bs-BA\"},{\"@type\":\"Organization\",\"@id\":\"https:\/\/tuzlainfo.ba\/#organization\",\"name\":\"TuzlaInfo.ba\",\"url\":\"https:\/\/tuzlainfo.ba\/\",\"logo\":{\"@type\":\"ImageObject\",\"inLanguage\":\"bs-BA\",\"@id\":\"https:\/\/tuzlainfo.ba\/#\/schema\/logo\/image\/\",\"url\":\"https:\/\/tuzlainfo.ba\/wp-content\/uploads\/2021\/03\/logo-ver-3-1.png\",\"contentUrl\":\"https:\/\/tuzlainfo.ba\/wp-content\/uploads\/2021\/03\/logo-ver-3-1.png\",\"width\":350,\"height\":95,\"caption\":\"TuzlaInfo.ba\"},\"image\":{\"@id\":\"https:\/\/tuzlainfo.ba\/#\/schema\/logo\/image\/\"},\"sameAs\":[\"https:\/\/www.facebook.com\/tuzlainfo.ba\/\"]},{\"@type\":\"Person\",\"@id\":\"https:\/\/tuzlainfo.ba\/#\/schema\/person\/46cad4c57790cbc50781edd14870825a\",\"name\":\"Tuzla Info\",\"image\":{\"@type\":\"ImageObject\",\"inLanguage\":\"bs-BA\",\"@id\":\"https:\/\/tuzlainfo.ba\/#\/schema\/person\/image\/\",\"url\":\"https:\/\/tuzlainfo.ba\/wp-content\/litespeed\/avatar\/b6c453a6c38e3654f2e4416c643fc25c.jpg?ver=1777051911\",\"contentUrl\":\"https:\/\/tuzlainfo.ba\/wp-content\/litespeed\/avatar\/b6c453a6c38e3654f2e4416c643fc25c.jpg?ver=1777051911\",\"caption\":\"Tuzla Info\"}}]}<\/script>\n<!-- \/ Yoast SEO plugin. -->","yoast_head_json":{"title":"\"11. juli u Tuzli\": Planirano nekoliko razli\u010ditih aktivnosti - TuzlaInfo.ba","robots":{"index":"index","follow":"follow","max-snippet":"max-snippet:-1","max-image-preview":"max-image-preview:large","max-video-preview":"max-video-preview:-1"},"canonical":"https:\/\/tuzlainfo.ba\/index.php\/najava-dogadaja-2\/item\/177224-11-juli-u-tuzli-planrno-nekoliko-razlicitih-aktivnosti\/","og_locale":"bs_BA","og_type":"article","og_title":"\"11. juli u Tuzli\": Planirano nekoliko razli\u010ditih aktivnosti - TuzlaInfo.ba","og_description":"Med\u017elis Islamske zajednice Tuzla i ove godine povodom 11. jula, Dana sje\u0107anja na Genocid u&hellip;","og_url":"https:\/\/tuzlainfo.ba\/index.php\/najava-dogadaja-2\/item\/177224-11-juli-u-tuzli-planrno-nekoliko-razlicitih-aktivnosti\/","og_site_name":"TuzlaInfo.ba","article_publisher":"https:\/\/www.facebook.com\/tuzlainfo.ba\/","article_published_time":"2022-07-04T18:00:20+00:00","article_modified_time":"2022-07-04T19:19:46+00:00","og_image":[{"width":1066,"height":875,"url":"https:\/\/tuzlainfo.ba\/wp-content\/uploads\/2022\/07\/inbound4776585400503718465.jpg","type":"image\/jpeg"}],"author":"Tuzla Info","twitter_card":"summary_large_image","twitter_misc":{"Written by":"Tuzla Info","Est. reading time":"1 minuta"},"schema":{"@context":"https:\/\/schema.org","@graph":[{"@type":"Article","@id":"https:\/\/tuzlainfo.ba\/index.php\/najava-dogadaja-2\/item\/177224-11-juli-u-tuzli-planrno-nekoliko-razlicitih-aktivnosti\/#article","isPartOf":{"@id":"https:\/\/tuzlainfo.ba\/index.php\/najava-dogadaja-2\/item\/177224-11-juli-u-tuzli-planrno-nekoliko-razlicitih-aktivnosti\/"},"author":{"name":"Tuzla Info","@id":"https:\/\/tuzlainfo.ba\/#\/schema\/person\/46cad4c57790cbc50781edd14870825a"},"headline":"&#8220;11. juli u Tuzli&#8221;: Planirano nekoliko razli\u010ditih aktivnosti","datePublished":"2022-07-04T18:00:20+00:00","dateModified":"2022-07-04T19:19:46+00:00","mainEntityOfPage":{"@id":"https:\/\/tuzlainfo.ba\/index.php\/najava-dogadaja-2\/item\/177224-11-juli-u-tuzli-planrno-nekoliko-razlicitih-aktivnosti\/"},"wordCount":240,"commentCount":0,"publisher":{"@id":"https:\/\/tuzlainfo.ba\/#organization"},"image":{"@id":"https:\/\/tuzlainfo.ba\/index.php\/najava-dogadaja-2\/item\/177224-11-juli-u-tuzli-planrno-nekoliko-razlicitih-aktivnosti\/#primaryimage"},"thumbnailUrl":"https:\/\/tuzlainfo.ba\/wp-content\/uploads\/2022\/07\/inbound4776585400503718465.jpg","keywords":["11. juli","medzlis IZ Tuzla"],"articleSection":["Najave i doga\u0111aji"],"inLanguage":"bs-BA"},{"@type":"WebPage","@id":"https:\/\/tuzlainfo.ba\/index.php\/najava-dogadaja-2\/item\/177224-11-juli-u-tuzli-planrno-nekoliko-razlicitih-aktivnosti\/","url":"https:\/\/tuzlainfo.ba\/index.php\/najava-dogadaja-2\/item\/177224-11-juli-u-tuzli-planrno-nekoliko-razlicitih-aktivnosti\/","name":"\"11. juli u Tuzli\": Planirano nekoliko razli\u010ditih aktivnosti - TuzlaInfo.ba","isPartOf":{"@id":"https:\/\/tuzlainfo.ba\/#website"},"primaryImageOfPage":{"@id":"https:\/\/tuzlainfo.ba\/index.php\/najava-dogadaja-2\/item\/177224-11-juli-u-tuzli-planrno-nekoliko-razlicitih-aktivnosti\/#primaryimage"},"image":{"@id":"https:\/\/tuzlainfo.ba\/index.php\/najava-dogadaja-2\/item\/177224-11-juli-u-tuzli-planrno-nekoliko-razlicitih-aktivnosti\/#primaryimage"},"thumbnailUrl":"https:\/\/tuzlainfo.ba\/wp-content\/uploads\/2022\/07\/inbound4776585400503718465.jpg","datePublished":"2022-07-04T18:00:20+00:00","dateModified":"2022-07-04T19:19:46+00:00","breadcrumb":{"@id":"https:\/\/tuzlainfo.ba\/index.php\/najava-dogadaja-2\/item\/177224-11-juli-u-tuzli-planrno-nekoliko-razlicitih-aktivnosti\/#breadcrumb"},"inLanguage":"bs-BA","potentialAction":[{"@type":"ReadAction","target":["https:\/\/tuzlainfo.ba\/index.php\/najava-dogadaja-2\/item\/177224-11-juli-u-tuzli-planrno-nekoliko-razlicitih-aktivnosti\/"]}]},{"@type":"ImageObject","inLanguage":"bs-BA","@id":"https:\/\/tuzlainfo.ba\/index.php\/najava-dogadaja-2\/item\/177224-11-juli-u-tuzli-planrno-nekoliko-razlicitih-aktivnosti\/#primaryimage","url":"https:\/\/tuzlainfo.ba\/wp-content\/uploads\/2022\/07\/inbound4776585400503718465.jpg","contentUrl":"https:\/\/tuzlainfo.ba\/wp-content\/uploads\/2022\/07\/inbound4776585400503718465.jpg","width":1066,"height":875},{"@type":"BreadcrumbList","@id":"https:\/\/tuzlainfo.ba\/index.php\/najava-dogadaja-2\/item\/177224-11-juli-u-tuzli-planrno-nekoliko-razlicitih-aktivnosti\/#breadcrumb","itemListElement":[{"@type":"ListItem","position":1,"name":"Home","item":"https:\/\/tuzlainfo.ba\/"},{"@type":"ListItem","position":2,"name":"&#8220;11. juli u Tuzli&#8221;: Planirano nekoliko razli\u010ditih aktivnosti"}]},{"@type":"WebSite","@id":"https:\/\/tuzlainfo.ba\/#website","url":"https:\/\/tuzlainfo.ba\/","name":"TuzlaInfo.ba","description":"Tuzla info, gradski informator - Tuzla na dlanu","publisher":{"@id":"https:\/\/tuzlainfo.ba\/#organization"},"potentialAction":[{"@type":"SearchAction","target":{"@type":"EntryPoint","urlTemplate":"https:\/\/tuzlainfo.ba\/?s={search_term_string}"},"query-input":{"@type":"PropertyValueSpecification","valueRequired":true,"valueName":"search_term_string"}}],"inLanguage":"bs-BA"},{"@type":"Organization","@id":"https:\/\/tuzlainfo.ba\/#organization","name":"TuzlaInfo.ba","url":"https:\/\/tuzlainfo.ba\/","logo":{"@type":"ImageObject","inLanguage":"bs-BA","@id":"https:\/\/tuzlainfo.ba\/#\/schema\/logo\/image\/","url":"https:\/\/tuzlainfo.ba\/wp-content\/uploads\/2021\/03\/logo-ver-3-1.png","contentUrl":"https:\/\/tuzlainfo.ba\/wp-content\/uploads\/2021\/03\/logo-ver-3-1.png","width":350,"height":95,"caption":"TuzlaInfo.ba"},"image":{"@id":"https:\/\/tuzlainfo.ba\/#\/schema\/logo\/image\/"},"sameAs":["https:\/\/www.facebook.com\/tuzlainfo.ba\/"]},{"@type":"Person","@id":"https:\/\/tuzlainfo.ba\/#\/schema\/person\/46cad4c57790cbc50781edd14870825a","name":"Tuzla Info","image":{"@type":"ImageObject","inLanguage":"bs-BA","@id":"https:\/\/tuzlainfo.ba\/#\/schema\/person\/image\/","url":"https:\/\/tuzlainfo.ba\/wp-content\/litespeed\/avatar\/b6c453a6c38e3654f2e4416c643fc25c.jpg?ver=1777051911","contentUrl":"https:\/\/tuzlainfo.ba\/wp-content\/litespeed\/avatar\/b6c453a6c38e3654f2e4416c643fc25c.jpg?ver=1777051911","caption":"Tuzla Info"}}]}},"_links":{"self":[{"href":"https:\/\/tuzlainfo.ba\/index.php\/wp-json\/wp\/v2\/posts\/177224"}],"collection":[{"href":"https:\/\/tuzlainfo.ba\/index.php\/wp-json\/wp\/v2\/posts"}],"about":[{"href":"https:\/\/tuzlainfo.ba\/index.php\/wp-json\/wp\/v2\/types\/post"}],"author":[{"embeddable":true,"href":"https:\/\/tuzlainfo.ba\/index.php\/wp-json\/wp\/v2\/users\/4"}],"replies":[{"embeddable":true,"href":"https:\/\/tuzlainfo.ba\/index.php\/wp-json\/wp\/v2\/comments?post=177224"}],"version-history":[{"count":0,"href":"https:\/\/tuzlainfo.ba\/index.php\/wp-json\/wp\/v2\/posts\/177224\/revisions"}],"wp:featuredmedia":[{"embeddable":true,"href":"https:\/\/tuzlainfo.ba\/index.php\/wp-json\/wp\/v2\/media\/177229"}],"wp:attachment":[{"href":"https:\/\/tuzlainfo.ba\/index.php\/wp-json\/wp\/v2\/media?parent=177224"}],"wp:term":[{"taxonomy":"category","embeddable":true,"href":"https:\/\/tuzlainfo.ba\/index.php\/wp-json\/wp\/v2\/categories?post=177224"},{"taxonomy":"post_tag","embeddable":true,"href":"https:\/\/tuzlainfo.ba\/index.php\/wp-json\/wp\/v2\/tags?post=177224"}],"curies":[{"name":"wp","href":"https:\/\/api.w.org\/{rel}","templated":true}]}}