{"id":176903,"date":"2022-07-01T12:00:12","date_gmt":"2022-07-01T10:00:12","guid":{"rendered":"https:\/\/tuzlainfo.ba\/?p=176903"},"modified":"2022-07-01T09:55:47","modified_gmt":"2022-07-01T07:55:47","slug":"od-danas-u-bih-ponovo-skuplje-cigarete-novo-poskupljenje-sredinom-jula","status":"publish","type":"post","link":"https:\/\/tuzlainfo.ba\/index.php\/bosna-i-hercegovina\/item\/176903-od-danas-u-bih-ponovo-skuplje-cigarete-novo-poskupljenje-sredinom-jula\/","title":{"rendered":"Od danas u BiH ponovo skuplje cigarete, novo poskupljenje sredinom jula"},"content":{"rendered":"<p class=\"western\" align=\"left\">Nakon \u0161to su pove\u0107ane maloprodajne cijene za 34 vrste cigareta\u00a0 20.juna, od danas su vi\u0161e za jo\u0161 10 vrsta cigareta. Cijene su vi\u0161e za 10 do 20 pfeninga. Poskupljenje za jo\u0161 28 vrsta cigareta najavljeno je za 18. juli.<\/p>\n<p class=\"western\" align=\"left\">\u201cSvi veliki proizvo\u0111a\u010di i distributeri cigareta u na\u0161oj zemlji mogu bilo kada u toku godine izvr\u0161iti pove\u0107anje maloprodajnih cijena cigareta s tim da u te nove cijene moraju biti uklju\u010dene va\u017ee\u0107e akcize, odnosno posebni porezi. Prema trenutno va\u017ee\u0107im propisima po paklici cigareta pla\u0107a se proporcionalna akciza u visini 42 posto maloprodajne cijene cigareta i fiksan akciza u iznosu 1,65 KM po paklici ciagreta\u201d \u2013 rekao je za RTV Slon Ratko Kova\u010devi\u0107, glasnogovornik UIO BIH<\/p>\n","protected":false},"excerpt":{"rendered":"<p>Nakon \u0161to su pove\u0107ane maloprodajne cijene za 34 vrste cigareta\u00a0 20.juna, od danas su vi\u0161e&hellip;<\/p>\n","protected":false},"author":4,"featured_media":70508,"comment_status":"open","ping_status":"closed","sticky":false,"template":"","format":"standard","meta":{"_acf_changed":false,"footnotes":""},"categories":[291,304],"tags":[1927,1866],"acf":[],"yoast_head":"<!-- This site is optimized with the Yoast SEO plugin v23.5 - https:\/\/yoast.com\/wordpress\/plugins\/seo\/ -->\n<title>Od danas u BiH ponovo skuplje cigarete, novo poskupljenje sredinom jula - TuzlaInfo.ba<\/title>\n<meta name=\"robots\" content=\"index, follow, max-snippet:-1, max-image-preview:large, max-video-preview:-1\" \/>\n<link rel=\"canonical\" href=\"https:\/\/tuzlainfo.ba\/index.php\/bosna-i-hercegovina\/item\/176903-od-danas-u-bih-ponovo-skuplje-cigarete-novo-poskupljenje-sredinom-jula\/\" \/>\n<meta property=\"og:locale\" content=\"bs_BA\" \/>\n<meta property=\"og:type\" content=\"article\" \/>\n<meta property=\"og:title\" content=\"Od danas u BiH ponovo skuplje cigarete, novo poskupljenje sredinom jula - TuzlaInfo.ba\" \/>\n<meta property=\"og:description\" content=\"Nakon \u0161to su pove\u0107ane maloprodajne cijene za 34 vrste cigareta\u00a0 20.juna, od danas su vi\u0161e&hellip;\" \/>\n<meta property=\"og:url\" content=\"https:\/\/tuzlainfo.ba\/index.php\/bosna-i-hercegovina\/item\/176903-od-danas-u-bih-ponovo-skuplje-cigarete-novo-poskupljenje-sredinom-jula\/\" \/>\n<meta property=\"og:site_name\" content=\"TuzlaInfo.ba\" \/>\n<meta property=\"article:publisher\" content=\"https:\/\/www.facebook.com\/tuzlainfo.ba\/\" \/>\n<meta property=\"article:published_time\" content=\"2022-07-01T10:00:12+00:00\" \/>\n<meta property=\"article:modified_time\" content=\"2022-07-01T07:55:47+00:00\" \/>\n<meta property=\"og:image\" content=\"https:\/\/tuzlainfo.ba\/wp-content\/uploads\/2019\/05\/sadrzaj_2019_20190501_3105_cigareta.jpg\" \/>\n\t<meta property=\"og:image:width\" content=\"770\" \/>\n\t<meta property=\"og:image:height\" content=\"442\" \/>\n\t<meta property=\"og:image:type\" content=\"image\/jpeg\" \/>\n<meta name=\"author\" content=\"Tuzla Info\" \/>\n<meta name=\"twitter:card\" content=\"summary_large_image\" \/>\n<meta name=\"twitter:label1\" content=\"Written by\" \/>\n\t<meta name=\"twitter:data1\" content=\"Tuzla Info\" \/>\n\t<meta name=\"twitter:label2\" content=\"Est. reading time\" \/>\n\t<meta name=\"twitter:data2\" content=\"1 minuta\" \/>\n<script type=\"application\/ld+json\" class=\"yoast-schema-graph\">{\"@context\":\"https:\/\/schema.org\",\"@graph\":[{\"@type\":\"Article\",\"@id\":\"https:\/\/tuzlainfo.ba\/index.php\/bosna-i-hercegovina\/item\/176903-od-danas-u-bih-ponovo-skuplje-cigarete-novo-poskupljenje-sredinom-jula\/#article\",\"isPartOf\":{\"@id\":\"https:\/\/tuzlainfo.ba\/index.php\/bosna-i-hercegovina\/item\/176903-od-danas-u-bih-ponovo-skuplje-cigarete-novo-poskupljenje-sredinom-jula\/\"},\"author\":{\"name\":\"Tuzla Info\",\"@id\":\"https:\/\/tuzlainfo.ba\/#\/schema\/person\/46cad4c57790cbc50781edd14870825a\"},\"headline\":\"Od danas u BiH ponovo skuplje cigarete, novo poskupljenje sredinom jula\",\"datePublished\":\"2022-07-01T10:00:12+00:00\",\"dateModified\":\"2022-07-01T07:55:47+00:00\",\"mainEntityOfPage\":{\"@id\":\"https:\/\/tuzlainfo.ba\/index.php\/bosna-i-hercegovina\/item\/176903-od-danas-u-bih-ponovo-skuplje-cigarete-novo-poskupljenje-sredinom-jula\/\"},\"wordCount\":130,\"commentCount\":0,\"publisher\":{\"@id\":\"https:\/\/tuzlainfo.ba\/#organization\"},\"image\":{\"@id\":\"https:\/\/tuzlainfo.ba\/index.php\/bosna-i-hercegovina\/item\/176903-od-danas-u-bih-ponovo-skuplje-cigarete-novo-poskupljenje-sredinom-jula\/#primaryimage\"},\"thumbnailUrl\":\"https:\/\/tuzlainfo.ba\/wp-content\/uploads\/2019\/05\/sadrzaj_2019_20190501_3105_cigareta.jpg\",\"keywords\":[\"cigarete\",\"poskupljenje\"],\"articleSection\":[\"Bosna i Hercegovina\",\"Istaknuto\"],\"inLanguage\":\"bs-BA\"},{\"@type\":\"WebPage\",\"@id\":\"https:\/\/tuzlainfo.ba\/index.php\/bosna-i-hercegovina\/item\/176903-od-danas-u-bih-ponovo-skuplje-cigarete-novo-poskupljenje-sredinom-jula\/\",\"url\":\"https:\/\/tuzlainfo.ba\/index.php\/bosna-i-hercegovina\/item\/176903-od-danas-u-bih-ponovo-skuplje-cigarete-novo-poskupljenje-sredinom-jula\/\",\"name\":\"Od danas u BiH ponovo skuplje cigarete, novo poskupljenje sredinom jula - TuzlaInfo.ba\",\"isPartOf\":{\"@id\":\"https:\/\/tuzlainfo.ba\/#website\"},\"primaryImageOfPage\":{\"@id\":\"https:\/\/tuzlainfo.ba\/index.php\/bosna-i-hercegovina\/item\/176903-od-danas-u-bih-ponovo-skuplje-cigarete-novo-poskupljenje-sredinom-jula\/#primaryimage\"},\"image\":{\"@id\":\"https:\/\/tuzlainfo.ba\/index.php\/bosna-i-hercegovina\/item\/176903-od-danas-u-bih-ponovo-skuplje-cigarete-novo-poskupljenje-sredinom-jula\/#primaryimage\"},\"thumbnailUrl\":\"https:\/\/tuzlainfo.ba\/wp-content\/uploads\/2019\/05\/sadrzaj_2019_20190501_3105_cigareta.jpg\",\"datePublished\":\"2022-07-01T10:00:12+00:00\",\"dateModified\":\"2022-07-01T07:55:47+00:00\",\"breadcrumb\":{\"@id\":\"https:\/\/tuzlainfo.ba\/index.php\/bosna-i-hercegovina\/item\/176903-od-danas-u-bih-ponovo-skuplje-cigarete-novo-poskupljenje-sredinom-jula\/#breadcrumb\"},\"inLanguage\":\"bs-BA\",\"potentialAction\":[{\"@type\":\"ReadAction\",\"target\":[\"https:\/\/tuzlainfo.ba\/index.php\/bosna-i-hercegovina\/item\/176903-od-danas-u-bih-ponovo-skuplje-cigarete-novo-poskupljenje-sredinom-jula\/\"]}]},{\"@type\":\"ImageObject\",\"inLanguage\":\"bs-BA\",\"@id\":\"https:\/\/tuzlainfo.ba\/index.php\/bosna-i-hercegovina\/item\/176903-od-danas-u-bih-ponovo-skuplje-cigarete-novo-poskupljenje-sredinom-jula\/#primaryimage\",\"url\":\"https:\/\/tuzlainfo.ba\/wp-content\/uploads\/2019\/05\/sadrzaj_2019_20190501_3105_cigareta.jpg\",\"contentUrl\":\"https:\/\/tuzlainfo.ba\/wp-content\/uploads\/2019\/05\/sadrzaj_2019_20190501_3105_cigareta.jpg\",\"width\":770,\"height\":442,\"caption\":\"3105 cigareta\"},{\"@type\":\"BreadcrumbList\",\"@id\":\"https:\/\/tuzlainfo.ba\/index.php\/bosna-i-hercegovina\/item\/176903-od-danas-u-bih-ponovo-skuplje-cigarete-novo-poskupljenje-sredinom-jula\/#breadcrumb\",\"itemListElement\":[{\"@type\":\"ListItem\",\"position\":1,\"name\":\"Home\",\"item\":\"https:\/\/tuzlainfo.ba\/\"},{\"@type\":\"ListItem\",\"position\":2,\"name\":\"Od danas u BiH ponovo skuplje cigarete, novo poskupljenje sredinom jula\"}]},{\"@type\":\"WebSite\",\"@id\":\"https:\/\/tuzlainfo.ba\/#website\",\"url\":\"https:\/\/tuzlainfo.ba\/\",\"name\":\"TuzlaInfo.ba\",\"description\":\"Tuzla info, gradski informator - Tuzla na dlanu\",\"publisher\":{\"@id\":\"https:\/\/tuzlainfo.ba\/#organization\"},\"potentialAction\":[{\"@type\":\"SearchAction\",\"target\":{\"@type\":\"EntryPoint\",\"urlTemplate\":\"https:\/\/tuzlainfo.ba\/?s={search_term_string}\"},\"query-input\":{\"@type\":\"PropertyValueSpecification\",\"valueRequired\":true,\"valueName\":\"search_term_string\"}}],\"inLanguage\":\"bs-BA\"},{\"@type\":\"Organization\",\"@id\":\"https:\/\/tuzlainfo.ba\/#organization\",\"name\":\"TuzlaInfo.ba\",\"url\":\"https:\/\/tuzlainfo.ba\/\",\"logo\":{\"@type\":\"ImageObject\",\"inLanguage\":\"bs-BA\",\"@id\":\"https:\/\/tuzlainfo.ba\/#\/schema\/logo\/image\/\",\"url\":\"https:\/\/tuzlainfo.ba\/wp-content\/uploads\/2021\/03\/logo-ver-3-1.png\",\"contentUrl\":\"https:\/\/tuzlainfo.ba\/wp-content\/uploads\/2021\/03\/logo-ver-3-1.png\",\"width\":350,\"height\":95,\"caption\":\"TuzlaInfo.ba\"},\"image\":{\"@id\":\"https:\/\/tuzlainfo.ba\/#\/schema\/logo\/image\/\"},\"sameAs\":[\"https:\/\/www.facebook.com\/tuzlainfo.ba\/\"]},{\"@type\":\"Person\",\"@id\":\"https:\/\/tuzlainfo.ba\/#\/schema\/person\/46cad4c57790cbc50781edd14870825a\",\"name\":\"Tuzla Info\",\"image\":{\"@type\":\"ImageObject\",\"inLanguage\":\"bs-BA\",\"@id\":\"https:\/\/tuzlainfo.ba\/#\/schema\/person\/image\/\",\"url\":\"https:\/\/tuzlainfo.ba\/wp-content\/litespeed\/avatar\/b6c453a6c38e3654f2e4416c643fc25c.jpg?ver=1777051911\",\"contentUrl\":\"https:\/\/tuzlainfo.ba\/wp-content\/litespeed\/avatar\/b6c453a6c38e3654f2e4416c643fc25c.jpg?ver=1777051911\",\"caption\":\"Tuzla Info\"}}]}<\/script>\n<!-- \/ Yoast SEO plugin. -->","yoast_head_json":{"title":"Od danas u BiH ponovo skuplje cigarete, novo poskupljenje sredinom jula - TuzlaInfo.ba","robots":{"index":"index","follow":"follow","max-snippet":"max-snippet:-1","max-image-preview":"max-image-preview:large","max-video-preview":"max-video-preview:-1"},"canonical":"https:\/\/tuzlainfo.ba\/index.php\/bosna-i-hercegovina\/item\/176903-od-danas-u-bih-ponovo-skuplje-cigarete-novo-poskupljenje-sredinom-jula\/","og_locale":"bs_BA","og_type":"article","og_title":"Od danas u BiH ponovo skuplje cigarete, novo poskupljenje sredinom jula - TuzlaInfo.ba","og_description":"Nakon \u0161to su pove\u0107ane maloprodajne cijene za 34 vrste cigareta\u00a0 20.juna, od danas su vi\u0161e&hellip;","og_url":"https:\/\/tuzlainfo.ba\/index.php\/bosna-i-hercegovina\/item\/176903-od-danas-u-bih-ponovo-skuplje-cigarete-novo-poskupljenje-sredinom-jula\/","og_site_name":"TuzlaInfo.ba","article_publisher":"https:\/\/www.facebook.com\/tuzlainfo.ba\/","article_published_time":"2022-07-01T10:00:12+00:00","article_modified_time":"2022-07-01T07:55:47+00:00","og_image":[{"width":770,"height":442,"url":"https:\/\/tuzlainfo.ba\/wp-content\/uploads\/2019\/05\/sadrzaj_2019_20190501_3105_cigareta.jpg","type":"image\/jpeg"}],"author":"Tuzla Info","twitter_card":"summary_large_image","twitter_misc":{"Written by":"Tuzla Info","Est. reading time":"1 minuta"},"schema":{"@context":"https:\/\/schema.org","@graph":[{"@type":"Article","@id":"https:\/\/tuzlainfo.ba\/index.php\/bosna-i-hercegovina\/item\/176903-od-danas-u-bih-ponovo-skuplje-cigarete-novo-poskupljenje-sredinom-jula\/#article","isPartOf":{"@id":"https:\/\/tuzlainfo.ba\/index.php\/bosna-i-hercegovina\/item\/176903-od-danas-u-bih-ponovo-skuplje-cigarete-novo-poskupljenje-sredinom-jula\/"},"author":{"name":"Tuzla Info","@id":"https:\/\/tuzlainfo.ba\/#\/schema\/person\/46cad4c57790cbc50781edd14870825a"},"headline":"Od danas u BiH ponovo skuplje cigarete, novo poskupljenje sredinom jula","datePublished":"2022-07-01T10:00:12+00:00","dateModified":"2022-07-01T07:55:47+00:00","mainEntityOfPage":{"@id":"https:\/\/tuzlainfo.ba\/index.php\/bosna-i-hercegovina\/item\/176903-od-danas-u-bih-ponovo-skuplje-cigarete-novo-poskupljenje-sredinom-jula\/"},"wordCount":130,"commentCount":0,"publisher":{"@id":"https:\/\/tuzlainfo.ba\/#organization"},"image":{"@id":"https:\/\/tuzlainfo.ba\/index.php\/bosna-i-hercegovina\/item\/176903-od-danas-u-bih-ponovo-skuplje-cigarete-novo-poskupljenje-sredinom-jula\/#primaryimage"},"thumbnailUrl":"https:\/\/tuzlainfo.ba\/wp-content\/uploads\/2019\/05\/sadrzaj_2019_20190501_3105_cigareta.jpg","keywords":["cigarete","poskupljenje"],"articleSection":["Bosna i Hercegovina","Istaknuto"],"inLanguage":"bs-BA"},{"@type":"WebPage","@id":"https:\/\/tuzlainfo.ba\/index.php\/bosna-i-hercegovina\/item\/176903-od-danas-u-bih-ponovo-skuplje-cigarete-novo-poskupljenje-sredinom-jula\/","url":"https:\/\/tuzlainfo.ba\/index.php\/bosna-i-hercegovina\/item\/176903-od-danas-u-bih-ponovo-skuplje-cigarete-novo-poskupljenje-sredinom-jula\/","name":"Od danas u BiH ponovo skuplje cigarete, novo poskupljenje sredinom jula - TuzlaInfo.ba","isPartOf":{"@id":"https:\/\/tuzlainfo.ba\/#website"},"primaryImageOfPage":{"@id":"https:\/\/tuzlainfo.ba\/index.php\/bosna-i-hercegovina\/item\/176903-od-danas-u-bih-ponovo-skuplje-cigarete-novo-poskupljenje-sredinom-jula\/#primaryimage"},"image":{"@id":"https:\/\/tuzlainfo.ba\/index.php\/bosna-i-hercegovina\/item\/176903-od-danas-u-bih-ponovo-skuplje-cigarete-novo-poskupljenje-sredinom-jula\/#primaryimage"},"thumbnailUrl":"https:\/\/tuzlainfo.ba\/wp-content\/uploads\/2019\/05\/sadrzaj_2019_20190501_3105_cigareta.jpg","datePublished":"2022-07-01T10:00:12+00:00","dateModified":"2022-07-01T07:55:47+00:00","breadcrumb":{"@id":"https:\/\/tuzlainfo.ba\/index.php\/bosna-i-hercegovina\/item\/176903-od-danas-u-bih-ponovo-skuplje-cigarete-novo-poskupljenje-sredinom-jula\/#breadcrumb"},"inLanguage":"bs-BA","potentialAction":[{"@type":"ReadAction","target":["https:\/\/tuzlainfo.ba\/index.php\/bosna-i-hercegovina\/item\/176903-od-danas-u-bih-ponovo-skuplje-cigarete-novo-poskupljenje-sredinom-jula\/"]}]},{"@type":"ImageObject","inLanguage":"bs-BA","@id":"https:\/\/tuzlainfo.ba\/index.php\/bosna-i-hercegovina\/item\/176903-od-danas-u-bih-ponovo-skuplje-cigarete-novo-poskupljenje-sredinom-jula\/#primaryimage","url":"https:\/\/tuzlainfo.ba\/wp-content\/uploads\/2019\/05\/sadrzaj_2019_20190501_3105_cigareta.jpg","contentUrl":"https:\/\/tuzlainfo.ba\/wp-content\/uploads\/2019\/05\/sadrzaj_2019_20190501_3105_cigareta.jpg","width":770,"height":442,"caption":"3105 cigareta"},{"@type":"BreadcrumbList","@id":"https:\/\/tuzlainfo.ba\/index.php\/bosna-i-hercegovina\/item\/176903-od-danas-u-bih-ponovo-skuplje-cigarete-novo-poskupljenje-sredinom-jula\/#breadcrumb","itemListElement":[{"@type":"ListItem","position":1,"name":"Home","item":"https:\/\/tuzlainfo.ba\/"},{"@type":"ListItem","position":2,"name":"Od danas u BiH ponovo skuplje cigarete, novo poskupljenje sredinom jula"}]},{"@type":"WebSite","@id":"https:\/\/tuzlainfo.ba\/#website","url":"https:\/\/tuzlainfo.ba\/","name":"TuzlaInfo.ba","description":"Tuzla info, gradski informator - Tuzla na dlanu","publisher":{"@id":"https:\/\/tuzlainfo.ba\/#organization"},"potentialAction":[{"@type":"SearchAction","target":{"@type":"EntryPoint","urlTemplate":"https:\/\/tuzlainfo.ba\/?s={search_term_string}"},"query-input":{"@type":"PropertyValueSpecification","valueRequired":true,"valueName":"search_term_string"}}],"inLanguage":"bs-BA"},{"@type":"Organization","@id":"https:\/\/tuzlainfo.ba\/#organization","name":"TuzlaInfo.ba","url":"https:\/\/tuzlainfo.ba\/","logo":{"@type":"ImageObject","inLanguage":"bs-BA","@id":"https:\/\/tuzlainfo.ba\/#\/schema\/logo\/image\/","url":"https:\/\/tuzlainfo.ba\/wp-content\/uploads\/2021\/03\/logo-ver-3-1.png","contentUrl":"https:\/\/tuzlainfo.ba\/wp-content\/uploads\/2021\/03\/logo-ver-3-1.png","width":350,"height":95,"caption":"TuzlaInfo.ba"},"image":{"@id":"https:\/\/tuzlainfo.ba\/#\/schema\/logo\/image\/"},"sameAs":["https:\/\/www.facebook.com\/tuzlainfo.ba\/"]},{"@type":"Person","@id":"https:\/\/tuzlainfo.ba\/#\/schema\/person\/46cad4c57790cbc50781edd14870825a","name":"Tuzla Info","image":{"@type":"ImageObject","inLanguage":"bs-BA","@id":"https:\/\/tuzlainfo.ba\/#\/schema\/person\/image\/","url":"https:\/\/tuzlainfo.ba\/wp-content\/litespeed\/avatar\/b6c453a6c38e3654f2e4416c643fc25c.jpg?ver=1777051911","contentUrl":"https:\/\/tuzlainfo.ba\/wp-content\/litespeed\/avatar\/b6c453a6c38e3654f2e4416c643fc25c.jpg?ver=1777051911","caption":"Tuzla Info"}}]}},"_links":{"self":[{"href":"https:\/\/tuzlainfo.ba\/index.php\/wp-json\/wp\/v2\/posts\/176903"}],"collection":[{"href":"https:\/\/tuzlainfo.ba\/index.php\/wp-json\/wp\/v2\/posts"}],"about":[{"href":"https:\/\/tuzlainfo.ba\/index.php\/wp-json\/wp\/v2\/types\/post"}],"author":[{"embeddable":true,"href":"https:\/\/tuzlainfo.ba\/index.php\/wp-json\/wp\/v2\/users\/4"}],"replies":[{"embeddable":true,"href":"https:\/\/tuzlainfo.ba\/index.php\/wp-json\/wp\/v2\/comments?post=176903"}],"version-history":[{"count":0,"href":"https:\/\/tuzlainfo.ba\/index.php\/wp-json\/wp\/v2\/posts\/176903\/revisions"}],"wp:featuredmedia":[{"embeddable":true,"href":"https:\/\/tuzlainfo.ba\/index.php\/wp-json\/wp\/v2\/media\/70508"}],"wp:attachment":[{"href":"https:\/\/tuzlainfo.ba\/index.php\/wp-json\/wp\/v2\/media?parent=176903"}],"wp:term":[{"taxonomy":"category","embeddable":true,"href":"https:\/\/tuzlainfo.ba\/index.php\/wp-json\/wp\/v2\/categories?post=176903"},{"taxonomy":"post_tag","embeddable":true,"href":"https:\/\/tuzlainfo.ba\/index.php\/wp-json\/wp\/v2\/tags?post=176903"}],"curies":[{"name":"wp","href":"https:\/\/api.w.org\/{rel}","templated":true}]}}