{"id":176554,"date":"2022-06-27T21:45:38","date_gmt":"2022-06-27T19:45:38","guid":{"rendered":"https:\/\/tuzlainfo.ba\/?p=176554"},"modified":"2022-06-27T21:50:47","modified_gmt":"2022-06-27T19:50:47","slug":"ja-volim-bih-na-limitiranoj-kolekciji-nutelle-nalaze-se-ljepote-bosne-i-hercegovine","status":"publish","type":"post","link":"https:\/\/tuzlainfo.ba\/index.php\/uncategorized\/item\/176554-ja-volim-bih-na-limitiranoj-kolekciji-nutelle-nalaze-se-ljepote-bosne-i-hercegovine\/","title":{"rendered":"&#8220;Ja volim BiH&#8221;: Na limitiranoj kolekciji Nutelle nalaze se ljepote Bosne i Hercegovine"},"content":{"rendered":"<p>Fotografije prirodnih ljepota i kulturno-histirijskih znamentosti bosanskohercegova\u010dnog fotografa D\u017eenada D\u017eine iz Jablanice, nalaze se na limiranoj seriji popularnog Nutella namaza &#8221; Ja volim Bosnu i Hercegovinu&#8221;.<\/p>\n<p>To je na svojoj Facebook stranici ve\u010deras objavio spomenuti fotograf, pi\u0161e portal <a href=\"https:\/\/lifestyle.ba\/2022\/06\/27\/promocija-prirodnih-ljepota-fotografije-poznatog-bh-fotografa-na-teglama-nutelle\/\"><strong>Lifestyle.ba<\/strong><\/a>.<\/p>\n<p>&#8211; Po\u0161tovani pratioci. Imam za Vas jednu zaista sjajnu vijest. \u010cast mi je objaviti da se moje fotografije nalaze na pakovanjima najpoznatijeg svjetskog krema na svijetu, megabrenda Nutella. Saradnja sa Nutellom je jedna velika promocija prirodnih i kulturnih spomenika Bosne i Hercegovine i velika motivacija za moj daljni rad na promociji na\u0161e dr\u017eave &#8211; napisao je D\u017eino.<\/p>\n<p>Kako je naveo iza\u0161la je limitirana serija Nutella namaza &#8221; Ja volim Bosnu i Hercegovinu&#8221; koja se mo\u017ee na\u0107i u trgovinama \u0161irom Bosne i Hercegovine. Na pakovnjima Nutelle nalaze se gotografije Sarajeva, Mostra, Banja Luke, Travnika, Jablanice, Vjetrenice, Zelengore, \u0160ujice i Srebrenika.<\/p>\n<p><iframe style=\"border: none; overflow: hidden;\" src=\"https:\/\/www.facebook.com\/plugins\/post.php?href=https%3A%2F%2Fwww.facebook.com%2Fphoto.php%3Ffbid%3D577430570411310%26set%3Da.204737247680646%26type%3D3&amp;show_text=true&amp;width=500\" width=\"500\" height=\"498\" frameborder=\"0\" scrolling=\"no\" allowfullscreen=\"allowfullscreen\"><\/iframe><\/p>\n","protected":false},"excerpt":{"rendered":"<p>Fotografije prirodnih ljepota i kulturno-histirijskih znamentosti bosanskohercegova\u010dnog fotografa D\u017eenada D\u017eine iz Jablanice, nalaze se na&hellip;<\/p>\n","protected":false},"author":2,"featured_media":176555,"comment_status":"open","ping_status":"closed","sticky":false,"template":"","format":"standard","meta":{"_acf_changed":false,"footnotes":""},"categories":[292,1],"tags":[4944],"acf":[],"yoast_head":"<!-- This site is optimized with the Yoast SEO plugin v23.5 - https:\/\/yoast.com\/wordpress\/plugins\/seo\/ -->\n<title>&quot;Ja volim BiH&quot;: Na limitiranoj kolekciji Nutelle nalaze se ljepote Bosne i Hercegovine - TuzlaInfo.ba<\/title>\n<meta name=\"robots\" content=\"index, follow, max-snippet:-1, max-image-preview:large, max-video-preview:-1\" \/>\n<link rel=\"canonical\" href=\"https:\/\/tuzlainfo.ba\/index.php\/uncategorized\/item\/176554-ja-volim-bih-na-limitiranoj-kolekciji-nutelle-nalaze-se-ljepote-bosne-i-hercegovine\/\" \/>\n<meta property=\"og:locale\" content=\"bs_BA\" \/>\n<meta property=\"og:type\" content=\"article\" \/>\n<meta property=\"og:title\" content=\"&quot;Ja volim BiH&quot;: Na limitiranoj kolekciji Nutelle nalaze se ljepote Bosne i Hercegovine - TuzlaInfo.ba\" \/>\n<meta property=\"og:description\" content=\"Fotografije prirodnih ljepota i kulturno-histirijskih znamentosti bosanskohercegova\u010dnog fotografa D\u017eenada D\u017eine iz Jablanice, nalaze se na&hellip;\" \/>\n<meta property=\"og:url\" content=\"https:\/\/tuzlainfo.ba\/index.php\/uncategorized\/item\/176554-ja-volim-bih-na-limitiranoj-kolekciji-nutelle-nalaze-se-ljepote-bosne-i-hercegovine\/\" \/>\n<meta property=\"og:site_name\" content=\"TuzlaInfo.ba\" \/>\n<meta property=\"article:publisher\" content=\"https:\/\/www.facebook.com\/tuzlainfo.ba\/\" \/>\n<meta property=\"article:published_time\" content=\"2022-06-27T19:45:38+00:00\" \/>\n<meta property=\"article:modified_time\" content=\"2022-06-27T19:50:47+00:00\" \/>\n<meta property=\"og:image\" content=\"https:\/\/tuzlainfo.ba\/wp-content\/uploads\/2022\/06\/2706_nutella_bih.jpg\" \/>\n\t<meta property=\"og:image:width\" content=\"1121\" \/>\n\t<meta property=\"og:image:height\" content=\"744\" \/>\n\t<meta property=\"og:image:type\" content=\"image\/jpeg\" \/>\n<meta name=\"author\" content=\"nedim\" \/>\n<meta name=\"twitter:card\" content=\"summary_large_image\" \/>\n<meta name=\"twitter:label1\" content=\"Written by\" \/>\n\t<meta name=\"twitter:data1\" content=\"nedim\" \/>\n\t<meta name=\"twitter:label2\" content=\"Est. reading time\" \/>\n\t<meta name=\"twitter:data2\" content=\"1 minuta\" \/>\n<script type=\"application\/ld+json\" class=\"yoast-schema-graph\">{\"@context\":\"https:\/\/schema.org\",\"@graph\":[{\"@type\":\"Article\",\"@id\":\"https:\/\/tuzlainfo.ba\/index.php\/uncategorized\/item\/176554-ja-volim-bih-na-limitiranoj-kolekciji-nutelle-nalaze-se-ljepote-bosne-i-hercegovine\/#article\",\"isPartOf\":{\"@id\":\"https:\/\/tuzlainfo.ba\/index.php\/uncategorized\/item\/176554-ja-volim-bih-na-limitiranoj-kolekciji-nutelle-nalaze-se-ljepote-bosne-i-hercegovine\/\"},\"author\":{\"name\":\"nedim\",\"@id\":\"https:\/\/tuzlainfo.ba\/#\/schema\/person\/f434e20dc27ea133923aab08451b7f7f\"},\"headline\":\"&#8220;Ja volim BiH&#8221;: Na limitiranoj kolekciji Nutelle nalaze se ljepote Bosne i Hercegovine\",\"datePublished\":\"2022-06-27T19:45:38+00:00\",\"dateModified\":\"2022-06-27T19:50:47+00:00\",\"mainEntityOfPage\":{\"@id\":\"https:\/\/tuzlainfo.ba\/index.php\/uncategorized\/item\/176554-ja-volim-bih-na-limitiranoj-kolekciji-nutelle-nalaze-se-ljepote-bosne-i-hercegovine\/\"},\"wordCount\":162,\"commentCount\":0,\"publisher\":{\"@id\":\"https:\/\/tuzlainfo.ba\/#organization\"},\"image\":{\"@id\":\"https:\/\/tuzlainfo.ba\/index.php\/uncategorized\/item\/176554-ja-volim-bih-na-limitiranoj-kolekciji-nutelle-nalaze-se-ljepote-bosne-i-hercegovine\/#primaryimage\"},\"thumbnailUrl\":\"https:\/\/tuzlainfo.ba\/wp-content\/uploads\/2022\/06\/2706_nutella_bih.jpg\",\"keywords\":[\"nutella\"],\"articleSection\":[\"Magazin\",\"Uncategorized\"],\"inLanguage\":\"bs-BA\"},{\"@type\":\"WebPage\",\"@id\":\"https:\/\/tuzlainfo.ba\/index.php\/uncategorized\/item\/176554-ja-volim-bih-na-limitiranoj-kolekciji-nutelle-nalaze-se-ljepote-bosne-i-hercegovine\/\",\"url\":\"https:\/\/tuzlainfo.ba\/index.php\/uncategorized\/item\/176554-ja-volim-bih-na-limitiranoj-kolekciji-nutelle-nalaze-se-ljepote-bosne-i-hercegovine\/\",\"name\":\"\\\"Ja volim BiH\\\": Na limitiranoj kolekciji Nutelle nalaze se ljepote Bosne i Hercegovine - TuzlaInfo.ba\",\"isPartOf\":{\"@id\":\"https:\/\/tuzlainfo.ba\/#website\"},\"primaryImageOfPage\":{\"@id\":\"https:\/\/tuzlainfo.ba\/index.php\/uncategorized\/item\/176554-ja-volim-bih-na-limitiranoj-kolekciji-nutelle-nalaze-se-ljepote-bosne-i-hercegovine\/#primaryimage\"},\"image\":{\"@id\":\"https:\/\/tuzlainfo.ba\/index.php\/uncategorized\/item\/176554-ja-volim-bih-na-limitiranoj-kolekciji-nutelle-nalaze-se-ljepote-bosne-i-hercegovine\/#primaryimage\"},\"thumbnailUrl\":\"https:\/\/tuzlainfo.ba\/wp-content\/uploads\/2022\/06\/2706_nutella_bih.jpg\",\"datePublished\":\"2022-06-27T19:45:38+00:00\",\"dateModified\":\"2022-06-27T19:50:47+00:00\",\"breadcrumb\":{\"@id\":\"https:\/\/tuzlainfo.ba\/index.php\/uncategorized\/item\/176554-ja-volim-bih-na-limitiranoj-kolekciji-nutelle-nalaze-se-ljepote-bosne-i-hercegovine\/#breadcrumb\"},\"inLanguage\":\"bs-BA\",\"potentialAction\":[{\"@type\":\"ReadAction\",\"target\":[\"https:\/\/tuzlainfo.ba\/index.php\/uncategorized\/item\/176554-ja-volim-bih-na-limitiranoj-kolekciji-nutelle-nalaze-se-ljepote-bosne-i-hercegovine\/\"]}]},{\"@type\":\"ImageObject\",\"inLanguage\":\"bs-BA\",\"@id\":\"https:\/\/tuzlainfo.ba\/index.php\/uncategorized\/item\/176554-ja-volim-bih-na-limitiranoj-kolekciji-nutelle-nalaze-se-ljepote-bosne-i-hercegovine\/#primaryimage\",\"url\":\"https:\/\/tuzlainfo.ba\/wp-content\/uploads\/2022\/06\/2706_nutella_bih.jpg\",\"contentUrl\":\"https:\/\/tuzlainfo.ba\/wp-content\/uploads\/2022\/06\/2706_nutella_bih.jpg\",\"width\":1121,\"height\":744},{\"@type\":\"BreadcrumbList\",\"@id\":\"https:\/\/tuzlainfo.ba\/index.php\/uncategorized\/item\/176554-ja-volim-bih-na-limitiranoj-kolekciji-nutelle-nalaze-se-ljepote-bosne-i-hercegovine\/#breadcrumb\",\"itemListElement\":[{\"@type\":\"ListItem\",\"position\":1,\"name\":\"Home\",\"item\":\"https:\/\/tuzlainfo.ba\/\"},{\"@type\":\"ListItem\",\"position\":2,\"name\":\"&#8220;Ja volim BiH&#8221;: Na limitiranoj kolekciji Nutelle nalaze se ljepote Bosne i Hercegovine\"}]},{\"@type\":\"WebSite\",\"@id\":\"https:\/\/tuzlainfo.ba\/#website\",\"url\":\"https:\/\/tuzlainfo.ba\/\",\"name\":\"TuzlaInfo.ba\",\"description\":\"Tuzla info, gradski informator - Tuzla na dlanu\",\"publisher\":{\"@id\":\"https:\/\/tuzlainfo.ba\/#organization\"},\"potentialAction\":[{\"@type\":\"SearchAction\",\"target\":{\"@type\":\"EntryPoint\",\"urlTemplate\":\"https:\/\/tuzlainfo.ba\/?s={search_term_string}\"},\"query-input\":{\"@type\":\"PropertyValueSpecification\",\"valueRequired\":true,\"valueName\":\"search_term_string\"}}],\"inLanguage\":\"bs-BA\"},{\"@type\":\"Organization\",\"@id\":\"https:\/\/tuzlainfo.ba\/#organization\",\"name\":\"TuzlaInfo.ba\",\"url\":\"https:\/\/tuzlainfo.ba\/\",\"logo\":{\"@type\":\"ImageObject\",\"inLanguage\":\"bs-BA\",\"@id\":\"https:\/\/tuzlainfo.ba\/#\/schema\/logo\/image\/\",\"url\":\"https:\/\/tuzlainfo.ba\/wp-content\/uploads\/2021\/03\/logo-ver-3-1.png\",\"contentUrl\":\"https:\/\/tuzlainfo.ba\/wp-content\/uploads\/2021\/03\/logo-ver-3-1.png\",\"width\":350,\"height\":95,\"caption\":\"TuzlaInfo.ba\"},\"image\":{\"@id\":\"https:\/\/tuzlainfo.ba\/#\/schema\/logo\/image\/\"},\"sameAs\":[\"https:\/\/www.facebook.com\/tuzlainfo.ba\/\"]},{\"@type\":\"Person\",\"@id\":\"https:\/\/tuzlainfo.ba\/#\/schema\/person\/f434e20dc27ea133923aab08451b7f7f\",\"name\":\"nedim\",\"image\":{\"@type\":\"ImageObject\",\"inLanguage\":\"bs-BA\",\"@id\":\"https:\/\/tuzlainfo.ba\/#\/schema\/person\/image\/\",\"url\":\"https:\/\/tuzlainfo.ba\/wp-content\/litespeed\/avatar\/aabad687af24844af817603ac1cbdc4f.jpg?ver=1776702173\",\"contentUrl\":\"https:\/\/tuzlainfo.ba\/wp-content\/litespeed\/avatar\/aabad687af24844af817603ac1cbdc4f.jpg?ver=1776702173\",\"caption\":\"nedim\"},\"description\":\"Tuzlainfo.ba pratite na dru\u0161tvenim mre\u017eama: Facebook, Instagram i Youtube. Svoje pri\u010de, upite i fotografije \u0161aljite na na\u0161u e-mail adresu.\"}]}<\/script>\n<!-- \/ Yoast SEO plugin. -->","yoast_head_json":{"title":"\"Ja volim BiH\": Na limitiranoj kolekciji Nutelle nalaze se ljepote Bosne i Hercegovine - TuzlaInfo.ba","robots":{"index":"index","follow":"follow","max-snippet":"max-snippet:-1","max-image-preview":"max-image-preview:large","max-video-preview":"max-video-preview:-1"},"canonical":"https:\/\/tuzlainfo.ba\/index.php\/uncategorized\/item\/176554-ja-volim-bih-na-limitiranoj-kolekciji-nutelle-nalaze-se-ljepote-bosne-i-hercegovine\/","og_locale":"bs_BA","og_type":"article","og_title":"\"Ja volim BiH\": Na limitiranoj kolekciji Nutelle nalaze se ljepote Bosne i Hercegovine - TuzlaInfo.ba","og_description":"Fotografije prirodnih ljepota i kulturno-histirijskih znamentosti bosanskohercegova\u010dnog fotografa D\u017eenada D\u017eine iz Jablanice, nalaze se na&hellip;","og_url":"https:\/\/tuzlainfo.ba\/index.php\/uncategorized\/item\/176554-ja-volim-bih-na-limitiranoj-kolekciji-nutelle-nalaze-se-ljepote-bosne-i-hercegovine\/","og_site_name":"TuzlaInfo.ba","article_publisher":"https:\/\/www.facebook.com\/tuzlainfo.ba\/","article_published_time":"2022-06-27T19:45:38+00:00","article_modified_time":"2022-06-27T19:50:47+00:00","og_image":[{"width":1121,"height":744,"url":"https:\/\/tuzlainfo.ba\/wp-content\/uploads\/2022\/06\/2706_nutella_bih.jpg","type":"image\/jpeg"}],"author":"nedim","twitter_card":"summary_large_image","twitter_misc":{"Written by":"nedim","Est. reading time":"1 minuta"},"schema":{"@context":"https:\/\/schema.org","@graph":[{"@type":"Article","@id":"https:\/\/tuzlainfo.ba\/index.php\/uncategorized\/item\/176554-ja-volim-bih-na-limitiranoj-kolekciji-nutelle-nalaze-se-ljepote-bosne-i-hercegovine\/#article","isPartOf":{"@id":"https:\/\/tuzlainfo.ba\/index.php\/uncategorized\/item\/176554-ja-volim-bih-na-limitiranoj-kolekciji-nutelle-nalaze-se-ljepote-bosne-i-hercegovine\/"},"author":{"name":"nedim","@id":"https:\/\/tuzlainfo.ba\/#\/schema\/person\/f434e20dc27ea133923aab08451b7f7f"},"headline":"&#8220;Ja volim BiH&#8221;: Na limitiranoj kolekciji Nutelle nalaze se ljepote Bosne i Hercegovine","datePublished":"2022-06-27T19:45:38+00:00","dateModified":"2022-06-27T19:50:47+00:00","mainEntityOfPage":{"@id":"https:\/\/tuzlainfo.ba\/index.php\/uncategorized\/item\/176554-ja-volim-bih-na-limitiranoj-kolekciji-nutelle-nalaze-se-ljepote-bosne-i-hercegovine\/"},"wordCount":162,"commentCount":0,"publisher":{"@id":"https:\/\/tuzlainfo.ba\/#organization"},"image":{"@id":"https:\/\/tuzlainfo.ba\/index.php\/uncategorized\/item\/176554-ja-volim-bih-na-limitiranoj-kolekciji-nutelle-nalaze-se-ljepote-bosne-i-hercegovine\/#primaryimage"},"thumbnailUrl":"https:\/\/tuzlainfo.ba\/wp-content\/uploads\/2022\/06\/2706_nutella_bih.jpg","keywords":["nutella"],"articleSection":["Magazin","Uncategorized"],"inLanguage":"bs-BA"},{"@type":"WebPage","@id":"https:\/\/tuzlainfo.ba\/index.php\/uncategorized\/item\/176554-ja-volim-bih-na-limitiranoj-kolekciji-nutelle-nalaze-se-ljepote-bosne-i-hercegovine\/","url":"https:\/\/tuzlainfo.ba\/index.php\/uncategorized\/item\/176554-ja-volim-bih-na-limitiranoj-kolekciji-nutelle-nalaze-se-ljepote-bosne-i-hercegovine\/","name":"\"Ja volim BiH\": Na limitiranoj kolekciji Nutelle nalaze se ljepote Bosne i Hercegovine - TuzlaInfo.ba","isPartOf":{"@id":"https:\/\/tuzlainfo.ba\/#website"},"primaryImageOfPage":{"@id":"https:\/\/tuzlainfo.ba\/index.php\/uncategorized\/item\/176554-ja-volim-bih-na-limitiranoj-kolekciji-nutelle-nalaze-se-ljepote-bosne-i-hercegovine\/#primaryimage"},"image":{"@id":"https:\/\/tuzlainfo.ba\/index.php\/uncategorized\/item\/176554-ja-volim-bih-na-limitiranoj-kolekciji-nutelle-nalaze-se-ljepote-bosne-i-hercegovine\/#primaryimage"},"thumbnailUrl":"https:\/\/tuzlainfo.ba\/wp-content\/uploads\/2022\/06\/2706_nutella_bih.jpg","datePublished":"2022-06-27T19:45:38+00:00","dateModified":"2022-06-27T19:50:47+00:00","breadcrumb":{"@id":"https:\/\/tuzlainfo.ba\/index.php\/uncategorized\/item\/176554-ja-volim-bih-na-limitiranoj-kolekciji-nutelle-nalaze-se-ljepote-bosne-i-hercegovine\/#breadcrumb"},"inLanguage":"bs-BA","potentialAction":[{"@type":"ReadAction","target":["https:\/\/tuzlainfo.ba\/index.php\/uncategorized\/item\/176554-ja-volim-bih-na-limitiranoj-kolekciji-nutelle-nalaze-se-ljepote-bosne-i-hercegovine\/"]}]},{"@type":"ImageObject","inLanguage":"bs-BA","@id":"https:\/\/tuzlainfo.ba\/index.php\/uncategorized\/item\/176554-ja-volim-bih-na-limitiranoj-kolekciji-nutelle-nalaze-se-ljepote-bosne-i-hercegovine\/#primaryimage","url":"https:\/\/tuzlainfo.ba\/wp-content\/uploads\/2022\/06\/2706_nutella_bih.jpg","contentUrl":"https:\/\/tuzlainfo.ba\/wp-content\/uploads\/2022\/06\/2706_nutella_bih.jpg","width":1121,"height":744},{"@type":"BreadcrumbList","@id":"https:\/\/tuzlainfo.ba\/index.php\/uncategorized\/item\/176554-ja-volim-bih-na-limitiranoj-kolekciji-nutelle-nalaze-se-ljepote-bosne-i-hercegovine\/#breadcrumb","itemListElement":[{"@type":"ListItem","position":1,"name":"Home","item":"https:\/\/tuzlainfo.ba\/"},{"@type":"ListItem","position":2,"name":"&#8220;Ja volim BiH&#8221;: Na limitiranoj kolekciji Nutelle nalaze se ljepote Bosne i Hercegovine"}]},{"@type":"WebSite","@id":"https:\/\/tuzlainfo.ba\/#website","url":"https:\/\/tuzlainfo.ba\/","name":"TuzlaInfo.ba","description":"Tuzla info, gradski informator - Tuzla na dlanu","publisher":{"@id":"https:\/\/tuzlainfo.ba\/#organization"},"potentialAction":[{"@type":"SearchAction","target":{"@type":"EntryPoint","urlTemplate":"https:\/\/tuzlainfo.ba\/?s={search_term_string}"},"query-input":{"@type":"PropertyValueSpecification","valueRequired":true,"valueName":"search_term_string"}}],"inLanguage":"bs-BA"},{"@type":"Organization","@id":"https:\/\/tuzlainfo.ba\/#organization","name":"TuzlaInfo.ba","url":"https:\/\/tuzlainfo.ba\/","logo":{"@type":"ImageObject","inLanguage":"bs-BA","@id":"https:\/\/tuzlainfo.ba\/#\/schema\/logo\/image\/","url":"https:\/\/tuzlainfo.ba\/wp-content\/uploads\/2021\/03\/logo-ver-3-1.png","contentUrl":"https:\/\/tuzlainfo.ba\/wp-content\/uploads\/2021\/03\/logo-ver-3-1.png","width":350,"height":95,"caption":"TuzlaInfo.ba"},"image":{"@id":"https:\/\/tuzlainfo.ba\/#\/schema\/logo\/image\/"},"sameAs":["https:\/\/www.facebook.com\/tuzlainfo.ba\/"]},{"@type":"Person","@id":"https:\/\/tuzlainfo.ba\/#\/schema\/person\/f434e20dc27ea133923aab08451b7f7f","name":"nedim","image":{"@type":"ImageObject","inLanguage":"bs-BA","@id":"https:\/\/tuzlainfo.ba\/#\/schema\/person\/image\/","url":"https:\/\/tuzlainfo.ba\/wp-content\/litespeed\/avatar\/aabad687af24844af817603ac1cbdc4f.jpg?ver=1776702173","contentUrl":"https:\/\/tuzlainfo.ba\/wp-content\/litespeed\/avatar\/aabad687af24844af817603ac1cbdc4f.jpg?ver=1776702173","caption":"nedim"},"description":"Tuzlainfo.ba pratite na dru\u0161tvenim mre\u017eama: Facebook, Instagram i Youtube. Svoje pri\u010de, upite i fotografije \u0161aljite na na\u0161u e-mail adresu."}]}},"_links":{"self":[{"href":"https:\/\/tuzlainfo.ba\/index.php\/wp-json\/wp\/v2\/posts\/176554"}],"collection":[{"href":"https:\/\/tuzlainfo.ba\/index.php\/wp-json\/wp\/v2\/posts"}],"about":[{"href":"https:\/\/tuzlainfo.ba\/index.php\/wp-json\/wp\/v2\/types\/post"}],"author":[{"embeddable":true,"href":"https:\/\/tuzlainfo.ba\/index.php\/wp-json\/wp\/v2\/users\/2"}],"replies":[{"embeddable":true,"href":"https:\/\/tuzlainfo.ba\/index.php\/wp-json\/wp\/v2\/comments?post=176554"}],"version-history":[{"count":0,"href":"https:\/\/tuzlainfo.ba\/index.php\/wp-json\/wp\/v2\/posts\/176554\/revisions"}],"wp:featuredmedia":[{"embeddable":true,"href":"https:\/\/tuzlainfo.ba\/index.php\/wp-json\/wp\/v2\/media\/176555"}],"wp:attachment":[{"href":"https:\/\/tuzlainfo.ba\/index.php\/wp-json\/wp\/v2\/media?parent=176554"}],"wp:term":[{"taxonomy":"category","embeddable":true,"href":"https:\/\/tuzlainfo.ba\/index.php\/wp-json\/wp\/v2\/categories?post=176554"},{"taxonomy":"post_tag","embeddable":true,"href":"https:\/\/tuzlainfo.ba\/index.php\/wp-json\/wp\/v2\/tags?post=176554"}],"curies":[{"name":"wp","href":"https:\/\/api.w.org\/{rel}","templated":true}]}}