{"id":176274,"date":"2022-06-24T20:00:00","date_gmt":"2022-06-24T18:00:00","guid":{"rendered":"https:\/\/tuzlainfo.ba\/?p=176274"},"modified":"2022-06-24T13:34:02","modified_gmt":"2022-06-24T11:34:02","slug":"poceo-program-novi-lideri-tuzlanskog-kantona","status":"publish","type":"post","link":"https:\/\/tuzlainfo.ba\/index.php\/novosti\/item\/176274-poceo-program-novi-lideri-tuzlanskog-kantona\/","title":{"rendered":"Po\u010deo program &#8220;Novi lideri Tuzlanskog kantona&#8221;"},"content":{"rendered":"<p>Kantonalna privredna komora Tuzla u saradnji sa Kongresom Bo\u0161njaka Sjeverne Amerike i Privrednom komorom Naples Florida iz Sjedinjenih Ameri\u010dkih Dr\u017eava organizira prvi ciklus programa za mlade poslovne ljude pod nazivom \u201eNovi lideri Tuzlanskog kantona\u201c.<\/p>\n<p>Novi lideri Tuzlanskog kantona\u201c je posebno osmi\u0161ljen program prepoznavanja i umre\u017eavanja mladih, perspektivnih ljudi u dobi od 21 do 40 godina, koji \u0107e se pobli\u017ee upoznati sa organizacijom, poslovanjem i funkcioniranjem najva\u017enijih institucija i organizacija kantona. Od polaznika se o\u010dekuje da ste\u010deno znanje, informacije i konekcije ostvarene u ovom Programu koriste za dobrobit cijele na\u0161e zajednice. Program se kroz Komorski sistem ove godine realizuje u Tuzlanskom, Sarajevskom, Zeni\u010dko dobojskom i unsko sanskom kantonu. Planirano je da ovaj program postane redovna godi\u0161nja aktivnost i da se \u0161to ve\u0107em broju mladih ljudi pru\u017ei prilika da se upoznaju i pove\u017eu u profesionalnom svijetu.<\/p>\n<p>&nbsp;<\/p>\n<p>\u201eSve je po\u010delo na inicijativu Saveza Bo\u0161njaka Sjeverne Amerike i privredne komore Nepls sa Floride koja godinama provodi ovakav program povezivanja i upoznavanja mladih ljudi. Pro\u0161le godine je ovaj projekt, kao pilot projekt provela Privredna komora USK, a ove godine smo se uklju\u010dili Kantonalna privredna komora Tuzla, Privredna komora Sarajevo i Privredna komora Zenica. Sam projekat je zami\u0161ljen kao prilika da se mladi ljudi koji ulaze u poslovnu zajednicu, kako iz privrednog tako i iz javnog sektora, upoznaju sa ljudima iz drugih institucija, ostvare kontakte i me\u0111usobno se upoznaju i pove\u017eu. Prvi dan programa polaznici su se upoznali sa institucijama za podr\u0161ku privredi. Predstavljene su aktivnosti Ministarstva privrede, Obrtni\u010dke komore TK i Kantonalne privredne komore Tuzla na podr\u0161ci i razvoju Tuzlanskom kantonu. Nakon upoznavanja sa ovim institucijama, organizovana je posjeta BIT centru, najzna\u010dajnijem poduzetni\u010dkom inkubatoru i tehnolo\u0161kom parku u Bosni i Hercegovini koji okuplja firme iz IT sektora\u201c istakla je Edina Kurti\u0107 koordinator projekta, ina\u010de rukovodilac Sektora udru\u017eenja Kantonalne privredne komore Tuzla.<\/p>\n<p>&nbsp;<\/p>\n<p>Kako je istaknuto na prvoj aktivnosti u Kantonalnoj privrednoj komori Tuzla, ovaj zna\u010dajan program za ciljeve ima u\u010desnima dati vrijedne informacije o organizaciji i funkcioniranju kantonalnih i lokalnih izvr\u0161nih institucija, kulturnih i umjetni\u010dkih organizacija, turisti\u010dkih i obrazovnih institucija i dr.<\/p>\n<p>&nbsp;<\/p>\n<p>\u201eIzgra\u0111ena jaka lokalna mre\u017ea izme\u0111u svih u\u010desnika u programu, produbljene veze izme\u0111u javnog i prvatnog sektora. Institucije i organizacije prepoznate i priznate kao podr\u0161ka mladim profesionalcima i firmama TK\u201c, istakla je Kurti\u0107.<\/p>\n<p>&nbsp;<\/p>\n<p>Narednim aktivnostima predvi\u0111eno je da se polaznici upoznaju sa insitucijama kulture, pravosu\u0111a i uprave kao i sa nekim od najistaknutijoh privrednih subjekata koji posluju u na\u0161em kantonu.<\/p>\n<p>&nbsp;<\/p>\n","protected":false},"excerpt":{"rendered":"<p>Kantonalna privredna komora Tuzla u saradnji sa Kongresom Bo\u0161njaka Sjeverne Amerike i Privrednom komorom Naples&hellip;<\/p>\n","protected":false},"author":4,"featured_media":176275,"comment_status":"open","ping_status":"closed","sticky":false,"template":"","format":"standard","meta":{"_acf_changed":false,"footnotes":""},"categories":[12],"tags":[1763],"acf":[],"yoast_head":"<!-- This site is optimized with the Yoast SEO plugin v23.5 - https:\/\/yoast.com\/wordpress\/plugins\/seo\/ -->\n<title>Po\u010deo program &quot;Novi lideri Tuzlanskog kantona&quot; - TuzlaInfo.ba<\/title>\n<meta name=\"robots\" content=\"index, follow, max-snippet:-1, max-image-preview:large, max-video-preview:-1\" \/>\n<link rel=\"canonical\" href=\"https:\/\/tuzlainfo.ba\/index.php\/novosti\/item\/176274-poceo-program-novi-lideri-tuzlanskog-kantona\/\" \/>\n<meta property=\"og:locale\" content=\"bs_BA\" \/>\n<meta property=\"og:type\" content=\"article\" \/>\n<meta property=\"og:title\" content=\"Po\u010deo program &quot;Novi lideri Tuzlanskog kantona&quot; - TuzlaInfo.ba\" \/>\n<meta property=\"og:description\" content=\"Kantonalna privredna komora Tuzla u saradnji sa Kongresom Bo\u0161njaka Sjeverne Amerike i Privrednom komorom Naples&hellip;\" \/>\n<meta property=\"og:url\" content=\"https:\/\/tuzlainfo.ba\/index.php\/novosti\/item\/176274-poceo-program-novi-lideri-tuzlanskog-kantona\/\" \/>\n<meta property=\"og:site_name\" content=\"TuzlaInfo.ba\" \/>\n<meta property=\"article:publisher\" content=\"https:\/\/www.facebook.com\/tuzlainfo.ba\/\" \/>\n<meta property=\"article:published_time\" content=\"2022-06-24T18:00:00+00:00\" \/>\n<meta property=\"article:modified_time\" content=\"2022-06-24T11:34:02+00:00\" \/>\n<meta property=\"og:image\" content=\"https:\/\/tuzlainfo.ba\/wp-content\/uploads\/2022\/06\/inbound7321023024072975348.jpg\" \/>\n\t<meta property=\"og:image:width\" content=\"640\" \/>\n\t<meta property=\"og:image:height\" content=\"480\" \/>\n\t<meta property=\"og:image:type\" content=\"image\/jpeg\" \/>\n<meta name=\"author\" content=\"Tuzla Info\" \/>\n<meta name=\"twitter:card\" content=\"summary_large_image\" \/>\n<meta name=\"twitter:label1\" content=\"Written by\" \/>\n\t<meta name=\"twitter:data1\" content=\"Tuzla Info\" \/>\n\t<meta name=\"twitter:label2\" content=\"Est. reading time\" \/>\n\t<meta name=\"twitter:data2\" content=\"2 minute\" \/>\n<script type=\"application\/ld+json\" class=\"yoast-schema-graph\">{\"@context\":\"https:\/\/schema.org\",\"@graph\":[{\"@type\":\"Article\",\"@id\":\"https:\/\/tuzlainfo.ba\/index.php\/novosti\/item\/176274-poceo-program-novi-lideri-tuzlanskog-kantona\/#article\",\"isPartOf\":{\"@id\":\"https:\/\/tuzlainfo.ba\/index.php\/novosti\/item\/176274-poceo-program-novi-lideri-tuzlanskog-kantona\/\"},\"author\":{\"name\":\"Tuzla Info\",\"@id\":\"https:\/\/tuzlainfo.ba\/#\/schema\/person\/46cad4c57790cbc50781edd14870825a\"},\"headline\":\"Po\u010deo program &#8220;Novi lideri Tuzlanskog kantona&#8221;\",\"datePublished\":\"2022-06-24T18:00:00+00:00\",\"dateModified\":\"2022-06-24T11:34:02+00:00\",\"mainEntityOfPage\":{\"@id\":\"https:\/\/tuzlainfo.ba\/index.php\/novosti\/item\/176274-poceo-program-novi-lideri-tuzlanskog-kantona\/\"},\"wordCount\":449,\"commentCount\":0,\"publisher\":{\"@id\":\"https:\/\/tuzlainfo.ba\/#organization\"},\"image\":{\"@id\":\"https:\/\/tuzlainfo.ba\/index.php\/novosti\/item\/176274-poceo-program-novi-lideri-tuzlanskog-kantona\/#primaryimage\"},\"thumbnailUrl\":\"https:\/\/tuzlainfo.ba\/wp-content\/uploads\/2022\/06\/inbound7321023024072975348.jpg\",\"keywords\":[\"kanronalna privredna komora tuzla\"],\"articleSection\":[\"Novosti\"],\"inLanguage\":\"bs-BA\"},{\"@type\":\"WebPage\",\"@id\":\"https:\/\/tuzlainfo.ba\/index.php\/novosti\/item\/176274-poceo-program-novi-lideri-tuzlanskog-kantona\/\",\"url\":\"https:\/\/tuzlainfo.ba\/index.php\/novosti\/item\/176274-poceo-program-novi-lideri-tuzlanskog-kantona\/\",\"name\":\"Po\u010deo program \\\"Novi lideri Tuzlanskog kantona\\\" - TuzlaInfo.ba\",\"isPartOf\":{\"@id\":\"https:\/\/tuzlainfo.ba\/#website\"},\"primaryImageOfPage\":{\"@id\":\"https:\/\/tuzlainfo.ba\/index.php\/novosti\/item\/176274-poceo-program-novi-lideri-tuzlanskog-kantona\/#primaryimage\"},\"image\":{\"@id\":\"https:\/\/tuzlainfo.ba\/index.php\/novosti\/item\/176274-poceo-program-novi-lideri-tuzlanskog-kantona\/#primaryimage\"},\"thumbnailUrl\":\"https:\/\/tuzlainfo.ba\/wp-content\/uploads\/2022\/06\/inbound7321023024072975348.jpg\",\"datePublished\":\"2022-06-24T18:00:00+00:00\",\"dateModified\":\"2022-06-24T11:34:02+00:00\",\"breadcrumb\":{\"@id\":\"https:\/\/tuzlainfo.ba\/index.php\/novosti\/item\/176274-poceo-program-novi-lideri-tuzlanskog-kantona\/#breadcrumb\"},\"inLanguage\":\"bs-BA\",\"potentialAction\":[{\"@type\":\"ReadAction\",\"target\":[\"https:\/\/tuzlainfo.ba\/index.php\/novosti\/item\/176274-poceo-program-novi-lideri-tuzlanskog-kantona\/\"]}]},{\"@type\":\"ImageObject\",\"inLanguage\":\"bs-BA\",\"@id\":\"https:\/\/tuzlainfo.ba\/index.php\/novosti\/item\/176274-poceo-program-novi-lideri-tuzlanskog-kantona\/#primaryimage\",\"url\":\"https:\/\/tuzlainfo.ba\/wp-content\/uploads\/2022\/06\/inbound7321023024072975348.jpg\",\"contentUrl\":\"https:\/\/tuzlainfo.ba\/wp-content\/uploads\/2022\/06\/inbound7321023024072975348.jpg\",\"width\":640,\"height\":480},{\"@type\":\"BreadcrumbList\",\"@id\":\"https:\/\/tuzlainfo.ba\/index.php\/novosti\/item\/176274-poceo-program-novi-lideri-tuzlanskog-kantona\/#breadcrumb\",\"itemListElement\":[{\"@type\":\"ListItem\",\"position\":1,\"name\":\"Home\",\"item\":\"https:\/\/tuzlainfo.ba\/\"},{\"@type\":\"ListItem\",\"position\":2,\"name\":\"Po\u010deo program &#8220;Novi lideri Tuzlanskog kantona&#8221;\"}]},{\"@type\":\"WebSite\",\"@id\":\"https:\/\/tuzlainfo.ba\/#website\",\"url\":\"https:\/\/tuzlainfo.ba\/\",\"name\":\"TuzlaInfo.ba\",\"description\":\"Tuzla info, gradski informator - Tuzla na dlanu\",\"publisher\":{\"@id\":\"https:\/\/tuzlainfo.ba\/#organization\"},\"potentialAction\":[{\"@type\":\"SearchAction\",\"target\":{\"@type\":\"EntryPoint\",\"urlTemplate\":\"https:\/\/tuzlainfo.ba\/?s={search_term_string}\"},\"query-input\":{\"@type\":\"PropertyValueSpecification\",\"valueRequired\":true,\"valueName\":\"search_term_string\"}}],\"inLanguage\":\"bs-BA\"},{\"@type\":\"Organization\",\"@id\":\"https:\/\/tuzlainfo.ba\/#organization\",\"name\":\"TuzlaInfo.ba\",\"url\":\"https:\/\/tuzlainfo.ba\/\",\"logo\":{\"@type\":\"ImageObject\",\"inLanguage\":\"bs-BA\",\"@id\":\"https:\/\/tuzlainfo.ba\/#\/schema\/logo\/image\/\",\"url\":\"https:\/\/tuzlainfo.ba\/wp-content\/uploads\/2021\/03\/logo-ver-3-1.png\",\"contentUrl\":\"https:\/\/tuzlainfo.ba\/wp-content\/uploads\/2021\/03\/logo-ver-3-1.png\",\"width\":350,\"height\":95,\"caption\":\"TuzlaInfo.ba\"},\"image\":{\"@id\":\"https:\/\/tuzlainfo.ba\/#\/schema\/logo\/image\/\"},\"sameAs\":[\"https:\/\/www.facebook.com\/tuzlainfo.ba\/\"]},{\"@type\":\"Person\",\"@id\":\"https:\/\/tuzlainfo.ba\/#\/schema\/person\/46cad4c57790cbc50781edd14870825a\",\"name\":\"Tuzla Info\",\"image\":{\"@type\":\"ImageObject\",\"inLanguage\":\"bs-BA\",\"@id\":\"https:\/\/tuzlainfo.ba\/#\/schema\/person\/image\/\",\"url\":\"https:\/\/tuzlainfo.ba\/wp-content\/litespeed\/avatar\/b6c453a6c38e3654f2e4416c643fc25c.jpg?ver=1777051911\",\"contentUrl\":\"https:\/\/tuzlainfo.ba\/wp-content\/litespeed\/avatar\/b6c453a6c38e3654f2e4416c643fc25c.jpg?ver=1777051911\",\"caption\":\"Tuzla Info\"}}]}<\/script>\n<!-- \/ Yoast SEO plugin. -->","yoast_head_json":{"title":"Po\u010deo program \"Novi lideri Tuzlanskog kantona\" - TuzlaInfo.ba","robots":{"index":"index","follow":"follow","max-snippet":"max-snippet:-1","max-image-preview":"max-image-preview:large","max-video-preview":"max-video-preview:-1"},"canonical":"https:\/\/tuzlainfo.ba\/index.php\/novosti\/item\/176274-poceo-program-novi-lideri-tuzlanskog-kantona\/","og_locale":"bs_BA","og_type":"article","og_title":"Po\u010deo program \"Novi lideri Tuzlanskog kantona\" - TuzlaInfo.ba","og_description":"Kantonalna privredna komora Tuzla u saradnji sa Kongresom Bo\u0161njaka Sjeverne Amerike i Privrednom komorom Naples&hellip;","og_url":"https:\/\/tuzlainfo.ba\/index.php\/novosti\/item\/176274-poceo-program-novi-lideri-tuzlanskog-kantona\/","og_site_name":"TuzlaInfo.ba","article_publisher":"https:\/\/www.facebook.com\/tuzlainfo.ba\/","article_published_time":"2022-06-24T18:00:00+00:00","article_modified_time":"2022-06-24T11:34:02+00:00","og_image":[{"width":640,"height":480,"url":"https:\/\/tuzlainfo.ba\/wp-content\/uploads\/2022\/06\/inbound7321023024072975348.jpg","type":"image\/jpeg"}],"author":"Tuzla Info","twitter_card":"summary_large_image","twitter_misc":{"Written by":"Tuzla Info","Est. reading time":"2 minute"},"schema":{"@context":"https:\/\/schema.org","@graph":[{"@type":"Article","@id":"https:\/\/tuzlainfo.ba\/index.php\/novosti\/item\/176274-poceo-program-novi-lideri-tuzlanskog-kantona\/#article","isPartOf":{"@id":"https:\/\/tuzlainfo.ba\/index.php\/novosti\/item\/176274-poceo-program-novi-lideri-tuzlanskog-kantona\/"},"author":{"name":"Tuzla Info","@id":"https:\/\/tuzlainfo.ba\/#\/schema\/person\/46cad4c57790cbc50781edd14870825a"},"headline":"Po\u010deo program &#8220;Novi lideri Tuzlanskog kantona&#8221;","datePublished":"2022-06-24T18:00:00+00:00","dateModified":"2022-06-24T11:34:02+00:00","mainEntityOfPage":{"@id":"https:\/\/tuzlainfo.ba\/index.php\/novosti\/item\/176274-poceo-program-novi-lideri-tuzlanskog-kantona\/"},"wordCount":449,"commentCount":0,"publisher":{"@id":"https:\/\/tuzlainfo.ba\/#organization"},"image":{"@id":"https:\/\/tuzlainfo.ba\/index.php\/novosti\/item\/176274-poceo-program-novi-lideri-tuzlanskog-kantona\/#primaryimage"},"thumbnailUrl":"https:\/\/tuzlainfo.ba\/wp-content\/uploads\/2022\/06\/inbound7321023024072975348.jpg","keywords":["kanronalna privredna komora tuzla"],"articleSection":["Novosti"],"inLanguage":"bs-BA"},{"@type":"WebPage","@id":"https:\/\/tuzlainfo.ba\/index.php\/novosti\/item\/176274-poceo-program-novi-lideri-tuzlanskog-kantona\/","url":"https:\/\/tuzlainfo.ba\/index.php\/novosti\/item\/176274-poceo-program-novi-lideri-tuzlanskog-kantona\/","name":"Po\u010deo program \"Novi lideri Tuzlanskog kantona\" - TuzlaInfo.ba","isPartOf":{"@id":"https:\/\/tuzlainfo.ba\/#website"},"primaryImageOfPage":{"@id":"https:\/\/tuzlainfo.ba\/index.php\/novosti\/item\/176274-poceo-program-novi-lideri-tuzlanskog-kantona\/#primaryimage"},"image":{"@id":"https:\/\/tuzlainfo.ba\/index.php\/novosti\/item\/176274-poceo-program-novi-lideri-tuzlanskog-kantona\/#primaryimage"},"thumbnailUrl":"https:\/\/tuzlainfo.ba\/wp-content\/uploads\/2022\/06\/inbound7321023024072975348.jpg","datePublished":"2022-06-24T18:00:00+00:00","dateModified":"2022-06-24T11:34:02+00:00","breadcrumb":{"@id":"https:\/\/tuzlainfo.ba\/index.php\/novosti\/item\/176274-poceo-program-novi-lideri-tuzlanskog-kantona\/#breadcrumb"},"inLanguage":"bs-BA","potentialAction":[{"@type":"ReadAction","target":["https:\/\/tuzlainfo.ba\/index.php\/novosti\/item\/176274-poceo-program-novi-lideri-tuzlanskog-kantona\/"]}]},{"@type":"ImageObject","inLanguage":"bs-BA","@id":"https:\/\/tuzlainfo.ba\/index.php\/novosti\/item\/176274-poceo-program-novi-lideri-tuzlanskog-kantona\/#primaryimage","url":"https:\/\/tuzlainfo.ba\/wp-content\/uploads\/2022\/06\/inbound7321023024072975348.jpg","contentUrl":"https:\/\/tuzlainfo.ba\/wp-content\/uploads\/2022\/06\/inbound7321023024072975348.jpg","width":640,"height":480},{"@type":"BreadcrumbList","@id":"https:\/\/tuzlainfo.ba\/index.php\/novosti\/item\/176274-poceo-program-novi-lideri-tuzlanskog-kantona\/#breadcrumb","itemListElement":[{"@type":"ListItem","position":1,"name":"Home","item":"https:\/\/tuzlainfo.ba\/"},{"@type":"ListItem","position":2,"name":"Po\u010deo program &#8220;Novi lideri Tuzlanskog kantona&#8221;"}]},{"@type":"WebSite","@id":"https:\/\/tuzlainfo.ba\/#website","url":"https:\/\/tuzlainfo.ba\/","name":"TuzlaInfo.ba","description":"Tuzla info, gradski informator - Tuzla na dlanu","publisher":{"@id":"https:\/\/tuzlainfo.ba\/#organization"},"potentialAction":[{"@type":"SearchAction","target":{"@type":"EntryPoint","urlTemplate":"https:\/\/tuzlainfo.ba\/?s={search_term_string}"},"query-input":{"@type":"PropertyValueSpecification","valueRequired":true,"valueName":"search_term_string"}}],"inLanguage":"bs-BA"},{"@type":"Organization","@id":"https:\/\/tuzlainfo.ba\/#organization","name":"TuzlaInfo.ba","url":"https:\/\/tuzlainfo.ba\/","logo":{"@type":"ImageObject","inLanguage":"bs-BA","@id":"https:\/\/tuzlainfo.ba\/#\/schema\/logo\/image\/","url":"https:\/\/tuzlainfo.ba\/wp-content\/uploads\/2021\/03\/logo-ver-3-1.png","contentUrl":"https:\/\/tuzlainfo.ba\/wp-content\/uploads\/2021\/03\/logo-ver-3-1.png","width":350,"height":95,"caption":"TuzlaInfo.ba"},"image":{"@id":"https:\/\/tuzlainfo.ba\/#\/schema\/logo\/image\/"},"sameAs":["https:\/\/www.facebook.com\/tuzlainfo.ba\/"]},{"@type":"Person","@id":"https:\/\/tuzlainfo.ba\/#\/schema\/person\/46cad4c57790cbc50781edd14870825a","name":"Tuzla Info","image":{"@type":"ImageObject","inLanguage":"bs-BA","@id":"https:\/\/tuzlainfo.ba\/#\/schema\/person\/image\/","url":"https:\/\/tuzlainfo.ba\/wp-content\/litespeed\/avatar\/b6c453a6c38e3654f2e4416c643fc25c.jpg?ver=1777051911","contentUrl":"https:\/\/tuzlainfo.ba\/wp-content\/litespeed\/avatar\/b6c453a6c38e3654f2e4416c643fc25c.jpg?ver=1777051911","caption":"Tuzla Info"}}]}},"_links":{"self":[{"href":"https:\/\/tuzlainfo.ba\/index.php\/wp-json\/wp\/v2\/posts\/176274"}],"collection":[{"href":"https:\/\/tuzlainfo.ba\/index.php\/wp-json\/wp\/v2\/posts"}],"about":[{"href":"https:\/\/tuzlainfo.ba\/index.php\/wp-json\/wp\/v2\/types\/post"}],"author":[{"embeddable":true,"href":"https:\/\/tuzlainfo.ba\/index.php\/wp-json\/wp\/v2\/users\/4"}],"replies":[{"embeddable":true,"href":"https:\/\/tuzlainfo.ba\/index.php\/wp-json\/wp\/v2\/comments?post=176274"}],"version-history":[{"count":0,"href":"https:\/\/tuzlainfo.ba\/index.php\/wp-json\/wp\/v2\/posts\/176274\/revisions"}],"wp:featuredmedia":[{"embeddable":true,"href":"https:\/\/tuzlainfo.ba\/index.php\/wp-json\/wp\/v2\/media\/176275"}],"wp:attachment":[{"href":"https:\/\/tuzlainfo.ba\/index.php\/wp-json\/wp\/v2\/media?parent=176274"}],"wp:term":[{"taxonomy":"category","embeddable":true,"href":"https:\/\/tuzlainfo.ba\/index.php\/wp-json\/wp\/v2\/categories?post=176274"},{"taxonomy":"post_tag","embeddable":true,"href":"https:\/\/tuzlainfo.ba\/index.php\/wp-json\/wp\/v2\/tags?post=176274"}],"curies":[{"name":"wp","href":"https:\/\/api.w.org\/{rel}","templated":true}]}}