{"id":175676,"date":"2022-06-18T09:21:30","date_gmt":"2022-06-18T07:21:30","guid":{"rendered":"https:\/\/tuzlainfo.ba\/?p=175676"},"modified":"2022-06-18T09:21:30","modified_gmt":"2022-06-18T07:21:30","slug":"turkovic-o-dodikovom-sastanku-da-putinom-sada-bi-trebao-posjetiti-i-ukrajinu","status":"publish","type":"post","link":"https:\/\/tuzlainfo.ba\/index.php\/bosna-i-hercegovina\/item\/175676-turkovic-o-dodikovom-sastanku-da-putinom-sada-bi-trebao-posjetiti-i-ukrajinu\/","title":{"rendered":"Turkovi\u0107 o Dodikovom sastanku da Putinom: Sada bi trebao posjetiti i Ukrajinu"},"content":{"rendered":"<p>Ministrica vanjskih poslova BiH Bisera Turkovi\u0107 prokomentarisala je odlazak \u010dlana Predsjedni\u0161tva BiH Milorada Dodika na samit u Rusiju rekav\u0161i kako je to potez davljenika koji se hvata za svaku slamku.<\/p>\n<p>&#8211; To je situacija koja se ocrtava. Rusija je u jednom izolovanom statusu, gdje nema mnogo komunikacije, niti ima podr\u0161ku kada je u pitanju njena agresija. Jedan od onih koji podr\u017eavaju tu agresiju je i Dodik. Postoji razmi\u0161ljanje na isti na\u010din, te svojom posjetom poku\u0161ava oja\u010dati predizbornu poziciju. Nije to ista Rusija koja je nekada bila, ozra\u010dje mo\u0107i i snage. To je Rusija koja je u vojnom i ekonomskom gr\u010du. Dodiku je potrebna finansijska predizborna pomo\u0107. Igra na tu kartu,\u00a0istakla je Turkovi\u0107.<\/p>\n<p>\u0160to se ti\u010de prihvatanja Briselskog sporazuma od strane \u010dlana Predsjedni\u0161tva Milorada Dodika, ministrica Turkovi\u0107 je mi\u0161ljenja kako jo\u0161 uvijek \u017eeli da ostane politi\u010dki igra\u010d i da ostane bitan faktor u ovoj zemlji.<\/p>\n<div class=\"item__ad-center position_item_center_02_top\">\n<div id=\"div-gpt-ad-1617617300959-0\" class=\"ad--align\" data-google-query-id=\"CKX77c26tvgCFUCAgwcdiIsMvA\">\n<p>&#8211; Da bi ostao u igri, Dodik malo prihvati, malo odbije ono \u0161to se od njega tra\u017ei, \u00a0i time poku\u0161ava pokazati da je veliki. U su\u0161itini, on shvata da je na zalasku i poku\u0161ava da se odr\u017ei. To je pokazao ovaj njegov put, to je borba za pre\u017eivljavanje i prihvata sve ono \u0161to Brisel od njega tra\u017ei. Sve sankcije se prije ili kasnije odraze. One su u\u010dinile svoje da on omek\u0161a \u2013 kazala je Turkovi\u0107.<\/p>\n<p>Kada su u pitanju posjete lidera iz regiona Ukrajini, Turkovi\u0107 je kazala da je razgovarala sa otpravnikom poslova Ukrajine, te da je iskazala spremnost da posjeti tu zemlju, ukoliko njihove vlasti budu smatrale da \u0107e time doprinijeti.<\/p>\n<p>&#8211; Mnogli lideri odlaze sa ciljem iskazivanja podr\u0161ke, ali ima tu i li\u010dne koristi. Kada je BiH u pitanju, mislim da bi bilo bolje da je Dodik posjetio Ukrajinu, nego Rusiju, ili da je posjetio obje zemlje. Mislim da bi to bilo mnogo bolje i njegova posjeta Moskvi bi bila neutralizirana. \u0160to se ti\u010de nas, smatram da je potrebno oti\u0107i, obzirom da mi znamo \u0161ta je agresija i stradanje i moramo pokazati razumijevanje, pridr\u017eavaju\u0107i se stavova EU. Spremna sam da krenem na put Ukrajine kada vlasti njihove zemlje ka\u017eu da je to prikladno \u2013 navela je Turkovi\u0107 za\u00a0<a href=\"https:\/\/hayat.ba\/ministrica-turkovic-ceka-poziv-i-ide-u-kijev-ako-su-sarlatani-nece-ispostovati-briselski-sporazum\/697015\/\" target=\"_blank\" rel=\"noopener\">Hayat<\/a>.<\/p>\n<\/div>\n<\/div>\n","protected":false},"excerpt":{"rendered":"<p>Ministrica vanjskih poslova BiH Bisera Turkovi\u0107 prokomentarisala je odlazak \u010dlana Predsjedni\u0161tva BiH Milorada Dodika na&hellip;<\/p>\n","protected":false},"author":2,"featured_media":169364,"comment_status":"open","ping_status":"closed","sticky":false,"template":"","format":"standard","meta":{"_acf_changed":false,"footnotes":""},"categories":[291],"tags":[744],"acf":[],"yoast_head":"<!-- This site is optimized with the Yoast SEO plugin v23.5 - https:\/\/yoast.com\/wordpress\/plugins\/seo\/ -->\n<title>Turkovi\u0107 o Dodikovom sastanku da Putinom: Sada bi trebao posjetiti i Ukrajinu - TuzlaInfo.ba<\/title>\n<meta name=\"robots\" content=\"index, follow, max-snippet:-1, max-image-preview:large, max-video-preview:-1\" \/>\n<link rel=\"canonical\" href=\"https:\/\/tuzlainfo.ba\/index.php\/bosna-i-hercegovina\/item\/175676-turkovic-o-dodikovom-sastanku-da-putinom-sada-bi-trebao-posjetiti-i-ukrajinu\/\" \/>\n<meta property=\"og:locale\" content=\"bs_BA\" \/>\n<meta property=\"og:type\" content=\"article\" \/>\n<meta property=\"og:title\" content=\"Turkovi\u0107 o Dodikovom sastanku da Putinom: Sada bi trebao posjetiti i Ukrajinu - TuzlaInfo.ba\" \/>\n<meta property=\"og:description\" content=\"Ministrica vanjskih poslova BiH Bisera Turkovi\u0107 prokomentarisala je odlazak \u010dlana Predsjedni\u0161tva BiH Milorada Dodika na&hellip;\" \/>\n<meta property=\"og:url\" content=\"https:\/\/tuzlainfo.ba\/index.php\/bosna-i-hercegovina\/item\/175676-turkovic-o-dodikovom-sastanku-da-putinom-sada-bi-trebao-posjetiti-i-ukrajinu\/\" \/>\n<meta property=\"og:site_name\" content=\"TuzlaInfo.ba\" \/>\n<meta property=\"article:publisher\" content=\"https:\/\/www.facebook.com\/tuzlainfo.ba\/\" \/>\n<meta property=\"article:published_time\" content=\"2022-06-18T07:21:30+00:00\" \/>\n<meta property=\"og:image\" content=\"https:\/\/tuzlainfo.ba\/wp-content\/uploads\/2022\/04\/1404_bisera_turkovic.jpg\" \/>\n\t<meta property=\"og:image:width\" content=\"1000\" \/>\n\t<meta property=\"og:image:height\" content=\"667\" \/>\n\t<meta property=\"og:image:type\" content=\"image\/jpeg\" \/>\n<meta name=\"author\" content=\"nedim\" \/>\n<meta name=\"twitter:card\" content=\"summary_large_image\" \/>\n<meta name=\"twitter:label1\" content=\"Written by\" \/>\n\t<meta name=\"twitter:data1\" content=\"nedim\" \/>\n\t<meta name=\"twitter:label2\" content=\"Est. reading time\" \/>\n\t<meta name=\"twitter:data2\" content=\"2 minute\" \/>\n<script type=\"application\/ld+json\" class=\"yoast-schema-graph\">{\"@context\":\"https:\/\/schema.org\",\"@graph\":[{\"@type\":\"Article\",\"@id\":\"https:\/\/tuzlainfo.ba\/index.php\/bosna-i-hercegovina\/item\/175676-turkovic-o-dodikovom-sastanku-da-putinom-sada-bi-trebao-posjetiti-i-ukrajinu\/#article\",\"isPartOf\":{\"@id\":\"https:\/\/tuzlainfo.ba\/index.php\/bosna-i-hercegovina\/item\/175676-turkovic-o-dodikovom-sastanku-da-putinom-sada-bi-trebao-posjetiti-i-ukrajinu\/\"},\"author\":{\"name\":\"nedim\",\"@id\":\"https:\/\/tuzlainfo.ba\/#\/schema\/person\/f434e20dc27ea133923aab08451b7f7f\"},\"headline\":\"Turkovi\u0107 o Dodikovom sastanku da Putinom: Sada bi trebao posjetiti i Ukrajinu\",\"datePublished\":\"2022-06-18T07:21:30+00:00\",\"dateModified\":\"2022-06-18T07:21:30+00:00\",\"mainEntityOfPage\":{\"@id\":\"https:\/\/tuzlainfo.ba\/index.php\/bosna-i-hercegovina\/item\/175676-turkovic-o-dodikovom-sastanku-da-putinom-sada-bi-trebao-posjetiti-i-ukrajinu\/\"},\"wordCount\":397,\"commentCount\":0,\"publisher\":{\"@id\":\"https:\/\/tuzlainfo.ba\/#organization\"},\"image\":{\"@id\":\"https:\/\/tuzlainfo.ba\/index.php\/bosna-i-hercegovina\/item\/175676-turkovic-o-dodikovom-sastanku-da-putinom-sada-bi-trebao-posjetiti-i-ukrajinu\/#primaryimage\"},\"thumbnailUrl\":\"https:\/\/tuzlainfo.ba\/wp-content\/uploads\/2022\/04\/1404_bisera_turkovic.jpg\",\"keywords\":[\"bisera turkovi\u0107\"],\"articleSection\":[\"Bosna i Hercegovina\"],\"inLanguage\":\"bs-BA\"},{\"@type\":\"WebPage\",\"@id\":\"https:\/\/tuzlainfo.ba\/index.php\/bosna-i-hercegovina\/item\/175676-turkovic-o-dodikovom-sastanku-da-putinom-sada-bi-trebao-posjetiti-i-ukrajinu\/\",\"url\":\"https:\/\/tuzlainfo.ba\/index.php\/bosna-i-hercegovina\/item\/175676-turkovic-o-dodikovom-sastanku-da-putinom-sada-bi-trebao-posjetiti-i-ukrajinu\/\",\"name\":\"Turkovi\u0107 o Dodikovom sastanku da Putinom: Sada bi trebao posjetiti i Ukrajinu - TuzlaInfo.ba\",\"isPartOf\":{\"@id\":\"https:\/\/tuzlainfo.ba\/#website\"},\"primaryImageOfPage\":{\"@id\":\"https:\/\/tuzlainfo.ba\/index.php\/bosna-i-hercegovina\/item\/175676-turkovic-o-dodikovom-sastanku-da-putinom-sada-bi-trebao-posjetiti-i-ukrajinu\/#primaryimage\"},\"image\":{\"@id\":\"https:\/\/tuzlainfo.ba\/index.php\/bosna-i-hercegovina\/item\/175676-turkovic-o-dodikovom-sastanku-da-putinom-sada-bi-trebao-posjetiti-i-ukrajinu\/#primaryimage\"},\"thumbnailUrl\":\"https:\/\/tuzlainfo.ba\/wp-content\/uploads\/2022\/04\/1404_bisera_turkovic.jpg\",\"datePublished\":\"2022-06-18T07:21:30+00:00\",\"dateModified\":\"2022-06-18T07:21:30+00:00\",\"breadcrumb\":{\"@id\":\"https:\/\/tuzlainfo.ba\/index.php\/bosna-i-hercegovina\/item\/175676-turkovic-o-dodikovom-sastanku-da-putinom-sada-bi-trebao-posjetiti-i-ukrajinu\/#breadcrumb\"},\"inLanguage\":\"bs-BA\",\"potentialAction\":[{\"@type\":\"ReadAction\",\"target\":[\"https:\/\/tuzlainfo.ba\/index.php\/bosna-i-hercegovina\/item\/175676-turkovic-o-dodikovom-sastanku-da-putinom-sada-bi-trebao-posjetiti-i-ukrajinu\/\"]}]},{\"@type\":\"ImageObject\",\"inLanguage\":\"bs-BA\",\"@id\":\"https:\/\/tuzlainfo.ba\/index.php\/bosna-i-hercegovina\/item\/175676-turkovic-o-dodikovom-sastanku-da-putinom-sada-bi-trebao-posjetiti-i-ukrajinu\/#primaryimage\",\"url\":\"https:\/\/tuzlainfo.ba\/wp-content\/uploads\/2022\/04\/1404_bisera_turkovic.jpg\",\"contentUrl\":\"https:\/\/tuzlainfo.ba\/wp-content\/uploads\/2022\/04\/1404_bisera_turkovic.jpg\",\"width\":1000,\"height\":667},{\"@type\":\"BreadcrumbList\",\"@id\":\"https:\/\/tuzlainfo.ba\/index.php\/bosna-i-hercegovina\/item\/175676-turkovic-o-dodikovom-sastanku-da-putinom-sada-bi-trebao-posjetiti-i-ukrajinu\/#breadcrumb\",\"itemListElement\":[{\"@type\":\"ListItem\",\"position\":1,\"name\":\"Home\",\"item\":\"https:\/\/tuzlainfo.ba\/\"},{\"@type\":\"ListItem\",\"position\":2,\"name\":\"Turkovi\u0107 o Dodikovom sastanku da Putinom: Sada bi trebao posjetiti i Ukrajinu\"}]},{\"@type\":\"WebSite\",\"@id\":\"https:\/\/tuzlainfo.ba\/#website\",\"url\":\"https:\/\/tuzlainfo.ba\/\",\"name\":\"TuzlaInfo.ba\",\"description\":\"Tuzla info, gradski informator - Tuzla na dlanu\",\"publisher\":{\"@id\":\"https:\/\/tuzlainfo.ba\/#organization\"},\"potentialAction\":[{\"@type\":\"SearchAction\",\"target\":{\"@type\":\"EntryPoint\",\"urlTemplate\":\"https:\/\/tuzlainfo.ba\/?s={search_term_string}\"},\"query-input\":{\"@type\":\"PropertyValueSpecification\",\"valueRequired\":true,\"valueName\":\"search_term_string\"}}],\"inLanguage\":\"bs-BA\"},{\"@type\":\"Organization\",\"@id\":\"https:\/\/tuzlainfo.ba\/#organization\",\"name\":\"TuzlaInfo.ba\",\"url\":\"https:\/\/tuzlainfo.ba\/\",\"logo\":{\"@type\":\"ImageObject\",\"inLanguage\":\"bs-BA\",\"@id\":\"https:\/\/tuzlainfo.ba\/#\/schema\/logo\/image\/\",\"url\":\"https:\/\/tuzlainfo.ba\/wp-content\/uploads\/2021\/03\/logo-ver-3-1.png\",\"contentUrl\":\"https:\/\/tuzlainfo.ba\/wp-content\/uploads\/2021\/03\/logo-ver-3-1.png\",\"width\":350,\"height\":95,\"caption\":\"TuzlaInfo.ba\"},\"image\":{\"@id\":\"https:\/\/tuzlainfo.ba\/#\/schema\/logo\/image\/\"},\"sameAs\":[\"https:\/\/www.facebook.com\/tuzlainfo.ba\/\"]},{\"@type\":\"Person\",\"@id\":\"https:\/\/tuzlainfo.ba\/#\/schema\/person\/f434e20dc27ea133923aab08451b7f7f\",\"name\":\"nedim\",\"image\":{\"@type\":\"ImageObject\",\"inLanguage\":\"bs-BA\",\"@id\":\"https:\/\/tuzlainfo.ba\/#\/schema\/person\/image\/\",\"url\":\"https:\/\/tuzlainfo.ba\/wp-content\/litespeed\/avatar\/aabad687af24844af817603ac1cbdc4f.jpg?ver=1776702173\",\"contentUrl\":\"https:\/\/tuzlainfo.ba\/wp-content\/litespeed\/avatar\/aabad687af24844af817603ac1cbdc4f.jpg?ver=1776702173\",\"caption\":\"nedim\"},\"description\":\"Tuzlainfo.ba pratite na dru\u0161tvenim mre\u017eama: Facebook, Instagram i Youtube. Svoje pri\u010de, upite i fotografije \u0161aljite na na\u0161u e-mail adresu.\"}]}<\/script>\n<!-- \/ Yoast SEO plugin. -->","yoast_head_json":{"title":"Turkovi\u0107 o Dodikovom sastanku da Putinom: Sada bi trebao posjetiti i Ukrajinu - TuzlaInfo.ba","robots":{"index":"index","follow":"follow","max-snippet":"max-snippet:-1","max-image-preview":"max-image-preview:large","max-video-preview":"max-video-preview:-1"},"canonical":"https:\/\/tuzlainfo.ba\/index.php\/bosna-i-hercegovina\/item\/175676-turkovic-o-dodikovom-sastanku-da-putinom-sada-bi-trebao-posjetiti-i-ukrajinu\/","og_locale":"bs_BA","og_type":"article","og_title":"Turkovi\u0107 o Dodikovom sastanku da Putinom: Sada bi trebao posjetiti i Ukrajinu - TuzlaInfo.ba","og_description":"Ministrica vanjskih poslova BiH Bisera Turkovi\u0107 prokomentarisala je odlazak \u010dlana Predsjedni\u0161tva BiH Milorada Dodika na&hellip;","og_url":"https:\/\/tuzlainfo.ba\/index.php\/bosna-i-hercegovina\/item\/175676-turkovic-o-dodikovom-sastanku-da-putinom-sada-bi-trebao-posjetiti-i-ukrajinu\/","og_site_name":"TuzlaInfo.ba","article_publisher":"https:\/\/www.facebook.com\/tuzlainfo.ba\/","article_published_time":"2022-06-18T07:21:30+00:00","og_image":[{"width":1000,"height":667,"url":"https:\/\/tuzlainfo.ba\/wp-content\/uploads\/2022\/04\/1404_bisera_turkovic.jpg","type":"image\/jpeg"}],"author":"nedim","twitter_card":"summary_large_image","twitter_misc":{"Written by":"nedim","Est. reading time":"2 minute"},"schema":{"@context":"https:\/\/schema.org","@graph":[{"@type":"Article","@id":"https:\/\/tuzlainfo.ba\/index.php\/bosna-i-hercegovina\/item\/175676-turkovic-o-dodikovom-sastanku-da-putinom-sada-bi-trebao-posjetiti-i-ukrajinu\/#article","isPartOf":{"@id":"https:\/\/tuzlainfo.ba\/index.php\/bosna-i-hercegovina\/item\/175676-turkovic-o-dodikovom-sastanku-da-putinom-sada-bi-trebao-posjetiti-i-ukrajinu\/"},"author":{"name":"nedim","@id":"https:\/\/tuzlainfo.ba\/#\/schema\/person\/f434e20dc27ea133923aab08451b7f7f"},"headline":"Turkovi\u0107 o Dodikovom sastanku da Putinom: Sada bi trebao posjetiti i Ukrajinu","datePublished":"2022-06-18T07:21:30+00:00","dateModified":"2022-06-18T07:21:30+00:00","mainEntityOfPage":{"@id":"https:\/\/tuzlainfo.ba\/index.php\/bosna-i-hercegovina\/item\/175676-turkovic-o-dodikovom-sastanku-da-putinom-sada-bi-trebao-posjetiti-i-ukrajinu\/"},"wordCount":397,"commentCount":0,"publisher":{"@id":"https:\/\/tuzlainfo.ba\/#organization"},"image":{"@id":"https:\/\/tuzlainfo.ba\/index.php\/bosna-i-hercegovina\/item\/175676-turkovic-o-dodikovom-sastanku-da-putinom-sada-bi-trebao-posjetiti-i-ukrajinu\/#primaryimage"},"thumbnailUrl":"https:\/\/tuzlainfo.ba\/wp-content\/uploads\/2022\/04\/1404_bisera_turkovic.jpg","keywords":["bisera turkovi\u0107"],"articleSection":["Bosna i Hercegovina"],"inLanguage":"bs-BA"},{"@type":"WebPage","@id":"https:\/\/tuzlainfo.ba\/index.php\/bosna-i-hercegovina\/item\/175676-turkovic-o-dodikovom-sastanku-da-putinom-sada-bi-trebao-posjetiti-i-ukrajinu\/","url":"https:\/\/tuzlainfo.ba\/index.php\/bosna-i-hercegovina\/item\/175676-turkovic-o-dodikovom-sastanku-da-putinom-sada-bi-trebao-posjetiti-i-ukrajinu\/","name":"Turkovi\u0107 o Dodikovom sastanku da Putinom: Sada bi trebao posjetiti i Ukrajinu - TuzlaInfo.ba","isPartOf":{"@id":"https:\/\/tuzlainfo.ba\/#website"},"primaryImageOfPage":{"@id":"https:\/\/tuzlainfo.ba\/index.php\/bosna-i-hercegovina\/item\/175676-turkovic-o-dodikovom-sastanku-da-putinom-sada-bi-trebao-posjetiti-i-ukrajinu\/#primaryimage"},"image":{"@id":"https:\/\/tuzlainfo.ba\/index.php\/bosna-i-hercegovina\/item\/175676-turkovic-o-dodikovom-sastanku-da-putinom-sada-bi-trebao-posjetiti-i-ukrajinu\/#primaryimage"},"thumbnailUrl":"https:\/\/tuzlainfo.ba\/wp-content\/uploads\/2022\/04\/1404_bisera_turkovic.jpg","datePublished":"2022-06-18T07:21:30+00:00","dateModified":"2022-06-18T07:21:30+00:00","breadcrumb":{"@id":"https:\/\/tuzlainfo.ba\/index.php\/bosna-i-hercegovina\/item\/175676-turkovic-o-dodikovom-sastanku-da-putinom-sada-bi-trebao-posjetiti-i-ukrajinu\/#breadcrumb"},"inLanguage":"bs-BA","potentialAction":[{"@type":"ReadAction","target":["https:\/\/tuzlainfo.ba\/index.php\/bosna-i-hercegovina\/item\/175676-turkovic-o-dodikovom-sastanku-da-putinom-sada-bi-trebao-posjetiti-i-ukrajinu\/"]}]},{"@type":"ImageObject","inLanguage":"bs-BA","@id":"https:\/\/tuzlainfo.ba\/index.php\/bosna-i-hercegovina\/item\/175676-turkovic-o-dodikovom-sastanku-da-putinom-sada-bi-trebao-posjetiti-i-ukrajinu\/#primaryimage","url":"https:\/\/tuzlainfo.ba\/wp-content\/uploads\/2022\/04\/1404_bisera_turkovic.jpg","contentUrl":"https:\/\/tuzlainfo.ba\/wp-content\/uploads\/2022\/04\/1404_bisera_turkovic.jpg","width":1000,"height":667},{"@type":"BreadcrumbList","@id":"https:\/\/tuzlainfo.ba\/index.php\/bosna-i-hercegovina\/item\/175676-turkovic-o-dodikovom-sastanku-da-putinom-sada-bi-trebao-posjetiti-i-ukrajinu\/#breadcrumb","itemListElement":[{"@type":"ListItem","position":1,"name":"Home","item":"https:\/\/tuzlainfo.ba\/"},{"@type":"ListItem","position":2,"name":"Turkovi\u0107 o Dodikovom sastanku da Putinom: Sada bi trebao posjetiti i Ukrajinu"}]},{"@type":"WebSite","@id":"https:\/\/tuzlainfo.ba\/#website","url":"https:\/\/tuzlainfo.ba\/","name":"TuzlaInfo.ba","description":"Tuzla info, gradski informator - Tuzla na dlanu","publisher":{"@id":"https:\/\/tuzlainfo.ba\/#organization"},"potentialAction":[{"@type":"SearchAction","target":{"@type":"EntryPoint","urlTemplate":"https:\/\/tuzlainfo.ba\/?s={search_term_string}"},"query-input":{"@type":"PropertyValueSpecification","valueRequired":true,"valueName":"search_term_string"}}],"inLanguage":"bs-BA"},{"@type":"Organization","@id":"https:\/\/tuzlainfo.ba\/#organization","name":"TuzlaInfo.ba","url":"https:\/\/tuzlainfo.ba\/","logo":{"@type":"ImageObject","inLanguage":"bs-BA","@id":"https:\/\/tuzlainfo.ba\/#\/schema\/logo\/image\/","url":"https:\/\/tuzlainfo.ba\/wp-content\/uploads\/2021\/03\/logo-ver-3-1.png","contentUrl":"https:\/\/tuzlainfo.ba\/wp-content\/uploads\/2021\/03\/logo-ver-3-1.png","width":350,"height":95,"caption":"TuzlaInfo.ba"},"image":{"@id":"https:\/\/tuzlainfo.ba\/#\/schema\/logo\/image\/"},"sameAs":["https:\/\/www.facebook.com\/tuzlainfo.ba\/"]},{"@type":"Person","@id":"https:\/\/tuzlainfo.ba\/#\/schema\/person\/f434e20dc27ea133923aab08451b7f7f","name":"nedim","image":{"@type":"ImageObject","inLanguage":"bs-BA","@id":"https:\/\/tuzlainfo.ba\/#\/schema\/person\/image\/","url":"https:\/\/tuzlainfo.ba\/wp-content\/litespeed\/avatar\/aabad687af24844af817603ac1cbdc4f.jpg?ver=1776702173","contentUrl":"https:\/\/tuzlainfo.ba\/wp-content\/litespeed\/avatar\/aabad687af24844af817603ac1cbdc4f.jpg?ver=1776702173","caption":"nedim"},"description":"Tuzlainfo.ba pratite na dru\u0161tvenim mre\u017eama: Facebook, Instagram i Youtube. Svoje pri\u010de, upite i fotografije \u0161aljite na na\u0161u e-mail adresu."}]}},"_links":{"self":[{"href":"https:\/\/tuzlainfo.ba\/index.php\/wp-json\/wp\/v2\/posts\/175676"}],"collection":[{"href":"https:\/\/tuzlainfo.ba\/index.php\/wp-json\/wp\/v2\/posts"}],"about":[{"href":"https:\/\/tuzlainfo.ba\/index.php\/wp-json\/wp\/v2\/types\/post"}],"author":[{"embeddable":true,"href":"https:\/\/tuzlainfo.ba\/index.php\/wp-json\/wp\/v2\/users\/2"}],"replies":[{"embeddable":true,"href":"https:\/\/tuzlainfo.ba\/index.php\/wp-json\/wp\/v2\/comments?post=175676"}],"version-history":[{"count":0,"href":"https:\/\/tuzlainfo.ba\/index.php\/wp-json\/wp\/v2\/posts\/175676\/revisions"}],"wp:featuredmedia":[{"embeddable":true,"href":"https:\/\/tuzlainfo.ba\/index.php\/wp-json\/wp\/v2\/media\/169364"}],"wp:attachment":[{"href":"https:\/\/tuzlainfo.ba\/index.php\/wp-json\/wp\/v2\/media?parent=175676"}],"wp:term":[{"taxonomy":"category","embeddable":true,"href":"https:\/\/tuzlainfo.ba\/index.php\/wp-json\/wp\/v2\/categories?post=175676"},{"taxonomy":"post_tag","embeddable":true,"href":"https:\/\/tuzlainfo.ba\/index.php\/wp-json\/wp\/v2\/tags?post=175676"}],"curies":[{"name":"wp","href":"https:\/\/api.w.org\/{rel}","templated":true}]}}