{"id":175385,"date":"2022-06-15T12:28:25","date_gmt":"2022-06-15T10:28:25","guid":{"rendered":"https:\/\/tuzlainfo.ba\/?p=175385"},"modified":"2022-06-16T07:21:27","modified_gmt":"2022-06-16T05:21:27","slug":"foto-video-dobar-odziv-gradjana-tuzlaci-zasukali-rukave-i-darovali-krv","status":"publish","type":"post","link":"https:\/\/tuzlainfo.ba\/index.php\/novosti\/item\/175385-foto-video-dobar-odziv-gradjana-tuzlaci-zasukali-rukave-i-darovali-krv\/","title":{"rendered":"FOTO\/VIDEO \/Dobar odziv gra\u0111ana: Tuzlaci &#8220;zasukali rukave&#8221; i darovali krv"},"content":{"rendered":"<p>Crveni kri\u017e\/krst grada Tuzla u saradnji sa Crvenim kri\u017eem Tuzlanskog kantona i Poliklinikom za transfuziologiju UKC Tuzla organizovao je danas javnu akciju dobrovoljnog darivanja krvi na Trgu slobode u periodu od 11 do 14 sati, a sve to pod pokroviteljstvom Gradskog \u0161taba Civilne za\u0161tite Grada Tuzle.<\/p>\n<p>Obzirom da zadnji podaci Poliklinike za transfuziologiju govore da je broj osoba koje daruju krv daleko ispod planiranog broja za podru\u010dje na\u0161eg grada, dovodi se u pitanje proces redovnog lije\u010denja bolesnika i povrije\u0111enih osoba u UKC Tuzla. Stoga je zna\u010daj dana\u0161nje akcije vi\u0161estruk.<\/p>\n<p>Prije darivanja krvi sa svim dobrovoljcima obavljeno je laboratorijsko testiranje i lije\u010dni\u010dki pregled. Odre\u0111ena je i krvna grupa, te su uru\u010dene knji\u017eice darivaoca krvi nakon detaljnog laboratorijskog ispitivanja.<\/p>\n<p><iframe title=\"Trg slobode - Akcija dobrovoljnog darivanja krvi\" width=\"1170\" height=\"658\" src=\"https:\/\/www.youtube.com\/embed\/jaQH8Pdb6Pc?feature=oembed\" frameborder=\"0\" allow=\"accelerometer; autoplay; clipboard-write; encrypted-media; gyroscope; picture-in-picture\" allowfullscreen><\/iframe><\/p>\n<p>&#8211; Povod akcije jeste Svjetski dan dobrovoljnog darivanja krvi. Na ovaj na\u010din \u017eelimo dodatno skrenuti pa\u017enju javnosti na ovu va\u017enu oblast darivanja krvi. Nekako, ova oblast je posljednjih nekoliko godina na margini cjelokupne zajednice. Osim samog darivanja, \u017eelimo animirati javnost i promovisati dobrovoljno darivanje krvi, izjavila je za Tuzlainfo.ba. Tanja Bijedi\u0107, projekt koordinator u Crvenom kri\u017eu Tuzlanskog kantona.<\/p>\n<div id=\"penci-post-gallery__5876\" class=\"penci-post-gallery-container justified column-3\" data-height=\"150\" data-margin=\"3\"><a class=\"item-gallery-justified\" href=\"https:\/\/tuzlainfo.ba\/wp-content\/uploads\/2022\/06\/1506_darivanje_krv-2.jpg\"><img decoding=\"async\" src=\"https:\/\/tuzlainfo.ba\/wp-content\/uploads\/2022\/06\/1506_darivanje_krv-2-585x329.jpg\" alt=\"\" title=\"1506_darivanje_krv (2)\"><\/a><a class=\"item-gallery-justified\" href=\"https:\/\/tuzlainfo.ba\/wp-content\/uploads\/2022\/06\/1506_darivanje_krv-3.jpg\"><img decoding=\"async\" src=\"https:\/\/tuzlainfo.ba\/wp-content\/uploads\/2022\/06\/1506_darivanje_krv-3-585x439.jpg\" alt=\"\" title=\"1506_darivanje_krv (3)\"><\/a><a class=\"item-gallery-justified\" href=\"https:\/\/tuzlainfo.ba\/wp-content\/uploads\/2022\/06\/1506_darivanje_krv-4.jpg\"><img decoding=\"async\" src=\"https:\/\/tuzlainfo.ba\/wp-content\/uploads\/2022\/06\/1506_darivanje_krv-4-585x439.jpg\" alt=\"\" title=\"1506_darivanje_krv (4)\"><\/a><a class=\"item-gallery-justified\" href=\"https:\/\/tuzlainfo.ba\/wp-content\/uploads\/2022\/06\/1506_darivanje_krv-5.jpg\"><img decoding=\"async\" src=\"https:\/\/tuzlainfo.ba\/wp-content\/uploads\/2022\/06\/1506_darivanje_krv-5-585x439.jpg\" alt=\"\" title=\"1506_darivanje_krv (5)\"><\/a><a class=\"item-gallery-justified\" href=\"https:\/\/tuzlainfo.ba\/wp-content\/uploads\/2022\/06\/1506_darivanje_krv-6.jpg\"><img decoding=\"async\" src=\"https:\/\/tuzlainfo.ba\/wp-content\/uploads\/2022\/06\/1506_darivanje_krv-6-585x439.jpg\" alt=\"\" title=\"1506_darivanje_krv (6)\"><\/a><a class=\"item-gallery-justified\" href=\"https:\/\/tuzlainfo.ba\/wp-content\/uploads\/2022\/06\/1506_darivanje_krv-7.jpg\"><img decoding=\"async\" src=\"https:\/\/tuzlainfo.ba\/wp-content\/uploads\/2022\/06\/1506_darivanje_krv-7-585x439.jpg\" alt=\"\" title=\"1506_darivanje_krv (7)\"><\/a><a class=\"item-gallery-justified\" href=\"https:\/\/tuzlainfo.ba\/wp-content\/uploads\/2022\/06\/1506_darivanje_krv-8.jpg\"><img decoding=\"async\" src=\"https:\/\/tuzlainfo.ba\/wp-content\/uploads\/2022\/06\/1506_darivanje_krv-8-585x439.jpg\" alt=\"\" title=\"1506_darivanje_krv (8)\"><\/a><a class=\"item-gallery-justified\" href=\"https:\/\/tuzlainfo.ba\/wp-content\/uploads\/2022\/06\/1506_darivanje_krv-9.jpg\"><img decoding=\"async\" src=\"https:\/\/tuzlainfo.ba\/wp-content\/uploads\/2022\/06\/1506_darivanje_krv-9-585x329.jpg\" alt=\"\" title=\"1506_darivanje_krv (9)\"><\/a><a class=\"item-gallery-justified\" href=\"https:\/\/tuzlainfo.ba\/wp-content\/uploads\/2022\/06\/1506_darivanje_krv-10.jpg\"><img decoding=\"async\" src=\"https:\/\/tuzlainfo.ba\/wp-content\/uploads\/2022\/06\/1506_darivanje_krv-10-585x329.jpg\" alt=\"\" title=\"1506_darivanje_krv (10)\"><\/a><a class=\"item-gallery-justified\" href=\"https:\/\/tuzlainfo.ba\/wp-content\/uploads\/2022\/06\/1506_darivanje_krv-1.jpg\"><img decoding=\"async\" src=\"https:\/\/tuzlainfo.ba\/wp-content\/uploads\/2022\/06\/1506_darivanje_krv-1-585x439.jpg\" alt=\"\" title=\"1506_darivanje_krv (1)\"><\/a><\/div>\n<p>Tokom trajanja akcije volonteri Crvenog kri\u017ea\/krsta u saradnji sa svim organizacijama koje su uklju\u010dene u ovaj doga\u0111aj, gra\u0111anima Tuzle dijelili su adekvatan propagandni materijal te su ih upoznavali s osnovim na\u010delima darivanja krvi.<\/p>\n<p>Odziv gra\u0111ana bilo je zadovoljavaju\u0107i \u0161to govori da su svjesni zna\u010daja ovakvih akcija. <strong>\/S. P.\/<\/strong><\/p>\n<p><iframe title=\"Tanja Bijedic, projekt koordinator Crvenog kriza\/krsta Tuzla\" width=\"1170\" height=\"658\" src=\"https:\/\/www.youtube.com\/embed\/WdVeywC6Lco?feature=oembed\" frameborder=\"0\" allow=\"accelerometer; autoplay; clipboard-write; encrypted-media; gyroscope; picture-in-picture\" allowfullscreen><\/iframe><\/p>\n<p><iframe title=\"Selma Memisevic, dobrovoljni davalac krvi\" width=\"1170\" height=\"658\" src=\"https:\/\/www.youtube.com\/embed\/FsnRAZglHvc?start=4&#038;feature=oembed\" frameborder=\"0\" allow=\"accelerometer; autoplay; clipboard-write; encrypted-media; gyroscope; picture-in-picture\" allowfullscreen><\/iframe><\/p>\n","protected":false},"excerpt":{"rendered":"<p>Crveni kri\u017e\/krst grada Tuzla u saradnji sa Crvenim kri\u017eem Tuzlanskog kantona i Poliklinikom za transfuziologiju&hellip;<\/p>\n","protected":false},"author":2,"featured_media":175392,"comment_status":"open","ping_status":"closed","sticky":false,"template":"","format":"standard","meta":{"_acf_changed":false,"footnotes":""},"categories":[304,12,306],"tags":[4239,4952],"acf":[],"yoast_head":"<!-- This site is optimized with the Yoast SEO plugin v23.5 - https:\/\/yoast.com\/wordpress\/plugins\/seo\/ -->\n<title>FOTO\/VIDEO \/Dobar odziv gra\u0111ana: Tuzlaci &quot;zasukali rukave&quot; i darovali krv - TuzlaInfo.ba<\/title>\n<meta name=\"robots\" content=\"index, follow, max-snippet:-1, max-image-preview:large, max-video-preview:-1\" \/>\n<link rel=\"canonical\" href=\"https:\/\/tuzlainfo.ba\/index.php\/novosti\/item\/175385-foto-video-dobar-odziv-gradjana-tuzlaci-zasukali-rukave-i-darovali-krv\/\" \/>\n<meta property=\"og:locale\" content=\"bs_BA\" \/>\n<meta property=\"og:type\" content=\"article\" \/>\n<meta property=\"og:title\" content=\"FOTO\/VIDEO \/Dobar odziv gra\u0111ana: Tuzlaci &quot;zasukali rukave&quot; i darovali krv - TuzlaInfo.ba\" \/>\n<meta property=\"og:description\" content=\"Crveni kri\u017e\/krst grada Tuzla u saradnji sa Crvenim kri\u017eem Tuzlanskog kantona i Poliklinikom za transfuziologiju&hellip;\" \/>\n<meta property=\"og:url\" content=\"https:\/\/tuzlainfo.ba\/index.php\/novosti\/item\/175385-foto-video-dobar-odziv-gradjana-tuzlaci-zasukali-rukave-i-darovali-krv\/\" \/>\n<meta property=\"og:site_name\" content=\"TuzlaInfo.ba\" \/>\n<meta property=\"article:publisher\" content=\"https:\/\/www.facebook.com\/tuzlainfo.ba\/\" \/>\n<meta property=\"article:published_time\" content=\"2022-06-15T10:28:25+00:00\" \/>\n<meta property=\"article:modified_time\" content=\"2022-06-16T05:21:27+00:00\" \/>\n<meta property=\"og:image\" content=\"https:\/\/tuzlainfo.ba\/wp-content\/uploads\/2022\/06\/1506_darivanje_krv-8.jpg\" \/>\n\t<meta property=\"og:image:width\" content=\"2048\" \/>\n\t<meta property=\"og:image:height\" content=\"1536\" \/>\n\t<meta property=\"og:image:type\" content=\"image\/jpeg\" \/>\n<meta name=\"author\" content=\"nedim\" \/>\n<meta name=\"twitter:card\" content=\"summary_large_image\" \/>\n<meta name=\"twitter:label1\" content=\"Written by\" \/>\n\t<meta name=\"twitter:data1\" content=\"nedim\" \/>\n\t<meta name=\"twitter:label2\" content=\"Est. reading time\" \/>\n\t<meta name=\"twitter:data2\" content=\"1 minuta\" \/>\n<script type=\"application\/ld+json\" class=\"yoast-schema-graph\">{\"@context\":\"https:\/\/schema.org\",\"@graph\":[{\"@type\":\"Article\",\"@id\":\"https:\/\/tuzlainfo.ba\/index.php\/novosti\/item\/175385-foto-video-dobar-odziv-gradjana-tuzlaci-zasukali-rukave-i-darovali-krv\/#article\",\"isPartOf\":{\"@id\":\"https:\/\/tuzlainfo.ba\/index.php\/novosti\/item\/175385-foto-video-dobar-odziv-gradjana-tuzlaci-zasukali-rukave-i-darovali-krv\/\"},\"author\":{\"name\":\"nedim\",\"@id\":\"https:\/\/tuzlainfo.ba\/#\/schema\/person\/f434e20dc27ea133923aab08451b7f7f\"},\"headline\":\"FOTO\/VIDEO \/Dobar odziv gra\u0111ana: Tuzlaci &#8220;zasukali rukave&#8221; i darovali krv\",\"datePublished\":\"2022-06-15T10:28:25+00:00\",\"dateModified\":\"2022-06-16T05:21:27+00:00\",\"mainEntityOfPage\":{\"@id\":\"https:\/\/tuzlainfo.ba\/index.php\/novosti\/item\/175385-foto-video-dobar-odziv-gradjana-tuzlaci-zasukali-rukave-i-darovali-krv\/\"},\"wordCount\":286,\"commentCount\":0,\"publisher\":{\"@id\":\"https:\/\/tuzlainfo.ba\/#organization\"},\"image\":{\"@id\":\"https:\/\/tuzlainfo.ba\/index.php\/novosti\/item\/175385-foto-video-dobar-odziv-gradjana-tuzlaci-zasukali-rukave-i-darovali-krv\/#primaryimage\"},\"thumbnailUrl\":\"https:\/\/tuzlainfo.ba\/wp-content\/uploads\/2022\/06\/1506_darivanje_krv-8.jpg\",\"keywords\":[\"Akcija darivanja krvi\",\"crveni kri\u017e\"],\"articleSection\":[\"Istaknuto\",\"Novosti\",\"Preporu\u010dujemo\"],\"inLanguage\":\"bs-BA\"},{\"@type\":\"WebPage\",\"@id\":\"https:\/\/tuzlainfo.ba\/index.php\/novosti\/item\/175385-foto-video-dobar-odziv-gradjana-tuzlaci-zasukali-rukave-i-darovali-krv\/\",\"url\":\"https:\/\/tuzlainfo.ba\/index.php\/novosti\/item\/175385-foto-video-dobar-odziv-gradjana-tuzlaci-zasukali-rukave-i-darovali-krv\/\",\"name\":\"FOTO\/VIDEO \/Dobar odziv gra\u0111ana: Tuzlaci \\\"zasukali rukave\\\" i darovali krv - TuzlaInfo.ba\",\"isPartOf\":{\"@id\":\"https:\/\/tuzlainfo.ba\/#website\"},\"primaryImageOfPage\":{\"@id\":\"https:\/\/tuzlainfo.ba\/index.php\/novosti\/item\/175385-foto-video-dobar-odziv-gradjana-tuzlaci-zasukali-rukave-i-darovali-krv\/#primaryimage\"},\"image\":{\"@id\":\"https:\/\/tuzlainfo.ba\/index.php\/novosti\/item\/175385-foto-video-dobar-odziv-gradjana-tuzlaci-zasukali-rukave-i-darovali-krv\/#primaryimage\"},\"thumbnailUrl\":\"https:\/\/tuzlainfo.ba\/wp-content\/uploads\/2022\/06\/1506_darivanje_krv-8.jpg\",\"datePublished\":\"2022-06-15T10:28:25+00:00\",\"dateModified\":\"2022-06-16T05:21:27+00:00\",\"breadcrumb\":{\"@id\":\"https:\/\/tuzlainfo.ba\/index.php\/novosti\/item\/175385-foto-video-dobar-odziv-gradjana-tuzlaci-zasukali-rukave-i-darovali-krv\/#breadcrumb\"},\"inLanguage\":\"bs-BA\",\"potentialAction\":[{\"@type\":\"ReadAction\",\"target\":[\"https:\/\/tuzlainfo.ba\/index.php\/novosti\/item\/175385-foto-video-dobar-odziv-gradjana-tuzlaci-zasukali-rukave-i-darovali-krv\/\"]}]},{\"@type\":\"ImageObject\",\"inLanguage\":\"bs-BA\",\"@id\":\"https:\/\/tuzlainfo.ba\/index.php\/novosti\/item\/175385-foto-video-dobar-odziv-gradjana-tuzlaci-zasukali-rukave-i-darovali-krv\/#primaryimage\",\"url\":\"https:\/\/tuzlainfo.ba\/wp-content\/uploads\/2022\/06\/1506_darivanje_krv-8.jpg\",\"contentUrl\":\"https:\/\/tuzlainfo.ba\/wp-content\/uploads\/2022\/06\/1506_darivanje_krv-8.jpg\",\"width\":2048,\"height\":1536},{\"@type\":\"BreadcrumbList\",\"@id\":\"https:\/\/tuzlainfo.ba\/index.php\/novosti\/item\/175385-foto-video-dobar-odziv-gradjana-tuzlaci-zasukali-rukave-i-darovali-krv\/#breadcrumb\",\"itemListElement\":[{\"@type\":\"ListItem\",\"position\":1,\"name\":\"Home\",\"item\":\"https:\/\/tuzlainfo.ba\/\"},{\"@type\":\"ListItem\",\"position\":2,\"name\":\"FOTO\/VIDEO \/Dobar odziv gra\u0111ana: Tuzlaci &#8220;zasukali rukave&#8221; i darovali krv\"}]},{\"@type\":\"WebSite\",\"@id\":\"https:\/\/tuzlainfo.ba\/#website\",\"url\":\"https:\/\/tuzlainfo.ba\/\",\"name\":\"TuzlaInfo.ba\",\"description\":\"Tuzla info, gradski informator - Tuzla na dlanu\",\"publisher\":{\"@id\":\"https:\/\/tuzlainfo.ba\/#organization\"},\"potentialAction\":[{\"@type\":\"SearchAction\",\"target\":{\"@type\":\"EntryPoint\",\"urlTemplate\":\"https:\/\/tuzlainfo.ba\/?s={search_term_string}\"},\"query-input\":{\"@type\":\"PropertyValueSpecification\",\"valueRequired\":true,\"valueName\":\"search_term_string\"}}],\"inLanguage\":\"bs-BA\"},{\"@type\":\"Organization\",\"@id\":\"https:\/\/tuzlainfo.ba\/#organization\",\"name\":\"TuzlaInfo.ba\",\"url\":\"https:\/\/tuzlainfo.ba\/\",\"logo\":{\"@type\":\"ImageObject\",\"inLanguage\":\"bs-BA\",\"@id\":\"https:\/\/tuzlainfo.ba\/#\/schema\/logo\/image\/\",\"url\":\"https:\/\/tuzlainfo.ba\/wp-content\/uploads\/2021\/03\/logo-ver-3-1.png\",\"contentUrl\":\"https:\/\/tuzlainfo.ba\/wp-content\/uploads\/2021\/03\/logo-ver-3-1.png\",\"width\":350,\"height\":95,\"caption\":\"TuzlaInfo.ba\"},\"image\":{\"@id\":\"https:\/\/tuzlainfo.ba\/#\/schema\/logo\/image\/\"},\"sameAs\":[\"https:\/\/www.facebook.com\/tuzlainfo.ba\/\"]},{\"@type\":\"Person\",\"@id\":\"https:\/\/tuzlainfo.ba\/#\/schema\/person\/f434e20dc27ea133923aab08451b7f7f\",\"name\":\"nedim\",\"image\":{\"@type\":\"ImageObject\",\"inLanguage\":\"bs-BA\",\"@id\":\"https:\/\/tuzlainfo.ba\/#\/schema\/person\/image\/\",\"url\":\"https:\/\/tuzlainfo.ba\/wp-content\/litespeed\/avatar\/aabad687af24844af817603ac1cbdc4f.jpg?ver=1777306975\",\"contentUrl\":\"https:\/\/tuzlainfo.ba\/wp-content\/litespeed\/avatar\/aabad687af24844af817603ac1cbdc4f.jpg?ver=1777306975\",\"caption\":\"nedim\"},\"description\":\"Tuzlainfo.ba pratite na dru\u0161tvenim mre\u017eama: Facebook, Instagram i Youtube. Svoje pri\u010de, upite i fotografije \u0161aljite na na\u0161u e-mail adresu.\"}]}<\/script>\n<!-- \/ Yoast SEO plugin. -->","yoast_head_json":{"title":"FOTO\/VIDEO \/Dobar odziv gra\u0111ana: Tuzlaci \"zasukali rukave\" i darovali krv - TuzlaInfo.ba","robots":{"index":"index","follow":"follow","max-snippet":"max-snippet:-1","max-image-preview":"max-image-preview:large","max-video-preview":"max-video-preview:-1"},"canonical":"https:\/\/tuzlainfo.ba\/index.php\/novosti\/item\/175385-foto-video-dobar-odziv-gradjana-tuzlaci-zasukali-rukave-i-darovali-krv\/","og_locale":"bs_BA","og_type":"article","og_title":"FOTO\/VIDEO \/Dobar odziv gra\u0111ana: Tuzlaci \"zasukali rukave\" i darovali krv - TuzlaInfo.ba","og_description":"Crveni kri\u017e\/krst grada Tuzla u saradnji sa Crvenim kri\u017eem Tuzlanskog kantona i Poliklinikom za transfuziologiju&hellip;","og_url":"https:\/\/tuzlainfo.ba\/index.php\/novosti\/item\/175385-foto-video-dobar-odziv-gradjana-tuzlaci-zasukali-rukave-i-darovali-krv\/","og_site_name":"TuzlaInfo.ba","article_publisher":"https:\/\/www.facebook.com\/tuzlainfo.ba\/","article_published_time":"2022-06-15T10:28:25+00:00","article_modified_time":"2022-06-16T05:21:27+00:00","og_image":[{"width":2048,"height":1536,"url":"https:\/\/tuzlainfo.ba\/wp-content\/uploads\/2022\/06\/1506_darivanje_krv-8.jpg","type":"image\/jpeg"}],"author":"nedim","twitter_card":"summary_large_image","twitter_misc":{"Written by":"nedim","Est. reading time":"1 minuta"},"schema":{"@context":"https:\/\/schema.org","@graph":[{"@type":"Article","@id":"https:\/\/tuzlainfo.ba\/index.php\/novosti\/item\/175385-foto-video-dobar-odziv-gradjana-tuzlaci-zasukali-rukave-i-darovali-krv\/#article","isPartOf":{"@id":"https:\/\/tuzlainfo.ba\/index.php\/novosti\/item\/175385-foto-video-dobar-odziv-gradjana-tuzlaci-zasukali-rukave-i-darovali-krv\/"},"author":{"name":"nedim","@id":"https:\/\/tuzlainfo.ba\/#\/schema\/person\/f434e20dc27ea133923aab08451b7f7f"},"headline":"FOTO\/VIDEO \/Dobar odziv gra\u0111ana: Tuzlaci &#8220;zasukali rukave&#8221; i darovali krv","datePublished":"2022-06-15T10:28:25+00:00","dateModified":"2022-06-16T05:21:27+00:00","mainEntityOfPage":{"@id":"https:\/\/tuzlainfo.ba\/index.php\/novosti\/item\/175385-foto-video-dobar-odziv-gradjana-tuzlaci-zasukali-rukave-i-darovali-krv\/"},"wordCount":286,"commentCount":0,"publisher":{"@id":"https:\/\/tuzlainfo.ba\/#organization"},"image":{"@id":"https:\/\/tuzlainfo.ba\/index.php\/novosti\/item\/175385-foto-video-dobar-odziv-gradjana-tuzlaci-zasukali-rukave-i-darovali-krv\/#primaryimage"},"thumbnailUrl":"https:\/\/tuzlainfo.ba\/wp-content\/uploads\/2022\/06\/1506_darivanje_krv-8.jpg","keywords":["Akcija darivanja krvi","crveni kri\u017e"],"articleSection":["Istaknuto","Novosti","Preporu\u010dujemo"],"inLanguage":"bs-BA"},{"@type":"WebPage","@id":"https:\/\/tuzlainfo.ba\/index.php\/novosti\/item\/175385-foto-video-dobar-odziv-gradjana-tuzlaci-zasukali-rukave-i-darovali-krv\/","url":"https:\/\/tuzlainfo.ba\/index.php\/novosti\/item\/175385-foto-video-dobar-odziv-gradjana-tuzlaci-zasukali-rukave-i-darovali-krv\/","name":"FOTO\/VIDEO \/Dobar odziv gra\u0111ana: Tuzlaci \"zasukali rukave\" i darovali krv - TuzlaInfo.ba","isPartOf":{"@id":"https:\/\/tuzlainfo.ba\/#website"},"primaryImageOfPage":{"@id":"https:\/\/tuzlainfo.ba\/index.php\/novosti\/item\/175385-foto-video-dobar-odziv-gradjana-tuzlaci-zasukali-rukave-i-darovali-krv\/#primaryimage"},"image":{"@id":"https:\/\/tuzlainfo.ba\/index.php\/novosti\/item\/175385-foto-video-dobar-odziv-gradjana-tuzlaci-zasukali-rukave-i-darovali-krv\/#primaryimage"},"thumbnailUrl":"https:\/\/tuzlainfo.ba\/wp-content\/uploads\/2022\/06\/1506_darivanje_krv-8.jpg","datePublished":"2022-06-15T10:28:25+00:00","dateModified":"2022-06-16T05:21:27+00:00","breadcrumb":{"@id":"https:\/\/tuzlainfo.ba\/index.php\/novosti\/item\/175385-foto-video-dobar-odziv-gradjana-tuzlaci-zasukali-rukave-i-darovali-krv\/#breadcrumb"},"inLanguage":"bs-BA","potentialAction":[{"@type":"ReadAction","target":["https:\/\/tuzlainfo.ba\/index.php\/novosti\/item\/175385-foto-video-dobar-odziv-gradjana-tuzlaci-zasukali-rukave-i-darovali-krv\/"]}]},{"@type":"ImageObject","inLanguage":"bs-BA","@id":"https:\/\/tuzlainfo.ba\/index.php\/novosti\/item\/175385-foto-video-dobar-odziv-gradjana-tuzlaci-zasukali-rukave-i-darovali-krv\/#primaryimage","url":"https:\/\/tuzlainfo.ba\/wp-content\/uploads\/2022\/06\/1506_darivanje_krv-8.jpg","contentUrl":"https:\/\/tuzlainfo.ba\/wp-content\/uploads\/2022\/06\/1506_darivanje_krv-8.jpg","width":2048,"height":1536},{"@type":"BreadcrumbList","@id":"https:\/\/tuzlainfo.ba\/index.php\/novosti\/item\/175385-foto-video-dobar-odziv-gradjana-tuzlaci-zasukali-rukave-i-darovali-krv\/#breadcrumb","itemListElement":[{"@type":"ListItem","position":1,"name":"Home","item":"https:\/\/tuzlainfo.ba\/"},{"@type":"ListItem","position":2,"name":"FOTO\/VIDEO \/Dobar odziv gra\u0111ana: Tuzlaci &#8220;zasukali rukave&#8221; i darovali krv"}]},{"@type":"WebSite","@id":"https:\/\/tuzlainfo.ba\/#website","url":"https:\/\/tuzlainfo.ba\/","name":"TuzlaInfo.ba","description":"Tuzla info, gradski informator - Tuzla na dlanu","publisher":{"@id":"https:\/\/tuzlainfo.ba\/#organization"},"potentialAction":[{"@type":"SearchAction","target":{"@type":"EntryPoint","urlTemplate":"https:\/\/tuzlainfo.ba\/?s={search_term_string}"},"query-input":{"@type":"PropertyValueSpecification","valueRequired":true,"valueName":"search_term_string"}}],"inLanguage":"bs-BA"},{"@type":"Organization","@id":"https:\/\/tuzlainfo.ba\/#organization","name":"TuzlaInfo.ba","url":"https:\/\/tuzlainfo.ba\/","logo":{"@type":"ImageObject","inLanguage":"bs-BA","@id":"https:\/\/tuzlainfo.ba\/#\/schema\/logo\/image\/","url":"https:\/\/tuzlainfo.ba\/wp-content\/uploads\/2021\/03\/logo-ver-3-1.png","contentUrl":"https:\/\/tuzlainfo.ba\/wp-content\/uploads\/2021\/03\/logo-ver-3-1.png","width":350,"height":95,"caption":"TuzlaInfo.ba"},"image":{"@id":"https:\/\/tuzlainfo.ba\/#\/schema\/logo\/image\/"},"sameAs":["https:\/\/www.facebook.com\/tuzlainfo.ba\/"]},{"@type":"Person","@id":"https:\/\/tuzlainfo.ba\/#\/schema\/person\/f434e20dc27ea133923aab08451b7f7f","name":"nedim","image":{"@type":"ImageObject","inLanguage":"bs-BA","@id":"https:\/\/tuzlainfo.ba\/#\/schema\/person\/image\/","url":"https:\/\/tuzlainfo.ba\/wp-content\/litespeed\/avatar\/aabad687af24844af817603ac1cbdc4f.jpg?ver=1777306975","contentUrl":"https:\/\/tuzlainfo.ba\/wp-content\/litespeed\/avatar\/aabad687af24844af817603ac1cbdc4f.jpg?ver=1777306975","caption":"nedim"},"description":"Tuzlainfo.ba pratite na dru\u0161tvenim mre\u017eama: Facebook, Instagram i Youtube. Svoje pri\u010de, upite i fotografije \u0161aljite na na\u0161u e-mail adresu."}]}},"_links":{"self":[{"href":"https:\/\/tuzlainfo.ba\/index.php\/wp-json\/wp\/v2\/posts\/175385"}],"collection":[{"href":"https:\/\/tuzlainfo.ba\/index.php\/wp-json\/wp\/v2\/posts"}],"about":[{"href":"https:\/\/tuzlainfo.ba\/index.php\/wp-json\/wp\/v2\/types\/post"}],"author":[{"embeddable":true,"href":"https:\/\/tuzlainfo.ba\/index.php\/wp-json\/wp\/v2\/users\/2"}],"replies":[{"embeddable":true,"href":"https:\/\/tuzlainfo.ba\/index.php\/wp-json\/wp\/v2\/comments?post=175385"}],"version-history":[{"count":0,"href":"https:\/\/tuzlainfo.ba\/index.php\/wp-json\/wp\/v2\/posts\/175385\/revisions"}],"wp:featuredmedia":[{"embeddable":true,"href":"https:\/\/tuzlainfo.ba\/index.php\/wp-json\/wp\/v2\/media\/175392"}],"wp:attachment":[{"href":"https:\/\/tuzlainfo.ba\/index.php\/wp-json\/wp\/v2\/media?parent=175385"}],"wp:term":[{"taxonomy":"category","embeddable":true,"href":"https:\/\/tuzlainfo.ba\/index.php\/wp-json\/wp\/v2\/categories?post=175385"},{"taxonomy":"post_tag","embeddable":true,"href":"https:\/\/tuzlainfo.ba\/index.php\/wp-json\/wp\/v2\/tags?post=175385"}],"curies":[{"name":"wp","href":"https:\/\/api.w.org\/{rel}","templated":true}]}}