{"id":175202,"date":"2022-06-14T08:00:51","date_gmt":"2022-06-14T06:00:51","guid":{"rendered":"https:\/\/tuzlainfo.ba\/?p=175202"},"modified":"2022-06-14T08:54:41","modified_gmt":"2022-06-14T06:54:41","slug":"tuzlanski-kanton-poceo-upis-u-srednje-skole-sta-izabrati","status":"publish","type":"post","link":"https:\/\/tuzlainfo.ba\/index.php\/novosti\/item\/175202-tuzlanski-kanton-poceo-upis-u-srednje-skole-sta-izabrati\/","title":{"rendered":"Tuzlanski kanton: Po\u010deo upis u srednje \u0161kole, \u0161ta izabrati?"},"content":{"rendered":"<p>U ponedjeljak, 13. juna poe\u010do je upis u srednje \u0161kole Tuzlanskog kantona. Planom upisa u srednje \u0161kole za \u0161kolsku 2022\/2023. godinu u 30 \u0161kola Tuzlanskog kantona omogu\u0107en je upis skoro pet hiljada u\u010denika. Njih oko 3.900 zavr\u0161ilo je osnovno obrazovanje, a na raspolaganju im je i vi\u0161e mjesta u srednjim \u0161kolama.<\/p>\n<p>Ponuda je \u0161arolika, jer su se \u0161kole potrudile ponuditi i nova zanimanja. Tako se od naredne \u0161kolske godine u Mje\u0161ovitoj srednjoj \u0161koli Tuzla mogu\u0107e obrazovati i za zanimanje prehrambeni tehni\u010dar.<\/p>\n<p>\u201dTo je zanimanje iza kojeg je stala i Mesna industrija Menprom u vidu stipendiranja istaknutih u\u010denika i lak\u0161om linijom do zaposlenja nakon sticanja diplome. Tako\u0111er novina su nam i obu\u0107ari koji su deficitarna zanimanja na tr\u017ei\u0161tu rada, uz na\u0161e kroja\u010de\u201d, navodi Alis Begi\u0107, direktor JU Mje\u0161ovita srednja \u0161kola Tuzla.<\/p>\n<p>U ovoj \u0161koli planiran je upis 144 u\u010denika u \u0161est smjerova, tri tehni\u010dka i tri stru\u010dna i to jedno odjeljenje veterinarskog, prehrambenog i kozmeti\u010dkog tehni\u010dara, te dva odjeljenja frizera i kombinovano odjeljenje kroja\u010da i obu\u0107ara.<\/p>\n<p><strong>JU Mje\u0161ovita srednja \u0161kola Tuzla<\/strong><\/p>\n<table>\n<tbody>\n<tr>\n<td width=\"187\">Veterinarski tehni\u010dar<\/td>\n<td width=\"195\">Prehrambeni tehni\u010dar<\/td>\n<td width=\"188\">Kozmeti\u010dki tehni\u010dar<\/td>\n<td width=\"75\">Frizer<\/td>\n<td width=\"138\">Kroja\u010d \/ Obu\u0107ar<\/td>\n<\/tr>\n<tr>\n<td width=\"187\">24 u\u010denika<\/td>\n<td width=\"195\">24 u\u010denika<\/td>\n<td width=\"188\">24 u\u010denika<\/td>\n<td width=\"75\">48 u\u010denika<\/td>\n<td width=\"138\">24 u\u010denika<\/td>\n<\/tr>\n<\/tbody>\n<\/table>\n<p>\u201dSve je ve\u0107i interes za strukovnim \u0161kolama, zanimanjima. Za sada su na\u0161a zanimanja zaista atraktivna, privla\u010dna kako u\u010denicima, tako i roditeljima. Na\u0161a \u0161kola ima dobre konekcije sa privrednim subjektima unutar kantona, sara\u0111ujemo kvalitetno sa lokalnom zajednicom\u201d, isti\u010de Begi\u0107.<\/p>\n<p><img fetchpriority=\"high\" decoding=\"async\" class=\"aligncenter wp-image-175203 size-full\" src=\"https:\/\/tuzlainfo.ba\/wp-content\/uploads\/2022\/06\/1306_skola3.jpg\" alt=\"\" width=\"1000\" height=\"750\" srcset=\"https:\/\/tuzlainfo.ba\/wp-content\/uploads\/2022\/06\/1306_skola3.jpg 1000w, https:\/\/tuzlainfo.ba\/wp-content\/uploads\/2022\/06\/1306_skola3-300x225.jpg 300w, https:\/\/tuzlainfo.ba\/wp-content\/uploads\/2022\/06\/1306_skola3-768x576.jpg 768w, https:\/\/tuzlainfo.ba\/wp-content\/uploads\/2022\/06\/1306_skola3-585x439.jpg 585w, https:\/\/tuzlainfo.ba\/wp-content\/uploads\/2022\/06\/1306_skola3-150x113.jpg 150w, https:\/\/tuzlainfo.ba\/wp-content\/uploads\/2022\/06\/1306_skola3-500x375.jpg 500w\" sizes=\"(max-width: 1000px) 100vw, 1000px\" \/><\/p>\n<p>Takav vid saradnje dovodi svr\u0161enike ove \u0161kole do lak\u0161eg zaposlenja. Tome te\u017ee i druge \u0161kole, a dobra iskustva imaju u Rudarskoj kao i Gra\u0111evinsko-geodetskoj \u0161koli Tuzla, gdje u\u010denici u zadnje vrijeme imaju dobru prakti\u010dnu nastavu.<\/p>\n<p>\u201dPrakti\u010dnu nastavu u\u010denici obavljaju u savremenim radionicima rudnika u Rudniku Kreka na pogonima Dubrave i \u0160ikulje. Zahvalila bih se Rudniku Kreka na saradnji\u201d, navodi Nerma Burek, direktorica JU Mje\u0161ovita srednja rudarska \u0161kola Tuzla.<\/p>\n<p>Profesorica JU Mje\u0161ovita srednja gra\u0111evinsko-geodetska \u0161kola Tuzla Amela Karahod\u017ei\u0107 ka\u017ee da je radionica u ovoj \u0161koli sada opremljena savremenim pomagalima, pogotovo za izolatera ovojnice objekta.<\/p>\n<p>\u201dZa to stru\u010dno zanimanje mi ve\u0107 10 godina sara\u0111ujemo sa \u0161vicarskom \u0161kolom Polybau gdje profesori dolaze kao predava\u010di u na\u0161u \u0161kolu, rade sa na\u0161im u\u010denicima, a u\u010denici idu jednu sedmicu na praksu u \u0161kolu Polybau\u201d, ka\u017ee Karahod\u017ei\u0107.<\/p>\n<p>U Rudarskoj \u0161koli Tuzla predvi\u0111en je upis 96 u\u010denika, raspore\u0111enih u dva tehni\u010dka smjera i to rudarski i geolo\u0161ki tehni\u010dar, te \u010detiri stru\u010dna smjera raspore\u0111ena u dva kombinovana odjeljenja. Radi se o kombinaciji zanimanja odnosno smjerova rukovalac rudarske mehanizacije povr\u0161inskog kopa i mehani\u010dar rudarskih ma\u0161ina, te geobu\u0161ar i zlatar\/draguljar. I u ovoj \u0161koli je zanimanje koje je na listi deficitarnih, za koje nadle\u017eno ministarstvo osigurava stipendije.<\/p>\n<p><strong>JU Mje\u0161ovita srednja rudarska \u0161kola Tuzla<\/strong><\/p>\n<table>\n<tbody>\n<tr>\n<td width=\"196\">Rudarski tehni\u010dar<\/td>\n<td width=\"196\">Geolo\u0161ki tehni\u010dar<\/td>\n<td width=\"196\">Rukovalac rudarske meh. povr\u0161inskog kopa \/ mehani\u010dar rudarskih ma\u0161ina<\/td>\n<td width=\"196\">Geobu\u0161a\u010d \/ Zlatar-draguljar<\/td>\n<\/tr>\n<tr>\n<td width=\"196\">24 u\u010denika<\/td>\n<td width=\"196\">24 u\u010denika<\/td>\n<td width=\"196\">24 u\u010denika<\/td>\n<td width=\"196\">24 u\u010denika<\/td>\n<\/tr>\n<\/tbody>\n<\/table>\n<p>\u201dTo zanimanje je rukovalac rudarske mehanizacije povr\u0161inskog kopa. Mogu re\u0107i da ove \u0161kolske godine, svi u\u010denici koji su se upisali u prvi razred Rudarske \u0161kole uspjeli ostvariti uslove za dobijanje stipendije za deficitarno zanimanje. Interesantan je ovaj smjer zlatar\/draguljar koji je nekad bio smjer u Rudarskoj \u0161koli. Odlu\u010dili smo obnoviti to zanimanje, nadamo se da \u0107e biti dobar odziv\u201d, rekla je direktorica JU Mje\u0161ovita srednja rudarska \u0161kola Tuzla.<\/p>\n<p>Gra\u0111evinsko-geodetska \u0161kola Tuzla upisat \u0107e 192 u\u010denika. U tri tehni\u010dka smjera, arhitektonski, gra\u0111evinski i tehni\u010dar geodezije i geoinformatike planirano je po jedno odjeljenje, u umjetni\u010dkim jedno odjeljenje grafi\u010dkog dizajnera, te kombinacija slikarski dizajner i dizajner prostora. U stru\u010dnim zanimanjima je planiran upis po 12 u\u010denika.<\/p>\n<p>\u201dU stru\u010dnoj \u0161koli upisujemo zanimanja zidar-izolater-fasader, izolater ovojnice objekta, kerami\u010dar-teracer, tesar-krovopokriva\u010d i armira\u010d-betonirac. Jako interesantna zanimanja, deficitarna kako na na\u0161em, tako i stranom tr\u017ei\u0161tu. Koliko su deficitarna vidimo po zainteresovano\u0161\u0107u Ministarstva i firmi za stipendiranje takvih u\u010denika u stru\u010dnoj \u0161koli\u201d, navela je Amela Karahod\u017ei\u0107, profesorica JU Mje\u0161ovita srednja gra\u0111evinsko-geodetska \u0161kola Tuzla.<\/p>\n<p><strong>JU Mje\u0161ovita srednja gra\u0111evinsko-geodetska \u0161kola Tuzla<\/strong><\/p>\n<table width=\"795\">\n<tbody>\n<tr>\n<td width=\"128\">Arhitektonski tehi\u010dar<\/td>\n<td width=\"116\">Gra\u0111evinski tehni\u010dar<\/td>\n<td width=\"198\">Tehni\u010dar geodezije i geoinformatike<\/td>\n<td width=\"158\">Grafi\u010dki dizajner<\/td>\n<td width=\"195\">Slikarski dizajner \/ dizajner prostora<\/td>\n<\/tr>\n<tr>\n<td width=\"128\">24 u\u010denika<\/td>\n<td width=\"116\">24 u\u010denika<\/td>\n<td width=\"198\">24 u\u010denika<\/td>\n<td width=\"158\">24 u\u010denika<\/td>\n<td width=\"195\">24 u\u010denika<\/td>\n<\/tr>\n<\/tbody>\n<\/table>\n<table>\n<tbody>\n<tr>\n<td width=\"131\">Kerami\u010dar \/<\/p>\n<p>teracer<\/td>\n<td width=\"131\">Moler \/<\/p>\n<p>fasader \/<\/p>\n<p>soboslikar<\/td>\n<td width=\"131\">Izolater ovojnice objekta<\/td>\n<td width=\"131\">Zidar \/<\/p>\n<p>fasader \/<\/p>\n<p>izolater<\/td>\n<td width=\"131\">Tesar \/<\/p>\n<p>krovopokriva\u010d<\/td>\n<td width=\"131\">Armira\u010d \/<\/p>\n<p>betonirac<\/td>\n<\/tr>\n<tr>\n<td width=\"131\">12 u\u010denika<\/td>\n<td width=\"131\">12 u\u010denika<\/td>\n<td width=\"131\">12 u\u010denika<\/td>\n<td width=\"131\">12 u\u010denika<\/td>\n<td width=\"131\">12 u\u010denika<\/td>\n<td width=\"131\">12 u\u010denika<\/td>\n<\/tr>\n<\/tbody>\n<\/table>\n<p>&nbsp;<\/p>\n<p>Iz ovih \u0161kola, pozivaju roditelje i u\u010denike da prilikom izbora odaberu ono zanimanje s kojim mogu osigurati sebi lijepu budu\u0107nost, odnosno zaposlenje.<\/p>\n<p>\u201d\u010cesto se u\u010denici povedu za time da kao drug, kao neko tamo. Ali treba sagledati da li su ti u\u010denici poslije zavr\u0161etka na\u0161li posao kod nas, u BiH. Na\u0161i u\u010denici koji zavr\u0161e pogotovo stru\u010dnu \u0161kolu, svi imaju posao\u201d, isti\u010de profesorica Karahod\u017ei\u0107.<\/p>\n<p>Direktor JU Mje\u0161ovita srednja \u0161kola Tuzla poziva roditelje i u\u010denike koji imaju interesa ili \u017eele da dobiju vi\u0161e informacija o samim zanimanjima, da posjete \u0161kolu, kako bi dobili sve potrebne informacije.<\/p>\n<p>Konkurs za upis u\u010denika u prvi razred srednjih \u0161kola bit \u0107e objavljen u ponedjeljak u Ve\u010dernjem listu i na web stranici Ministarstva obrazovanja i nauke TK. Po iskustvima od ranije, potrebna dokumentacija za upis su: svjedo\u010danstva iz \u0161estog, sedmog, osmog i devetog razreda, diplome, pedago\u0161ki karton, rodni list i Zahtjev za upis u srednju \u0161kolu, koju u\u010denici dobiju u \u0161koli za koju se se opredijelili.<\/p>\n","protected":false},"excerpt":{"rendered":"<p>U ponedjeljak, 13. juna poe\u010do je upis u srednje \u0161kole Tuzlanskog kantona. Planom upisa u&hellip;<\/p>\n","protected":false},"author":2,"featured_media":175204,"comment_status":"open","ping_status":"closed","sticky":false,"template":"","format":"standard","meta":{"_acf_changed":false,"footnotes":""},"categories":[304,12,306],"tags":[637,1523],"acf":[],"yoast_head":"<!-- This site is optimized with the Yoast SEO plugin v23.5 - https:\/\/yoast.com\/wordpress\/plugins\/seo\/ -->\n<title>Tuzlanski kanton: Po\u010deo upis u srednje \u0161kole, \u0161ta izabrati? - TuzlaInfo.ba<\/title>\n<meta name=\"robots\" content=\"index, follow, max-snippet:-1, max-image-preview:large, max-video-preview:-1\" \/>\n<link rel=\"canonical\" href=\"https:\/\/tuzlainfo.ba\/index.php\/novosti\/item\/175202-tuzlanski-kanton-poceo-upis-u-srednje-skole-sta-izabrati\/\" \/>\n<meta property=\"og:locale\" content=\"bs_BA\" \/>\n<meta property=\"og:type\" content=\"article\" \/>\n<meta property=\"og:title\" content=\"Tuzlanski kanton: Po\u010deo upis u srednje \u0161kole, \u0161ta izabrati? - TuzlaInfo.ba\" \/>\n<meta property=\"og:description\" content=\"U ponedjeljak, 13. juna poe\u010do je upis u srednje \u0161kole Tuzlanskog kantona. Planom upisa u&hellip;\" \/>\n<meta property=\"og:url\" content=\"https:\/\/tuzlainfo.ba\/index.php\/novosti\/item\/175202-tuzlanski-kanton-poceo-upis-u-srednje-skole-sta-izabrati\/\" \/>\n<meta property=\"og:site_name\" content=\"TuzlaInfo.ba\" \/>\n<meta property=\"article:publisher\" content=\"https:\/\/www.facebook.com\/tuzlainfo.ba\/\" \/>\n<meta property=\"article:published_time\" content=\"2022-06-14T06:00:51+00:00\" \/>\n<meta property=\"article:modified_time\" content=\"2022-06-14T06:54:41+00:00\" \/>\n<meta property=\"og:image\" content=\"https:\/\/tuzlainfo.ba\/wp-content\/uploads\/2022\/06\/1306_skola-2.jpg\" \/>\n\t<meta property=\"og:image:width\" content=\"2000\" \/>\n\t<meta property=\"og:image:height\" content=\"1500\" \/>\n\t<meta property=\"og:image:type\" content=\"image\/jpeg\" \/>\n<meta name=\"author\" content=\"nedim\" \/>\n<meta name=\"twitter:card\" content=\"summary_large_image\" \/>\n<meta name=\"twitter:label1\" content=\"Written by\" \/>\n\t<meta name=\"twitter:data1\" content=\"nedim\" \/>\n\t<meta name=\"twitter:label2\" content=\"Est. reading time\" \/>\n\t<meta name=\"twitter:data2\" content=\"5 minuta\" \/>\n<script type=\"application\/ld+json\" class=\"yoast-schema-graph\">{\"@context\":\"https:\/\/schema.org\",\"@graph\":[{\"@type\":\"Article\",\"@id\":\"https:\/\/tuzlainfo.ba\/index.php\/novosti\/item\/175202-tuzlanski-kanton-poceo-upis-u-srednje-skole-sta-izabrati\/#article\",\"isPartOf\":{\"@id\":\"https:\/\/tuzlainfo.ba\/index.php\/novosti\/item\/175202-tuzlanski-kanton-poceo-upis-u-srednje-skole-sta-izabrati\/\"},\"author\":{\"name\":\"nedim\",\"@id\":\"https:\/\/tuzlainfo.ba\/#\/schema\/person\/f434e20dc27ea133923aab08451b7f7f\"},\"headline\":\"Tuzlanski kanton: Po\u010deo upis u srednje \u0161kole, \u0161ta izabrati?\",\"datePublished\":\"2022-06-14T06:00:51+00:00\",\"dateModified\":\"2022-06-14T06:54:41+00:00\",\"mainEntityOfPage\":{\"@id\":\"https:\/\/tuzlainfo.ba\/index.php\/novosti\/item\/175202-tuzlanski-kanton-poceo-upis-u-srednje-skole-sta-izabrati\/\"},\"wordCount\":969,\"commentCount\":0,\"publisher\":{\"@id\":\"https:\/\/tuzlainfo.ba\/#organization\"},\"image\":{\"@id\":\"https:\/\/tuzlainfo.ba\/index.php\/novosti\/item\/175202-tuzlanski-kanton-poceo-upis-u-srednje-skole-sta-izabrati\/#primaryimage\"},\"thumbnailUrl\":\"https:\/\/tuzlainfo.ba\/wp-content\/uploads\/2022\/06\/1306_skola-2.jpg\",\"keywords\":[\"\u0161kola\",\"upis u srednje \u0161kole\"],\"articleSection\":[\"Istaknuto\",\"Novosti\",\"Preporu\u010dujemo\"],\"inLanguage\":\"bs-BA\"},{\"@type\":\"WebPage\",\"@id\":\"https:\/\/tuzlainfo.ba\/index.php\/novosti\/item\/175202-tuzlanski-kanton-poceo-upis-u-srednje-skole-sta-izabrati\/\",\"url\":\"https:\/\/tuzlainfo.ba\/index.php\/novosti\/item\/175202-tuzlanski-kanton-poceo-upis-u-srednje-skole-sta-izabrati\/\",\"name\":\"Tuzlanski kanton: Po\u010deo upis u srednje \u0161kole, \u0161ta izabrati? - TuzlaInfo.ba\",\"isPartOf\":{\"@id\":\"https:\/\/tuzlainfo.ba\/#website\"},\"primaryImageOfPage\":{\"@id\":\"https:\/\/tuzlainfo.ba\/index.php\/novosti\/item\/175202-tuzlanski-kanton-poceo-upis-u-srednje-skole-sta-izabrati\/#primaryimage\"},\"image\":{\"@id\":\"https:\/\/tuzlainfo.ba\/index.php\/novosti\/item\/175202-tuzlanski-kanton-poceo-upis-u-srednje-skole-sta-izabrati\/#primaryimage\"},\"thumbnailUrl\":\"https:\/\/tuzlainfo.ba\/wp-content\/uploads\/2022\/06\/1306_skola-2.jpg\",\"datePublished\":\"2022-06-14T06:00:51+00:00\",\"dateModified\":\"2022-06-14T06:54:41+00:00\",\"breadcrumb\":{\"@id\":\"https:\/\/tuzlainfo.ba\/index.php\/novosti\/item\/175202-tuzlanski-kanton-poceo-upis-u-srednje-skole-sta-izabrati\/#breadcrumb\"},\"inLanguage\":\"bs-BA\",\"potentialAction\":[{\"@type\":\"ReadAction\",\"target\":[\"https:\/\/tuzlainfo.ba\/index.php\/novosti\/item\/175202-tuzlanski-kanton-poceo-upis-u-srednje-skole-sta-izabrati\/\"]}]},{\"@type\":\"ImageObject\",\"inLanguage\":\"bs-BA\",\"@id\":\"https:\/\/tuzlainfo.ba\/index.php\/novosti\/item\/175202-tuzlanski-kanton-poceo-upis-u-srednje-skole-sta-izabrati\/#primaryimage\",\"url\":\"https:\/\/tuzlainfo.ba\/wp-content\/uploads\/2022\/06\/1306_skola-2.jpg\",\"contentUrl\":\"https:\/\/tuzlainfo.ba\/wp-content\/uploads\/2022\/06\/1306_skola-2.jpg\",\"width\":2000,\"height\":1500},{\"@type\":\"BreadcrumbList\",\"@id\":\"https:\/\/tuzlainfo.ba\/index.php\/novosti\/item\/175202-tuzlanski-kanton-poceo-upis-u-srednje-skole-sta-izabrati\/#breadcrumb\",\"itemListElement\":[{\"@type\":\"ListItem\",\"position\":1,\"name\":\"Home\",\"item\":\"https:\/\/tuzlainfo.ba\/\"},{\"@type\":\"ListItem\",\"position\":2,\"name\":\"Tuzlanski kanton: Po\u010deo upis u srednje \u0161kole, \u0161ta izabrati?\"}]},{\"@type\":\"WebSite\",\"@id\":\"https:\/\/tuzlainfo.ba\/#website\",\"url\":\"https:\/\/tuzlainfo.ba\/\",\"name\":\"TuzlaInfo.ba\",\"description\":\"Tuzla info, gradski informator - Tuzla na dlanu\",\"publisher\":{\"@id\":\"https:\/\/tuzlainfo.ba\/#organization\"},\"potentialAction\":[{\"@type\":\"SearchAction\",\"target\":{\"@type\":\"EntryPoint\",\"urlTemplate\":\"https:\/\/tuzlainfo.ba\/?s={search_term_string}\"},\"query-input\":{\"@type\":\"PropertyValueSpecification\",\"valueRequired\":true,\"valueName\":\"search_term_string\"}}],\"inLanguage\":\"bs-BA\"},{\"@type\":\"Organization\",\"@id\":\"https:\/\/tuzlainfo.ba\/#organization\",\"name\":\"TuzlaInfo.ba\",\"url\":\"https:\/\/tuzlainfo.ba\/\",\"logo\":{\"@type\":\"ImageObject\",\"inLanguage\":\"bs-BA\",\"@id\":\"https:\/\/tuzlainfo.ba\/#\/schema\/logo\/image\/\",\"url\":\"https:\/\/tuzlainfo.ba\/wp-content\/uploads\/2021\/03\/logo-ver-3-1.png\",\"contentUrl\":\"https:\/\/tuzlainfo.ba\/wp-content\/uploads\/2021\/03\/logo-ver-3-1.png\",\"width\":350,\"height\":95,\"caption\":\"TuzlaInfo.ba\"},\"image\":{\"@id\":\"https:\/\/tuzlainfo.ba\/#\/schema\/logo\/image\/\"},\"sameAs\":[\"https:\/\/www.facebook.com\/tuzlainfo.ba\/\"]},{\"@type\":\"Person\",\"@id\":\"https:\/\/tuzlainfo.ba\/#\/schema\/person\/f434e20dc27ea133923aab08451b7f7f\",\"name\":\"nedim\",\"image\":{\"@type\":\"ImageObject\",\"inLanguage\":\"bs-BA\",\"@id\":\"https:\/\/tuzlainfo.ba\/#\/schema\/person\/image\/\",\"url\":\"https:\/\/tuzlainfo.ba\/wp-content\/litespeed\/avatar\/aabad687af24844af817603ac1cbdc4f.jpg?ver=1776702173\",\"contentUrl\":\"https:\/\/tuzlainfo.ba\/wp-content\/litespeed\/avatar\/aabad687af24844af817603ac1cbdc4f.jpg?ver=1776702173\",\"caption\":\"nedim\"},\"description\":\"Tuzlainfo.ba pratite na dru\u0161tvenim mre\u017eama: Facebook, Instagram i Youtube. Svoje pri\u010de, upite i fotografije \u0161aljite na na\u0161u e-mail adresu.\"}]}<\/script>\n<!-- \/ Yoast SEO plugin. -->","yoast_head_json":{"title":"Tuzlanski kanton: Po\u010deo upis u srednje \u0161kole, \u0161ta izabrati? - TuzlaInfo.ba","robots":{"index":"index","follow":"follow","max-snippet":"max-snippet:-1","max-image-preview":"max-image-preview:large","max-video-preview":"max-video-preview:-1"},"canonical":"https:\/\/tuzlainfo.ba\/index.php\/novosti\/item\/175202-tuzlanski-kanton-poceo-upis-u-srednje-skole-sta-izabrati\/","og_locale":"bs_BA","og_type":"article","og_title":"Tuzlanski kanton: Po\u010deo upis u srednje \u0161kole, \u0161ta izabrati? - TuzlaInfo.ba","og_description":"U ponedjeljak, 13. juna poe\u010do je upis u srednje \u0161kole Tuzlanskog kantona. Planom upisa u&hellip;","og_url":"https:\/\/tuzlainfo.ba\/index.php\/novosti\/item\/175202-tuzlanski-kanton-poceo-upis-u-srednje-skole-sta-izabrati\/","og_site_name":"TuzlaInfo.ba","article_publisher":"https:\/\/www.facebook.com\/tuzlainfo.ba\/","article_published_time":"2022-06-14T06:00:51+00:00","article_modified_time":"2022-06-14T06:54:41+00:00","og_image":[{"width":2000,"height":1500,"url":"https:\/\/tuzlainfo.ba\/wp-content\/uploads\/2022\/06\/1306_skola-2.jpg","type":"image\/jpeg"}],"author":"nedim","twitter_card":"summary_large_image","twitter_misc":{"Written by":"nedim","Est. reading time":"5 minuta"},"schema":{"@context":"https:\/\/schema.org","@graph":[{"@type":"Article","@id":"https:\/\/tuzlainfo.ba\/index.php\/novosti\/item\/175202-tuzlanski-kanton-poceo-upis-u-srednje-skole-sta-izabrati\/#article","isPartOf":{"@id":"https:\/\/tuzlainfo.ba\/index.php\/novosti\/item\/175202-tuzlanski-kanton-poceo-upis-u-srednje-skole-sta-izabrati\/"},"author":{"name":"nedim","@id":"https:\/\/tuzlainfo.ba\/#\/schema\/person\/f434e20dc27ea133923aab08451b7f7f"},"headline":"Tuzlanski kanton: Po\u010deo upis u srednje \u0161kole, \u0161ta izabrati?","datePublished":"2022-06-14T06:00:51+00:00","dateModified":"2022-06-14T06:54:41+00:00","mainEntityOfPage":{"@id":"https:\/\/tuzlainfo.ba\/index.php\/novosti\/item\/175202-tuzlanski-kanton-poceo-upis-u-srednje-skole-sta-izabrati\/"},"wordCount":969,"commentCount":0,"publisher":{"@id":"https:\/\/tuzlainfo.ba\/#organization"},"image":{"@id":"https:\/\/tuzlainfo.ba\/index.php\/novosti\/item\/175202-tuzlanski-kanton-poceo-upis-u-srednje-skole-sta-izabrati\/#primaryimage"},"thumbnailUrl":"https:\/\/tuzlainfo.ba\/wp-content\/uploads\/2022\/06\/1306_skola-2.jpg","keywords":["\u0161kola","upis u srednje \u0161kole"],"articleSection":["Istaknuto","Novosti","Preporu\u010dujemo"],"inLanguage":"bs-BA"},{"@type":"WebPage","@id":"https:\/\/tuzlainfo.ba\/index.php\/novosti\/item\/175202-tuzlanski-kanton-poceo-upis-u-srednje-skole-sta-izabrati\/","url":"https:\/\/tuzlainfo.ba\/index.php\/novosti\/item\/175202-tuzlanski-kanton-poceo-upis-u-srednje-skole-sta-izabrati\/","name":"Tuzlanski kanton: Po\u010deo upis u srednje \u0161kole, \u0161ta izabrati? - TuzlaInfo.ba","isPartOf":{"@id":"https:\/\/tuzlainfo.ba\/#website"},"primaryImageOfPage":{"@id":"https:\/\/tuzlainfo.ba\/index.php\/novosti\/item\/175202-tuzlanski-kanton-poceo-upis-u-srednje-skole-sta-izabrati\/#primaryimage"},"image":{"@id":"https:\/\/tuzlainfo.ba\/index.php\/novosti\/item\/175202-tuzlanski-kanton-poceo-upis-u-srednje-skole-sta-izabrati\/#primaryimage"},"thumbnailUrl":"https:\/\/tuzlainfo.ba\/wp-content\/uploads\/2022\/06\/1306_skola-2.jpg","datePublished":"2022-06-14T06:00:51+00:00","dateModified":"2022-06-14T06:54:41+00:00","breadcrumb":{"@id":"https:\/\/tuzlainfo.ba\/index.php\/novosti\/item\/175202-tuzlanski-kanton-poceo-upis-u-srednje-skole-sta-izabrati\/#breadcrumb"},"inLanguage":"bs-BA","potentialAction":[{"@type":"ReadAction","target":["https:\/\/tuzlainfo.ba\/index.php\/novosti\/item\/175202-tuzlanski-kanton-poceo-upis-u-srednje-skole-sta-izabrati\/"]}]},{"@type":"ImageObject","inLanguage":"bs-BA","@id":"https:\/\/tuzlainfo.ba\/index.php\/novosti\/item\/175202-tuzlanski-kanton-poceo-upis-u-srednje-skole-sta-izabrati\/#primaryimage","url":"https:\/\/tuzlainfo.ba\/wp-content\/uploads\/2022\/06\/1306_skola-2.jpg","contentUrl":"https:\/\/tuzlainfo.ba\/wp-content\/uploads\/2022\/06\/1306_skola-2.jpg","width":2000,"height":1500},{"@type":"BreadcrumbList","@id":"https:\/\/tuzlainfo.ba\/index.php\/novosti\/item\/175202-tuzlanski-kanton-poceo-upis-u-srednje-skole-sta-izabrati\/#breadcrumb","itemListElement":[{"@type":"ListItem","position":1,"name":"Home","item":"https:\/\/tuzlainfo.ba\/"},{"@type":"ListItem","position":2,"name":"Tuzlanski kanton: Po\u010deo upis u srednje \u0161kole, \u0161ta izabrati?"}]},{"@type":"WebSite","@id":"https:\/\/tuzlainfo.ba\/#website","url":"https:\/\/tuzlainfo.ba\/","name":"TuzlaInfo.ba","description":"Tuzla info, gradski informator - Tuzla na dlanu","publisher":{"@id":"https:\/\/tuzlainfo.ba\/#organization"},"potentialAction":[{"@type":"SearchAction","target":{"@type":"EntryPoint","urlTemplate":"https:\/\/tuzlainfo.ba\/?s={search_term_string}"},"query-input":{"@type":"PropertyValueSpecification","valueRequired":true,"valueName":"search_term_string"}}],"inLanguage":"bs-BA"},{"@type":"Organization","@id":"https:\/\/tuzlainfo.ba\/#organization","name":"TuzlaInfo.ba","url":"https:\/\/tuzlainfo.ba\/","logo":{"@type":"ImageObject","inLanguage":"bs-BA","@id":"https:\/\/tuzlainfo.ba\/#\/schema\/logo\/image\/","url":"https:\/\/tuzlainfo.ba\/wp-content\/uploads\/2021\/03\/logo-ver-3-1.png","contentUrl":"https:\/\/tuzlainfo.ba\/wp-content\/uploads\/2021\/03\/logo-ver-3-1.png","width":350,"height":95,"caption":"TuzlaInfo.ba"},"image":{"@id":"https:\/\/tuzlainfo.ba\/#\/schema\/logo\/image\/"},"sameAs":["https:\/\/www.facebook.com\/tuzlainfo.ba\/"]},{"@type":"Person","@id":"https:\/\/tuzlainfo.ba\/#\/schema\/person\/f434e20dc27ea133923aab08451b7f7f","name":"nedim","image":{"@type":"ImageObject","inLanguage":"bs-BA","@id":"https:\/\/tuzlainfo.ba\/#\/schema\/person\/image\/","url":"https:\/\/tuzlainfo.ba\/wp-content\/litespeed\/avatar\/aabad687af24844af817603ac1cbdc4f.jpg?ver=1776702173","contentUrl":"https:\/\/tuzlainfo.ba\/wp-content\/litespeed\/avatar\/aabad687af24844af817603ac1cbdc4f.jpg?ver=1776702173","caption":"nedim"},"description":"Tuzlainfo.ba pratite na dru\u0161tvenim mre\u017eama: Facebook, Instagram i Youtube. Svoje pri\u010de, upite i fotografije \u0161aljite na na\u0161u e-mail adresu."}]}},"_links":{"self":[{"href":"https:\/\/tuzlainfo.ba\/index.php\/wp-json\/wp\/v2\/posts\/175202"}],"collection":[{"href":"https:\/\/tuzlainfo.ba\/index.php\/wp-json\/wp\/v2\/posts"}],"about":[{"href":"https:\/\/tuzlainfo.ba\/index.php\/wp-json\/wp\/v2\/types\/post"}],"author":[{"embeddable":true,"href":"https:\/\/tuzlainfo.ba\/index.php\/wp-json\/wp\/v2\/users\/2"}],"replies":[{"embeddable":true,"href":"https:\/\/tuzlainfo.ba\/index.php\/wp-json\/wp\/v2\/comments?post=175202"}],"version-history":[{"count":0,"href":"https:\/\/tuzlainfo.ba\/index.php\/wp-json\/wp\/v2\/posts\/175202\/revisions"}],"wp:featuredmedia":[{"embeddable":true,"href":"https:\/\/tuzlainfo.ba\/index.php\/wp-json\/wp\/v2\/media\/175204"}],"wp:attachment":[{"href":"https:\/\/tuzlainfo.ba\/index.php\/wp-json\/wp\/v2\/media?parent=175202"}],"wp:term":[{"taxonomy":"category","embeddable":true,"href":"https:\/\/tuzlainfo.ba\/index.php\/wp-json\/wp\/v2\/categories?post=175202"},{"taxonomy":"post_tag","embeddable":true,"href":"https:\/\/tuzlainfo.ba\/index.php\/wp-json\/wp\/v2\/tags?post=175202"}],"curies":[{"name":"wp","href":"https:\/\/api.w.org\/{rel}","templated":true}]}}