{"id":175112,"date":"2022-06-12T23:06:26","date_gmt":"2022-06-12T21:06:26","guid":{"rendered":"https:\/\/tuzlainfo.ba\/?p=175112"},"modified":"2022-06-13T07:22:17","modified_gmt":"2022-06-13T05:22:17","slug":"student-medicine-iz-banovica-dobitnik-priznanja-evropske-akademije-za-neurologiju","status":"publish","type":"post","link":"https:\/\/tuzlainfo.ba\/index.php\/novosti\/item\/175112-student-medicine-iz-banovica-dobitnik-priznanja-evropske-akademije-za-neurologiju\/","title":{"rendered":"Student medicine iz Banovi\u0107a dobitnik priznanja Evropske akademije za neurologiju"},"content":{"rendered":"<p>Student pete godine Medicinskog fakulteta u Sarajevu, Faruk Guti\u0107, dobitnik je nagrade za izvrsnost od strane EvropskeaAkademije za neurologiju za 2022. godinu.<\/p>\n<p>Kao istaknuti student Medicinskog fakulteta u Sarajevu, po\u010detkom godine izabran je za studenta \u010dlana Evropske Akademije za Neurologiju. Evropska akademija za neurologiju predstavlja vi\u0161e od 45 000 \u010dlanova iz Evrope i 47 Evropskih nacionalnih dru\u0161tava.<\/p>\n<p>Krajem mjeseca maja, sa svojim radom \u201eWhy neurology?\u201c izabran je za pobjednika studentskog takmi\u010denja organiziranog od strane Evropske akademije za neurologiju i pozvan na dodjelu nagrade u nedjelju 25.6.2022., u 13:30h u Nau\u010dnom teatru u Be\u010du, u Austriji.<\/p>\n<p>Nagrada \u0107e biti uru\u010dena u sklopu nau\u010dnog kongresa Evropske akademije za neurologiju koji \u0107e okupiti vi\u0161e hiljada eminentnih stru\u010dnjaka iz oblasti neurologije u svijetu.<\/p>\n<p>\u201eIzuzetno mi je zadovoljstvo da kao student sam u mogu\u0107nosti predstavljati Bosnu i Hercegovinu na impozatnom nau\u010dnom skupu u Be\u010du, koji \u0107e okupiti eminentne stru\u010dnjake iz svijeta neurologije. Biti dobitnik nagrade za izvrsnost od strane Evropske akademije za neurologiju je veliko priznanje za mene, ve\u0107 na samom po\u010detku moje karijere. Potruditi \u0107u se i u budu\u0107nosti da pored mog rada, imena i prezimena, uvijek stoji i zastava Bosne i Hercegovine.\u201c<\/p>\n<p>Pored same nagrade, koja prvi put za jednog studenta dolazi u Bosnu i Hercegovinu, na ceremoniji dodjele planirana je i prezentacija rada. Sam rad publikovan je od strane Evropske Akademije za Neurologiju i dostupan na linku.<\/p>\n","protected":false},"excerpt":{"rendered":"<p>Student pete godine Medicinskog fakulteta u Sarajevu, Faruk Guti\u0107, dobitnik je nagrade za izvrsnost od&hellip;<\/p>\n","protected":false},"author":2,"featured_media":175113,"comment_status":"open","ping_status":"closed","sticky":false,"template":"","format":"standard","meta":{"_acf_changed":false,"footnotes":""},"categories":[304,12,306],"tags":[4934,1580,3102],"acf":[],"yoast_head":"<!-- This site is optimized with the Yoast SEO plugin v23.5 - https:\/\/yoast.com\/wordpress\/plugins\/seo\/ -->\n<title>Student medicine iz Banovi\u0107a dobitnik priznanja Evropske akademije za neurologiju - TuzlaInfo.ba<\/title>\n<meta name=\"robots\" content=\"index, follow, max-snippet:-1, max-image-preview:large, max-video-preview:-1\" \/>\n<link rel=\"canonical\" href=\"https:\/\/tuzlainfo.ba\/index.php\/novosti\/item\/175112-student-medicine-iz-banovica-dobitnik-priznanja-evropske-akademije-za-neurologiju\/\" \/>\n<meta property=\"og:locale\" content=\"bs_BA\" \/>\n<meta property=\"og:type\" content=\"article\" \/>\n<meta property=\"og:title\" content=\"Student medicine iz Banovi\u0107a dobitnik priznanja Evropske akademije za neurologiju - TuzlaInfo.ba\" \/>\n<meta property=\"og:description\" content=\"Student pete godine Medicinskog fakulteta u Sarajevu, Faruk Guti\u0107, dobitnik je nagrade za izvrsnost od&hellip;\" \/>\n<meta property=\"og:url\" content=\"https:\/\/tuzlainfo.ba\/index.php\/novosti\/item\/175112-student-medicine-iz-banovica-dobitnik-priznanja-evropske-akademije-za-neurologiju\/\" \/>\n<meta property=\"og:site_name\" content=\"TuzlaInfo.ba\" \/>\n<meta property=\"article:publisher\" content=\"https:\/\/www.facebook.com\/tuzlainfo.ba\/\" \/>\n<meta property=\"article:published_time\" content=\"2022-06-12T21:06:26+00:00\" \/>\n<meta property=\"article:modified_time\" content=\"2022-06-13T05:22:17+00:00\" \/>\n<meta property=\"og:image\" content=\"https:\/\/tuzlainfo.ba\/wp-content\/uploads\/2022\/06\/1206_faruk_gutic.jpg\" \/>\n\t<meta property=\"og:image:width\" content=\"800\" \/>\n\t<meta property=\"og:image:height\" content=\"533\" \/>\n\t<meta property=\"og:image:type\" content=\"image\/jpeg\" \/>\n<meta name=\"author\" content=\"nedim\" \/>\n<meta name=\"twitter:card\" content=\"summary_large_image\" \/>\n<meta name=\"twitter:label1\" content=\"Written by\" \/>\n\t<meta name=\"twitter:data1\" content=\"nedim\" \/>\n\t<meta name=\"twitter:label2\" content=\"Est. reading time\" \/>\n\t<meta name=\"twitter:data2\" content=\"1 minuta\" \/>\n<script type=\"application\/ld+json\" class=\"yoast-schema-graph\">{\"@context\":\"https:\/\/schema.org\",\"@graph\":[{\"@type\":\"Article\",\"@id\":\"https:\/\/tuzlainfo.ba\/index.php\/novosti\/item\/175112-student-medicine-iz-banovica-dobitnik-priznanja-evropske-akademije-za-neurologiju\/#article\",\"isPartOf\":{\"@id\":\"https:\/\/tuzlainfo.ba\/index.php\/novosti\/item\/175112-student-medicine-iz-banovica-dobitnik-priznanja-evropske-akademije-za-neurologiju\/\"},\"author\":{\"name\":\"nedim\",\"@id\":\"https:\/\/tuzlainfo.ba\/#\/schema\/person\/f434e20dc27ea133923aab08451b7f7f\"},\"headline\":\"Student medicine iz Banovi\u0107a dobitnik priznanja Evropske akademije za neurologiju\",\"datePublished\":\"2022-06-12T21:06:26+00:00\",\"dateModified\":\"2022-06-13T05:22:17+00:00\",\"mainEntityOfPage\":{\"@id\":\"https:\/\/tuzlainfo.ba\/index.php\/novosti\/item\/175112-student-medicine-iz-banovica-dobitnik-priznanja-evropske-akademije-za-neurologiju\/\"},\"wordCount\":247,\"commentCount\":0,\"publisher\":{\"@id\":\"https:\/\/tuzlainfo.ba\/#organization\"},\"image\":{\"@id\":\"https:\/\/tuzlainfo.ba\/index.php\/novosti\/item\/175112-student-medicine-iz-banovica-dobitnik-priznanja-evropske-akademije-za-neurologiju\/#primaryimage\"},\"thumbnailUrl\":\"https:\/\/tuzlainfo.ba\/wp-content\/uploads\/2022\/06\/1206_faruk_gutic.jpg\",\"keywords\":[\"faruk guti\u0107\",\"medicina\",\"student\"],\"articleSection\":[\"Istaknuto\",\"Novosti\",\"Preporu\u010dujemo\"],\"inLanguage\":\"bs-BA\"},{\"@type\":\"WebPage\",\"@id\":\"https:\/\/tuzlainfo.ba\/index.php\/novosti\/item\/175112-student-medicine-iz-banovica-dobitnik-priznanja-evropske-akademije-za-neurologiju\/\",\"url\":\"https:\/\/tuzlainfo.ba\/index.php\/novosti\/item\/175112-student-medicine-iz-banovica-dobitnik-priznanja-evropske-akademije-za-neurologiju\/\",\"name\":\"Student medicine iz Banovi\u0107a dobitnik priznanja Evropske akademije za neurologiju - TuzlaInfo.ba\",\"isPartOf\":{\"@id\":\"https:\/\/tuzlainfo.ba\/#website\"},\"primaryImageOfPage\":{\"@id\":\"https:\/\/tuzlainfo.ba\/index.php\/novosti\/item\/175112-student-medicine-iz-banovica-dobitnik-priznanja-evropske-akademije-za-neurologiju\/#primaryimage\"},\"image\":{\"@id\":\"https:\/\/tuzlainfo.ba\/index.php\/novosti\/item\/175112-student-medicine-iz-banovica-dobitnik-priznanja-evropske-akademije-za-neurologiju\/#primaryimage\"},\"thumbnailUrl\":\"https:\/\/tuzlainfo.ba\/wp-content\/uploads\/2022\/06\/1206_faruk_gutic.jpg\",\"datePublished\":\"2022-06-12T21:06:26+00:00\",\"dateModified\":\"2022-06-13T05:22:17+00:00\",\"breadcrumb\":{\"@id\":\"https:\/\/tuzlainfo.ba\/index.php\/novosti\/item\/175112-student-medicine-iz-banovica-dobitnik-priznanja-evropske-akademije-za-neurologiju\/#breadcrumb\"},\"inLanguage\":\"bs-BA\",\"potentialAction\":[{\"@type\":\"ReadAction\",\"target\":[\"https:\/\/tuzlainfo.ba\/index.php\/novosti\/item\/175112-student-medicine-iz-banovica-dobitnik-priznanja-evropske-akademije-za-neurologiju\/\"]}]},{\"@type\":\"ImageObject\",\"inLanguage\":\"bs-BA\",\"@id\":\"https:\/\/tuzlainfo.ba\/index.php\/novosti\/item\/175112-student-medicine-iz-banovica-dobitnik-priznanja-evropske-akademije-za-neurologiju\/#primaryimage\",\"url\":\"https:\/\/tuzlainfo.ba\/wp-content\/uploads\/2022\/06\/1206_faruk_gutic.jpg\",\"contentUrl\":\"https:\/\/tuzlainfo.ba\/wp-content\/uploads\/2022\/06\/1206_faruk_gutic.jpg\",\"width\":800,\"height\":533},{\"@type\":\"BreadcrumbList\",\"@id\":\"https:\/\/tuzlainfo.ba\/index.php\/novosti\/item\/175112-student-medicine-iz-banovica-dobitnik-priznanja-evropske-akademije-za-neurologiju\/#breadcrumb\",\"itemListElement\":[{\"@type\":\"ListItem\",\"position\":1,\"name\":\"Home\",\"item\":\"https:\/\/tuzlainfo.ba\/\"},{\"@type\":\"ListItem\",\"position\":2,\"name\":\"Student medicine iz Banovi\u0107a dobitnik priznanja Evropske akademije za neurologiju\"}]},{\"@type\":\"WebSite\",\"@id\":\"https:\/\/tuzlainfo.ba\/#website\",\"url\":\"https:\/\/tuzlainfo.ba\/\",\"name\":\"TuzlaInfo.ba\",\"description\":\"Tuzla info, gradski informator - Tuzla na dlanu\",\"publisher\":{\"@id\":\"https:\/\/tuzlainfo.ba\/#organization\"},\"potentialAction\":[{\"@type\":\"SearchAction\",\"target\":{\"@type\":\"EntryPoint\",\"urlTemplate\":\"https:\/\/tuzlainfo.ba\/?s={search_term_string}\"},\"query-input\":{\"@type\":\"PropertyValueSpecification\",\"valueRequired\":true,\"valueName\":\"search_term_string\"}}],\"inLanguage\":\"bs-BA\"},{\"@type\":\"Organization\",\"@id\":\"https:\/\/tuzlainfo.ba\/#organization\",\"name\":\"TuzlaInfo.ba\",\"url\":\"https:\/\/tuzlainfo.ba\/\",\"logo\":{\"@type\":\"ImageObject\",\"inLanguage\":\"bs-BA\",\"@id\":\"https:\/\/tuzlainfo.ba\/#\/schema\/logo\/image\/\",\"url\":\"https:\/\/tuzlainfo.ba\/wp-content\/uploads\/2021\/03\/logo-ver-3-1.png\",\"contentUrl\":\"https:\/\/tuzlainfo.ba\/wp-content\/uploads\/2021\/03\/logo-ver-3-1.png\",\"width\":350,\"height\":95,\"caption\":\"TuzlaInfo.ba\"},\"image\":{\"@id\":\"https:\/\/tuzlainfo.ba\/#\/schema\/logo\/image\/\"},\"sameAs\":[\"https:\/\/www.facebook.com\/tuzlainfo.ba\/\"]},{\"@type\":\"Person\",\"@id\":\"https:\/\/tuzlainfo.ba\/#\/schema\/person\/f434e20dc27ea133923aab08451b7f7f\",\"name\":\"nedim\",\"image\":{\"@type\":\"ImageObject\",\"inLanguage\":\"bs-BA\",\"@id\":\"https:\/\/tuzlainfo.ba\/#\/schema\/person\/image\/\",\"url\":\"https:\/\/tuzlainfo.ba\/wp-content\/litespeed\/avatar\/aabad687af24844af817603ac1cbdc4f.jpg?ver=1777306975\",\"contentUrl\":\"https:\/\/tuzlainfo.ba\/wp-content\/litespeed\/avatar\/aabad687af24844af817603ac1cbdc4f.jpg?ver=1777306975\",\"caption\":\"nedim\"},\"description\":\"Tuzlainfo.ba pratite na dru\u0161tvenim mre\u017eama: Facebook, Instagram i Youtube. Svoje pri\u010de, upite i fotografije \u0161aljite na na\u0161u e-mail adresu.\"}]}<\/script>\n<!-- \/ Yoast SEO plugin. -->","yoast_head_json":{"title":"Student medicine iz Banovi\u0107a dobitnik priznanja Evropske akademije za neurologiju - TuzlaInfo.ba","robots":{"index":"index","follow":"follow","max-snippet":"max-snippet:-1","max-image-preview":"max-image-preview:large","max-video-preview":"max-video-preview:-1"},"canonical":"https:\/\/tuzlainfo.ba\/index.php\/novosti\/item\/175112-student-medicine-iz-banovica-dobitnik-priznanja-evropske-akademije-za-neurologiju\/","og_locale":"bs_BA","og_type":"article","og_title":"Student medicine iz Banovi\u0107a dobitnik priznanja Evropske akademije za neurologiju - TuzlaInfo.ba","og_description":"Student pete godine Medicinskog fakulteta u Sarajevu, Faruk Guti\u0107, dobitnik je nagrade za izvrsnost od&hellip;","og_url":"https:\/\/tuzlainfo.ba\/index.php\/novosti\/item\/175112-student-medicine-iz-banovica-dobitnik-priznanja-evropske-akademije-za-neurologiju\/","og_site_name":"TuzlaInfo.ba","article_publisher":"https:\/\/www.facebook.com\/tuzlainfo.ba\/","article_published_time":"2022-06-12T21:06:26+00:00","article_modified_time":"2022-06-13T05:22:17+00:00","og_image":[{"width":800,"height":533,"url":"https:\/\/tuzlainfo.ba\/wp-content\/uploads\/2022\/06\/1206_faruk_gutic.jpg","type":"image\/jpeg"}],"author":"nedim","twitter_card":"summary_large_image","twitter_misc":{"Written by":"nedim","Est. reading time":"1 minuta"},"schema":{"@context":"https:\/\/schema.org","@graph":[{"@type":"Article","@id":"https:\/\/tuzlainfo.ba\/index.php\/novosti\/item\/175112-student-medicine-iz-banovica-dobitnik-priznanja-evropske-akademije-za-neurologiju\/#article","isPartOf":{"@id":"https:\/\/tuzlainfo.ba\/index.php\/novosti\/item\/175112-student-medicine-iz-banovica-dobitnik-priznanja-evropske-akademije-za-neurologiju\/"},"author":{"name":"nedim","@id":"https:\/\/tuzlainfo.ba\/#\/schema\/person\/f434e20dc27ea133923aab08451b7f7f"},"headline":"Student medicine iz Banovi\u0107a dobitnik priznanja Evropske akademije za neurologiju","datePublished":"2022-06-12T21:06:26+00:00","dateModified":"2022-06-13T05:22:17+00:00","mainEntityOfPage":{"@id":"https:\/\/tuzlainfo.ba\/index.php\/novosti\/item\/175112-student-medicine-iz-banovica-dobitnik-priznanja-evropske-akademije-za-neurologiju\/"},"wordCount":247,"commentCount":0,"publisher":{"@id":"https:\/\/tuzlainfo.ba\/#organization"},"image":{"@id":"https:\/\/tuzlainfo.ba\/index.php\/novosti\/item\/175112-student-medicine-iz-banovica-dobitnik-priznanja-evropske-akademije-za-neurologiju\/#primaryimage"},"thumbnailUrl":"https:\/\/tuzlainfo.ba\/wp-content\/uploads\/2022\/06\/1206_faruk_gutic.jpg","keywords":["faruk guti\u0107","medicina","student"],"articleSection":["Istaknuto","Novosti","Preporu\u010dujemo"],"inLanguage":"bs-BA"},{"@type":"WebPage","@id":"https:\/\/tuzlainfo.ba\/index.php\/novosti\/item\/175112-student-medicine-iz-banovica-dobitnik-priznanja-evropske-akademije-za-neurologiju\/","url":"https:\/\/tuzlainfo.ba\/index.php\/novosti\/item\/175112-student-medicine-iz-banovica-dobitnik-priznanja-evropske-akademije-za-neurologiju\/","name":"Student medicine iz Banovi\u0107a dobitnik priznanja Evropske akademije za neurologiju - TuzlaInfo.ba","isPartOf":{"@id":"https:\/\/tuzlainfo.ba\/#website"},"primaryImageOfPage":{"@id":"https:\/\/tuzlainfo.ba\/index.php\/novosti\/item\/175112-student-medicine-iz-banovica-dobitnik-priznanja-evropske-akademije-za-neurologiju\/#primaryimage"},"image":{"@id":"https:\/\/tuzlainfo.ba\/index.php\/novosti\/item\/175112-student-medicine-iz-banovica-dobitnik-priznanja-evropske-akademije-za-neurologiju\/#primaryimage"},"thumbnailUrl":"https:\/\/tuzlainfo.ba\/wp-content\/uploads\/2022\/06\/1206_faruk_gutic.jpg","datePublished":"2022-06-12T21:06:26+00:00","dateModified":"2022-06-13T05:22:17+00:00","breadcrumb":{"@id":"https:\/\/tuzlainfo.ba\/index.php\/novosti\/item\/175112-student-medicine-iz-banovica-dobitnik-priznanja-evropske-akademije-za-neurologiju\/#breadcrumb"},"inLanguage":"bs-BA","potentialAction":[{"@type":"ReadAction","target":["https:\/\/tuzlainfo.ba\/index.php\/novosti\/item\/175112-student-medicine-iz-banovica-dobitnik-priznanja-evropske-akademije-za-neurologiju\/"]}]},{"@type":"ImageObject","inLanguage":"bs-BA","@id":"https:\/\/tuzlainfo.ba\/index.php\/novosti\/item\/175112-student-medicine-iz-banovica-dobitnik-priznanja-evropske-akademije-za-neurologiju\/#primaryimage","url":"https:\/\/tuzlainfo.ba\/wp-content\/uploads\/2022\/06\/1206_faruk_gutic.jpg","contentUrl":"https:\/\/tuzlainfo.ba\/wp-content\/uploads\/2022\/06\/1206_faruk_gutic.jpg","width":800,"height":533},{"@type":"BreadcrumbList","@id":"https:\/\/tuzlainfo.ba\/index.php\/novosti\/item\/175112-student-medicine-iz-banovica-dobitnik-priznanja-evropske-akademije-za-neurologiju\/#breadcrumb","itemListElement":[{"@type":"ListItem","position":1,"name":"Home","item":"https:\/\/tuzlainfo.ba\/"},{"@type":"ListItem","position":2,"name":"Student medicine iz Banovi\u0107a dobitnik priznanja Evropske akademije za neurologiju"}]},{"@type":"WebSite","@id":"https:\/\/tuzlainfo.ba\/#website","url":"https:\/\/tuzlainfo.ba\/","name":"TuzlaInfo.ba","description":"Tuzla info, gradski informator - Tuzla na dlanu","publisher":{"@id":"https:\/\/tuzlainfo.ba\/#organization"},"potentialAction":[{"@type":"SearchAction","target":{"@type":"EntryPoint","urlTemplate":"https:\/\/tuzlainfo.ba\/?s={search_term_string}"},"query-input":{"@type":"PropertyValueSpecification","valueRequired":true,"valueName":"search_term_string"}}],"inLanguage":"bs-BA"},{"@type":"Organization","@id":"https:\/\/tuzlainfo.ba\/#organization","name":"TuzlaInfo.ba","url":"https:\/\/tuzlainfo.ba\/","logo":{"@type":"ImageObject","inLanguage":"bs-BA","@id":"https:\/\/tuzlainfo.ba\/#\/schema\/logo\/image\/","url":"https:\/\/tuzlainfo.ba\/wp-content\/uploads\/2021\/03\/logo-ver-3-1.png","contentUrl":"https:\/\/tuzlainfo.ba\/wp-content\/uploads\/2021\/03\/logo-ver-3-1.png","width":350,"height":95,"caption":"TuzlaInfo.ba"},"image":{"@id":"https:\/\/tuzlainfo.ba\/#\/schema\/logo\/image\/"},"sameAs":["https:\/\/www.facebook.com\/tuzlainfo.ba\/"]},{"@type":"Person","@id":"https:\/\/tuzlainfo.ba\/#\/schema\/person\/f434e20dc27ea133923aab08451b7f7f","name":"nedim","image":{"@type":"ImageObject","inLanguage":"bs-BA","@id":"https:\/\/tuzlainfo.ba\/#\/schema\/person\/image\/","url":"https:\/\/tuzlainfo.ba\/wp-content\/litespeed\/avatar\/aabad687af24844af817603ac1cbdc4f.jpg?ver=1777306975","contentUrl":"https:\/\/tuzlainfo.ba\/wp-content\/litespeed\/avatar\/aabad687af24844af817603ac1cbdc4f.jpg?ver=1777306975","caption":"nedim"},"description":"Tuzlainfo.ba pratite na dru\u0161tvenim mre\u017eama: Facebook, Instagram i Youtube. Svoje pri\u010de, upite i fotografije \u0161aljite na na\u0161u e-mail adresu."}]}},"_links":{"self":[{"href":"https:\/\/tuzlainfo.ba\/index.php\/wp-json\/wp\/v2\/posts\/175112"}],"collection":[{"href":"https:\/\/tuzlainfo.ba\/index.php\/wp-json\/wp\/v2\/posts"}],"about":[{"href":"https:\/\/tuzlainfo.ba\/index.php\/wp-json\/wp\/v2\/types\/post"}],"author":[{"embeddable":true,"href":"https:\/\/tuzlainfo.ba\/index.php\/wp-json\/wp\/v2\/users\/2"}],"replies":[{"embeddable":true,"href":"https:\/\/tuzlainfo.ba\/index.php\/wp-json\/wp\/v2\/comments?post=175112"}],"version-history":[{"count":0,"href":"https:\/\/tuzlainfo.ba\/index.php\/wp-json\/wp\/v2\/posts\/175112\/revisions"}],"wp:featuredmedia":[{"embeddable":true,"href":"https:\/\/tuzlainfo.ba\/index.php\/wp-json\/wp\/v2\/media\/175113"}],"wp:attachment":[{"href":"https:\/\/tuzlainfo.ba\/index.php\/wp-json\/wp\/v2\/media?parent=175112"}],"wp:term":[{"taxonomy":"category","embeddable":true,"href":"https:\/\/tuzlainfo.ba\/index.php\/wp-json\/wp\/v2\/categories?post=175112"},{"taxonomy":"post_tag","embeddable":true,"href":"https:\/\/tuzlainfo.ba\/index.php\/wp-json\/wp\/v2\/tags?post=175112"}],"curies":[{"name":"wp","href":"https:\/\/api.w.org\/{rel}","templated":true}]}}