{"id":175022,"date":"2022-06-11T15:30:13","date_gmt":"2022-06-11T13:30:13","guid":{"rendered":"https:\/\/tuzlainfo.ba\/?p=175022"},"modified":"2022-06-11T14:42:16","modified_gmt":"2022-06-11T12:42:16","slug":"opcina-stari-grad-sarajevo-sa-50-000-km-pomaze-opcini-celic","status":"publish","type":"post","link":"https:\/\/tuzlainfo.ba\/index.php\/novosti\/item\/175022-opcina-stari-grad-sarajevo-sa-50-000-km-pomaze-opcini-celic\/","title":{"rendered":"Op\u0107ina Stari Grad Sarajevo sa 50.000 KM poma\u017ee Op\u0107ini \u010celi\u0107"},"content":{"rendered":"<p>Op\u0107inu \u010celi\u0107 ju\u010der je u kasnim poslijepodnevnim satima zadesilo vanredno stanje usljed obilnih ki\u0161nih padavina koje su dovele do izlijevanja rijeke \u0160ibo\u0161nice te svih lokalnih vodotoka.<\/p>\n<p>Odmah po saznanju za te\u0161ko stanje u ovoj op\u0107ini, na\u010delnik Op\u0107ine Stari Grad mr. Ibrahim Had\u017eibajri\u0107 pozvao je na\u010delnika Op\u0107ine \u010celi\u0107 Admira Hrustanovi\u0107a i ponudio pomo\u0107. Jo\u0161 jednom se potvrdilo da su lokalne zajednice uglavnom prepu\u0161tene same sebi i me\u0111usobnoj saradnji jer je na\u010delnik Hrustanovi\u0107 sino\u0107 potvrdio da je prvi poziv za podr\u0161ku i pomo\u0107 dobio iz Starog Grada i na\u010delnika Had\u017eibajri\u0107a.<\/p>\n<p>\u201cNa\u017ealost, na\u010delnik Hrustanovi\u0107 mi je potvrdio da je situacija vrlo te\u0161ka i da takve poplave ne pamte ni najstariji stanovnici \u010celi\u0107a. Prema prvim procjenama, poplavljeno je 500 do 600 ku\u0107a, gotovo dvije tre\u0107ine \u010celi\u0107a. Njima treba pomo\u0107 da ovi ljudi \u0161to prije nastave sa normalnim \u017eivotom i da se saniraju \u0161tete. Mi \u0107emo im pomo\u0107i. Sazvao sam sjednicu Op\u0107inskog \u0161taba civine za\u0161tite i mi \u0107emo iz sredstava posebne namjene izdvojiti 50.000 KM pomo\u0107i za \u010celi\u0107,\u201d najavio je na\u010delnik Had\u017eibajri\u0107.<\/p>\n<p>\u201cU ovakvim situacijama ne smije se gubiti vrijeme i mora se odmah reagovati jer ti ljudi su u te\u0161koj situaciji. \u010celi\u0107 to ne mo\u017ee sam podnijeti i sada im treba pomo\u0107 jer u nevolji se poznaju prijatelji,\u201d dodao je.<\/p>\n<p>\u201cNikada ne\u0107u zaboraviti da je ba\u0161 u ovom mjesecu, prije 35 godina ovakva poplava zadesila Bistrik. Taj veliki pljusak iznenadio je sve, voda se slijevala sa Trebevi\u0107a. Na\u017ealost, re\u0161etka na Bistri\u010dkom potoku je bila potpuno za\u010depljena. Niz Bistrik je voda nosila automobile, kontejnere, stvorilo se jezero kod Latinske \u0107uprije. Tada je zid korita Miljacke sru\u0161en kako bi voda oti\u0161la. Pamtimo takve nesre\u0107e da nam slu\u017ee kao opomena, ali i podsje\u0107aju da jedni drugima moramo pomagati. Zato, \u010celi\u0107 mo\u017ee ra\u010dunati na Stari Grad,\u201d poru\u010dio je na\u010delnik Had\u017eibajri\u0107.<\/p>\n<p>Jutros je na podru\u010dju op\u0107ine \u010celi\u0107 progla\u0161eno stanje prirodne nesre\u0107e zbog obilnih ki\u0161nih padavina koje su za veoma kratko vrijeme nanijele veliku \u0161tetu.<\/p>\n","protected":false},"excerpt":{"rendered":"<p>Op\u0107inu \u010celi\u0107 ju\u010der je u kasnim poslijepodnevnim satima zadesilo vanredno stanje usljed obilnih ki\u0161nih padavina&hellip;<\/p>\n","protected":false},"author":2,"featured_media":174959,"comment_status":"open","ping_status":"closed","sticky":false,"template":"","format":"standard","meta":{"_acf_changed":false,"footnotes":""},"categories":[12],"tags":[4927,4926],"acf":[],"yoast_head":"<!-- This site is optimized with the Yoast SEO plugin v23.5 - https:\/\/yoast.com\/wordpress\/plugins\/seo\/ -->\n<title>Op\u0107ina Stari Grad Sarajevo sa 50.000 KM poma\u017ee Op\u0107ini \u010celi\u0107 - TuzlaInfo.ba<\/title>\n<meta name=\"robots\" content=\"index, follow, max-snippet:-1, max-image-preview:large, max-video-preview:-1\" \/>\n<link rel=\"canonical\" href=\"https:\/\/tuzlainfo.ba\/index.php\/novosti\/item\/175022-opcina-stari-grad-sarajevo-sa-50-000-km-pomaze-opcini-celic\/\" \/>\n<meta property=\"og:locale\" content=\"bs_BA\" \/>\n<meta property=\"og:type\" content=\"article\" \/>\n<meta property=\"og:title\" content=\"Op\u0107ina Stari Grad Sarajevo sa 50.000 KM poma\u017ee Op\u0107ini \u010celi\u0107 - TuzlaInfo.ba\" \/>\n<meta property=\"og:description\" content=\"Op\u0107inu \u010celi\u0107 ju\u010der je u kasnim poslijepodnevnim satima zadesilo vanredno stanje usljed obilnih ki\u0161nih padavina&hellip;\" \/>\n<meta property=\"og:url\" content=\"https:\/\/tuzlainfo.ba\/index.php\/novosti\/item\/175022-opcina-stari-grad-sarajevo-sa-50-000-km-pomaze-opcini-celic\/\" \/>\n<meta property=\"og:site_name\" content=\"TuzlaInfo.ba\" \/>\n<meta property=\"article:publisher\" content=\"https:\/\/www.facebook.com\/tuzlainfo.ba\/\" \/>\n<meta property=\"article:published_time\" content=\"2022-06-11T13:30:13+00:00\" \/>\n<meta property=\"article:modified_time\" content=\"2022-06-11T12:42:16+00:00\" \/>\n<meta property=\"og:image\" content=\"https:\/\/tuzlainfo.ba\/wp-content\/uploads\/2022\/06\/1006_poplava_celic.jpg\" \/>\n\t<meta property=\"og:image:width\" content=\"1000\" \/>\n\t<meta property=\"og:image:height\" content=\"562\" \/>\n\t<meta property=\"og:image:type\" content=\"image\/jpeg\" \/>\n<meta name=\"author\" content=\"nedim\" \/>\n<meta name=\"twitter:card\" content=\"summary_large_image\" \/>\n<meta name=\"twitter:label1\" content=\"Written by\" \/>\n\t<meta name=\"twitter:data1\" content=\"nedim\" \/>\n\t<meta name=\"twitter:label2\" content=\"Est. reading time\" \/>\n\t<meta name=\"twitter:data2\" content=\"2 minute\" \/>\n<script type=\"application\/ld+json\" class=\"yoast-schema-graph\">{\"@context\":\"https:\/\/schema.org\",\"@graph\":[{\"@type\":\"Article\",\"@id\":\"https:\/\/tuzlainfo.ba\/index.php\/novosti\/item\/175022-opcina-stari-grad-sarajevo-sa-50-000-km-pomaze-opcini-celic\/#article\",\"isPartOf\":{\"@id\":\"https:\/\/tuzlainfo.ba\/index.php\/novosti\/item\/175022-opcina-stari-grad-sarajevo-sa-50-000-km-pomaze-opcini-celic\/\"},\"author\":{\"name\":\"nedim\",\"@id\":\"https:\/\/tuzlainfo.ba\/#\/schema\/person\/f434e20dc27ea133923aab08451b7f7f\"},\"headline\":\"Op\u0107ina Stari Grad Sarajevo sa 50.000 KM poma\u017ee Op\u0107ini \u010celi\u0107\",\"datePublished\":\"2022-06-11T13:30:13+00:00\",\"dateModified\":\"2022-06-11T12:42:16+00:00\",\"mainEntityOfPage\":{\"@id\":\"https:\/\/tuzlainfo.ba\/index.php\/novosti\/item\/175022-opcina-stari-grad-sarajevo-sa-50-000-km-pomaze-opcini-celic\/\"},\"wordCount\":378,\"commentCount\":0,\"publisher\":{\"@id\":\"https:\/\/tuzlainfo.ba\/#organization\"},\"image\":{\"@id\":\"https:\/\/tuzlainfo.ba\/index.php\/novosti\/item\/175022-opcina-stari-grad-sarajevo-sa-50-000-km-pomaze-opcini-celic\/#primaryimage\"},\"thumbnailUrl\":\"https:\/\/tuzlainfo.ba\/wp-content\/uploads\/2022\/06\/1006_poplava_celic.jpg\",\"keywords\":[\"opcina celic\",\"stari grad sarajevo\"],\"articleSection\":[\"Novosti\"],\"inLanguage\":\"bs-BA\"},{\"@type\":\"WebPage\",\"@id\":\"https:\/\/tuzlainfo.ba\/index.php\/novosti\/item\/175022-opcina-stari-grad-sarajevo-sa-50-000-km-pomaze-opcini-celic\/\",\"url\":\"https:\/\/tuzlainfo.ba\/index.php\/novosti\/item\/175022-opcina-stari-grad-sarajevo-sa-50-000-km-pomaze-opcini-celic\/\",\"name\":\"Op\u0107ina Stari Grad Sarajevo sa 50.000 KM poma\u017ee Op\u0107ini \u010celi\u0107 - TuzlaInfo.ba\",\"isPartOf\":{\"@id\":\"https:\/\/tuzlainfo.ba\/#website\"},\"primaryImageOfPage\":{\"@id\":\"https:\/\/tuzlainfo.ba\/index.php\/novosti\/item\/175022-opcina-stari-grad-sarajevo-sa-50-000-km-pomaze-opcini-celic\/#primaryimage\"},\"image\":{\"@id\":\"https:\/\/tuzlainfo.ba\/index.php\/novosti\/item\/175022-opcina-stari-grad-sarajevo-sa-50-000-km-pomaze-opcini-celic\/#primaryimage\"},\"thumbnailUrl\":\"https:\/\/tuzlainfo.ba\/wp-content\/uploads\/2022\/06\/1006_poplava_celic.jpg\",\"datePublished\":\"2022-06-11T13:30:13+00:00\",\"dateModified\":\"2022-06-11T12:42:16+00:00\",\"breadcrumb\":{\"@id\":\"https:\/\/tuzlainfo.ba\/index.php\/novosti\/item\/175022-opcina-stari-grad-sarajevo-sa-50-000-km-pomaze-opcini-celic\/#breadcrumb\"},\"inLanguage\":\"bs-BA\",\"potentialAction\":[{\"@type\":\"ReadAction\",\"target\":[\"https:\/\/tuzlainfo.ba\/index.php\/novosti\/item\/175022-opcina-stari-grad-sarajevo-sa-50-000-km-pomaze-opcini-celic\/\"]}]},{\"@type\":\"ImageObject\",\"inLanguage\":\"bs-BA\",\"@id\":\"https:\/\/tuzlainfo.ba\/index.php\/novosti\/item\/175022-opcina-stari-grad-sarajevo-sa-50-000-km-pomaze-opcini-celic\/#primaryimage\",\"url\":\"https:\/\/tuzlainfo.ba\/wp-content\/uploads\/2022\/06\/1006_poplava_celic.jpg\",\"contentUrl\":\"https:\/\/tuzlainfo.ba\/wp-content\/uploads\/2022\/06\/1006_poplava_celic.jpg\",\"width\":1000,\"height\":562,\"caption\":\"Foro: CelicOnline Portal\"},{\"@type\":\"BreadcrumbList\",\"@id\":\"https:\/\/tuzlainfo.ba\/index.php\/novosti\/item\/175022-opcina-stari-grad-sarajevo-sa-50-000-km-pomaze-opcini-celic\/#breadcrumb\",\"itemListElement\":[{\"@type\":\"ListItem\",\"position\":1,\"name\":\"Home\",\"item\":\"https:\/\/tuzlainfo.ba\/\"},{\"@type\":\"ListItem\",\"position\":2,\"name\":\"Op\u0107ina Stari Grad Sarajevo sa 50.000 KM poma\u017ee Op\u0107ini \u010celi\u0107\"}]},{\"@type\":\"WebSite\",\"@id\":\"https:\/\/tuzlainfo.ba\/#website\",\"url\":\"https:\/\/tuzlainfo.ba\/\",\"name\":\"TuzlaInfo.ba\",\"description\":\"Tuzla info, gradski informator - Tuzla na dlanu\",\"publisher\":{\"@id\":\"https:\/\/tuzlainfo.ba\/#organization\"},\"potentialAction\":[{\"@type\":\"SearchAction\",\"target\":{\"@type\":\"EntryPoint\",\"urlTemplate\":\"https:\/\/tuzlainfo.ba\/?s={search_term_string}\"},\"query-input\":{\"@type\":\"PropertyValueSpecification\",\"valueRequired\":true,\"valueName\":\"search_term_string\"}}],\"inLanguage\":\"bs-BA\"},{\"@type\":\"Organization\",\"@id\":\"https:\/\/tuzlainfo.ba\/#organization\",\"name\":\"TuzlaInfo.ba\",\"url\":\"https:\/\/tuzlainfo.ba\/\",\"logo\":{\"@type\":\"ImageObject\",\"inLanguage\":\"bs-BA\",\"@id\":\"https:\/\/tuzlainfo.ba\/#\/schema\/logo\/image\/\",\"url\":\"https:\/\/tuzlainfo.ba\/wp-content\/uploads\/2021\/03\/logo-ver-3-1.png\",\"contentUrl\":\"https:\/\/tuzlainfo.ba\/wp-content\/uploads\/2021\/03\/logo-ver-3-1.png\",\"width\":350,\"height\":95,\"caption\":\"TuzlaInfo.ba\"},\"image\":{\"@id\":\"https:\/\/tuzlainfo.ba\/#\/schema\/logo\/image\/\"},\"sameAs\":[\"https:\/\/www.facebook.com\/tuzlainfo.ba\/\"]},{\"@type\":\"Person\",\"@id\":\"https:\/\/tuzlainfo.ba\/#\/schema\/person\/f434e20dc27ea133923aab08451b7f7f\",\"name\":\"nedim\",\"image\":{\"@type\":\"ImageObject\",\"inLanguage\":\"bs-BA\",\"@id\":\"https:\/\/tuzlainfo.ba\/#\/schema\/person\/image\/\",\"url\":\"https:\/\/tuzlainfo.ba\/wp-content\/litespeed\/avatar\/aabad687af24844af817603ac1cbdc4f.jpg?ver=1777306975\",\"contentUrl\":\"https:\/\/tuzlainfo.ba\/wp-content\/litespeed\/avatar\/aabad687af24844af817603ac1cbdc4f.jpg?ver=1777306975\",\"caption\":\"nedim\"},\"description\":\"Tuzlainfo.ba pratite na dru\u0161tvenim mre\u017eama: Facebook, Instagram i Youtube. Svoje pri\u010de, upite i fotografije \u0161aljite na na\u0161u e-mail adresu.\"}]}<\/script>\n<!-- \/ Yoast SEO plugin. -->","yoast_head_json":{"title":"Op\u0107ina Stari Grad Sarajevo sa 50.000 KM poma\u017ee Op\u0107ini \u010celi\u0107 - TuzlaInfo.ba","robots":{"index":"index","follow":"follow","max-snippet":"max-snippet:-1","max-image-preview":"max-image-preview:large","max-video-preview":"max-video-preview:-1"},"canonical":"https:\/\/tuzlainfo.ba\/index.php\/novosti\/item\/175022-opcina-stari-grad-sarajevo-sa-50-000-km-pomaze-opcini-celic\/","og_locale":"bs_BA","og_type":"article","og_title":"Op\u0107ina Stari Grad Sarajevo sa 50.000 KM poma\u017ee Op\u0107ini \u010celi\u0107 - TuzlaInfo.ba","og_description":"Op\u0107inu \u010celi\u0107 ju\u010der je u kasnim poslijepodnevnim satima zadesilo vanredno stanje usljed obilnih ki\u0161nih padavina&hellip;","og_url":"https:\/\/tuzlainfo.ba\/index.php\/novosti\/item\/175022-opcina-stari-grad-sarajevo-sa-50-000-km-pomaze-opcini-celic\/","og_site_name":"TuzlaInfo.ba","article_publisher":"https:\/\/www.facebook.com\/tuzlainfo.ba\/","article_published_time":"2022-06-11T13:30:13+00:00","article_modified_time":"2022-06-11T12:42:16+00:00","og_image":[{"width":1000,"height":562,"url":"https:\/\/tuzlainfo.ba\/wp-content\/uploads\/2022\/06\/1006_poplava_celic.jpg","type":"image\/jpeg"}],"author":"nedim","twitter_card":"summary_large_image","twitter_misc":{"Written by":"nedim","Est. reading time":"2 minute"},"schema":{"@context":"https:\/\/schema.org","@graph":[{"@type":"Article","@id":"https:\/\/tuzlainfo.ba\/index.php\/novosti\/item\/175022-opcina-stari-grad-sarajevo-sa-50-000-km-pomaze-opcini-celic\/#article","isPartOf":{"@id":"https:\/\/tuzlainfo.ba\/index.php\/novosti\/item\/175022-opcina-stari-grad-sarajevo-sa-50-000-km-pomaze-opcini-celic\/"},"author":{"name":"nedim","@id":"https:\/\/tuzlainfo.ba\/#\/schema\/person\/f434e20dc27ea133923aab08451b7f7f"},"headline":"Op\u0107ina Stari Grad Sarajevo sa 50.000 KM poma\u017ee Op\u0107ini \u010celi\u0107","datePublished":"2022-06-11T13:30:13+00:00","dateModified":"2022-06-11T12:42:16+00:00","mainEntityOfPage":{"@id":"https:\/\/tuzlainfo.ba\/index.php\/novosti\/item\/175022-opcina-stari-grad-sarajevo-sa-50-000-km-pomaze-opcini-celic\/"},"wordCount":378,"commentCount":0,"publisher":{"@id":"https:\/\/tuzlainfo.ba\/#organization"},"image":{"@id":"https:\/\/tuzlainfo.ba\/index.php\/novosti\/item\/175022-opcina-stari-grad-sarajevo-sa-50-000-km-pomaze-opcini-celic\/#primaryimage"},"thumbnailUrl":"https:\/\/tuzlainfo.ba\/wp-content\/uploads\/2022\/06\/1006_poplava_celic.jpg","keywords":["opcina celic","stari grad sarajevo"],"articleSection":["Novosti"],"inLanguage":"bs-BA"},{"@type":"WebPage","@id":"https:\/\/tuzlainfo.ba\/index.php\/novosti\/item\/175022-opcina-stari-grad-sarajevo-sa-50-000-km-pomaze-opcini-celic\/","url":"https:\/\/tuzlainfo.ba\/index.php\/novosti\/item\/175022-opcina-stari-grad-sarajevo-sa-50-000-km-pomaze-opcini-celic\/","name":"Op\u0107ina Stari Grad Sarajevo sa 50.000 KM poma\u017ee Op\u0107ini \u010celi\u0107 - TuzlaInfo.ba","isPartOf":{"@id":"https:\/\/tuzlainfo.ba\/#website"},"primaryImageOfPage":{"@id":"https:\/\/tuzlainfo.ba\/index.php\/novosti\/item\/175022-opcina-stari-grad-sarajevo-sa-50-000-km-pomaze-opcini-celic\/#primaryimage"},"image":{"@id":"https:\/\/tuzlainfo.ba\/index.php\/novosti\/item\/175022-opcina-stari-grad-sarajevo-sa-50-000-km-pomaze-opcini-celic\/#primaryimage"},"thumbnailUrl":"https:\/\/tuzlainfo.ba\/wp-content\/uploads\/2022\/06\/1006_poplava_celic.jpg","datePublished":"2022-06-11T13:30:13+00:00","dateModified":"2022-06-11T12:42:16+00:00","breadcrumb":{"@id":"https:\/\/tuzlainfo.ba\/index.php\/novosti\/item\/175022-opcina-stari-grad-sarajevo-sa-50-000-km-pomaze-opcini-celic\/#breadcrumb"},"inLanguage":"bs-BA","potentialAction":[{"@type":"ReadAction","target":["https:\/\/tuzlainfo.ba\/index.php\/novosti\/item\/175022-opcina-stari-grad-sarajevo-sa-50-000-km-pomaze-opcini-celic\/"]}]},{"@type":"ImageObject","inLanguage":"bs-BA","@id":"https:\/\/tuzlainfo.ba\/index.php\/novosti\/item\/175022-opcina-stari-grad-sarajevo-sa-50-000-km-pomaze-opcini-celic\/#primaryimage","url":"https:\/\/tuzlainfo.ba\/wp-content\/uploads\/2022\/06\/1006_poplava_celic.jpg","contentUrl":"https:\/\/tuzlainfo.ba\/wp-content\/uploads\/2022\/06\/1006_poplava_celic.jpg","width":1000,"height":562,"caption":"Foro: CelicOnline Portal"},{"@type":"BreadcrumbList","@id":"https:\/\/tuzlainfo.ba\/index.php\/novosti\/item\/175022-opcina-stari-grad-sarajevo-sa-50-000-km-pomaze-opcini-celic\/#breadcrumb","itemListElement":[{"@type":"ListItem","position":1,"name":"Home","item":"https:\/\/tuzlainfo.ba\/"},{"@type":"ListItem","position":2,"name":"Op\u0107ina Stari Grad Sarajevo sa 50.000 KM poma\u017ee Op\u0107ini \u010celi\u0107"}]},{"@type":"WebSite","@id":"https:\/\/tuzlainfo.ba\/#website","url":"https:\/\/tuzlainfo.ba\/","name":"TuzlaInfo.ba","description":"Tuzla info, gradski informator - Tuzla na dlanu","publisher":{"@id":"https:\/\/tuzlainfo.ba\/#organization"},"potentialAction":[{"@type":"SearchAction","target":{"@type":"EntryPoint","urlTemplate":"https:\/\/tuzlainfo.ba\/?s={search_term_string}"},"query-input":{"@type":"PropertyValueSpecification","valueRequired":true,"valueName":"search_term_string"}}],"inLanguage":"bs-BA"},{"@type":"Organization","@id":"https:\/\/tuzlainfo.ba\/#organization","name":"TuzlaInfo.ba","url":"https:\/\/tuzlainfo.ba\/","logo":{"@type":"ImageObject","inLanguage":"bs-BA","@id":"https:\/\/tuzlainfo.ba\/#\/schema\/logo\/image\/","url":"https:\/\/tuzlainfo.ba\/wp-content\/uploads\/2021\/03\/logo-ver-3-1.png","contentUrl":"https:\/\/tuzlainfo.ba\/wp-content\/uploads\/2021\/03\/logo-ver-3-1.png","width":350,"height":95,"caption":"TuzlaInfo.ba"},"image":{"@id":"https:\/\/tuzlainfo.ba\/#\/schema\/logo\/image\/"},"sameAs":["https:\/\/www.facebook.com\/tuzlainfo.ba\/"]},{"@type":"Person","@id":"https:\/\/tuzlainfo.ba\/#\/schema\/person\/f434e20dc27ea133923aab08451b7f7f","name":"nedim","image":{"@type":"ImageObject","inLanguage":"bs-BA","@id":"https:\/\/tuzlainfo.ba\/#\/schema\/person\/image\/","url":"https:\/\/tuzlainfo.ba\/wp-content\/litespeed\/avatar\/aabad687af24844af817603ac1cbdc4f.jpg?ver=1777306975","contentUrl":"https:\/\/tuzlainfo.ba\/wp-content\/litespeed\/avatar\/aabad687af24844af817603ac1cbdc4f.jpg?ver=1777306975","caption":"nedim"},"description":"Tuzlainfo.ba pratite na dru\u0161tvenim mre\u017eama: Facebook, Instagram i Youtube. Svoje pri\u010de, upite i fotografije \u0161aljite na na\u0161u e-mail adresu."}]}},"_links":{"self":[{"href":"https:\/\/tuzlainfo.ba\/index.php\/wp-json\/wp\/v2\/posts\/175022"}],"collection":[{"href":"https:\/\/tuzlainfo.ba\/index.php\/wp-json\/wp\/v2\/posts"}],"about":[{"href":"https:\/\/tuzlainfo.ba\/index.php\/wp-json\/wp\/v2\/types\/post"}],"author":[{"embeddable":true,"href":"https:\/\/tuzlainfo.ba\/index.php\/wp-json\/wp\/v2\/users\/2"}],"replies":[{"embeddable":true,"href":"https:\/\/tuzlainfo.ba\/index.php\/wp-json\/wp\/v2\/comments?post=175022"}],"version-history":[{"count":0,"href":"https:\/\/tuzlainfo.ba\/index.php\/wp-json\/wp\/v2\/posts\/175022\/revisions"}],"wp:featuredmedia":[{"embeddable":true,"href":"https:\/\/tuzlainfo.ba\/index.php\/wp-json\/wp\/v2\/media\/174959"}],"wp:attachment":[{"href":"https:\/\/tuzlainfo.ba\/index.php\/wp-json\/wp\/v2\/media?parent=175022"}],"wp:term":[{"taxonomy":"category","embeddable":true,"href":"https:\/\/tuzlainfo.ba\/index.php\/wp-json\/wp\/v2\/categories?post=175022"},{"taxonomy":"post_tag","embeddable":true,"href":"https:\/\/tuzlainfo.ba\/index.php\/wp-json\/wp\/v2\/tags?post=175022"}],"curies":[{"name":"wp","href":"https:\/\/api.w.org\/{rel}","templated":true}]}}