{"id":174866,"date":"2022-06-11T10:00:13","date_gmt":"2022-06-11T08:00:13","guid":{"rendered":"https:\/\/tuzlainfo.ba\/?p=174866"},"modified":"2022-06-10T20:39:50","modified_gmt":"2022-06-10T18:39:50","slug":"sky-summer-stage-na-krovu-tuzlanske-uskoro-koncert-dzenana-loncarevica","status":"publish","type":"post","link":"https:\/\/tuzlainfo.ba\/index.php\/najava-dogadaja-2\/item\/174866-sky-summer-stage-na-krovu-tuzlanske-uskoro-koncert-dzenana-loncarevica\/","title":{"rendered":"Sky Summer Stage: Na krovu &#8220;Tuzlanske&#8221; uskoro koncert D\u017eenana Lon\u010darevi\u0107a"},"content":{"rendered":"<p>&#8220;Sky Summer Stage\u201c nastavljamo novim spektaklom D\u017eenana Lon\u010darevi\u0107a, 18. juna. Za njegov pro\u0161logodi\u0161nji nastup na krovu \u201eTuzlanke\u201c, vladao je ogroman interes i tra\u017eila se karta vi\u0161e. D\u017eenan Lon\u010darevi\u0107 i ove godine obe\u0107ava sjajnu energiju i ve\u010de koje \u0107e publika dugo pamtiti.<\/p>\n<p>Za ovaj koncert je i ove godine publika veoma zainteresovana, te je jo\u0161 jedna no\u0107 za pam\u0107enje zagarantovana.<\/p>\n<p>23. dan mjeseca jula rezervisan je za novi rock spektakl i dru\u017eenje legendarnog benda \u201eVan Gogh\u201c sa tuzlanskom publikom. Stari znanci, u novom ambijentu i jo\u0161 jedna energetska, muzi\u010dka eksplozija benda koji u Tuzli ima brojne poklonike.<\/p>\n<p>Posebna poslastica nam sti\u017ee 20. avgusta kada \u0107e na krovu \u201eTuzlanke\u201c, po prvi put, nastupiti jedan od najzna\u010dajnijih bendova ex yu rocka \u2013 \u201eZabranjeno pu\u0161enje\u201c. Nakon vi\u0161egodi\u0161nje pauze Sejo Sexon i ekipa s velikim nestrpljenjem o\u010dekuju susret sa tuzlanskom publikom i obe\u0107avaju istinski spektakl pod vedrim nebom.<\/p>\n<p>&nbsp;<\/p>\n<p>Agencija \u201eZeus\u201c posljednjih godina je mnogo radila na razvijanju novog koncepta zabave, prire\u0111uju\u0107i razli\u010dite doga\u0111aje i koncerte na atraktivnim, novim lokacijama.<\/p>\n<p>Krov \u201eTuzlanke\u201c je, uz fenomenalan pogled na cijeli grad, omogu\u0107io i odli\u010dan ambijent za sjajnu zabavu, pod vedrim nebom.<\/p>\n<p>Limitirani broj ulaznica dostupan je na prodajnim mjestima:<\/p>\n<p>TUZLA &#8211; CD Shop Sejo Vili Korzo \u2013 Buddy\u2019s Gift Shop-Tuzlanka \u2013 Caffe Allegro \u2013 Stupine C2 |<\/p>\n<p>GRA\u010cANICA &#8211; Caffe Times Square \u201992 | BR\u010cKO &#8211; Art Caffe Jazzwa | BIJELJINA &#8211; Caffe Aj Vam | LUKAVAC \u2013 BBCC<\/p>\n<p>Dobro do\u0161li na Sky Summer Stage, novi koncept no\u0107nog izlaska na najunikatnijoj lokaciji u Tuzli, poru\u010dili su iz Agencije Zeus.<\/p>\n","protected":false},"excerpt":{"rendered":"<p>&#8220;Sky Summer Stage\u201c nastavljamo novim spektaklom D\u017eenana Lon\u010darevi\u0107a, 18. juna. Za njegov pro\u0161logodi\u0161nji nastup na&hellip;<\/p>\n","protected":false},"author":4,"featured_media":174867,"comment_status":"open","ping_status":"closed","sticky":false,"template":"","format":"standard","meta":{"_acf_changed":false,"footnotes":""},"categories":[11],"tags":[4860,2080],"acf":[],"yoast_head":"<!-- This site is optimized with the Yoast SEO plugin v23.5 - https:\/\/yoast.com\/wordpress\/plugins\/seo\/ -->\n<title>Sky Summer Stage: Na krovu &quot;Tuzlanske&quot; uskoro koncert D\u017eenana Lon\u010darevi\u0107a - TuzlaInfo.ba<\/title>\n<meta name=\"robots\" content=\"index, follow, max-snippet:-1, max-image-preview:large, max-video-preview:-1\" \/>\n<link rel=\"canonical\" href=\"https:\/\/tuzlainfo.ba\/index.php\/najava-dogadaja-2\/item\/174866-sky-summer-stage-na-krovu-tuzlanske-uskoro-koncert-dzenana-loncarevica\/\" \/>\n<meta property=\"og:locale\" content=\"bs_BA\" \/>\n<meta property=\"og:type\" content=\"article\" \/>\n<meta property=\"og:title\" content=\"Sky Summer Stage: Na krovu &quot;Tuzlanske&quot; uskoro koncert D\u017eenana Lon\u010darevi\u0107a - TuzlaInfo.ba\" \/>\n<meta property=\"og:description\" content=\"&#8220;Sky Summer Stage\u201c nastavljamo novim spektaklom D\u017eenana Lon\u010darevi\u0107a, 18. juna. Za njegov pro\u0161logodi\u0161nji nastup na&hellip;\" \/>\n<meta property=\"og:url\" content=\"https:\/\/tuzlainfo.ba\/index.php\/najava-dogadaja-2\/item\/174866-sky-summer-stage-na-krovu-tuzlanske-uskoro-koncert-dzenana-loncarevica\/\" \/>\n<meta property=\"og:site_name\" content=\"TuzlaInfo.ba\" \/>\n<meta property=\"article:publisher\" content=\"https:\/\/www.facebook.com\/tuzlainfo.ba\/\" \/>\n<meta property=\"article:published_time\" content=\"2022-06-11T08:00:13+00:00\" \/>\n<meta property=\"article:modified_time\" content=\"2022-06-10T18:39:50+00:00\" \/>\n<meta property=\"og:image\" content=\"https:\/\/tuzlainfo.ba\/wp-content\/uploads\/2022\/06\/inbound8932399723459645961.jpg\" \/>\n\t<meta property=\"og:image:width\" content=\"1080\" \/>\n\t<meta property=\"og:image:height\" content=\"718\" \/>\n\t<meta property=\"og:image:type\" content=\"image\/jpeg\" \/>\n<meta name=\"author\" content=\"Tuzla Info\" \/>\n<meta name=\"twitter:card\" content=\"summary_large_image\" \/>\n<meta name=\"twitter:label1\" content=\"Written by\" \/>\n\t<meta name=\"twitter:data1\" content=\"Tuzla Info\" \/>\n\t<meta name=\"twitter:label2\" content=\"Est. reading time\" \/>\n\t<meta name=\"twitter:data2\" content=\"1 minuta\" \/>\n<script type=\"application\/ld+json\" class=\"yoast-schema-graph\">{\"@context\":\"https:\/\/schema.org\",\"@graph\":[{\"@type\":\"Article\",\"@id\":\"https:\/\/tuzlainfo.ba\/index.php\/najava-dogadaja-2\/item\/174866-sky-summer-stage-na-krovu-tuzlanske-uskoro-koncert-dzenana-loncarevica\/#article\",\"isPartOf\":{\"@id\":\"https:\/\/tuzlainfo.ba\/index.php\/najava-dogadaja-2\/item\/174866-sky-summer-stage-na-krovu-tuzlanske-uskoro-koncert-dzenana-loncarevica\/\"},\"author\":{\"name\":\"Tuzla Info\",\"@id\":\"https:\/\/tuzlainfo.ba\/#\/schema\/person\/46cad4c57790cbc50781edd14870825a\"},\"headline\":\"Sky Summer Stage: Na krovu &#8220;Tuzlanske&#8221; uskoro koncert D\u017eenana Lon\u010darevi\u0107a\",\"datePublished\":\"2022-06-11T08:00:13+00:00\",\"dateModified\":\"2022-06-10T18:39:50+00:00\",\"mainEntityOfPage\":{\"@id\":\"https:\/\/tuzlainfo.ba\/index.php\/najava-dogadaja-2\/item\/174866-sky-summer-stage-na-krovu-tuzlanske-uskoro-koncert-dzenana-loncarevica\/\"},\"wordCount\":285,\"commentCount\":0,\"publisher\":{\"@id\":\"https:\/\/tuzlainfo.ba\/#organization\"},\"image\":{\"@id\":\"https:\/\/tuzlainfo.ba\/index.php\/najava-dogadaja-2\/item\/174866-sky-summer-stage-na-krovu-tuzlanske-uskoro-koncert-dzenana-loncarevica\/#primaryimage\"},\"thumbnailUrl\":\"https:\/\/tuzlainfo.ba\/wp-content\/uploads\/2022\/06\/inbound8932399723459645961.jpg\",\"keywords\":[\"agencija zeus\",\"d\u017eenan lon\u010darevi\u0107\"],\"articleSection\":[\"Najave i doga\u0111aji\"],\"inLanguage\":\"bs-BA\"},{\"@type\":\"WebPage\",\"@id\":\"https:\/\/tuzlainfo.ba\/index.php\/najava-dogadaja-2\/item\/174866-sky-summer-stage-na-krovu-tuzlanske-uskoro-koncert-dzenana-loncarevica\/\",\"url\":\"https:\/\/tuzlainfo.ba\/index.php\/najava-dogadaja-2\/item\/174866-sky-summer-stage-na-krovu-tuzlanske-uskoro-koncert-dzenana-loncarevica\/\",\"name\":\"Sky Summer Stage: Na krovu \\\"Tuzlanske\\\" uskoro koncert D\u017eenana Lon\u010darevi\u0107a - TuzlaInfo.ba\",\"isPartOf\":{\"@id\":\"https:\/\/tuzlainfo.ba\/#website\"},\"primaryImageOfPage\":{\"@id\":\"https:\/\/tuzlainfo.ba\/index.php\/najava-dogadaja-2\/item\/174866-sky-summer-stage-na-krovu-tuzlanske-uskoro-koncert-dzenana-loncarevica\/#primaryimage\"},\"image\":{\"@id\":\"https:\/\/tuzlainfo.ba\/index.php\/najava-dogadaja-2\/item\/174866-sky-summer-stage-na-krovu-tuzlanske-uskoro-koncert-dzenana-loncarevica\/#primaryimage\"},\"thumbnailUrl\":\"https:\/\/tuzlainfo.ba\/wp-content\/uploads\/2022\/06\/inbound8932399723459645961.jpg\",\"datePublished\":\"2022-06-11T08:00:13+00:00\",\"dateModified\":\"2022-06-10T18:39:50+00:00\",\"breadcrumb\":{\"@id\":\"https:\/\/tuzlainfo.ba\/index.php\/najava-dogadaja-2\/item\/174866-sky-summer-stage-na-krovu-tuzlanske-uskoro-koncert-dzenana-loncarevica\/#breadcrumb\"},\"inLanguage\":\"bs-BA\",\"potentialAction\":[{\"@type\":\"ReadAction\",\"target\":[\"https:\/\/tuzlainfo.ba\/index.php\/najava-dogadaja-2\/item\/174866-sky-summer-stage-na-krovu-tuzlanske-uskoro-koncert-dzenana-loncarevica\/\"]}]},{\"@type\":\"ImageObject\",\"inLanguage\":\"bs-BA\",\"@id\":\"https:\/\/tuzlainfo.ba\/index.php\/najava-dogadaja-2\/item\/174866-sky-summer-stage-na-krovu-tuzlanske-uskoro-koncert-dzenana-loncarevica\/#primaryimage\",\"url\":\"https:\/\/tuzlainfo.ba\/wp-content\/uploads\/2022\/06\/inbound8932399723459645961.jpg\",\"contentUrl\":\"https:\/\/tuzlainfo.ba\/wp-content\/uploads\/2022\/06\/inbound8932399723459645961.jpg\",\"width\":1080,\"height\":718},{\"@type\":\"BreadcrumbList\",\"@id\":\"https:\/\/tuzlainfo.ba\/index.php\/najava-dogadaja-2\/item\/174866-sky-summer-stage-na-krovu-tuzlanske-uskoro-koncert-dzenana-loncarevica\/#breadcrumb\",\"itemListElement\":[{\"@type\":\"ListItem\",\"position\":1,\"name\":\"Home\",\"item\":\"https:\/\/tuzlainfo.ba\/\"},{\"@type\":\"ListItem\",\"position\":2,\"name\":\"Sky Summer Stage: Na krovu &#8220;Tuzlanske&#8221; uskoro koncert D\u017eenana Lon\u010darevi\u0107a\"}]},{\"@type\":\"WebSite\",\"@id\":\"https:\/\/tuzlainfo.ba\/#website\",\"url\":\"https:\/\/tuzlainfo.ba\/\",\"name\":\"TuzlaInfo.ba\",\"description\":\"Tuzla info, gradski informator - Tuzla na dlanu\",\"publisher\":{\"@id\":\"https:\/\/tuzlainfo.ba\/#organization\"},\"potentialAction\":[{\"@type\":\"SearchAction\",\"target\":{\"@type\":\"EntryPoint\",\"urlTemplate\":\"https:\/\/tuzlainfo.ba\/?s={search_term_string}\"},\"query-input\":{\"@type\":\"PropertyValueSpecification\",\"valueRequired\":true,\"valueName\":\"search_term_string\"}}],\"inLanguage\":\"bs-BA\"},{\"@type\":\"Organization\",\"@id\":\"https:\/\/tuzlainfo.ba\/#organization\",\"name\":\"TuzlaInfo.ba\",\"url\":\"https:\/\/tuzlainfo.ba\/\",\"logo\":{\"@type\":\"ImageObject\",\"inLanguage\":\"bs-BA\",\"@id\":\"https:\/\/tuzlainfo.ba\/#\/schema\/logo\/image\/\",\"url\":\"https:\/\/tuzlainfo.ba\/wp-content\/uploads\/2021\/03\/logo-ver-3-1.png\",\"contentUrl\":\"https:\/\/tuzlainfo.ba\/wp-content\/uploads\/2021\/03\/logo-ver-3-1.png\",\"width\":350,\"height\":95,\"caption\":\"TuzlaInfo.ba\"},\"image\":{\"@id\":\"https:\/\/tuzlainfo.ba\/#\/schema\/logo\/image\/\"},\"sameAs\":[\"https:\/\/www.facebook.com\/tuzlainfo.ba\/\"]},{\"@type\":\"Person\",\"@id\":\"https:\/\/tuzlainfo.ba\/#\/schema\/person\/46cad4c57790cbc50781edd14870825a\",\"name\":\"Tuzla Info\",\"image\":{\"@type\":\"ImageObject\",\"inLanguage\":\"bs-BA\",\"@id\":\"https:\/\/tuzlainfo.ba\/#\/schema\/person\/image\/\",\"url\":\"https:\/\/tuzlainfo.ba\/wp-content\/litespeed\/avatar\/b6c453a6c38e3654f2e4416c643fc25c.jpg?ver=1777051911\",\"contentUrl\":\"https:\/\/tuzlainfo.ba\/wp-content\/litespeed\/avatar\/b6c453a6c38e3654f2e4416c643fc25c.jpg?ver=1777051911\",\"caption\":\"Tuzla Info\"}}]}<\/script>\n<!-- \/ Yoast SEO plugin. -->","yoast_head_json":{"title":"Sky Summer Stage: Na krovu \"Tuzlanske\" uskoro koncert D\u017eenana Lon\u010darevi\u0107a - TuzlaInfo.ba","robots":{"index":"index","follow":"follow","max-snippet":"max-snippet:-1","max-image-preview":"max-image-preview:large","max-video-preview":"max-video-preview:-1"},"canonical":"https:\/\/tuzlainfo.ba\/index.php\/najava-dogadaja-2\/item\/174866-sky-summer-stage-na-krovu-tuzlanske-uskoro-koncert-dzenana-loncarevica\/","og_locale":"bs_BA","og_type":"article","og_title":"Sky Summer Stage: Na krovu \"Tuzlanske\" uskoro koncert D\u017eenana Lon\u010darevi\u0107a - TuzlaInfo.ba","og_description":"&#8220;Sky Summer Stage\u201c nastavljamo novim spektaklom D\u017eenana Lon\u010darevi\u0107a, 18. juna. Za njegov pro\u0161logodi\u0161nji nastup na&hellip;","og_url":"https:\/\/tuzlainfo.ba\/index.php\/najava-dogadaja-2\/item\/174866-sky-summer-stage-na-krovu-tuzlanske-uskoro-koncert-dzenana-loncarevica\/","og_site_name":"TuzlaInfo.ba","article_publisher":"https:\/\/www.facebook.com\/tuzlainfo.ba\/","article_published_time":"2022-06-11T08:00:13+00:00","article_modified_time":"2022-06-10T18:39:50+00:00","og_image":[{"width":1080,"height":718,"url":"https:\/\/tuzlainfo.ba\/wp-content\/uploads\/2022\/06\/inbound8932399723459645961.jpg","type":"image\/jpeg"}],"author":"Tuzla Info","twitter_card":"summary_large_image","twitter_misc":{"Written by":"Tuzla Info","Est. reading time":"1 minuta"},"schema":{"@context":"https:\/\/schema.org","@graph":[{"@type":"Article","@id":"https:\/\/tuzlainfo.ba\/index.php\/najava-dogadaja-2\/item\/174866-sky-summer-stage-na-krovu-tuzlanske-uskoro-koncert-dzenana-loncarevica\/#article","isPartOf":{"@id":"https:\/\/tuzlainfo.ba\/index.php\/najava-dogadaja-2\/item\/174866-sky-summer-stage-na-krovu-tuzlanske-uskoro-koncert-dzenana-loncarevica\/"},"author":{"name":"Tuzla Info","@id":"https:\/\/tuzlainfo.ba\/#\/schema\/person\/46cad4c57790cbc50781edd14870825a"},"headline":"Sky Summer Stage: Na krovu &#8220;Tuzlanske&#8221; uskoro koncert D\u017eenana Lon\u010darevi\u0107a","datePublished":"2022-06-11T08:00:13+00:00","dateModified":"2022-06-10T18:39:50+00:00","mainEntityOfPage":{"@id":"https:\/\/tuzlainfo.ba\/index.php\/najava-dogadaja-2\/item\/174866-sky-summer-stage-na-krovu-tuzlanske-uskoro-koncert-dzenana-loncarevica\/"},"wordCount":285,"commentCount":0,"publisher":{"@id":"https:\/\/tuzlainfo.ba\/#organization"},"image":{"@id":"https:\/\/tuzlainfo.ba\/index.php\/najava-dogadaja-2\/item\/174866-sky-summer-stage-na-krovu-tuzlanske-uskoro-koncert-dzenana-loncarevica\/#primaryimage"},"thumbnailUrl":"https:\/\/tuzlainfo.ba\/wp-content\/uploads\/2022\/06\/inbound8932399723459645961.jpg","keywords":["agencija zeus","d\u017eenan lon\u010darevi\u0107"],"articleSection":["Najave i doga\u0111aji"],"inLanguage":"bs-BA"},{"@type":"WebPage","@id":"https:\/\/tuzlainfo.ba\/index.php\/najava-dogadaja-2\/item\/174866-sky-summer-stage-na-krovu-tuzlanske-uskoro-koncert-dzenana-loncarevica\/","url":"https:\/\/tuzlainfo.ba\/index.php\/najava-dogadaja-2\/item\/174866-sky-summer-stage-na-krovu-tuzlanske-uskoro-koncert-dzenana-loncarevica\/","name":"Sky Summer Stage: Na krovu \"Tuzlanske\" uskoro koncert D\u017eenana Lon\u010darevi\u0107a - TuzlaInfo.ba","isPartOf":{"@id":"https:\/\/tuzlainfo.ba\/#website"},"primaryImageOfPage":{"@id":"https:\/\/tuzlainfo.ba\/index.php\/najava-dogadaja-2\/item\/174866-sky-summer-stage-na-krovu-tuzlanske-uskoro-koncert-dzenana-loncarevica\/#primaryimage"},"image":{"@id":"https:\/\/tuzlainfo.ba\/index.php\/najava-dogadaja-2\/item\/174866-sky-summer-stage-na-krovu-tuzlanske-uskoro-koncert-dzenana-loncarevica\/#primaryimage"},"thumbnailUrl":"https:\/\/tuzlainfo.ba\/wp-content\/uploads\/2022\/06\/inbound8932399723459645961.jpg","datePublished":"2022-06-11T08:00:13+00:00","dateModified":"2022-06-10T18:39:50+00:00","breadcrumb":{"@id":"https:\/\/tuzlainfo.ba\/index.php\/najava-dogadaja-2\/item\/174866-sky-summer-stage-na-krovu-tuzlanske-uskoro-koncert-dzenana-loncarevica\/#breadcrumb"},"inLanguage":"bs-BA","potentialAction":[{"@type":"ReadAction","target":["https:\/\/tuzlainfo.ba\/index.php\/najava-dogadaja-2\/item\/174866-sky-summer-stage-na-krovu-tuzlanske-uskoro-koncert-dzenana-loncarevica\/"]}]},{"@type":"ImageObject","inLanguage":"bs-BA","@id":"https:\/\/tuzlainfo.ba\/index.php\/najava-dogadaja-2\/item\/174866-sky-summer-stage-na-krovu-tuzlanske-uskoro-koncert-dzenana-loncarevica\/#primaryimage","url":"https:\/\/tuzlainfo.ba\/wp-content\/uploads\/2022\/06\/inbound8932399723459645961.jpg","contentUrl":"https:\/\/tuzlainfo.ba\/wp-content\/uploads\/2022\/06\/inbound8932399723459645961.jpg","width":1080,"height":718},{"@type":"BreadcrumbList","@id":"https:\/\/tuzlainfo.ba\/index.php\/najava-dogadaja-2\/item\/174866-sky-summer-stage-na-krovu-tuzlanske-uskoro-koncert-dzenana-loncarevica\/#breadcrumb","itemListElement":[{"@type":"ListItem","position":1,"name":"Home","item":"https:\/\/tuzlainfo.ba\/"},{"@type":"ListItem","position":2,"name":"Sky Summer Stage: Na krovu &#8220;Tuzlanske&#8221; uskoro koncert D\u017eenana Lon\u010darevi\u0107a"}]},{"@type":"WebSite","@id":"https:\/\/tuzlainfo.ba\/#website","url":"https:\/\/tuzlainfo.ba\/","name":"TuzlaInfo.ba","description":"Tuzla info, gradski informator - Tuzla na dlanu","publisher":{"@id":"https:\/\/tuzlainfo.ba\/#organization"},"potentialAction":[{"@type":"SearchAction","target":{"@type":"EntryPoint","urlTemplate":"https:\/\/tuzlainfo.ba\/?s={search_term_string}"},"query-input":{"@type":"PropertyValueSpecification","valueRequired":true,"valueName":"search_term_string"}}],"inLanguage":"bs-BA"},{"@type":"Organization","@id":"https:\/\/tuzlainfo.ba\/#organization","name":"TuzlaInfo.ba","url":"https:\/\/tuzlainfo.ba\/","logo":{"@type":"ImageObject","inLanguage":"bs-BA","@id":"https:\/\/tuzlainfo.ba\/#\/schema\/logo\/image\/","url":"https:\/\/tuzlainfo.ba\/wp-content\/uploads\/2021\/03\/logo-ver-3-1.png","contentUrl":"https:\/\/tuzlainfo.ba\/wp-content\/uploads\/2021\/03\/logo-ver-3-1.png","width":350,"height":95,"caption":"TuzlaInfo.ba"},"image":{"@id":"https:\/\/tuzlainfo.ba\/#\/schema\/logo\/image\/"},"sameAs":["https:\/\/www.facebook.com\/tuzlainfo.ba\/"]},{"@type":"Person","@id":"https:\/\/tuzlainfo.ba\/#\/schema\/person\/46cad4c57790cbc50781edd14870825a","name":"Tuzla Info","image":{"@type":"ImageObject","inLanguage":"bs-BA","@id":"https:\/\/tuzlainfo.ba\/#\/schema\/person\/image\/","url":"https:\/\/tuzlainfo.ba\/wp-content\/litespeed\/avatar\/b6c453a6c38e3654f2e4416c643fc25c.jpg?ver=1777051911","contentUrl":"https:\/\/tuzlainfo.ba\/wp-content\/litespeed\/avatar\/b6c453a6c38e3654f2e4416c643fc25c.jpg?ver=1777051911","caption":"Tuzla Info"}}]}},"_links":{"self":[{"href":"https:\/\/tuzlainfo.ba\/index.php\/wp-json\/wp\/v2\/posts\/174866"}],"collection":[{"href":"https:\/\/tuzlainfo.ba\/index.php\/wp-json\/wp\/v2\/posts"}],"about":[{"href":"https:\/\/tuzlainfo.ba\/index.php\/wp-json\/wp\/v2\/types\/post"}],"author":[{"embeddable":true,"href":"https:\/\/tuzlainfo.ba\/index.php\/wp-json\/wp\/v2\/users\/4"}],"replies":[{"embeddable":true,"href":"https:\/\/tuzlainfo.ba\/index.php\/wp-json\/wp\/v2\/comments?post=174866"}],"version-history":[{"count":0,"href":"https:\/\/tuzlainfo.ba\/index.php\/wp-json\/wp\/v2\/posts\/174866\/revisions"}],"wp:featuredmedia":[{"embeddable":true,"href":"https:\/\/tuzlainfo.ba\/index.php\/wp-json\/wp\/v2\/media\/174867"}],"wp:attachment":[{"href":"https:\/\/tuzlainfo.ba\/index.php\/wp-json\/wp\/v2\/media?parent=174866"}],"wp:term":[{"taxonomy":"category","embeddable":true,"href":"https:\/\/tuzlainfo.ba\/index.php\/wp-json\/wp\/v2\/categories?post=174866"},{"taxonomy":"post_tag","embeddable":true,"href":"https:\/\/tuzlainfo.ba\/index.php\/wp-json\/wp\/v2\/tags?post=174866"}],"curies":[{"name":"wp","href":"https:\/\/api.w.org\/{rel}","templated":true}]}}