{"id":174681,"date":"2022-06-08T20:00:22","date_gmt":"2022-06-08T18:00:22","guid":{"rendered":"https:\/\/tuzlainfo.ba\/?p=174681"},"modified":"2022-06-08T15:40:11","modified_gmt":"2022-06-08T13:40:11","slug":"udruzenje-srce-za-djecoboljelu-od-raka-poziva-kantone-da-podrze-inicijativu-za-bolje-uslove-koristenja-bolovanja","status":"publish","type":"post","link":"https:\/\/tuzlainfo.ba\/index.php\/bosna-i-hercegovina\/item\/174681-udruzenje-srce-za-djecoboljelu-od-raka-poziva-kantone-da-podrze-inicijativu-za-bolje-uslove-koristenja-bolovanja\/","title":{"rendered":"Udru\u017eenje &#8216;Srce za djecu oboljelu od raka&#8217; poziva kantone da podr\u017ee inicijativu za pla\u0107eno bolovanje"},"content":{"rendered":"<p>Udru\u017eenje \u201eSrce za djecu oboljelu od raka\u201c uputilo je saop\u0161tenje u kojem pozivaju kantone da podr\u017ee inicijativu za ostvarenje prava bolovanja roditelja djece oboljele od raka, a kojeg prenosimo u cjelosti :<\/p>\n<p>&nbsp;<\/p>\n<p>\u201cUdru\u017eenje \u201eSrce za djecu oboljelu od raka\u201c tokom ovogodi\u0161njeg 15.februara \u2013 Me\u0111unarodnog dana djece oboljele od raka stavilo je akcent na rje\u0161avanje problema bolovanja roditelja djece oboljele od malignih bolesti te obnavljanja inicijative na istu temu, a koju su uputili prema odborima za zdravstvo i rad i socijalnu za\u0161titu, te Komisiji za za\u0161titu ljudskih prava i sloboda Predstavni\u010dkog doma Parlamenta FBiH.<\/p>\n<p>&nbsp;<\/p>\n<p>Inicijativa ima za cilj uvo\u0111enje ostvarivanja prava na bolovanje roditelja\/staratelja djece oboljele od malignih bolesti tokom dijagnostike i aktivnog lije\u010denja, te za vrijeme kori\u0161tenja bolovanja da imaju pravo na 100% zarade od pla\u0107e, radi intenzivne njege i brige o djeci. Ukinuti potrebu prisustva roditelja\/staratelja na komisiji za bolovanje te uvesti mogu\u0107nost otvaranja bolovanja na osnovu uspostavljene dijagnoze od strane hematoonkologa\/onkologa da roditelj\/staratelj kojem je odobreno bolovanje nije obavezan prisustvovati na komisiji za produ\u017eenje bolovanja.<\/p>\n<p>To pravo bi se ostvarilo kroz izmjene i dopune Zakona o zdravstvenom osiguranju FBiH.<\/p>\n<p>&nbsp;<\/p>\n<p>Nakon inicijalnog sastanka, 02.marta 2022.godine, u Predstavni\u010dkom domu Parlamenta FBiH sa predsjednicima i \u010dlanovima Odbora za zdravstvo, Odbora za rad i socijalnu za\u0161titu i Komisije za za\u0161titu ljudskih prava i sloboda svoju podr\u0161ku ovoj inicijativi ve\u0107inskim izglasavanjem unutar odbora i komisije svoju podr\u0161ku su dali Odbor za rad i socijalnu za\u0161titu i Komisija za za\u0161titu ljudskih prava i sloboda, dok unutar Odbora za zdravstvo nije pru\u017eena ve\u0107inska podr\u0161ka.<\/p>\n<p>&nbsp;<\/p>\n<p>U daljoj proceduri od strane Odbora za rad i socijalnu za\u0161titu i Komisije za za\u0161titu ljudskih prava i sloboda sastavljen je prijedlog Zakona o izmjeni i dopuni Zakona o zdravstvenom osiguranju FBiH , a zatim upu\u0107en u parlamentarnu proceduru.<\/p>\n<p>&nbsp;<\/p>\n<p>Trenutno, Federalno ministarstvo zdravstva uputilo je ovaj Prijedlog na o\u010ditovanje kantonima.<\/p>\n<p>&nbsp;<\/p>\n<p>Udru\u017eenje \u201eSrce za djecu\u201c se nada i poziva sve kantone i nadle\u017ena ministarstva i zavode zdravstvog osiguranja, kao i Vladu FBiH da daju svoju podr\u0161ku izmjenama i dopunama ovog zakona, gdje \u0107e na taj na\u010din problemi na\u0161ih roditelja biti prepoznati i rije\u0161eni.<\/p>\n<p>&nbsp;<\/p>\n<p>Ne dozvolimo da oduzimanjem roditeljske pratnje djeci oboljeloj od raka prouzrokujemo roditeljsku patnju, ali i dje\u010dju patnju.<\/p>\n<p>&nbsp;<\/p>\n<p>\u201cPored briga o zdravlju djeteta, postoji i \u017eivot mimo bolnice, tj. drugi problemi koji nas ne zaobilaze. Zamislite koliko samo ko\u0161ta lijek ili nalazi ako ih sami morate platiti (a takvih ima!), odlazak i dolazak do bolnice, osnovne \u017eivotne namirnice, a tek ako se ishrana mora iz korijena promijeniti pa mnogo vi\u0161e novca dajete za zdrave namirnice, suplemente i sl. Uostalom postoje roditelji sa jo\u0161 djece ku\u0107i, kojima se, tako\u0111er, moraju obezbijediti normalni \u017eivotni uslovi, nikakav luksuz, ve\u0107 hranu, \u0161kolovanje, odje\u0107u, obu\u0107u\u2026ni ra\u010duni se ne\u0107e sami platiti..\u0160ta vi\u0161e da se ka\u017ee osim da je nehumano tom roditelju dati otkaz, osporavati ili ne platiti mu bolovanje.\u201d, rekla je majka oboljelog dje\u010daka, Senka Mulamuratovi\u0107.\u201d<\/p>\n","protected":false},"excerpt":{"rendered":"<p>Udru\u017eenje \u201eSrce za djecu oboljelu od raka\u201c uputilo je saop\u0161tenje u kojem pozivaju kantone da&hellip;<\/p>\n","protected":false},"author":4,"featured_media":174682,"comment_status":"open","ping_status":"closed","sticky":false,"template":"","format":"standard","meta":{"_acf_changed":false,"footnotes":""},"categories":[291],"tags":[2374],"acf":[],"yoast_head":"<!-- This site is optimized with the Yoast SEO plugin v23.5 - https:\/\/yoast.com\/wordpress\/plugins\/seo\/ -->\n<title>Udru\u017eenje &#039;Srce za djecu oboljelu od raka&#039; poziva kantone da podr\u017ee inicijativu za pla\u0107eno bolovanje - TuzlaInfo.ba<\/title>\n<meta name=\"robots\" content=\"index, follow, max-snippet:-1, max-image-preview:large, max-video-preview:-1\" \/>\n<link rel=\"canonical\" href=\"https:\/\/tuzlainfo.ba\/index.php\/bosna-i-hercegovina\/item\/174681-udruzenje-srce-za-djecoboljelu-od-raka-poziva-kantone-da-podrze-inicijativu-za-bolje-uslove-koristenja-bolovanja\/\" \/>\n<meta property=\"og:locale\" content=\"bs_BA\" \/>\n<meta property=\"og:type\" content=\"article\" \/>\n<meta property=\"og:title\" content=\"Udru\u017eenje &#039;Srce za djecu oboljelu od raka&#039; poziva kantone da podr\u017ee inicijativu za pla\u0107eno bolovanje - TuzlaInfo.ba\" \/>\n<meta property=\"og:description\" content=\"Udru\u017eenje \u201eSrce za djecu oboljelu od raka\u201c uputilo je saop\u0161tenje u kojem pozivaju kantone da&hellip;\" \/>\n<meta property=\"og:url\" content=\"https:\/\/tuzlainfo.ba\/index.php\/bosna-i-hercegovina\/item\/174681-udruzenje-srce-za-djecoboljelu-od-raka-poziva-kantone-da-podrze-inicijativu-za-bolje-uslove-koristenja-bolovanja\/\" \/>\n<meta property=\"og:site_name\" content=\"TuzlaInfo.ba\" \/>\n<meta property=\"article:publisher\" content=\"https:\/\/www.facebook.com\/tuzlainfo.ba\/\" \/>\n<meta property=\"article:published_time\" content=\"2022-06-08T18:00:22+00:00\" \/>\n<meta property=\"article:modified_time\" content=\"2022-06-08T13:40:11+00:00\" \/>\n<meta property=\"og:image\" content=\"https:\/\/tuzlainfo.ba\/wp-content\/uploads\/2022\/06\/inbound6001873758947513982.jpg\" \/>\n\t<meta property=\"og:image:width\" content=\"1080\" \/>\n\t<meta property=\"og:image:height\" content=\"811\" \/>\n\t<meta property=\"og:image:type\" content=\"image\/jpeg\" \/>\n<meta name=\"author\" content=\"Tuzla Info\" \/>\n<meta name=\"twitter:card\" content=\"summary_large_image\" \/>\n<meta name=\"twitter:label1\" content=\"Written by\" \/>\n\t<meta name=\"twitter:data1\" content=\"Tuzla Info\" \/>\n\t<meta name=\"twitter:label2\" content=\"Est. reading time\" \/>\n\t<meta name=\"twitter:data2\" content=\"3 minute\" \/>\n<script type=\"application\/ld+json\" class=\"yoast-schema-graph\">{\"@context\":\"https:\/\/schema.org\",\"@graph\":[{\"@type\":\"Article\",\"@id\":\"https:\/\/tuzlainfo.ba\/index.php\/bosna-i-hercegovina\/item\/174681-udruzenje-srce-za-djecoboljelu-od-raka-poziva-kantone-da-podrze-inicijativu-za-bolje-uslove-koristenja-bolovanja\/#article\",\"isPartOf\":{\"@id\":\"https:\/\/tuzlainfo.ba\/index.php\/bosna-i-hercegovina\/item\/174681-udruzenje-srce-za-djecoboljelu-od-raka-poziva-kantone-da-podrze-inicijativu-za-bolje-uslove-koristenja-bolovanja\/\"},\"author\":{\"name\":\"Tuzla Info\",\"@id\":\"https:\/\/tuzlainfo.ba\/#\/schema\/person\/46cad4c57790cbc50781edd14870825a\"},\"headline\":\"Udru\u017eenje &#8216;Srce za djecu oboljelu od raka&#8217; poziva kantone da podr\u017ee inicijativu za pla\u0107eno bolovanje\",\"datePublished\":\"2022-06-08T18:00:22+00:00\",\"dateModified\":\"2022-06-08T13:40:11+00:00\",\"mainEntityOfPage\":{\"@id\":\"https:\/\/tuzlainfo.ba\/index.php\/bosna-i-hercegovina\/item\/174681-udruzenje-srce-za-djecoboljelu-od-raka-poziva-kantone-da-podrze-inicijativu-za-bolje-uslove-koristenja-bolovanja\/\"},\"wordCount\":547,\"commentCount\":0,\"publisher\":{\"@id\":\"https:\/\/tuzlainfo.ba\/#organization\"},\"image\":{\"@id\":\"https:\/\/tuzlainfo.ba\/index.php\/bosna-i-hercegovina\/item\/174681-udruzenje-srce-za-djecoboljelu-od-raka-poziva-kantone-da-podrze-inicijativu-za-bolje-uslove-koristenja-bolovanja\/#primaryimage\"},\"thumbnailUrl\":\"https:\/\/tuzlainfo.ba\/wp-content\/uploads\/2022\/06\/inbound6001873758947513982.jpg\",\"keywords\":[\"srce za djecu oboljelu od raka\"],\"articleSection\":[\"Bosna i Hercegovina\"],\"inLanguage\":\"bs-BA\"},{\"@type\":\"WebPage\",\"@id\":\"https:\/\/tuzlainfo.ba\/index.php\/bosna-i-hercegovina\/item\/174681-udruzenje-srce-za-djecoboljelu-od-raka-poziva-kantone-da-podrze-inicijativu-za-bolje-uslove-koristenja-bolovanja\/\",\"url\":\"https:\/\/tuzlainfo.ba\/index.php\/bosna-i-hercegovina\/item\/174681-udruzenje-srce-za-djecoboljelu-od-raka-poziva-kantone-da-podrze-inicijativu-za-bolje-uslove-koristenja-bolovanja\/\",\"name\":\"Udru\u017eenje 'Srce za djecu oboljelu od raka' poziva kantone da podr\u017ee inicijativu za pla\u0107eno bolovanje - TuzlaInfo.ba\",\"isPartOf\":{\"@id\":\"https:\/\/tuzlainfo.ba\/#website\"},\"primaryImageOfPage\":{\"@id\":\"https:\/\/tuzlainfo.ba\/index.php\/bosna-i-hercegovina\/item\/174681-udruzenje-srce-za-djecoboljelu-od-raka-poziva-kantone-da-podrze-inicijativu-za-bolje-uslove-koristenja-bolovanja\/#primaryimage\"},\"image\":{\"@id\":\"https:\/\/tuzlainfo.ba\/index.php\/bosna-i-hercegovina\/item\/174681-udruzenje-srce-za-djecoboljelu-od-raka-poziva-kantone-da-podrze-inicijativu-za-bolje-uslove-koristenja-bolovanja\/#primaryimage\"},\"thumbnailUrl\":\"https:\/\/tuzlainfo.ba\/wp-content\/uploads\/2022\/06\/inbound6001873758947513982.jpg\",\"datePublished\":\"2022-06-08T18:00:22+00:00\",\"dateModified\":\"2022-06-08T13:40:11+00:00\",\"breadcrumb\":{\"@id\":\"https:\/\/tuzlainfo.ba\/index.php\/bosna-i-hercegovina\/item\/174681-udruzenje-srce-za-djecoboljelu-od-raka-poziva-kantone-da-podrze-inicijativu-za-bolje-uslove-koristenja-bolovanja\/#breadcrumb\"},\"inLanguage\":\"bs-BA\",\"potentialAction\":[{\"@type\":\"ReadAction\",\"target\":[\"https:\/\/tuzlainfo.ba\/index.php\/bosna-i-hercegovina\/item\/174681-udruzenje-srce-za-djecoboljelu-od-raka-poziva-kantone-da-podrze-inicijativu-za-bolje-uslove-koristenja-bolovanja\/\"]}]},{\"@type\":\"ImageObject\",\"inLanguage\":\"bs-BA\",\"@id\":\"https:\/\/tuzlainfo.ba\/index.php\/bosna-i-hercegovina\/item\/174681-udruzenje-srce-za-djecoboljelu-od-raka-poziva-kantone-da-podrze-inicijativu-za-bolje-uslove-koristenja-bolovanja\/#primaryimage\",\"url\":\"https:\/\/tuzlainfo.ba\/wp-content\/uploads\/2022\/06\/inbound6001873758947513982.jpg\",\"contentUrl\":\"https:\/\/tuzlainfo.ba\/wp-content\/uploads\/2022\/06\/inbound6001873758947513982.jpg\",\"width\":1080,\"height\":811},{\"@type\":\"BreadcrumbList\",\"@id\":\"https:\/\/tuzlainfo.ba\/index.php\/bosna-i-hercegovina\/item\/174681-udruzenje-srce-za-djecoboljelu-od-raka-poziva-kantone-da-podrze-inicijativu-za-bolje-uslove-koristenja-bolovanja\/#breadcrumb\",\"itemListElement\":[{\"@type\":\"ListItem\",\"position\":1,\"name\":\"Home\",\"item\":\"https:\/\/tuzlainfo.ba\/\"},{\"@type\":\"ListItem\",\"position\":2,\"name\":\"Udru\u017eenje &#8216;Srce za djecu oboljelu od raka&#8217; poziva kantone da podr\u017ee inicijativu za pla\u0107eno bolovanje\"}]},{\"@type\":\"WebSite\",\"@id\":\"https:\/\/tuzlainfo.ba\/#website\",\"url\":\"https:\/\/tuzlainfo.ba\/\",\"name\":\"TuzlaInfo.ba\",\"description\":\"Tuzla info, gradski informator - Tuzla na dlanu\",\"publisher\":{\"@id\":\"https:\/\/tuzlainfo.ba\/#organization\"},\"potentialAction\":[{\"@type\":\"SearchAction\",\"target\":{\"@type\":\"EntryPoint\",\"urlTemplate\":\"https:\/\/tuzlainfo.ba\/?s={search_term_string}\"},\"query-input\":{\"@type\":\"PropertyValueSpecification\",\"valueRequired\":true,\"valueName\":\"search_term_string\"}}],\"inLanguage\":\"bs-BA\"},{\"@type\":\"Organization\",\"@id\":\"https:\/\/tuzlainfo.ba\/#organization\",\"name\":\"TuzlaInfo.ba\",\"url\":\"https:\/\/tuzlainfo.ba\/\",\"logo\":{\"@type\":\"ImageObject\",\"inLanguage\":\"bs-BA\",\"@id\":\"https:\/\/tuzlainfo.ba\/#\/schema\/logo\/image\/\",\"url\":\"https:\/\/tuzlainfo.ba\/wp-content\/uploads\/2021\/03\/logo-ver-3-1.png\",\"contentUrl\":\"https:\/\/tuzlainfo.ba\/wp-content\/uploads\/2021\/03\/logo-ver-3-1.png\",\"width\":350,\"height\":95,\"caption\":\"TuzlaInfo.ba\"},\"image\":{\"@id\":\"https:\/\/tuzlainfo.ba\/#\/schema\/logo\/image\/\"},\"sameAs\":[\"https:\/\/www.facebook.com\/tuzlainfo.ba\/\"]},{\"@type\":\"Person\",\"@id\":\"https:\/\/tuzlainfo.ba\/#\/schema\/person\/46cad4c57790cbc50781edd14870825a\",\"name\":\"Tuzla Info\",\"image\":{\"@type\":\"ImageObject\",\"inLanguage\":\"bs-BA\",\"@id\":\"https:\/\/tuzlainfo.ba\/#\/schema\/person\/image\/\",\"url\":\"https:\/\/tuzlainfo.ba\/wp-content\/litespeed\/avatar\/b6c453a6c38e3654f2e4416c643fc25c.jpg?ver=1777051911\",\"contentUrl\":\"https:\/\/tuzlainfo.ba\/wp-content\/litespeed\/avatar\/b6c453a6c38e3654f2e4416c643fc25c.jpg?ver=1777051911\",\"caption\":\"Tuzla Info\"}}]}<\/script>\n<!-- \/ Yoast SEO plugin. -->","yoast_head_json":{"title":"Udru\u017eenje 'Srce za djecu oboljelu od raka' poziva kantone da podr\u017ee inicijativu za pla\u0107eno bolovanje - TuzlaInfo.ba","robots":{"index":"index","follow":"follow","max-snippet":"max-snippet:-1","max-image-preview":"max-image-preview:large","max-video-preview":"max-video-preview:-1"},"canonical":"https:\/\/tuzlainfo.ba\/index.php\/bosna-i-hercegovina\/item\/174681-udruzenje-srce-za-djecoboljelu-od-raka-poziva-kantone-da-podrze-inicijativu-za-bolje-uslove-koristenja-bolovanja\/","og_locale":"bs_BA","og_type":"article","og_title":"Udru\u017eenje 'Srce za djecu oboljelu od raka' poziva kantone da podr\u017ee inicijativu za pla\u0107eno bolovanje - TuzlaInfo.ba","og_description":"Udru\u017eenje \u201eSrce za djecu oboljelu od raka\u201c uputilo je saop\u0161tenje u kojem pozivaju kantone da&hellip;","og_url":"https:\/\/tuzlainfo.ba\/index.php\/bosna-i-hercegovina\/item\/174681-udruzenje-srce-za-djecoboljelu-od-raka-poziva-kantone-da-podrze-inicijativu-za-bolje-uslove-koristenja-bolovanja\/","og_site_name":"TuzlaInfo.ba","article_publisher":"https:\/\/www.facebook.com\/tuzlainfo.ba\/","article_published_time":"2022-06-08T18:00:22+00:00","article_modified_time":"2022-06-08T13:40:11+00:00","og_image":[{"width":1080,"height":811,"url":"https:\/\/tuzlainfo.ba\/wp-content\/uploads\/2022\/06\/inbound6001873758947513982.jpg","type":"image\/jpeg"}],"author":"Tuzla Info","twitter_card":"summary_large_image","twitter_misc":{"Written by":"Tuzla Info","Est. reading time":"3 minute"},"schema":{"@context":"https:\/\/schema.org","@graph":[{"@type":"Article","@id":"https:\/\/tuzlainfo.ba\/index.php\/bosna-i-hercegovina\/item\/174681-udruzenje-srce-za-djecoboljelu-od-raka-poziva-kantone-da-podrze-inicijativu-za-bolje-uslove-koristenja-bolovanja\/#article","isPartOf":{"@id":"https:\/\/tuzlainfo.ba\/index.php\/bosna-i-hercegovina\/item\/174681-udruzenje-srce-za-djecoboljelu-od-raka-poziva-kantone-da-podrze-inicijativu-za-bolje-uslove-koristenja-bolovanja\/"},"author":{"name":"Tuzla Info","@id":"https:\/\/tuzlainfo.ba\/#\/schema\/person\/46cad4c57790cbc50781edd14870825a"},"headline":"Udru\u017eenje &#8216;Srce za djecu oboljelu od raka&#8217; poziva kantone da podr\u017ee inicijativu za pla\u0107eno bolovanje","datePublished":"2022-06-08T18:00:22+00:00","dateModified":"2022-06-08T13:40:11+00:00","mainEntityOfPage":{"@id":"https:\/\/tuzlainfo.ba\/index.php\/bosna-i-hercegovina\/item\/174681-udruzenje-srce-za-djecoboljelu-od-raka-poziva-kantone-da-podrze-inicijativu-za-bolje-uslove-koristenja-bolovanja\/"},"wordCount":547,"commentCount":0,"publisher":{"@id":"https:\/\/tuzlainfo.ba\/#organization"},"image":{"@id":"https:\/\/tuzlainfo.ba\/index.php\/bosna-i-hercegovina\/item\/174681-udruzenje-srce-za-djecoboljelu-od-raka-poziva-kantone-da-podrze-inicijativu-za-bolje-uslove-koristenja-bolovanja\/#primaryimage"},"thumbnailUrl":"https:\/\/tuzlainfo.ba\/wp-content\/uploads\/2022\/06\/inbound6001873758947513982.jpg","keywords":["srce za djecu oboljelu od raka"],"articleSection":["Bosna i Hercegovina"],"inLanguage":"bs-BA"},{"@type":"WebPage","@id":"https:\/\/tuzlainfo.ba\/index.php\/bosna-i-hercegovina\/item\/174681-udruzenje-srce-za-djecoboljelu-od-raka-poziva-kantone-da-podrze-inicijativu-za-bolje-uslove-koristenja-bolovanja\/","url":"https:\/\/tuzlainfo.ba\/index.php\/bosna-i-hercegovina\/item\/174681-udruzenje-srce-za-djecoboljelu-od-raka-poziva-kantone-da-podrze-inicijativu-za-bolje-uslove-koristenja-bolovanja\/","name":"Udru\u017eenje 'Srce za djecu oboljelu od raka' poziva kantone da podr\u017ee inicijativu za pla\u0107eno bolovanje - TuzlaInfo.ba","isPartOf":{"@id":"https:\/\/tuzlainfo.ba\/#website"},"primaryImageOfPage":{"@id":"https:\/\/tuzlainfo.ba\/index.php\/bosna-i-hercegovina\/item\/174681-udruzenje-srce-za-djecoboljelu-od-raka-poziva-kantone-da-podrze-inicijativu-za-bolje-uslove-koristenja-bolovanja\/#primaryimage"},"image":{"@id":"https:\/\/tuzlainfo.ba\/index.php\/bosna-i-hercegovina\/item\/174681-udruzenje-srce-za-djecoboljelu-od-raka-poziva-kantone-da-podrze-inicijativu-za-bolje-uslove-koristenja-bolovanja\/#primaryimage"},"thumbnailUrl":"https:\/\/tuzlainfo.ba\/wp-content\/uploads\/2022\/06\/inbound6001873758947513982.jpg","datePublished":"2022-06-08T18:00:22+00:00","dateModified":"2022-06-08T13:40:11+00:00","breadcrumb":{"@id":"https:\/\/tuzlainfo.ba\/index.php\/bosna-i-hercegovina\/item\/174681-udruzenje-srce-za-djecoboljelu-od-raka-poziva-kantone-da-podrze-inicijativu-za-bolje-uslove-koristenja-bolovanja\/#breadcrumb"},"inLanguage":"bs-BA","potentialAction":[{"@type":"ReadAction","target":["https:\/\/tuzlainfo.ba\/index.php\/bosna-i-hercegovina\/item\/174681-udruzenje-srce-za-djecoboljelu-od-raka-poziva-kantone-da-podrze-inicijativu-za-bolje-uslove-koristenja-bolovanja\/"]}]},{"@type":"ImageObject","inLanguage":"bs-BA","@id":"https:\/\/tuzlainfo.ba\/index.php\/bosna-i-hercegovina\/item\/174681-udruzenje-srce-za-djecoboljelu-od-raka-poziva-kantone-da-podrze-inicijativu-za-bolje-uslove-koristenja-bolovanja\/#primaryimage","url":"https:\/\/tuzlainfo.ba\/wp-content\/uploads\/2022\/06\/inbound6001873758947513982.jpg","contentUrl":"https:\/\/tuzlainfo.ba\/wp-content\/uploads\/2022\/06\/inbound6001873758947513982.jpg","width":1080,"height":811},{"@type":"BreadcrumbList","@id":"https:\/\/tuzlainfo.ba\/index.php\/bosna-i-hercegovina\/item\/174681-udruzenje-srce-za-djecoboljelu-od-raka-poziva-kantone-da-podrze-inicijativu-za-bolje-uslove-koristenja-bolovanja\/#breadcrumb","itemListElement":[{"@type":"ListItem","position":1,"name":"Home","item":"https:\/\/tuzlainfo.ba\/"},{"@type":"ListItem","position":2,"name":"Udru\u017eenje &#8216;Srce za djecu oboljelu od raka&#8217; poziva kantone da podr\u017ee inicijativu za pla\u0107eno bolovanje"}]},{"@type":"WebSite","@id":"https:\/\/tuzlainfo.ba\/#website","url":"https:\/\/tuzlainfo.ba\/","name":"TuzlaInfo.ba","description":"Tuzla info, gradski informator - Tuzla na dlanu","publisher":{"@id":"https:\/\/tuzlainfo.ba\/#organization"},"potentialAction":[{"@type":"SearchAction","target":{"@type":"EntryPoint","urlTemplate":"https:\/\/tuzlainfo.ba\/?s={search_term_string}"},"query-input":{"@type":"PropertyValueSpecification","valueRequired":true,"valueName":"search_term_string"}}],"inLanguage":"bs-BA"},{"@type":"Organization","@id":"https:\/\/tuzlainfo.ba\/#organization","name":"TuzlaInfo.ba","url":"https:\/\/tuzlainfo.ba\/","logo":{"@type":"ImageObject","inLanguage":"bs-BA","@id":"https:\/\/tuzlainfo.ba\/#\/schema\/logo\/image\/","url":"https:\/\/tuzlainfo.ba\/wp-content\/uploads\/2021\/03\/logo-ver-3-1.png","contentUrl":"https:\/\/tuzlainfo.ba\/wp-content\/uploads\/2021\/03\/logo-ver-3-1.png","width":350,"height":95,"caption":"TuzlaInfo.ba"},"image":{"@id":"https:\/\/tuzlainfo.ba\/#\/schema\/logo\/image\/"},"sameAs":["https:\/\/www.facebook.com\/tuzlainfo.ba\/"]},{"@type":"Person","@id":"https:\/\/tuzlainfo.ba\/#\/schema\/person\/46cad4c57790cbc50781edd14870825a","name":"Tuzla Info","image":{"@type":"ImageObject","inLanguage":"bs-BA","@id":"https:\/\/tuzlainfo.ba\/#\/schema\/person\/image\/","url":"https:\/\/tuzlainfo.ba\/wp-content\/litespeed\/avatar\/b6c453a6c38e3654f2e4416c643fc25c.jpg?ver=1777051911","contentUrl":"https:\/\/tuzlainfo.ba\/wp-content\/litespeed\/avatar\/b6c453a6c38e3654f2e4416c643fc25c.jpg?ver=1777051911","caption":"Tuzla Info"}}]}},"_links":{"self":[{"href":"https:\/\/tuzlainfo.ba\/index.php\/wp-json\/wp\/v2\/posts\/174681"}],"collection":[{"href":"https:\/\/tuzlainfo.ba\/index.php\/wp-json\/wp\/v2\/posts"}],"about":[{"href":"https:\/\/tuzlainfo.ba\/index.php\/wp-json\/wp\/v2\/types\/post"}],"author":[{"embeddable":true,"href":"https:\/\/tuzlainfo.ba\/index.php\/wp-json\/wp\/v2\/users\/4"}],"replies":[{"embeddable":true,"href":"https:\/\/tuzlainfo.ba\/index.php\/wp-json\/wp\/v2\/comments?post=174681"}],"version-history":[{"count":0,"href":"https:\/\/tuzlainfo.ba\/index.php\/wp-json\/wp\/v2\/posts\/174681\/revisions"}],"wp:featuredmedia":[{"embeddable":true,"href":"https:\/\/tuzlainfo.ba\/index.php\/wp-json\/wp\/v2\/media\/174682"}],"wp:attachment":[{"href":"https:\/\/tuzlainfo.ba\/index.php\/wp-json\/wp\/v2\/media?parent=174681"}],"wp:term":[{"taxonomy":"category","embeddable":true,"href":"https:\/\/tuzlainfo.ba\/index.php\/wp-json\/wp\/v2\/categories?post=174681"},{"taxonomy":"post_tag","embeddable":true,"href":"https:\/\/tuzlainfo.ba\/index.php\/wp-json\/wp\/v2\/tags?post=174681"}],"curies":[{"name":"wp","href":"https:\/\/api.w.org\/{rel}","templated":true}]}}