{"id":174590,"date":"2022-06-07T20:58:14","date_gmt":"2022-06-07T18:58:14","guid":{"rendered":"https:\/\/tuzlainfo.ba\/?p=174590"},"modified":"2022-06-07T20:01:24","modified_gmt":"2022-06-07T18:01:24","slug":"sve-cesce-lazne-dojave-o-postavljenim-bombama-jucer-evakuisana-i-medicinska-skola-u-tuzli","status":"publish","type":"post","link":"https:\/\/tuzlainfo.ba\/index.php\/novosti\/item\/174590-sve-cesce-lazne-dojave-o-postavljenim-bombama-jucer-evakuisana-i-medicinska-skola-u-tuzli\/","title":{"rendered":"Sve \u010de\u0161\u0107e la\u017ene dojave o postavljenim bombama, ju\u010der evakuisana i Medicinska \u0161kola u Tuzli"},"content":{"rendered":"<p>U\u010destale su la\u017ene dojave o bombama u na\u0161oj zemlji. Prva, ju\u010der zaprimljena putem e-maila, zabilje\u017eena je u Tuzlanskom kantonu. Rije\u010d je o Medicinkoj \u0161koli u Tuzli. Nakon policijskog uvi\u0111aja i pregleda objekta utvr\u0111eno je da je la\u017ena. Panike nije bilo. I u Policijskoj upravi MUP-u TK ka\u017eu da nema razloga za zabrinutost, pi\u0161e RTV TK.<\/p>\n<p>\u201cIstog momenta smo preko de\u017eurnih profesora i u\u010denika obavijestili sve i u roku dva minuta smo bili izvan \u0161kolske zgrade. Nije bilo nikakvih problema. Obavijestili smo u\u010denike da se nakon sat vremena vrate i nastavili smo aktivnosti koje slijede\u201d kazao je Abid Begovi\u0107, direktor Srednje medicinske \u0161kole u Tuzli.<\/p>\n<p>Rije\u010d je o krivi\u010dnom djelu zloupotreba znaka za pomo\u0107 i opasnost propisanim Krivi\u010dnim zakonom Fedracije BiH za koji je odre\u0111ena nov\u010dana kazna ili kazna zatvora do \u0161est mjeseci, ka\u017eu u Upravi polcije MUP-a TK. Navode da je procedura istrage vrlo slo\u017eena.<\/p>\n<p>\u201cZahtijeva izlazak vi\u0161e nadle\u017enih slu\u017ebi: polisija, Hitna slu\u017eba i vatrogasci. Zatim se vr\u0161i evakuacija objekta, potom KDZ pregled, a nakon toga u saradnji sa nadle\u017enim tu\u017eiocem uvi\u0111aj i druge mjere i aktivnosti na utvr\u0111ivanju identiteta osobe koja mo\u017ee biti iza ovih la\u017enih dojava\u201d, pojasnila je Amra Kapid\u017ei\u0107, portarol UP MUP-a TK.<\/p>\n<p>Dojavam sa mobilnih telefona je lak\u0161e u\u0107i u tag, odnosno identifikovati po\u010dinioca ovog krivi\u010dnog djela. Vjerovatno\u0107a da se otkriju oni koji ih \u0161alju putem e-maila dosta je manja, ka\u017eu cyber stru\u010dnjaci.<\/p>\n<p>\u201cVi znate da danas IP adresu mo\u017eete registrovati bilo gdje, a da ste ustvari ovdje i onda je te\u017ee do\u0107i do po\u010dinitelja. Mo\u017eete vi otkriti odre\u0111ene stvari koje se ti\u010du na\u010dina, tehnike koja je kori\u0161tena, mo\u017eda \u010dak i ure\u0111aja, ali o ljudima vrlo te\u0161ko\u201d, kazao je Safet Mu\u0161i\u0107, ekspert za borbu protiv cyber kriminala.<\/p>\n<p>I proteklih godina, u vrijeme zavr\u0161etka \u0161kolske godine, je bilo la\u017enih dojava, ka\u017ee Kapid\u017ei\u0107. Iako u ovom momentu nije poznato ko stoji iza dojave i dali \u0107e ih biti biti u narednom periodu smatra da mjesta za paniku nema.<\/p>\n<p>\u201cPolicijski slu\u017ebenici su spremni adekvatno odgovoriti na svaku sigurnosnu prijetnju. 03:25-03:38..Moram re\u0107i da, s obzirom da je prijava do\u0161la putem e-maila u istragu su uklju\u010deni i slu\u017ebenici Odsjeka za borbu protiv organizovanbog kriminala, slu\u017ebenici koji su adekvatno obu\u010deni za postupanje po takvim prijavama\u201d, navodi Kapid\u017ei\u0107. <strong>\/RTVTK\/<\/strong><\/p>\n","protected":false},"excerpt":{"rendered":"<p>U\u010destale su la\u017ene dojave o bombama u na\u0161oj zemlji. Prva, ju\u010der zaprimljena putem e-maila, zabilje\u017eena&hellip;<\/p>\n","protected":false},"author":2,"featured_media":80210,"comment_status":"open","ping_status":"closed","sticky":false,"template":"","format":"standard","meta":{"_acf_changed":false,"footnotes":""},"categories":[304,12],"tags":[2703,1802,4906],"acf":[],"yoast_head":"<!-- This site is optimized with the Yoast SEO plugin v23.5 - https:\/\/yoast.com\/wordpress\/plugins\/seo\/ -->\n<title>Sve \u010de\u0161\u0107e la\u017ene dojave o postavljenim bombama, ju\u010der evakuisana i Medicinska \u0161kola u Tuzli - TuzlaInfo.ba<\/title>\n<meta name=\"robots\" content=\"index, follow, max-snippet:-1, max-image-preview:large, max-video-preview:-1\" \/>\n<link rel=\"canonical\" href=\"https:\/\/tuzlainfo.ba\/index.php\/novosti\/item\/174590-sve-cesce-lazne-dojave-o-postavljenim-bombama-jucer-evakuisana-i-medicinska-skola-u-tuzli\/\" \/>\n<meta property=\"og:locale\" content=\"bs_BA\" \/>\n<meta property=\"og:type\" content=\"article\" \/>\n<meta property=\"og:title\" content=\"Sve \u010de\u0161\u0107e la\u017ene dojave o postavljenim bombama, ju\u010der evakuisana i Medicinska \u0161kola u Tuzli - TuzlaInfo.ba\" \/>\n<meta property=\"og:description\" content=\"U\u010destale su la\u017ene dojave o bombama u na\u0161oj zemlji. Prva, ju\u010der zaprimljena putem e-maila, zabilje\u017eena&hellip;\" \/>\n<meta property=\"og:url\" content=\"https:\/\/tuzlainfo.ba\/index.php\/novosti\/item\/174590-sve-cesce-lazne-dojave-o-postavljenim-bombama-jucer-evakuisana-i-medicinska-skola-u-tuzli\/\" \/>\n<meta property=\"og:site_name\" content=\"TuzlaInfo.ba\" \/>\n<meta property=\"article:publisher\" content=\"https:\/\/www.facebook.com\/tuzlainfo.ba\/\" \/>\n<meta property=\"article:published_time\" content=\"2022-06-07T18:58:14+00:00\" \/>\n<meta property=\"article:modified_time\" content=\"2022-06-07T18:01:24+00:00\" \/>\n<meta property=\"og:image\" content=\"https:\/\/tuzlainfo.ba\/wp-content\/uploads\/2020\/06\/sadrzaj_2020_20200601_1506_medicinska.jpg\" \/>\n\t<meta property=\"og:image:width\" content=\"770\" \/>\n\t<meta property=\"og:image:height\" content=\"525\" \/>\n\t<meta property=\"og:image:type\" content=\"image\/jpeg\" \/>\n<meta name=\"author\" content=\"nedim\" \/>\n<meta name=\"twitter:card\" content=\"summary_large_image\" \/>\n<meta name=\"twitter:label1\" content=\"Written by\" \/>\n\t<meta name=\"twitter:data1\" content=\"nedim\" \/>\n\t<meta name=\"twitter:label2\" content=\"Est. reading time\" \/>\n\t<meta name=\"twitter:data2\" content=\"2 minute\" \/>\n<script type=\"application\/ld+json\" class=\"yoast-schema-graph\">{\"@context\":\"https:\/\/schema.org\",\"@graph\":[{\"@type\":\"Article\",\"@id\":\"https:\/\/tuzlainfo.ba\/index.php\/novosti\/item\/174590-sve-cesce-lazne-dojave-o-postavljenim-bombama-jucer-evakuisana-i-medicinska-skola-u-tuzli\/#article\",\"isPartOf\":{\"@id\":\"https:\/\/tuzlainfo.ba\/index.php\/novosti\/item\/174590-sve-cesce-lazne-dojave-o-postavljenim-bombama-jucer-evakuisana-i-medicinska-skola-u-tuzli\/\"},\"author\":{\"name\":\"nedim\",\"@id\":\"https:\/\/tuzlainfo.ba\/#\/schema\/person\/f434e20dc27ea133923aab08451b7f7f\"},\"headline\":\"Sve \u010de\u0161\u0107e la\u017ene dojave o postavljenim bombama, ju\u010der evakuisana i Medicinska \u0161kola u Tuzli\",\"datePublished\":\"2022-06-07T18:58:14+00:00\",\"dateModified\":\"2022-06-07T18:01:24+00:00\",\"mainEntityOfPage\":{\"@id\":\"https:\/\/tuzlainfo.ba\/index.php\/novosti\/item\/174590-sve-cesce-lazne-dojave-o-postavljenim-bombama-jucer-evakuisana-i-medicinska-skola-u-tuzli\/\"},\"wordCount\":447,\"commentCount\":0,\"publisher\":{\"@id\":\"https:\/\/tuzlainfo.ba\/#organization\"},\"image\":{\"@id\":\"https:\/\/tuzlainfo.ba\/index.php\/novosti\/item\/174590-sve-cesce-lazne-dojave-o-postavljenim-bombama-jucer-evakuisana-i-medicinska-skola-u-tuzli\/#primaryimage\"},\"thumbnailUrl\":\"https:\/\/tuzlainfo.ba\/wp-content\/uploads\/2020\/06\/sadrzaj_2020_20200601_1506_medicinska.jpg\",\"keywords\":[\"bomba\",\"medicinska \u0161kola\",\"UP MUP TK\"],\"articleSection\":[\"Istaknuto\",\"Novosti\"],\"inLanguage\":\"bs-BA\"},{\"@type\":\"WebPage\",\"@id\":\"https:\/\/tuzlainfo.ba\/index.php\/novosti\/item\/174590-sve-cesce-lazne-dojave-o-postavljenim-bombama-jucer-evakuisana-i-medicinska-skola-u-tuzli\/\",\"url\":\"https:\/\/tuzlainfo.ba\/index.php\/novosti\/item\/174590-sve-cesce-lazne-dojave-o-postavljenim-bombama-jucer-evakuisana-i-medicinska-skola-u-tuzli\/\",\"name\":\"Sve \u010de\u0161\u0107e la\u017ene dojave o postavljenim bombama, ju\u010der evakuisana i Medicinska \u0161kola u Tuzli - TuzlaInfo.ba\",\"isPartOf\":{\"@id\":\"https:\/\/tuzlainfo.ba\/#website\"},\"primaryImageOfPage\":{\"@id\":\"https:\/\/tuzlainfo.ba\/index.php\/novosti\/item\/174590-sve-cesce-lazne-dojave-o-postavljenim-bombama-jucer-evakuisana-i-medicinska-skola-u-tuzli\/#primaryimage\"},\"image\":{\"@id\":\"https:\/\/tuzlainfo.ba\/index.php\/novosti\/item\/174590-sve-cesce-lazne-dojave-o-postavljenim-bombama-jucer-evakuisana-i-medicinska-skola-u-tuzli\/#primaryimage\"},\"thumbnailUrl\":\"https:\/\/tuzlainfo.ba\/wp-content\/uploads\/2020\/06\/sadrzaj_2020_20200601_1506_medicinska.jpg\",\"datePublished\":\"2022-06-07T18:58:14+00:00\",\"dateModified\":\"2022-06-07T18:01:24+00:00\",\"breadcrumb\":{\"@id\":\"https:\/\/tuzlainfo.ba\/index.php\/novosti\/item\/174590-sve-cesce-lazne-dojave-o-postavljenim-bombama-jucer-evakuisana-i-medicinska-skola-u-tuzli\/#breadcrumb\"},\"inLanguage\":\"bs-BA\",\"potentialAction\":[{\"@type\":\"ReadAction\",\"target\":[\"https:\/\/tuzlainfo.ba\/index.php\/novosti\/item\/174590-sve-cesce-lazne-dojave-o-postavljenim-bombama-jucer-evakuisana-i-medicinska-skola-u-tuzli\/\"]}]},{\"@type\":\"ImageObject\",\"inLanguage\":\"bs-BA\",\"@id\":\"https:\/\/tuzlainfo.ba\/index.php\/novosti\/item\/174590-sve-cesce-lazne-dojave-o-postavljenim-bombama-jucer-evakuisana-i-medicinska-skola-u-tuzli\/#primaryimage\",\"url\":\"https:\/\/tuzlainfo.ba\/wp-content\/uploads\/2020\/06\/sadrzaj_2020_20200601_1506_medicinska.jpg\",\"contentUrl\":\"https:\/\/tuzlainfo.ba\/wp-content\/uploads\/2020\/06\/sadrzaj_2020_20200601_1506_medicinska.jpg\",\"width\":770,\"height\":525,\"caption\":\"1506 medicinska\"},{\"@type\":\"BreadcrumbList\",\"@id\":\"https:\/\/tuzlainfo.ba\/index.php\/novosti\/item\/174590-sve-cesce-lazne-dojave-o-postavljenim-bombama-jucer-evakuisana-i-medicinska-skola-u-tuzli\/#breadcrumb\",\"itemListElement\":[{\"@type\":\"ListItem\",\"position\":1,\"name\":\"Home\",\"item\":\"https:\/\/tuzlainfo.ba\/\"},{\"@type\":\"ListItem\",\"position\":2,\"name\":\"Sve \u010de\u0161\u0107e la\u017ene dojave o postavljenim bombama, ju\u010der evakuisana i Medicinska \u0161kola u Tuzli\"}]},{\"@type\":\"WebSite\",\"@id\":\"https:\/\/tuzlainfo.ba\/#website\",\"url\":\"https:\/\/tuzlainfo.ba\/\",\"name\":\"TuzlaInfo.ba\",\"description\":\"Tuzla info, gradski informator - Tuzla na dlanu\",\"publisher\":{\"@id\":\"https:\/\/tuzlainfo.ba\/#organization\"},\"potentialAction\":[{\"@type\":\"SearchAction\",\"target\":{\"@type\":\"EntryPoint\",\"urlTemplate\":\"https:\/\/tuzlainfo.ba\/?s={search_term_string}\"},\"query-input\":{\"@type\":\"PropertyValueSpecification\",\"valueRequired\":true,\"valueName\":\"search_term_string\"}}],\"inLanguage\":\"bs-BA\"},{\"@type\":\"Organization\",\"@id\":\"https:\/\/tuzlainfo.ba\/#organization\",\"name\":\"TuzlaInfo.ba\",\"url\":\"https:\/\/tuzlainfo.ba\/\",\"logo\":{\"@type\":\"ImageObject\",\"inLanguage\":\"bs-BA\",\"@id\":\"https:\/\/tuzlainfo.ba\/#\/schema\/logo\/image\/\",\"url\":\"https:\/\/tuzlainfo.ba\/wp-content\/uploads\/2021\/03\/logo-ver-3-1.png\",\"contentUrl\":\"https:\/\/tuzlainfo.ba\/wp-content\/uploads\/2021\/03\/logo-ver-3-1.png\",\"width\":350,\"height\":95,\"caption\":\"TuzlaInfo.ba\"},\"image\":{\"@id\":\"https:\/\/tuzlainfo.ba\/#\/schema\/logo\/image\/\"},\"sameAs\":[\"https:\/\/www.facebook.com\/tuzlainfo.ba\/\"]},{\"@type\":\"Person\",\"@id\":\"https:\/\/tuzlainfo.ba\/#\/schema\/person\/f434e20dc27ea133923aab08451b7f7f\",\"name\":\"nedim\",\"image\":{\"@type\":\"ImageObject\",\"inLanguage\":\"bs-BA\",\"@id\":\"https:\/\/tuzlainfo.ba\/#\/schema\/person\/image\/\",\"url\":\"https:\/\/tuzlainfo.ba\/wp-content\/litespeed\/avatar\/aabad687af24844af817603ac1cbdc4f.jpg?ver=1777306975\",\"contentUrl\":\"https:\/\/tuzlainfo.ba\/wp-content\/litespeed\/avatar\/aabad687af24844af817603ac1cbdc4f.jpg?ver=1777306975\",\"caption\":\"nedim\"},\"description\":\"Tuzlainfo.ba pratite na dru\u0161tvenim mre\u017eama: Facebook, Instagram i Youtube. Svoje pri\u010de, upite i fotografije \u0161aljite na na\u0161u e-mail adresu.\"}]}<\/script>\n<!-- \/ Yoast SEO plugin. -->","yoast_head_json":{"title":"Sve \u010de\u0161\u0107e la\u017ene dojave o postavljenim bombama, ju\u010der evakuisana i Medicinska \u0161kola u Tuzli - TuzlaInfo.ba","robots":{"index":"index","follow":"follow","max-snippet":"max-snippet:-1","max-image-preview":"max-image-preview:large","max-video-preview":"max-video-preview:-1"},"canonical":"https:\/\/tuzlainfo.ba\/index.php\/novosti\/item\/174590-sve-cesce-lazne-dojave-o-postavljenim-bombama-jucer-evakuisana-i-medicinska-skola-u-tuzli\/","og_locale":"bs_BA","og_type":"article","og_title":"Sve \u010de\u0161\u0107e la\u017ene dojave o postavljenim bombama, ju\u010der evakuisana i Medicinska \u0161kola u Tuzli - TuzlaInfo.ba","og_description":"U\u010destale su la\u017ene dojave o bombama u na\u0161oj zemlji. Prva, ju\u010der zaprimljena putem e-maila, zabilje\u017eena&hellip;","og_url":"https:\/\/tuzlainfo.ba\/index.php\/novosti\/item\/174590-sve-cesce-lazne-dojave-o-postavljenim-bombama-jucer-evakuisana-i-medicinska-skola-u-tuzli\/","og_site_name":"TuzlaInfo.ba","article_publisher":"https:\/\/www.facebook.com\/tuzlainfo.ba\/","article_published_time":"2022-06-07T18:58:14+00:00","article_modified_time":"2022-06-07T18:01:24+00:00","og_image":[{"width":770,"height":525,"url":"https:\/\/tuzlainfo.ba\/wp-content\/uploads\/2020\/06\/sadrzaj_2020_20200601_1506_medicinska.jpg","type":"image\/jpeg"}],"author":"nedim","twitter_card":"summary_large_image","twitter_misc":{"Written by":"nedim","Est. reading time":"2 minute"},"schema":{"@context":"https:\/\/schema.org","@graph":[{"@type":"Article","@id":"https:\/\/tuzlainfo.ba\/index.php\/novosti\/item\/174590-sve-cesce-lazne-dojave-o-postavljenim-bombama-jucer-evakuisana-i-medicinska-skola-u-tuzli\/#article","isPartOf":{"@id":"https:\/\/tuzlainfo.ba\/index.php\/novosti\/item\/174590-sve-cesce-lazne-dojave-o-postavljenim-bombama-jucer-evakuisana-i-medicinska-skola-u-tuzli\/"},"author":{"name":"nedim","@id":"https:\/\/tuzlainfo.ba\/#\/schema\/person\/f434e20dc27ea133923aab08451b7f7f"},"headline":"Sve \u010de\u0161\u0107e la\u017ene dojave o postavljenim bombama, ju\u010der evakuisana i Medicinska \u0161kola u Tuzli","datePublished":"2022-06-07T18:58:14+00:00","dateModified":"2022-06-07T18:01:24+00:00","mainEntityOfPage":{"@id":"https:\/\/tuzlainfo.ba\/index.php\/novosti\/item\/174590-sve-cesce-lazne-dojave-o-postavljenim-bombama-jucer-evakuisana-i-medicinska-skola-u-tuzli\/"},"wordCount":447,"commentCount":0,"publisher":{"@id":"https:\/\/tuzlainfo.ba\/#organization"},"image":{"@id":"https:\/\/tuzlainfo.ba\/index.php\/novosti\/item\/174590-sve-cesce-lazne-dojave-o-postavljenim-bombama-jucer-evakuisana-i-medicinska-skola-u-tuzli\/#primaryimage"},"thumbnailUrl":"https:\/\/tuzlainfo.ba\/wp-content\/uploads\/2020\/06\/sadrzaj_2020_20200601_1506_medicinska.jpg","keywords":["bomba","medicinska \u0161kola","UP MUP TK"],"articleSection":["Istaknuto","Novosti"],"inLanguage":"bs-BA"},{"@type":"WebPage","@id":"https:\/\/tuzlainfo.ba\/index.php\/novosti\/item\/174590-sve-cesce-lazne-dojave-o-postavljenim-bombama-jucer-evakuisana-i-medicinska-skola-u-tuzli\/","url":"https:\/\/tuzlainfo.ba\/index.php\/novosti\/item\/174590-sve-cesce-lazne-dojave-o-postavljenim-bombama-jucer-evakuisana-i-medicinska-skola-u-tuzli\/","name":"Sve \u010de\u0161\u0107e la\u017ene dojave o postavljenim bombama, ju\u010der evakuisana i Medicinska \u0161kola u Tuzli - TuzlaInfo.ba","isPartOf":{"@id":"https:\/\/tuzlainfo.ba\/#website"},"primaryImageOfPage":{"@id":"https:\/\/tuzlainfo.ba\/index.php\/novosti\/item\/174590-sve-cesce-lazne-dojave-o-postavljenim-bombama-jucer-evakuisana-i-medicinska-skola-u-tuzli\/#primaryimage"},"image":{"@id":"https:\/\/tuzlainfo.ba\/index.php\/novosti\/item\/174590-sve-cesce-lazne-dojave-o-postavljenim-bombama-jucer-evakuisana-i-medicinska-skola-u-tuzli\/#primaryimage"},"thumbnailUrl":"https:\/\/tuzlainfo.ba\/wp-content\/uploads\/2020\/06\/sadrzaj_2020_20200601_1506_medicinska.jpg","datePublished":"2022-06-07T18:58:14+00:00","dateModified":"2022-06-07T18:01:24+00:00","breadcrumb":{"@id":"https:\/\/tuzlainfo.ba\/index.php\/novosti\/item\/174590-sve-cesce-lazne-dojave-o-postavljenim-bombama-jucer-evakuisana-i-medicinska-skola-u-tuzli\/#breadcrumb"},"inLanguage":"bs-BA","potentialAction":[{"@type":"ReadAction","target":["https:\/\/tuzlainfo.ba\/index.php\/novosti\/item\/174590-sve-cesce-lazne-dojave-o-postavljenim-bombama-jucer-evakuisana-i-medicinska-skola-u-tuzli\/"]}]},{"@type":"ImageObject","inLanguage":"bs-BA","@id":"https:\/\/tuzlainfo.ba\/index.php\/novosti\/item\/174590-sve-cesce-lazne-dojave-o-postavljenim-bombama-jucer-evakuisana-i-medicinska-skola-u-tuzli\/#primaryimage","url":"https:\/\/tuzlainfo.ba\/wp-content\/uploads\/2020\/06\/sadrzaj_2020_20200601_1506_medicinska.jpg","contentUrl":"https:\/\/tuzlainfo.ba\/wp-content\/uploads\/2020\/06\/sadrzaj_2020_20200601_1506_medicinska.jpg","width":770,"height":525,"caption":"1506 medicinska"},{"@type":"BreadcrumbList","@id":"https:\/\/tuzlainfo.ba\/index.php\/novosti\/item\/174590-sve-cesce-lazne-dojave-o-postavljenim-bombama-jucer-evakuisana-i-medicinska-skola-u-tuzli\/#breadcrumb","itemListElement":[{"@type":"ListItem","position":1,"name":"Home","item":"https:\/\/tuzlainfo.ba\/"},{"@type":"ListItem","position":2,"name":"Sve \u010de\u0161\u0107e la\u017ene dojave o postavljenim bombama, ju\u010der evakuisana i Medicinska \u0161kola u Tuzli"}]},{"@type":"WebSite","@id":"https:\/\/tuzlainfo.ba\/#website","url":"https:\/\/tuzlainfo.ba\/","name":"TuzlaInfo.ba","description":"Tuzla info, gradski informator - Tuzla na dlanu","publisher":{"@id":"https:\/\/tuzlainfo.ba\/#organization"},"potentialAction":[{"@type":"SearchAction","target":{"@type":"EntryPoint","urlTemplate":"https:\/\/tuzlainfo.ba\/?s={search_term_string}"},"query-input":{"@type":"PropertyValueSpecification","valueRequired":true,"valueName":"search_term_string"}}],"inLanguage":"bs-BA"},{"@type":"Organization","@id":"https:\/\/tuzlainfo.ba\/#organization","name":"TuzlaInfo.ba","url":"https:\/\/tuzlainfo.ba\/","logo":{"@type":"ImageObject","inLanguage":"bs-BA","@id":"https:\/\/tuzlainfo.ba\/#\/schema\/logo\/image\/","url":"https:\/\/tuzlainfo.ba\/wp-content\/uploads\/2021\/03\/logo-ver-3-1.png","contentUrl":"https:\/\/tuzlainfo.ba\/wp-content\/uploads\/2021\/03\/logo-ver-3-1.png","width":350,"height":95,"caption":"TuzlaInfo.ba"},"image":{"@id":"https:\/\/tuzlainfo.ba\/#\/schema\/logo\/image\/"},"sameAs":["https:\/\/www.facebook.com\/tuzlainfo.ba\/"]},{"@type":"Person","@id":"https:\/\/tuzlainfo.ba\/#\/schema\/person\/f434e20dc27ea133923aab08451b7f7f","name":"nedim","image":{"@type":"ImageObject","inLanguage":"bs-BA","@id":"https:\/\/tuzlainfo.ba\/#\/schema\/person\/image\/","url":"https:\/\/tuzlainfo.ba\/wp-content\/litespeed\/avatar\/aabad687af24844af817603ac1cbdc4f.jpg?ver=1777306975","contentUrl":"https:\/\/tuzlainfo.ba\/wp-content\/litespeed\/avatar\/aabad687af24844af817603ac1cbdc4f.jpg?ver=1777306975","caption":"nedim"},"description":"Tuzlainfo.ba pratite na dru\u0161tvenim mre\u017eama: Facebook, Instagram i Youtube. Svoje pri\u010de, upite i fotografije \u0161aljite na na\u0161u e-mail adresu."}]}},"_links":{"self":[{"href":"https:\/\/tuzlainfo.ba\/index.php\/wp-json\/wp\/v2\/posts\/174590"}],"collection":[{"href":"https:\/\/tuzlainfo.ba\/index.php\/wp-json\/wp\/v2\/posts"}],"about":[{"href":"https:\/\/tuzlainfo.ba\/index.php\/wp-json\/wp\/v2\/types\/post"}],"author":[{"embeddable":true,"href":"https:\/\/tuzlainfo.ba\/index.php\/wp-json\/wp\/v2\/users\/2"}],"replies":[{"embeddable":true,"href":"https:\/\/tuzlainfo.ba\/index.php\/wp-json\/wp\/v2\/comments?post=174590"}],"version-history":[{"count":0,"href":"https:\/\/tuzlainfo.ba\/index.php\/wp-json\/wp\/v2\/posts\/174590\/revisions"}],"wp:featuredmedia":[{"embeddable":true,"href":"https:\/\/tuzlainfo.ba\/index.php\/wp-json\/wp\/v2\/media\/80210"}],"wp:attachment":[{"href":"https:\/\/tuzlainfo.ba\/index.php\/wp-json\/wp\/v2\/media?parent=174590"}],"wp:term":[{"taxonomy":"category","embeddable":true,"href":"https:\/\/tuzlainfo.ba\/index.php\/wp-json\/wp\/v2\/categories?post=174590"},{"taxonomy":"post_tag","embeddable":true,"href":"https:\/\/tuzlainfo.ba\/index.php\/wp-json\/wp\/v2\/tags?post=174590"}],"curies":[{"name":"wp","href":"https:\/\/api.w.org\/{rel}","templated":true}]}}