{"id":174550,"date":"2022-06-07T17:00:22","date_gmt":"2022-06-07T15:00:22","guid":{"rendered":"https:\/\/tuzlainfo.ba\/?p=174550"},"modified":"2022-06-07T15:00:11","modified_gmt":"2022-06-07T13:00:11","slug":"u-tuzli-premijerno-prikazan-ekoloski-film-zeleni-otisak","status":"publish","type":"post","link":"https:\/\/tuzlainfo.ba\/index.php\/novosti\/item\/174550-u-tuzli-premijerno-prikazan-ekoloski-film-zeleni-otisak\/","title":{"rendered":"U Tuzli premijerno prikazan ekolo\u0161ki film \u201eZeleni otisak\u201c"},"content":{"rendered":"<p>U okviru djelovanja projekta \u201eLet's Do It Tuzla\u201c, u nedjelju, 05. juna 2022. godine, u prepunoj dvorani multipleksa CineStar Tuzla, premijerno je prikazan ekolo\u0161ki film pod nazivom \u201eZeleni otisak\u201c. Simboli\u010dno, premijera filma je odr\u017eana na dan koji se \u0161irom svijeta obilje\u017eava upravo kao Dan za\u0161tite okoli\u0161a, a kojim se nastoje istaknuti glavni ekolo\u0161ki problemi te omogu\u0107iti svima da shvate svoju vlastitu ulogu i odgovornost u procesu odr\u017eivog razvoja na\u0161eg okoli\u0161a.<\/p>\n<p>Vo\u0111eni upravo tim motivima, mladi okupljeni oko projekta \u201eLet's Do It Tuzla\u201c odlu\u010dili su da deset godina svog neumornog truda i rada ovjekovje\u010de ekolo\u0161kim filmom, a koji, uz jedan multidisciplinaran pristup, prikazuje mnogobrojne izazove u procesu za\u0161tite \u017eivotne sredine i okoli\u0161a, odnosno doprinos na\u0161eg dru\u0161tva u pravcu pobolj\u0161anja i unapre\u0111enja stanja. Osim toga, filmom je prikazano efiksano djelovanje i realni rezultati postignuti od strane mladih ljudi koji ve\u0107 10 godina nesebi\u010dno ula\u017eu svoje vrijeme i trud kako bi na\u0161a \u017eivotna sredina bila bolje i zdravije mjesto za \u017eivot.<\/p>\n<p>\u201eNa\u0161i koordinatori i volonteri su jo\u0161 2012. godine postali svjesni veli\u010dine i va\u017enosti problema nedovoljne i neadekvatne brige za okoli\u0161, zbog \u010dega su i odlu\u010dili da uzmu stvar u svoje ruke i krenu u njegovo rje\u0161avanje. Poseban fokus smo stavili na podizanje nivoa svijesti stanovni\u0161tva o zna\u010daju o\u010duvanja \u017eivotne sredine i okoli\u0161a, a upravo zbog toga smo odlu\u010dili da na\u0161a zapa\u017eanja prika\u017eemo javnosti i kroz film. Uprkos svim preprekama na koje smo nailazili, projekat \u201eLet's Do It\u201c djeluje aktivno ve\u0107 10 godina. 10 godina neumornog i istrajnog rada, potpune ljubavi prema ovom poslu, empatije prema prirodi, discipline i organizovanosti na zavidnom nivou, je iza nas. Premijerom ovog filma krunisali smo na\u0161e desetlje\u0107e i dali sebi dodatni vjetar u le\u0111a da ka ostvarenju zajedni\u010dkih ciljeva jo\u0161 hrabrije kora\u010damo.\u201c, izjavio je Amar Kavgi\u0107, idejni tvorac i pokreta\u010d projekta \u201eLet's Do It Tuzla\u201c.<\/p>\n<p>Glavni partner \u201eLet's Do It Tuzla\u201c tima, u procesu kreiranja ovog filma, bila je Una Storia d.o.o. Tuzla. Film je re\u017eirao Mirza Efendi\u0107, a scenarij potpisuje Amar Kavgi\u0107.<\/p>\n<p>Film \u201eZeleni otisak\u201c sastavni je dio velike ekolo\u0161ke kampanje pod nazivom \u201eNa\u0161ih EKO 10\u201c, a kojim \u201eLet's Do It Tuzla\u201c tim, na mnoge na\u010dine, nastoji podstaknuti gra\u0111ane na dru\u0161tveno odgovorno i ekolo\u0161ki prihvatljivo djelovanje. Tako \u0107e u okviru ove kampanje, pored tradicionalnih velikih terenskih akcija \u010di\u0161\u0107enja ilegalnih deponija otpada i sadnje drve\u0107a, koje su planirane za mjesec septembar i oktobar, biti realizovane i mnogobrojne promotivne aktivnosti, zatim doga\u0111aj za cijelu porodicu &#8216;Family Day&#8217;, nagradna darivanja, dru\u017eenja sa \u010dlanovima tima i jo\u0161 mnogo toga.<\/p>\n","protected":false},"excerpt":{"rendered":"<p>U okviru djelovanja projekta \u201eLet's Do It Tuzla\u201c, u nedjelju, 05. juna 2022. godine, u&hellip;<\/p>\n","protected":false},"author":4,"featured_media":174551,"comment_status":"open","ping_status":"closed","sticky":false,"template":"","format":"standard","meta":{"_acf_changed":false,"footnotes":""},"categories":[304,12],"tags":[1503,450],"acf":[],"yoast_head":"<!-- This site is optimized with the Yoast SEO plugin v23.5 - https:\/\/yoast.com\/wordpress\/plugins\/seo\/ -->\n<title>U Tuzli premijerno prikazan ekolo\u0161ki film \u201eZeleni otisak\u201c - TuzlaInfo.ba<\/title>\n<meta name=\"robots\" content=\"index, follow, max-snippet:-1, max-image-preview:large, max-video-preview:-1\" \/>\n<link rel=\"canonical\" href=\"https:\/\/tuzlainfo.ba\/index.php\/novosti\/item\/174550-u-tuzli-premijerno-prikazan-ekoloski-film-zeleni-otisak\/\" \/>\n<meta property=\"og:locale\" content=\"bs_BA\" \/>\n<meta property=\"og:type\" content=\"article\" \/>\n<meta property=\"og:title\" content=\"U Tuzli premijerno prikazan ekolo\u0161ki film \u201eZeleni otisak\u201c - TuzlaInfo.ba\" \/>\n<meta property=\"og:description\" content=\"U okviru djelovanja projekta \u201eLet&#039;s Do It Tuzla\u201c, u nedjelju, 05. juna 2022. godine, u&hellip;\" \/>\n<meta property=\"og:url\" content=\"https:\/\/tuzlainfo.ba\/index.php\/novosti\/item\/174550-u-tuzli-premijerno-prikazan-ekoloski-film-zeleni-otisak\/\" \/>\n<meta property=\"og:site_name\" content=\"TuzlaInfo.ba\" \/>\n<meta property=\"article:publisher\" content=\"https:\/\/www.facebook.com\/tuzlainfo.ba\/\" \/>\n<meta property=\"article:published_time\" content=\"2022-06-07T15:00:22+00:00\" \/>\n<meta property=\"article:modified_time\" content=\"2022-06-07T13:00:11+00:00\" \/>\n<meta property=\"og:image\" content=\"https:\/\/tuzlainfo.ba\/wp-content\/uploads\/2022\/06\/inbound5832145030867524906-scaled.jpg\" \/>\n\t<meta property=\"og:image:width\" content=\"2560\" \/>\n\t<meta property=\"og:image:height\" content=\"1703\" \/>\n\t<meta property=\"og:image:type\" content=\"image\/jpeg\" \/>\n<meta name=\"author\" content=\"Tuzla Info\" \/>\n<meta name=\"twitter:card\" content=\"summary_large_image\" \/>\n<meta name=\"twitter:label1\" content=\"Written by\" \/>\n\t<meta name=\"twitter:data1\" content=\"Tuzla Info\" \/>\n\t<meta name=\"twitter:label2\" content=\"Est. reading time\" \/>\n\t<meta name=\"twitter:data2\" content=\"2 minute\" \/>\n<script type=\"application\/ld+json\" class=\"yoast-schema-graph\">{\"@context\":\"https:\/\/schema.org\",\"@graph\":[{\"@type\":\"Article\",\"@id\":\"https:\/\/tuzlainfo.ba\/index.php\/novosti\/item\/174550-u-tuzli-premijerno-prikazan-ekoloski-film-zeleni-otisak\/#article\",\"isPartOf\":{\"@id\":\"https:\/\/tuzlainfo.ba\/index.php\/novosti\/item\/174550-u-tuzli-premijerno-prikazan-ekoloski-film-zeleni-otisak\/\"},\"author\":{\"name\":\"Tuzla Info\",\"@id\":\"https:\/\/tuzlainfo.ba\/#\/schema\/person\/46cad4c57790cbc50781edd14870825a\"},\"headline\":\"U Tuzli premijerno prikazan ekolo\u0161ki film \u201eZeleni otisak\u201c\",\"datePublished\":\"2022-06-07T15:00:22+00:00\",\"dateModified\":\"2022-06-07T13:00:11+00:00\",\"mainEntityOfPage\":{\"@id\":\"https:\/\/tuzlainfo.ba\/index.php\/novosti\/item\/174550-u-tuzli-premijerno-prikazan-ekoloski-film-zeleni-otisak\/\"},\"wordCount\":472,\"commentCount\":0,\"publisher\":{\"@id\":\"https:\/\/tuzlainfo.ba\/#organization\"},\"image\":{\"@id\":\"https:\/\/tuzlainfo.ba\/index.php\/novosti\/item\/174550-u-tuzli-premijerno-prikazan-ekoloski-film-zeleni-otisak\/#primaryimage\"},\"thumbnailUrl\":\"https:\/\/tuzlainfo.ba\/wp-content\/uploads\/2022\/06\/inbound5832145030867524906-scaled.jpg\",\"keywords\":[\"eko zeleni\",\"film\"],\"articleSection\":[\"Istaknuto\",\"Novosti\"],\"inLanguage\":\"bs-BA\"},{\"@type\":\"WebPage\",\"@id\":\"https:\/\/tuzlainfo.ba\/index.php\/novosti\/item\/174550-u-tuzli-premijerno-prikazan-ekoloski-film-zeleni-otisak\/\",\"url\":\"https:\/\/tuzlainfo.ba\/index.php\/novosti\/item\/174550-u-tuzli-premijerno-prikazan-ekoloski-film-zeleni-otisak\/\",\"name\":\"U Tuzli premijerno prikazan ekolo\u0161ki film \u201eZeleni otisak\u201c - TuzlaInfo.ba\",\"isPartOf\":{\"@id\":\"https:\/\/tuzlainfo.ba\/#website\"},\"primaryImageOfPage\":{\"@id\":\"https:\/\/tuzlainfo.ba\/index.php\/novosti\/item\/174550-u-tuzli-premijerno-prikazan-ekoloski-film-zeleni-otisak\/#primaryimage\"},\"image\":{\"@id\":\"https:\/\/tuzlainfo.ba\/index.php\/novosti\/item\/174550-u-tuzli-premijerno-prikazan-ekoloski-film-zeleni-otisak\/#primaryimage\"},\"thumbnailUrl\":\"https:\/\/tuzlainfo.ba\/wp-content\/uploads\/2022\/06\/inbound5832145030867524906-scaled.jpg\",\"datePublished\":\"2022-06-07T15:00:22+00:00\",\"dateModified\":\"2022-06-07T13:00:11+00:00\",\"breadcrumb\":{\"@id\":\"https:\/\/tuzlainfo.ba\/index.php\/novosti\/item\/174550-u-tuzli-premijerno-prikazan-ekoloski-film-zeleni-otisak\/#breadcrumb\"},\"inLanguage\":\"bs-BA\",\"potentialAction\":[{\"@type\":\"ReadAction\",\"target\":[\"https:\/\/tuzlainfo.ba\/index.php\/novosti\/item\/174550-u-tuzli-premijerno-prikazan-ekoloski-film-zeleni-otisak\/\"]}]},{\"@type\":\"ImageObject\",\"inLanguage\":\"bs-BA\",\"@id\":\"https:\/\/tuzlainfo.ba\/index.php\/novosti\/item\/174550-u-tuzli-premijerno-prikazan-ekoloski-film-zeleni-otisak\/#primaryimage\",\"url\":\"https:\/\/tuzlainfo.ba\/wp-content\/uploads\/2022\/06\/inbound5832145030867524906-scaled.jpg\",\"contentUrl\":\"https:\/\/tuzlainfo.ba\/wp-content\/uploads\/2022\/06\/inbound5832145030867524906-scaled.jpg\",\"width\":2560,\"height\":1703},{\"@type\":\"BreadcrumbList\",\"@id\":\"https:\/\/tuzlainfo.ba\/index.php\/novosti\/item\/174550-u-tuzli-premijerno-prikazan-ekoloski-film-zeleni-otisak\/#breadcrumb\",\"itemListElement\":[{\"@type\":\"ListItem\",\"position\":1,\"name\":\"Home\",\"item\":\"https:\/\/tuzlainfo.ba\/\"},{\"@type\":\"ListItem\",\"position\":2,\"name\":\"U Tuzli premijerno prikazan ekolo\u0161ki film \u201eZeleni otisak\u201c\"}]},{\"@type\":\"WebSite\",\"@id\":\"https:\/\/tuzlainfo.ba\/#website\",\"url\":\"https:\/\/tuzlainfo.ba\/\",\"name\":\"TuzlaInfo.ba\",\"description\":\"Tuzla info, gradski informator - Tuzla na dlanu\",\"publisher\":{\"@id\":\"https:\/\/tuzlainfo.ba\/#organization\"},\"potentialAction\":[{\"@type\":\"SearchAction\",\"target\":{\"@type\":\"EntryPoint\",\"urlTemplate\":\"https:\/\/tuzlainfo.ba\/?s={search_term_string}\"},\"query-input\":{\"@type\":\"PropertyValueSpecification\",\"valueRequired\":true,\"valueName\":\"search_term_string\"}}],\"inLanguage\":\"bs-BA\"},{\"@type\":\"Organization\",\"@id\":\"https:\/\/tuzlainfo.ba\/#organization\",\"name\":\"TuzlaInfo.ba\",\"url\":\"https:\/\/tuzlainfo.ba\/\",\"logo\":{\"@type\":\"ImageObject\",\"inLanguage\":\"bs-BA\",\"@id\":\"https:\/\/tuzlainfo.ba\/#\/schema\/logo\/image\/\",\"url\":\"https:\/\/tuzlainfo.ba\/wp-content\/uploads\/2021\/03\/logo-ver-3-1.png\",\"contentUrl\":\"https:\/\/tuzlainfo.ba\/wp-content\/uploads\/2021\/03\/logo-ver-3-1.png\",\"width\":350,\"height\":95,\"caption\":\"TuzlaInfo.ba\"},\"image\":{\"@id\":\"https:\/\/tuzlainfo.ba\/#\/schema\/logo\/image\/\"},\"sameAs\":[\"https:\/\/www.facebook.com\/tuzlainfo.ba\/\"]},{\"@type\":\"Person\",\"@id\":\"https:\/\/tuzlainfo.ba\/#\/schema\/person\/46cad4c57790cbc50781edd14870825a\",\"name\":\"Tuzla Info\",\"image\":{\"@type\":\"ImageObject\",\"inLanguage\":\"bs-BA\",\"@id\":\"https:\/\/tuzlainfo.ba\/#\/schema\/person\/image\/\",\"url\":\"https:\/\/tuzlainfo.ba\/wp-content\/litespeed\/avatar\/b6c453a6c38e3654f2e4416c643fc25c.jpg?ver=1777051911\",\"contentUrl\":\"https:\/\/tuzlainfo.ba\/wp-content\/litespeed\/avatar\/b6c453a6c38e3654f2e4416c643fc25c.jpg?ver=1777051911\",\"caption\":\"Tuzla Info\"}}]}<\/script>\n<!-- \/ Yoast SEO plugin. -->","yoast_head_json":{"title":"U Tuzli premijerno prikazan ekolo\u0161ki film \u201eZeleni otisak\u201c - TuzlaInfo.ba","robots":{"index":"index","follow":"follow","max-snippet":"max-snippet:-1","max-image-preview":"max-image-preview:large","max-video-preview":"max-video-preview:-1"},"canonical":"https:\/\/tuzlainfo.ba\/index.php\/novosti\/item\/174550-u-tuzli-premijerno-prikazan-ekoloski-film-zeleni-otisak\/","og_locale":"bs_BA","og_type":"article","og_title":"U Tuzli premijerno prikazan ekolo\u0161ki film \u201eZeleni otisak\u201c - TuzlaInfo.ba","og_description":"U okviru djelovanja projekta \u201eLet's Do It Tuzla\u201c, u nedjelju, 05. juna 2022. godine, u&hellip;","og_url":"https:\/\/tuzlainfo.ba\/index.php\/novosti\/item\/174550-u-tuzli-premijerno-prikazan-ekoloski-film-zeleni-otisak\/","og_site_name":"TuzlaInfo.ba","article_publisher":"https:\/\/www.facebook.com\/tuzlainfo.ba\/","article_published_time":"2022-06-07T15:00:22+00:00","article_modified_time":"2022-06-07T13:00:11+00:00","og_image":[{"width":2560,"height":1703,"url":"https:\/\/tuzlainfo.ba\/wp-content\/uploads\/2022\/06\/inbound5832145030867524906-scaled.jpg","type":"image\/jpeg"}],"author":"Tuzla Info","twitter_card":"summary_large_image","twitter_misc":{"Written by":"Tuzla Info","Est. reading time":"2 minute"},"schema":{"@context":"https:\/\/schema.org","@graph":[{"@type":"Article","@id":"https:\/\/tuzlainfo.ba\/index.php\/novosti\/item\/174550-u-tuzli-premijerno-prikazan-ekoloski-film-zeleni-otisak\/#article","isPartOf":{"@id":"https:\/\/tuzlainfo.ba\/index.php\/novosti\/item\/174550-u-tuzli-premijerno-prikazan-ekoloski-film-zeleni-otisak\/"},"author":{"name":"Tuzla Info","@id":"https:\/\/tuzlainfo.ba\/#\/schema\/person\/46cad4c57790cbc50781edd14870825a"},"headline":"U Tuzli premijerno prikazan ekolo\u0161ki film \u201eZeleni otisak\u201c","datePublished":"2022-06-07T15:00:22+00:00","dateModified":"2022-06-07T13:00:11+00:00","mainEntityOfPage":{"@id":"https:\/\/tuzlainfo.ba\/index.php\/novosti\/item\/174550-u-tuzli-premijerno-prikazan-ekoloski-film-zeleni-otisak\/"},"wordCount":472,"commentCount":0,"publisher":{"@id":"https:\/\/tuzlainfo.ba\/#organization"},"image":{"@id":"https:\/\/tuzlainfo.ba\/index.php\/novosti\/item\/174550-u-tuzli-premijerno-prikazan-ekoloski-film-zeleni-otisak\/#primaryimage"},"thumbnailUrl":"https:\/\/tuzlainfo.ba\/wp-content\/uploads\/2022\/06\/inbound5832145030867524906-scaled.jpg","keywords":["eko zeleni","film"],"articleSection":["Istaknuto","Novosti"],"inLanguage":"bs-BA"},{"@type":"WebPage","@id":"https:\/\/tuzlainfo.ba\/index.php\/novosti\/item\/174550-u-tuzli-premijerno-prikazan-ekoloski-film-zeleni-otisak\/","url":"https:\/\/tuzlainfo.ba\/index.php\/novosti\/item\/174550-u-tuzli-premijerno-prikazan-ekoloski-film-zeleni-otisak\/","name":"U Tuzli premijerno prikazan ekolo\u0161ki film \u201eZeleni otisak\u201c - TuzlaInfo.ba","isPartOf":{"@id":"https:\/\/tuzlainfo.ba\/#website"},"primaryImageOfPage":{"@id":"https:\/\/tuzlainfo.ba\/index.php\/novosti\/item\/174550-u-tuzli-premijerno-prikazan-ekoloski-film-zeleni-otisak\/#primaryimage"},"image":{"@id":"https:\/\/tuzlainfo.ba\/index.php\/novosti\/item\/174550-u-tuzli-premijerno-prikazan-ekoloski-film-zeleni-otisak\/#primaryimage"},"thumbnailUrl":"https:\/\/tuzlainfo.ba\/wp-content\/uploads\/2022\/06\/inbound5832145030867524906-scaled.jpg","datePublished":"2022-06-07T15:00:22+00:00","dateModified":"2022-06-07T13:00:11+00:00","breadcrumb":{"@id":"https:\/\/tuzlainfo.ba\/index.php\/novosti\/item\/174550-u-tuzli-premijerno-prikazan-ekoloski-film-zeleni-otisak\/#breadcrumb"},"inLanguage":"bs-BA","potentialAction":[{"@type":"ReadAction","target":["https:\/\/tuzlainfo.ba\/index.php\/novosti\/item\/174550-u-tuzli-premijerno-prikazan-ekoloski-film-zeleni-otisak\/"]}]},{"@type":"ImageObject","inLanguage":"bs-BA","@id":"https:\/\/tuzlainfo.ba\/index.php\/novosti\/item\/174550-u-tuzli-premijerno-prikazan-ekoloski-film-zeleni-otisak\/#primaryimage","url":"https:\/\/tuzlainfo.ba\/wp-content\/uploads\/2022\/06\/inbound5832145030867524906-scaled.jpg","contentUrl":"https:\/\/tuzlainfo.ba\/wp-content\/uploads\/2022\/06\/inbound5832145030867524906-scaled.jpg","width":2560,"height":1703},{"@type":"BreadcrumbList","@id":"https:\/\/tuzlainfo.ba\/index.php\/novosti\/item\/174550-u-tuzli-premijerno-prikazan-ekoloski-film-zeleni-otisak\/#breadcrumb","itemListElement":[{"@type":"ListItem","position":1,"name":"Home","item":"https:\/\/tuzlainfo.ba\/"},{"@type":"ListItem","position":2,"name":"U Tuzli premijerno prikazan ekolo\u0161ki film \u201eZeleni otisak\u201c"}]},{"@type":"WebSite","@id":"https:\/\/tuzlainfo.ba\/#website","url":"https:\/\/tuzlainfo.ba\/","name":"TuzlaInfo.ba","description":"Tuzla info, gradski informator - Tuzla na dlanu","publisher":{"@id":"https:\/\/tuzlainfo.ba\/#organization"},"potentialAction":[{"@type":"SearchAction","target":{"@type":"EntryPoint","urlTemplate":"https:\/\/tuzlainfo.ba\/?s={search_term_string}"},"query-input":{"@type":"PropertyValueSpecification","valueRequired":true,"valueName":"search_term_string"}}],"inLanguage":"bs-BA"},{"@type":"Organization","@id":"https:\/\/tuzlainfo.ba\/#organization","name":"TuzlaInfo.ba","url":"https:\/\/tuzlainfo.ba\/","logo":{"@type":"ImageObject","inLanguage":"bs-BA","@id":"https:\/\/tuzlainfo.ba\/#\/schema\/logo\/image\/","url":"https:\/\/tuzlainfo.ba\/wp-content\/uploads\/2021\/03\/logo-ver-3-1.png","contentUrl":"https:\/\/tuzlainfo.ba\/wp-content\/uploads\/2021\/03\/logo-ver-3-1.png","width":350,"height":95,"caption":"TuzlaInfo.ba"},"image":{"@id":"https:\/\/tuzlainfo.ba\/#\/schema\/logo\/image\/"},"sameAs":["https:\/\/www.facebook.com\/tuzlainfo.ba\/"]},{"@type":"Person","@id":"https:\/\/tuzlainfo.ba\/#\/schema\/person\/46cad4c57790cbc50781edd14870825a","name":"Tuzla Info","image":{"@type":"ImageObject","inLanguage":"bs-BA","@id":"https:\/\/tuzlainfo.ba\/#\/schema\/person\/image\/","url":"https:\/\/tuzlainfo.ba\/wp-content\/litespeed\/avatar\/b6c453a6c38e3654f2e4416c643fc25c.jpg?ver=1777051911","contentUrl":"https:\/\/tuzlainfo.ba\/wp-content\/litespeed\/avatar\/b6c453a6c38e3654f2e4416c643fc25c.jpg?ver=1777051911","caption":"Tuzla Info"}}]}},"_links":{"self":[{"href":"https:\/\/tuzlainfo.ba\/index.php\/wp-json\/wp\/v2\/posts\/174550"}],"collection":[{"href":"https:\/\/tuzlainfo.ba\/index.php\/wp-json\/wp\/v2\/posts"}],"about":[{"href":"https:\/\/tuzlainfo.ba\/index.php\/wp-json\/wp\/v2\/types\/post"}],"author":[{"embeddable":true,"href":"https:\/\/tuzlainfo.ba\/index.php\/wp-json\/wp\/v2\/users\/4"}],"replies":[{"embeddable":true,"href":"https:\/\/tuzlainfo.ba\/index.php\/wp-json\/wp\/v2\/comments?post=174550"}],"version-history":[{"count":0,"href":"https:\/\/tuzlainfo.ba\/index.php\/wp-json\/wp\/v2\/posts\/174550\/revisions"}],"wp:featuredmedia":[{"embeddable":true,"href":"https:\/\/tuzlainfo.ba\/index.php\/wp-json\/wp\/v2\/media\/174551"}],"wp:attachment":[{"href":"https:\/\/tuzlainfo.ba\/index.php\/wp-json\/wp\/v2\/media?parent=174550"}],"wp:term":[{"taxonomy":"category","embeddable":true,"href":"https:\/\/tuzlainfo.ba\/index.php\/wp-json\/wp\/v2\/categories?post=174550"},{"taxonomy":"post_tag","embeddable":true,"href":"https:\/\/tuzlainfo.ba\/index.php\/wp-json\/wp\/v2\/tags?post=174550"}],"curies":[{"name":"wp","href":"https:\/\/api.w.org\/{rel}","templated":true}]}}