{"id":174490,"date":"2022-06-06T20:41:57","date_gmt":"2022-06-06T18:41:57","guid":{"rendered":"https:\/\/tuzlainfo.ba\/?p=174490"},"modified":"2022-06-06T20:41:57","modified_gmt":"2022-06-06T18:41:57","slug":"cavara-i-seranic-pod-sankcijama-sad-a-provodili-etno-nacionalisticke-politike","status":"publish","type":"post","link":"https:\/\/tuzlainfo.ba\/index.php\/bosna-i-hercegovina\/item\/174490-cavara-i-seranic-pod-sankcijama-sad-a-provodili-etno-nacionalisticke-politike\/","title":{"rendered":"\u010cavara i \u0160erani\u0107 pod sankcijama SAD-a: Provodili etno-nacionalisti\u010dke politike"},"content":{"rendered":"<div class=\"wysiwyg wysiwyg--all-content css-ju7srt\">\n<p>Ministarstvo finansija Sjedinjenih Ameri\u010dkih Dr\u017eava nametnulo je u ponedjeljak sankcije predsjedniku bosanskohercegova\u010dkog entiteta Federacija BiH Marinku \u010cavari, objavljeno je na internetskoj stranici Ministarstva, prenosi agencija Reuters.<\/p>\n<p>Dodaje se kako je sankcioniran i Alen \u0160erani\u0107 koji je ministar zdravstva i socijalne za\u0161tite drugog entiteta Bosne i Hercegovine, Republike Srpske.<\/p>\n<p>U saop\u0107enju Ministarstva kako \u010cavara i \u0160erani\u0107 prijete stabilnosti regije potkopavanjem Dejtonskih mirovnih sporazuma i demokratskim procesima ili institucijama.<\/p>\n<p>\u201eDana\u0161nje akcije ponovo isti\u010du posve\u0107enost SAD-a promoviranju odgovornosti na Zapadnom Balkanu, uklju\u010duju\u0107i one zvani\u010dnike koji potkopavaju demokratske procese ili institucije na Zapadnom Balkanu i stoga su prijetnja miru, stabilnosti i prosperitetu svojih dr\u017eava\u201c, navodi se u saop\u0107enju.<\/p>\n<p>Dalje se navodi kako su i \u010cavara i \u0160erani\u0107 \u201eobojica nastojali provoditi etno-nacionalisti\u010dke i politi\u010dke agende nau\u0161trb demokratskih institucija i gra\u0111ana Bosne i Hercegovine\u201c, a potpisnik je Brian E. Nelson, podsekretar za borbu protiv terorizma i obavje\u0161tajne finansijske poslove u Ministarstvu finansija SAD-a.<\/p>\n<p><strong>Promoviranje odgovornosti<\/strong><\/p>\n<p>\u010cavara, predsjednik FBiH, je odgovoran za imenovanje sudija na Ustavnom sudu entiteta i od 2019. je \u201eodbio imenovati sudije sa liste kandidata koju je dalo Visoko sudsko i tu\u017eiteljsko vije\u0107e kako bi se popunila prazna mjesta\u201c, navodi se u odluci ameri\u010dkog Ministarstva.<\/p>\n<p>\u201eOdbijanjem da nastavi sa imenovanjima, \u010cavara je blokirao funkcioniranje Odbora za vitalni nacionalni interes Suda, tijela koje je napravljeno amandmanima na Ustav FBiH 2002. Visokog predstavnika za BiH. Vije\u0107e za za\u0161titu VNI razmatra klju\u010dna pitanja koja predla\u017eu delegati u Domu naroda FBiH. Vije\u0107e je klju\u010dno za ustavno funkcioniranje FBiH, a njegovo postojanje neophodno je radi demokratskog funkcioniranja FBiH.\u00a0 Svojim nedjelovanjem, \u010cavara je ugrozio funkcioniranje Vije\u0107a za za\u0161titu VNI radi promicanja vlastitih interesa i politi\u010dkih interesa svoje stranke\u201c, navodi se u saop\u0107enju koje prenosi Ameri\u010dka ambasada u BiH.<\/p>\n<p>Dalje se navodi kako je \u010cavara uvr\u0161ten na listu zbog odgovornosti za ili sau\u010desni\u0161tvo, zbog direktnog ili indirektnog u\u010de\u0161\u0107a, kr\u0161enja ili djelovanja koja predstavljaju opstrukciju ili prijete provedbi bilo kojeg regionalnog sigurnosnog, mirovnog sporazuma ili sporazuma o saradnji ili o obostranom priznanju, okvirnog sporazuma ili mehanizma koji se odnosi na Zapadni Balkan, uklju\u010duju\u0107i Prespanski sporazum iz 2018, Ohridski okvirni sporazum iz 2001, Rezoluciju Vije\u0107a sigurnosti UN 1244, Dejtonski sporazum, Zaklju\u010dke Konferencije Vije\u0107a za provedbu mira odr\u017eane u Londonu u decembru 1995, uklju\u010duju\u0107i odluke ili zaklju\u010dke visokog predstavnika, Vije\u0107a za implementaciju mira ili njegovog Upravnog odbora ili Me\u0111unarodnog krivi\u010dnog tribunala za biv\u0161u Jugoslaviju ili, kada je rije\u010d o biv\u0161oj Jugoslaviji, Me\u0111unarodnog rezidualnog mehanizma za krivi\u010dne sudove.<\/p>\n<p><strong>Veza Dodika i \u0160erani\u0107a<\/strong><\/p>\n<p>U sklopu aktivnosti SAD na suprotstavljanju destabiliziraju\u0107im aktivnostima u BiH, Ministarstvo finansija nedavno je na listu uklju\u010dilo Milorada Dodika, \u010dlana Predsjedni\u0161tva BiH, u skladu sa Izvr\u0161nom uredbom 14033.<\/p>\n<p>\u201eDodik nastoji promicati secesiju Republike Srpske (RS) tako \u0161to podriva ovlasti dr\u017eavnih institucija BiH, uklju\u010duju\u0107i Agenciju za lijekove i medicinska sredstva na dr\u017eavnom nivou. Danas je OFAC na listu uklju\u010dio\u00a0Alena \u0160erani\u0107a, ministra zdravlja i socijalne za\u0161tite RS, s ciljem daljeg fokusa na destabiliziraju\u0107e djelovanje\u201c, isti\u010de se i dalje navodi:<\/p>\n<p>\u201e\u0160erani\u0107 je nastavio promovirati secesionisti\u010dke aktivnosti RS jer je vodio proces usvajanja Zakona o lijekovima i medicinskim sredstvima RS kojeg je njegovo ministarstvo uputilo Narodnoj skup\u0161tini RS na razmatranje. Ovaj zakon, koji jo\u0161 nije stupio na snagu, predvi\u0111a uspostavu nove agencije samo u okviru RS \u0161to bi poremetilo ovla\u0161tenja dr\u017eavne Agencije za lijekove i medicinska sredstva.\u201c<\/p>\n<p>\u201e\u0160erani\u0107 je javno priznao da ovaj zakon preslikava funkcije Agencije za lijekove na dr\u017eavnom nivou, s time \u0161to se uspostavom agencije prema ovom zakonu prenose ovlasti sa agencije na dr\u017eavnom nivou na regulatorni autoritet za lijekove i medicinska sredstva u okviru RS.\u00a0 Zbog postojanja institucije na dr\u017eavnom nivou koja slu\u017ei RS i FBiH, formiranje ove nove agencije na entitetskom nivou predstavlja opstrukciju ili prijetnju provedbi Daytonskog mirovnog sporazuma.\u201c<\/p>\n<p><strong>Posljedice sankcija<\/strong><\/p>\n<p>Posljedi\u010dno dana\u0161njoj mjeri, sva imovina i pravo na imovinu onih koji su sankcionirani, a koja se nalazi u SAD ili je u posjedu ili pod kontrolom dr\u017eavljana SAD mora biti blokirana i prijavljena OFAC (Uredu za kontrolu strane imovine Ministarstva).<\/p>\n<p>\u201ePropisi OFAC generalno zabranjuju sve transakcije dr\u017eavljana SAD koji su u SAD (ili koji prolaze kroz SAD) a koja uklju\u010duje imovinu ili pravo na imovinu pojedinaca koji su uvr\u0161teni na listu ili na drugi na\u010din blokirani. Dr\u017eavljani SAD mogu se suo\u010diti sa prekr\u0161ajima ili krivi\u010dnim kaznama za kr\u0161enje Izvr\u0161ne uredbe 14033. Ovlasti i integritet OFAC sankcija ne proisti\u010du samo iz mogu\u0107nosti ureda da odre\u0111uje i dodaje pojedince na SDN listu, nego i spremnosti ureda da sa SDN liste skida lica u skladu sa zakonom SAD\u201c, dodaje se u saop\u0107enju.<\/p>\n<\/div>\n","protected":false},"excerpt":{"rendered":"<p>Ministarstvo finansija Sjedinjenih Ameri\u010dkih Dr\u017eava nametnulo je u ponedjeljak sankcije predsjedniku bosanskohercegova\u010dkog entiteta Federacija BiH&hellip;<\/p>\n","protected":false},"author":2,"featured_media":139148,"comment_status":"open","ping_status":"closed","sticky":false,"template":"","format":"standard","meta":{"_acf_changed":false,"footnotes":""},"categories":[291],"tags":[2304,3897,1526],"acf":[],"yoast_head":"<!-- This site is optimized with the Yoast SEO plugin v23.5 - https:\/\/yoast.com\/wordpress\/plugins\/seo\/ -->\n<title>\u010cavara i \u0160erani\u0107 pod sankcijama SAD-a: Provodili etno-nacionalisti\u010dke politike - TuzlaInfo.ba<\/title>\n<meta name=\"robots\" content=\"index, follow, max-snippet:-1, max-image-preview:large, max-video-preview:-1\" \/>\n<link rel=\"canonical\" href=\"https:\/\/tuzlainfo.ba\/index.php\/bosna-i-hercegovina\/item\/174490-cavara-i-seranic-pod-sankcijama-sad-a-provodili-etno-nacionalisticke-politike\/\" \/>\n<meta property=\"og:locale\" content=\"bs_BA\" \/>\n<meta property=\"og:type\" content=\"article\" \/>\n<meta property=\"og:title\" content=\"\u010cavara i \u0160erani\u0107 pod sankcijama SAD-a: Provodili etno-nacionalisti\u010dke politike - TuzlaInfo.ba\" \/>\n<meta property=\"og:description\" content=\"Ministarstvo finansija Sjedinjenih Ameri\u010dkih Dr\u017eava nametnulo je u ponedjeljak sankcije predsjedniku bosanskohercegova\u010dkog entiteta Federacija BiH&hellip;\" \/>\n<meta property=\"og:url\" content=\"https:\/\/tuzlainfo.ba\/index.php\/bosna-i-hercegovina\/item\/174490-cavara-i-seranic-pod-sankcijama-sad-a-provodili-etno-nacionalisticke-politike\/\" \/>\n<meta property=\"og:site_name\" content=\"TuzlaInfo.ba\" \/>\n<meta property=\"article:publisher\" content=\"https:\/\/www.facebook.com\/tuzlainfo.ba\/\" \/>\n<meta property=\"article:published_time\" content=\"2022-06-06T18:41:57+00:00\" \/>\n<meta property=\"og:image\" content=\"https:\/\/tuzlainfo.ba\/wp-content\/uploads\/2021\/06\/0806_cavara.jpg\" \/>\n\t<meta property=\"og:image:width\" content=\"981\" \/>\n\t<meta property=\"og:image:height\" content=\"570\" \/>\n\t<meta property=\"og:image:type\" content=\"image\/jpeg\" \/>\n<meta name=\"author\" content=\"nedim\" \/>\n<meta name=\"twitter:card\" content=\"summary_large_image\" \/>\n<meta name=\"twitter:label1\" content=\"Written by\" \/>\n\t<meta name=\"twitter:data1\" content=\"nedim\" \/>\n\t<meta name=\"twitter:label2\" content=\"Est. reading time\" \/>\n\t<meta name=\"twitter:data2\" content=\"4 minute\" \/>\n<script type=\"application\/ld+json\" class=\"yoast-schema-graph\">{\"@context\":\"https:\/\/schema.org\",\"@graph\":[{\"@type\":\"Article\",\"@id\":\"https:\/\/tuzlainfo.ba\/index.php\/bosna-i-hercegovina\/item\/174490-cavara-i-seranic-pod-sankcijama-sad-a-provodili-etno-nacionalisticke-politike\/#article\",\"isPartOf\":{\"@id\":\"https:\/\/tuzlainfo.ba\/index.php\/bosna-i-hercegovina\/item\/174490-cavara-i-seranic-pod-sankcijama-sad-a-provodili-etno-nacionalisticke-politike\/\"},\"author\":{\"name\":\"nedim\",\"@id\":\"https:\/\/tuzlainfo.ba\/#\/schema\/person\/f434e20dc27ea133923aab08451b7f7f\"},\"headline\":\"\u010cavara i \u0160erani\u0107 pod sankcijama SAD-a: Provodili etno-nacionalisti\u010dke politike\",\"datePublished\":\"2022-06-06T18:41:57+00:00\",\"dateModified\":\"2022-06-06T18:41:57+00:00\",\"mainEntityOfPage\":{\"@id\":\"https:\/\/tuzlainfo.ba\/index.php\/bosna-i-hercegovina\/item\/174490-cavara-i-seranic-pod-sankcijama-sad-a-provodili-etno-nacionalisticke-politike\/\"},\"wordCount\":826,\"commentCount\":0,\"publisher\":{\"@id\":\"https:\/\/tuzlainfo.ba\/#organization\"},\"image\":{\"@id\":\"https:\/\/tuzlainfo.ba\/index.php\/bosna-i-hercegovina\/item\/174490-cavara-i-seranic-pod-sankcijama-sad-a-provodili-etno-nacionalisticke-politike\/#primaryimage\"},\"thumbnailUrl\":\"https:\/\/tuzlainfo.ba\/wp-content\/uploads\/2021\/06\/0806_cavara.jpg\",\"keywords\":[\"alen \u0161erani\u0107\",\"ameri\u010dke sankcije\",\"Marinko \u010cavara\"],\"articleSection\":[\"Bosna i Hercegovina\"],\"inLanguage\":\"bs-BA\"},{\"@type\":\"WebPage\",\"@id\":\"https:\/\/tuzlainfo.ba\/index.php\/bosna-i-hercegovina\/item\/174490-cavara-i-seranic-pod-sankcijama-sad-a-provodili-etno-nacionalisticke-politike\/\",\"url\":\"https:\/\/tuzlainfo.ba\/index.php\/bosna-i-hercegovina\/item\/174490-cavara-i-seranic-pod-sankcijama-sad-a-provodili-etno-nacionalisticke-politike\/\",\"name\":\"\u010cavara i \u0160erani\u0107 pod sankcijama SAD-a: Provodili etno-nacionalisti\u010dke politike - TuzlaInfo.ba\",\"isPartOf\":{\"@id\":\"https:\/\/tuzlainfo.ba\/#website\"},\"primaryImageOfPage\":{\"@id\":\"https:\/\/tuzlainfo.ba\/index.php\/bosna-i-hercegovina\/item\/174490-cavara-i-seranic-pod-sankcijama-sad-a-provodili-etno-nacionalisticke-politike\/#primaryimage\"},\"image\":{\"@id\":\"https:\/\/tuzlainfo.ba\/index.php\/bosna-i-hercegovina\/item\/174490-cavara-i-seranic-pod-sankcijama-sad-a-provodili-etno-nacionalisticke-politike\/#primaryimage\"},\"thumbnailUrl\":\"https:\/\/tuzlainfo.ba\/wp-content\/uploads\/2021\/06\/0806_cavara.jpg\",\"datePublished\":\"2022-06-06T18:41:57+00:00\",\"dateModified\":\"2022-06-06T18:41:57+00:00\",\"breadcrumb\":{\"@id\":\"https:\/\/tuzlainfo.ba\/index.php\/bosna-i-hercegovina\/item\/174490-cavara-i-seranic-pod-sankcijama-sad-a-provodili-etno-nacionalisticke-politike\/#breadcrumb\"},\"inLanguage\":\"bs-BA\",\"potentialAction\":[{\"@type\":\"ReadAction\",\"target\":[\"https:\/\/tuzlainfo.ba\/index.php\/bosna-i-hercegovina\/item\/174490-cavara-i-seranic-pod-sankcijama-sad-a-provodili-etno-nacionalisticke-politike\/\"]}]},{\"@type\":\"ImageObject\",\"inLanguage\":\"bs-BA\",\"@id\":\"https:\/\/tuzlainfo.ba\/index.php\/bosna-i-hercegovina\/item\/174490-cavara-i-seranic-pod-sankcijama-sad-a-provodili-etno-nacionalisticke-politike\/#primaryimage\",\"url\":\"https:\/\/tuzlainfo.ba\/wp-content\/uploads\/2021\/06\/0806_cavara.jpg\",\"contentUrl\":\"https:\/\/tuzlainfo.ba\/wp-content\/uploads\/2021\/06\/0806_cavara.jpg\",\"width\":981,\"height\":570},{\"@type\":\"BreadcrumbList\",\"@id\":\"https:\/\/tuzlainfo.ba\/index.php\/bosna-i-hercegovina\/item\/174490-cavara-i-seranic-pod-sankcijama-sad-a-provodili-etno-nacionalisticke-politike\/#breadcrumb\",\"itemListElement\":[{\"@type\":\"ListItem\",\"position\":1,\"name\":\"Home\",\"item\":\"https:\/\/tuzlainfo.ba\/\"},{\"@type\":\"ListItem\",\"position\":2,\"name\":\"\u010cavara i \u0160erani\u0107 pod sankcijama SAD-a: Provodili etno-nacionalisti\u010dke politike\"}]},{\"@type\":\"WebSite\",\"@id\":\"https:\/\/tuzlainfo.ba\/#website\",\"url\":\"https:\/\/tuzlainfo.ba\/\",\"name\":\"TuzlaInfo.ba\",\"description\":\"Tuzla info, gradski informator - Tuzla na dlanu\",\"publisher\":{\"@id\":\"https:\/\/tuzlainfo.ba\/#organization\"},\"potentialAction\":[{\"@type\":\"SearchAction\",\"target\":{\"@type\":\"EntryPoint\",\"urlTemplate\":\"https:\/\/tuzlainfo.ba\/?s={search_term_string}\"},\"query-input\":{\"@type\":\"PropertyValueSpecification\",\"valueRequired\":true,\"valueName\":\"search_term_string\"}}],\"inLanguage\":\"bs-BA\"},{\"@type\":\"Organization\",\"@id\":\"https:\/\/tuzlainfo.ba\/#organization\",\"name\":\"TuzlaInfo.ba\",\"url\":\"https:\/\/tuzlainfo.ba\/\",\"logo\":{\"@type\":\"ImageObject\",\"inLanguage\":\"bs-BA\",\"@id\":\"https:\/\/tuzlainfo.ba\/#\/schema\/logo\/image\/\",\"url\":\"https:\/\/tuzlainfo.ba\/wp-content\/uploads\/2021\/03\/logo-ver-3-1.png\",\"contentUrl\":\"https:\/\/tuzlainfo.ba\/wp-content\/uploads\/2021\/03\/logo-ver-3-1.png\",\"width\":350,\"height\":95,\"caption\":\"TuzlaInfo.ba\"},\"image\":{\"@id\":\"https:\/\/tuzlainfo.ba\/#\/schema\/logo\/image\/\"},\"sameAs\":[\"https:\/\/www.facebook.com\/tuzlainfo.ba\/\"]},{\"@type\":\"Person\",\"@id\":\"https:\/\/tuzlainfo.ba\/#\/schema\/person\/f434e20dc27ea133923aab08451b7f7f\",\"name\":\"nedim\",\"image\":{\"@type\":\"ImageObject\",\"inLanguage\":\"bs-BA\",\"@id\":\"https:\/\/tuzlainfo.ba\/#\/schema\/person\/image\/\",\"url\":\"https:\/\/tuzlainfo.ba\/wp-content\/litespeed\/avatar\/aabad687af24844af817603ac1cbdc4f.jpg?ver=1777306975\",\"contentUrl\":\"https:\/\/tuzlainfo.ba\/wp-content\/litespeed\/avatar\/aabad687af24844af817603ac1cbdc4f.jpg?ver=1777306975\",\"caption\":\"nedim\"},\"description\":\"Tuzlainfo.ba pratite na dru\u0161tvenim mre\u017eama: Facebook, Instagram i Youtube. Svoje pri\u010de, upite i fotografije \u0161aljite na na\u0161u e-mail adresu.\"}]}<\/script>\n<!-- \/ Yoast SEO plugin. -->","yoast_head_json":{"title":"\u010cavara i \u0160erani\u0107 pod sankcijama SAD-a: Provodili etno-nacionalisti\u010dke politike - TuzlaInfo.ba","robots":{"index":"index","follow":"follow","max-snippet":"max-snippet:-1","max-image-preview":"max-image-preview:large","max-video-preview":"max-video-preview:-1"},"canonical":"https:\/\/tuzlainfo.ba\/index.php\/bosna-i-hercegovina\/item\/174490-cavara-i-seranic-pod-sankcijama-sad-a-provodili-etno-nacionalisticke-politike\/","og_locale":"bs_BA","og_type":"article","og_title":"\u010cavara i \u0160erani\u0107 pod sankcijama SAD-a: Provodili etno-nacionalisti\u010dke politike - TuzlaInfo.ba","og_description":"Ministarstvo finansija Sjedinjenih Ameri\u010dkih Dr\u017eava nametnulo je u ponedjeljak sankcije predsjedniku bosanskohercegova\u010dkog entiteta Federacija BiH&hellip;","og_url":"https:\/\/tuzlainfo.ba\/index.php\/bosna-i-hercegovina\/item\/174490-cavara-i-seranic-pod-sankcijama-sad-a-provodili-etno-nacionalisticke-politike\/","og_site_name":"TuzlaInfo.ba","article_publisher":"https:\/\/www.facebook.com\/tuzlainfo.ba\/","article_published_time":"2022-06-06T18:41:57+00:00","og_image":[{"width":981,"height":570,"url":"https:\/\/tuzlainfo.ba\/wp-content\/uploads\/2021\/06\/0806_cavara.jpg","type":"image\/jpeg"}],"author":"nedim","twitter_card":"summary_large_image","twitter_misc":{"Written by":"nedim","Est. reading time":"4 minute"},"schema":{"@context":"https:\/\/schema.org","@graph":[{"@type":"Article","@id":"https:\/\/tuzlainfo.ba\/index.php\/bosna-i-hercegovina\/item\/174490-cavara-i-seranic-pod-sankcijama-sad-a-provodili-etno-nacionalisticke-politike\/#article","isPartOf":{"@id":"https:\/\/tuzlainfo.ba\/index.php\/bosna-i-hercegovina\/item\/174490-cavara-i-seranic-pod-sankcijama-sad-a-provodili-etno-nacionalisticke-politike\/"},"author":{"name":"nedim","@id":"https:\/\/tuzlainfo.ba\/#\/schema\/person\/f434e20dc27ea133923aab08451b7f7f"},"headline":"\u010cavara i \u0160erani\u0107 pod sankcijama SAD-a: Provodili etno-nacionalisti\u010dke politike","datePublished":"2022-06-06T18:41:57+00:00","dateModified":"2022-06-06T18:41:57+00:00","mainEntityOfPage":{"@id":"https:\/\/tuzlainfo.ba\/index.php\/bosna-i-hercegovina\/item\/174490-cavara-i-seranic-pod-sankcijama-sad-a-provodili-etno-nacionalisticke-politike\/"},"wordCount":826,"commentCount":0,"publisher":{"@id":"https:\/\/tuzlainfo.ba\/#organization"},"image":{"@id":"https:\/\/tuzlainfo.ba\/index.php\/bosna-i-hercegovina\/item\/174490-cavara-i-seranic-pod-sankcijama-sad-a-provodili-etno-nacionalisticke-politike\/#primaryimage"},"thumbnailUrl":"https:\/\/tuzlainfo.ba\/wp-content\/uploads\/2021\/06\/0806_cavara.jpg","keywords":["alen \u0161erani\u0107","ameri\u010dke sankcije","Marinko \u010cavara"],"articleSection":["Bosna i Hercegovina"],"inLanguage":"bs-BA"},{"@type":"WebPage","@id":"https:\/\/tuzlainfo.ba\/index.php\/bosna-i-hercegovina\/item\/174490-cavara-i-seranic-pod-sankcijama-sad-a-provodili-etno-nacionalisticke-politike\/","url":"https:\/\/tuzlainfo.ba\/index.php\/bosna-i-hercegovina\/item\/174490-cavara-i-seranic-pod-sankcijama-sad-a-provodili-etno-nacionalisticke-politike\/","name":"\u010cavara i \u0160erani\u0107 pod sankcijama SAD-a: Provodili etno-nacionalisti\u010dke politike - TuzlaInfo.ba","isPartOf":{"@id":"https:\/\/tuzlainfo.ba\/#website"},"primaryImageOfPage":{"@id":"https:\/\/tuzlainfo.ba\/index.php\/bosna-i-hercegovina\/item\/174490-cavara-i-seranic-pod-sankcijama-sad-a-provodili-etno-nacionalisticke-politike\/#primaryimage"},"image":{"@id":"https:\/\/tuzlainfo.ba\/index.php\/bosna-i-hercegovina\/item\/174490-cavara-i-seranic-pod-sankcijama-sad-a-provodili-etno-nacionalisticke-politike\/#primaryimage"},"thumbnailUrl":"https:\/\/tuzlainfo.ba\/wp-content\/uploads\/2021\/06\/0806_cavara.jpg","datePublished":"2022-06-06T18:41:57+00:00","dateModified":"2022-06-06T18:41:57+00:00","breadcrumb":{"@id":"https:\/\/tuzlainfo.ba\/index.php\/bosna-i-hercegovina\/item\/174490-cavara-i-seranic-pod-sankcijama-sad-a-provodili-etno-nacionalisticke-politike\/#breadcrumb"},"inLanguage":"bs-BA","potentialAction":[{"@type":"ReadAction","target":["https:\/\/tuzlainfo.ba\/index.php\/bosna-i-hercegovina\/item\/174490-cavara-i-seranic-pod-sankcijama-sad-a-provodili-etno-nacionalisticke-politike\/"]}]},{"@type":"ImageObject","inLanguage":"bs-BA","@id":"https:\/\/tuzlainfo.ba\/index.php\/bosna-i-hercegovina\/item\/174490-cavara-i-seranic-pod-sankcijama-sad-a-provodili-etno-nacionalisticke-politike\/#primaryimage","url":"https:\/\/tuzlainfo.ba\/wp-content\/uploads\/2021\/06\/0806_cavara.jpg","contentUrl":"https:\/\/tuzlainfo.ba\/wp-content\/uploads\/2021\/06\/0806_cavara.jpg","width":981,"height":570},{"@type":"BreadcrumbList","@id":"https:\/\/tuzlainfo.ba\/index.php\/bosna-i-hercegovina\/item\/174490-cavara-i-seranic-pod-sankcijama-sad-a-provodili-etno-nacionalisticke-politike\/#breadcrumb","itemListElement":[{"@type":"ListItem","position":1,"name":"Home","item":"https:\/\/tuzlainfo.ba\/"},{"@type":"ListItem","position":2,"name":"\u010cavara i \u0160erani\u0107 pod sankcijama SAD-a: Provodili etno-nacionalisti\u010dke politike"}]},{"@type":"WebSite","@id":"https:\/\/tuzlainfo.ba\/#website","url":"https:\/\/tuzlainfo.ba\/","name":"TuzlaInfo.ba","description":"Tuzla info, gradski informator - Tuzla na dlanu","publisher":{"@id":"https:\/\/tuzlainfo.ba\/#organization"},"potentialAction":[{"@type":"SearchAction","target":{"@type":"EntryPoint","urlTemplate":"https:\/\/tuzlainfo.ba\/?s={search_term_string}"},"query-input":{"@type":"PropertyValueSpecification","valueRequired":true,"valueName":"search_term_string"}}],"inLanguage":"bs-BA"},{"@type":"Organization","@id":"https:\/\/tuzlainfo.ba\/#organization","name":"TuzlaInfo.ba","url":"https:\/\/tuzlainfo.ba\/","logo":{"@type":"ImageObject","inLanguage":"bs-BA","@id":"https:\/\/tuzlainfo.ba\/#\/schema\/logo\/image\/","url":"https:\/\/tuzlainfo.ba\/wp-content\/uploads\/2021\/03\/logo-ver-3-1.png","contentUrl":"https:\/\/tuzlainfo.ba\/wp-content\/uploads\/2021\/03\/logo-ver-3-1.png","width":350,"height":95,"caption":"TuzlaInfo.ba"},"image":{"@id":"https:\/\/tuzlainfo.ba\/#\/schema\/logo\/image\/"},"sameAs":["https:\/\/www.facebook.com\/tuzlainfo.ba\/"]},{"@type":"Person","@id":"https:\/\/tuzlainfo.ba\/#\/schema\/person\/f434e20dc27ea133923aab08451b7f7f","name":"nedim","image":{"@type":"ImageObject","inLanguage":"bs-BA","@id":"https:\/\/tuzlainfo.ba\/#\/schema\/person\/image\/","url":"https:\/\/tuzlainfo.ba\/wp-content\/litespeed\/avatar\/aabad687af24844af817603ac1cbdc4f.jpg?ver=1777306975","contentUrl":"https:\/\/tuzlainfo.ba\/wp-content\/litespeed\/avatar\/aabad687af24844af817603ac1cbdc4f.jpg?ver=1777306975","caption":"nedim"},"description":"Tuzlainfo.ba pratite na dru\u0161tvenim mre\u017eama: Facebook, Instagram i Youtube. Svoje pri\u010de, upite i fotografije \u0161aljite na na\u0161u e-mail adresu."}]}},"_links":{"self":[{"href":"https:\/\/tuzlainfo.ba\/index.php\/wp-json\/wp\/v2\/posts\/174490"}],"collection":[{"href":"https:\/\/tuzlainfo.ba\/index.php\/wp-json\/wp\/v2\/posts"}],"about":[{"href":"https:\/\/tuzlainfo.ba\/index.php\/wp-json\/wp\/v2\/types\/post"}],"author":[{"embeddable":true,"href":"https:\/\/tuzlainfo.ba\/index.php\/wp-json\/wp\/v2\/users\/2"}],"replies":[{"embeddable":true,"href":"https:\/\/tuzlainfo.ba\/index.php\/wp-json\/wp\/v2\/comments?post=174490"}],"version-history":[{"count":0,"href":"https:\/\/tuzlainfo.ba\/index.php\/wp-json\/wp\/v2\/posts\/174490\/revisions"}],"wp:featuredmedia":[{"embeddable":true,"href":"https:\/\/tuzlainfo.ba\/index.php\/wp-json\/wp\/v2\/media\/139148"}],"wp:attachment":[{"href":"https:\/\/tuzlainfo.ba\/index.php\/wp-json\/wp\/v2\/media?parent=174490"}],"wp:term":[{"taxonomy":"category","embeddable":true,"href":"https:\/\/tuzlainfo.ba\/index.php\/wp-json\/wp\/v2\/categories?post=174490"},{"taxonomy":"post_tag","embeddable":true,"href":"https:\/\/tuzlainfo.ba\/index.php\/wp-json\/wp\/v2\/tags?post=174490"}],"curies":[{"name":"wp","href":"https:\/\/api.w.org\/{rel}","templated":true}]}}