{"id":174408,"date":"2022-06-05T20:04:24","date_gmt":"2022-06-05T18:04:24","guid":{"rendered":"https:\/\/tuzlainfo.ba\/?p=174408"},"modified":"2022-06-05T21:32:32","modified_gmt":"2022-06-05T19:32:32","slug":"anketa-cak-85-posto-gradjana-dosadasnji-rad-vlade-tk-ocijenilo-odlicnim","status":"publish","type":"post","link":"https:\/\/tuzlainfo.ba\/index.php\/novosti\/item\/174408-anketa-cak-85-posto-gradjana-dosadasnji-rad-vlade-tk-ocijenilo-odlicnim\/","title":{"rendered":"Anketa: \u010cak 85 posto gra\u0111ana dosada\u0161nji rad Vlade TK ocijenilo odli\u010dnim"},"content":{"rendered":"<p>Tokom tri sedmice maja mjeseca putem dru\u0161tvenih mre\u017ea provedena je anketa stanovni\u0161tva Tuzlanskog kantona koja je imala za cilj provjeriti stav gra\u0111ana Tuzlanskog kantona o provedenim mjerama Vlade Tuzlanskog kantona koju predevodi premijer Irfan Halilagi\u0107.<\/p>\n<p>U anketi je u\u010destvovalo 3201 stanovnik\/stanovnice najmnogoljudnije zajednice u Federaciji Bosne i Hercegovine.<\/p>\n<p>Od toga 85% ispitanika rad Vlade TK je ocjenilo maksimalnom ocjenom 5. Njih 68,3% bilo je obuhva\u0107eno nekim od prava koja su uve\u0107ana ili uvedena dolaskom nove Vlade u Tuzlanski kanton, navodi se na stranici KO SDA Tuzlanskog kantona.<\/p>\n<p><img fetchpriority=\"high\" decoding=\"async\" class=\"aligncenter wp-image-174409 size-full\" src=\"https:\/\/tuzlainfo.ba\/wp-content\/uploads\/2022\/06\/0506_grafikon1.jpg\" alt=\"\" width=\"983\" height=\"598\" srcset=\"https:\/\/tuzlainfo.ba\/wp-content\/uploads\/2022\/06\/0506_grafikon1.jpg 983w, https:\/\/tuzlainfo.ba\/wp-content\/uploads\/2022\/06\/0506_grafikon1-300x183.jpg 300w, https:\/\/tuzlainfo.ba\/wp-content\/uploads\/2022\/06\/0506_grafikon1-768x467.jpg 768w, https:\/\/tuzlainfo.ba\/wp-content\/uploads\/2022\/06\/0506_grafikon1-585x356.jpg 585w, https:\/\/tuzlainfo.ba\/wp-content\/uploads\/2022\/06\/0506_grafikon1-150x91.jpg 150w, https:\/\/tuzlainfo.ba\/wp-content\/uploads\/2022\/06\/0506_grafikon1-500x304.jpg 500w\" sizes=\"(max-width: 983px) 100vw, 983px\" \/><\/p>\n<p>Na pitanje: <strong><em>Koje su najzna\u010dajnije mjere koje je Vlada TK provela? ispitanici su odgovorili ovako:<br \/>\n<img decoding=\"async\" class=\"aligncenter wp-image-174410 size-full\" src=\"https:\/\/tuzlainfo.ba\/wp-content\/uploads\/2022\/06\/0506_grafikon2.jpg\" alt=\"\" width=\"902\" height=\"527\" srcset=\"https:\/\/tuzlainfo.ba\/wp-content\/uploads\/2022\/06\/0506_grafikon2.jpg 902w, https:\/\/tuzlainfo.ba\/wp-content\/uploads\/2022\/06\/0506_grafikon2-300x175.jpg 300w, https:\/\/tuzlainfo.ba\/wp-content\/uploads\/2022\/06\/0506_grafikon2-768x449.jpg 768w, https:\/\/tuzlainfo.ba\/wp-content\/uploads\/2022\/06\/0506_grafikon2-585x342.jpg 585w, https:\/\/tuzlainfo.ba\/wp-content\/uploads\/2022\/06\/0506_grafikon2-150x88.jpg 150w, https:\/\/tuzlainfo.ba\/wp-content\/uploads\/2022\/06\/0506_grafikon2-500x292.jpg 500w\" sizes=\"(max-width: 902px) 100vw, 902px\" \/><br \/>\n<\/em><\/strong>Na pitanje: <strong>Koristite li ili \u0107ete koristiti neko od sljede\u0107ih prava?, ispitanici su odgovorili ovako:<br \/>\n<img decoding=\"async\" class=\"aligncenter wp-image-174411 size-full\" src=\"https:\/\/tuzlainfo.ba\/wp-content\/uploads\/2022\/06\/0506_grafikon3.jpg\" alt=\"\" width=\"902\" height=\"527\" srcset=\"https:\/\/tuzlainfo.ba\/wp-content\/uploads\/2022\/06\/0506_grafikon3.jpg 902w, https:\/\/tuzlainfo.ba\/wp-content\/uploads\/2022\/06\/0506_grafikon3-300x175.jpg 300w, https:\/\/tuzlainfo.ba\/wp-content\/uploads\/2022\/06\/0506_grafikon3-768x449.jpg 768w, https:\/\/tuzlainfo.ba\/wp-content\/uploads\/2022\/06\/0506_grafikon3-585x342.jpg 585w, https:\/\/tuzlainfo.ba\/wp-content\/uploads\/2022\/06\/0506_grafikon3-150x88.jpg 150w, https:\/\/tuzlainfo.ba\/wp-content\/uploads\/2022\/06\/0506_grafikon3-500x292.jpg 500w\" sizes=\"(max-width: 902px) 100vw, 902px\" \/><br \/>\n<\/strong>Vlada TK je u proteklih desetak dana zadr\u017eala visok ritam rada. Realizovano je nekoliko mjera i doneseno nekoliko zna\u010dajnih odluka i projedloga zakona od kojih \u0107e prije svega koristi imati gra\u0111anke i gra\u0111ani. Tuzlanskog kantona.<\/p>\n<ul>\n<li>3,6 miliona KM za penzionere sa najni\u017eom penzijom (realizirana mjera iz ekspozea premijera)<\/li>\n<li>11,5 miliona KM za projekte u oblasti vodoprivrede<\/li>\n<li>577.690,23 KM za ekolo\u0161ke projekte 13 javnih preduze\u0107a sa podru\u010dja TK- utvrdili Nacrt Zakona o pla\u0107ama i naknadama policijskih slu\u017ebenika Tuzlanskog kantona<\/li>\n<li>utvr\u0111en prijedlog Zakona o pla\u0107ama i naknadama dr\u017eavnih slu\u017ebenika i namje\u0161tenika- podr\u0161ka Vlade TK obilje\u017eavanju godi\u0161njice genocida u Srebrenici.<\/li>\n<\/ul>\n<p>&nbsp;<\/p>\n","protected":false},"excerpt":{"rendered":"<p>Tokom tri sedmice maja mjeseca putem dru\u0161tvenih mre\u017ea provedena je anketa stanovni\u0161tva Tuzlanskog kantona koja&hellip;<\/p>\n","protected":false},"author":2,"featured_media":171944,"comment_status":"open","ping_status":"closed","sticky":false,"template":"","format":"standard","meta":{"_acf_changed":false,"footnotes":""},"categories":[304,12,306],"tags":[382,336],"acf":[],"yoast_head":"<!-- This site is optimized with the Yoast SEO plugin v23.5 - https:\/\/yoast.com\/wordpress\/plugins\/seo\/ -->\n<title>Anketa: \u010cak 85 posto gra\u0111ana dosada\u0161nji rad Vlade TK ocijenilo odli\u010dnim - TuzlaInfo.ba<\/title>\n<meta name=\"robots\" content=\"index, follow, max-snippet:-1, max-image-preview:large, max-video-preview:-1\" \/>\n<link rel=\"canonical\" href=\"https:\/\/tuzlainfo.ba\/index.php\/novosti\/item\/174408-anketa-cak-85-posto-gradjana-dosadasnji-rad-vlade-tk-ocijenilo-odlicnim\/\" \/>\n<meta property=\"og:locale\" content=\"bs_BA\" \/>\n<meta property=\"og:type\" content=\"article\" \/>\n<meta property=\"og:title\" content=\"Anketa: \u010cak 85 posto gra\u0111ana dosada\u0161nji rad Vlade TK ocijenilo odli\u010dnim - TuzlaInfo.ba\" \/>\n<meta property=\"og:description\" content=\"Tokom tri sedmice maja mjeseca putem dru\u0161tvenih mre\u017ea provedena je anketa stanovni\u0161tva Tuzlanskog kantona koja&hellip;\" \/>\n<meta property=\"og:url\" content=\"https:\/\/tuzlainfo.ba\/index.php\/novosti\/item\/174408-anketa-cak-85-posto-gradjana-dosadasnji-rad-vlade-tk-ocijenilo-odlicnim\/\" \/>\n<meta property=\"og:site_name\" content=\"TuzlaInfo.ba\" \/>\n<meta property=\"article:publisher\" content=\"https:\/\/www.facebook.com\/tuzlainfo.ba\/\" \/>\n<meta property=\"article:published_time\" content=\"2022-06-05T18:04:24+00:00\" \/>\n<meta property=\"article:modified_time\" content=\"2022-06-05T19:32:32+00:00\" \/>\n<meta property=\"og:image\" content=\"https:\/\/tuzlainfo.ba\/wp-content\/uploads\/2022\/05\/1205_irfan_halilagic.jpg\" \/>\n\t<meta property=\"og:image:width\" content=\"1154\" \/>\n\t<meta property=\"og:image:height\" content=\"947\" \/>\n\t<meta property=\"og:image:type\" content=\"image\/jpeg\" \/>\n<meta name=\"author\" content=\"nedim\" \/>\n<meta name=\"twitter:card\" content=\"summary_large_image\" \/>\n<meta name=\"twitter:label1\" content=\"Written by\" \/>\n\t<meta name=\"twitter:data1\" content=\"nedim\" \/>\n\t<meta name=\"twitter:label2\" content=\"Est. reading time\" \/>\n\t<meta name=\"twitter:data2\" content=\"1 minuta\" \/>\n<script type=\"application\/ld+json\" class=\"yoast-schema-graph\">{\"@context\":\"https:\/\/schema.org\",\"@graph\":[{\"@type\":\"Article\",\"@id\":\"https:\/\/tuzlainfo.ba\/index.php\/novosti\/item\/174408-anketa-cak-85-posto-gradjana-dosadasnji-rad-vlade-tk-ocijenilo-odlicnim\/#article\",\"isPartOf\":{\"@id\":\"https:\/\/tuzlainfo.ba\/index.php\/novosti\/item\/174408-anketa-cak-85-posto-gradjana-dosadasnji-rad-vlade-tk-ocijenilo-odlicnim\/\"},\"author\":{\"name\":\"nedim\",\"@id\":\"https:\/\/tuzlainfo.ba\/#\/schema\/person\/f434e20dc27ea133923aab08451b7f7f\"},\"headline\":\"Anketa: \u010cak 85 posto gra\u0111ana dosada\u0161nji rad Vlade TK ocijenilo odli\u010dnim\",\"datePublished\":\"2022-06-05T18:04:24+00:00\",\"dateModified\":\"2022-06-05T19:32:32+00:00\",\"mainEntityOfPage\":{\"@id\":\"https:\/\/tuzlainfo.ba\/index.php\/novosti\/item\/174408-anketa-cak-85-posto-gradjana-dosadasnji-rad-vlade-tk-ocijenilo-odlicnim\/\"},\"wordCount\":248,\"commentCount\":0,\"publisher\":{\"@id\":\"https:\/\/tuzlainfo.ba\/#organization\"},\"image\":{\"@id\":\"https:\/\/tuzlainfo.ba\/index.php\/novosti\/item\/174408-anketa-cak-85-posto-gradjana-dosadasnji-rad-vlade-tk-ocijenilo-odlicnim\/#primaryimage\"},\"thumbnailUrl\":\"https:\/\/tuzlainfo.ba\/wp-content\/uploads\/2022\/05\/1205_irfan_halilagic.jpg\",\"keywords\":[\"sda tk\",\"vlada tk\"],\"articleSection\":[\"Istaknuto\",\"Novosti\",\"Preporu\u010dujemo\"],\"inLanguage\":\"bs-BA\"},{\"@type\":\"WebPage\",\"@id\":\"https:\/\/tuzlainfo.ba\/index.php\/novosti\/item\/174408-anketa-cak-85-posto-gradjana-dosadasnji-rad-vlade-tk-ocijenilo-odlicnim\/\",\"url\":\"https:\/\/tuzlainfo.ba\/index.php\/novosti\/item\/174408-anketa-cak-85-posto-gradjana-dosadasnji-rad-vlade-tk-ocijenilo-odlicnim\/\",\"name\":\"Anketa: \u010cak 85 posto gra\u0111ana dosada\u0161nji rad Vlade TK ocijenilo odli\u010dnim - TuzlaInfo.ba\",\"isPartOf\":{\"@id\":\"https:\/\/tuzlainfo.ba\/#website\"},\"primaryImageOfPage\":{\"@id\":\"https:\/\/tuzlainfo.ba\/index.php\/novosti\/item\/174408-anketa-cak-85-posto-gradjana-dosadasnji-rad-vlade-tk-ocijenilo-odlicnim\/#primaryimage\"},\"image\":{\"@id\":\"https:\/\/tuzlainfo.ba\/index.php\/novosti\/item\/174408-anketa-cak-85-posto-gradjana-dosadasnji-rad-vlade-tk-ocijenilo-odlicnim\/#primaryimage\"},\"thumbnailUrl\":\"https:\/\/tuzlainfo.ba\/wp-content\/uploads\/2022\/05\/1205_irfan_halilagic.jpg\",\"datePublished\":\"2022-06-05T18:04:24+00:00\",\"dateModified\":\"2022-06-05T19:32:32+00:00\",\"breadcrumb\":{\"@id\":\"https:\/\/tuzlainfo.ba\/index.php\/novosti\/item\/174408-anketa-cak-85-posto-gradjana-dosadasnji-rad-vlade-tk-ocijenilo-odlicnim\/#breadcrumb\"},\"inLanguage\":\"bs-BA\",\"potentialAction\":[{\"@type\":\"ReadAction\",\"target\":[\"https:\/\/tuzlainfo.ba\/index.php\/novosti\/item\/174408-anketa-cak-85-posto-gradjana-dosadasnji-rad-vlade-tk-ocijenilo-odlicnim\/\"]}]},{\"@type\":\"ImageObject\",\"inLanguage\":\"bs-BA\",\"@id\":\"https:\/\/tuzlainfo.ba\/index.php\/novosti\/item\/174408-anketa-cak-85-posto-gradjana-dosadasnji-rad-vlade-tk-ocijenilo-odlicnim\/#primaryimage\",\"url\":\"https:\/\/tuzlainfo.ba\/wp-content\/uploads\/2022\/05\/1205_irfan_halilagic.jpg\",\"contentUrl\":\"https:\/\/tuzlainfo.ba\/wp-content\/uploads\/2022\/05\/1205_irfan_halilagic.jpg\",\"width\":1154,\"height\":947},{\"@type\":\"BreadcrumbList\",\"@id\":\"https:\/\/tuzlainfo.ba\/index.php\/novosti\/item\/174408-anketa-cak-85-posto-gradjana-dosadasnji-rad-vlade-tk-ocijenilo-odlicnim\/#breadcrumb\",\"itemListElement\":[{\"@type\":\"ListItem\",\"position\":1,\"name\":\"Home\",\"item\":\"https:\/\/tuzlainfo.ba\/\"},{\"@type\":\"ListItem\",\"position\":2,\"name\":\"Anketa: \u010cak 85 posto gra\u0111ana dosada\u0161nji rad Vlade TK ocijenilo odli\u010dnim\"}]},{\"@type\":\"WebSite\",\"@id\":\"https:\/\/tuzlainfo.ba\/#website\",\"url\":\"https:\/\/tuzlainfo.ba\/\",\"name\":\"TuzlaInfo.ba\",\"description\":\"Tuzla info, gradski informator - Tuzla na dlanu\",\"publisher\":{\"@id\":\"https:\/\/tuzlainfo.ba\/#organization\"},\"potentialAction\":[{\"@type\":\"SearchAction\",\"target\":{\"@type\":\"EntryPoint\",\"urlTemplate\":\"https:\/\/tuzlainfo.ba\/?s={search_term_string}\"},\"query-input\":{\"@type\":\"PropertyValueSpecification\",\"valueRequired\":true,\"valueName\":\"search_term_string\"}}],\"inLanguage\":\"bs-BA\"},{\"@type\":\"Organization\",\"@id\":\"https:\/\/tuzlainfo.ba\/#organization\",\"name\":\"TuzlaInfo.ba\",\"url\":\"https:\/\/tuzlainfo.ba\/\",\"logo\":{\"@type\":\"ImageObject\",\"inLanguage\":\"bs-BA\",\"@id\":\"https:\/\/tuzlainfo.ba\/#\/schema\/logo\/image\/\",\"url\":\"https:\/\/tuzlainfo.ba\/wp-content\/uploads\/2021\/03\/logo-ver-3-1.png\",\"contentUrl\":\"https:\/\/tuzlainfo.ba\/wp-content\/uploads\/2021\/03\/logo-ver-3-1.png\",\"width\":350,\"height\":95,\"caption\":\"TuzlaInfo.ba\"},\"image\":{\"@id\":\"https:\/\/tuzlainfo.ba\/#\/schema\/logo\/image\/\"},\"sameAs\":[\"https:\/\/www.facebook.com\/tuzlainfo.ba\/\"]},{\"@type\":\"Person\",\"@id\":\"https:\/\/tuzlainfo.ba\/#\/schema\/person\/f434e20dc27ea133923aab08451b7f7f\",\"name\":\"nedim\",\"image\":{\"@type\":\"ImageObject\",\"inLanguage\":\"bs-BA\",\"@id\":\"https:\/\/tuzlainfo.ba\/#\/schema\/person\/image\/\",\"url\":\"https:\/\/tuzlainfo.ba\/wp-content\/litespeed\/avatar\/aabad687af24844af817603ac1cbdc4f.jpg?ver=1777306975\",\"contentUrl\":\"https:\/\/tuzlainfo.ba\/wp-content\/litespeed\/avatar\/aabad687af24844af817603ac1cbdc4f.jpg?ver=1777306975\",\"caption\":\"nedim\"},\"description\":\"Tuzlainfo.ba pratite na dru\u0161tvenim mre\u017eama: Facebook, Instagram i Youtube. Svoje pri\u010de, upite i fotografije \u0161aljite na na\u0161u e-mail adresu.\"}]}<\/script>\n<!-- \/ Yoast SEO plugin. -->","yoast_head_json":{"title":"Anketa: \u010cak 85 posto gra\u0111ana dosada\u0161nji rad Vlade TK ocijenilo odli\u010dnim - TuzlaInfo.ba","robots":{"index":"index","follow":"follow","max-snippet":"max-snippet:-1","max-image-preview":"max-image-preview:large","max-video-preview":"max-video-preview:-1"},"canonical":"https:\/\/tuzlainfo.ba\/index.php\/novosti\/item\/174408-anketa-cak-85-posto-gradjana-dosadasnji-rad-vlade-tk-ocijenilo-odlicnim\/","og_locale":"bs_BA","og_type":"article","og_title":"Anketa: \u010cak 85 posto gra\u0111ana dosada\u0161nji rad Vlade TK ocijenilo odli\u010dnim - TuzlaInfo.ba","og_description":"Tokom tri sedmice maja mjeseca putem dru\u0161tvenih mre\u017ea provedena je anketa stanovni\u0161tva Tuzlanskog kantona koja&hellip;","og_url":"https:\/\/tuzlainfo.ba\/index.php\/novosti\/item\/174408-anketa-cak-85-posto-gradjana-dosadasnji-rad-vlade-tk-ocijenilo-odlicnim\/","og_site_name":"TuzlaInfo.ba","article_publisher":"https:\/\/www.facebook.com\/tuzlainfo.ba\/","article_published_time":"2022-06-05T18:04:24+00:00","article_modified_time":"2022-06-05T19:32:32+00:00","og_image":[{"width":1154,"height":947,"url":"https:\/\/tuzlainfo.ba\/wp-content\/uploads\/2022\/05\/1205_irfan_halilagic.jpg","type":"image\/jpeg"}],"author":"nedim","twitter_card":"summary_large_image","twitter_misc":{"Written by":"nedim","Est. reading time":"1 minuta"},"schema":{"@context":"https:\/\/schema.org","@graph":[{"@type":"Article","@id":"https:\/\/tuzlainfo.ba\/index.php\/novosti\/item\/174408-anketa-cak-85-posto-gradjana-dosadasnji-rad-vlade-tk-ocijenilo-odlicnim\/#article","isPartOf":{"@id":"https:\/\/tuzlainfo.ba\/index.php\/novosti\/item\/174408-anketa-cak-85-posto-gradjana-dosadasnji-rad-vlade-tk-ocijenilo-odlicnim\/"},"author":{"name":"nedim","@id":"https:\/\/tuzlainfo.ba\/#\/schema\/person\/f434e20dc27ea133923aab08451b7f7f"},"headline":"Anketa: \u010cak 85 posto gra\u0111ana dosada\u0161nji rad Vlade TK ocijenilo odli\u010dnim","datePublished":"2022-06-05T18:04:24+00:00","dateModified":"2022-06-05T19:32:32+00:00","mainEntityOfPage":{"@id":"https:\/\/tuzlainfo.ba\/index.php\/novosti\/item\/174408-anketa-cak-85-posto-gradjana-dosadasnji-rad-vlade-tk-ocijenilo-odlicnim\/"},"wordCount":248,"commentCount":0,"publisher":{"@id":"https:\/\/tuzlainfo.ba\/#organization"},"image":{"@id":"https:\/\/tuzlainfo.ba\/index.php\/novosti\/item\/174408-anketa-cak-85-posto-gradjana-dosadasnji-rad-vlade-tk-ocijenilo-odlicnim\/#primaryimage"},"thumbnailUrl":"https:\/\/tuzlainfo.ba\/wp-content\/uploads\/2022\/05\/1205_irfan_halilagic.jpg","keywords":["sda tk","vlada tk"],"articleSection":["Istaknuto","Novosti","Preporu\u010dujemo"],"inLanguage":"bs-BA"},{"@type":"WebPage","@id":"https:\/\/tuzlainfo.ba\/index.php\/novosti\/item\/174408-anketa-cak-85-posto-gradjana-dosadasnji-rad-vlade-tk-ocijenilo-odlicnim\/","url":"https:\/\/tuzlainfo.ba\/index.php\/novosti\/item\/174408-anketa-cak-85-posto-gradjana-dosadasnji-rad-vlade-tk-ocijenilo-odlicnim\/","name":"Anketa: \u010cak 85 posto gra\u0111ana dosada\u0161nji rad Vlade TK ocijenilo odli\u010dnim - TuzlaInfo.ba","isPartOf":{"@id":"https:\/\/tuzlainfo.ba\/#website"},"primaryImageOfPage":{"@id":"https:\/\/tuzlainfo.ba\/index.php\/novosti\/item\/174408-anketa-cak-85-posto-gradjana-dosadasnji-rad-vlade-tk-ocijenilo-odlicnim\/#primaryimage"},"image":{"@id":"https:\/\/tuzlainfo.ba\/index.php\/novosti\/item\/174408-anketa-cak-85-posto-gradjana-dosadasnji-rad-vlade-tk-ocijenilo-odlicnim\/#primaryimage"},"thumbnailUrl":"https:\/\/tuzlainfo.ba\/wp-content\/uploads\/2022\/05\/1205_irfan_halilagic.jpg","datePublished":"2022-06-05T18:04:24+00:00","dateModified":"2022-06-05T19:32:32+00:00","breadcrumb":{"@id":"https:\/\/tuzlainfo.ba\/index.php\/novosti\/item\/174408-anketa-cak-85-posto-gradjana-dosadasnji-rad-vlade-tk-ocijenilo-odlicnim\/#breadcrumb"},"inLanguage":"bs-BA","potentialAction":[{"@type":"ReadAction","target":["https:\/\/tuzlainfo.ba\/index.php\/novosti\/item\/174408-anketa-cak-85-posto-gradjana-dosadasnji-rad-vlade-tk-ocijenilo-odlicnim\/"]}]},{"@type":"ImageObject","inLanguage":"bs-BA","@id":"https:\/\/tuzlainfo.ba\/index.php\/novosti\/item\/174408-anketa-cak-85-posto-gradjana-dosadasnji-rad-vlade-tk-ocijenilo-odlicnim\/#primaryimage","url":"https:\/\/tuzlainfo.ba\/wp-content\/uploads\/2022\/05\/1205_irfan_halilagic.jpg","contentUrl":"https:\/\/tuzlainfo.ba\/wp-content\/uploads\/2022\/05\/1205_irfan_halilagic.jpg","width":1154,"height":947},{"@type":"BreadcrumbList","@id":"https:\/\/tuzlainfo.ba\/index.php\/novosti\/item\/174408-anketa-cak-85-posto-gradjana-dosadasnji-rad-vlade-tk-ocijenilo-odlicnim\/#breadcrumb","itemListElement":[{"@type":"ListItem","position":1,"name":"Home","item":"https:\/\/tuzlainfo.ba\/"},{"@type":"ListItem","position":2,"name":"Anketa: \u010cak 85 posto gra\u0111ana dosada\u0161nji rad Vlade TK ocijenilo odli\u010dnim"}]},{"@type":"WebSite","@id":"https:\/\/tuzlainfo.ba\/#website","url":"https:\/\/tuzlainfo.ba\/","name":"TuzlaInfo.ba","description":"Tuzla info, gradski informator - Tuzla na dlanu","publisher":{"@id":"https:\/\/tuzlainfo.ba\/#organization"},"potentialAction":[{"@type":"SearchAction","target":{"@type":"EntryPoint","urlTemplate":"https:\/\/tuzlainfo.ba\/?s={search_term_string}"},"query-input":{"@type":"PropertyValueSpecification","valueRequired":true,"valueName":"search_term_string"}}],"inLanguage":"bs-BA"},{"@type":"Organization","@id":"https:\/\/tuzlainfo.ba\/#organization","name":"TuzlaInfo.ba","url":"https:\/\/tuzlainfo.ba\/","logo":{"@type":"ImageObject","inLanguage":"bs-BA","@id":"https:\/\/tuzlainfo.ba\/#\/schema\/logo\/image\/","url":"https:\/\/tuzlainfo.ba\/wp-content\/uploads\/2021\/03\/logo-ver-3-1.png","contentUrl":"https:\/\/tuzlainfo.ba\/wp-content\/uploads\/2021\/03\/logo-ver-3-1.png","width":350,"height":95,"caption":"TuzlaInfo.ba"},"image":{"@id":"https:\/\/tuzlainfo.ba\/#\/schema\/logo\/image\/"},"sameAs":["https:\/\/www.facebook.com\/tuzlainfo.ba\/"]},{"@type":"Person","@id":"https:\/\/tuzlainfo.ba\/#\/schema\/person\/f434e20dc27ea133923aab08451b7f7f","name":"nedim","image":{"@type":"ImageObject","inLanguage":"bs-BA","@id":"https:\/\/tuzlainfo.ba\/#\/schema\/person\/image\/","url":"https:\/\/tuzlainfo.ba\/wp-content\/litespeed\/avatar\/aabad687af24844af817603ac1cbdc4f.jpg?ver=1777306975","contentUrl":"https:\/\/tuzlainfo.ba\/wp-content\/litespeed\/avatar\/aabad687af24844af817603ac1cbdc4f.jpg?ver=1777306975","caption":"nedim"},"description":"Tuzlainfo.ba pratite na dru\u0161tvenim mre\u017eama: Facebook, Instagram i Youtube. Svoje pri\u010de, upite i fotografije \u0161aljite na na\u0161u e-mail adresu."}]}},"_links":{"self":[{"href":"https:\/\/tuzlainfo.ba\/index.php\/wp-json\/wp\/v2\/posts\/174408"}],"collection":[{"href":"https:\/\/tuzlainfo.ba\/index.php\/wp-json\/wp\/v2\/posts"}],"about":[{"href":"https:\/\/tuzlainfo.ba\/index.php\/wp-json\/wp\/v2\/types\/post"}],"author":[{"embeddable":true,"href":"https:\/\/tuzlainfo.ba\/index.php\/wp-json\/wp\/v2\/users\/2"}],"replies":[{"embeddable":true,"href":"https:\/\/tuzlainfo.ba\/index.php\/wp-json\/wp\/v2\/comments?post=174408"}],"version-history":[{"count":0,"href":"https:\/\/tuzlainfo.ba\/index.php\/wp-json\/wp\/v2\/posts\/174408\/revisions"}],"wp:featuredmedia":[{"embeddable":true,"href":"https:\/\/tuzlainfo.ba\/index.php\/wp-json\/wp\/v2\/media\/171944"}],"wp:attachment":[{"href":"https:\/\/tuzlainfo.ba\/index.php\/wp-json\/wp\/v2\/media?parent=174408"}],"wp:term":[{"taxonomy":"category","embeddable":true,"href":"https:\/\/tuzlainfo.ba\/index.php\/wp-json\/wp\/v2\/categories?post=174408"},{"taxonomy":"post_tag","embeddable":true,"href":"https:\/\/tuzlainfo.ba\/index.php\/wp-json\/wp\/v2\/tags?post=174408"}],"curies":[{"name":"wp","href":"https:\/\/api.w.org\/{rel}","templated":true}]}}