{"id":174139,"date":"2022-06-02T18:00:45","date_gmt":"2022-06-02T16:00:45","guid":{"rendered":"https:\/\/tuzlainfo.ba\/?p=174139"},"modified":"2022-06-02T13:46:04","modified_gmt":"2022-06-02T11:46:04","slug":"donosi-brojne-novine-utvrdjen-nacrt-zakona-o-elektricnoj-energiji-fbih","status":"publish","type":"post","link":"https:\/\/tuzlainfo.ba\/index.php\/bosna-i-hercegovina\/item\/174139-donosi-brojne-novine-utvrdjen-nacrt-zakona-o-elektricnoj-energiji-fbih\/","title":{"rendered":"Donosi brojne novine: Utvr\u0111en Nacrt zakona o elektri\u010dnoj energiji FBiH"},"content":{"rendered":"<p>Vlada FBiH je utvrdila Nacrt zakona o elektri\u010dnoj energiji FBiH kojim se ure\u0111uju se elektroenergetska politika i planiranje, elektroenergetske djelatnosti i dozvola za njihovo obavljanje, te regulisanje elektroenergetske djelatnosti.<\/p>\n<p>Zakonom su obuhva\u0107eni i proizvodnja elektri\u010dne energije, izgradnja elektrana, zatim distribucija, snabdijevanje i trgovina elektri\u010dnom energijom, skladi\u0161tenje energije, krajnji kupci, agregacija distribuiranih resursa, elektromobilnost, sigurnost snabdijevanja, izgradnja, rekonstrukcija, kori\u0161tenje i odr\u017eavanje elektroenergetskih objekata, upravni nadzor i regulatorno nadgledanje i kaznene odredbe, kao i druga pitanja od zna\u010daja za uredivanje sektora elektri\u010dne energije u FBiH.<\/p>\n<p>Ovim zakonom su kao op\u0161ti interesi Federacije BiH precizirani sigurno snabdijevanje\u00a0\u00a0lektri\u010dnom energijom i obezbje\u0111enje i isporuka dovoljnih koli\u010dina elektri\u010dne energije potrebne za \u017eivot i rad gra\u0111ana, te poslovanje i razvoj privrednih i dru\u0161tvenih subjekata, na siguran, pouzdan i kvalitetan na\u010din.<\/p>\n<p>S ciljem ostvarivanja ovih op\u0161teg interesa, elektroenergetski subjekti su du\u017eni prvenstveno obezbijediti dovoljne koli\u010dine elektri\u010dne energije koja je potrebna za \u017eivot i rad gra\u0111ana, te poslovanje i razvoj privrednih i drugih subjekata, zadovoljavaju\u0107i pri tome kriterije ekonomi\u010dnosti isporuke.<\/p>\n<p>Nacrtom zakona je propisano da Vlada FBiH, na prijedlog Federalnog ministarstva energije, rudarstva i industrije, do kraja oktobra teku\u0107e godine donosi godi\u0161nji i trogodi\u0161nji bilans elektri\u010dne energije. Ovim dokumentima planirani su ukupna proizvodnja i potro\u0161nja, te na\u010din snabdijevanja elektri\u010dnom energijom, struktura proizvodnje i potro\u0161nje, kao vi\u0161kovi ilui nedostaju\u0107e koli\u010dine elektri\u010dne energije.<\/p>\n<p>Elektroenergetskom subjektu mo\u017ee se, ukoliko je to u op\u0107em ekonomskom interesu, nametnuti obaveza javne usluge po regulisanim uslovima koja se mo\u017ee odnositi na sigurnost, uklju\u010duju\u0107i sigurnost snabdijevanja, redovnost, kvalitet i cijenu snabdijevanja te za\u0161titu okoli\u0161a, uklju\u010duju\u0107i energetsku efikasnost, upotrebu energije iz obnovljivih izvora i za\u0161titu okoli\u0161a.<\/p>\n<p>U obrazlo\u017eenju novog zakona iz ove oblasti, Federalno ministarstvo energije, rudarstva i industrije je navelo da je postoje\u0107i Zakon o elektri\u010dnoj energiji u FBiH iz 2013. godine dao zna\u010dajan doprinos razvoju sektora elektri\u010dne energije. Me\u0111utim, nakon njegovog dono\u0161enja, BiH se, kao \u010dlanica Energetske zajednice, obavezala implementirati niz propisa iz pravnog okvira EU i tako nastaviti proces liberalizacije tr\u017ei\u0161ta elektri\u010dne energije i energetske tranzicije ka \u010distoj energiji.<\/p>\n<p>Kada su u pitanju razlozi za izradu i dono\u0161enje novog zakona, istaknut je ve\u0107i broj razloga i ciljeva. Me\u0111u njima su uskla\u0111ivanje s pravnom ste\u010devinom<em>\u00a0<\/em>Evropske unije i Energetske zajednice, unapre\u0111enje pravnog okvira u sektoru elektri\u010dne energije i sistema kontrole izgradnje proizvodnih objekata i uvo\u0111enje zabrane izgradnje malih hidroelektrana.<\/p>\n<p>Jedan od bitnih ciljeva je i pojednostavljenje administrativnih postupaka za izgradnju i rad proizvodnih postrojenja koja koriste obnovljive izvore energije, primarno solarnih elektrana i vjetroelektrana, te uvo\u0111enje novih kategorija u\u010desnika i djelatnosti na tr\u017ei\u0161tu elektri\u010dne energije (aktivni kupci, agregatori, energetske zajednice, operatori skladi\u0161ta).<\/p>\n","protected":false},"excerpt":{"rendered":"<p>Vlada FBiH je utvrdila Nacrt zakona o elektri\u010dnoj energiji FBiH kojim se ure\u0111uju se elektroenergetska&hellip;<\/p>\n","protected":false},"author":2,"featured_media":76324,"comment_status":"open","ping_status":"closed","sticky":false,"template":"","format":"standard","meta":{"_acf_changed":false,"footnotes":""},"categories":[291,304],"tags":[2148,502],"acf":[],"yoast_head":"<!-- This site is optimized with the Yoast SEO plugin v23.5 - https:\/\/yoast.com\/wordpress\/plugins\/seo\/ -->\n<title>Donosi brojne novine: Utvr\u0111en Nacrt zakona o elektri\u010dnoj energiji FBiH - TuzlaInfo.ba<\/title>\n<meta name=\"robots\" content=\"index, follow, max-snippet:-1, max-image-preview:large, max-video-preview:-1\" \/>\n<link rel=\"canonical\" href=\"https:\/\/tuzlainfo.ba\/index.php\/bosna-i-hercegovina\/item\/174139-donosi-brojne-novine-utvrdjen-nacrt-zakona-o-elektricnoj-energiji-fbih\/\" \/>\n<meta property=\"og:locale\" content=\"bs_BA\" \/>\n<meta property=\"og:type\" content=\"article\" \/>\n<meta property=\"og:title\" content=\"Donosi brojne novine: Utvr\u0111en Nacrt zakona o elektri\u010dnoj energiji FBiH - TuzlaInfo.ba\" \/>\n<meta property=\"og:description\" content=\"Vlada FBiH je utvrdila Nacrt zakona o elektri\u010dnoj energiji FBiH kojim se ure\u0111uju se elektroenergetska&hellip;\" \/>\n<meta property=\"og:url\" content=\"https:\/\/tuzlainfo.ba\/index.php\/bosna-i-hercegovina\/item\/174139-donosi-brojne-novine-utvrdjen-nacrt-zakona-o-elektricnoj-energiji-fbih\/\" \/>\n<meta property=\"og:site_name\" content=\"TuzlaInfo.ba\" \/>\n<meta property=\"article:publisher\" content=\"https:\/\/www.facebook.com\/tuzlainfo.ba\/\" \/>\n<meta property=\"article:published_time\" content=\"2022-06-02T16:00:45+00:00\" \/>\n<meta property=\"article:modified_time\" content=\"2022-06-02T11:46:04+00:00\" \/>\n<meta property=\"og:image\" content=\"https:\/\/tuzlainfo.ba\/wp-content\/uploads\/2020\/01\/sadrzaj_2020_20200101_01012019_elektro1.jpg\" \/>\n\t<meta property=\"og:image:width\" content=\"770\" \/>\n\t<meta property=\"og:image:height\" content=\"521\" \/>\n\t<meta property=\"og:image:type\" content=\"image\/jpeg\" \/>\n<meta name=\"author\" content=\"nedim\" \/>\n<meta name=\"twitter:card\" content=\"summary_large_image\" \/>\n<meta name=\"twitter:label1\" content=\"Written by\" \/>\n\t<meta name=\"twitter:data1\" content=\"nedim\" \/>\n\t<meta name=\"twitter:label2\" content=\"Est. reading time\" \/>\n\t<meta name=\"twitter:data2\" content=\"2 minute\" \/>\n<script type=\"application\/ld+json\" class=\"yoast-schema-graph\">{\"@context\":\"https:\/\/schema.org\",\"@graph\":[{\"@type\":\"Article\",\"@id\":\"https:\/\/tuzlainfo.ba\/index.php\/bosna-i-hercegovina\/item\/174139-donosi-brojne-novine-utvrdjen-nacrt-zakona-o-elektricnoj-energiji-fbih\/#article\",\"isPartOf\":{\"@id\":\"https:\/\/tuzlainfo.ba\/index.php\/bosna-i-hercegovina\/item\/174139-donosi-brojne-novine-utvrdjen-nacrt-zakona-o-elektricnoj-energiji-fbih\/\"},\"author\":{\"name\":\"nedim\",\"@id\":\"https:\/\/tuzlainfo.ba\/#\/schema\/person\/f434e20dc27ea133923aab08451b7f7f\"},\"headline\":\"Donosi brojne novine: Utvr\u0111en Nacrt zakona o elektri\u010dnoj energiji FBiH\",\"datePublished\":\"2022-06-02T16:00:45+00:00\",\"dateModified\":\"2022-06-02T11:46:04+00:00\",\"mainEntityOfPage\":{\"@id\":\"https:\/\/tuzlainfo.ba\/index.php\/bosna-i-hercegovina\/item\/174139-donosi-brojne-novine-utvrdjen-nacrt-zakona-o-elektricnoj-energiji-fbih\/\"},\"wordCount\":500,\"commentCount\":0,\"publisher\":{\"@id\":\"https:\/\/tuzlainfo.ba\/#organization\"},\"image\":{\"@id\":\"https:\/\/tuzlainfo.ba\/index.php\/bosna-i-hercegovina\/item\/174139-donosi-brojne-novine-utvrdjen-nacrt-zakona-o-elektricnoj-energiji-fbih\/#primaryimage\"},\"thumbnailUrl\":\"https:\/\/tuzlainfo.ba\/wp-content\/uploads\/2020\/01\/sadrzaj_2020_20200101_01012019_elektro1.jpg\",\"keywords\":[\"elektri\u010dna energija\",\"vlada fbih\"],\"articleSection\":[\"Bosna i Hercegovina\",\"Istaknuto\"],\"inLanguage\":\"bs-BA\"},{\"@type\":\"WebPage\",\"@id\":\"https:\/\/tuzlainfo.ba\/index.php\/bosna-i-hercegovina\/item\/174139-donosi-brojne-novine-utvrdjen-nacrt-zakona-o-elektricnoj-energiji-fbih\/\",\"url\":\"https:\/\/tuzlainfo.ba\/index.php\/bosna-i-hercegovina\/item\/174139-donosi-brojne-novine-utvrdjen-nacrt-zakona-o-elektricnoj-energiji-fbih\/\",\"name\":\"Donosi brojne novine: Utvr\u0111en Nacrt zakona o elektri\u010dnoj energiji FBiH - TuzlaInfo.ba\",\"isPartOf\":{\"@id\":\"https:\/\/tuzlainfo.ba\/#website\"},\"primaryImageOfPage\":{\"@id\":\"https:\/\/tuzlainfo.ba\/index.php\/bosna-i-hercegovina\/item\/174139-donosi-brojne-novine-utvrdjen-nacrt-zakona-o-elektricnoj-energiji-fbih\/#primaryimage\"},\"image\":{\"@id\":\"https:\/\/tuzlainfo.ba\/index.php\/bosna-i-hercegovina\/item\/174139-donosi-brojne-novine-utvrdjen-nacrt-zakona-o-elektricnoj-energiji-fbih\/#primaryimage\"},\"thumbnailUrl\":\"https:\/\/tuzlainfo.ba\/wp-content\/uploads\/2020\/01\/sadrzaj_2020_20200101_01012019_elektro1.jpg\",\"datePublished\":\"2022-06-02T16:00:45+00:00\",\"dateModified\":\"2022-06-02T11:46:04+00:00\",\"breadcrumb\":{\"@id\":\"https:\/\/tuzlainfo.ba\/index.php\/bosna-i-hercegovina\/item\/174139-donosi-brojne-novine-utvrdjen-nacrt-zakona-o-elektricnoj-energiji-fbih\/#breadcrumb\"},\"inLanguage\":\"bs-BA\",\"potentialAction\":[{\"@type\":\"ReadAction\",\"target\":[\"https:\/\/tuzlainfo.ba\/index.php\/bosna-i-hercegovina\/item\/174139-donosi-brojne-novine-utvrdjen-nacrt-zakona-o-elektricnoj-energiji-fbih\/\"]}]},{\"@type\":\"ImageObject\",\"inLanguage\":\"bs-BA\",\"@id\":\"https:\/\/tuzlainfo.ba\/index.php\/bosna-i-hercegovina\/item\/174139-donosi-brojne-novine-utvrdjen-nacrt-zakona-o-elektricnoj-energiji-fbih\/#primaryimage\",\"url\":\"https:\/\/tuzlainfo.ba\/wp-content\/uploads\/2020\/01\/sadrzaj_2020_20200101_01012019_elektro1.jpg\",\"contentUrl\":\"https:\/\/tuzlainfo.ba\/wp-content\/uploads\/2020\/01\/sadrzaj_2020_20200101_01012019_elektro1.jpg\",\"width\":770,\"height\":521,\"caption\":\"01012019 elektro1\"},{\"@type\":\"BreadcrumbList\",\"@id\":\"https:\/\/tuzlainfo.ba\/index.php\/bosna-i-hercegovina\/item\/174139-donosi-brojne-novine-utvrdjen-nacrt-zakona-o-elektricnoj-energiji-fbih\/#breadcrumb\",\"itemListElement\":[{\"@type\":\"ListItem\",\"position\":1,\"name\":\"Home\",\"item\":\"https:\/\/tuzlainfo.ba\/\"},{\"@type\":\"ListItem\",\"position\":2,\"name\":\"Donosi brojne novine: Utvr\u0111en Nacrt zakona o elektri\u010dnoj energiji FBiH\"}]},{\"@type\":\"WebSite\",\"@id\":\"https:\/\/tuzlainfo.ba\/#website\",\"url\":\"https:\/\/tuzlainfo.ba\/\",\"name\":\"TuzlaInfo.ba\",\"description\":\"Tuzla info, gradski informator - Tuzla na dlanu\",\"publisher\":{\"@id\":\"https:\/\/tuzlainfo.ba\/#organization\"},\"potentialAction\":[{\"@type\":\"SearchAction\",\"target\":{\"@type\":\"EntryPoint\",\"urlTemplate\":\"https:\/\/tuzlainfo.ba\/?s={search_term_string}\"},\"query-input\":{\"@type\":\"PropertyValueSpecification\",\"valueRequired\":true,\"valueName\":\"search_term_string\"}}],\"inLanguage\":\"bs-BA\"},{\"@type\":\"Organization\",\"@id\":\"https:\/\/tuzlainfo.ba\/#organization\",\"name\":\"TuzlaInfo.ba\",\"url\":\"https:\/\/tuzlainfo.ba\/\",\"logo\":{\"@type\":\"ImageObject\",\"inLanguage\":\"bs-BA\",\"@id\":\"https:\/\/tuzlainfo.ba\/#\/schema\/logo\/image\/\",\"url\":\"https:\/\/tuzlainfo.ba\/wp-content\/uploads\/2021\/03\/logo-ver-3-1.png\",\"contentUrl\":\"https:\/\/tuzlainfo.ba\/wp-content\/uploads\/2021\/03\/logo-ver-3-1.png\",\"width\":350,\"height\":95,\"caption\":\"TuzlaInfo.ba\"},\"image\":{\"@id\":\"https:\/\/tuzlainfo.ba\/#\/schema\/logo\/image\/\"},\"sameAs\":[\"https:\/\/www.facebook.com\/tuzlainfo.ba\/\"]},{\"@type\":\"Person\",\"@id\":\"https:\/\/tuzlainfo.ba\/#\/schema\/person\/f434e20dc27ea133923aab08451b7f7f\",\"name\":\"nedim\",\"image\":{\"@type\":\"ImageObject\",\"inLanguage\":\"bs-BA\",\"@id\":\"https:\/\/tuzlainfo.ba\/#\/schema\/person\/image\/\",\"url\":\"https:\/\/tuzlainfo.ba\/wp-content\/litespeed\/avatar\/aabad687af24844af817603ac1cbdc4f.jpg?ver=1776702173\",\"contentUrl\":\"https:\/\/tuzlainfo.ba\/wp-content\/litespeed\/avatar\/aabad687af24844af817603ac1cbdc4f.jpg?ver=1776702173\",\"caption\":\"nedim\"},\"description\":\"Tuzlainfo.ba pratite na dru\u0161tvenim mre\u017eama: Facebook, Instagram i Youtube. Svoje pri\u010de, upite i fotografije \u0161aljite na na\u0161u e-mail adresu.\"}]}<\/script>\n<!-- \/ Yoast SEO plugin. -->","yoast_head_json":{"title":"Donosi brojne novine: Utvr\u0111en Nacrt zakona o elektri\u010dnoj energiji FBiH - TuzlaInfo.ba","robots":{"index":"index","follow":"follow","max-snippet":"max-snippet:-1","max-image-preview":"max-image-preview:large","max-video-preview":"max-video-preview:-1"},"canonical":"https:\/\/tuzlainfo.ba\/index.php\/bosna-i-hercegovina\/item\/174139-donosi-brojne-novine-utvrdjen-nacrt-zakona-o-elektricnoj-energiji-fbih\/","og_locale":"bs_BA","og_type":"article","og_title":"Donosi brojne novine: Utvr\u0111en Nacrt zakona o elektri\u010dnoj energiji FBiH - TuzlaInfo.ba","og_description":"Vlada FBiH je utvrdila Nacrt zakona o elektri\u010dnoj energiji FBiH kojim se ure\u0111uju se elektroenergetska&hellip;","og_url":"https:\/\/tuzlainfo.ba\/index.php\/bosna-i-hercegovina\/item\/174139-donosi-brojne-novine-utvrdjen-nacrt-zakona-o-elektricnoj-energiji-fbih\/","og_site_name":"TuzlaInfo.ba","article_publisher":"https:\/\/www.facebook.com\/tuzlainfo.ba\/","article_published_time":"2022-06-02T16:00:45+00:00","article_modified_time":"2022-06-02T11:46:04+00:00","og_image":[{"width":770,"height":521,"url":"https:\/\/tuzlainfo.ba\/wp-content\/uploads\/2020\/01\/sadrzaj_2020_20200101_01012019_elektro1.jpg","type":"image\/jpeg"}],"author":"nedim","twitter_card":"summary_large_image","twitter_misc":{"Written by":"nedim","Est. reading time":"2 minute"},"schema":{"@context":"https:\/\/schema.org","@graph":[{"@type":"Article","@id":"https:\/\/tuzlainfo.ba\/index.php\/bosna-i-hercegovina\/item\/174139-donosi-brojne-novine-utvrdjen-nacrt-zakona-o-elektricnoj-energiji-fbih\/#article","isPartOf":{"@id":"https:\/\/tuzlainfo.ba\/index.php\/bosna-i-hercegovina\/item\/174139-donosi-brojne-novine-utvrdjen-nacrt-zakona-o-elektricnoj-energiji-fbih\/"},"author":{"name":"nedim","@id":"https:\/\/tuzlainfo.ba\/#\/schema\/person\/f434e20dc27ea133923aab08451b7f7f"},"headline":"Donosi brojne novine: Utvr\u0111en Nacrt zakona o elektri\u010dnoj energiji FBiH","datePublished":"2022-06-02T16:00:45+00:00","dateModified":"2022-06-02T11:46:04+00:00","mainEntityOfPage":{"@id":"https:\/\/tuzlainfo.ba\/index.php\/bosna-i-hercegovina\/item\/174139-donosi-brojne-novine-utvrdjen-nacrt-zakona-o-elektricnoj-energiji-fbih\/"},"wordCount":500,"commentCount":0,"publisher":{"@id":"https:\/\/tuzlainfo.ba\/#organization"},"image":{"@id":"https:\/\/tuzlainfo.ba\/index.php\/bosna-i-hercegovina\/item\/174139-donosi-brojne-novine-utvrdjen-nacrt-zakona-o-elektricnoj-energiji-fbih\/#primaryimage"},"thumbnailUrl":"https:\/\/tuzlainfo.ba\/wp-content\/uploads\/2020\/01\/sadrzaj_2020_20200101_01012019_elektro1.jpg","keywords":["elektri\u010dna energija","vlada fbih"],"articleSection":["Bosna i Hercegovina","Istaknuto"],"inLanguage":"bs-BA"},{"@type":"WebPage","@id":"https:\/\/tuzlainfo.ba\/index.php\/bosna-i-hercegovina\/item\/174139-donosi-brojne-novine-utvrdjen-nacrt-zakona-o-elektricnoj-energiji-fbih\/","url":"https:\/\/tuzlainfo.ba\/index.php\/bosna-i-hercegovina\/item\/174139-donosi-brojne-novine-utvrdjen-nacrt-zakona-o-elektricnoj-energiji-fbih\/","name":"Donosi brojne novine: Utvr\u0111en Nacrt zakona o elektri\u010dnoj energiji FBiH - TuzlaInfo.ba","isPartOf":{"@id":"https:\/\/tuzlainfo.ba\/#website"},"primaryImageOfPage":{"@id":"https:\/\/tuzlainfo.ba\/index.php\/bosna-i-hercegovina\/item\/174139-donosi-brojne-novine-utvrdjen-nacrt-zakona-o-elektricnoj-energiji-fbih\/#primaryimage"},"image":{"@id":"https:\/\/tuzlainfo.ba\/index.php\/bosna-i-hercegovina\/item\/174139-donosi-brojne-novine-utvrdjen-nacrt-zakona-o-elektricnoj-energiji-fbih\/#primaryimage"},"thumbnailUrl":"https:\/\/tuzlainfo.ba\/wp-content\/uploads\/2020\/01\/sadrzaj_2020_20200101_01012019_elektro1.jpg","datePublished":"2022-06-02T16:00:45+00:00","dateModified":"2022-06-02T11:46:04+00:00","breadcrumb":{"@id":"https:\/\/tuzlainfo.ba\/index.php\/bosna-i-hercegovina\/item\/174139-donosi-brojne-novine-utvrdjen-nacrt-zakona-o-elektricnoj-energiji-fbih\/#breadcrumb"},"inLanguage":"bs-BA","potentialAction":[{"@type":"ReadAction","target":["https:\/\/tuzlainfo.ba\/index.php\/bosna-i-hercegovina\/item\/174139-donosi-brojne-novine-utvrdjen-nacrt-zakona-o-elektricnoj-energiji-fbih\/"]}]},{"@type":"ImageObject","inLanguage":"bs-BA","@id":"https:\/\/tuzlainfo.ba\/index.php\/bosna-i-hercegovina\/item\/174139-donosi-brojne-novine-utvrdjen-nacrt-zakona-o-elektricnoj-energiji-fbih\/#primaryimage","url":"https:\/\/tuzlainfo.ba\/wp-content\/uploads\/2020\/01\/sadrzaj_2020_20200101_01012019_elektro1.jpg","contentUrl":"https:\/\/tuzlainfo.ba\/wp-content\/uploads\/2020\/01\/sadrzaj_2020_20200101_01012019_elektro1.jpg","width":770,"height":521,"caption":"01012019 elektro1"},{"@type":"BreadcrumbList","@id":"https:\/\/tuzlainfo.ba\/index.php\/bosna-i-hercegovina\/item\/174139-donosi-brojne-novine-utvrdjen-nacrt-zakona-o-elektricnoj-energiji-fbih\/#breadcrumb","itemListElement":[{"@type":"ListItem","position":1,"name":"Home","item":"https:\/\/tuzlainfo.ba\/"},{"@type":"ListItem","position":2,"name":"Donosi brojne novine: Utvr\u0111en Nacrt zakona o elektri\u010dnoj energiji FBiH"}]},{"@type":"WebSite","@id":"https:\/\/tuzlainfo.ba\/#website","url":"https:\/\/tuzlainfo.ba\/","name":"TuzlaInfo.ba","description":"Tuzla info, gradski informator - Tuzla na dlanu","publisher":{"@id":"https:\/\/tuzlainfo.ba\/#organization"},"potentialAction":[{"@type":"SearchAction","target":{"@type":"EntryPoint","urlTemplate":"https:\/\/tuzlainfo.ba\/?s={search_term_string}"},"query-input":{"@type":"PropertyValueSpecification","valueRequired":true,"valueName":"search_term_string"}}],"inLanguage":"bs-BA"},{"@type":"Organization","@id":"https:\/\/tuzlainfo.ba\/#organization","name":"TuzlaInfo.ba","url":"https:\/\/tuzlainfo.ba\/","logo":{"@type":"ImageObject","inLanguage":"bs-BA","@id":"https:\/\/tuzlainfo.ba\/#\/schema\/logo\/image\/","url":"https:\/\/tuzlainfo.ba\/wp-content\/uploads\/2021\/03\/logo-ver-3-1.png","contentUrl":"https:\/\/tuzlainfo.ba\/wp-content\/uploads\/2021\/03\/logo-ver-3-1.png","width":350,"height":95,"caption":"TuzlaInfo.ba"},"image":{"@id":"https:\/\/tuzlainfo.ba\/#\/schema\/logo\/image\/"},"sameAs":["https:\/\/www.facebook.com\/tuzlainfo.ba\/"]},{"@type":"Person","@id":"https:\/\/tuzlainfo.ba\/#\/schema\/person\/f434e20dc27ea133923aab08451b7f7f","name":"nedim","image":{"@type":"ImageObject","inLanguage":"bs-BA","@id":"https:\/\/tuzlainfo.ba\/#\/schema\/person\/image\/","url":"https:\/\/tuzlainfo.ba\/wp-content\/litespeed\/avatar\/aabad687af24844af817603ac1cbdc4f.jpg?ver=1776702173","contentUrl":"https:\/\/tuzlainfo.ba\/wp-content\/litespeed\/avatar\/aabad687af24844af817603ac1cbdc4f.jpg?ver=1776702173","caption":"nedim"},"description":"Tuzlainfo.ba pratite na dru\u0161tvenim mre\u017eama: Facebook, Instagram i Youtube. Svoje pri\u010de, upite i fotografije \u0161aljite na na\u0161u e-mail adresu."}]}},"_links":{"self":[{"href":"https:\/\/tuzlainfo.ba\/index.php\/wp-json\/wp\/v2\/posts\/174139"}],"collection":[{"href":"https:\/\/tuzlainfo.ba\/index.php\/wp-json\/wp\/v2\/posts"}],"about":[{"href":"https:\/\/tuzlainfo.ba\/index.php\/wp-json\/wp\/v2\/types\/post"}],"author":[{"embeddable":true,"href":"https:\/\/tuzlainfo.ba\/index.php\/wp-json\/wp\/v2\/users\/2"}],"replies":[{"embeddable":true,"href":"https:\/\/tuzlainfo.ba\/index.php\/wp-json\/wp\/v2\/comments?post=174139"}],"version-history":[{"count":0,"href":"https:\/\/tuzlainfo.ba\/index.php\/wp-json\/wp\/v2\/posts\/174139\/revisions"}],"wp:featuredmedia":[{"embeddable":true,"href":"https:\/\/tuzlainfo.ba\/index.php\/wp-json\/wp\/v2\/media\/76324"}],"wp:attachment":[{"href":"https:\/\/tuzlainfo.ba\/index.php\/wp-json\/wp\/v2\/media?parent=174139"}],"wp:term":[{"taxonomy":"category","embeddable":true,"href":"https:\/\/tuzlainfo.ba\/index.php\/wp-json\/wp\/v2\/categories?post=174139"},{"taxonomy":"post_tag","embeddable":true,"href":"https:\/\/tuzlainfo.ba\/index.php\/wp-json\/wp\/v2\/tags?post=174139"}],"curies":[{"name":"wp","href":"https:\/\/api.w.org\/{rel}","templated":true}]}}