{"id":174070,"date":"2022-06-02T08:00:25","date_gmt":"2022-06-02T06:00:25","guid":{"rendered":"https:\/\/tuzlainfo.ba\/?p=174070"},"modified":"2022-06-01T17:48:02","modified_gmt":"2022-06-01T15:48:02","slug":"zapocele-konsultacije-o-transformaciji-obrazovanja-u-bosni-i-hercegovini","status":"publish","type":"post","link":"https:\/\/tuzlainfo.ba\/index.php\/bosna-i-hercegovina\/item\/174070-zapocele-konsultacije-o-transformaciji-obrazovanja-u-bosni-i-hercegovini\/","title":{"rendered":"Zapo\u010dele konsultacije o transformaciji obrazovanja u Bosni i Hercegovini"},"content":{"rendered":"<p>Transformacija obrazovanja bila je tema dana\u0161njeg sastanka ministara nadle\u017enih za obrazovanje na svim nivoima vlasti u Bosni i Hercegovini, a kojem je u ime Tuzlanskog kantona prisustvovao ministar obrazovanja i nauke dr. sci. Ahmed Omerovi\u0107. Ovim doga\u0111ajem zvani\u010dno je zapo\u010deo proces Konsultacija na temu transformacije obrazovanja u<br \/>\nBosni i Hercegovini, koji \u0107e trajati tokom juna mjeseca, a okupit \u0107e relevantne aktere iz sektora obrazovanja (akademsku zajednicu, organizacije civilnog dru\u0161tva, omladinske organizacije, te udru\u017eenja roditelja, uklju\u010duju\u0107i roditelje djece sa pote\u0161ko\u0107ama u razvoju).<\/p>\n<p>Konsultacijskim procesom koordinira Ministarstvo civilnih poslova BiH, uz tehni\u010dku pomo\u0107 UNESCO-a i UNICEF-a u BiH. Cilj odr\u017eavanja konsultacija jeste formulacija glavnih prioriteta i budu\u0107ih perspektiva u obrazovnim sistemima u BiH, a koji \u0107e biti predstavljeni u septembru na globlanom samitu o transformaciji obrazovanja, koji organizuje Generalni<br \/>\nsekretar UN-a u New Yorku.<\/p>\n<p>Na globalnom nivou sve je izra\u017eenija potreba za transformacijom obrazovanja nakon prekida u obrazovanju uzrokovanih virusom COVID-19, \u010dime su nejednakosti u obrazovanju dodatno pogor\u0161ane.<\/p>\n<p>Rezidentna koordinatorica UN-a u BiH, dr. Ingrid Macdonald, pri otvaranju sastanka, naglasila je:<\/p>\n<p>\u201ePandemija COVID-19 globalno je prekinula obrazovanje, duboko uti\u010du\u0107i na djecu, roditelje i nastavnike u Bosni i Hercegovini. Ipak, pandemija COVID-19 predstavlja jedinstvenu priliku za izgradnju boljih, inkluzivnijih i odr\u017eivijih obrazovnih sistema u Bosni i Hercegovini. Predstoje\u0107i Samit na temu transformacije obrazovanja okupit \u0107e svjetske lidere u New Yorku kako bi se mobilizirale aktivnosti, ambicije, solidarnost i rje\u0161enja potrebna za transformaciju obrazovnih sistema. Ovo neophodno o\u017eivljavanje obrazovanja klju\u010dno je u ostvarivanju opredjeljenja u dostizanju Ciljeva odr\u017eivog razvoja u okviru Agende odr\u017eivog razvoja do 2030. godine. Va\u017eno je naglastiti da je Bosna i Hercegovina bila jedna od prvih zemalja u svijetu koja je prepoznala potrebu, te potom brzo djelovala uz podr\u0161ku Fonda Generalnog sekretara UN-a za pomo\u0107 u oporavku od pandemije COVID-19, zajedno sa UNESCO-om, UNICEF-om i ILO-om kroz zajedni\u010dki projekt \u201eOsmislimo obrazovanje<br \/>\nponovo\u201c.<\/p>\n<p>Zajedno smo zapo\u010deli jedan vrlo va\u017ean posao! Ujedinjene nacije u BiH \u0107e s ponosom nastaviti pru\u017eati podr\u0161ku kako bi sva djeca imala jednak pristup kvalitetnom obrazovanju, te kako nijedno dijete u BiH ne bi bilo izostavljeno.\u201c<br \/>\nKonsultacije u BiH poslu\u017eit \u0107e za preuzimanje obaveza kako bi se iskoristilo ponovno osmi\u0161ljavanje obrazovanja za pomo\u0107 u prevazila\u017eenju gubitaka u u\u010denju povezanih s pandemijom, te o\u017eivljavanje napora za postizanje Cilja odr\u017eivog razvoja 4 do 2030. godine.<\/p>\n<p>\u201dUNESCO ve\u0107 75 godina radi na izgradnji pravednijeg, inkluzivnijeg, odr\u017eivog, zdravog<br \/>\nsvijeta kroz obrazovanje. Ali, na\u017ealost, ono \u0161to smo nau\u010dili nije nas pripremilo za izazove s<br \/>\nkojima se danas suo\u010davamo. Zato nam je potrebno obrazovanje koje je spremno na promjene mijenjaju\u0107i ujedno i percepciju samog obrazovanja\u201d, rekla je u svom obra\u0107anju Ankica Gudeljevi\u0107, ministrica civilnih poslove Bosne i Hercegovine, naglasiv\u0161i da su se svi ministri obrazovanja u Bosni i Hercegovini okupili da zajedno razmijene mi\u0161ljenja o ovim va\u017enim pitanjima i na temelju diskusije sublimiraju smjernice, ciljeve i mjere zajedni\u010dkog daljeg<br \/>\ndjelovanja za budu\u0107nost obrazovnog sektora u Bosni i Hercegovini\u201d.<\/p>\n<p>U toku mjeseca juna odr\u017eat \u0107e se jo\u0161 dva konsultativna sastanka sa predstavnicima organizacija civilnog dru\u0161tva i akademskom zajednicom, te mladima \u2013 \u010diji glas \u0107e biti posebno u fokusu tokom Samita u septembru, stoji u saop\u0107enju iz Vlade TK.<\/p>\n","protected":false},"excerpt":{"rendered":"<p>Transformacija obrazovanja bila je tema dana\u0161njeg sastanka ministara nadle\u017enih za obrazovanje na svim nivoima vlasti&hellip;<\/p>\n","protected":false},"author":4,"featured_media":174071,"comment_status":"open","ping_status":"closed","sticky":false,"template":"","format":"standard","meta":{"_acf_changed":false,"footnotes":""},"categories":[291,304],"tags":[706,1634],"acf":[],"yoast_head":"<!-- This site is optimized with the Yoast SEO plugin v23.5 - https:\/\/yoast.com\/wordpress\/plugins\/seo\/ -->\n<title>Zapo\u010dele konsultacije o transformaciji obrazovanja u Bosni i Hercegovini - TuzlaInfo.ba<\/title>\n<meta name=\"robots\" content=\"index, follow, max-snippet:-1, max-image-preview:large, max-video-preview:-1\" \/>\n<link rel=\"canonical\" href=\"https:\/\/tuzlainfo.ba\/index.php\/bosna-i-hercegovina\/item\/174070-zapocele-konsultacije-o-transformaciji-obrazovanja-u-bosni-i-hercegovini\/\" \/>\n<meta property=\"og:locale\" content=\"bs_BA\" \/>\n<meta property=\"og:type\" content=\"article\" \/>\n<meta property=\"og:title\" content=\"Zapo\u010dele konsultacije o transformaciji obrazovanja u Bosni i Hercegovini - TuzlaInfo.ba\" \/>\n<meta property=\"og:description\" content=\"Transformacija obrazovanja bila je tema dana\u0161njeg sastanka ministara nadle\u017enih za obrazovanje na svim nivoima vlasti&hellip;\" \/>\n<meta property=\"og:url\" content=\"https:\/\/tuzlainfo.ba\/index.php\/bosna-i-hercegovina\/item\/174070-zapocele-konsultacije-o-transformaciji-obrazovanja-u-bosni-i-hercegovini\/\" \/>\n<meta property=\"og:site_name\" content=\"TuzlaInfo.ba\" \/>\n<meta property=\"article:publisher\" content=\"https:\/\/www.facebook.com\/tuzlainfo.ba\/\" \/>\n<meta property=\"article:published_time\" content=\"2022-06-02T06:00:25+00:00\" \/>\n<meta property=\"article:modified_time\" content=\"2022-06-01T15:48:02+00:00\" \/>\n<meta property=\"og:image\" content=\"https:\/\/tuzlainfo.ba\/wp-content\/uploads\/2022\/06\/MON-Sarajevo-03-01-06-2022.jpg\" \/>\n\t<meta property=\"og:image:width\" content=\"1800\" \/>\n\t<meta property=\"og:image:height\" content=\"1200\" \/>\n\t<meta property=\"og:image:type\" content=\"image\/jpeg\" \/>\n<meta name=\"author\" content=\"Tuzla Info\" \/>\n<meta name=\"twitter:card\" content=\"summary_large_image\" \/>\n<meta name=\"twitter:label1\" content=\"Written by\" \/>\n\t<meta name=\"twitter:data1\" content=\"Tuzla Info\" \/>\n\t<meta name=\"twitter:label2\" content=\"Est. reading time\" \/>\n\t<meta name=\"twitter:data2\" content=\"3 minute\" \/>\n<script type=\"application\/ld+json\" class=\"yoast-schema-graph\">{\"@context\":\"https:\/\/schema.org\",\"@graph\":[{\"@type\":\"Article\",\"@id\":\"https:\/\/tuzlainfo.ba\/index.php\/bosna-i-hercegovina\/item\/174070-zapocele-konsultacije-o-transformaciji-obrazovanja-u-bosni-i-hercegovini\/#article\",\"isPartOf\":{\"@id\":\"https:\/\/tuzlainfo.ba\/index.php\/bosna-i-hercegovina\/item\/174070-zapocele-konsultacije-o-transformaciji-obrazovanja-u-bosni-i-hercegovini\/\"},\"author\":{\"name\":\"Tuzla Info\",\"@id\":\"https:\/\/tuzlainfo.ba\/#\/schema\/person\/46cad4c57790cbc50781edd14870825a\"},\"headline\":\"Zapo\u010dele konsultacije o transformaciji obrazovanja u Bosni i Hercegovini\",\"datePublished\":\"2022-06-02T06:00:25+00:00\",\"dateModified\":\"2022-06-01T15:48:02+00:00\",\"mainEntityOfPage\":{\"@id\":\"https:\/\/tuzlainfo.ba\/index.php\/bosna-i-hercegovina\/item\/174070-zapocele-konsultacije-o-transformaciji-obrazovanja-u-bosni-i-hercegovini\/\"},\"wordCount\":569,\"commentCount\":0,\"publisher\":{\"@id\":\"https:\/\/tuzlainfo.ba\/#organization\"},\"image\":{\"@id\":\"https:\/\/tuzlainfo.ba\/index.php\/bosna-i-hercegovina\/item\/174070-zapocele-konsultacije-o-transformaciji-obrazovanja-u-bosni-i-hercegovini\/#primaryimage\"},\"thumbnailUrl\":\"https:\/\/tuzlainfo.ba\/wp-content\/uploads\/2022\/06\/MON-Sarajevo-03-01-06-2022.jpg\",\"keywords\":[\"bih\",\"obrazovanje\"],\"articleSection\":[\"Bosna i Hercegovina\",\"Istaknuto\"],\"inLanguage\":\"bs-BA\"},{\"@type\":\"WebPage\",\"@id\":\"https:\/\/tuzlainfo.ba\/index.php\/bosna-i-hercegovina\/item\/174070-zapocele-konsultacije-o-transformaciji-obrazovanja-u-bosni-i-hercegovini\/\",\"url\":\"https:\/\/tuzlainfo.ba\/index.php\/bosna-i-hercegovina\/item\/174070-zapocele-konsultacije-o-transformaciji-obrazovanja-u-bosni-i-hercegovini\/\",\"name\":\"Zapo\u010dele konsultacije o transformaciji obrazovanja u Bosni i Hercegovini - TuzlaInfo.ba\",\"isPartOf\":{\"@id\":\"https:\/\/tuzlainfo.ba\/#website\"},\"primaryImageOfPage\":{\"@id\":\"https:\/\/tuzlainfo.ba\/index.php\/bosna-i-hercegovina\/item\/174070-zapocele-konsultacije-o-transformaciji-obrazovanja-u-bosni-i-hercegovini\/#primaryimage\"},\"image\":{\"@id\":\"https:\/\/tuzlainfo.ba\/index.php\/bosna-i-hercegovina\/item\/174070-zapocele-konsultacije-o-transformaciji-obrazovanja-u-bosni-i-hercegovini\/#primaryimage\"},\"thumbnailUrl\":\"https:\/\/tuzlainfo.ba\/wp-content\/uploads\/2022\/06\/MON-Sarajevo-03-01-06-2022.jpg\",\"datePublished\":\"2022-06-02T06:00:25+00:00\",\"dateModified\":\"2022-06-01T15:48:02+00:00\",\"breadcrumb\":{\"@id\":\"https:\/\/tuzlainfo.ba\/index.php\/bosna-i-hercegovina\/item\/174070-zapocele-konsultacije-o-transformaciji-obrazovanja-u-bosni-i-hercegovini\/#breadcrumb\"},\"inLanguage\":\"bs-BA\",\"potentialAction\":[{\"@type\":\"ReadAction\",\"target\":[\"https:\/\/tuzlainfo.ba\/index.php\/bosna-i-hercegovina\/item\/174070-zapocele-konsultacije-o-transformaciji-obrazovanja-u-bosni-i-hercegovini\/\"]}]},{\"@type\":\"ImageObject\",\"inLanguage\":\"bs-BA\",\"@id\":\"https:\/\/tuzlainfo.ba\/index.php\/bosna-i-hercegovina\/item\/174070-zapocele-konsultacije-o-transformaciji-obrazovanja-u-bosni-i-hercegovini\/#primaryimage\",\"url\":\"https:\/\/tuzlainfo.ba\/wp-content\/uploads\/2022\/06\/MON-Sarajevo-03-01-06-2022.jpg\",\"contentUrl\":\"https:\/\/tuzlainfo.ba\/wp-content\/uploads\/2022\/06\/MON-Sarajevo-03-01-06-2022.jpg\",\"width\":1800,\"height\":1200},{\"@type\":\"BreadcrumbList\",\"@id\":\"https:\/\/tuzlainfo.ba\/index.php\/bosna-i-hercegovina\/item\/174070-zapocele-konsultacije-o-transformaciji-obrazovanja-u-bosni-i-hercegovini\/#breadcrumb\",\"itemListElement\":[{\"@type\":\"ListItem\",\"position\":1,\"name\":\"Home\",\"item\":\"https:\/\/tuzlainfo.ba\/\"},{\"@type\":\"ListItem\",\"position\":2,\"name\":\"Zapo\u010dele konsultacije o transformaciji obrazovanja u Bosni i Hercegovini\"}]},{\"@type\":\"WebSite\",\"@id\":\"https:\/\/tuzlainfo.ba\/#website\",\"url\":\"https:\/\/tuzlainfo.ba\/\",\"name\":\"TuzlaInfo.ba\",\"description\":\"Tuzla info, gradski informator - Tuzla na dlanu\",\"publisher\":{\"@id\":\"https:\/\/tuzlainfo.ba\/#organization\"},\"potentialAction\":[{\"@type\":\"SearchAction\",\"target\":{\"@type\":\"EntryPoint\",\"urlTemplate\":\"https:\/\/tuzlainfo.ba\/?s={search_term_string}\"},\"query-input\":{\"@type\":\"PropertyValueSpecification\",\"valueRequired\":true,\"valueName\":\"search_term_string\"}}],\"inLanguage\":\"bs-BA\"},{\"@type\":\"Organization\",\"@id\":\"https:\/\/tuzlainfo.ba\/#organization\",\"name\":\"TuzlaInfo.ba\",\"url\":\"https:\/\/tuzlainfo.ba\/\",\"logo\":{\"@type\":\"ImageObject\",\"inLanguage\":\"bs-BA\",\"@id\":\"https:\/\/tuzlainfo.ba\/#\/schema\/logo\/image\/\",\"url\":\"https:\/\/tuzlainfo.ba\/wp-content\/uploads\/2021\/03\/logo-ver-3-1.png\",\"contentUrl\":\"https:\/\/tuzlainfo.ba\/wp-content\/uploads\/2021\/03\/logo-ver-3-1.png\",\"width\":350,\"height\":95,\"caption\":\"TuzlaInfo.ba\"},\"image\":{\"@id\":\"https:\/\/tuzlainfo.ba\/#\/schema\/logo\/image\/\"},\"sameAs\":[\"https:\/\/www.facebook.com\/tuzlainfo.ba\/\"]},{\"@type\":\"Person\",\"@id\":\"https:\/\/tuzlainfo.ba\/#\/schema\/person\/46cad4c57790cbc50781edd14870825a\",\"name\":\"Tuzla Info\",\"image\":{\"@type\":\"ImageObject\",\"inLanguage\":\"bs-BA\",\"@id\":\"https:\/\/tuzlainfo.ba\/#\/schema\/person\/image\/\",\"url\":\"https:\/\/tuzlainfo.ba\/wp-content\/litespeed\/avatar\/b6c453a6c38e3654f2e4416c643fc25c.jpg?ver=1777656712\",\"contentUrl\":\"https:\/\/tuzlainfo.ba\/wp-content\/litespeed\/avatar\/b6c453a6c38e3654f2e4416c643fc25c.jpg?ver=1777656712\",\"caption\":\"Tuzla Info\"}}]}<\/script>\n<!-- \/ Yoast SEO plugin. -->","yoast_head_json":{"title":"Zapo\u010dele konsultacije o transformaciji obrazovanja u Bosni i Hercegovini - TuzlaInfo.ba","robots":{"index":"index","follow":"follow","max-snippet":"max-snippet:-1","max-image-preview":"max-image-preview:large","max-video-preview":"max-video-preview:-1"},"canonical":"https:\/\/tuzlainfo.ba\/index.php\/bosna-i-hercegovina\/item\/174070-zapocele-konsultacije-o-transformaciji-obrazovanja-u-bosni-i-hercegovini\/","og_locale":"bs_BA","og_type":"article","og_title":"Zapo\u010dele konsultacije o transformaciji obrazovanja u Bosni i Hercegovini - TuzlaInfo.ba","og_description":"Transformacija obrazovanja bila je tema dana\u0161njeg sastanka ministara nadle\u017enih za obrazovanje na svim nivoima vlasti&hellip;","og_url":"https:\/\/tuzlainfo.ba\/index.php\/bosna-i-hercegovina\/item\/174070-zapocele-konsultacije-o-transformaciji-obrazovanja-u-bosni-i-hercegovini\/","og_site_name":"TuzlaInfo.ba","article_publisher":"https:\/\/www.facebook.com\/tuzlainfo.ba\/","article_published_time":"2022-06-02T06:00:25+00:00","article_modified_time":"2022-06-01T15:48:02+00:00","og_image":[{"width":1800,"height":1200,"url":"https:\/\/tuzlainfo.ba\/wp-content\/uploads\/2022\/06\/MON-Sarajevo-03-01-06-2022.jpg","type":"image\/jpeg"}],"author":"Tuzla Info","twitter_card":"summary_large_image","twitter_misc":{"Written by":"Tuzla Info","Est. reading time":"3 minute"},"schema":{"@context":"https:\/\/schema.org","@graph":[{"@type":"Article","@id":"https:\/\/tuzlainfo.ba\/index.php\/bosna-i-hercegovina\/item\/174070-zapocele-konsultacije-o-transformaciji-obrazovanja-u-bosni-i-hercegovini\/#article","isPartOf":{"@id":"https:\/\/tuzlainfo.ba\/index.php\/bosna-i-hercegovina\/item\/174070-zapocele-konsultacije-o-transformaciji-obrazovanja-u-bosni-i-hercegovini\/"},"author":{"name":"Tuzla Info","@id":"https:\/\/tuzlainfo.ba\/#\/schema\/person\/46cad4c57790cbc50781edd14870825a"},"headline":"Zapo\u010dele konsultacije o transformaciji obrazovanja u Bosni i Hercegovini","datePublished":"2022-06-02T06:00:25+00:00","dateModified":"2022-06-01T15:48:02+00:00","mainEntityOfPage":{"@id":"https:\/\/tuzlainfo.ba\/index.php\/bosna-i-hercegovina\/item\/174070-zapocele-konsultacije-o-transformaciji-obrazovanja-u-bosni-i-hercegovini\/"},"wordCount":569,"commentCount":0,"publisher":{"@id":"https:\/\/tuzlainfo.ba\/#organization"},"image":{"@id":"https:\/\/tuzlainfo.ba\/index.php\/bosna-i-hercegovina\/item\/174070-zapocele-konsultacije-o-transformaciji-obrazovanja-u-bosni-i-hercegovini\/#primaryimage"},"thumbnailUrl":"https:\/\/tuzlainfo.ba\/wp-content\/uploads\/2022\/06\/MON-Sarajevo-03-01-06-2022.jpg","keywords":["bih","obrazovanje"],"articleSection":["Bosna i Hercegovina","Istaknuto"],"inLanguage":"bs-BA"},{"@type":"WebPage","@id":"https:\/\/tuzlainfo.ba\/index.php\/bosna-i-hercegovina\/item\/174070-zapocele-konsultacije-o-transformaciji-obrazovanja-u-bosni-i-hercegovini\/","url":"https:\/\/tuzlainfo.ba\/index.php\/bosna-i-hercegovina\/item\/174070-zapocele-konsultacije-o-transformaciji-obrazovanja-u-bosni-i-hercegovini\/","name":"Zapo\u010dele konsultacije o transformaciji obrazovanja u Bosni i Hercegovini - TuzlaInfo.ba","isPartOf":{"@id":"https:\/\/tuzlainfo.ba\/#website"},"primaryImageOfPage":{"@id":"https:\/\/tuzlainfo.ba\/index.php\/bosna-i-hercegovina\/item\/174070-zapocele-konsultacije-o-transformaciji-obrazovanja-u-bosni-i-hercegovini\/#primaryimage"},"image":{"@id":"https:\/\/tuzlainfo.ba\/index.php\/bosna-i-hercegovina\/item\/174070-zapocele-konsultacije-o-transformaciji-obrazovanja-u-bosni-i-hercegovini\/#primaryimage"},"thumbnailUrl":"https:\/\/tuzlainfo.ba\/wp-content\/uploads\/2022\/06\/MON-Sarajevo-03-01-06-2022.jpg","datePublished":"2022-06-02T06:00:25+00:00","dateModified":"2022-06-01T15:48:02+00:00","breadcrumb":{"@id":"https:\/\/tuzlainfo.ba\/index.php\/bosna-i-hercegovina\/item\/174070-zapocele-konsultacije-o-transformaciji-obrazovanja-u-bosni-i-hercegovini\/#breadcrumb"},"inLanguage":"bs-BA","potentialAction":[{"@type":"ReadAction","target":["https:\/\/tuzlainfo.ba\/index.php\/bosna-i-hercegovina\/item\/174070-zapocele-konsultacije-o-transformaciji-obrazovanja-u-bosni-i-hercegovini\/"]}]},{"@type":"ImageObject","inLanguage":"bs-BA","@id":"https:\/\/tuzlainfo.ba\/index.php\/bosna-i-hercegovina\/item\/174070-zapocele-konsultacije-o-transformaciji-obrazovanja-u-bosni-i-hercegovini\/#primaryimage","url":"https:\/\/tuzlainfo.ba\/wp-content\/uploads\/2022\/06\/MON-Sarajevo-03-01-06-2022.jpg","contentUrl":"https:\/\/tuzlainfo.ba\/wp-content\/uploads\/2022\/06\/MON-Sarajevo-03-01-06-2022.jpg","width":1800,"height":1200},{"@type":"BreadcrumbList","@id":"https:\/\/tuzlainfo.ba\/index.php\/bosna-i-hercegovina\/item\/174070-zapocele-konsultacije-o-transformaciji-obrazovanja-u-bosni-i-hercegovini\/#breadcrumb","itemListElement":[{"@type":"ListItem","position":1,"name":"Home","item":"https:\/\/tuzlainfo.ba\/"},{"@type":"ListItem","position":2,"name":"Zapo\u010dele konsultacije o transformaciji obrazovanja u Bosni i Hercegovini"}]},{"@type":"WebSite","@id":"https:\/\/tuzlainfo.ba\/#website","url":"https:\/\/tuzlainfo.ba\/","name":"TuzlaInfo.ba","description":"Tuzla info, gradski informator - Tuzla na dlanu","publisher":{"@id":"https:\/\/tuzlainfo.ba\/#organization"},"potentialAction":[{"@type":"SearchAction","target":{"@type":"EntryPoint","urlTemplate":"https:\/\/tuzlainfo.ba\/?s={search_term_string}"},"query-input":{"@type":"PropertyValueSpecification","valueRequired":true,"valueName":"search_term_string"}}],"inLanguage":"bs-BA"},{"@type":"Organization","@id":"https:\/\/tuzlainfo.ba\/#organization","name":"TuzlaInfo.ba","url":"https:\/\/tuzlainfo.ba\/","logo":{"@type":"ImageObject","inLanguage":"bs-BA","@id":"https:\/\/tuzlainfo.ba\/#\/schema\/logo\/image\/","url":"https:\/\/tuzlainfo.ba\/wp-content\/uploads\/2021\/03\/logo-ver-3-1.png","contentUrl":"https:\/\/tuzlainfo.ba\/wp-content\/uploads\/2021\/03\/logo-ver-3-1.png","width":350,"height":95,"caption":"TuzlaInfo.ba"},"image":{"@id":"https:\/\/tuzlainfo.ba\/#\/schema\/logo\/image\/"},"sameAs":["https:\/\/www.facebook.com\/tuzlainfo.ba\/"]},{"@type":"Person","@id":"https:\/\/tuzlainfo.ba\/#\/schema\/person\/46cad4c57790cbc50781edd14870825a","name":"Tuzla Info","image":{"@type":"ImageObject","inLanguage":"bs-BA","@id":"https:\/\/tuzlainfo.ba\/#\/schema\/person\/image\/","url":"https:\/\/tuzlainfo.ba\/wp-content\/litespeed\/avatar\/b6c453a6c38e3654f2e4416c643fc25c.jpg?ver=1777656712","contentUrl":"https:\/\/tuzlainfo.ba\/wp-content\/litespeed\/avatar\/b6c453a6c38e3654f2e4416c643fc25c.jpg?ver=1777656712","caption":"Tuzla Info"}}]}},"_links":{"self":[{"href":"https:\/\/tuzlainfo.ba\/index.php\/wp-json\/wp\/v2\/posts\/174070"}],"collection":[{"href":"https:\/\/tuzlainfo.ba\/index.php\/wp-json\/wp\/v2\/posts"}],"about":[{"href":"https:\/\/tuzlainfo.ba\/index.php\/wp-json\/wp\/v2\/types\/post"}],"author":[{"embeddable":true,"href":"https:\/\/tuzlainfo.ba\/index.php\/wp-json\/wp\/v2\/users\/4"}],"replies":[{"embeddable":true,"href":"https:\/\/tuzlainfo.ba\/index.php\/wp-json\/wp\/v2\/comments?post=174070"}],"version-history":[{"count":0,"href":"https:\/\/tuzlainfo.ba\/index.php\/wp-json\/wp\/v2\/posts\/174070\/revisions"}],"wp:featuredmedia":[{"embeddable":true,"href":"https:\/\/tuzlainfo.ba\/index.php\/wp-json\/wp\/v2\/media\/174071"}],"wp:attachment":[{"href":"https:\/\/tuzlainfo.ba\/index.php\/wp-json\/wp\/v2\/media?parent=174070"}],"wp:term":[{"taxonomy":"category","embeddable":true,"href":"https:\/\/tuzlainfo.ba\/index.php\/wp-json\/wp\/v2\/categories?post=174070"},{"taxonomy":"post_tag","embeddable":true,"href":"https:\/\/tuzlainfo.ba\/index.php\/wp-json\/wp\/v2\/tags?post=174070"}],"curies":[{"name":"wp","href":"https:\/\/api.w.org\/{rel}","templated":true}]}}