{"id":174020,"date":"2022-06-02T12:00:34","date_gmt":"2022-06-02T10:00:34","guid":{"rendered":"https:\/\/tuzlainfo.ba\/?p=174020"},"modified":"2022-06-02T08:50:48","modified_gmt":"2022-06-02T06:50:48","slug":"sky-summer-stage-pocinje-4-juna-na-krovu-tuzlanke","status":"publish","type":"post","link":"https:\/\/tuzlainfo.ba\/index.php\/najava-dogadaja-2\/item\/174020-sky-summer-stage-pocinje-4-juna-na-krovu-tuzlanke\/","title":{"rendered":"\u201eSky Summer Stage\u201c po\u010dinje 4. juna na krovu \u201eTuzlanke\u201c"},"content":{"rendered":"<div class=\"cxmmr5t8 oygrvhab hcukyx3x c1et5uql o9v6fnle ii04i59q\">\n<div dir=\"auto\">Serijal ljetnih koncerata i zabave na otvorenom, na krovu \u201eTuzlanke\u201c , koji je i ove godine pripremila agencija \u201eZeus\u201c sa svojim partnerima i prijateljima, zapo\u010dinje u subotu 4. juna Brown Sugar RNB zabavom. Ovo je napopularniji projekat ovog \u017eanra, koji ve\u0107 dugi niz godina privla\u010di publiku i garantuje sjajnu zabavu u dobrom ritmu.<\/div>\n<div dir=\"auto\"><\/div>\n<\/div>\n<div class=\"cxmmr5t8 oygrvhab hcukyx3x c1et5uql o9v6fnle ii04i59q\">\n<div dir=\"auto\">\u201eSky Summer Stage\u201c nastavljaju novim spektaklom D\u017eenana Lon\u010darevi\u0107a, 18. juna. Za njegov pro\u0161logodi\u0161nji nastup na krovu \u201eTuzlanke\u201c, vladao je ogroman interes i tra\u017eila se karta vi\u0161e. D\u017eenan Lon\u010darevi\u0107 i ove godine obe\u0107ava sjajnu energiju i ve\u010de koje \u0107e publika dugo pamtiti. Za ovaj koncert je i ove godine publika veoma zainteresovana, te je jo\u0161 jedna no\u0107 za pam\u0107enje zagarantovana.<\/div>\n<div dir=\"auto\"><\/div>\n<\/div>\n<div class=\"cxmmr5t8 oygrvhab hcukyx3x c1et5uql o9v6fnle ii04i59q\">\n<div dir=\"auto\">23.dan mjeseca jula rezervisan je za novi rock spektakl i dru\u017eenje legendarnog benda \u201eVan Gogh\u201c sa tuzlanskom publikom. Stari znanci, u novom ambijentu i jo\u0161 jedna energetska, muzi\u010dka eksplozija benda koji u Tuzli ima brojne poklonike.<\/div>\n<\/div>\n<div class=\"cxmmr5t8 oygrvhab hcukyx3x c1et5uql o9v6fnle ii04i59q\">\n<div dir=\"auto\">Posebna poslastica sti\u017ee 20. avgusta kada \u0107e na krovu \u201eTuzlanke\u201c, po prvi put, nastupiti jedan od najzna\u010dajnijih bendova ex yu rocka \u2013 \u201eZabranjeno pu\u0161enje\u201c. Nakon vi\u0161egodi\u0161nje pauze Sejo Sexon i ekipa s velikim nestrpljenjem o\u010dekuju susret sa tuzlanskom publikom i obe\u0107avaju istinski spektakl pod vedrim nebom.<\/div>\n<div dir=\"auto\"><\/div>\n<\/div>\n<div class=\"cxmmr5t8 oygrvhab hcukyx3x c1et5uql o9v6fnle ii04i59q\">\n<div dir=\"auto\">Agencija \u201eZeus\u201c posljednjih godina je mnogo radila na razvijanju novog koncepta zabave, prire\u0111uju\u0107i razli\u010dite doga\u0111aje i koncerte na atraktivnim, novim lokacijama.<\/div>\n<div dir=\"auto\"><\/div>\n<\/div>\n<div class=\"cxmmr5t8 oygrvhab hcukyx3x c1et5uql o9v6fnle ii04i59q\">\n<div dir=\"auto\">Krov \u201eTuzlanke\u201c je, uz fenomenalan pogled na cijeli grad, omogu\u0107io i odli\u010dan ambijent za sjajnu zabavu, pod vedrim nebom.<\/div>\n<\/div>\n<div class=\"cxmmr5t8 oygrvhab hcukyx3x c1et5uql o9v6fnle ii04i59q\">\n<div dir=\"auto\">Limitirani broj ulaznica dostupan je na prodajnim mjestima:<\/div>\n<div dir=\"auto\"><\/div>\n<\/div>\n<div class=\"cxmmr5t8 oygrvhab hcukyx3x c1et5uql o9v6fnle ii04i59q\">\n<div dir=\"auto\">TUZLA \u2013 CD Shop Sejo Vili Korzo \u2013 Buddy\u2019s Gift Shop-Tuzlanka \u2013 Caffe Allegro \u2013 Stupine C2 |<\/div>\n<div dir=\"auto\"><\/div>\n<\/div>\n<div class=\"cxmmr5t8 oygrvhab hcukyx3x c1et5uql o9v6fnle ii04i59q\">\n<div dir=\"auto\">GRA\u010cANICA \u2013 Caffe Times Square \u201992 | BR\u010cKO \u2013 Art Caffe Jazzwa | BIJELJINA \u2013 Caffe Aj Vam | LUKAVAC \u2013 BBCC<\/div>\n<\/div>\n","protected":false},"excerpt":{"rendered":"<p>Serijal ljetnih koncerata i zabave na otvorenom, na krovu \u201eTuzlanke\u201c , koji je i ove&hellip;<\/p>\n","protected":false},"author":4,"featured_media":174021,"comment_status":"open","ping_status":"closed","sticky":false,"template":"","format":"standard","meta":{"_acf_changed":false,"footnotes":""},"categories":[11],"tags":[4860,4859],"acf":[],"yoast_head":"<!-- This site is optimized with the Yoast SEO plugin v23.5 - https:\/\/yoast.com\/wordpress\/plugins\/seo\/ -->\n<title>\u201eSky Summer Stage\u201c po\u010dinje 4. juna na krovu \u201eTuzlanke\u201c - TuzlaInfo.ba<\/title>\n<meta name=\"robots\" content=\"index, follow, max-snippet:-1, max-image-preview:large, max-video-preview:-1\" \/>\n<link rel=\"canonical\" href=\"https:\/\/tuzlainfo.ba\/index.php\/najava-dogadaja-2\/item\/174020-sky-summer-stage-pocinje-4-juna-na-krovu-tuzlanke\/\" \/>\n<meta property=\"og:locale\" content=\"bs_BA\" \/>\n<meta property=\"og:type\" content=\"article\" \/>\n<meta property=\"og:title\" content=\"\u201eSky Summer Stage\u201c po\u010dinje 4. juna na krovu \u201eTuzlanke\u201c - TuzlaInfo.ba\" \/>\n<meta property=\"og:description\" content=\"Serijal ljetnih koncerata i zabave na otvorenom, na krovu \u201eTuzlanke\u201c , koji je i ove&hellip;\" \/>\n<meta property=\"og:url\" content=\"https:\/\/tuzlainfo.ba\/index.php\/najava-dogadaja-2\/item\/174020-sky-summer-stage-pocinje-4-juna-na-krovu-tuzlanke\/\" \/>\n<meta property=\"og:site_name\" content=\"TuzlaInfo.ba\" \/>\n<meta property=\"article:publisher\" content=\"https:\/\/www.facebook.com\/tuzlainfo.ba\/\" \/>\n<meta property=\"article:published_time\" content=\"2022-06-02T10:00:34+00:00\" \/>\n<meta property=\"article:modified_time\" content=\"2022-06-02T06:50:48+00:00\" \/>\n<meta property=\"og:image\" content=\"https:\/\/tuzlainfo.ba\/wp-content\/uploads\/2022\/06\/0106-summer-stage.jpg\" \/>\n\t<meta property=\"og:image:width\" content=\"854\" \/>\n\t<meta property=\"og:image:height\" content=\"315\" \/>\n\t<meta property=\"og:image:type\" content=\"image\/jpeg\" \/>\n<meta name=\"author\" content=\"Tuzla Info\" \/>\n<meta name=\"twitter:card\" content=\"summary_large_image\" \/>\n<meta name=\"twitter:label1\" content=\"Written by\" \/>\n\t<meta name=\"twitter:data1\" content=\"Tuzla Info\" \/>\n\t<meta name=\"twitter:label2\" content=\"Est. reading time\" \/>\n\t<meta name=\"twitter:data2\" content=\"1 minuta\" \/>\n<script type=\"application\/ld+json\" class=\"yoast-schema-graph\">{\"@context\":\"https:\/\/schema.org\",\"@graph\":[{\"@type\":\"Article\",\"@id\":\"https:\/\/tuzlainfo.ba\/index.php\/najava-dogadaja-2\/item\/174020-sky-summer-stage-pocinje-4-juna-na-krovu-tuzlanke\/#article\",\"isPartOf\":{\"@id\":\"https:\/\/tuzlainfo.ba\/index.php\/najava-dogadaja-2\/item\/174020-sky-summer-stage-pocinje-4-juna-na-krovu-tuzlanke\/\"},\"author\":{\"name\":\"Tuzla Info\",\"@id\":\"https:\/\/tuzlainfo.ba\/#\/schema\/person\/46cad4c57790cbc50781edd14870825a\"},\"headline\":\"\u201eSky Summer Stage\u201c po\u010dinje 4. juna na krovu \u201eTuzlanke\u201c\",\"datePublished\":\"2022-06-02T10:00:34+00:00\",\"dateModified\":\"2022-06-02T06:50:48+00:00\",\"mainEntityOfPage\":{\"@id\":\"https:\/\/tuzlainfo.ba\/index.php\/najava-dogadaja-2\/item\/174020-sky-summer-stage-pocinje-4-juna-na-krovu-tuzlanke\/\"},\"wordCount\":305,\"commentCount\":0,\"publisher\":{\"@id\":\"https:\/\/tuzlainfo.ba\/#organization\"},\"image\":{\"@id\":\"https:\/\/tuzlainfo.ba\/index.php\/najava-dogadaja-2\/item\/174020-sky-summer-stage-pocinje-4-juna-na-krovu-tuzlanke\/#primaryimage\"},\"thumbnailUrl\":\"https:\/\/tuzlainfo.ba\/wp-content\/uploads\/2022\/06\/0106-summer-stage.jpg\",\"keywords\":[\"agencija zeus\",\"summer stage\"],\"articleSection\":[\"Najave i doga\u0111aji\"],\"inLanguage\":\"bs-BA\"},{\"@type\":\"WebPage\",\"@id\":\"https:\/\/tuzlainfo.ba\/index.php\/najava-dogadaja-2\/item\/174020-sky-summer-stage-pocinje-4-juna-na-krovu-tuzlanke\/\",\"url\":\"https:\/\/tuzlainfo.ba\/index.php\/najava-dogadaja-2\/item\/174020-sky-summer-stage-pocinje-4-juna-na-krovu-tuzlanke\/\",\"name\":\"\u201eSky Summer Stage\u201c po\u010dinje 4. juna na krovu \u201eTuzlanke\u201c - TuzlaInfo.ba\",\"isPartOf\":{\"@id\":\"https:\/\/tuzlainfo.ba\/#website\"},\"primaryImageOfPage\":{\"@id\":\"https:\/\/tuzlainfo.ba\/index.php\/najava-dogadaja-2\/item\/174020-sky-summer-stage-pocinje-4-juna-na-krovu-tuzlanke\/#primaryimage\"},\"image\":{\"@id\":\"https:\/\/tuzlainfo.ba\/index.php\/najava-dogadaja-2\/item\/174020-sky-summer-stage-pocinje-4-juna-na-krovu-tuzlanke\/#primaryimage\"},\"thumbnailUrl\":\"https:\/\/tuzlainfo.ba\/wp-content\/uploads\/2022\/06\/0106-summer-stage.jpg\",\"datePublished\":\"2022-06-02T10:00:34+00:00\",\"dateModified\":\"2022-06-02T06:50:48+00:00\",\"breadcrumb\":{\"@id\":\"https:\/\/tuzlainfo.ba\/index.php\/najava-dogadaja-2\/item\/174020-sky-summer-stage-pocinje-4-juna-na-krovu-tuzlanke\/#breadcrumb\"},\"inLanguage\":\"bs-BA\",\"potentialAction\":[{\"@type\":\"ReadAction\",\"target\":[\"https:\/\/tuzlainfo.ba\/index.php\/najava-dogadaja-2\/item\/174020-sky-summer-stage-pocinje-4-juna-na-krovu-tuzlanke\/\"]}]},{\"@type\":\"ImageObject\",\"inLanguage\":\"bs-BA\",\"@id\":\"https:\/\/tuzlainfo.ba\/index.php\/najava-dogadaja-2\/item\/174020-sky-summer-stage-pocinje-4-juna-na-krovu-tuzlanke\/#primaryimage\",\"url\":\"https:\/\/tuzlainfo.ba\/wp-content\/uploads\/2022\/06\/0106-summer-stage.jpg\",\"contentUrl\":\"https:\/\/tuzlainfo.ba\/wp-content\/uploads\/2022\/06\/0106-summer-stage.jpg\",\"width\":854,\"height\":315},{\"@type\":\"BreadcrumbList\",\"@id\":\"https:\/\/tuzlainfo.ba\/index.php\/najava-dogadaja-2\/item\/174020-sky-summer-stage-pocinje-4-juna-na-krovu-tuzlanke\/#breadcrumb\",\"itemListElement\":[{\"@type\":\"ListItem\",\"position\":1,\"name\":\"Home\",\"item\":\"https:\/\/tuzlainfo.ba\/\"},{\"@type\":\"ListItem\",\"position\":2,\"name\":\"\u201eSky Summer Stage\u201c po\u010dinje 4. juna na krovu \u201eTuzlanke\u201c\"}]},{\"@type\":\"WebSite\",\"@id\":\"https:\/\/tuzlainfo.ba\/#website\",\"url\":\"https:\/\/tuzlainfo.ba\/\",\"name\":\"TuzlaInfo.ba\",\"description\":\"Tuzla info, gradski informator - Tuzla na dlanu\",\"publisher\":{\"@id\":\"https:\/\/tuzlainfo.ba\/#organization\"},\"potentialAction\":[{\"@type\":\"SearchAction\",\"target\":{\"@type\":\"EntryPoint\",\"urlTemplate\":\"https:\/\/tuzlainfo.ba\/?s={search_term_string}\"},\"query-input\":{\"@type\":\"PropertyValueSpecification\",\"valueRequired\":true,\"valueName\":\"search_term_string\"}}],\"inLanguage\":\"bs-BA\"},{\"@type\":\"Organization\",\"@id\":\"https:\/\/tuzlainfo.ba\/#organization\",\"name\":\"TuzlaInfo.ba\",\"url\":\"https:\/\/tuzlainfo.ba\/\",\"logo\":{\"@type\":\"ImageObject\",\"inLanguage\":\"bs-BA\",\"@id\":\"https:\/\/tuzlainfo.ba\/#\/schema\/logo\/image\/\",\"url\":\"https:\/\/tuzlainfo.ba\/wp-content\/uploads\/2021\/03\/logo-ver-3-1.png\",\"contentUrl\":\"https:\/\/tuzlainfo.ba\/wp-content\/uploads\/2021\/03\/logo-ver-3-1.png\",\"width\":350,\"height\":95,\"caption\":\"TuzlaInfo.ba\"},\"image\":{\"@id\":\"https:\/\/tuzlainfo.ba\/#\/schema\/logo\/image\/\"},\"sameAs\":[\"https:\/\/www.facebook.com\/tuzlainfo.ba\/\"]},{\"@type\":\"Person\",\"@id\":\"https:\/\/tuzlainfo.ba\/#\/schema\/person\/46cad4c57790cbc50781edd14870825a\",\"name\":\"Tuzla Info\",\"image\":{\"@type\":\"ImageObject\",\"inLanguage\":\"bs-BA\",\"@id\":\"https:\/\/tuzlainfo.ba\/#\/schema\/person\/image\/\",\"url\":\"https:\/\/tuzlainfo.ba\/wp-content\/litespeed\/avatar\/b6c453a6c38e3654f2e4416c643fc25c.jpg?ver=1777051911\",\"contentUrl\":\"https:\/\/tuzlainfo.ba\/wp-content\/litespeed\/avatar\/b6c453a6c38e3654f2e4416c643fc25c.jpg?ver=1777051911\",\"caption\":\"Tuzla Info\"}}]}<\/script>\n<!-- \/ Yoast SEO plugin. -->","yoast_head_json":{"title":"\u201eSky Summer Stage\u201c po\u010dinje 4. juna na krovu \u201eTuzlanke\u201c - TuzlaInfo.ba","robots":{"index":"index","follow":"follow","max-snippet":"max-snippet:-1","max-image-preview":"max-image-preview:large","max-video-preview":"max-video-preview:-1"},"canonical":"https:\/\/tuzlainfo.ba\/index.php\/najava-dogadaja-2\/item\/174020-sky-summer-stage-pocinje-4-juna-na-krovu-tuzlanke\/","og_locale":"bs_BA","og_type":"article","og_title":"\u201eSky Summer Stage\u201c po\u010dinje 4. juna na krovu \u201eTuzlanke\u201c - TuzlaInfo.ba","og_description":"Serijal ljetnih koncerata i zabave na otvorenom, na krovu \u201eTuzlanke\u201c , koji je i ove&hellip;","og_url":"https:\/\/tuzlainfo.ba\/index.php\/najava-dogadaja-2\/item\/174020-sky-summer-stage-pocinje-4-juna-na-krovu-tuzlanke\/","og_site_name":"TuzlaInfo.ba","article_publisher":"https:\/\/www.facebook.com\/tuzlainfo.ba\/","article_published_time":"2022-06-02T10:00:34+00:00","article_modified_time":"2022-06-02T06:50:48+00:00","og_image":[{"width":854,"height":315,"url":"https:\/\/tuzlainfo.ba\/wp-content\/uploads\/2022\/06\/0106-summer-stage.jpg","type":"image\/jpeg"}],"author":"Tuzla Info","twitter_card":"summary_large_image","twitter_misc":{"Written by":"Tuzla Info","Est. reading time":"1 minuta"},"schema":{"@context":"https:\/\/schema.org","@graph":[{"@type":"Article","@id":"https:\/\/tuzlainfo.ba\/index.php\/najava-dogadaja-2\/item\/174020-sky-summer-stage-pocinje-4-juna-na-krovu-tuzlanke\/#article","isPartOf":{"@id":"https:\/\/tuzlainfo.ba\/index.php\/najava-dogadaja-2\/item\/174020-sky-summer-stage-pocinje-4-juna-na-krovu-tuzlanke\/"},"author":{"name":"Tuzla Info","@id":"https:\/\/tuzlainfo.ba\/#\/schema\/person\/46cad4c57790cbc50781edd14870825a"},"headline":"\u201eSky Summer Stage\u201c po\u010dinje 4. juna na krovu \u201eTuzlanke\u201c","datePublished":"2022-06-02T10:00:34+00:00","dateModified":"2022-06-02T06:50:48+00:00","mainEntityOfPage":{"@id":"https:\/\/tuzlainfo.ba\/index.php\/najava-dogadaja-2\/item\/174020-sky-summer-stage-pocinje-4-juna-na-krovu-tuzlanke\/"},"wordCount":305,"commentCount":0,"publisher":{"@id":"https:\/\/tuzlainfo.ba\/#organization"},"image":{"@id":"https:\/\/tuzlainfo.ba\/index.php\/najava-dogadaja-2\/item\/174020-sky-summer-stage-pocinje-4-juna-na-krovu-tuzlanke\/#primaryimage"},"thumbnailUrl":"https:\/\/tuzlainfo.ba\/wp-content\/uploads\/2022\/06\/0106-summer-stage.jpg","keywords":["agencija zeus","summer stage"],"articleSection":["Najave i doga\u0111aji"],"inLanguage":"bs-BA"},{"@type":"WebPage","@id":"https:\/\/tuzlainfo.ba\/index.php\/najava-dogadaja-2\/item\/174020-sky-summer-stage-pocinje-4-juna-na-krovu-tuzlanke\/","url":"https:\/\/tuzlainfo.ba\/index.php\/najava-dogadaja-2\/item\/174020-sky-summer-stage-pocinje-4-juna-na-krovu-tuzlanke\/","name":"\u201eSky Summer Stage\u201c po\u010dinje 4. juna na krovu \u201eTuzlanke\u201c - TuzlaInfo.ba","isPartOf":{"@id":"https:\/\/tuzlainfo.ba\/#website"},"primaryImageOfPage":{"@id":"https:\/\/tuzlainfo.ba\/index.php\/najava-dogadaja-2\/item\/174020-sky-summer-stage-pocinje-4-juna-na-krovu-tuzlanke\/#primaryimage"},"image":{"@id":"https:\/\/tuzlainfo.ba\/index.php\/najava-dogadaja-2\/item\/174020-sky-summer-stage-pocinje-4-juna-na-krovu-tuzlanke\/#primaryimage"},"thumbnailUrl":"https:\/\/tuzlainfo.ba\/wp-content\/uploads\/2022\/06\/0106-summer-stage.jpg","datePublished":"2022-06-02T10:00:34+00:00","dateModified":"2022-06-02T06:50:48+00:00","breadcrumb":{"@id":"https:\/\/tuzlainfo.ba\/index.php\/najava-dogadaja-2\/item\/174020-sky-summer-stage-pocinje-4-juna-na-krovu-tuzlanke\/#breadcrumb"},"inLanguage":"bs-BA","potentialAction":[{"@type":"ReadAction","target":["https:\/\/tuzlainfo.ba\/index.php\/najava-dogadaja-2\/item\/174020-sky-summer-stage-pocinje-4-juna-na-krovu-tuzlanke\/"]}]},{"@type":"ImageObject","inLanguage":"bs-BA","@id":"https:\/\/tuzlainfo.ba\/index.php\/najava-dogadaja-2\/item\/174020-sky-summer-stage-pocinje-4-juna-na-krovu-tuzlanke\/#primaryimage","url":"https:\/\/tuzlainfo.ba\/wp-content\/uploads\/2022\/06\/0106-summer-stage.jpg","contentUrl":"https:\/\/tuzlainfo.ba\/wp-content\/uploads\/2022\/06\/0106-summer-stage.jpg","width":854,"height":315},{"@type":"BreadcrumbList","@id":"https:\/\/tuzlainfo.ba\/index.php\/najava-dogadaja-2\/item\/174020-sky-summer-stage-pocinje-4-juna-na-krovu-tuzlanke\/#breadcrumb","itemListElement":[{"@type":"ListItem","position":1,"name":"Home","item":"https:\/\/tuzlainfo.ba\/"},{"@type":"ListItem","position":2,"name":"\u201eSky Summer Stage\u201c po\u010dinje 4. juna na krovu \u201eTuzlanke\u201c"}]},{"@type":"WebSite","@id":"https:\/\/tuzlainfo.ba\/#website","url":"https:\/\/tuzlainfo.ba\/","name":"TuzlaInfo.ba","description":"Tuzla info, gradski informator - Tuzla na dlanu","publisher":{"@id":"https:\/\/tuzlainfo.ba\/#organization"},"potentialAction":[{"@type":"SearchAction","target":{"@type":"EntryPoint","urlTemplate":"https:\/\/tuzlainfo.ba\/?s={search_term_string}"},"query-input":{"@type":"PropertyValueSpecification","valueRequired":true,"valueName":"search_term_string"}}],"inLanguage":"bs-BA"},{"@type":"Organization","@id":"https:\/\/tuzlainfo.ba\/#organization","name":"TuzlaInfo.ba","url":"https:\/\/tuzlainfo.ba\/","logo":{"@type":"ImageObject","inLanguage":"bs-BA","@id":"https:\/\/tuzlainfo.ba\/#\/schema\/logo\/image\/","url":"https:\/\/tuzlainfo.ba\/wp-content\/uploads\/2021\/03\/logo-ver-3-1.png","contentUrl":"https:\/\/tuzlainfo.ba\/wp-content\/uploads\/2021\/03\/logo-ver-3-1.png","width":350,"height":95,"caption":"TuzlaInfo.ba"},"image":{"@id":"https:\/\/tuzlainfo.ba\/#\/schema\/logo\/image\/"},"sameAs":["https:\/\/www.facebook.com\/tuzlainfo.ba\/"]},{"@type":"Person","@id":"https:\/\/tuzlainfo.ba\/#\/schema\/person\/46cad4c57790cbc50781edd14870825a","name":"Tuzla Info","image":{"@type":"ImageObject","inLanguage":"bs-BA","@id":"https:\/\/tuzlainfo.ba\/#\/schema\/person\/image\/","url":"https:\/\/tuzlainfo.ba\/wp-content\/litespeed\/avatar\/b6c453a6c38e3654f2e4416c643fc25c.jpg?ver=1777051911","contentUrl":"https:\/\/tuzlainfo.ba\/wp-content\/litespeed\/avatar\/b6c453a6c38e3654f2e4416c643fc25c.jpg?ver=1777051911","caption":"Tuzla Info"}}]}},"_links":{"self":[{"href":"https:\/\/tuzlainfo.ba\/index.php\/wp-json\/wp\/v2\/posts\/174020"}],"collection":[{"href":"https:\/\/tuzlainfo.ba\/index.php\/wp-json\/wp\/v2\/posts"}],"about":[{"href":"https:\/\/tuzlainfo.ba\/index.php\/wp-json\/wp\/v2\/types\/post"}],"author":[{"embeddable":true,"href":"https:\/\/tuzlainfo.ba\/index.php\/wp-json\/wp\/v2\/users\/4"}],"replies":[{"embeddable":true,"href":"https:\/\/tuzlainfo.ba\/index.php\/wp-json\/wp\/v2\/comments?post=174020"}],"version-history":[{"count":0,"href":"https:\/\/tuzlainfo.ba\/index.php\/wp-json\/wp\/v2\/posts\/174020\/revisions"}],"wp:featuredmedia":[{"embeddable":true,"href":"https:\/\/tuzlainfo.ba\/index.php\/wp-json\/wp\/v2\/media\/174021"}],"wp:attachment":[{"href":"https:\/\/tuzlainfo.ba\/index.php\/wp-json\/wp\/v2\/media?parent=174020"}],"wp:term":[{"taxonomy":"category","embeddable":true,"href":"https:\/\/tuzlainfo.ba\/index.php\/wp-json\/wp\/v2\/categories?post=174020"},{"taxonomy":"post_tag","embeddable":true,"href":"https:\/\/tuzlainfo.ba\/index.php\/wp-json\/wp\/v2\/tags?post=174020"}],"curies":[{"name":"wp","href":"https:\/\/api.w.org\/{rel}","templated":true}]}}