{"id":173918,"date":"2022-05-31T15:00:59","date_gmt":"2022-05-31T13:00:59","guid":{"rendered":"https:\/\/tuzlainfo.ba\/?p=173918"},"modified":"2022-05-31T15:38:04","modified_gmt":"2022-05-31T13:38:04","slug":"bakir-pjanic-i-ibrahim-muharemovic-osudjeni-na-po-sedam-godina-zatvora-u-predmetu-fortuna-gracanic","status":"publish","type":"post","link":"https:\/\/tuzlainfo.ba\/index.php\/novosti\/item\/173918-bakir-pjanic-i-ibrahim-muharemovic-osudjeni-na-po-sedam-godina-zatvora-u-predmetu-fortuna-gracanic\/","title":{"rendered":"Kriminal u Fortuni Gra\u010danica: Direktorima i ste\u010dajnom upravniku odre\u017eene zatvorske kazne"},"content":{"rendered":"<p>Kantonalni sud Tuzla je u nastavku su\u0111enja\u00a0\u00a0po optu\u017enici Kantonalnog tu\u017eila\u0161tva Tuzlanskog kantona\u00a0\u00a0u predmetu \u201eFortuna Gra\u010danica\u201c objavio prvostepenu i nepravosna\u017enu presudu za Bakira Pjani\u0107a i Ibrahima Muharemovi\u0107a i izrekao im jedinstvene kazne zatvora u trajanju od po sedam (7) godina zbog krivi\u010dnog djela organizirani kriminal po\u010dinjenog u vezi sa produ\u017eenim krivi\u010dnim djelom zloupotreba polo\u017eaja i ovla\u0161\u0107enja i\u00a0\u00a0krivi\u010dnim djelom pranje novca.<\/p>\n<p>Sud je objavio i prvostepenu\u00a0\u00a0presudu za biv\u0161eg\u00a0\u00a0ste\u010dajnog upravnika u fabrici Fortuna Gra\u010danica Muhameda Had\u017ei\u0107a i izrekao mu kaznu zatvora u trajanju od 3 godine i 6 mjeseci zbog krivi\u010dnog djela zloupotreba polo\u017eaja i ovla\u0161\u0107enja po\u010dinjenog u sticaju sa krivotvorenjem slu\u017ebene isprave.<\/p>\n<p>Tako\u0111er, u objavi prvostepene presude je navedeno da se po pravosna\u017enosti presude\u00a0\u00a0od Bakira Pjani\u0107a oduzima imovinska korist ste\u010dena krivi\u010dnim djelom u iznosu od 320.000 KM, a od\u00a0\u00a0Muharemovi\u0107a u iznosu od oko 156.000 eura.<\/p>\n<p>Podsje\u0107amo, optu\u017enicom se Bakir Pjani\u0107\u00a0\u00a0<em>(direktor firme Fortunatto)\u00a0<\/em>i Ibrahim Muharemovi\u0107 (<em>direktor firme Fortob i \u010dlan uprave Fortune<\/em>) terete da su bili dio grupe za organizirani kriminal koju je vodio i organizirao ranije osu\u0111eni Safet Pjani\u0107 . U deset ta\u010daka\u00a0\u00a0optu\u017enice se navodi da su \u010dlanovi ove\u00a0\u00a0grupe,\u00a0\u00a0u periodu du\u017eem od 8 godina, od 2009. do 2017. godine, zajedni\u010dkim i planskim djelovanjem osnivali paralelna i vezana privredna dru\u0161tva kako bi koristili\u00a0\u00a0sve potencijale i poslovne veze dioni\u010dkog dru\u0161tva Fortuna. Oni su \u010dinjenjem ve\u0107eg broja krivi\u010dnih djela pribavili imovinsku korist za sebe ili osnovane firme, a pri \u010demu je pri\u010dinjena imovinska \u0161teta za gra\u010dani\u010dku Fortunu u iznosu od oko 4,5 miliona KM, te\u00a0\u00a0stvorene obaveze radi nepla\u0107enih direktnih poreza i doprinosa za radnike Fortune u iznosu od oko 5,5 miliona KM.<\/p>\n<p>U\u00a0\u00a0\u00a0\u0161estoj\u00a0\u00a0i jedanaestoj ta\u010dki optu\u017enice\u00a0\u00a0se i biv\u0161em\u00a0\u00a0ste\u010dajnom upravniku u Fortuni Muhamedu Had\u017ei\u0107u na teret stavlja da je po\u010dinio krivi\u010dna djela zloupotreba polo\u017eaja i ovla\u0161tenja i kritvotvorenje slu\u017ebene isprave, ali ne kao \u010dlan pomenute grupe.<\/p>\n<div class=\"td_block_wrap tdb_single_content tdi_134 td-pb-border-top td_block_template_8 td-post-content tagdiv-type\" data-td-block-uid=\"tdi_134\">\n<div class=\"tdb-block-inner td-fix-index\">\n<p>Safet Pjani\u0107 je ranije pravosna\u017eno osu\u0111en na kaznu zatvora u trajanju od 5 godina i od njega je oduzeta imovinska korist pribavljena krivi\u010dnim djelom u iznosu od oko 116.000 eura. Ranije su pravosna\u017eno osu\u0111eni i drugi \u010dlanovi ove grupe te je Huseinu Nuriki\u0107u- finansijskom direktoru i \u010dlanu uprave Fortune izre\u010dena kazna zatvora u trajanju od 2 godine i 10 mjeseci, dok su Aliji Nuriki\u0107-knjigovo\u0111i Fortune\u00a0\u00a0i Red\u017ei Delimehi\u0107u-direktoru firme Fortex, izre\u010dene kazne zatvora u trajanju od po jednu godinu, stoji u saop\u0107enju Tu\u017eila\u0161tva TK.<\/p>\n<\/div>\n<\/div>\n<div class=\"wpb_wrapper td_block_separator td_block_wrap vc_separator tdi_136 td_separator_solid td_separator_center\"><\/div>\n","protected":false},"excerpt":{"rendered":"<p>Kantonalni sud Tuzla je u nastavku su\u0111enja\u00a0\u00a0po optu\u017enici Kantonalnog tu\u017eila\u0161tva Tuzlanskog kantona\u00a0\u00a0u predmetu \u201eFortuna Gra\u010danica\u201c&hellip;<\/p>\n","protected":false},"author":4,"featured_media":146735,"comment_status":"open","ping_status":"closed","sticky":false,"template":"","format":"standard","meta":{"_acf_changed":false,"footnotes":""},"categories":[304,12],"tags":[4852,3856],"acf":[],"yoast_head":"<!-- This site is optimized with the Yoast SEO plugin v23.5 - https:\/\/yoast.com\/wordpress\/plugins\/seo\/ -->\n<title>Kriminal u Fortuni Gra\u010danica: Direktorima i ste\u010dajnom upravniku odre\u017eene zatvorske kazne - TuzlaInfo.ba<\/title>\n<meta name=\"robots\" content=\"index, follow, max-snippet:-1, max-image-preview:large, max-video-preview:-1\" \/>\n<link rel=\"canonical\" href=\"https:\/\/tuzlainfo.ba\/index.php\/novosti\/item\/173918-bakir-pjanic-i-ibrahim-muharemovic-osudjeni-na-po-sedam-godina-zatvora-u-predmetu-fortuna-gracanic\/\" \/>\n<meta property=\"og:locale\" content=\"bs_BA\" \/>\n<meta property=\"og:type\" content=\"article\" \/>\n<meta property=\"og:title\" content=\"Kriminal u Fortuni Gra\u010danica: Direktorima i ste\u010dajnom upravniku odre\u017eene zatvorske kazne - TuzlaInfo.ba\" \/>\n<meta property=\"og:description\" content=\"Kantonalni sud Tuzla je u nastavku su\u0111enja\u00a0\u00a0po optu\u017enici Kantonalnog tu\u017eila\u0161tva Tuzlanskog kantona\u00a0\u00a0u predmetu \u201eFortuna Gra\u010danica\u201c&hellip;\" \/>\n<meta property=\"og:url\" content=\"https:\/\/tuzlainfo.ba\/index.php\/novosti\/item\/173918-bakir-pjanic-i-ibrahim-muharemovic-osudjeni-na-po-sedam-godina-zatvora-u-predmetu-fortuna-gracanic\/\" \/>\n<meta property=\"og:site_name\" content=\"TuzlaInfo.ba\" \/>\n<meta property=\"article:publisher\" content=\"https:\/\/www.facebook.com\/tuzlainfo.ba\/\" \/>\n<meta property=\"article:published_time\" content=\"2022-05-31T13:00:59+00:00\" \/>\n<meta property=\"article:modified_time\" content=\"2022-05-31T13:38:04+00:00\" \/>\n<meta property=\"og:image\" content=\"https:\/\/tuzlainfo.ba\/wp-content\/uploads\/2021\/09\/0309_Kantonalni-sud-Tuzla.jpg\" \/>\n\t<meta property=\"og:image:width\" content=\"770\" \/>\n\t<meta property=\"og:image:height\" content=\"517\" \/>\n\t<meta property=\"og:image:type\" content=\"image\/jpeg\" \/>\n<meta name=\"author\" content=\"Tuzla Info\" \/>\n<meta name=\"twitter:card\" content=\"summary_large_image\" \/>\n<meta name=\"twitter:label1\" content=\"Written by\" \/>\n\t<meta name=\"twitter:data1\" content=\"Tuzla Info\" \/>\n\t<meta name=\"twitter:label2\" content=\"Est. reading time\" \/>\n\t<meta name=\"twitter:data2\" content=\"2 minute\" \/>\n<script type=\"application\/ld+json\" class=\"yoast-schema-graph\">{\"@context\":\"https:\/\/schema.org\",\"@graph\":[{\"@type\":\"Article\",\"@id\":\"https:\/\/tuzlainfo.ba\/index.php\/novosti\/item\/173918-bakir-pjanic-i-ibrahim-muharemovic-osudjeni-na-po-sedam-godina-zatvora-u-predmetu-fortuna-gracanic\/#article\",\"isPartOf\":{\"@id\":\"https:\/\/tuzlainfo.ba\/index.php\/novosti\/item\/173918-bakir-pjanic-i-ibrahim-muharemovic-osudjeni-na-po-sedam-godina-zatvora-u-predmetu-fortuna-gracanic\/\"},\"author\":{\"name\":\"Tuzla Info\",\"@id\":\"https:\/\/tuzlainfo.ba\/#\/schema\/person\/46cad4c57790cbc50781edd14870825a\"},\"headline\":\"Kriminal u Fortuni Gra\u010danica: Direktorima i ste\u010dajnom upravniku odre\u017eene zatvorske kazne\",\"datePublished\":\"2022-05-31T13:00:59+00:00\",\"dateModified\":\"2022-05-31T13:38:04+00:00\",\"mainEntityOfPage\":{\"@id\":\"https:\/\/tuzlainfo.ba\/index.php\/novosti\/item\/173918-bakir-pjanic-i-ibrahim-muharemovic-osudjeni-na-po-sedam-godina-zatvora-u-predmetu-fortuna-gracanic\/\"},\"wordCount\":464,\"commentCount\":0,\"publisher\":{\"@id\":\"https:\/\/tuzlainfo.ba\/#organization\"},\"image\":{\"@id\":\"https:\/\/tuzlainfo.ba\/index.php\/novosti\/item\/173918-bakir-pjanic-i-ibrahim-muharemovic-osudjeni-na-po-sedam-godina-zatvora-u-predmetu-fortuna-gracanic\/#primaryimage\"},\"thumbnailUrl\":\"https:\/\/tuzlainfo.ba\/wp-content\/uploads\/2021\/09\/0309_Kantonalni-sud-Tuzla.jpg\",\"keywords\":[\"fortuna gracanica\",\"kantonalni sud tuzla\"],\"articleSection\":[\"Istaknuto\",\"Novosti\"],\"inLanguage\":\"bs-BA\"},{\"@type\":\"WebPage\",\"@id\":\"https:\/\/tuzlainfo.ba\/index.php\/novosti\/item\/173918-bakir-pjanic-i-ibrahim-muharemovic-osudjeni-na-po-sedam-godina-zatvora-u-predmetu-fortuna-gracanic\/\",\"url\":\"https:\/\/tuzlainfo.ba\/index.php\/novosti\/item\/173918-bakir-pjanic-i-ibrahim-muharemovic-osudjeni-na-po-sedam-godina-zatvora-u-predmetu-fortuna-gracanic\/\",\"name\":\"Kriminal u Fortuni Gra\u010danica: Direktorima i ste\u010dajnom upravniku odre\u017eene zatvorske kazne - TuzlaInfo.ba\",\"isPartOf\":{\"@id\":\"https:\/\/tuzlainfo.ba\/#website\"},\"primaryImageOfPage\":{\"@id\":\"https:\/\/tuzlainfo.ba\/index.php\/novosti\/item\/173918-bakir-pjanic-i-ibrahim-muharemovic-osudjeni-na-po-sedam-godina-zatvora-u-predmetu-fortuna-gracanic\/#primaryimage\"},\"image\":{\"@id\":\"https:\/\/tuzlainfo.ba\/index.php\/novosti\/item\/173918-bakir-pjanic-i-ibrahim-muharemovic-osudjeni-na-po-sedam-godina-zatvora-u-predmetu-fortuna-gracanic\/#primaryimage\"},\"thumbnailUrl\":\"https:\/\/tuzlainfo.ba\/wp-content\/uploads\/2021\/09\/0309_Kantonalni-sud-Tuzla.jpg\",\"datePublished\":\"2022-05-31T13:00:59+00:00\",\"dateModified\":\"2022-05-31T13:38:04+00:00\",\"breadcrumb\":{\"@id\":\"https:\/\/tuzlainfo.ba\/index.php\/novosti\/item\/173918-bakir-pjanic-i-ibrahim-muharemovic-osudjeni-na-po-sedam-godina-zatvora-u-predmetu-fortuna-gracanic\/#breadcrumb\"},\"inLanguage\":\"bs-BA\",\"potentialAction\":[{\"@type\":\"ReadAction\",\"target\":[\"https:\/\/tuzlainfo.ba\/index.php\/novosti\/item\/173918-bakir-pjanic-i-ibrahim-muharemovic-osudjeni-na-po-sedam-godina-zatvora-u-predmetu-fortuna-gracanic\/\"]}]},{\"@type\":\"ImageObject\",\"inLanguage\":\"bs-BA\",\"@id\":\"https:\/\/tuzlainfo.ba\/index.php\/novosti\/item\/173918-bakir-pjanic-i-ibrahim-muharemovic-osudjeni-na-po-sedam-godina-zatvora-u-predmetu-fortuna-gracanic\/#primaryimage\",\"url\":\"https:\/\/tuzlainfo.ba\/wp-content\/uploads\/2021\/09\/0309_Kantonalni-sud-Tuzla.jpg\",\"contentUrl\":\"https:\/\/tuzlainfo.ba\/wp-content\/uploads\/2021\/09\/0309_Kantonalni-sud-Tuzla.jpg\",\"width\":770,\"height\":517},{\"@type\":\"BreadcrumbList\",\"@id\":\"https:\/\/tuzlainfo.ba\/index.php\/novosti\/item\/173918-bakir-pjanic-i-ibrahim-muharemovic-osudjeni-na-po-sedam-godina-zatvora-u-predmetu-fortuna-gracanic\/#breadcrumb\",\"itemListElement\":[{\"@type\":\"ListItem\",\"position\":1,\"name\":\"Home\",\"item\":\"https:\/\/tuzlainfo.ba\/\"},{\"@type\":\"ListItem\",\"position\":2,\"name\":\"Kriminal u Fortuni Gra\u010danica: Direktorima i ste\u010dajnom upravniku odre\u017eene zatvorske kazne\"}]},{\"@type\":\"WebSite\",\"@id\":\"https:\/\/tuzlainfo.ba\/#website\",\"url\":\"https:\/\/tuzlainfo.ba\/\",\"name\":\"TuzlaInfo.ba\",\"description\":\"Tuzla info, gradski informator - Tuzla na dlanu\",\"publisher\":{\"@id\":\"https:\/\/tuzlainfo.ba\/#organization\"},\"potentialAction\":[{\"@type\":\"SearchAction\",\"target\":{\"@type\":\"EntryPoint\",\"urlTemplate\":\"https:\/\/tuzlainfo.ba\/?s={search_term_string}\"},\"query-input\":{\"@type\":\"PropertyValueSpecification\",\"valueRequired\":true,\"valueName\":\"search_term_string\"}}],\"inLanguage\":\"bs-BA\"},{\"@type\":\"Organization\",\"@id\":\"https:\/\/tuzlainfo.ba\/#organization\",\"name\":\"TuzlaInfo.ba\",\"url\":\"https:\/\/tuzlainfo.ba\/\",\"logo\":{\"@type\":\"ImageObject\",\"inLanguage\":\"bs-BA\",\"@id\":\"https:\/\/tuzlainfo.ba\/#\/schema\/logo\/image\/\",\"url\":\"https:\/\/tuzlainfo.ba\/wp-content\/uploads\/2021\/03\/logo-ver-3-1.png\",\"contentUrl\":\"https:\/\/tuzlainfo.ba\/wp-content\/uploads\/2021\/03\/logo-ver-3-1.png\",\"width\":350,\"height\":95,\"caption\":\"TuzlaInfo.ba\"},\"image\":{\"@id\":\"https:\/\/tuzlainfo.ba\/#\/schema\/logo\/image\/\"},\"sameAs\":[\"https:\/\/www.facebook.com\/tuzlainfo.ba\/\"]},{\"@type\":\"Person\",\"@id\":\"https:\/\/tuzlainfo.ba\/#\/schema\/person\/46cad4c57790cbc50781edd14870825a\",\"name\":\"Tuzla Info\",\"image\":{\"@type\":\"ImageObject\",\"inLanguage\":\"bs-BA\",\"@id\":\"https:\/\/tuzlainfo.ba\/#\/schema\/person\/image\/\",\"url\":\"https:\/\/tuzlainfo.ba\/wp-content\/litespeed\/avatar\/b6c453a6c38e3654f2e4416c643fc25c.jpg?ver=1777051911\",\"contentUrl\":\"https:\/\/tuzlainfo.ba\/wp-content\/litespeed\/avatar\/b6c453a6c38e3654f2e4416c643fc25c.jpg?ver=1777051911\",\"caption\":\"Tuzla Info\"}}]}<\/script>\n<!-- \/ Yoast SEO plugin. -->","yoast_head_json":{"title":"Kriminal u Fortuni Gra\u010danica: Direktorima i ste\u010dajnom upravniku odre\u017eene zatvorske kazne - TuzlaInfo.ba","robots":{"index":"index","follow":"follow","max-snippet":"max-snippet:-1","max-image-preview":"max-image-preview:large","max-video-preview":"max-video-preview:-1"},"canonical":"https:\/\/tuzlainfo.ba\/index.php\/novosti\/item\/173918-bakir-pjanic-i-ibrahim-muharemovic-osudjeni-na-po-sedam-godina-zatvora-u-predmetu-fortuna-gracanic\/","og_locale":"bs_BA","og_type":"article","og_title":"Kriminal u Fortuni Gra\u010danica: Direktorima i ste\u010dajnom upravniku odre\u017eene zatvorske kazne - TuzlaInfo.ba","og_description":"Kantonalni sud Tuzla je u nastavku su\u0111enja\u00a0\u00a0po optu\u017enici Kantonalnog tu\u017eila\u0161tva Tuzlanskog kantona\u00a0\u00a0u predmetu \u201eFortuna Gra\u010danica\u201c&hellip;","og_url":"https:\/\/tuzlainfo.ba\/index.php\/novosti\/item\/173918-bakir-pjanic-i-ibrahim-muharemovic-osudjeni-na-po-sedam-godina-zatvora-u-predmetu-fortuna-gracanic\/","og_site_name":"TuzlaInfo.ba","article_publisher":"https:\/\/www.facebook.com\/tuzlainfo.ba\/","article_published_time":"2022-05-31T13:00:59+00:00","article_modified_time":"2022-05-31T13:38:04+00:00","og_image":[{"width":770,"height":517,"url":"https:\/\/tuzlainfo.ba\/wp-content\/uploads\/2021\/09\/0309_Kantonalni-sud-Tuzla.jpg","type":"image\/jpeg"}],"author":"Tuzla Info","twitter_card":"summary_large_image","twitter_misc":{"Written by":"Tuzla Info","Est. reading time":"2 minute"},"schema":{"@context":"https:\/\/schema.org","@graph":[{"@type":"Article","@id":"https:\/\/tuzlainfo.ba\/index.php\/novosti\/item\/173918-bakir-pjanic-i-ibrahim-muharemovic-osudjeni-na-po-sedam-godina-zatvora-u-predmetu-fortuna-gracanic\/#article","isPartOf":{"@id":"https:\/\/tuzlainfo.ba\/index.php\/novosti\/item\/173918-bakir-pjanic-i-ibrahim-muharemovic-osudjeni-na-po-sedam-godina-zatvora-u-predmetu-fortuna-gracanic\/"},"author":{"name":"Tuzla Info","@id":"https:\/\/tuzlainfo.ba\/#\/schema\/person\/46cad4c57790cbc50781edd14870825a"},"headline":"Kriminal u Fortuni Gra\u010danica: Direktorima i ste\u010dajnom upravniku odre\u017eene zatvorske kazne","datePublished":"2022-05-31T13:00:59+00:00","dateModified":"2022-05-31T13:38:04+00:00","mainEntityOfPage":{"@id":"https:\/\/tuzlainfo.ba\/index.php\/novosti\/item\/173918-bakir-pjanic-i-ibrahim-muharemovic-osudjeni-na-po-sedam-godina-zatvora-u-predmetu-fortuna-gracanic\/"},"wordCount":464,"commentCount":0,"publisher":{"@id":"https:\/\/tuzlainfo.ba\/#organization"},"image":{"@id":"https:\/\/tuzlainfo.ba\/index.php\/novosti\/item\/173918-bakir-pjanic-i-ibrahim-muharemovic-osudjeni-na-po-sedam-godina-zatvora-u-predmetu-fortuna-gracanic\/#primaryimage"},"thumbnailUrl":"https:\/\/tuzlainfo.ba\/wp-content\/uploads\/2021\/09\/0309_Kantonalni-sud-Tuzla.jpg","keywords":["fortuna gracanica","kantonalni sud tuzla"],"articleSection":["Istaknuto","Novosti"],"inLanguage":"bs-BA"},{"@type":"WebPage","@id":"https:\/\/tuzlainfo.ba\/index.php\/novosti\/item\/173918-bakir-pjanic-i-ibrahim-muharemovic-osudjeni-na-po-sedam-godina-zatvora-u-predmetu-fortuna-gracanic\/","url":"https:\/\/tuzlainfo.ba\/index.php\/novosti\/item\/173918-bakir-pjanic-i-ibrahim-muharemovic-osudjeni-na-po-sedam-godina-zatvora-u-predmetu-fortuna-gracanic\/","name":"Kriminal u Fortuni Gra\u010danica: Direktorima i ste\u010dajnom upravniku odre\u017eene zatvorske kazne - TuzlaInfo.ba","isPartOf":{"@id":"https:\/\/tuzlainfo.ba\/#website"},"primaryImageOfPage":{"@id":"https:\/\/tuzlainfo.ba\/index.php\/novosti\/item\/173918-bakir-pjanic-i-ibrahim-muharemovic-osudjeni-na-po-sedam-godina-zatvora-u-predmetu-fortuna-gracanic\/#primaryimage"},"image":{"@id":"https:\/\/tuzlainfo.ba\/index.php\/novosti\/item\/173918-bakir-pjanic-i-ibrahim-muharemovic-osudjeni-na-po-sedam-godina-zatvora-u-predmetu-fortuna-gracanic\/#primaryimage"},"thumbnailUrl":"https:\/\/tuzlainfo.ba\/wp-content\/uploads\/2021\/09\/0309_Kantonalni-sud-Tuzla.jpg","datePublished":"2022-05-31T13:00:59+00:00","dateModified":"2022-05-31T13:38:04+00:00","breadcrumb":{"@id":"https:\/\/tuzlainfo.ba\/index.php\/novosti\/item\/173918-bakir-pjanic-i-ibrahim-muharemovic-osudjeni-na-po-sedam-godina-zatvora-u-predmetu-fortuna-gracanic\/#breadcrumb"},"inLanguage":"bs-BA","potentialAction":[{"@type":"ReadAction","target":["https:\/\/tuzlainfo.ba\/index.php\/novosti\/item\/173918-bakir-pjanic-i-ibrahim-muharemovic-osudjeni-na-po-sedam-godina-zatvora-u-predmetu-fortuna-gracanic\/"]}]},{"@type":"ImageObject","inLanguage":"bs-BA","@id":"https:\/\/tuzlainfo.ba\/index.php\/novosti\/item\/173918-bakir-pjanic-i-ibrahim-muharemovic-osudjeni-na-po-sedam-godina-zatvora-u-predmetu-fortuna-gracanic\/#primaryimage","url":"https:\/\/tuzlainfo.ba\/wp-content\/uploads\/2021\/09\/0309_Kantonalni-sud-Tuzla.jpg","contentUrl":"https:\/\/tuzlainfo.ba\/wp-content\/uploads\/2021\/09\/0309_Kantonalni-sud-Tuzla.jpg","width":770,"height":517},{"@type":"BreadcrumbList","@id":"https:\/\/tuzlainfo.ba\/index.php\/novosti\/item\/173918-bakir-pjanic-i-ibrahim-muharemovic-osudjeni-na-po-sedam-godina-zatvora-u-predmetu-fortuna-gracanic\/#breadcrumb","itemListElement":[{"@type":"ListItem","position":1,"name":"Home","item":"https:\/\/tuzlainfo.ba\/"},{"@type":"ListItem","position":2,"name":"Kriminal u Fortuni Gra\u010danica: Direktorima i ste\u010dajnom upravniku odre\u017eene zatvorske kazne"}]},{"@type":"WebSite","@id":"https:\/\/tuzlainfo.ba\/#website","url":"https:\/\/tuzlainfo.ba\/","name":"TuzlaInfo.ba","description":"Tuzla info, gradski informator - Tuzla na dlanu","publisher":{"@id":"https:\/\/tuzlainfo.ba\/#organization"},"potentialAction":[{"@type":"SearchAction","target":{"@type":"EntryPoint","urlTemplate":"https:\/\/tuzlainfo.ba\/?s={search_term_string}"},"query-input":{"@type":"PropertyValueSpecification","valueRequired":true,"valueName":"search_term_string"}}],"inLanguage":"bs-BA"},{"@type":"Organization","@id":"https:\/\/tuzlainfo.ba\/#organization","name":"TuzlaInfo.ba","url":"https:\/\/tuzlainfo.ba\/","logo":{"@type":"ImageObject","inLanguage":"bs-BA","@id":"https:\/\/tuzlainfo.ba\/#\/schema\/logo\/image\/","url":"https:\/\/tuzlainfo.ba\/wp-content\/uploads\/2021\/03\/logo-ver-3-1.png","contentUrl":"https:\/\/tuzlainfo.ba\/wp-content\/uploads\/2021\/03\/logo-ver-3-1.png","width":350,"height":95,"caption":"TuzlaInfo.ba"},"image":{"@id":"https:\/\/tuzlainfo.ba\/#\/schema\/logo\/image\/"},"sameAs":["https:\/\/www.facebook.com\/tuzlainfo.ba\/"]},{"@type":"Person","@id":"https:\/\/tuzlainfo.ba\/#\/schema\/person\/46cad4c57790cbc50781edd14870825a","name":"Tuzla Info","image":{"@type":"ImageObject","inLanguage":"bs-BA","@id":"https:\/\/tuzlainfo.ba\/#\/schema\/person\/image\/","url":"https:\/\/tuzlainfo.ba\/wp-content\/litespeed\/avatar\/b6c453a6c38e3654f2e4416c643fc25c.jpg?ver=1777051911","contentUrl":"https:\/\/tuzlainfo.ba\/wp-content\/litespeed\/avatar\/b6c453a6c38e3654f2e4416c643fc25c.jpg?ver=1777051911","caption":"Tuzla Info"}}]}},"_links":{"self":[{"href":"https:\/\/tuzlainfo.ba\/index.php\/wp-json\/wp\/v2\/posts\/173918"}],"collection":[{"href":"https:\/\/tuzlainfo.ba\/index.php\/wp-json\/wp\/v2\/posts"}],"about":[{"href":"https:\/\/tuzlainfo.ba\/index.php\/wp-json\/wp\/v2\/types\/post"}],"author":[{"embeddable":true,"href":"https:\/\/tuzlainfo.ba\/index.php\/wp-json\/wp\/v2\/users\/4"}],"replies":[{"embeddable":true,"href":"https:\/\/tuzlainfo.ba\/index.php\/wp-json\/wp\/v2\/comments?post=173918"}],"version-history":[{"count":0,"href":"https:\/\/tuzlainfo.ba\/index.php\/wp-json\/wp\/v2\/posts\/173918\/revisions"}],"wp:featuredmedia":[{"embeddable":true,"href":"https:\/\/tuzlainfo.ba\/index.php\/wp-json\/wp\/v2\/media\/146735"}],"wp:attachment":[{"href":"https:\/\/tuzlainfo.ba\/index.php\/wp-json\/wp\/v2\/media?parent=173918"}],"wp:term":[{"taxonomy":"category","embeddable":true,"href":"https:\/\/tuzlainfo.ba\/index.php\/wp-json\/wp\/v2\/categories?post=173918"},{"taxonomy":"post_tag","embeddable":true,"href":"https:\/\/tuzlainfo.ba\/index.php\/wp-json\/wp\/v2\/tags?post=173918"}],"curies":[{"name":"wp","href":"https:\/\/api.w.org\/{rel}","templated":true}]}}