{"id":173871,"date":"2022-06-01T09:14:06","date_gmt":"2022-06-01T07:14:06","guid":{"rendered":"https:\/\/tuzlainfo.ba\/?p=173871"},"modified":"2022-06-01T08:44:38","modified_gmt":"2022-06-01T06:44:38","slug":"sve-je-spremno-za-kupanje-i-suncanje-danas-otvorenje-ljetne-sezone-na-panonskim-jezerima","status":"publish","type":"post","link":"https:\/\/tuzlainfo.ba\/index.php\/novosti\/item\/173871-sve-je-spremno-za-kupanje-i-suncanje-danas-otvorenje-ljetne-sezone-na-panonskim-jezerima\/","title":{"rendered":"Sve je spremno za kupanje i sun\u010danje: Danas otvorenje ljetne sezone na Panonskim jezerima"},"content":{"rendered":"<p><strong>Danas \u0107e biti otvorena nova sezona na Panonskim jezerima.<\/strong> Prvi kupa\u010di su ve\u0107 iskoristili tople dane i prije otvorenja sezona, pa su tako jezera ovih dana bila puna posjetilaca. Isto se o\u010dekuje i danas, kao i narednih dana s obzirom da slijedi period lijepog vremena i visokih temperatura.<\/p>\n<p>&#8220;S obzirom na povoljne vremenske prognoze za predstoje\u0107i period, u srijedu 1. juna 2022.godine zvani\u010dno po\u010dinje ljetna sezona rada kompleksa slanih Panonskih jezera u Tuzli. Jo\u0161 pro\u0161le sedmice su zavr\u0161ene dugotrajne velike pripreme za otvaranje ovogodi\u0161nje ljetnje sezone na sva tri jezera sa rezultatom ekolo\u0161ki potpuno ure\u0111enog prostora jezera i pogonski spremnim energetskim i filterskim postrojenjima. Nadle\u017ena ovla\u0161tena institucija je izdala certifikat o visokoj kvaliteti slane vode u jezerima, \u010dime su se stekli svi zakonski uslovi za otvaranje ovogodi\u0161nje ljetne sezone. I ove godine \u0107e Panonika zadr\u017eati i pobolj\u0161ati dostignute visoke standarde ekolo\u0161kog odr\u017eavanja kompleksa, brige o sigurnosti gostiju, rekreacije, zabave i ugostiteljskih usluga&#8221; &#8211; saop\u0107ili su iz JKP Panonika.<\/p>\n<p><strong>Dodaju i da broj ulazaka na kompleks nije ograni\u010den.\u00a0<\/strong><\/p>\n<p>&#8220;Sezonskim, mjese\u010dnim i sedmi\u010dnim ulaznicama nije ograni\u010den dnevni broj ulazaka u kompleks jezera, a poslijepodnevna ulaznica se odnosi na period dana od 16:30 sati. Djeca do 2 godine starosti i invalidi 100% ne pla\u0107aju ulaz. Prilikom prvog ulaska u kompleks, dozvoljeno je uno\u0161enje hrane i bezalkoholnih pi\u0107a u plasti\u010dnoj ambala\u017ei kao i pla\u017enog mobilijara (suncobran, stolica, le\u017ealjka). Prodaja ulaznica i ulazak na kompleks je do 19 sati. Radno vrijeme kompleksa Panonike tokom juna mjeseca je od 08h do 20h, a tokom jula i augusta mjeseca jedan sat ranije i du\u017ee&#8221; &#8211; dodaju iz preduze\u0107a Panonika.<\/p>\n<div dir=\"auto\"><strong>Sve\u010dano otvaranje ljetne sezone 2022 bit \u0107e uprili\u010deno od 10. do 12.juna 2022.godine cjelodnevnim zabavnim programima Pannonica&amp;Bingo Summer Day\u00a0 i ve\u010dernjim koncertima muzi\u010dkih grupa CRVENA JABUKA u petak 10. juna i HELEM NEJSE+MUHA u subotu 11. juna ove godine.<\/strong><\/div>\n","protected":false},"excerpt":{"rendered":"<p>Danas \u0107e biti otvorena nova sezona na Panonskim jezerima. Prvi kupa\u010di su ve\u0107 iskoristili tople&hellip;<\/p>\n","protected":false},"author":4,"featured_media":141967,"comment_status":"open","ping_status":"closed","sticky":false,"template":"","format":"standard","meta":{"_acf_changed":false,"footnotes":""},"categories":[304,12],"tags":[3121,46],"acf":[],"yoast_head":"<!-- This site is optimized with the Yoast SEO plugin v23.5 - https:\/\/yoast.com\/wordpress\/plugins\/seo\/ -->\n<title>Sve je spremno za kupanje i sun\u010danje: Danas otvorenje ljetne sezone na Panonskim jezerima - TuzlaInfo.ba<\/title>\n<meta name=\"robots\" content=\"index, follow, max-snippet:-1, max-image-preview:large, max-video-preview:-1\" \/>\n<link rel=\"canonical\" href=\"https:\/\/tuzlainfo.ba\/index.php\/novosti\/item\/173871-sve-je-spremno-za-kupanje-i-suncanje-danas-otvorenje-ljetne-sezone-na-panonskim-jezerima\/\" \/>\n<meta property=\"og:locale\" content=\"bs_BA\" \/>\n<meta property=\"og:type\" content=\"article\" \/>\n<meta property=\"og:title\" content=\"Sve je spremno za kupanje i sun\u010danje: Danas otvorenje ljetne sezone na Panonskim jezerima - TuzlaInfo.ba\" \/>\n<meta property=\"og:description\" content=\"Danas \u0107e biti otvorena nova sezona na Panonskim jezerima. Prvi kupa\u010di su ve\u0107 iskoristili tople&hellip;\" \/>\n<meta property=\"og:url\" content=\"https:\/\/tuzlainfo.ba\/index.php\/novosti\/item\/173871-sve-je-spremno-za-kupanje-i-suncanje-danas-otvorenje-ljetne-sezone-na-panonskim-jezerima\/\" \/>\n<meta property=\"og:site_name\" content=\"TuzlaInfo.ba\" \/>\n<meta property=\"article:publisher\" content=\"https:\/\/www.facebook.com\/tuzlainfo.ba\/\" \/>\n<meta property=\"article:published_time\" content=\"2022-06-01T07:14:06+00:00\" \/>\n<meta property=\"article:modified_time\" content=\"2022-06-01T06:44:38+00:00\" \/>\n<meta property=\"og:image\" content=\"https:\/\/tuzlainfo.ba\/wp-content\/uploads\/2021\/07\/1407_panonska_jezera.jpg\" \/>\n\t<meta property=\"og:image:width\" content=\"1200\" \/>\n\t<meta property=\"og:image:height\" content=\"675\" \/>\n\t<meta property=\"og:image:type\" content=\"image\/jpeg\" \/>\n<meta name=\"author\" content=\"Tuzla Info\" \/>\n<meta name=\"twitter:card\" content=\"summary_large_image\" \/>\n<meta name=\"twitter:label1\" content=\"Written by\" \/>\n\t<meta name=\"twitter:data1\" content=\"Tuzla Info\" \/>\n\t<meta name=\"twitter:label2\" content=\"Est. reading time\" \/>\n\t<meta name=\"twitter:data2\" content=\"2 minute\" \/>\n<script type=\"application\/ld+json\" class=\"yoast-schema-graph\">{\"@context\":\"https:\/\/schema.org\",\"@graph\":[{\"@type\":\"Article\",\"@id\":\"https:\/\/tuzlainfo.ba\/index.php\/novosti\/item\/173871-sve-je-spremno-za-kupanje-i-suncanje-danas-otvorenje-ljetne-sezone-na-panonskim-jezerima\/#article\",\"isPartOf\":{\"@id\":\"https:\/\/tuzlainfo.ba\/index.php\/novosti\/item\/173871-sve-je-spremno-za-kupanje-i-suncanje-danas-otvorenje-ljetne-sezone-na-panonskim-jezerima\/\"},\"author\":{\"name\":\"Tuzla Info\",\"@id\":\"https:\/\/tuzlainfo.ba\/#\/schema\/person\/46cad4c57790cbc50781edd14870825a\"},\"headline\":\"Sve je spremno za kupanje i sun\u010danje: Danas otvorenje ljetne sezone na Panonskim jezerima\",\"datePublished\":\"2022-06-01T07:14:06+00:00\",\"dateModified\":\"2022-06-01T06:44:38+00:00\",\"mainEntityOfPage\":{\"@id\":\"https:\/\/tuzlainfo.ba\/index.php\/novosti\/item\/173871-sve-je-spremno-za-kupanje-i-suncanje-danas-otvorenje-ljetne-sezone-na-panonskim-jezerima\/\"},\"wordCount\":345,\"commentCount\":0,\"publisher\":{\"@id\":\"https:\/\/tuzlainfo.ba\/#organization\"},\"image\":{\"@id\":\"https:\/\/tuzlainfo.ba\/index.php\/novosti\/item\/173871-sve-je-spremno-za-kupanje-i-suncanje-danas-otvorenje-ljetne-sezone-na-panonskim-jezerima\/#primaryimage\"},\"thumbnailUrl\":\"https:\/\/tuzlainfo.ba\/wp-content\/uploads\/2021\/07\/1407_panonska_jezera.jpg\",\"keywords\":[\"JKP Panonika\",\"panonska jezera\"],\"articleSection\":[\"Istaknuto\",\"Novosti\"],\"inLanguage\":\"bs-BA\"},{\"@type\":\"WebPage\",\"@id\":\"https:\/\/tuzlainfo.ba\/index.php\/novosti\/item\/173871-sve-je-spremno-za-kupanje-i-suncanje-danas-otvorenje-ljetne-sezone-na-panonskim-jezerima\/\",\"url\":\"https:\/\/tuzlainfo.ba\/index.php\/novosti\/item\/173871-sve-je-spremno-za-kupanje-i-suncanje-danas-otvorenje-ljetne-sezone-na-panonskim-jezerima\/\",\"name\":\"Sve je spremno za kupanje i sun\u010danje: Danas otvorenje ljetne sezone na Panonskim jezerima - TuzlaInfo.ba\",\"isPartOf\":{\"@id\":\"https:\/\/tuzlainfo.ba\/#website\"},\"primaryImageOfPage\":{\"@id\":\"https:\/\/tuzlainfo.ba\/index.php\/novosti\/item\/173871-sve-je-spremno-za-kupanje-i-suncanje-danas-otvorenje-ljetne-sezone-na-panonskim-jezerima\/#primaryimage\"},\"image\":{\"@id\":\"https:\/\/tuzlainfo.ba\/index.php\/novosti\/item\/173871-sve-je-spremno-za-kupanje-i-suncanje-danas-otvorenje-ljetne-sezone-na-panonskim-jezerima\/#primaryimage\"},\"thumbnailUrl\":\"https:\/\/tuzlainfo.ba\/wp-content\/uploads\/2021\/07\/1407_panonska_jezera.jpg\",\"datePublished\":\"2022-06-01T07:14:06+00:00\",\"dateModified\":\"2022-06-01T06:44:38+00:00\",\"breadcrumb\":{\"@id\":\"https:\/\/tuzlainfo.ba\/index.php\/novosti\/item\/173871-sve-je-spremno-za-kupanje-i-suncanje-danas-otvorenje-ljetne-sezone-na-panonskim-jezerima\/#breadcrumb\"},\"inLanguage\":\"bs-BA\",\"potentialAction\":[{\"@type\":\"ReadAction\",\"target\":[\"https:\/\/tuzlainfo.ba\/index.php\/novosti\/item\/173871-sve-je-spremno-za-kupanje-i-suncanje-danas-otvorenje-ljetne-sezone-na-panonskim-jezerima\/\"]}]},{\"@type\":\"ImageObject\",\"inLanguage\":\"bs-BA\",\"@id\":\"https:\/\/tuzlainfo.ba\/index.php\/novosti\/item\/173871-sve-je-spremno-za-kupanje-i-suncanje-danas-otvorenje-ljetne-sezone-na-panonskim-jezerima\/#primaryimage\",\"url\":\"https:\/\/tuzlainfo.ba\/wp-content\/uploads\/2021\/07\/1407_panonska_jezera.jpg\",\"contentUrl\":\"https:\/\/tuzlainfo.ba\/wp-content\/uploads\/2021\/07\/1407_panonska_jezera.jpg\",\"width\":1200,\"height\":675},{\"@type\":\"BreadcrumbList\",\"@id\":\"https:\/\/tuzlainfo.ba\/index.php\/novosti\/item\/173871-sve-je-spremno-za-kupanje-i-suncanje-danas-otvorenje-ljetne-sezone-na-panonskim-jezerima\/#breadcrumb\",\"itemListElement\":[{\"@type\":\"ListItem\",\"position\":1,\"name\":\"Home\",\"item\":\"https:\/\/tuzlainfo.ba\/\"},{\"@type\":\"ListItem\",\"position\":2,\"name\":\"Sve je spremno za kupanje i sun\u010danje: Danas otvorenje ljetne sezone na Panonskim jezerima\"}]},{\"@type\":\"WebSite\",\"@id\":\"https:\/\/tuzlainfo.ba\/#website\",\"url\":\"https:\/\/tuzlainfo.ba\/\",\"name\":\"TuzlaInfo.ba\",\"description\":\"Tuzla info, gradski informator - Tuzla na dlanu\",\"publisher\":{\"@id\":\"https:\/\/tuzlainfo.ba\/#organization\"},\"potentialAction\":[{\"@type\":\"SearchAction\",\"target\":{\"@type\":\"EntryPoint\",\"urlTemplate\":\"https:\/\/tuzlainfo.ba\/?s={search_term_string}\"},\"query-input\":{\"@type\":\"PropertyValueSpecification\",\"valueRequired\":true,\"valueName\":\"search_term_string\"}}],\"inLanguage\":\"bs-BA\"},{\"@type\":\"Organization\",\"@id\":\"https:\/\/tuzlainfo.ba\/#organization\",\"name\":\"TuzlaInfo.ba\",\"url\":\"https:\/\/tuzlainfo.ba\/\",\"logo\":{\"@type\":\"ImageObject\",\"inLanguage\":\"bs-BA\",\"@id\":\"https:\/\/tuzlainfo.ba\/#\/schema\/logo\/image\/\",\"url\":\"https:\/\/tuzlainfo.ba\/wp-content\/uploads\/2021\/03\/logo-ver-3-1.png\",\"contentUrl\":\"https:\/\/tuzlainfo.ba\/wp-content\/uploads\/2021\/03\/logo-ver-3-1.png\",\"width\":350,\"height\":95,\"caption\":\"TuzlaInfo.ba\"},\"image\":{\"@id\":\"https:\/\/tuzlainfo.ba\/#\/schema\/logo\/image\/\"},\"sameAs\":[\"https:\/\/www.facebook.com\/tuzlainfo.ba\/\"]},{\"@type\":\"Person\",\"@id\":\"https:\/\/tuzlainfo.ba\/#\/schema\/person\/46cad4c57790cbc50781edd14870825a\",\"name\":\"Tuzla Info\",\"image\":{\"@type\":\"ImageObject\",\"inLanguage\":\"bs-BA\",\"@id\":\"https:\/\/tuzlainfo.ba\/#\/schema\/person\/image\/\",\"url\":\"https:\/\/tuzlainfo.ba\/wp-content\/litespeed\/avatar\/b6c453a6c38e3654f2e4416c643fc25c.jpg?ver=1777051911\",\"contentUrl\":\"https:\/\/tuzlainfo.ba\/wp-content\/litespeed\/avatar\/b6c453a6c38e3654f2e4416c643fc25c.jpg?ver=1777051911\",\"caption\":\"Tuzla Info\"}}]}<\/script>\n<!-- \/ Yoast SEO plugin. -->","yoast_head_json":{"title":"Sve je spremno za kupanje i sun\u010danje: Danas otvorenje ljetne sezone na Panonskim jezerima - TuzlaInfo.ba","robots":{"index":"index","follow":"follow","max-snippet":"max-snippet:-1","max-image-preview":"max-image-preview:large","max-video-preview":"max-video-preview:-1"},"canonical":"https:\/\/tuzlainfo.ba\/index.php\/novosti\/item\/173871-sve-je-spremno-za-kupanje-i-suncanje-danas-otvorenje-ljetne-sezone-na-panonskim-jezerima\/","og_locale":"bs_BA","og_type":"article","og_title":"Sve je spremno za kupanje i sun\u010danje: Danas otvorenje ljetne sezone na Panonskim jezerima - TuzlaInfo.ba","og_description":"Danas \u0107e biti otvorena nova sezona na Panonskim jezerima. Prvi kupa\u010di su ve\u0107 iskoristili tople&hellip;","og_url":"https:\/\/tuzlainfo.ba\/index.php\/novosti\/item\/173871-sve-je-spremno-za-kupanje-i-suncanje-danas-otvorenje-ljetne-sezone-na-panonskim-jezerima\/","og_site_name":"TuzlaInfo.ba","article_publisher":"https:\/\/www.facebook.com\/tuzlainfo.ba\/","article_published_time":"2022-06-01T07:14:06+00:00","article_modified_time":"2022-06-01T06:44:38+00:00","og_image":[{"width":1200,"height":675,"url":"https:\/\/tuzlainfo.ba\/wp-content\/uploads\/2021\/07\/1407_panonska_jezera.jpg","type":"image\/jpeg"}],"author":"Tuzla Info","twitter_card":"summary_large_image","twitter_misc":{"Written by":"Tuzla Info","Est. reading time":"2 minute"},"schema":{"@context":"https:\/\/schema.org","@graph":[{"@type":"Article","@id":"https:\/\/tuzlainfo.ba\/index.php\/novosti\/item\/173871-sve-je-spremno-za-kupanje-i-suncanje-danas-otvorenje-ljetne-sezone-na-panonskim-jezerima\/#article","isPartOf":{"@id":"https:\/\/tuzlainfo.ba\/index.php\/novosti\/item\/173871-sve-je-spremno-za-kupanje-i-suncanje-danas-otvorenje-ljetne-sezone-na-panonskim-jezerima\/"},"author":{"name":"Tuzla Info","@id":"https:\/\/tuzlainfo.ba\/#\/schema\/person\/46cad4c57790cbc50781edd14870825a"},"headline":"Sve je spremno za kupanje i sun\u010danje: Danas otvorenje ljetne sezone na Panonskim jezerima","datePublished":"2022-06-01T07:14:06+00:00","dateModified":"2022-06-01T06:44:38+00:00","mainEntityOfPage":{"@id":"https:\/\/tuzlainfo.ba\/index.php\/novosti\/item\/173871-sve-je-spremno-za-kupanje-i-suncanje-danas-otvorenje-ljetne-sezone-na-panonskim-jezerima\/"},"wordCount":345,"commentCount":0,"publisher":{"@id":"https:\/\/tuzlainfo.ba\/#organization"},"image":{"@id":"https:\/\/tuzlainfo.ba\/index.php\/novosti\/item\/173871-sve-je-spremno-za-kupanje-i-suncanje-danas-otvorenje-ljetne-sezone-na-panonskim-jezerima\/#primaryimage"},"thumbnailUrl":"https:\/\/tuzlainfo.ba\/wp-content\/uploads\/2021\/07\/1407_panonska_jezera.jpg","keywords":["JKP Panonika","panonska jezera"],"articleSection":["Istaknuto","Novosti"],"inLanguage":"bs-BA"},{"@type":"WebPage","@id":"https:\/\/tuzlainfo.ba\/index.php\/novosti\/item\/173871-sve-je-spremno-za-kupanje-i-suncanje-danas-otvorenje-ljetne-sezone-na-panonskim-jezerima\/","url":"https:\/\/tuzlainfo.ba\/index.php\/novosti\/item\/173871-sve-je-spremno-za-kupanje-i-suncanje-danas-otvorenje-ljetne-sezone-na-panonskim-jezerima\/","name":"Sve je spremno za kupanje i sun\u010danje: Danas otvorenje ljetne sezone na Panonskim jezerima - TuzlaInfo.ba","isPartOf":{"@id":"https:\/\/tuzlainfo.ba\/#website"},"primaryImageOfPage":{"@id":"https:\/\/tuzlainfo.ba\/index.php\/novosti\/item\/173871-sve-je-spremno-za-kupanje-i-suncanje-danas-otvorenje-ljetne-sezone-na-panonskim-jezerima\/#primaryimage"},"image":{"@id":"https:\/\/tuzlainfo.ba\/index.php\/novosti\/item\/173871-sve-je-spremno-za-kupanje-i-suncanje-danas-otvorenje-ljetne-sezone-na-panonskim-jezerima\/#primaryimage"},"thumbnailUrl":"https:\/\/tuzlainfo.ba\/wp-content\/uploads\/2021\/07\/1407_panonska_jezera.jpg","datePublished":"2022-06-01T07:14:06+00:00","dateModified":"2022-06-01T06:44:38+00:00","breadcrumb":{"@id":"https:\/\/tuzlainfo.ba\/index.php\/novosti\/item\/173871-sve-je-spremno-za-kupanje-i-suncanje-danas-otvorenje-ljetne-sezone-na-panonskim-jezerima\/#breadcrumb"},"inLanguage":"bs-BA","potentialAction":[{"@type":"ReadAction","target":["https:\/\/tuzlainfo.ba\/index.php\/novosti\/item\/173871-sve-je-spremno-za-kupanje-i-suncanje-danas-otvorenje-ljetne-sezone-na-panonskim-jezerima\/"]}]},{"@type":"ImageObject","inLanguage":"bs-BA","@id":"https:\/\/tuzlainfo.ba\/index.php\/novosti\/item\/173871-sve-je-spremno-za-kupanje-i-suncanje-danas-otvorenje-ljetne-sezone-na-panonskim-jezerima\/#primaryimage","url":"https:\/\/tuzlainfo.ba\/wp-content\/uploads\/2021\/07\/1407_panonska_jezera.jpg","contentUrl":"https:\/\/tuzlainfo.ba\/wp-content\/uploads\/2021\/07\/1407_panonska_jezera.jpg","width":1200,"height":675},{"@type":"BreadcrumbList","@id":"https:\/\/tuzlainfo.ba\/index.php\/novosti\/item\/173871-sve-je-spremno-za-kupanje-i-suncanje-danas-otvorenje-ljetne-sezone-na-panonskim-jezerima\/#breadcrumb","itemListElement":[{"@type":"ListItem","position":1,"name":"Home","item":"https:\/\/tuzlainfo.ba\/"},{"@type":"ListItem","position":2,"name":"Sve je spremno za kupanje i sun\u010danje: Danas otvorenje ljetne sezone na Panonskim jezerima"}]},{"@type":"WebSite","@id":"https:\/\/tuzlainfo.ba\/#website","url":"https:\/\/tuzlainfo.ba\/","name":"TuzlaInfo.ba","description":"Tuzla info, gradski informator - Tuzla na dlanu","publisher":{"@id":"https:\/\/tuzlainfo.ba\/#organization"},"potentialAction":[{"@type":"SearchAction","target":{"@type":"EntryPoint","urlTemplate":"https:\/\/tuzlainfo.ba\/?s={search_term_string}"},"query-input":{"@type":"PropertyValueSpecification","valueRequired":true,"valueName":"search_term_string"}}],"inLanguage":"bs-BA"},{"@type":"Organization","@id":"https:\/\/tuzlainfo.ba\/#organization","name":"TuzlaInfo.ba","url":"https:\/\/tuzlainfo.ba\/","logo":{"@type":"ImageObject","inLanguage":"bs-BA","@id":"https:\/\/tuzlainfo.ba\/#\/schema\/logo\/image\/","url":"https:\/\/tuzlainfo.ba\/wp-content\/uploads\/2021\/03\/logo-ver-3-1.png","contentUrl":"https:\/\/tuzlainfo.ba\/wp-content\/uploads\/2021\/03\/logo-ver-3-1.png","width":350,"height":95,"caption":"TuzlaInfo.ba"},"image":{"@id":"https:\/\/tuzlainfo.ba\/#\/schema\/logo\/image\/"},"sameAs":["https:\/\/www.facebook.com\/tuzlainfo.ba\/"]},{"@type":"Person","@id":"https:\/\/tuzlainfo.ba\/#\/schema\/person\/46cad4c57790cbc50781edd14870825a","name":"Tuzla Info","image":{"@type":"ImageObject","inLanguage":"bs-BA","@id":"https:\/\/tuzlainfo.ba\/#\/schema\/person\/image\/","url":"https:\/\/tuzlainfo.ba\/wp-content\/litespeed\/avatar\/b6c453a6c38e3654f2e4416c643fc25c.jpg?ver=1777051911","contentUrl":"https:\/\/tuzlainfo.ba\/wp-content\/litespeed\/avatar\/b6c453a6c38e3654f2e4416c643fc25c.jpg?ver=1777051911","caption":"Tuzla Info"}}]}},"_links":{"self":[{"href":"https:\/\/tuzlainfo.ba\/index.php\/wp-json\/wp\/v2\/posts\/173871"}],"collection":[{"href":"https:\/\/tuzlainfo.ba\/index.php\/wp-json\/wp\/v2\/posts"}],"about":[{"href":"https:\/\/tuzlainfo.ba\/index.php\/wp-json\/wp\/v2\/types\/post"}],"author":[{"embeddable":true,"href":"https:\/\/tuzlainfo.ba\/index.php\/wp-json\/wp\/v2\/users\/4"}],"replies":[{"embeddable":true,"href":"https:\/\/tuzlainfo.ba\/index.php\/wp-json\/wp\/v2\/comments?post=173871"}],"version-history":[{"count":0,"href":"https:\/\/tuzlainfo.ba\/index.php\/wp-json\/wp\/v2\/posts\/173871\/revisions"}],"wp:featuredmedia":[{"embeddable":true,"href":"https:\/\/tuzlainfo.ba\/index.php\/wp-json\/wp\/v2\/media\/141967"}],"wp:attachment":[{"href":"https:\/\/tuzlainfo.ba\/index.php\/wp-json\/wp\/v2\/media?parent=173871"}],"wp:term":[{"taxonomy":"category","embeddable":true,"href":"https:\/\/tuzlainfo.ba\/index.php\/wp-json\/wp\/v2\/categories?post=173871"},{"taxonomy":"post_tag","embeddable":true,"href":"https:\/\/tuzlainfo.ba\/index.php\/wp-json\/wp\/v2\/tags?post=173871"}],"curies":[{"name":"wp","href":"https:\/\/api.w.org\/{rel}","templated":true}]}}