{"id":173859,"date":"2022-05-31T12:00:02","date_gmt":"2022-05-31T10:00:02","guid":{"rendered":"https:\/\/tuzlainfo.ba\/?p=173859"},"modified":"2022-05-31T09:21:35","modified_gmt":"2022-05-31T07:21:35","slug":"svjetski-dan-bez-duhanskog-dima-duhan-godisnje-ubije-vise-od-osam-miliona-ljudi","status":"publish","type":"post","link":"https:\/\/tuzlainfo.ba\/index.php\/magazin\/item\/173859-svjetski-dan-bez-duhanskog-dima-duhan-godisnje-ubije-vise-od-osam-miliona-ljudi\/","title":{"rendered":"Svjetski dan bez duhanskog dima: Duhan godi\u0161nje ubije vi\u0161e od osam miliona ljudi"},"content":{"rendered":"<p>Svjetska zdravstvena organizacija (SZO &#8211; WHO World Health Organisation) ve\u0107 godinama 31. maj obilje\u017eava Svjetskim danom bez duhanskog dima. \u0160tetni utjecaj duhanske industrije na \u017eivotnu sredinu je ogroman i sve ve\u0107i, dodaju\u0107i nepotreban pritisak na ionako oskudne resurse na\u0161e planete i krhke ekosisteme, saop\u0107eno je iz Instituta za zdravlje i sigurnost hrane Zenica (INZ).<\/p>\n<p>Kako je povodom ovog datuma saop\u0107ila WHO, duhan ubija vi\u0161e od osam miliona ljudi, pu\u0161a\u010da i nepu\u0161a\u010da svake godine, te dodatno uni\u0161tava na\u0161u okolinu, dodatno \u0161teti ljudskom zdravlju, kroz uzgoj, proizvodnju, distribuciju, potro\u0161nju i otpad nakon konzumiranja. Crne statistike ka\u017eu da je posije\u010deno vi\u0161e od 600 miliona stabala radi proizvodnje cigareta, da je u atmosferu ispu\u0161teno 84 \u00a0miliona tona CO2, podi\u017eu\u0107i globalnu temperaturu Planete, te da je vi\u0161e od 22 milijarde tona vode iskori\u0161teno zbog pravljena cigareta.<\/p>\n<p>Cilj Svjetskog dana bez duhanskog dima je \u0161irenje svijesti o rizicima upotrebe duhana i kako svijet mo\u017eemo osloboditi duhana. \u0160tetnost konzumacije cigareta i upotreba nargila za srce uglavnom uzrokuju nikotin i ugljen monoksid zbog svoje prisutnosti u dimu cigarete.<\/p>\n<p>&#8211; Nikotin pove\u0107ava potrebu srca za kisikom i hranjivim materijama, dok ugljen monoksid smanjuje sposobnost krvi da osigura srcu potrebnu koli\u010dinu kisika &#8211; ka\u017eu u INZ-u.<\/p>\n<p>Slu\u017eba za \u0161kolsku higijenu ovog instituta intenzivno radi na podizanju svijesti kod djece i omladine kroz redovne aktivnosti i preventivne preglede, edukacije o zdravoj prehrani, o\u010duvanju okoline i zdravog odrastanja. te u\u010destalim edukacijama djece, nastavnog osoblja i roditelja na oja\u010davanju zajednice na svim poljima, a sve u cilju pobolj\u0161anja \u017eivotnih navika.<\/p>\n<p>&#8211; Zdravlje je najve\u0107a vrijednost svakog pojedinca.\u00a0Ne mo\u017eemo birati zdravlje, ali mo\u017eemo izabrati zdrav na\u010din \u017eivota kako kod djece tako i kod odraslih. Zdrav na\u010din \u017eivota nije ne\u0161to \u0161to nam je dato ili uro\u0111eno, ve\u0107 se mora strpljivo razvijati i njegovati tokom \u017eivota. Praktikovanje zdravog na\u010dina \u017eivota zna\u010dajno unapre\u0111uje zdravlje \u010dovjeka na mnogo na\u010dina. \u00a0Da bi se \u010dovjek nazvao zdravim, mora imati dobar preduslov, a to je dobar balans u \u017eivotu &#8211; istakli su.<\/p>\n<p>Vode\u0107i uzroci smrti stanovni\u0161tva Federacije BiH ve\u0107 godinama su oboljenja cirkulatornog sistema s udjelom od vi\u0161e od 50 posto svih uzroka (stopa 508,2\/100.000 stanovnika), nakon \u010dega slijede maligne neoplazme sa 22,3 posto udjela (stopa 219,6\/100.000 stanovnika) \u0161to predstavlja \u00a0pove\u0107anje iz godine u godinu. Ove dvije grupe oboljenja \u010dine oko tri \u010detvrtine svih uzroka smrti. Jedan od glavnih riziko faktora za ova oboljenja je \u2013 dokazano \u2013 pu\u0161enje cigareta, saop\u0107eno je iz\u00a0Instituta za zdravlje i sigurnost hrane Zenica.<\/p>\n","protected":false},"excerpt":{"rendered":"<p>Svjetska zdravstvena organizacija (SZO &#8211; WHO World Health Organisation) ve\u0107 godinama 31. maj obilje\u017eava Svjetskim&hellip;<\/p>\n","protected":false},"author":4,"featured_media":173863,"comment_status":"open","ping_status":"closed","sticky":false,"template":"","format":"standard","meta":{"_acf_changed":false,"footnotes":""},"categories":[304,292],"tags":[867,4846],"acf":[],"yoast_head":"<!-- This site is optimized with the Yoast SEO plugin v23.5 - https:\/\/yoast.com\/wordpress\/plugins\/seo\/ -->\n<title>Svjetski dan bez duhanskog dima: Duhan godi\u0161nje ubije vi\u0161e od osam miliona ljudi - TuzlaInfo.ba<\/title>\n<meta name=\"robots\" content=\"index, follow, max-snippet:-1, max-image-preview:large, max-video-preview:-1\" \/>\n<link rel=\"canonical\" href=\"https:\/\/tuzlainfo.ba\/index.php\/magazin\/item\/173859-svjetski-dan-bez-duhanskog-dima-duhan-godisnje-ubije-vise-od-osam-miliona-ljudi\/\" \/>\n<meta property=\"og:locale\" content=\"bs_BA\" \/>\n<meta property=\"og:type\" content=\"article\" \/>\n<meta property=\"og:title\" content=\"Svjetski dan bez duhanskog dima: Duhan godi\u0161nje ubije vi\u0161e od osam miliona ljudi - TuzlaInfo.ba\" \/>\n<meta property=\"og:description\" content=\"Svjetska zdravstvena organizacija (SZO &#8211; WHO World Health Organisation) ve\u0107 godinama 31. maj obilje\u017eava Svjetskim&hellip;\" \/>\n<meta property=\"og:url\" content=\"https:\/\/tuzlainfo.ba\/index.php\/magazin\/item\/173859-svjetski-dan-bez-duhanskog-dima-duhan-godisnje-ubije-vise-od-osam-miliona-ljudi\/\" \/>\n<meta property=\"og:site_name\" content=\"TuzlaInfo.ba\" \/>\n<meta property=\"article:publisher\" content=\"https:\/\/www.facebook.com\/tuzlainfo.ba\/\" \/>\n<meta property=\"article:published_time\" content=\"2022-05-31T10:00:02+00:00\" \/>\n<meta property=\"article:modified_time\" content=\"2022-05-31T07:21:35+00:00\" \/>\n<meta property=\"og:image\" content=\"https:\/\/tuzlainfo.ba\/wp-content\/uploads\/2022\/05\/3105_duhanski-dim.jpeg\" \/>\n\t<meta property=\"og:image:width\" content=\"1024\" \/>\n\t<meta property=\"og:image:height\" content=\"475\" \/>\n\t<meta property=\"og:image:type\" content=\"image\/jpeg\" \/>\n<meta name=\"author\" content=\"Tuzla Info\" \/>\n<meta name=\"twitter:card\" content=\"summary_large_image\" \/>\n<meta name=\"twitter:label1\" content=\"Written by\" \/>\n\t<meta name=\"twitter:data1\" content=\"Tuzla Info\" \/>\n\t<meta name=\"twitter:label2\" content=\"Est. reading time\" \/>\n\t<meta name=\"twitter:data2\" content=\"2 minute\" \/>\n<script type=\"application\/ld+json\" class=\"yoast-schema-graph\">{\"@context\":\"https:\/\/schema.org\",\"@graph\":[{\"@type\":\"Article\",\"@id\":\"https:\/\/tuzlainfo.ba\/index.php\/magazin\/item\/173859-svjetski-dan-bez-duhanskog-dima-duhan-godisnje-ubije-vise-od-osam-miliona-ljudi\/#article\",\"isPartOf\":{\"@id\":\"https:\/\/tuzlainfo.ba\/index.php\/magazin\/item\/173859-svjetski-dan-bez-duhanskog-dima-duhan-godisnje-ubije-vise-od-osam-miliona-ljudi\/\"},\"author\":{\"name\":\"Tuzla Info\",\"@id\":\"https:\/\/tuzlainfo.ba\/#\/schema\/person\/46cad4c57790cbc50781edd14870825a\"},\"headline\":\"Svjetski dan bez duhanskog dima: Duhan godi\u0161nje ubije vi\u0161e od osam miliona ljudi\",\"datePublished\":\"2022-05-31T10:00:02+00:00\",\"dateModified\":\"2022-05-31T07:21:35+00:00\",\"mainEntityOfPage\":{\"@id\":\"https:\/\/tuzlainfo.ba\/index.php\/magazin\/item\/173859-svjetski-dan-bez-duhanskog-dima-duhan-godisnje-ubije-vise-od-osam-miliona-ljudi\/\"},\"wordCount\":453,\"commentCount\":0,\"publisher\":{\"@id\":\"https:\/\/tuzlainfo.ba\/#organization\"},\"image\":{\"@id\":\"https:\/\/tuzlainfo.ba\/index.php\/magazin\/item\/173859-svjetski-dan-bez-duhanskog-dima-duhan-godisnje-ubije-vise-od-osam-miliona-ljudi\/#primaryimage\"},\"thumbnailUrl\":\"https:\/\/tuzlainfo.ba\/wp-content\/uploads\/2022\/05\/3105_duhanski-dim.jpeg\",\"keywords\":[\"duhan\",\"duhanski dim\"],\"articleSection\":[\"Istaknuto\",\"Magazin\"],\"inLanguage\":\"bs-BA\"},{\"@type\":\"WebPage\",\"@id\":\"https:\/\/tuzlainfo.ba\/index.php\/magazin\/item\/173859-svjetski-dan-bez-duhanskog-dima-duhan-godisnje-ubije-vise-od-osam-miliona-ljudi\/\",\"url\":\"https:\/\/tuzlainfo.ba\/index.php\/magazin\/item\/173859-svjetski-dan-bez-duhanskog-dima-duhan-godisnje-ubije-vise-od-osam-miliona-ljudi\/\",\"name\":\"Svjetski dan bez duhanskog dima: Duhan godi\u0161nje ubije vi\u0161e od osam miliona ljudi - TuzlaInfo.ba\",\"isPartOf\":{\"@id\":\"https:\/\/tuzlainfo.ba\/#website\"},\"primaryImageOfPage\":{\"@id\":\"https:\/\/tuzlainfo.ba\/index.php\/magazin\/item\/173859-svjetski-dan-bez-duhanskog-dima-duhan-godisnje-ubije-vise-od-osam-miliona-ljudi\/#primaryimage\"},\"image\":{\"@id\":\"https:\/\/tuzlainfo.ba\/index.php\/magazin\/item\/173859-svjetski-dan-bez-duhanskog-dima-duhan-godisnje-ubije-vise-od-osam-miliona-ljudi\/#primaryimage\"},\"thumbnailUrl\":\"https:\/\/tuzlainfo.ba\/wp-content\/uploads\/2022\/05\/3105_duhanski-dim.jpeg\",\"datePublished\":\"2022-05-31T10:00:02+00:00\",\"dateModified\":\"2022-05-31T07:21:35+00:00\",\"breadcrumb\":{\"@id\":\"https:\/\/tuzlainfo.ba\/index.php\/magazin\/item\/173859-svjetski-dan-bez-duhanskog-dima-duhan-godisnje-ubije-vise-od-osam-miliona-ljudi\/#breadcrumb\"},\"inLanguage\":\"bs-BA\",\"potentialAction\":[{\"@type\":\"ReadAction\",\"target\":[\"https:\/\/tuzlainfo.ba\/index.php\/magazin\/item\/173859-svjetski-dan-bez-duhanskog-dima-duhan-godisnje-ubije-vise-od-osam-miliona-ljudi\/\"]}]},{\"@type\":\"ImageObject\",\"inLanguage\":\"bs-BA\",\"@id\":\"https:\/\/tuzlainfo.ba\/index.php\/magazin\/item\/173859-svjetski-dan-bez-duhanskog-dima-duhan-godisnje-ubije-vise-od-osam-miliona-ljudi\/#primaryimage\",\"url\":\"https:\/\/tuzlainfo.ba\/wp-content\/uploads\/2022\/05\/3105_duhanski-dim.jpeg\",\"contentUrl\":\"https:\/\/tuzlainfo.ba\/wp-content\/uploads\/2022\/05\/3105_duhanski-dim.jpeg\",\"width\":1024,\"height\":475},{\"@type\":\"BreadcrumbList\",\"@id\":\"https:\/\/tuzlainfo.ba\/index.php\/magazin\/item\/173859-svjetski-dan-bez-duhanskog-dima-duhan-godisnje-ubije-vise-od-osam-miliona-ljudi\/#breadcrumb\",\"itemListElement\":[{\"@type\":\"ListItem\",\"position\":1,\"name\":\"Home\",\"item\":\"https:\/\/tuzlainfo.ba\/\"},{\"@type\":\"ListItem\",\"position\":2,\"name\":\"Svjetski dan bez duhanskog dima: Duhan godi\u0161nje ubije vi\u0161e od osam miliona ljudi\"}]},{\"@type\":\"WebSite\",\"@id\":\"https:\/\/tuzlainfo.ba\/#website\",\"url\":\"https:\/\/tuzlainfo.ba\/\",\"name\":\"TuzlaInfo.ba\",\"description\":\"Tuzla info, gradski informator - Tuzla na dlanu\",\"publisher\":{\"@id\":\"https:\/\/tuzlainfo.ba\/#organization\"},\"potentialAction\":[{\"@type\":\"SearchAction\",\"target\":{\"@type\":\"EntryPoint\",\"urlTemplate\":\"https:\/\/tuzlainfo.ba\/?s={search_term_string}\"},\"query-input\":{\"@type\":\"PropertyValueSpecification\",\"valueRequired\":true,\"valueName\":\"search_term_string\"}}],\"inLanguage\":\"bs-BA\"},{\"@type\":\"Organization\",\"@id\":\"https:\/\/tuzlainfo.ba\/#organization\",\"name\":\"TuzlaInfo.ba\",\"url\":\"https:\/\/tuzlainfo.ba\/\",\"logo\":{\"@type\":\"ImageObject\",\"inLanguage\":\"bs-BA\",\"@id\":\"https:\/\/tuzlainfo.ba\/#\/schema\/logo\/image\/\",\"url\":\"https:\/\/tuzlainfo.ba\/wp-content\/uploads\/2021\/03\/logo-ver-3-1.png\",\"contentUrl\":\"https:\/\/tuzlainfo.ba\/wp-content\/uploads\/2021\/03\/logo-ver-3-1.png\",\"width\":350,\"height\":95,\"caption\":\"TuzlaInfo.ba\"},\"image\":{\"@id\":\"https:\/\/tuzlainfo.ba\/#\/schema\/logo\/image\/\"},\"sameAs\":[\"https:\/\/www.facebook.com\/tuzlainfo.ba\/\"]},{\"@type\":\"Person\",\"@id\":\"https:\/\/tuzlainfo.ba\/#\/schema\/person\/46cad4c57790cbc50781edd14870825a\",\"name\":\"Tuzla Info\",\"image\":{\"@type\":\"ImageObject\",\"inLanguage\":\"bs-BA\",\"@id\":\"https:\/\/tuzlainfo.ba\/#\/schema\/person\/image\/\",\"url\":\"https:\/\/tuzlainfo.ba\/wp-content\/litespeed\/avatar\/b6c453a6c38e3654f2e4416c643fc25c.jpg?ver=1777051911\",\"contentUrl\":\"https:\/\/tuzlainfo.ba\/wp-content\/litespeed\/avatar\/b6c453a6c38e3654f2e4416c643fc25c.jpg?ver=1777051911\",\"caption\":\"Tuzla Info\"}}]}<\/script>\n<!-- \/ Yoast SEO plugin. -->","yoast_head_json":{"title":"Svjetski dan bez duhanskog dima: Duhan godi\u0161nje ubije vi\u0161e od osam miliona ljudi - TuzlaInfo.ba","robots":{"index":"index","follow":"follow","max-snippet":"max-snippet:-1","max-image-preview":"max-image-preview:large","max-video-preview":"max-video-preview:-1"},"canonical":"https:\/\/tuzlainfo.ba\/index.php\/magazin\/item\/173859-svjetski-dan-bez-duhanskog-dima-duhan-godisnje-ubije-vise-od-osam-miliona-ljudi\/","og_locale":"bs_BA","og_type":"article","og_title":"Svjetski dan bez duhanskog dima: Duhan godi\u0161nje ubije vi\u0161e od osam miliona ljudi - TuzlaInfo.ba","og_description":"Svjetska zdravstvena organizacija (SZO &#8211; WHO World Health Organisation) ve\u0107 godinama 31. maj obilje\u017eava Svjetskim&hellip;","og_url":"https:\/\/tuzlainfo.ba\/index.php\/magazin\/item\/173859-svjetski-dan-bez-duhanskog-dima-duhan-godisnje-ubije-vise-od-osam-miliona-ljudi\/","og_site_name":"TuzlaInfo.ba","article_publisher":"https:\/\/www.facebook.com\/tuzlainfo.ba\/","article_published_time":"2022-05-31T10:00:02+00:00","article_modified_time":"2022-05-31T07:21:35+00:00","og_image":[{"width":1024,"height":475,"url":"https:\/\/tuzlainfo.ba\/wp-content\/uploads\/2022\/05\/3105_duhanski-dim.jpeg","type":"image\/jpeg"}],"author":"Tuzla Info","twitter_card":"summary_large_image","twitter_misc":{"Written by":"Tuzla Info","Est. reading time":"2 minute"},"schema":{"@context":"https:\/\/schema.org","@graph":[{"@type":"Article","@id":"https:\/\/tuzlainfo.ba\/index.php\/magazin\/item\/173859-svjetski-dan-bez-duhanskog-dima-duhan-godisnje-ubije-vise-od-osam-miliona-ljudi\/#article","isPartOf":{"@id":"https:\/\/tuzlainfo.ba\/index.php\/magazin\/item\/173859-svjetski-dan-bez-duhanskog-dima-duhan-godisnje-ubije-vise-od-osam-miliona-ljudi\/"},"author":{"name":"Tuzla Info","@id":"https:\/\/tuzlainfo.ba\/#\/schema\/person\/46cad4c57790cbc50781edd14870825a"},"headline":"Svjetski dan bez duhanskog dima: Duhan godi\u0161nje ubije vi\u0161e od osam miliona ljudi","datePublished":"2022-05-31T10:00:02+00:00","dateModified":"2022-05-31T07:21:35+00:00","mainEntityOfPage":{"@id":"https:\/\/tuzlainfo.ba\/index.php\/magazin\/item\/173859-svjetski-dan-bez-duhanskog-dima-duhan-godisnje-ubije-vise-od-osam-miliona-ljudi\/"},"wordCount":453,"commentCount":0,"publisher":{"@id":"https:\/\/tuzlainfo.ba\/#organization"},"image":{"@id":"https:\/\/tuzlainfo.ba\/index.php\/magazin\/item\/173859-svjetski-dan-bez-duhanskog-dima-duhan-godisnje-ubije-vise-od-osam-miliona-ljudi\/#primaryimage"},"thumbnailUrl":"https:\/\/tuzlainfo.ba\/wp-content\/uploads\/2022\/05\/3105_duhanski-dim.jpeg","keywords":["duhan","duhanski dim"],"articleSection":["Istaknuto","Magazin"],"inLanguage":"bs-BA"},{"@type":"WebPage","@id":"https:\/\/tuzlainfo.ba\/index.php\/magazin\/item\/173859-svjetski-dan-bez-duhanskog-dima-duhan-godisnje-ubije-vise-od-osam-miliona-ljudi\/","url":"https:\/\/tuzlainfo.ba\/index.php\/magazin\/item\/173859-svjetski-dan-bez-duhanskog-dima-duhan-godisnje-ubije-vise-od-osam-miliona-ljudi\/","name":"Svjetski dan bez duhanskog dima: Duhan godi\u0161nje ubije vi\u0161e od osam miliona ljudi - TuzlaInfo.ba","isPartOf":{"@id":"https:\/\/tuzlainfo.ba\/#website"},"primaryImageOfPage":{"@id":"https:\/\/tuzlainfo.ba\/index.php\/magazin\/item\/173859-svjetski-dan-bez-duhanskog-dima-duhan-godisnje-ubije-vise-od-osam-miliona-ljudi\/#primaryimage"},"image":{"@id":"https:\/\/tuzlainfo.ba\/index.php\/magazin\/item\/173859-svjetski-dan-bez-duhanskog-dima-duhan-godisnje-ubije-vise-od-osam-miliona-ljudi\/#primaryimage"},"thumbnailUrl":"https:\/\/tuzlainfo.ba\/wp-content\/uploads\/2022\/05\/3105_duhanski-dim.jpeg","datePublished":"2022-05-31T10:00:02+00:00","dateModified":"2022-05-31T07:21:35+00:00","breadcrumb":{"@id":"https:\/\/tuzlainfo.ba\/index.php\/magazin\/item\/173859-svjetski-dan-bez-duhanskog-dima-duhan-godisnje-ubije-vise-od-osam-miliona-ljudi\/#breadcrumb"},"inLanguage":"bs-BA","potentialAction":[{"@type":"ReadAction","target":["https:\/\/tuzlainfo.ba\/index.php\/magazin\/item\/173859-svjetski-dan-bez-duhanskog-dima-duhan-godisnje-ubije-vise-od-osam-miliona-ljudi\/"]}]},{"@type":"ImageObject","inLanguage":"bs-BA","@id":"https:\/\/tuzlainfo.ba\/index.php\/magazin\/item\/173859-svjetski-dan-bez-duhanskog-dima-duhan-godisnje-ubije-vise-od-osam-miliona-ljudi\/#primaryimage","url":"https:\/\/tuzlainfo.ba\/wp-content\/uploads\/2022\/05\/3105_duhanski-dim.jpeg","contentUrl":"https:\/\/tuzlainfo.ba\/wp-content\/uploads\/2022\/05\/3105_duhanski-dim.jpeg","width":1024,"height":475},{"@type":"BreadcrumbList","@id":"https:\/\/tuzlainfo.ba\/index.php\/magazin\/item\/173859-svjetski-dan-bez-duhanskog-dima-duhan-godisnje-ubije-vise-od-osam-miliona-ljudi\/#breadcrumb","itemListElement":[{"@type":"ListItem","position":1,"name":"Home","item":"https:\/\/tuzlainfo.ba\/"},{"@type":"ListItem","position":2,"name":"Svjetski dan bez duhanskog dima: Duhan godi\u0161nje ubije vi\u0161e od osam miliona ljudi"}]},{"@type":"WebSite","@id":"https:\/\/tuzlainfo.ba\/#website","url":"https:\/\/tuzlainfo.ba\/","name":"TuzlaInfo.ba","description":"Tuzla info, gradski informator - Tuzla na dlanu","publisher":{"@id":"https:\/\/tuzlainfo.ba\/#organization"},"potentialAction":[{"@type":"SearchAction","target":{"@type":"EntryPoint","urlTemplate":"https:\/\/tuzlainfo.ba\/?s={search_term_string}"},"query-input":{"@type":"PropertyValueSpecification","valueRequired":true,"valueName":"search_term_string"}}],"inLanguage":"bs-BA"},{"@type":"Organization","@id":"https:\/\/tuzlainfo.ba\/#organization","name":"TuzlaInfo.ba","url":"https:\/\/tuzlainfo.ba\/","logo":{"@type":"ImageObject","inLanguage":"bs-BA","@id":"https:\/\/tuzlainfo.ba\/#\/schema\/logo\/image\/","url":"https:\/\/tuzlainfo.ba\/wp-content\/uploads\/2021\/03\/logo-ver-3-1.png","contentUrl":"https:\/\/tuzlainfo.ba\/wp-content\/uploads\/2021\/03\/logo-ver-3-1.png","width":350,"height":95,"caption":"TuzlaInfo.ba"},"image":{"@id":"https:\/\/tuzlainfo.ba\/#\/schema\/logo\/image\/"},"sameAs":["https:\/\/www.facebook.com\/tuzlainfo.ba\/"]},{"@type":"Person","@id":"https:\/\/tuzlainfo.ba\/#\/schema\/person\/46cad4c57790cbc50781edd14870825a","name":"Tuzla Info","image":{"@type":"ImageObject","inLanguage":"bs-BA","@id":"https:\/\/tuzlainfo.ba\/#\/schema\/person\/image\/","url":"https:\/\/tuzlainfo.ba\/wp-content\/litespeed\/avatar\/b6c453a6c38e3654f2e4416c643fc25c.jpg?ver=1777051911","contentUrl":"https:\/\/tuzlainfo.ba\/wp-content\/litespeed\/avatar\/b6c453a6c38e3654f2e4416c643fc25c.jpg?ver=1777051911","caption":"Tuzla Info"}}]}},"_links":{"self":[{"href":"https:\/\/tuzlainfo.ba\/index.php\/wp-json\/wp\/v2\/posts\/173859"}],"collection":[{"href":"https:\/\/tuzlainfo.ba\/index.php\/wp-json\/wp\/v2\/posts"}],"about":[{"href":"https:\/\/tuzlainfo.ba\/index.php\/wp-json\/wp\/v2\/types\/post"}],"author":[{"embeddable":true,"href":"https:\/\/tuzlainfo.ba\/index.php\/wp-json\/wp\/v2\/users\/4"}],"replies":[{"embeddable":true,"href":"https:\/\/tuzlainfo.ba\/index.php\/wp-json\/wp\/v2\/comments?post=173859"}],"version-history":[{"count":0,"href":"https:\/\/tuzlainfo.ba\/index.php\/wp-json\/wp\/v2\/posts\/173859\/revisions"}],"wp:featuredmedia":[{"embeddable":true,"href":"https:\/\/tuzlainfo.ba\/index.php\/wp-json\/wp\/v2\/media\/173863"}],"wp:attachment":[{"href":"https:\/\/tuzlainfo.ba\/index.php\/wp-json\/wp\/v2\/media?parent=173859"}],"wp:term":[{"taxonomy":"category","embeddable":true,"href":"https:\/\/tuzlainfo.ba\/index.php\/wp-json\/wp\/v2\/categories?post=173859"},{"taxonomy":"post_tag","embeddable":true,"href":"https:\/\/tuzlainfo.ba\/index.php\/wp-json\/wp\/v2\/tags?post=173859"}],"curies":[{"name":"wp","href":"https:\/\/api.w.org\/{rel}","templated":true}]}}