{"id":173826,"date":"2022-05-31T08:00:26","date_gmt":"2022-05-31T06:00:26","guid":{"rendered":"https:\/\/tuzlainfo.ba\/?p=173826"},"modified":"2022-05-30T20:46:17","modified_gmt":"2022-05-30T18:46:17","slug":"racunari-pametne-table-projektori-dvije-skole-u-tuzli-dobile-stem-ucionice","status":"publish","type":"post","link":"https:\/\/tuzlainfo.ba\/index.php\/novosti\/item\/173826-racunari-pametne-table-projektori-dvije-skole-u-tuzli-dobile-stem-ucionice\/","title":{"rendered":"Ra\u010dunari, pametne table, projektori&#8230;: Dvije \u0161kole u Tuzli dobile STEM u\u010dionice"},"content":{"rendered":"<p>U sklopu projekta \u201eBoljom upravom do br\u017eeg ekonomskog rasta, EGG, kojeg financira Norwegian Embassy in Sarajevo, a implementira UNDPBiH, danas je Elektrotehni\u010dkoj \u0161koli Tuzla i O\u0160 \u201cNovi Grad\u201d Tuzla uru\u010dena vrijedna STEM i IT oprema.<\/p>\n<p>Oprema uklju\u010duje prvi kontingent setova ra\u010dunara, pametnih tabli, projektora i kompleta za u\u010denje robotike, \u010dime \u0107e\u00a0 biti premljene posebne STEM u\u010dionice u ovim \u0161kolama.<\/p>\n<p>Ovim intervencijama do sada je u \u0161kolama \u0161irom \u00a0opremljeno 30 STEM u\u010dionica.<\/p>\n<div id=\"penci-post-gallery__89057\" class=\"penci-post-gallery-container justified column-3\" data-height=\"150\" data-margin=\"3\"><a class=\"item-gallery-justified\" href=\"https:\/\/tuzlainfo.ba\/wp-content\/uploads\/2022\/05\/3005_stem_ucionica-1.jpg\"><img decoding=\"async\" src=\"https:\/\/tuzlainfo.ba\/wp-content\/uploads\/2022\/05\/3005_stem_ucionica-1-585x329.jpg\" alt=\"\" title=\"3005_stem_ucionica (1)\"><\/a><a class=\"item-gallery-justified\" href=\"https:\/\/tuzlainfo.ba\/wp-content\/uploads\/2022\/05\/3005_stem_ucionica-5.jpg\"><img decoding=\"async\" src=\"https:\/\/tuzlainfo.ba\/wp-content\/uploads\/2022\/05\/3005_stem_ucionica-5-585x780.jpg\" alt=\"\" title=\"3005_stem_ucionica (5)\"><\/a><a class=\"item-gallery-justified\" href=\"https:\/\/tuzlainfo.ba\/wp-content\/uploads\/2022\/05\/3005_stem_ucionica-4.jpg\"><img decoding=\"async\" src=\"https:\/\/tuzlainfo.ba\/wp-content\/uploads\/2022\/05\/3005_stem_ucionica-4-585x439.jpg\" alt=\"\" title=\"3005_stem_ucionica (4)\"><\/a><a class=\"item-gallery-justified\" href=\"https:\/\/tuzlainfo.ba\/wp-content\/uploads\/2022\/05\/3005_stem_ucionica-3.jpg\"><img decoding=\"async\" src=\"https:\/\/tuzlainfo.ba\/wp-content\/uploads\/2022\/05\/3005_stem_ucionica-3-585x439.jpg\" alt=\"\" title=\"3005_stem_ucionica (3)\"><\/a><a class=\"item-gallery-justified\" href=\"https:\/\/tuzlainfo.ba\/wp-content\/uploads\/2022\/05\/3005_stem_ucionica-2.jpg\"><img decoding=\"async\" src=\"https:\/\/tuzlainfo.ba\/wp-content\/uploads\/2022\/05\/3005_stem_ucionica-2-585x263.jpg\" alt=\"\" title=\"3005_stem_ucionica (2)\"><\/a><\/div>\n","protected":false},"excerpt":{"rendered":"<p>U sklopu projekta \u201eBoljom upravom do br\u017eeg ekonomskog rasta, EGG, kojeg financira Norwegian Embassy in&hellip;<\/p>\n","protected":false},"author":2,"featured_media":173831,"comment_status":"open","ping_status":"closed","sticky":false,"template":"","format":"standard","meta":{"_acf_changed":false,"footnotes":""},"categories":[304,12],"tags":[3149,4843],"acf":[],"yoast_head":"<!-- This site is optimized with the Yoast SEO plugin v23.5 - https:\/\/yoast.com\/wordpress\/plugins\/seo\/ -->\n<title>Ra\u010dunari, pametne table, projektori...: Dvije \u0161kole u Tuzli dobile STEM u\u010dionice - TuzlaInfo.ba<\/title>\n<meta name=\"robots\" content=\"index, follow, max-snippet:-1, max-image-preview:large, max-video-preview:-1\" \/>\n<link rel=\"canonical\" href=\"https:\/\/tuzlainfo.ba\/index.php\/novosti\/item\/173826-racunari-pametne-table-projektori-dvije-skole-u-tuzli-dobile-stem-ucionice\/\" \/>\n<meta property=\"og:locale\" content=\"bs_BA\" \/>\n<meta property=\"og:type\" content=\"article\" \/>\n<meta property=\"og:title\" content=\"Ra\u010dunari, pametne table, projektori...: Dvije \u0161kole u Tuzli dobile STEM u\u010dionice - TuzlaInfo.ba\" \/>\n<meta property=\"og:description\" content=\"U sklopu projekta \u201eBoljom upravom do br\u017eeg ekonomskog rasta, EGG, kojeg financira Norwegian Embassy in&hellip;\" \/>\n<meta property=\"og:url\" content=\"https:\/\/tuzlainfo.ba\/index.php\/novosti\/item\/173826-racunari-pametne-table-projektori-dvije-skole-u-tuzli-dobile-stem-ucionice\/\" \/>\n<meta property=\"og:site_name\" content=\"TuzlaInfo.ba\" \/>\n<meta property=\"article:publisher\" content=\"https:\/\/www.facebook.com\/tuzlainfo.ba\/\" \/>\n<meta property=\"article:published_time\" content=\"2022-05-31T06:00:26+00:00\" \/>\n<meta property=\"article:modified_time\" content=\"2022-05-30T18:46:17+00:00\" \/>\n<meta property=\"og:image\" content=\"https:\/\/tuzlainfo.ba\/wp-content\/uploads\/2022\/05\/3005_stem_ucionica-1.jpg\" \/>\n\t<meta property=\"og:image:width\" content=\"1600\" \/>\n\t<meta property=\"og:image:height\" content=\"900\" \/>\n\t<meta property=\"og:image:type\" content=\"image\/jpeg\" \/>\n<meta name=\"author\" content=\"nedim\" \/>\n<meta name=\"twitter:card\" content=\"summary_large_image\" \/>\n<meta name=\"twitter:label1\" content=\"Written by\" \/>\n\t<meta name=\"twitter:data1\" content=\"nedim\" \/>\n<script type=\"application\/ld+json\" class=\"yoast-schema-graph\">{\"@context\":\"https:\/\/schema.org\",\"@graph\":[{\"@type\":\"Article\",\"@id\":\"https:\/\/tuzlainfo.ba\/index.php\/novosti\/item\/173826-racunari-pametne-table-projektori-dvije-skole-u-tuzli-dobile-stem-ucionice\/#article\",\"isPartOf\":{\"@id\":\"https:\/\/tuzlainfo.ba\/index.php\/novosti\/item\/173826-racunari-pametne-table-projektori-dvije-skole-u-tuzli-dobile-stem-ucionice\/\"},\"author\":{\"name\":\"nedim\",\"@id\":\"https:\/\/tuzlainfo.ba\/#\/schema\/person\/f434e20dc27ea133923aab08451b7f7f\"},\"headline\":\"Ra\u010dunari, pametne table, projektori&#8230;: Dvije \u0161kole u Tuzli dobile STEM u\u010dionice\",\"datePublished\":\"2022-05-31T06:00:26+00:00\",\"dateModified\":\"2022-05-30T18:46:17+00:00\",\"mainEntityOfPage\":{\"@id\":\"https:\/\/tuzlainfo.ba\/index.php\/novosti\/item\/173826-racunari-pametne-table-projektori-dvije-skole-u-tuzli-dobile-stem-ucionice\/\"},\"wordCount\":94,\"commentCount\":0,\"publisher\":{\"@id\":\"https:\/\/tuzlainfo.ba\/#organization\"},\"image\":{\"@id\":\"https:\/\/tuzlainfo.ba\/index.php\/novosti\/item\/173826-racunari-pametne-table-projektori-dvije-skole-u-tuzli-dobile-stem-ucionice\/#primaryimage\"},\"thumbnailUrl\":\"https:\/\/tuzlainfo.ba\/wp-content\/uploads\/2022\/05\/3005_stem_ucionica-1.jpg\",\"keywords\":[\"Elektrotehni\u010dka \u0161kola\",\"o\u0161 novi grad\"],\"articleSection\":[\"Istaknuto\",\"Novosti\"],\"inLanguage\":\"bs-BA\"},{\"@type\":\"WebPage\",\"@id\":\"https:\/\/tuzlainfo.ba\/index.php\/novosti\/item\/173826-racunari-pametne-table-projektori-dvije-skole-u-tuzli-dobile-stem-ucionice\/\",\"url\":\"https:\/\/tuzlainfo.ba\/index.php\/novosti\/item\/173826-racunari-pametne-table-projektori-dvije-skole-u-tuzli-dobile-stem-ucionice\/\",\"name\":\"Ra\u010dunari, pametne table, projektori...: Dvije \u0161kole u Tuzli dobile STEM u\u010dionice - TuzlaInfo.ba\",\"isPartOf\":{\"@id\":\"https:\/\/tuzlainfo.ba\/#website\"},\"primaryImageOfPage\":{\"@id\":\"https:\/\/tuzlainfo.ba\/index.php\/novosti\/item\/173826-racunari-pametne-table-projektori-dvije-skole-u-tuzli-dobile-stem-ucionice\/#primaryimage\"},\"image\":{\"@id\":\"https:\/\/tuzlainfo.ba\/index.php\/novosti\/item\/173826-racunari-pametne-table-projektori-dvije-skole-u-tuzli-dobile-stem-ucionice\/#primaryimage\"},\"thumbnailUrl\":\"https:\/\/tuzlainfo.ba\/wp-content\/uploads\/2022\/05\/3005_stem_ucionica-1.jpg\",\"datePublished\":\"2022-05-31T06:00:26+00:00\",\"dateModified\":\"2022-05-30T18:46:17+00:00\",\"breadcrumb\":{\"@id\":\"https:\/\/tuzlainfo.ba\/index.php\/novosti\/item\/173826-racunari-pametne-table-projektori-dvije-skole-u-tuzli-dobile-stem-ucionice\/#breadcrumb\"},\"inLanguage\":\"bs-BA\",\"potentialAction\":[{\"@type\":\"ReadAction\",\"target\":[\"https:\/\/tuzlainfo.ba\/index.php\/novosti\/item\/173826-racunari-pametne-table-projektori-dvije-skole-u-tuzli-dobile-stem-ucionice\/\"]}]},{\"@type\":\"ImageObject\",\"inLanguage\":\"bs-BA\",\"@id\":\"https:\/\/tuzlainfo.ba\/index.php\/novosti\/item\/173826-racunari-pametne-table-projektori-dvije-skole-u-tuzli-dobile-stem-ucionice\/#primaryimage\",\"url\":\"https:\/\/tuzlainfo.ba\/wp-content\/uploads\/2022\/05\/3005_stem_ucionica-1.jpg\",\"contentUrl\":\"https:\/\/tuzlainfo.ba\/wp-content\/uploads\/2022\/05\/3005_stem_ucionica-1.jpg\",\"width\":1600,\"height\":900},{\"@type\":\"BreadcrumbList\",\"@id\":\"https:\/\/tuzlainfo.ba\/index.php\/novosti\/item\/173826-racunari-pametne-table-projektori-dvije-skole-u-tuzli-dobile-stem-ucionice\/#breadcrumb\",\"itemListElement\":[{\"@type\":\"ListItem\",\"position\":1,\"name\":\"Home\",\"item\":\"https:\/\/tuzlainfo.ba\/\"},{\"@type\":\"ListItem\",\"position\":2,\"name\":\"Ra\u010dunari, pametne table, projektori&#8230;: Dvije \u0161kole u Tuzli dobile STEM u\u010dionice\"}]},{\"@type\":\"WebSite\",\"@id\":\"https:\/\/tuzlainfo.ba\/#website\",\"url\":\"https:\/\/tuzlainfo.ba\/\",\"name\":\"TuzlaInfo.ba\",\"description\":\"Tuzla info, gradski informator - Tuzla na dlanu\",\"publisher\":{\"@id\":\"https:\/\/tuzlainfo.ba\/#organization\"},\"potentialAction\":[{\"@type\":\"SearchAction\",\"target\":{\"@type\":\"EntryPoint\",\"urlTemplate\":\"https:\/\/tuzlainfo.ba\/?s={search_term_string}\"},\"query-input\":{\"@type\":\"PropertyValueSpecification\",\"valueRequired\":true,\"valueName\":\"search_term_string\"}}],\"inLanguage\":\"bs-BA\"},{\"@type\":\"Organization\",\"@id\":\"https:\/\/tuzlainfo.ba\/#organization\",\"name\":\"TuzlaInfo.ba\",\"url\":\"https:\/\/tuzlainfo.ba\/\",\"logo\":{\"@type\":\"ImageObject\",\"inLanguage\":\"bs-BA\",\"@id\":\"https:\/\/tuzlainfo.ba\/#\/schema\/logo\/image\/\",\"url\":\"https:\/\/tuzlainfo.ba\/wp-content\/uploads\/2021\/03\/logo-ver-3-1.png\",\"contentUrl\":\"https:\/\/tuzlainfo.ba\/wp-content\/uploads\/2021\/03\/logo-ver-3-1.png\",\"width\":350,\"height\":95,\"caption\":\"TuzlaInfo.ba\"},\"image\":{\"@id\":\"https:\/\/tuzlainfo.ba\/#\/schema\/logo\/image\/\"},\"sameAs\":[\"https:\/\/www.facebook.com\/tuzlainfo.ba\/\"]},{\"@type\":\"Person\",\"@id\":\"https:\/\/tuzlainfo.ba\/#\/schema\/person\/f434e20dc27ea133923aab08451b7f7f\",\"name\":\"nedim\",\"image\":{\"@type\":\"ImageObject\",\"inLanguage\":\"bs-BA\",\"@id\":\"https:\/\/tuzlainfo.ba\/#\/schema\/person\/image\/\",\"url\":\"https:\/\/tuzlainfo.ba\/wp-content\/litespeed\/avatar\/aabad687af24844af817603ac1cbdc4f.jpg?ver=1777306975\",\"contentUrl\":\"https:\/\/tuzlainfo.ba\/wp-content\/litespeed\/avatar\/aabad687af24844af817603ac1cbdc4f.jpg?ver=1777306975\",\"caption\":\"nedim\"},\"description\":\"Tuzlainfo.ba pratite na dru\u0161tvenim mre\u017eama: Facebook, Instagram i Youtube. Svoje pri\u010de, upite i fotografije \u0161aljite na na\u0161u e-mail adresu.\"}]}<\/script>\n<!-- \/ Yoast SEO plugin. -->","yoast_head_json":{"title":"Ra\u010dunari, pametne table, projektori...: Dvije \u0161kole u Tuzli dobile STEM u\u010dionice - TuzlaInfo.ba","robots":{"index":"index","follow":"follow","max-snippet":"max-snippet:-1","max-image-preview":"max-image-preview:large","max-video-preview":"max-video-preview:-1"},"canonical":"https:\/\/tuzlainfo.ba\/index.php\/novosti\/item\/173826-racunari-pametne-table-projektori-dvije-skole-u-tuzli-dobile-stem-ucionice\/","og_locale":"bs_BA","og_type":"article","og_title":"Ra\u010dunari, pametne table, projektori...: Dvije \u0161kole u Tuzli dobile STEM u\u010dionice - TuzlaInfo.ba","og_description":"U sklopu projekta \u201eBoljom upravom do br\u017eeg ekonomskog rasta, EGG, kojeg financira Norwegian Embassy in&hellip;","og_url":"https:\/\/tuzlainfo.ba\/index.php\/novosti\/item\/173826-racunari-pametne-table-projektori-dvije-skole-u-tuzli-dobile-stem-ucionice\/","og_site_name":"TuzlaInfo.ba","article_publisher":"https:\/\/www.facebook.com\/tuzlainfo.ba\/","article_published_time":"2022-05-31T06:00:26+00:00","article_modified_time":"2022-05-30T18:46:17+00:00","og_image":[{"width":1600,"height":900,"url":"https:\/\/tuzlainfo.ba\/wp-content\/uploads\/2022\/05\/3005_stem_ucionica-1.jpg","type":"image\/jpeg"}],"author":"nedim","twitter_card":"summary_large_image","twitter_misc":{"Written by":"nedim"},"schema":{"@context":"https:\/\/schema.org","@graph":[{"@type":"Article","@id":"https:\/\/tuzlainfo.ba\/index.php\/novosti\/item\/173826-racunari-pametne-table-projektori-dvije-skole-u-tuzli-dobile-stem-ucionice\/#article","isPartOf":{"@id":"https:\/\/tuzlainfo.ba\/index.php\/novosti\/item\/173826-racunari-pametne-table-projektori-dvije-skole-u-tuzli-dobile-stem-ucionice\/"},"author":{"name":"nedim","@id":"https:\/\/tuzlainfo.ba\/#\/schema\/person\/f434e20dc27ea133923aab08451b7f7f"},"headline":"Ra\u010dunari, pametne table, projektori&#8230;: Dvije \u0161kole u Tuzli dobile STEM u\u010dionice","datePublished":"2022-05-31T06:00:26+00:00","dateModified":"2022-05-30T18:46:17+00:00","mainEntityOfPage":{"@id":"https:\/\/tuzlainfo.ba\/index.php\/novosti\/item\/173826-racunari-pametne-table-projektori-dvije-skole-u-tuzli-dobile-stem-ucionice\/"},"wordCount":94,"commentCount":0,"publisher":{"@id":"https:\/\/tuzlainfo.ba\/#organization"},"image":{"@id":"https:\/\/tuzlainfo.ba\/index.php\/novosti\/item\/173826-racunari-pametne-table-projektori-dvije-skole-u-tuzli-dobile-stem-ucionice\/#primaryimage"},"thumbnailUrl":"https:\/\/tuzlainfo.ba\/wp-content\/uploads\/2022\/05\/3005_stem_ucionica-1.jpg","keywords":["Elektrotehni\u010dka \u0161kola","o\u0161 novi grad"],"articleSection":["Istaknuto","Novosti"],"inLanguage":"bs-BA"},{"@type":"WebPage","@id":"https:\/\/tuzlainfo.ba\/index.php\/novosti\/item\/173826-racunari-pametne-table-projektori-dvije-skole-u-tuzli-dobile-stem-ucionice\/","url":"https:\/\/tuzlainfo.ba\/index.php\/novosti\/item\/173826-racunari-pametne-table-projektori-dvije-skole-u-tuzli-dobile-stem-ucionice\/","name":"Ra\u010dunari, pametne table, projektori...: Dvije \u0161kole u Tuzli dobile STEM u\u010dionice - TuzlaInfo.ba","isPartOf":{"@id":"https:\/\/tuzlainfo.ba\/#website"},"primaryImageOfPage":{"@id":"https:\/\/tuzlainfo.ba\/index.php\/novosti\/item\/173826-racunari-pametne-table-projektori-dvije-skole-u-tuzli-dobile-stem-ucionice\/#primaryimage"},"image":{"@id":"https:\/\/tuzlainfo.ba\/index.php\/novosti\/item\/173826-racunari-pametne-table-projektori-dvije-skole-u-tuzli-dobile-stem-ucionice\/#primaryimage"},"thumbnailUrl":"https:\/\/tuzlainfo.ba\/wp-content\/uploads\/2022\/05\/3005_stem_ucionica-1.jpg","datePublished":"2022-05-31T06:00:26+00:00","dateModified":"2022-05-30T18:46:17+00:00","breadcrumb":{"@id":"https:\/\/tuzlainfo.ba\/index.php\/novosti\/item\/173826-racunari-pametne-table-projektori-dvije-skole-u-tuzli-dobile-stem-ucionice\/#breadcrumb"},"inLanguage":"bs-BA","potentialAction":[{"@type":"ReadAction","target":["https:\/\/tuzlainfo.ba\/index.php\/novosti\/item\/173826-racunari-pametne-table-projektori-dvije-skole-u-tuzli-dobile-stem-ucionice\/"]}]},{"@type":"ImageObject","inLanguage":"bs-BA","@id":"https:\/\/tuzlainfo.ba\/index.php\/novosti\/item\/173826-racunari-pametne-table-projektori-dvije-skole-u-tuzli-dobile-stem-ucionice\/#primaryimage","url":"https:\/\/tuzlainfo.ba\/wp-content\/uploads\/2022\/05\/3005_stem_ucionica-1.jpg","contentUrl":"https:\/\/tuzlainfo.ba\/wp-content\/uploads\/2022\/05\/3005_stem_ucionica-1.jpg","width":1600,"height":900},{"@type":"BreadcrumbList","@id":"https:\/\/tuzlainfo.ba\/index.php\/novosti\/item\/173826-racunari-pametne-table-projektori-dvije-skole-u-tuzli-dobile-stem-ucionice\/#breadcrumb","itemListElement":[{"@type":"ListItem","position":1,"name":"Home","item":"https:\/\/tuzlainfo.ba\/"},{"@type":"ListItem","position":2,"name":"Ra\u010dunari, pametne table, projektori&#8230;: Dvije \u0161kole u Tuzli dobile STEM u\u010dionice"}]},{"@type":"WebSite","@id":"https:\/\/tuzlainfo.ba\/#website","url":"https:\/\/tuzlainfo.ba\/","name":"TuzlaInfo.ba","description":"Tuzla info, gradski informator - Tuzla na dlanu","publisher":{"@id":"https:\/\/tuzlainfo.ba\/#organization"},"potentialAction":[{"@type":"SearchAction","target":{"@type":"EntryPoint","urlTemplate":"https:\/\/tuzlainfo.ba\/?s={search_term_string}"},"query-input":{"@type":"PropertyValueSpecification","valueRequired":true,"valueName":"search_term_string"}}],"inLanguage":"bs-BA"},{"@type":"Organization","@id":"https:\/\/tuzlainfo.ba\/#organization","name":"TuzlaInfo.ba","url":"https:\/\/tuzlainfo.ba\/","logo":{"@type":"ImageObject","inLanguage":"bs-BA","@id":"https:\/\/tuzlainfo.ba\/#\/schema\/logo\/image\/","url":"https:\/\/tuzlainfo.ba\/wp-content\/uploads\/2021\/03\/logo-ver-3-1.png","contentUrl":"https:\/\/tuzlainfo.ba\/wp-content\/uploads\/2021\/03\/logo-ver-3-1.png","width":350,"height":95,"caption":"TuzlaInfo.ba"},"image":{"@id":"https:\/\/tuzlainfo.ba\/#\/schema\/logo\/image\/"},"sameAs":["https:\/\/www.facebook.com\/tuzlainfo.ba\/"]},{"@type":"Person","@id":"https:\/\/tuzlainfo.ba\/#\/schema\/person\/f434e20dc27ea133923aab08451b7f7f","name":"nedim","image":{"@type":"ImageObject","inLanguage":"bs-BA","@id":"https:\/\/tuzlainfo.ba\/#\/schema\/person\/image\/","url":"https:\/\/tuzlainfo.ba\/wp-content\/litespeed\/avatar\/aabad687af24844af817603ac1cbdc4f.jpg?ver=1777306975","contentUrl":"https:\/\/tuzlainfo.ba\/wp-content\/litespeed\/avatar\/aabad687af24844af817603ac1cbdc4f.jpg?ver=1777306975","caption":"nedim"},"description":"Tuzlainfo.ba pratite na dru\u0161tvenim mre\u017eama: Facebook, Instagram i Youtube. Svoje pri\u010de, upite i fotografije \u0161aljite na na\u0161u e-mail adresu."}]}},"_links":{"self":[{"href":"https:\/\/tuzlainfo.ba\/index.php\/wp-json\/wp\/v2\/posts\/173826"}],"collection":[{"href":"https:\/\/tuzlainfo.ba\/index.php\/wp-json\/wp\/v2\/posts"}],"about":[{"href":"https:\/\/tuzlainfo.ba\/index.php\/wp-json\/wp\/v2\/types\/post"}],"author":[{"embeddable":true,"href":"https:\/\/tuzlainfo.ba\/index.php\/wp-json\/wp\/v2\/users\/2"}],"replies":[{"embeddable":true,"href":"https:\/\/tuzlainfo.ba\/index.php\/wp-json\/wp\/v2\/comments?post=173826"}],"version-history":[{"count":0,"href":"https:\/\/tuzlainfo.ba\/index.php\/wp-json\/wp\/v2\/posts\/173826\/revisions"}],"wp:featuredmedia":[{"embeddable":true,"href":"https:\/\/tuzlainfo.ba\/index.php\/wp-json\/wp\/v2\/media\/173831"}],"wp:attachment":[{"href":"https:\/\/tuzlainfo.ba\/index.php\/wp-json\/wp\/v2\/media?parent=173826"}],"wp:term":[{"taxonomy":"category","embeddable":true,"href":"https:\/\/tuzlainfo.ba\/index.php\/wp-json\/wp\/v2\/categories?post=173826"},{"taxonomy":"post_tag","embeddable":true,"href":"https:\/\/tuzlainfo.ba\/index.php\/wp-json\/wp\/v2\/tags?post=173826"}],"curies":[{"name":"wp","href":"https:\/\/api.w.org\/{rel}","templated":true}]}}