{"id":173728,"date":"2022-05-29T20:33:59","date_gmt":"2022-05-29T18:33:59","guid":{"rendered":"https:\/\/tuzlainfo.ba\/?p=173728"},"modified":"2022-05-29T20:33:59","modified_gmt":"2022-05-29T18:33:59","slug":"turkovic-sececija-u-bih-je-vec-pocela-eu-mora-sprijeciti-ruski-utjecaj","status":"publish","type":"post","link":"https:\/\/tuzlainfo.ba\/index.php\/bosna-i-hercegovina\/item\/173728-turkovic-sececija-u-bih-je-vec-pocela-eu-mora-sprijeciti-ruski-utjecaj\/","title":{"rendered":"Turkovi\u0107: Sececija u BiH je ve\u0107 po\u010dela, EU mora sprije\u010diti ruski utjecaj"},"content":{"rendered":"<div class=\"lead\">\n<p>Ministrica vanjskih poslova BiH Bisera Turkovi\u0107 u razgovoru za talijanski list Corriere della Sera kazala je kako Rusija prijeti BiH, te da su politi\u010dari koje ta dr\u017eava podr\u017eava po\u010deli sa destabilizacijom dr\u017eave \u010dija je jedina nada \u010dlanstvo u EU.<\/p>\n<p>&#8220;U BiH secesija je ve\u0107 po\u010dela, EU ima jednostavnu i jeftinu metodu da osigura da Balkan ne zavr\u0161i pod ruskim utjecajem. Neka prihvate na\u0161 zahtjev za kandidatski status u EU&#8221;, kazala je Turkovi\u0107.<\/p>\n<p>Iako je dugogodi\u0161nja diplomatkinja, Turkovi\u0107 veoma jasno i otvoreno alarmira me\u0111unarodnu zajednicu, navodi Corriere della Sera :<\/p>\n<p>&#8220;Zabrinuti smo, Moskva se \u017eeli vratiti u doba kada je bila velika, definitivno ne\u0107e stati i nastavit \u0107e da djeluje ne samo u Moldaviji i Transinistriji ve\u0107 i u na\u0161em regionu&#8221;.<\/p>\n<p>Turkovi\u0107 je istakla kako Srbija mora odlu\u010diti s kim je, da li sa EU ili sa Moskvom, te da ta dr\u017eava ne mo\u017ee htjeti postati dio EU a u isto vrijeme odr\u017eavati bliske i sna\u017ene veze sa Rusijom.<\/p>\n<p>&#8220;Ne znamo kako \u0107e se ta\u010dno oni pona\u0161ati u budu\u0107nosti i smatram kako je vrijeme da odlu\u010dimo gdje \u017eelimo da Zapadni Balkan ide&#8221;, stava je ministrica vanjskih poslova BiH.<\/p>\n<p>Turkovi\u0107 je kazala da Balkan geografski pripada Evropi, te da zvani\u010dni Brisel mora poduzeti korake da taj prostor za\u0161titi kako unutar njega interes ne bi \u0161irila neka druga sila.<\/p>\n<p>&#8220;Rekla bih da je secesija ve\u0107 po\u010dela. Postoje odluke koje je poduzela Republika Srpska koje idu u tom pravcu i koje \u0107e postati efektivne unutar jedne godine. Ako Milorad Dodik pobijedi na narednim izborima u oktobru, on \u0107e sigurno aktivirati svoje planove za Republiku Srpsku&#8221;, istakla je Turkovi\u0107.<\/p>\n<p>Stoga smatra da BiH mora postati zemlja kandidatkinja za \u010dlanstvo u EU \u0161to je prije mogu\u0107e jer bi to predstavljalo jasan signal svima u BiH.<\/p>\n<p>Turkovi\u0107 je za talijanski list kazala i da bi Ukrajina morala dobiti kandidatski status, te da je Rusija poslala signal i dr\u017eavama Balkana o njihovim euroatlanskim integracijama jer \u017eeli dominirati ovim prostorom. Ako Rusija ostvari kontrolu nad BiH, ministrica vanjskih poslova smatra da bi to zna\u010dilo kontrolu nad \u0161irom regijom, pi\u0161e Onasa.<\/p>\n<\/div>\n","protected":false},"excerpt":{"rendered":"<p>Ministrica vanjskih poslova BiH Bisera Turkovi\u0107 u razgovoru za talijanski list Corriere della Sera kazala&hellip;<\/p>\n","protected":false},"author":2,"featured_media":169364,"comment_status":"open","ping_status":"closed","sticky":false,"template":"","format":"standard","meta":{"_acf_changed":false,"footnotes":""},"categories":[291],"tags":[744],"acf":[],"yoast_head":"<!-- This site is optimized with the Yoast SEO plugin v23.5 - https:\/\/yoast.com\/wordpress\/plugins\/seo\/ -->\n<title>Turkovi\u0107: Sececija u BiH je ve\u0107 po\u010dela, EU mora sprije\u010diti ruski utjecaj - TuzlaInfo.ba<\/title>\n<meta name=\"robots\" content=\"index, follow, max-snippet:-1, max-image-preview:large, max-video-preview:-1\" \/>\n<link rel=\"canonical\" href=\"https:\/\/tuzlainfo.ba\/index.php\/bosna-i-hercegovina\/item\/173728-turkovic-sececija-u-bih-je-vec-pocela-eu-mora-sprijeciti-ruski-utjecaj\/\" \/>\n<meta property=\"og:locale\" content=\"bs_BA\" \/>\n<meta property=\"og:type\" content=\"article\" \/>\n<meta property=\"og:title\" content=\"Turkovi\u0107: Sececija u BiH je ve\u0107 po\u010dela, EU mora sprije\u010diti ruski utjecaj - TuzlaInfo.ba\" \/>\n<meta property=\"og:description\" content=\"Ministrica vanjskih poslova BiH Bisera Turkovi\u0107 u razgovoru za talijanski list Corriere della Sera kazala&hellip;\" \/>\n<meta property=\"og:url\" content=\"https:\/\/tuzlainfo.ba\/index.php\/bosna-i-hercegovina\/item\/173728-turkovic-sececija-u-bih-je-vec-pocela-eu-mora-sprijeciti-ruski-utjecaj\/\" \/>\n<meta property=\"og:site_name\" content=\"TuzlaInfo.ba\" \/>\n<meta property=\"article:publisher\" content=\"https:\/\/www.facebook.com\/tuzlainfo.ba\/\" \/>\n<meta property=\"article:published_time\" content=\"2022-05-29T18:33:59+00:00\" \/>\n<meta property=\"og:image\" content=\"https:\/\/tuzlainfo.ba\/wp-content\/uploads\/2022\/04\/1404_bisera_turkovic.jpg\" \/>\n\t<meta property=\"og:image:width\" content=\"1000\" \/>\n\t<meta property=\"og:image:height\" content=\"667\" \/>\n\t<meta property=\"og:image:type\" content=\"image\/jpeg\" \/>\n<meta name=\"author\" content=\"nedim\" \/>\n<meta name=\"twitter:card\" content=\"summary_large_image\" \/>\n<meta name=\"twitter:label1\" content=\"Written by\" \/>\n\t<meta name=\"twitter:data1\" content=\"nedim\" \/>\n\t<meta name=\"twitter:label2\" content=\"Est. reading time\" \/>\n\t<meta name=\"twitter:data2\" content=\"2 minute\" \/>\n<script type=\"application\/ld+json\" class=\"yoast-schema-graph\">{\"@context\":\"https:\/\/schema.org\",\"@graph\":[{\"@type\":\"Article\",\"@id\":\"https:\/\/tuzlainfo.ba\/index.php\/bosna-i-hercegovina\/item\/173728-turkovic-sececija-u-bih-je-vec-pocela-eu-mora-sprijeciti-ruski-utjecaj\/#article\",\"isPartOf\":{\"@id\":\"https:\/\/tuzlainfo.ba\/index.php\/bosna-i-hercegovina\/item\/173728-turkovic-sececija-u-bih-je-vec-pocela-eu-mora-sprijeciti-ruski-utjecaj\/\"},\"author\":{\"name\":\"nedim\",\"@id\":\"https:\/\/tuzlainfo.ba\/#\/schema\/person\/f434e20dc27ea133923aab08451b7f7f\"},\"headline\":\"Turkovi\u0107: Sececija u BiH je ve\u0107 po\u010dela, EU mora sprije\u010diti ruski utjecaj\",\"datePublished\":\"2022-05-29T18:33:59+00:00\",\"dateModified\":\"2022-05-29T18:33:59+00:00\",\"mainEntityOfPage\":{\"@id\":\"https:\/\/tuzlainfo.ba\/index.php\/bosna-i-hercegovina\/item\/173728-turkovic-sececija-u-bih-je-vec-pocela-eu-mora-sprijeciti-ruski-utjecaj\/\"},\"wordCount\":381,\"commentCount\":0,\"publisher\":{\"@id\":\"https:\/\/tuzlainfo.ba\/#organization\"},\"image\":{\"@id\":\"https:\/\/tuzlainfo.ba\/index.php\/bosna-i-hercegovina\/item\/173728-turkovic-sececija-u-bih-je-vec-pocela-eu-mora-sprijeciti-ruski-utjecaj\/#primaryimage\"},\"thumbnailUrl\":\"https:\/\/tuzlainfo.ba\/wp-content\/uploads\/2022\/04\/1404_bisera_turkovic.jpg\",\"keywords\":[\"bisera turkovi\u0107\"],\"articleSection\":[\"Bosna i Hercegovina\"],\"inLanguage\":\"bs-BA\"},{\"@type\":\"WebPage\",\"@id\":\"https:\/\/tuzlainfo.ba\/index.php\/bosna-i-hercegovina\/item\/173728-turkovic-sececija-u-bih-je-vec-pocela-eu-mora-sprijeciti-ruski-utjecaj\/\",\"url\":\"https:\/\/tuzlainfo.ba\/index.php\/bosna-i-hercegovina\/item\/173728-turkovic-sececija-u-bih-je-vec-pocela-eu-mora-sprijeciti-ruski-utjecaj\/\",\"name\":\"Turkovi\u0107: Sececija u BiH je ve\u0107 po\u010dela, EU mora sprije\u010diti ruski utjecaj - TuzlaInfo.ba\",\"isPartOf\":{\"@id\":\"https:\/\/tuzlainfo.ba\/#website\"},\"primaryImageOfPage\":{\"@id\":\"https:\/\/tuzlainfo.ba\/index.php\/bosna-i-hercegovina\/item\/173728-turkovic-sececija-u-bih-je-vec-pocela-eu-mora-sprijeciti-ruski-utjecaj\/#primaryimage\"},\"image\":{\"@id\":\"https:\/\/tuzlainfo.ba\/index.php\/bosna-i-hercegovina\/item\/173728-turkovic-sececija-u-bih-je-vec-pocela-eu-mora-sprijeciti-ruski-utjecaj\/#primaryimage\"},\"thumbnailUrl\":\"https:\/\/tuzlainfo.ba\/wp-content\/uploads\/2022\/04\/1404_bisera_turkovic.jpg\",\"datePublished\":\"2022-05-29T18:33:59+00:00\",\"dateModified\":\"2022-05-29T18:33:59+00:00\",\"breadcrumb\":{\"@id\":\"https:\/\/tuzlainfo.ba\/index.php\/bosna-i-hercegovina\/item\/173728-turkovic-sececija-u-bih-je-vec-pocela-eu-mora-sprijeciti-ruski-utjecaj\/#breadcrumb\"},\"inLanguage\":\"bs-BA\",\"potentialAction\":[{\"@type\":\"ReadAction\",\"target\":[\"https:\/\/tuzlainfo.ba\/index.php\/bosna-i-hercegovina\/item\/173728-turkovic-sececija-u-bih-je-vec-pocela-eu-mora-sprijeciti-ruski-utjecaj\/\"]}]},{\"@type\":\"ImageObject\",\"inLanguage\":\"bs-BA\",\"@id\":\"https:\/\/tuzlainfo.ba\/index.php\/bosna-i-hercegovina\/item\/173728-turkovic-sececija-u-bih-je-vec-pocela-eu-mora-sprijeciti-ruski-utjecaj\/#primaryimage\",\"url\":\"https:\/\/tuzlainfo.ba\/wp-content\/uploads\/2022\/04\/1404_bisera_turkovic.jpg\",\"contentUrl\":\"https:\/\/tuzlainfo.ba\/wp-content\/uploads\/2022\/04\/1404_bisera_turkovic.jpg\",\"width\":1000,\"height\":667},{\"@type\":\"BreadcrumbList\",\"@id\":\"https:\/\/tuzlainfo.ba\/index.php\/bosna-i-hercegovina\/item\/173728-turkovic-sececija-u-bih-je-vec-pocela-eu-mora-sprijeciti-ruski-utjecaj\/#breadcrumb\",\"itemListElement\":[{\"@type\":\"ListItem\",\"position\":1,\"name\":\"Home\",\"item\":\"https:\/\/tuzlainfo.ba\/\"},{\"@type\":\"ListItem\",\"position\":2,\"name\":\"Turkovi\u0107: Sececija u BiH je ve\u0107 po\u010dela, EU mora sprije\u010diti ruski utjecaj\"}]},{\"@type\":\"WebSite\",\"@id\":\"https:\/\/tuzlainfo.ba\/#website\",\"url\":\"https:\/\/tuzlainfo.ba\/\",\"name\":\"TuzlaInfo.ba\",\"description\":\"Tuzla info, gradski informator - Tuzla na dlanu\",\"publisher\":{\"@id\":\"https:\/\/tuzlainfo.ba\/#organization\"},\"potentialAction\":[{\"@type\":\"SearchAction\",\"target\":{\"@type\":\"EntryPoint\",\"urlTemplate\":\"https:\/\/tuzlainfo.ba\/?s={search_term_string}\"},\"query-input\":{\"@type\":\"PropertyValueSpecification\",\"valueRequired\":true,\"valueName\":\"search_term_string\"}}],\"inLanguage\":\"bs-BA\"},{\"@type\":\"Organization\",\"@id\":\"https:\/\/tuzlainfo.ba\/#organization\",\"name\":\"TuzlaInfo.ba\",\"url\":\"https:\/\/tuzlainfo.ba\/\",\"logo\":{\"@type\":\"ImageObject\",\"inLanguage\":\"bs-BA\",\"@id\":\"https:\/\/tuzlainfo.ba\/#\/schema\/logo\/image\/\",\"url\":\"https:\/\/tuzlainfo.ba\/wp-content\/uploads\/2021\/03\/logo-ver-3-1.png\",\"contentUrl\":\"https:\/\/tuzlainfo.ba\/wp-content\/uploads\/2021\/03\/logo-ver-3-1.png\",\"width\":350,\"height\":95,\"caption\":\"TuzlaInfo.ba\"},\"image\":{\"@id\":\"https:\/\/tuzlainfo.ba\/#\/schema\/logo\/image\/\"},\"sameAs\":[\"https:\/\/www.facebook.com\/tuzlainfo.ba\/\"]},{\"@type\":\"Person\",\"@id\":\"https:\/\/tuzlainfo.ba\/#\/schema\/person\/f434e20dc27ea133923aab08451b7f7f\",\"name\":\"nedim\",\"image\":{\"@type\":\"ImageObject\",\"inLanguage\":\"bs-BA\",\"@id\":\"https:\/\/tuzlainfo.ba\/#\/schema\/person\/image\/\",\"url\":\"https:\/\/tuzlainfo.ba\/wp-content\/litespeed\/avatar\/aabad687af24844af817603ac1cbdc4f.jpg?ver=1776702173\",\"contentUrl\":\"https:\/\/tuzlainfo.ba\/wp-content\/litespeed\/avatar\/aabad687af24844af817603ac1cbdc4f.jpg?ver=1776702173\",\"caption\":\"nedim\"},\"description\":\"Tuzlainfo.ba pratite na dru\u0161tvenim mre\u017eama: Facebook, Instagram i Youtube. Svoje pri\u010de, upite i fotografije \u0161aljite na na\u0161u e-mail adresu.\"}]}<\/script>\n<!-- \/ Yoast SEO plugin. -->","yoast_head_json":{"title":"Turkovi\u0107: Sececija u BiH je ve\u0107 po\u010dela, EU mora sprije\u010diti ruski utjecaj - TuzlaInfo.ba","robots":{"index":"index","follow":"follow","max-snippet":"max-snippet:-1","max-image-preview":"max-image-preview:large","max-video-preview":"max-video-preview:-1"},"canonical":"https:\/\/tuzlainfo.ba\/index.php\/bosna-i-hercegovina\/item\/173728-turkovic-sececija-u-bih-je-vec-pocela-eu-mora-sprijeciti-ruski-utjecaj\/","og_locale":"bs_BA","og_type":"article","og_title":"Turkovi\u0107: Sececija u BiH je ve\u0107 po\u010dela, EU mora sprije\u010diti ruski utjecaj - TuzlaInfo.ba","og_description":"Ministrica vanjskih poslova BiH Bisera Turkovi\u0107 u razgovoru za talijanski list Corriere della Sera kazala&hellip;","og_url":"https:\/\/tuzlainfo.ba\/index.php\/bosna-i-hercegovina\/item\/173728-turkovic-sececija-u-bih-je-vec-pocela-eu-mora-sprijeciti-ruski-utjecaj\/","og_site_name":"TuzlaInfo.ba","article_publisher":"https:\/\/www.facebook.com\/tuzlainfo.ba\/","article_published_time":"2022-05-29T18:33:59+00:00","og_image":[{"width":1000,"height":667,"url":"https:\/\/tuzlainfo.ba\/wp-content\/uploads\/2022\/04\/1404_bisera_turkovic.jpg","type":"image\/jpeg"}],"author":"nedim","twitter_card":"summary_large_image","twitter_misc":{"Written by":"nedim","Est. reading time":"2 minute"},"schema":{"@context":"https:\/\/schema.org","@graph":[{"@type":"Article","@id":"https:\/\/tuzlainfo.ba\/index.php\/bosna-i-hercegovina\/item\/173728-turkovic-sececija-u-bih-je-vec-pocela-eu-mora-sprijeciti-ruski-utjecaj\/#article","isPartOf":{"@id":"https:\/\/tuzlainfo.ba\/index.php\/bosna-i-hercegovina\/item\/173728-turkovic-sececija-u-bih-je-vec-pocela-eu-mora-sprijeciti-ruski-utjecaj\/"},"author":{"name":"nedim","@id":"https:\/\/tuzlainfo.ba\/#\/schema\/person\/f434e20dc27ea133923aab08451b7f7f"},"headline":"Turkovi\u0107: Sececija u BiH je ve\u0107 po\u010dela, EU mora sprije\u010diti ruski utjecaj","datePublished":"2022-05-29T18:33:59+00:00","dateModified":"2022-05-29T18:33:59+00:00","mainEntityOfPage":{"@id":"https:\/\/tuzlainfo.ba\/index.php\/bosna-i-hercegovina\/item\/173728-turkovic-sececija-u-bih-je-vec-pocela-eu-mora-sprijeciti-ruski-utjecaj\/"},"wordCount":381,"commentCount":0,"publisher":{"@id":"https:\/\/tuzlainfo.ba\/#organization"},"image":{"@id":"https:\/\/tuzlainfo.ba\/index.php\/bosna-i-hercegovina\/item\/173728-turkovic-sececija-u-bih-je-vec-pocela-eu-mora-sprijeciti-ruski-utjecaj\/#primaryimage"},"thumbnailUrl":"https:\/\/tuzlainfo.ba\/wp-content\/uploads\/2022\/04\/1404_bisera_turkovic.jpg","keywords":["bisera turkovi\u0107"],"articleSection":["Bosna i Hercegovina"],"inLanguage":"bs-BA"},{"@type":"WebPage","@id":"https:\/\/tuzlainfo.ba\/index.php\/bosna-i-hercegovina\/item\/173728-turkovic-sececija-u-bih-je-vec-pocela-eu-mora-sprijeciti-ruski-utjecaj\/","url":"https:\/\/tuzlainfo.ba\/index.php\/bosna-i-hercegovina\/item\/173728-turkovic-sececija-u-bih-je-vec-pocela-eu-mora-sprijeciti-ruski-utjecaj\/","name":"Turkovi\u0107: Sececija u BiH je ve\u0107 po\u010dela, EU mora sprije\u010diti ruski utjecaj - TuzlaInfo.ba","isPartOf":{"@id":"https:\/\/tuzlainfo.ba\/#website"},"primaryImageOfPage":{"@id":"https:\/\/tuzlainfo.ba\/index.php\/bosna-i-hercegovina\/item\/173728-turkovic-sececija-u-bih-je-vec-pocela-eu-mora-sprijeciti-ruski-utjecaj\/#primaryimage"},"image":{"@id":"https:\/\/tuzlainfo.ba\/index.php\/bosna-i-hercegovina\/item\/173728-turkovic-sececija-u-bih-je-vec-pocela-eu-mora-sprijeciti-ruski-utjecaj\/#primaryimage"},"thumbnailUrl":"https:\/\/tuzlainfo.ba\/wp-content\/uploads\/2022\/04\/1404_bisera_turkovic.jpg","datePublished":"2022-05-29T18:33:59+00:00","dateModified":"2022-05-29T18:33:59+00:00","breadcrumb":{"@id":"https:\/\/tuzlainfo.ba\/index.php\/bosna-i-hercegovina\/item\/173728-turkovic-sececija-u-bih-je-vec-pocela-eu-mora-sprijeciti-ruski-utjecaj\/#breadcrumb"},"inLanguage":"bs-BA","potentialAction":[{"@type":"ReadAction","target":["https:\/\/tuzlainfo.ba\/index.php\/bosna-i-hercegovina\/item\/173728-turkovic-sececija-u-bih-je-vec-pocela-eu-mora-sprijeciti-ruski-utjecaj\/"]}]},{"@type":"ImageObject","inLanguage":"bs-BA","@id":"https:\/\/tuzlainfo.ba\/index.php\/bosna-i-hercegovina\/item\/173728-turkovic-sececija-u-bih-je-vec-pocela-eu-mora-sprijeciti-ruski-utjecaj\/#primaryimage","url":"https:\/\/tuzlainfo.ba\/wp-content\/uploads\/2022\/04\/1404_bisera_turkovic.jpg","contentUrl":"https:\/\/tuzlainfo.ba\/wp-content\/uploads\/2022\/04\/1404_bisera_turkovic.jpg","width":1000,"height":667},{"@type":"BreadcrumbList","@id":"https:\/\/tuzlainfo.ba\/index.php\/bosna-i-hercegovina\/item\/173728-turkovic-sececija-u-bih-je-vec-pocela-eu-mora-sprijeciti-ruski-utjecaj\/#breadcrumb","itemListElement":[{"@type":"ListItem","position":1,"name":"Home","item":"https:\/\/tuzlainfo.ba\/"},{"@type":"ListItem","position":2,"name":"Turkovi\u0107: Sececija u BiH je ve\u0107 po\u010dela, EU mora sprije\u010diti ruski utjecaj"}]},{"@type":"WebSite","@id":"https:\/\/tuzlainfo.ba\/#website","url":"https:\/\/tuzlainfo.ba\/","name":"TuzlaInfo.ba","description":"Tuzla info, gradski informator - Tuzla na dlanu","publisher":{"@id":"https:\/\/tuzlainfo.ba\/#organization"},"potentialAction":[{"@type":"SearchAction","target":{"@type":"EntryPoint","urlTemplate":"https:\/\/tuzlainfo.ba\/?s={search_term_string}"},"query-input":{"@type":"PropertyValueSpecification","valueRequired":true,"valueName":"search_term_string"}}],"inLanguage":"bs-BA"},{"@type":"Organization","@id":"https:\/\/tuzlainfo.ba\/#organization","name":"TuzlaInfo.ba","url":"https:\/\/tuzlainfo.ba\/","logo":{"@type":"ImageObject","inLanguage":"bs-BA","@id":"https:\/\/tuzlainfo.ba\/#\/schema\/logo\/image\/","url":"https:\/\/tuzlainfo.ba\/wp-content\/uploads\/2021\/03\/logo-ver-3-1.png","contentUrl":"https:\/\/tuzlainfo.ba\/wp-content\/uploads\/2021\/03\/logo-ver-3-1.png","width":350,"height":95,"caption":"TuzlaInfo.ba"},"image":{"@id":"https:\/\/tuzlainfo.ba\/#\/schema\/logo\/image\/"},"sameAs":["https:\/\/www.facebook.com\/tuzlainfo.ba\/"]},{"@type":"Person","@id":"https:\/\/tuzlainfo.ba\/#\/schema\/person\/f434e20dc27ea133923aab08451b7f7f","name":"nedim","image":{"@type":"ImageObject","inLanguage":"bs-BA","@id":"https:\/\/tuzlainfo.ba\/#\/schema\/person\/image\/","url":"https:\/\/tuzlainfo.ba\/wp-content\/litespeed\/avatar\/aabad687af24844af817603ac1cbdc4f.jpg?ver=1776702173","contentUrl":"https:\/\/tuzlainfo.ba\/wp-content\/litespeed\/avatar\/aabad687af24844af817603ac1cbdc4f.jpg?ver=1776702173","caption":"nedim"},"description":"Tuzlainfo.ba pratite na dru\u0161tvenim mre\u017eama: Facebook, Instagram i Youtube. Svoje pri\u010de, upite i fotografije \u0161aljite na na\u0161u e-mail adresu."}]}},"_links":{"self":[{"href":"https:\/\/tuzlainfo.ba\/index.php\/wp-json\/wp\/v2\/posts\/173728"}],"collection":[{"href":"https:\/\/tuzlainfo.ba\/index.php\/wp-json\/wp\/v2\/posts"}],"about":[{"href":"https:\/\/tuzlainfo.ba\/index.php\/wp-json\/wp\/v2\/types\/post"}],"author":[{"embeddable":true,"href":"https:\/\/tuzlainfo.ba\/index.php\/wp-json\/wp\/v2\/users\/2"}],"replies":[{"embeddable":true,"href":"https:\/\/tuzlainfo.ba\/index.php\/wp-json\/wp\/v2\/comments?post=173728"}],"version-history":[{"count":0,"href":"https:\/\/tuzlainfo.ba\/index.php\/wp-json\/wp\/v2\/posts\/173728\/revisions"}],"wp:featuredmedia":[{"embeddable":true,"href":"https:\/\/tuzlainfo.ba\/index.php\/wp-json\/wp\/v2\/media\/169364"}],"wp:attachment":[{"href":"https:\/\/tuzlainfo.ba\/index.php\/wp-json\/wp\/v2\/media?parent=173728"}],"wp:term":[{"taxonomy":"category","embeddable":true,"href":"https:\/\/tuzlainfo.ba\/index.php\/wp-json\/wp\/v2\/categories?post=173728"},{"taxonomy":"post_tag","embeddable":true,"href":"https:\/\/tuzlainfo.ba\/index.php\/wp-json\/wp\/v2\/tags?post=173728"}],"curies":[{"name":"wp","href":"https:\/\/api.w.org\/{rel}","templated":true}]}}