{"id":173552,"date":"2022-05-28T19:00:44","date_gmt":"2022-05-28T17:00:44","guid":{"rendered":"https:\/\/tuzlainfo.ba\/?p=173552"},"modified":"2022-05-28T14:37:59","modified_gmt":"2022-05-28T12:37:59","slug":"nova-akcija-uio-putem-vibera-prijavite-svercere-duhana","status":"publish","type":"post","link":"https:\/\/tuzlainfo.ba\/index.php\/bosna-i-hercegovina\/item\/173552-nova-akcija-uio-putem-vibera-prijavite-svercere-duhana\/","title":{"rendered":"Nova akcija UIO: Putem Vibera prijavite \u0161vercere duhana"},"content":{"rendered":"<div id=\"excerpt\" class=\"mt-5 md:mt-2 xl:mt-3 mb-5 font-sans font-semibold text-lg lg:text-xl leading-6 md:leading-7\">\n<p class=\"lead\">Uprava za indirektno oporezivanje zapo\u010dela je javnu kampanju &#8220;Stop \u0161vercu&#8221;, \u010diji je cilj da svi gra\u0111ani Bosne i Hercegovine koji imaju bilo kakvu informaciju o utaji indirektnih poreza i nezakonitom prometovanju roba, a posebno duhanskih prera\u0111evina, to dojave na otvorenu liniju 080 02 06 07.<\/p>\n<\/div>\n<div class=\"bg-gray-100\"><\/div>\n<div id=\"text\" class=\"break-words mt-3 prose prose-md prose-indigo text-lg lg:text-xl space-y-4 mb-3 leading-6 md:leading-7\">\n<p>U ovogodi\u0161njoj kampanji &#8220;Stop \u0161vercu\u201c gra\u0111ani mogu i na Viber broj 065 355 155 poslati fotografiju i lokaciju gdje se nelegalno prodaju cigarete i duhan, kako bi de\u017eurni ovla\u0161teni slu\u017ebenici UIO mogli u realnom vremenu izvr\u0161iti provjeru na terenu.<\/p>\n<p>Pro\u0161logodi\u0161nja akcija Uprave &#8220;Stop \u0161vercu\u201c rezltirala je velikim brojem poziva i dostavljenih informacija, od kojih su mnoge bile korisne i na osnovu kojih su izvr\u0161ene aktivnosti na terenu i prona\u0111ena i oduzeta akcizna roba koja se prodavala suprotno zakonskim propisima.<\/p>\n<p>Iz UIOBiH podsje\u0107aju da je , od 2009. godine, od kada je Bosna i Hercegovina krenula u proces uskla\u0111ivanja oporezivanja akcizom duhana i duhanskih proizvoda, broj izdanih akciznih markica konstantno\u00a0 bio u padu svih prethodnih godina. Me\u0111utim, 2021. godine,\u00a0 kada je UIO provela prvu javnu kamapanju \u201eStop \u0161vercu\u201c koja je imala za cilj suzbijanje \u201ecrnog tr\u017ei\u0161ta duhana\u201c u BiH, desilo se da je broj izdanih akciznih markica UIO za duhan i duhanske prera\u0111evine zabilje\u017eio rast. Naime, 2021. godine UIO je ukupno izdala 208 miliona komada akciznih markica, dok je npr. 2020. godine ukupno izdano 185 miliona komada.<\/p>\n<p>&#8220;Va\u017eno je da se rast broja izdanih akciznih markica nastavio\u00a0 i u 2022. godini. Podaci pokazuju da je u \u010detiri mjeseca 2022. godine ukupno izdano 74,5 miliona komada akciznih markica kojima se obilje\u017eavaju cigarete i pakovanja duhana za motanje i pu\u0161enje, dok je u istom periodu 2021. godine izdano 56,6 milion komada, \u0161to \u00a0predstavlja porast za 31,6 posto. Ovo su definitivno podaci koji govore u prilog \u010dinjenici da se u posljednje dvije godine smanjuje procenat tzv. \u201ecrnog tr\u017ei\u0161ta\u201c duhana u BiH&#8221;,\u00a0 navode iz UIO.<\/p>\n<p>Ovakvim statistikama, kako se dodaje,\u00a0 svakako su znaja\u010dan doprinos dale i brojne akcije slu\u017ebenika Uprave za indirektno oporezivanje iz grupa za spre\u010davanje krijum\u010darenja i prekr\u0161aja iz sva \u010detiri regionalna centra UIO (Banja Luka, Sarajevo, Mostar i Tuzla).\u00a0 Samo u pro\u0161loj, 2021. godini, ovla\u0161teni slu\u017ebenici UIO oduzeli su cigareta i duhana koji su se nezakonito prodavali u BiH u vrijednosti 5,3 miliona KM, dok je u \u010detiri mjeseca 2022. godine oduzeto cigareta i duhana bez akciznih markica UIO u vrijednosti ve\u0107oj od pola miliona KM.<\/p>\n<p>U vezi sa carinskim prevarama na internetu i sajber kriminalu, UIO je prepoznala ovu problematiku te je u Planu rada odredila da \u0107e posebnu pa\u017enju posvetiti preduzimanju radnji, mjera i aktivnosti u cilju istra\u017eivanja, otkrivanja, spre\u010davanja i procesuiranja ovih kriminalnih aktivnosti po pitanju nezakonitosti u vezi s indirektnim oporezivanjem. S tim u vezi, slu\u017ebenici UIO prate i internet stranice i dru\u0161tvene mre\u017ee na kojima se vr\u0161i prodaja ilegalno proizvedenih duhanskih prera\u0111evina.<\/p>\n<p>&#8220;Prihodi od indirektnih poreza (PDV-a, akciza, carina i putarina), od najve\u0107eg su zna\u010daja za ukupnu fiskalnu stabilnost cijele Bosne i Hercegovine. Novcem prikupljenim od indirektnih poreza u najve\u0107oj mjeri se finansiraju zdravstvo, \u0161kolstvo, putna infrastruktura, razna socijalna davanja i sli\u010dno. Zaklju\u010dno sa dana\u0161njim danom UIO je prikupila 3 milijarde i 755 miliona KM, \u0161to je vi\u0161e za 672 miliona ili 22 posto u odnosu na isti period pro\u0161le godine&#8221;, navode iz UIO.<\/p>\n<\/div>\n","protected":false},"excerpt":{"rendered":"<p>Uprava za indirektno oporezivanje zapo\u010dela je javnu kampanju &#8220;Stop \u0161vercu&#8221;, \u010diji je cilj da svi&hellip;<\/p>\n","protected":false},"author":4,"featured_media":79834,"comment_status":"open","ping_status":"closed","sticky":false,"template":"","format":"standard","meta":{"_acf_changed":false,"footnotes":""},"categories":[291,304],"tags":[4821,377],"acf":[],"yoast_head":"<!-- This site is optimized with the Yoast SEO plugin v23.5 - https:\/\/yoast.com\/wordpress\/plugins\/seo\/ -->\n<title>Nova akcija UIO: Putem Vibera prijavite \u0161vercere duhana - TuzlaInfo.ba<\/title>\n<meta name=\"robots\" content=\"index, follow, max-snippet:-1, max-image-preview:large, max-video-preview:-1\" \/>\n<link rel=\"canonical\" href=\"https:\/\/tuzlainfo.ba\/index.php\/bosna-i-hercegovina\/item\/173552-nova-akcija-uio-putem-vibera-prijavite-svercere-duhana\/\" \/>\n<meta property=\"og:locale\" content=\"bs_BA\" \/>\n<meta property=\"og:type\" content=\"article\" \/>\n<meta property=\"og:title\" content=\"Nova akcija UIO: Putem Vibera prijavite \u0161vercere duhana - TuzlaInfo.ba\" \/>\n<meta property=\"og:description\" content=\"Uprava za indirektno oporezivanje zapo\u010dela je javnu kampanju &#8220;Stop \u0161vercu&#8221;, \u010diji je cilj da svi&hellip;\" \/>\n<meta property=\"og:url\" content=\"https:\/\/tuzlainfo.ba\/index.php\/bosna-i-hercegovina\/item\/173552-nova-akcija-uio-putem-vibera-prijavite-svercere-duhana\/\" \/>\n<meta property=\"og:site_name\" content=\"TuzlaInfo.ba\" \/>\n<meta property=\"article:publisher\" content=\"https:\/\/www.facebook.com\/tuzlainfo.ba\/\" \/>\n<meta property=\"article:published_time\" content=\"2022-05-28T17:00:44+00:00\" \/>\n<meta property=\"article:modified_time\" content=\"2022-05-28T12:37:59+00:00\" \/>\n<meta property=\"og:image\" content=\"https:\/\/tuzlainfo.ba\/wp-content\/uploads\/2020\/06\/sadrzaj_2020_20200601_0106_oduzet-duhan-Gracanica.jpg\" \/>\n\t<meta property=\"og:image:width\" content=\"770\" \/>\n\t<meta property=\"og:image:height\" content=\"578\" \/>\n\t<meta property=\"og:image:type\" content=\"image\/jpeg\" \/>\n<meta name=\"author\" content=\"Tuzla Info\" \/>\n<meta name=\"twitter:card\" content=\"summary_large_image\" \/>\n<meta name=\"twitter:label1\" content=\"Written by\" \/>\n\t<meta name=\"twitter:data1\" content=\"Tuzla Info\" \/>\n\t<meta name=\"twitter:label2\" content=\"Est. reading time\" \/>\n\t<meta name=\"twitter:data2\" content=\"3 minute\" \/>\n<script type=\"application\/ld+json\" class=\"yoast-schema-graph\">{\"@context\":\"https:\/\/schema.org\",\"@graph\":[{\"@type\":\"Article\",\"@id\":\"https:\/\/tuzlainfo.ba\/index.php\/bosna-i-hercegovina\/item\/173552-nova-akcija-uio-putem-vibera-prijavite-svercere-duhana\/#article\",\"isPartOf\":{\"@id\":\"https:\/\/tuzlainfo.ba\/index.php\/bosna-i-hercegovina\/item\/173552-nova-akcija-uio-putem-vibera-prijavite-svercere-duhana\/\"},\"author\":{\"name\":\"Tuzla Info\",\"@id\":\"https:\/\/tuzlainfo.ba\/#\/schema\/person\/46cad4c57790cbc50781edd14870825a\"},\"headline\":\"Nova akcija UIO: Putem Vibera prijavite \u0161vercere duhana\",\"datePublished\":\"2022-05-28T17:00:44+00:00\",\"dateModified\":\"2022-05-28T12:37:59+00:00\",\"mainEntityOfPage\":{\"@id\":\"https:\/\/tuzlainfo.ba\/index.php\/bosna-i-hercegovina\/item\/173552-nova-akcija-uio-putem-vibera-prijavite-svercere-duhana\/\"},\"wordCount\":563,\"commentCount\":0,\"publisher\":{\"@id\":\"https:\/\/tuzlainfo.ba\/#organization\"},\"image\":{\"@id\":\"https:\/\/tuzlainfo.ba\/index.php\/bosna-i-hercegovina\/item\/173552-nova-akcija-uio-putem-vibera-prijavite-svercere-duhana\/#primaryimage\"},\"thumbnailUrl\":\"https:\/\/tuzlainfo.ba\/wp-content\/uploads\/2020\/06\/sadrzaj_2020_20200601_0106_oduzet-duhan-Gracanica.jpg\",\"keywords\":[\"stop \u0161vercu\",\"uio\"],\"articleSection\":[\"Bosna i Hercegovina\",\"Istaknuto\"],\"inLanguage\":\"bs-BA\"},{\"@type\":\"WebPage\",\"@id\":\"https:\/\/tuzlainfo.ba\/index.php\/bosna-i-hercegovina\/item\/173552-nova-akcija-uio-putem-vibera-prijavite-svercere-duhana\/\",\"url\":\"https:\/\/tuzlainfo.ba\/index.php\/bosna-i-hercegovina\/item\/173552-nova-akcija-uio-putem-vibera-prijavite-svercere-duhana\/\",\"name\":\"Nova akcija UIO: Putem Vibera prijavite \u0161vercere duhana - TuzlaInfo.ba\",\"isPartOf\":{\"@id\":\"https:\/\/tuzlainfo.ba\/#website\"},\"primaryImageOfPage\":{\"@id\":\"https:\/\/tuzlainfo.ba\/index.php\/bosna-i-hercegovina\/item\/173552-nova-akcija-uio-putem-vibera-prijavite-svercere-duhana\/#primaryimage\"},\"image\":{\"@id\":\"https:\/\/tuzlainfo.ba\/index.php\/bosna-i-hercegovina\/item\/173552-nova-akcija-uio-putem-vibera-prijavite-svercere-duhana\/#primaryimage\"},\"thumbnailUrl\":\"https:\/\/tuzlainfo.ba\/wp-content\/uploads\/2020\/06\/sadrzaj_2020_20200601_0106_oduzet-duhan-Gracanica.jpg\",\"datePublished\":\"2022-05-28T17:00:44+00:00\",\"dateModified\":\"2022-05-28T12:37:59+00:00\",\"breadcrumb\":{\"@id\":\"https:\/\/tuzlainfo.ba\/index.php\/bosna-i-hercegovina\/item\/173552-nova-akcija-uio-putem-vibera-prijavite-svercere-duhana\/#breadcrumb\"},\"inLanguage\":\"bs-BA\",\"potentialAction\":[{\"@type\":\"ReadAction\",\"target\":[\"https:\/\/tuzlainfo.ba\/index.php\/bosna-i-hercegovina\/item\/173552-nova-akcija-uio-putem-vibera-prijavite-svercere-duhana\/\"]}]},{\"@type\":\"ImageObject\",\"inLanguage\":\"bs-BA\",\"@id\":\"https:\/\/tuzlainfo.ba\/index.php\/bosna-i-hercegovina\/item\/173552-nova-akcija-uio-putem-vibera-prijavite-svercere-duhana\/#primaryimage\",\"url\":\"https:\/\/tuzlainfo.ba\/wp-content\/uploads\/2020\/06\/sadrzaj_2020_20200601_0106_oduzet-duhan-Gracanica.jpg\",\"contentUrl\":\"https:\/\/tuzlainfo.ba\/wp-content\/uploads\/2020\/06\/sadrzaj_2020_20200601_0106_oduzet-duhan-Gracanica.jpg\",\"width\":770,\"height\":578,\"caption\":\"0106 oduzet duhan Gra\u010danica\"},{\"@type\":\"BreadcrumbList\",\"@id\":\"https:\/\/tuzlainfo.ba\/index.php\/bosna-i-hercegovina\/item\/173552-nova-akcija-uio-putem-vibera-prijavite-svercere-duhana\/#breadcrumb\",\"itemListElement\":[{\"@type\":\"ListItem\",\"position\":1,\"name\":\"Home\",\"item\":\"https:\/\/tuzlainfo.ba\/\"},{\"@type\":\"ListItem\",\"position\":2,\"name\":\"Nova akcija UIO: Putem Vibera prijavite \u0161vercere duhana\"}]},{\"@type\":\"WebSite\",\"@id\":\"https:\/\/tuzlainfo.ba\/#website\",\"url\":\"https:\/\/tuzlainfo.ba\/\",\"name\":\"TuzlaInfo.ba\",\"description\":\"Tuzla info, gradski informator - Tuzla na dlanu\",\"publisher\":{\"@id\":\"https:\/\/tuzlainfo.ba\/#organization\"},\"potentialAction\":[{\"@type\":\"SearchAction\",\"target\":{\"@type\":\"EntryPoint\",\"urlTemplate\":\"https:\/\/tuzlainfo.ba\/?s={search_term_string}\"},\"query-input\":{\"@type\":\"PropertyValueSpecification\",\"valueRequired\":true,\"valueName\":\"search_term_string\"}}],\"inLanguage\":\"bs-BA\"},{\"@type\":\"Organization\",\"@id\":\"https:\/\/tuzlainfo.ba\/#organization\",\"name\":\"TuzlaInfo.ba\",\"url\":\"https:\/\/tuzlainfo.ba\/\",\"logo\":{\"@type\":\"ImageObject\",\"inLanguage\":\"bs-BA\",\"@id\":\"https:\/\/tuzlainfo.ba\/#\/schema\/logo\/image\/\",\"url\":\"https:\/\/tuzlainfo.ba\/wp-content\/uploads\/2021\/03\/logo-ver-3-1.png\",\"contentUrl\":\"https:\/\/tuzlainfo.ba\/wp-content\/uploads\/2021\/03\/logo-ver-3-1.png\",\"width\":350,\"height\":95,\"caption\":\"TuzlaInfo.ba\"},\"image\":{\"@id\":\"https:\/\/tuzlainfo.ba\/#\/schema\/logo\/image\/\"},\"sameAs\":[\"https:\/\/www.facebook.com\/tuzlainfo.ba\/\"]},{\"@type\":\"Person\",\"@id\":\"https:\/\/tuzlainfo.ba\/#\/schema\/person\/46cad4c57790cbc50781edd14870825a\",\"name\":\"Tuzla Info\",\"image\":{\"@type\":\"ImageObject\",\"inLanguage\":\"bs-BA\",\"@id\":\"https:\/\/tuzlainfo.ba\/#\/schema\/person\/image\/\",\"url\":\"https:\/\/tuzlainfo.ba\/wp-content\/litespeed\/avatar\/b6c453a6c38e3654f2e4416c643fc25c.jpg?ver=1777051911\",\"contentUrl\":\"https:\/\/tuzlainfo.ba\/wp-content\/litespeed\/avatar\/b6c453a6c38e3654f2e4416c643fc25c.jpg?ver=1777051911\",\"caption\":\"Tuzla Info\"}}]}<\/script>\n<!-- \/ Yoast SEO plugin. -->","yoast_head_json":{"title":"Nova akcija UIO: Putem Vibera prijavite \u0161vercere duhana - TuzlaInfo.ba","robots":{"index":"index","follow":"follow","max-snippet":"max-snippet:-1","max-image-preview":"max-image-preview:large","max-video-preview":"max-video-preview:-1"},"canonical":"https:\/\/tuzlainfo.ba\/index.php\/bosna-i-hercegovina\/item\/173552-nova-akcija-uio-putem-vibera-prijavite-svercere-duhana\/","og_locale":"bs_BA","og_type":"article","og_title":"Nova akcija UIO: Putem Vibera prijavite \u0161vercere duhana - TuzlaInfo.ba","og_description":"Uprava za indirektno oporezivanje zapo\u010dela je javnu kampanju &#8220;Stop \u0161vercu&#8221;, \u010diji je cilj da svi&hellip;","og_url":"https:\/\/tuzlainfo.ba\/index.php\/bosna-i-hercegovina\/item\/173552-nova-akcija-uio-putem-vibera-prijavite-svercere-duhana\/","og_site_name":"TuzlaInfo.ba","article_publisher":"https:\/\/www.facebook.com\/tuzlainfo.ba\/","article_published_time":"2022-05-28T17:00:44+00:00","article_modified_time":"2022-05-28T12:37:59+00:00","og_image":[{"width":770,"height":578,"url":"https:\/\/tuzlainfo.ba\/wp-content\/uploads\/2020\/06\/sadrzaj_2020_20200601_0106_oduzet-duhan-Gracanica.jpg","type":"image\/jpeg"}],"author":"Tuzla Info","twitter_card":"summary_large_image","twitter_misc":{"Written by":"Tuzla Info","Est. reading time":"3 minute"},"schema":{"@context":"https:\/\/schema.org","@graph":[{"@type":"Article","@id":"https:\/\/tuzlainfo.ba\/index.php\/bosna-i-hercegovina\/item\/173552-nova-akcija-uio-putem-vibera-prijavite-svercere-duhana\/#article","isPartOf":{"@id":"https:\/\/tuzlainfo.ba\/index.php\/bosna-i-hercegovina\/item\/173552-nova-akcija-uio-putem-vibera-prijavite-svercere-duhana\/"},"author":{"name":"Tuzla Info","@id":"https:\/\/tuzlainfo.ba\/#\/schema\/person\/46cad4c57790cbc50781edd14870825a"},"headline":"Nova akcija UIO: Putem Vibera prijavite \u0161vercere duhana","datePublished":"2022-05-28T17:00:44+00:00","dateModified":"2022-05-28T12:37:59+00:00","mainEntityOfPage":{"@id":"https:\/\/tuzlainfo.ba\/index.php\/bosna-i-hercegovina\/item\/173552-nova-akcija-uio-putem-vibera-prijavite-svercere-duhana\/"},"wordCount":563,"commentCount":0,"publisher":{"@id":"https:\/\/tuzlainfo.ba\/#organization"},"image":{"@id":"https:\/\/tuzlainfo.ba\/index.php\/bosna-i-hercegovina\/item\/173552-nova-akcija-uio-putem-vibera-prijavite-svercere-duhana\/#primaryimage"},"thumbnailUrl":"https:\/\/tuzlainfo.ba\/wp-content\/uploads\/2020\/06\/sadrzaj_2020_20200601_0106_oduzet-duhan-Gracanica.jpg","keywords":["stop \u0161vercu","uio"],"articleSection":["Bosna i Hercegovina","Istaknuto"],"inLanguage":"bs-BA"},{"@type":"WebPage","@id":"https:\/\/tuzlainfo.ba\/index.php\/bosna-i-hercegovina\/item\/173552-nova-akcija-uio-putem-vibera-prijavite-svercere-duhana\/","url":"https:\/\/tuzlainfo.ba\/index.php\/bosna-i-hercegovina\/item\/173552-nova-akcija-uio-putem-vibera-prijavite-svercere-duhana\/","name":"Nova akcija UIO: Putem Vibera prijavite \u0161vercere duhana - TuzlaInfo.ba","isPartOf":{"@id":"https:\/\/tuzlainfo.ba\/#website"},"primaryImageOfPage":{"@id":"https:\/\/tuzlainfo.ba\/index.php\/bosna-i-hercegovina\/item\/173552-nova-akcija-uio-putem-vibera-prijavite-svercere-duhana\/#primaryimage"},"image":{"@id":"https:\/\/tuzlainfo.ba\/index.php\/bosna-i-hercegovina\/item\/173552-nova-akcija-uio-putem-vibera-prijavite-svercere-duhana\/#primaryimage"},"thumbnailUrl":"https:\/\/tuzlainfo.ba\/wp-content\/uploads\/2020\/06\/sadrzaj_2020_20200601_0106_oduzet-duhan-Gracanica.jpg","datePublished":"2022-05-28T17:00:44+00:00","dateModified":"2022-05-28T12:37:59+00:00","breadcrumb":{"@id":"https:\/\/tuzlainfo.ba\/index.php\/bosna-i-hercegovina\/item\/173552-nova-akcija-uio-putem-vibera-prijavite-svercere-duhana\/#breadcrumb"},"inLanguage":"bs-BA","potentialAction":[{"@type":"ReadAction","target":["https:\/\/tuzlainfo.ba\/index.php\/bosna-i-hercegovina\/item\/173552-nova-akcija-uio-putem-vibera-prijavite-svercere-duhana\/"]}]},{"@type":"ImageObject","inLanguage":"bs-BA","@id":"https:\/\/tuzlainfo.ba\/index.php\/bosna-i-hercegovina\/item\/173552-nova-akcija-uio-putem-vibera-prijavite-svercere-duhana\/#primaryimage","url":"https:\/\/tuzlainfo.ba\/wp-content\/uploads\/2020\/06\/sadrzaj_2020_20200601_0106_oduzet-duhan-Gracanica.jpg","contentUrl":"https:\/\/tuzlainfo.ba\/wp-content\/uploads\/2020\/06\/sadrzaj_2020_20200601_0106_oduzet-duhan-Gracanica.jpg","width":770,"height":578,"caption":"0106 oduzet duhan Gra\u010danica"},{"@type":"BreadcrumbList","@id":"https:\/\/tuzlainfo.ba\/index.php\/bosna-i-hercegovina\/item\/173552-nova-akcija-uio-putem-vibera-prijavite-svercere-duhana\/#breadcrumb","itemListElement":[{"@type":"ListItem","position":1,"name":"Home","item":"https:\/\/tuzlainfo.ba\/"},{"@type":"ListItem","position":2,"name":"Nova akcija UIO: Putem Vibera prijavite \u0161vercere duhana"}]},{"@type":"WebSite","@id":"https:\/\/tuzlainfo.ba\/#website","url":"https:\/\/tuzlainfo.ba\/","name":"TuzlaInfo.ba","description":"Tuzla info, gradski informator - Tuzla na dlanu","publisher":{"@id":"https:\/\/tuzlainfo.ba\/#organization"},"potentialAction":[{"@type":"SearchAction","target":{"@type":"EntryPoint","urlTemplate":"https:\/\/tuzlainfo.ba\/?s={search_term_string}"},"query-input":{"@type":"PropertyValueSpecification","valueRequired":true,"valueName":"search_term_string"}}],"inLanguage":"bs-BA"},{"@type":"Organization","@id":"https:\/\/tuzlainfo.ba\/#organization","name":"TuzlaInfo.ba","url":"https:\/\/tuzlainfo.ba\/","logo":{"@type":"ImageObject","inLanguage":"bs-BA","@id":"https:\/\/tuzlainfo.ba\/#\/schema\/logo\/image\/","url":"https:\/\/tuzlainfo.ba\/wp-content\/uploads\/2021\/03\/logo-ver-3-1.png","contentUrl":"https:\/\/tuzlainfo.ba\/wp-content\/uploads\/2021\/03\/logo-ver-3-1.png","width":350,"height":95,"caption":"TuzlaInfo.ba"},"image":{"@id":"https:\/\/tuzlainfo.ba\/#\/schema\/logo\/image\/"},"sameAs":["https:\/\/www.facebook.com\/tuzlainfo.ba\/"]},{"@type":"Person","@id":"https:\/\/tuzlainfo.ba\/#\/schema\/person\/46cad4c57790cbc50781edd14870825a","name":"Tuzla Info","image":{"@type":"ImageObject","inLanguage":"bs-BA","@id":"https:\/\/tuzlainfo.ba\/#\/schema\/person\/image\/","url":"https:\/\/tuzlainfo.ba\/wp-content\/litespeed\/avatar\/b6c453a6c38e3654f2e4416c643fc25c.jpg?ver=1777051911","contentUrl":"https:\/\/tuzlainfo.ba\/wp-content\/litespeed\/avatar\/b6c453a6c38e3654f2e4416c643fc25c.jpg?ver=1777051911","caption":"Tuzla Info"}}]}},"_links":{"self":[{"href":"https:\/\/tuzlainfo.ba\/index.php\/wp-json\/wp\/v2\/posts\/173552"}],"collection":[{"href":"https:\/\/tuzlainfo.ba\/index.php\/wp-json\/wp\/v2\/posts"}],"about":[{"href":"https:\/\/tuzlainfo.ba\/index.php\/wp-json\/wp\/v2\/types\/post"}],"author":[{"embeddable":true,"href":"https:\/\/tuzlainfo.ba\/index.php\/wp-json\/wp\/v2\/users\/4"}],"replies":[{"embeddable":true,"href":"https:\/\/tuzlainfo.ba\/index.php\/wp-json\/wp\/v2\/comments?post=173552"}],"version-history":[{"count":0,"href":"https:\/\/tuzlainfo.ba\/index.php\/wp-json\/wp\/v2\/posts\/173552\/revisions"}],"wp:featuredmedia":[{"embeddable":true,"href":"https:\/\/tuzlainfo.ba\/index.php\/wp-json\/wp\/v2\/media\/79834"}],"wp:attachment":[{"href":"https:\/\/tuzlainfo.ba\/index.php\/wp-json\/wp\/v2\/media?parent=173552"}],"wp:term":[{"taxonomy":"category","embeddable":true,"href":"https:\/\/tuzlainfo.ba\/index.php\/wp-json\/wp\/v2\/categories?post=173552"},{"taxonomy":"post_tag","embeddable":true,"href":"https:\/\/tuzlainfo.ba\/index.php\/wp-json\/wp\/v2\/tags?post=173552"}],"curies":[{"name":"wp","href":"https:\/\/api.w.org\/{rel}","templated":true}]}}