{"id":173319,"date":"2022-05-26T10:07:23","date_gmt":"2022-05-26T08:07:23","guid":{"rendered":"https:\/\/tuzlainfo.ba\/?p=173319"},"modified":"2022-05-26T10:08:11","modified_gmt":"2022-05-26T08:08:11","slug":"pogled-iz-hrvatske-u-bih-su-na-jesen-moguci-incidenti","status":"publish","type":"post","link":"https:\/\/tuzlainfo.ba\/index.php\/bosna-i-hercegovina\/item\/173319-pogled-iz-hrvatske-u-bih-su-na-jesen-moguci-incidenti\/","title":{"rendered":"Pogled iz Hrvatske: U BiH su na jesen mogu\u0107i incidenti"},"content":{"rendered":"<p>Zastupnik Mosta u Hrvatskom saboru Nino Raspudi\u0107 komentirao je situaciju u Bosni i Hercegovini.<\/p>\n<p>Upitan slijedi li pobuna Hrvata najesen, ka\u017ee:<\/p>\n<p>\u201cNe znam. Morate doista pitati predstavnike Hrvata u BiH. Ono \u0161to ja svakako mogu re\u0107i i \u0161to ponavljam stalno, mi ne trebamo iz Zagreba biti tutori Hrvatima u BiH, ali mi moramo maksimalno podr\u017eati njihove interese onako kako ih oni sami artikuliraju\u201d.<\/p>\n<p>Komentirao je i ho\u0107e li Hrvati u Hrvatskoj i BiH ostati upam\u0107eni kao oni koji ucjenjuju NATO i Europu u trenutku najve\u0107e krize nakon Drugog svjetskog rata.<\/p>\n<p>\u201cHrvati u Hrvatskoj i BiH mogu biti samo upam\u0107eni kao apsolutno lojalan saveznik zapadnim partnerima i kao narod koji je pristao na sve mirovne sporazume\u201d, rekao je Raspudi\u0107 za\u00a0<a href=\"https:\/\/hr.n1info.com\/vijesti\/raspudic-nisam-siguran-da-nece-biti-incidenata-u-bosni-i-hercegovini\/\" target=\"_blank\" rel=\"noopener\">N1 Hrvatska<\/a>.<\/p>\n<p>\u201c\u0160to ako se dogode incidenti u Bosni i Hercegovini, ne\u0161to \u0161to \u0107e recimo trajno ugroziti jug Hrvatske ili turizam ili puno nekih drugih stvari, ho\u0107e li se po\u010de\u0161ati Finac?<\/p>\n<p>Na tvrdnju urednika emisije Ivana Hrsti\u0107a da Milanovi\u0107 ka\u017ee da se to ne\u0107e dogoditi, da Bosni ne prijeti takav scenarij, Raspudi\u0107 ka\u017ee:<\/p>\n<p>\u201cJa nisam siguran, sve je mogu\u0107e\u2026 Mi moramo u\u010diniti maksimalno da za\u0161titimo svoje interese, Hrvatska i Hrvati na prvom mjestu\u201d,\u00a0dodao je Raspudi\u0107.<\/p>\n","protected":false},"excerpt":{"rendered":"<p>Zastupnik Mosta u Hrvatskom saboru Nino Raspudi\u0107 komentirao je situaciju u Bosni i Hercegovini. Upitan&hellip;<\/p>\n","protected":false},"author":2,"featured_media":173320,"comment_status":"open","ping_status":"closed","sticky":false,"template":"","format":"standard","meta":{"_acf_changed":false,"footnotes":""},"categories":[291],"tags":[4810],"acf":[],"yoast_head":"<!-- This site is optimized with the Yoast SEO plugin v23.5 - https:\/\/yoast.com\/wordpress\/plugins\/seo\/ -->\n<title>Pogled iz Hrvatske: U BiH su na jesen mogu\u0107i incidenti - TuzlaInfo.ba<\/title>\n<meta name=\"robots\" content=\"index, follow, max-snippet:-1, max-image-preview:large, max-video-preview:-1\" \/>\n<link rel=\"canonical\" href=\"https:\/\/tuzlainfo.ba\/index.php\/bosna-i-hercegovina\/item\/173319-pogled-iz-hrvatske-u-bih-su-na-jesen-moguci-incidenti\/\" \/>\n<meta property=\"og:locale\" content=\"bs_BA\" \/>\n<meta property=\"og:type\" content=\"article\" \/>\n<meta property=\"og:title\" content=\"Pogled iz Hrvatske: U BiH su na jesen mogu\u0107i incidenti - TuzlaInfo.ba\" \/>\n<meta property=\"og:description\" content=\"Zastupnik Mosta u Hrvatskom saboru Nino Raspudi\u0107 komentirao je situaciju u Bosni i Hercegovini. Upitan&hellip;\" \/>\n<meta property=\"og:url\" content=\"https:\/\/tuzlainfo.ba\/index.php\/bosna-i-hercegovina\/item\/173319-pogled-iz-hrvatske-u-bih-su-na-jesen-moguci-incidenti\/\" \/>\n<meta property=\"og:site_name\" content=\"TuzlaInfo.ba\" \/>\n<meta property=\"article:publisher\" content=\"https:\/\/www.facebook.com\/tuzlainfo.ba\/\" \/>\n<meta property=\"article:published_time\" content=\"2022-05-26T08:07:23+00:00\" \/>\n<meta property=\"article:modified_time\" content=\"2022-05-26T08:08:11+00:00\" \/>\n<meta property=\"og:image\" content=\"https:\/\/tuzlainfo.ba\/wp-content\/uploads\/2022\/05\/2605_nino_raspudic.jpg\" \/>\n\t<meta property=\"og:image:width\" content=\"1024\" \/>\n\t<meta property=\"og:image:height\" content=\"631\" \/>\n\t<meta property=\"og:image:type\" content=\"image\/jpeg\" \/>\n<meta name=\"author\" content=\"nedim\" \/>\n<meta name=\"twitter:card\" content=\"summary_large_image\" \/>\n<meta name=\"twitter:label1\" content=\"Written by\" \/>\n\t<meta name=\"twitter:data1\" content=\"nedim\" \/>\n\t<meta name=\"twitter:label2\" content=\"Est. reading time\" \/>\n\t<meta name=\"twitter:data2\" content=\"1 minuta\" \/>\n<script type=\"application\/ld+json\" class=\"yoast-schema-graph\">{\"@context\":\"https:\/\/schema.org\",\"@graph\":[{\"@type\":\"Article\",\"@id\":\"https:\/\/tuzlainfo.ba\/index.php\/bosna-i-hercegovina\/item\/173319-pogled-iz-hrvatske-u-bih-su-na-jesen-moguci-incidenti\/#article\",\"isPartOf\":{\"@id\":\"https:\/\/tuzlainfo.ba\/index.php\/bosna-i-hercegovina\/item\/173319-pogled-iz-hrvatske-u-bih-su-na-jesen-moguci-incidenti\/\"},\"author\":{\"name\":\"nedim\",\"@id\":\"https:\/\/tuzlainfo.ba\/#\/schema\/person\/f434e20dc27ea133923aab08451b7f7f\"},\"headline\":\"Pogled iz Hrvatske: U BiH su na jesen mogu\u0107i incidenti\",\"datePublished\":\"2022-05-26T08:07:23+00:00\",\"dateModified\":\"2022-05-26T08:08:11+00:00\",\"mainEntityOfPage\":{\"@id\":\"https:\/\/tuzlainfo.ba\/index.php\/bosna-i-hercegovina\/item\/173319-pogled-iz-hrvatske-u-bih-su-na-jesen-moguci-incidenti\/\"},\"wordCount\":224,\"commentCount\":0,\"publisher\":{\"@id\":\"https:\/\/tuzlainfo.ba\/#organization\"},\"image\":{\"@id\":\"https:\/\/tuzlainfo.ba\/index.php\/bosna-i-hercegovina\/item\/173319-pogled-iz-hrvatske-u-bih-su-na-jesen-moguci-incidenti\/#primaryimage\"},\"thumbnailUrl\":\"https:\/\/tuzlainfo.ba\/wp-content\/uploads\/2022\/05\/2605_nino_raspudic.jpg\",\"keywords\":[\"nino raspudi\u0107\"],\"articleSection\":[\"Bosna i Hercegovina\"],\"inLanguage\":\"bs-BA\"},{\"@type\":\"WebPage\",\"@id\":\"https:\/\/tuzlainfo.ba\/index.php\/bosna-i-hercegovina\/item\/173319-pogled-iz-hrvatske-u-bih-su-na-jesen-moguci-incidenti\/\",\"url\":\"https:\/\/tuzlainfo.ba\/index.php\/bosna-i-hercegovina\/item\/173319-pogled-iz-hrvatske-u-bih-su-na-jesen-moguci-incidenti\/\",\"name\":\"Pogled iz Hrvatske: U BiH su na jesen mogu\u0107i incidenti - TuzlaInfo.ba\",\"isPartOf\":{\"@id\":\"https:\/\/tuzlainfo.ba\/#website\"},\"primaryImageOfPage\":{\"@id\":\"https:\/\/tuzlainfo.ba\/index.php\/bosna-i-hercegovina\/item\/173319-pogled-iz-hrvatske-u-bih-su-na-jesen-moguci-incidenti\/#primaryimage\"},\"image\":{\"@id\":\"https:\/\/tuzlainfo.ba\/index.php\/bosna-i-hercegovina\/item\/173319-pogled-iz-hrvatske-u-bih-su-na-jesen-moguci-incidenti\/#primaryimage\"},\"thumbnailUrl\":\"https:\/\/tuzlainfo.ba\/wp-content\/uploads\/2022\/05\/2605_nino_raspudic.jpg\",\"datePublished\":\"2022-05-26T08:07:23+00:00\",\"dateModified\":\"2022-05-26T08:08:11+00:00\",\"breadcrumb\":{\"@id\":\"https:\/\/tuzlainfo.ba\/index.php\/bosna-i-hercegovina\/item\/173319-pogled-iz-hrvatske-u-bih-su-na-jesen-moguci-incidenti\/#breadcrumb\"},\"inLanguage\":\"bs-BA\",\"potentialAction\":[{\"@type\":\"ReadAction\",\"target\":[\"https:\/\/tuzlainfo.ba\/index.php\/bosna-i-hercegovina\/item\/173319-pogled-iz-hrvatske-u-bih-su-na-jesen-moguci-incidenti\/\"]}]},{\"@type\":\"ImageObject\",\"inLanguage\":\"bs-BA\",\"@id\":\"https:\/\/tuzlainfo.ba\/index.php\/bosna-i-hercegovina\/item\/173319-pogled-iz-hrvatske-u-bih-su-na-jesen-moguci-incidenti\/#primaryimage\",\"url\":\"https:\/\/tuzlainfo.ba\/wp-content\/uploads\/2022\/05\/2605_nino_raspudic.jpg\",\"contentUrl\":\"https:\/\/tuzlainfo.ba\/wp-content\/uploads\/2022\/05\/2605_nino_raspudic.jpg\",\"width\":1024,\"height\":631,\"caption\":\"Nino Raspudi\u0107 \/ N1\"},{\"@type\":\"BreadcrumbList\",\"@id\":\"https:\/\/tuzlainfo.ba\/index.php\/bosna-i-hercegovina\/item\/173319-pogled-iz-hrvatske-u-bih-su-na-jesen-moguci-incidenti\/#breadcrumb\",\"itemListElement\":[{\"@type\":\"ListItem\",\"position\":1,\"name\":\"Home\",\"item\":\"https:\/\/tuzlainfo.ba\/\"},{\"@type\":\"ListItem\",\"position\":2,\"name\":\"Pogled iz Hrvatske: U BiH su na jesen mogu\u0107i incidenti\"}]},{\"@type\":\"WebSite\",\"@id\":\"https:\/\/tuzlainfo.ba\/#website\",\"url\":\"https:\/\/tuzlainfo.ba\/\",\"name\":\"TuzlaInfo.ba\",\"description\":\"Tuzla info, gradski informator - Tuzla na dlanu\",\"publisher\":{\"@id\":\"https:\/\/tuzlainfo.ba\/#organization\"},\"potentialAction\":[{\"@type\":\"SearchAction\",\"target\":{\"@type\":\"EntryPoint\",\"urlTemplate\":\"https:\/\/tuzlainfo.ba\/?s={search_term_string}\"},\"query-input\":{\"@type\":\"PropertyValueSpecification\",\"valueRequired\":true,\"valueName\":\"search_term_string\"}}],\"inLanguage\":\"bs-BA\"},{\"@type\":\"Organization\",\"@id\":\"https:\/\/tuzlainfo.ba\/#organization\",\"name\":\"TuzlaInfo.ba\",\"url\":\"https:\/\/tuzlainfo.ba\/\",\"logo\":{\"@type\":\"ImageObject\",\"inLanguage\":\"bs-BA\",\"@id\":\"https:\/\/tuzlainfo.ba\/#\/schema\/logo\/image\/\",\"url\":\"https:\/\/tuzlainfo.ba\/wp-content\/uploads\/2021\/03\/logo-ver-3-1.png\",\"contentUrl\":\"https:\/\/tuzlainfo.ba\/wp-content\/uploads\/2021\/03\/logo-ver-3-1.png\",\"width\":350,\"height\":95,\"caption\":\"TuzlaInfo.ba\"},\"image\":{\"@id\":\"https:\/\/tuzlainfo.ba\/#\/schema\/logo\/image\/\"},\"sameAs\":[\"https:\/\/www.facebook.com\/tuzlainfo.ba\/\"]},{\"@type\":\"Person\",\"@id\":\"https:\/\/tuzlainfo.ba\/#\/schema\/person\/f434e20dc27ea133923aab08451b7f7f\",\"name\":\"nedim\",\"image\":{\"@type\":\"ImageObject\",\"inLanguage\":\"bs-BA\",\"@id\":\"https:\/\/tuzlainfo.ba\/#\/schema\/person\/image\/\",\"url\":\"https:\/\/tuzlainfo.ba\/wp-content\/litespeed\/avatar\/aabad687af24844af817603ac1cbdc4f.jpg?ver=1777306975\",\"contentUrl\":\"https:\/\/tuzlainfo.ba\/wp-content\/litespeed\/avatar\/aabad687af24844af817603ac1cbdc4f.jpg?ver=1777306975\",\"caption\":\"nedim\"},\"description\":\"Tuzlainfo.ba pratite na dru\u0161tvenim mre\u017eama: Facebook, Instagram i Youtube. Svoje pri\u010de, upite i fotografije \u0161aljite na na\u0161u e-mail adresu.\"}]}<\/script>\n<!-- \/ Yoast SEO plugin. -->","yoast_head_json":{"title":"Pogled iz Hrvatske: U BiH su na jesen mogu\u0107i incidenti - TuzlaInfo.ba","robots":{"index":"index","follow":"follow","max-snippet":"max-snippet:-1","max-image-preview":"max-image-preview:large","max-video-preview":"max-video-preview:-1"},"canonical":"https:\/\/tuzlainfo.ba\/index.php\/bosna-i-hercegovina\/item\/173319-pogled-iz-hrvatske-u-bih-su-na-jesen-moguci-incidenti\/","og_locale":"bs_BA","og_type":"article","og_title":"Pogled iz Hrvatske: U BiH su na jesen mogu\u0107i incidenti - TuzlaInfo.ba","og_description":"Zastupnik Mosta u Hrvatskom saboru Nino Raspudi\u0107 komentirao je situaciju u Bosni i Hercegovini. Upitan&hellip;","og_url":"https:\/\/tuzlainfo.ba\/index.php\/bosna-i-hercegovina\/item\/173319-pogled-iz-hrvatske-u-bih-su-na-jesen-moguci-incidenti\/","og_site_name":"TuzlaInfo.ba","article_publisher":"https:\/\/www.facebook.com\/tuzlainfo.ba\/","article_published_time":"2022-05-26T08:07:23+00:00","article_modified_time":"2022-05-26T08:08:11+00:00","og_image":[{"width":1024,"height":631,"url":"https:\/\/tuzlainfo.ba\/wp-content\/uploads\/2022\/05\/2605_nino_raspudic.jpg","type":"image\/jpeg"}],"author":"nedim","twitter_card":"summary_large_image","twitter_misc":{"Written by":"nedim","Est. reading time":"1 minuta"},"schema":{"@context":"https:\/\/schema.org","@graph":[{"@type":"Article","@id":"https:\/\/tuzlainfo.ba\/index.php\/bosna-i-hercegovina\/item\/173319-pogled-iz-hrvatske-u-bih-su-na-jesen-moguci-incidenti\/#article","isPartOf":{"@id":"https:\/\/tuzlainfo.ba\/index.php\/bosna-i-hercegovina\/item\/173319-pogled-iz-hrvatske-u-bih-su-na-jesen-moguci-incidenti\/"},"author":{"name":"nedim","@id":"https:\/\/tuzlainfo.ba\/#\/schema\/person\/f434e20dc27ea133923aab08451b7f7f"},"headline":"Pogled iz Hrvatske: U BiH su na jesen mogu\u0107i incidenti","datePublished":"2022-05-26T08:07:23+00:00","dateModified":"2022-05-26T08:08:11+00:00","mainEntityOfPage":{"@id":"https:\/\/tuzlainfo.ba\/index.php\/bosna-i-hercegovina\/item\/173319-pogled-iz-hrvatske-u-bih-su-na-jesen-moguci-incidenti\/"},"wordCount":224,"commentCount":0,"publisher":{"@id":"https:\/\/tuzlainfo.ba\/#organization"},"image":{"@id":"https:\/\/tuzlainfo.ba\/index.php\/bosna-i-hercegovina\/item\/173319-pogled-iz-hrvatske-u-bih-su-na-jesen-moguci-incidenti\/#primaryimage"},"thumbnailUrl":"https:\/\/tuzlainfo.ba\/wp-content\/uploads\/2022\/05\/2605_nino_raspudic.jpg","keywords":["nino raspudi\u0107"],"articleSection":["Bosna i Hercegovina"],"inLanguage":"bs-BA"},{"@type":"WebPage","@id":"https:\/\/tuzlainfo.ba\/index.php\/bosna-i-hercegovina\/item\/173319-pogled-iz-hrvatske-u-bih-su-na-jesen-moguci-incidenti\/","url":"https:\/\/tuzlainfo.ba\/index.php\/bosna-i-hercegovina\/item\/173319-pogled-iz-hrvatske-u-bih-su-na-jesen-moguci-incidenti\/","name":"Pogled iz Hrvatske: U BiH su na jesen mogu\u0107i incidenti - TuzlaInfo.ba","isPartOf":{"@id":"https:\/\/tuzlainfo.ba\/#website"},"primaryImageOfPage":{"@id":"https:\/\/tuzlainfo.ba\/index.php\/bosna-i-hercegovina\/item\/173319-pogled-iz-hrvatske-u-bih-su-na-jesen-moguci-incidenti\/#primaryimage"},"image":{"@id":"https:\/\/tuzlainfo.ba\/index.php\/bosna-i-hercegovina\/item\/173319-pogled-iz-hrvatske-u-bih-su-na-jesen-moguci-incidenti\/#primaryimage"},"thumbnailUrl":"https:\/\/tuzlainfo.ba\/wp-content\/uploads\/2022\/05\/2605_nino_raspudic.jpg","datePublished":"2022-05-26T08:07:23+00:00","dateModified":"2022-05-26T08:08:11+00:00","breadcrumb":{"@id":"https:\/\/tuzlainfo.ba\/index.php\/bosna-i-hercegovina\/item\/173319-pogled-iz-hrvatske-u-bih-su-na-jesen-moguci-incidenti\/#breadcrumb"},"inLanguage":"bs-BA","potentialAction":[{"@type":"ReadAction","target":["https:\/\/tuzlainfo.ba\/index.php\/bosna-i-hercegovina\/item\/173319-pogled-iz-hrvatske-u-bih-su-na-jesen-moguci-incidenti\/"]}]},{"@type":"ImageObject","inLanguage":"bs-BA","@id":"https:\/\/tuzlainfo.ba\/index.php\/bosna-i-hercegovina\/item\/173319-pogled-iz-hrvatske-u-bih-su-na-jesen-moguci-incidenti\/#primaryimage","url":"https:\/\/tuzlainfo.ba\/wp-content\/uploads\/2022\/05\/2605_nino_raspudic.jpg","contentUrl":"https:\/\/tuzlainfo.ba\/wp-content\/uploads\/2022\/05\/2605_nino_raspudic.jpg","width":1024,"height":631,"caption":"Nino Raspudi\u0107 \/ N1"},{"@type":"BreadcrumbList","@id":"https:\/\/tuzlainfo.ba\/index.php\/bosna-i-hercegovina\/item\/173319-pogled-iz-hrvatske-u-bih-su-na-jesen-moguci-incidenti\/#breadcrumb","itemListElement":[{"@type":"ListItem","position":1,"name":"Home","item":"https:\/\/tuzlainfo.ba\/"},{"@type":"ListItem","position":2,"name":"Pogled iz Hrvatske: U BiH su na jesen mogu\u0107i incidenti"}]},{"@type":"WebSite","@id":"https:\/\/tuzlainfo.ba\/#website","url":"https:\/\/tuzlainfo.ba\/","name":"TuzlaInfo.ba","description":"Tuzla info, gradski informator - Tuzla na dlanu","publisher":{"@id":"https:\/\/tuzlainfo.ba\/#organization"},"potentialAction":[{"@type":"SearchAction","target":{"@type":"EntryPoint","urlTemplate":"https:\/\/tuzlainfo.ba\/?s={search_term_string}"},"query-input":{"@type":"PropertyValueSpecification","valueRequired":true,"valueName":"search_term_string"}}],"inLanguage":"bs-BA"},{"@type":"Organization","@id":"https:\/\/tuzlainfo.ba\/#organization","name":"TuzlaInfo.ba","url":"https:\/\/tuzlainfo.ba\/","logo":{"@type":"ImageObject","inLanguage":"bs-BA","@id":"https:\/\/tuzlainfo.ba\/#\/schema\/logo\/image\/","url":"https:\/\/tuzlainfo.ba\/wp-content\/uploads\/2021\/03\/logo-ver-3-1.png","contentUrl":"https:\/\/tuzlainfo.ba\/wp-content\/uploads\/2021\/03\/logo-ver-3-1.png","width":350,"height":95,"caption":"TuzlaInfo.ba"},"image":{"@id":"https:\/\/tuzlainfo.ba\/#\/schema\/logo\/image\/"},"sameAs":["https:\/\/www.facebook.com\/tuzlainfo.ba\/"]},{"@type":"Person","@id":"https:\/\/tuzlainfo.ba\/#\/schema\/person\/f434e20dc27ea133923aab08451b7f7f","name":"nedim","image":{"@type":"ImageObject","inLanguage":"bs-BA","@id":"https:\/\/tuzlainfo.ba\/#\/schema\/person\/image\/","url":"https:\/\/tuzlainfo.ba\/wp-content\/litespeed\/avatar\/aabad687af24844af817603ac1cbdc4f.jpg?ver=1777306975","contentUrl":"https:\/\/tuzlainfo.ba\/wp-content\/litespeed\/avatar\/aabad687af24844af817603ac1cbdc4f.jpg?ver=1777306975","caption":"nedim"},"description":"Tuzlainfo.ba pratite na dru\u0161tvenim mre\u017eama: Facebook, Instagram i Youtube. Svoje pri\u010de, upite i fotografije \u0161aljite na na\u0161u e-mail adresu."}]}},"_links":{"self":[{"href":"https:\/\/tuzlainfo.ba\/index.php\/wp-json\/wp\/v2\/posts\/173319"}],"collection":[{"href":"https:\/\/tuzlainfo.ba\/index.php\/wp-json\/wp\/v2\/posts"}],"about":[{"href":"https:\/\/tuzlainfo.ba\/index.php\/wp-json\/wp\/v2\/types\/post"}],"author":[{"embeddable":true,"href":"https:\/\/tuzlainfo.ba\/index.php\/wp-json\/wp\/v2\/users\/2"}],"replies":[{"embeddable":true,"href":"https:\/\/tuzlainfo.ba\/index.php\/wp-json\/wp\/v2\/comments?post=173319"}],"version-history":[{"count":0,"href":"https:\/\/tuzlainfo.ba\/index.php\/wp-json\/wp\/v2\/posts\/173319\/revisions"}],"wp:featuredmedia":[{"embeddable":true,"href":"https:\/\/tuzlainfo.ba\/index.php\/wp-json\/wp\/v2\/media\/173320"}],"wp:attachment":[{"href":"https:\/\/tuzlainfo.ba\/index.php\/wp-json\/wp\/v2\/media?parent=173319"}],"wp:term":[{"taxonomy":"category","embeddable":true,"href":"https:\/\/tuzlainfo.ba\/index.php\/wp-json\/wp\/v2\/categories?post=173319"},{"taxonomy":"post_tag","embeddable":true,"href":"https:\/\/tuzlainfo.ba\/index.php\/wp-json\/wp\/v2\/tags?post=173319"}],"curies":[{"name":"wp","href":"https:\/\/api.w.org\/{rel}","templated":true}]}}