{"id":173239,"date":"2022-05-25T18:16:24","date_gmt":"2022-05-25T16:16:24","guid":{"rendered":"https:\/\/tuzlainfo.ba\/?p=173239"},"modified":"2022-05-26T14:01:14","modified_gmt":"2022-05-26T12:01:14","slug":"azmir-husic-spreman-sam-vratiti-sve-dugove-fk-sloboda-i-preuzeti-klub","status":"publish","type":"post","link":"https:\/\/tuzlainfo.ba\/index.php\/novosti\/item\/173239-azmir-husic-spreman-sam-vratiti-sve-dugove-fk-sloboda-i-preuzeti-klub\/","title":{"rendered":"Azmir Husi\u0107: Spreman sam vratiti sve dugove FK Sloboda i preuzeti klub"},"content":{"rendered":"<p>Azmir Husi\u0107 spreman je u skladu sa zakonskim mogu\u0107nostima \u201cprivatizirati\u201d FK Sloboda kojeg je svojevremno izvadio iz ponora i doveo do evropske scene, najavio je to u razgovoru za portal <a href=\"https:\/\/sportsport.ba\/fudbal\/azmir-husic-sloboda-privatizacija\/426329\"><strong>SportSport.ba<\/strong><\/a>.<\/p>\n<p>Kolo prije kraja premijerliga\u0161ke sezone sve je poznato, kako u borbi za izlazak na evropsku scenu, tako i u onoj za ostanak u dru\u0161tvu najboljih bosanskohercegova\u010dkih klubova.<\/p>\n<p>Premijer ligu \u0107e, ukoliko ne bude \u201ciznena\u0111enja\u201d sa licenciranjem kao i pro\u0161le godine, napustiti Radnik iz Bijeljine i Rudar Prijedor. Zrinjski je novi prvak i predstavljat \u0107e Bosnu i Hercegovinu u Ligi prvaka, Vele\u017e je osvojio kup te \u0107e sa Borcem i Tuzla Cityjem na\u0161u zemlju predstavljati u Konferencijskoj ligi.<\/p>\n<p>Dakle, po prvi put \u0107e na evropsku scenu iza\u0107i i Tuzla City, koji se u dru\u0161tvo najboljih plasirao prije \u010detiri godine. Veliki je to uspjeh za ovaj klub, kojem po ulasku u elitu nisu predvia\u0111ane ovako velike stvari.<\/p>\n<p>No, imao je Tuzla City na svom \u010delu \u010dovjeka u \u010dijem rije\u010dniku ne postoji rije\u010d \u201cneuspjeh\u201d, Azmira Husi\u0107a, koji je zajedno sa svojim saradnicima uspio napraviti cijenjen sportski kolektiv, a sasvim sigurno je da se Husi\u0107 ne\u0107e zaustaviti na ovom uspjehu. Na redu su trofeji.<\/p>\n<p><strong>Gospodine Husi\u0107, kada ste svojevremeno preuzeli mali klub Slogu Simin Han (dana\u0161nja Tuzla City) da li ste o\u010dekivali da \u0107ete za nekoliko godina igrati na evropskoj sceni?<\/strong><\/p>\n<p>\u201cLagao bih da ka\u017eem da nisam. To je bio plan od prvog dana. Znali smo da \u0107emo na tom putu imati uspona i padova, ali vjerovali smo u na\u0161 projekat i evo, ispostavilo se da na\u0161a vjerovanja nisu bila bez pokri\u0107a. Naravno, pored mnogo radosti na tom putu bilo je i te\u0161kih momenata, pa i onih kada \u010dovjek sebe upita \u2018\u0161to mi ovo sve treba\u2019? Ali, ba\u0161 u tim momentima sam oko sebe imao ljude koji bi mi dali dodatnu snagu da zajedno nastavimo i da od kluba napravimo brend. Na dobrom smo putu\u201d.<\/p>\n<p><strong>Va\u0161a ocjena kompletne sezone?<\/strong><\/p>\n<p>\u201c\u0160to se ti\u010de Tuzla Cityja, ve\u0107 sam rekao da smo prezadovoljni. Zrinjski je zaslu\u017eeno prvak, a nekako i ostala mjesta zauzeta na tabeli su otprilike po zaslugama. Naravno, ima nekoliko pozitivnih i negativnih iznena\u0111enja, no to je u fudbalu normalno. Zato fudbal i jeste najpopularniji sport. O\u010dekujem da \u0107e prvenstvo biti mnogo bolje kada se zavr\u0161i projekat hibridnih terena. Moramo biti iskreni i re\u0107i da sa kvalitetom travnjaka imamo ogromne probleme.\u201d<\/p>\n<p>Ne govorite ni\u0161ta o Slobodi? Va\u0161 nekada\u0161nji klub se u samom fini\u0161u spasio od ispadanja u ni\u017ei rang. Jo\u0161 jedna sezona za zaborav.<\/p>\n<p>\u201cIzbjegavam govoriti o Slobodi jer moje rije\u010di \u010desto ne budu shva\u0107ene onako kako treba. U Slobodu sam svojevremeno stigao kada nikog nije zanimala. Igrala se Prva liga Federacije, svjetlo na kraju tunela se nije naziralo, no volim izazove, pa sam se prihvatio i tog. Svi znamo kako je zavr\u0161ilo. Od ponora do borbe za trofeje i izlaska na evropsku scenu. S ove ta\u010dke gledi\u0161ta mogu slobodno re\u0107i, da sam imao samo malo vi\u0161e podr\u0161ke i razumijevanja, u prostorijama Slobode bi danas bilo nekoliko pehara. Na\u017ealost nisam i sada je situacija takva kakva jeste. \u017dao mi je radi toga jer mislim da Sloboda, onda oni najvatreniji navija\u010di kao i svi koji nose Slobodu u srcu, zaslu\u017euju mnogo vi\u0161e\u201d,<\/p>\n<p><strong>Nekako se \u010dini da ste razo\u010darani zbog toga \u0161to Sloboda nije u vrhu bh. fudbala. Ima li na\u010dina da se tamo vrati?<\/strong><\/p>\n<p>\u201cIma, klub treba da ima vlasnika. Istina je da na\u0161i zakoni jo\u0161 ne dozvoljavaju potpunu privatizaciju sportskih kolektiva, ali mislim da se u skladu sa va\u017ee\u0107im zakonskim propisima mo\u017ee dosta toga uraditi. Klub, ne samo Sloboda, nego bilo koji u Bosni i Hercegovini, u kojem se ne zna \u201cko kosi a ko vodu nosi\u2019 nema perspektive. To je tako i tako \u0107e biti uvijek. Recimo, kod nas u Tuzla Cityju se za bitne stvari uvijek pitao mali krug ljudi. Znali smo \u0161ta treba za uspjeh, nikada nije bilo opozicije ili onih koji misle da sve najbolje znaju, a klubu ni\u010dim ne doprinose. I zato imao rezultat, dok u klubovima koji su jo\u0161 uvijek primarno oslonjeni na pomo\u0107 dr\u017eavnih ili gradski struktura svako se \u017eeli za sve pitati. To je osu\u0111eno na propast\u201d.<\/p>\n<p><strong>Moram pitati jer nekako se \u010dini da odgovorom iz prethodnog pitanja ne\u0161to nagovje\u0161tavate. Da li biste danas ponovo ulo\u017eili u Slobodu?<\/strong><\/p>\n<p>\u201cDa, prihvatio bih se tog posla i vjerujem da bi od Slobode napravio klub koji \u0107e se svake godine boriti za trofeje i koji \u0107e svake godine igrati u Evropu. Da, budem jo\u0161 otvoreniji. Spreman sam u ovom trenutku poravnati sva dugovanja Slobode. Ne treba mi ni\u010dija pomo\u0107, treba mi samo povjerenje. Od Slobode bi napravio klub koji ne zavisi ni od koga, finansirali bi se privatnim kapitalom, marketingom, prodajom igra\u010da i izlascima na evropsku scenu. Rasteretio bi se i gradski prora\u010dun od kojeg danas Sloboda zavisi. Ono \u0161to mi treba je samo sloboda u upravljanju klubom, a to bih mogao dobiti tom nekom zakonski dozvoljenom varijantom privatizacije\u201d.<\/p>\n<p><strong>Ali, \u0161ta bi to zna\u010dilo onda za Tuzla City?<\/strong><\/p>\n<p>\u201cNi\u0161ta, Tuzla City je ve\u0107 danas zdrav sportski kolektiv koji ima svoju Upravu koja radi odli\u010dan posao. Moja firma je generalni sponzor kluba. Poma\u017eemo, ne samo Tuzla Cityju, nego i mnogim drugim sportskim kolektivima u Bosni i Hercegovini. Nisam u upravnim organima kluba, po\u010dasni sam predsjednik, tako da eventualno preuzimanje Slobode ne bi negativno uticalo na Tuzla City\u201d, pi\u0161e <a href=\"https:\/\/sportsport.ba\/fudbal\/azmir-husic-sloboda-privatizacija\/426329\"><strong>SportSport.ba.<\/strong><\/a><\/p>\n","protected":false},"excerpt":{"rendered":"<p>Azmir Husi\u0107 spreman je u skladu sa zakonskim mogu\u0107nostima \u201cprivatizirati\u201d FK Sloboda kojeg je svojevremno&hellip;<\/p>\n","protected":false},"author":2,"featured_media":68026,"comment_status":"open","ping_status":"closed","sticky":false,"template":"","format":"standard","meta":{"_acf_changed":false,"footnotes":""},"categories":[304,12,306],"tags":[4807,466,614,915],"acf":[],"yoast_head":"<!-- This site is optimized with the Yoast SEO plugin v23.5 - https:\/\/yoast.com\/wordpress\/plugins\/seo\/ -->\n<title>Azmir Husi\u0107: Spreman sam vratiti sve dugove FK Sloboda i preuzeti klub - TuzlaInfo.ba<\/title>\n<meta name=\"robots\" content=\"index, follow, max-snippet:-1, max-image-preview:large, max-video-preview:-1\" \/>\n<link rel=\"canonical\" href=\"https:\/\/tuzlainfo.ba\/index.php\/novosti\/item\/173239-azmir-husic-spreman-sam-vratiti-sve-dugove-fk-sloboda-i-preuzeti-klub\/\" \/>\n<meta property=\"og:locale\" content=\"bs_BA\" \/>\n<meta property=\"og:type\" content=\"article\" \/>\n<meta property=\"og:title\" content=\"Azmir Husi\u0107: Spreman sam vratiti sve dugove FK Sloboda i preuzeti klub - TuzlaInfo.ba\" \/>\n<meta property=\"og:description\" content=\"Azmir Husi\u0107 spreman je u skladu sa zakonskim mogu\u0107nostima \u201cprivatizirati\u201d FK Sloboda kojeg je svojevremno&hellip;\" \/>\n<meta property=\"og:url\" content=\"https:\/\/tuzlainfo.ba\/index.php\/novosti\/item\/173239-azmir-husic-spreman-sam-vratiti-sve-dugove-fk-sloboda-i-preuzeti-klub\/\" \/>\n<meta property=\"og:site_name\" content=\"TuzlaInfo.ba\" \/>\n<meta property=\"article:publisher\" content=\"https:\/\/www.facebook.com\/tuzlainfo.ba\/\" \/>\n<meta property=\"article:published_time\" content=\"2022-05-25T16:16:24+00:00\" \/>\n<meta property=\"article:modified_time\" content=\"2022-05-26T12:01:14+00:00\" \/>\n<meta property=\"og:image\" content=\"https:\/\/tuzlainfo.ba\/wp-content\/uploads\/2019\/02\/sadrzaj_2019_20190201_2502_husic.jpg\" \/>\n\t<meta property=\"og:image:width\" content=\"770\" \/>\n\t<meta property=\"og:image:height\" content=\"465\" \/>\n\t<meta property=\"og:image:type\" content=\"image\/jpeg\" \/>\n<meta name=\"author\" content=\"nedim\" \/>\n<meta name=\"twitter:card\" content=\"summary_large_image\" \/>\n<meta name=\"twitter:label1\" content=\"Written by\" \/>\n\t<meta name=\"twitter:data1\" content=\"nedim\" \/>\n\t<meta name=\"twitter:label2\" content=\"Est. reading time\" \/>\n\t<meta name=\"twitter:data2\" content=\"5 minuta\" \/>\n<script type=\"application\/ld+json\" class=\"yoast-schema-graph\">{\"@context\":\"https:\/\/schema.org\",\"@graph\":[{\"@type\":\"Article\",\"@id\":\"https:\/\/tuzlainfo.ba\/index.php\/novosti\/item\/173239-azmir-husic-spreman-sam-vratiti-sve-dugove-fk-sloboda-i-preuzeti-klub\/#article\",\"isPartOf\":{\"@id\":\"https:\/\/tuzlainfo.ba\/index.php\/novosti\/item\/173239-azmir-husic-spreman-sam-vratiti-sve-dugove-fk-sloboda-i-preuzeti-klub\/\"},\"author\":{\"name\":\"nedim\",\"@id\":\"https:\/\/tuzlainfo.ba\/#\/schema\/person\/f434e20dc27ea133923aab08451b7f7f\"},\"headline\":\"Azmir Husi\u0107: Spreman sam vratiti sve dugove FK Sloboda i preuzeti klub\",\"datePublished\":\"2022-05-25T16:16:24+00:00\",\"dateModified\":\"2022-05-26T12:01:14+00:00\",\"mainEntityOfPage\":{\"@id\":\"https:\/\/tuzlainfo.ba\/index.php\/novosti\/item\/173239-azmir-husic-spreman-sam-vratiti-sve-dugove-fk-sloboda-i-preuzeti-klub\/\"},\"wordCount\":956,\"commentCount\":0,\"publisher\":{\"@id\":\"https:\/\/tuzlainfo.ba\/#organization\"},\"image\":{\"@id\":\"https:\/\/tuzlainfo.ba\/index.php\/novosti\/item\/173239-azmir-husic-spreman-sam-vratiti-sve-dugove-fk-sloboda-i-preuzeti-klub\/#primaryimage\"},\"thumbnailUrl\":\"https:\/\/tuzlainfo.ba\/wp-content\/uploads\/2019\/02\/sadrzaj_2019_20190201_2502_husic.jpg\",\"keywords\":[\"azmir husic\",\"fk sloboda\",\"fk tuzla city\",\"sport\"],\"articleSection\":[\"Istaknuto\",\"Novosti\",\"Preporu\u010dujemo\"],\"inLanguage\":\"bs-BA\"},{\"@type\":\"WebPage\",\"@id\":\"https:\/\/tuzlainfo.ba\/index.php\/novosti\/item\/173239-azmir-husic-spreman-sam-vratiti-sve-dugove-fk-sloboda-i-preuzeti-klub\/\",\"url\":\"https:\/\/tuzlainfo.ba\/index.php\/novosti\/item\/173239-azmir-husic-spreman-sam-vratiti-sve-dugove-fk-sloboda-i-preuzeti-klub\/\",\"name\":\"Azmir Husi\u0107: Spreman sam vratiti sve dugove FK Sloboda i preuzeti klub - TuzlaInfo.ba\",\"isPartOf\":{\"@id\":\"https:\/\/tuzlainfo.ba\/#website\"},\"primaryImageOfPage\":{\"@id\":\"https:\/\/tuzlainfo.ba\/index.php\/novosti\/item\/173239-azmir-husic-spreman-sam-vratiti-sve-dugove-fk-sloboda-i-preuzeti-klub\/#primaryimage\"},\"image\":{\"@id\":\"https:\/\/tuzlainfo.ba\/index.php\/novosti\/item\/173239-azmir-husic-spreman-sam-vratiti-sve-dugove-fk-sloboda-i-preuzeti-klub\/#primaryimage\"},\"thumbnailUrl\":\"https:\/\/tuzlainfo.ba\/wp-content\/uploads\/2019\/02\/sadrzaj_2019_20190201_2502_husic.jpg\",\"datePublished\":\"2022-05-25T16:16:24+00:00\",\"dateModified\":\"2022-05-26T12:01:14+00:00\",\"breadcrumb\":{\"@id\":\"https:\/\/tuzlainfo.ba\/index.php\/novosti\/item\/173239-azmir-husic-spreman-sam-vratiti-sve-dugove-fk-sloboda-i-preuzeti-klub\/#breadcrumb\"},\"inLanguage\":\"bs-BA\",\"potentialAction\":[{\"@type\":\"ReadAction\",\"target\":[\"https:\/\/tuzlainfo.ba\/index.php\/novosti\/item\/173239-azmir-husic-spreman-sam-vratiti-sve-dugove-fk-sloboda-i-preuzeti-klub\/\"]}]},{\"@type\":\"ImageObject\",\"inLanguage\":\"bs-BA\",\"@id\":\"https:\/\/tuzlainfo.ba\/index.php\/novosti\/item\/173239-azmir-husic-spreman-sam-vratiti-sve-dugove-fk-sloboda-i-preuzeti-klub\/#primaryimage\",\"url\":\"https:\/\/tuzlainfo.ba\/wp-content\/uploads\/2019\/02\/sadrzaj_2019_20190201_2502_husic.jpg\",\"contentUrl\":\"https:\/\/tuzlainfo.ba\/wp-content\/uploads\/2019\/02\/sadrzaj_2019_20190201_2502_husic.jpg\",\"width\":770,\"height\":465,\"caption\":\"2502 husic\"},{\"@type\":\"BreadcrumbList\",\"@id\":\"https:\/\/tuzlainfo.ba\/index.php\/novosti\/item\/173239-azmir-husic-spreman-sam-vratiti-sve-dugove-fk-sloboda-i-preuzeti-klub\/#breadcrumb\",\"itemListElement\":[{\"@type\":\"ListItem\",\"position\":1,\"name\":\"Home\",\"item\":\"https:\/\/tuzlainfo.ba\/\"},{\"@type\":\"ListItem\",\"position\":2,\"name\":\"Azmir Husi\u0107: Spreman sam vratiti sve dugove FK Sloboda i preuzeti klub\"}]},{\"@type\":\"WebSite\",\"@id\":\"https:\/\/tuzlainfo.ba\/#website\",\"url\":\"https:\/\/tuzlainfo.ba\/\",\"name\":\"TuzlaInfo.ba\",\"description\":\"Tuzla info, gradski informator - Tuzla na dlanu\",\"publisher\":{\"@id\":\"https:\/\/tuzlainfo.ba\/#organization\"},\"potentialAction\":[{\"@type\":\"SearchAction\",\"target\":{\"@type\":\"EntryPoint\",\"urlTemplate\":\"https:\/\/tuzlainfo.ba\/?s={search_term_string}\"},\"query-input\":{\"@type\":\"PropertyValueSpecification\",\"valueRequired\":true,\"valueName\":\"search_term_string\"}}],\"inLanguage\":\"bs-BA\"},{\"@type\":\"Organization\",\"@id\":\"https:\/\/tuzlainfo.ba\/#organization\",\"name\":\"TuzlaInfo.ba\",\"url\":\"https:\/\/tuzlainfo.ba\/\",\"logo\":{\"@type\":\"ImageObject\",\"inLanguage\":\"bs-BA\",\"@id\":\"https:\/\/tuzlainfo.ba\/#\/schema\/logo\/image\/\",\"url\":\"https:\/\/tuzlainfo.ba\/wp-content\/uploads\/2021\/03\/logo-ver-3-1.png\",\"contentUrl\":\"https:\/\/tuzlainfo.ba\/wp-content\/uploads\/2021\/03\/logo-ver-3-1.png\",\"width\":350,\"height\":95,\"caption\":\"TuzlaInfo.ba\"},\"image\":{\"@id\":\"https:\/\/tuzlainfo.ba\/#\/schema\/logo\/image\/\"},\"sameAs\":[\"https:\/\/www.facebook.com\/tuzlainfo.ba\/\"]},{\"@type\":\"Person\",\"@id\":\"https:\/\/tuzlainfo.ba\/#\/schema\/person\/f434e20dc27ea133923aab08451b7f7f\",\"name\":\"nedim\",\"image\":{\"@type\":\"ImageObject\",\"inLanguage\":\"bs-BA\",\"@id\":\"https:\/\/tuzlainfo.ba\/#\/schema\/person\/image\/\",\"url\":\"https:\/\/tuzlainfo.ba\/wp-content\/litespeed\/avatar\/aabad687af24844af817603ac1cbdc4f.jpg?ver=1776702173\",\"contentUrl\":\"https:\/\/tuzlainfo.ba\/wp-content\/litespeed\/avatar\/aabad687af24844af817603ac1cbdc4f.jpg?ver=1776702173\",\"caption\":\"nedim\"},\"description\":\"Tuzlainfo.ba pratite na dru\u0161tvenim mre\u017eama: Facebook, Instagram i Youtube. Svoje pri\u010de, upite i fotografije \u0161aljite na na\u0161u e-mail adresu.\"}]}<\/script>\n<!-- \/ Yoast SEO plugin. -->","yoast_head_json":{"title":"Azmir Husi\u0107: Spreman sam vratiti sve dugove FK Sloboda i preuzeti klub - TuzlaInfo.ba","robots":{"index":"index","follow":"follow","max-snippet":"max-snippet:-1","max-image-preview":"max-image-preview:large","max-video-preview":"max-video-preview:-1"},"canonical":"https:\/\/tuzlainfo.ba\/index.php\/novosti\/item\/173239-azmir-husic-spreman-sam-vratiti-sve-dugove-fk-sloboda-i-preuzeti-klub\/","og_locale":"bs_BA","og_type":"article","og_title":"Azmir Husi\u0107: Spreman sam vratiti sve dugove FK Sloboda i preuzeti klub - TuzlaInfo.ba","og_description":"Azmir Husi\u0107 spreman je u skladu sa zakonskim mogu\u0107nostima \u201cprivatizirati\u201d FK Sloboda kojeg je svojevremno&hellip;","og_url":"https:\/\/tuzlainfo.ba\/index.php\/novosti\/item\/173239-azmir-husic-spreman-sam-vratiti-sve-dugove-fk-sloboda-i-preuzeti-klub\/","og_site_name":"TuzlaInfo.ba","article_publisher":"https:\/\/www.facebook.com\/tuzlainfo.ba\/","article_published_time":"2022-05-25T16:16:24+00:00","article_modified_time":"2022-05-26T12:01:14+00:00","og_image":[{"width":770,"height":465,"url":"https:\/\/tuzlainfo.ba\/wp-content\/uploads\/2019\/02\/sadrzaj_2019_20190201_2502_husic.jpg","type":"image\/jpeg"}],"author":"nedim","twitter_card":"summary_large_image","twitter_misc":{"Written by":"nedim","Est. reading time":"5 minuta"},"schema":{"@context":"https:\/\/schema.org","@graph":[{"@type":"Article","@id":"https:\/\/tuzlainfo.ba\/index.php\/novosti\/item\/173239-azmir-husic-spreman-sam-vratiti-sve-dugove-fk-sloboda-i-preuzeti-klub\/#article","isPartOf":{"@id":"https:\/\/tuzlainfo.ba\/index.php\/novosti\/item\/173239-azmir-husic-spreman-sam-vratiti-sve-dugove-fk-sloboda-i-preuzeti-klub\/"},"author":{"name":"nedim","@id":"https:\/\/tuzlainfo.ba\/#\/schema\/person\/f434e20dc27ea133923aab08451b7f7f"},"headline":"Azmir Husi\u0107: Spreman sam vratiti sve dugove FK Sloboda i preuzeti klub","datePublished":"2022-05-25T16:16:24+00:00","dateModified":"2022-05-26T12:01:14+00:00","mainEntityOfPage":{"@id":"https:\/\/tuzlainfo.ba\/index.php\/novosti\/item\/173239-azmir-husic-spreman-sam-vratiti-sve-dugove-fk-sloboda-i-preuzeti-klub\/"},"wordCount":956,"commentCount":0,"publisher":{"@id":"https:\/\/tuzlainfo.ba\/#organization"},"image":{"@id":"https:\/\/tuzlainfo.ba\/index.php\/novosti\/item\/173239-azmir-husic-spreman-sam-vratiti-sve-dugove-fk-sloboda-i-preuzeti-klub\/#primaryimage"},"thumbnailUrl":"https:\/\/tuzlainfo.ba\/wp-content\/uploads\/2019\/02\/sadrzaj_2019_20190201_2502_husic.jpg","keywords":["azmir husic","fk sloboda","fk tuzla city","sport"],"articleSection":["Istaknuto","Novosti","Preporu\u010dujemo"],"inLanguage":"bs-BA"},{"@type":"WebPage","@id":"https:\/\/tuzlainfo.ba\/index.php\/novosti\/item\/173239-azmir-husic-spreman-sam-vratiti-sve-dugove-fk-sloboda-i-preuzeti-klub\/","url":"https:\/\/tuzlainfo.ba\/index.php\/novosti\/item\/173239-azmir-husic-spreman-sam-vratiti-sve-dugove-fk-sloboda-i-preuzeti-klub\/","name":"Azmir Husi\u0107: Spreman sam vratiti sve dugove FK Sloboda i preuzeti klub - TuzlaInfo.ba","isPartOf":{"@id":"https:\/\/tuzlainfo.ba\/#website"},"primaryImageOfPage":{"@id":"https:\/\/tuzlainfo.ba\/index.php\/novosti\/item\/173239-azmir-husic-spreman-sam-vratiti-sve-dugove-fk-sloboda-i-preuzeti-klub\/#primaryimage"},"image":{"@id":"https:\/\/tuzlainfo.ba\/index.php\/novosti\/item\/173239-azmir-husic-spreman-sam-vratiti-sve-dugove-fk-sloboda-i-preuzeti-klub\/#primaryimage"},"thumbnailUrl":"https:\/\/tuzlainfo.ba\/wp-content\/uploads\/2019\/02\/sadrzaj_2019_20190201_2502_husic.jpg","datePublished":"2022-05-25T16:16:24+00:00","dateModified":"2022-05-26T12:01:14+00:00","breadcrumb":{"@id":"https:\/\/tuzlainfo.ba\/index.php\/novosti\/item\/173239-azmir-husic-spreman-sam-vratiti-sve-dugove-fk-sloboda-i-preuzeti-klub\/#breadcrumb"},"inLanguage":"bs-BA","potentialAction":[{"@type":"ReadAction","target":["https:\/\/tuzlainfo.ba\/index.php\/novosti\/item\/173239-azmir-husic-spreman-sam-vratiti-sve-dugove-fk-sloboda-i-preuzeti-klub\/"]}]},{"@type":"ImageObject","inLanguage":"bs-BA","@id":"https:\/\/tuzlainfo.ba\/index.php\/novosti\/item\/173239-azmir-husic-spreman-sam-vratiti-sve-dugove-fk-sloboda-i-preuzeti-klub\/#primaryimage","url":"https:\/\/tuzlainfo.ba\/wp-content\/uploads\/2019\/02\/sadrzaj_2019_20190201_2502_husic.jpg","contentUrl":"https:\/\/tuzlainfo.ba\/wp-content\/uploads\/2019\/02\/sadrzaj_2019_20190201_2502_husic.jpg","width":770,"height":465,"caption":"2502 husic"},{"@type":"BreadcrumbList","@id":"https:\/\/tuzlainfo.ba\/index.php\/novosti\/item\/173239-azmir-husic-spreman-sam-vratiti-sve-dugove-fk-sloboda-i-preuzeti-klub\/#breadcrumb","itemListElement":[{"@type":"ListItem","position":1,"name":"Home","item":"https:\/\/tuzlainfo.ba\/"},{"@type":"ListItem","position":2,"name":"Azmir Husi\u0107: Spreman sam vratiti sve dugove FK Sloboda i preuzeti klub"}]},{"@type":"WebSite","@id":"https:\/\/tuzlainfo.ba\/#website","url":"https:\/\/tuzlainfo.ba\/","name":"TuzlaInfo.ba","description":"Tuzla info, gradski informator - Tuzla na dlanu","publisher":{"@id":"https:\/\/tuzlainfo.ba\/#organization"},"potentialAction":[{"@type":"SearchAction","target":{"@type":"EntryPoint","urlTemplate":"https:\/\/tuzlainfo.ba\/?s={search_term_string}"},"query-input":{"@type":"PropertyValueSpecification","valueRequired":true,"valueName":"search_term_string"}}],"inLanguage":"bs-BA"},{"@type":"Organization","@id":"https:\/\/tuzlainfo.ba\/#organization","name":"TuzlaInfo.ba","url":"https:\/\/tuzlainfo.ba\/","logo":{"@type":"ImageObject","inLanguage":"bs-BA","@id":"https:\/\/tuzlainfo.ba\/#\/schema\/logo\/image\/","url":"https:\/\/tuzlainfo.ba\/wp-content\/uploads\/2021\/03\/logo-ver-3-1.png","contentUrl":"https:\/\/tuzlainfo.ba\/wp-content\/uploads\/2021\/03\/logo-ver-3-1.png","width":350,"height":95,"caption":"TuzlaInfo.ba"},"image":{"@id":"https:\/\/tuzlainfo.ba\/#\/schema\/logo\/image\/"},"sameAs":["https:\/\/www.facebook.com\/tuzlainfo.ba\/"]},{"@type":"Person","@id":"https:\/\/tuzlainfo.ba\/#\/schema\/person\/f434e20dc27ea133923aab08451b7f7f","name":"nedim","image":{"@type":"ImageObject","inLanguage":"bs-BA","@id":"https:\/\/tuzlainfo.ba\/#\/schema\/person\/image\/","url":"https:\/\/tuzlainfo.ba\/wp-content\/litespeed\/avatar\/aabad687af24844af817603ac1cbdc4f.jpg?ver=1776702173","contentUrl":"https:\/\/tuzlainfo.ba\/wp-content\/litespeed\/avatar\/aabad687af24844af817603ac1cbdc4f.jpg?ver=1776702173","caption":"nedim"},"description":"Tuzlainfo.ba pratite na dru\u0161tvenim mre\u017eama: Facebook, Instagram i Youtube. Svoje pri\u010de, upite i fotografije \u0161aljite na na\u0161u e-mail adresu."}]}},"_links":{"self":[{"href":"https:\/\/tuzlainfo.ba\/index.php\/wp-json\/wp\/v2\/posts\/173239"}],"collection":[{"href":"https:\/\/tuzlainfo.ba\/index.php\/wp-json\/wp\/v2\/posts"}],"about":[{"href":"https:\/\/tuzlainfo.ba\/index.php\/wp-json\/wp\/v2\/types\/post"}],"author":[{"embeddable":true,"href":"https:\/\/tuzlainfo.ba\/index.php\/wp-json\/wp\/v2\/users\/2"}],"replies":[{"embeddable":true,"href":"https:\/\/tuzlainfo.ba\/index.php\/wp-json\/wp\/v2\/comments?post=173239"}],"version-history":[{"count":0,"href":"https:\/\/tuzlainfo.ba\/index.php\/wp-json\/wp\/v2\/posts\/173239\/revisions"}],"wp:featuredmedia":[{"embeddable":true,"href":"https:\/\/tuzlainfo.ba\/index.php\/wp-json\/wp\/v2\/media\/68026"}],"wp:attachment":[{"href":"https:\/\/tuzlainfo.ba\/index.php\/wp-json\/wp\/v2\/media?parent=173239"}],"wp:term":[{"taxonomy":"category","embeddable":true,"href":"https:\/\/tuzlainfo.ba\/index.php\/wp-json\/wp\/v2\/categories?post=173239"},{"taxonomy":"post_tag","embeddable":true,"href":"https:\/\/tuzlainfo.ba\/index.php\/wp-json\/wp\/v2\/tags?post=173239"}],"curies":[{"name":"wp","href":"https:\/\/api.w.org\/{rel}","templated":true}]}}