{"id":172966,"date":"2022-05-23T17:02:37","date_gmt":"2022-05-23T15:02:37","guid":{"rendered":"https:\/\/tuzlainfo.ba\/?p=172966"},"modified":"2022-05-23T12:38:13","modified_gmt":"2022-05-23T10:38:13","slug":"film-kapija-95-u-mc-srebrenica-roditelji-ubijene-tuzlanske-mladosti-jos-cekaju-pravdu","status":"publish","type":"post","link":"https:\/\/tuzlainfo.ba\/index.php\/novosti\/item\/172966-film-kapija-95-u-mc-srebrenica-roditelji-ubijene-tuzlanske-mladosti-jos-cekaju-pravdu\/","title":{"rendered":"Film &#8220;Kapija 95.&#8221; u MC Srebrenica: &#8220;Roditelji ubijene tuzlanske mladosti jo\u0161 \u010dekaju pravdu&#8221;"},"content":{"rendered":"<p>Povodom obilje\u017eavanja 27. godi\u0161njice masakra na Tuzlanskoj kapiji, u Memorijalnom centru Srebrenica premijerno \u0107e biti prikazan dokumentarni film &#8220;Kapija '95&#8221;. Dokumentarni film je posve\u0107en \u017ertvama masakra ispaljene granate s planine Ozren pod komandom Vojske Republike Srpske (VRS) 25. maja 1995. godine. Tog dana na Tuzlanskoj kapiji ubijena je 71, a ranjeno vi\u0161e od 140 osoba prosje\u010dne dobi od 23 godine.<\/p>\n<p>Memorijalni centar Srebrenica i Centar za postkonfliktna istra\u017eivanja 24. maja u Poto\u010darima organizuju program povodom obilje\u017eavanja 27. godi\u0161njice masakra nad tuzlanskom mlado\u0161\u0107u &#8211; jedan od najte\u017eih zlo\u010dina nad civilima u Tuzli.<\/p>\n<p>Predsjednica Centra za postkonfliktna istra\u017eivanja Velma \u0160ari\u0107 isti\u010de da je porazna \u010dinjenica da 27 godina nakon masakra nad tuzlanskom mlado\u0161\u0107u roditelji ubijene djece jo\u0161 \u010dekaju na pravdu.<\/p>\n<p>&#8211; S engleskom producentskom ku\u0107om PINCH Media producirali smo film &#8220;Kapija '95&#8221; za Memorijalni Centar Srebrenica, s kojima zajedno razvijamo sveobuhvatnu strategiju ja\u010danja sje\u0107anja na genocid i ratne zlo\u010dine \u0161irom Bosne i Hercegovine &#8211; kazala je \u0160ari\u0107.<\/p>\n<p>Direktor Memorijalnog Centra Srebrenica Emir Suljagi\u0107 smatra da su dokumentovanje genocida i drugih zlo\u010dina, te stalno podsje\u0107anje na razmjere i sistematsko \u010dinjenje zlo\u010dina pod komandom politike i vojske Republike Srpske jedini na\u010dini da se sprije\u010di negiranje i manipulacija \u010dinjenicama.<\/p>\n<p>Suljagi\u0107 je zahvalio Centru za postkonfliktna istra\u017eivanja i PINCH Media na produkciji filma &#8220;Kapija '95&#8221;, ali i roditeljima ubijene djece i pre\u017eivjelim iz Tuzle \u0161to su i nakon 27 godina nepravde bili spremni da podijele svoja bolna iskustva i ne odustaju u borbi za pravdu i istinu.<\/p>\n<p>&#8211; U filmu &#8220;Kapija '95&#8221; govori majka iz Srebrenice, Bahra Hasanovi\u0107, kojoj je jedno dijete ubijeno 1992. godine u Srebrenici, a drugo na Tuzlanskoj Kapiji &#8211; navodi Suljagi\u0107, dodav\u0161i da to govori o povezanosti i sistemati\u010dnosti \u010dinjenja genocida i zlo\u010dina.<\/p>\n<p>Me\u0111u ubijenim je i trogodi\u0161nji dje\u010dak Sandro Kalesi\u0107, kojeg je geler pogodio direktno u srce dok je bio u o\u010devom naru\u010dju.<\/p>\n<p>&#8211; Odjednom je odjeknula strahovita eksplozija. Sve oko nas je bilo u pra\u0161ini. Stravi\u010dna slika. Pogledao sam prema Sandru. Samo se rukom dr\u017eao za uho i jecao. Mislio sam da je to od straha. Vjerovatno nije ni osjetio da je pogo\u0111en. Zgrabio sam ga i po\u0161ao prema zgradi u susjedstvu pla\u0161e\u0107i se nove granate. Stavio sam ga na grudi i tek tada sam osjetio da kroz majicu probija krv. Mislim da je umro kada smo prolazili bolni\u010dke kapije. Lije\u010dnici su poku\u0161ali s reanimiranjem. Uzaludno &#8211; kazao je Dino Kalesi\u0107, otac ubijenog Sandra.<\/p>\n<p>Za zlo\u010din nad tuzlanskom mlado\u0161\u0107u u Sudu Bosne i Hercegovine jedini osu\u0111eni je Novak \u0110uki\u0107, komandant takti\u010dke grupe &#8220;Ozren&#8221; Vojske Republike Srpske na 20 godina zatvora. U februaru 2014. godine pu\u0161ten je s izdr\u017eavanja kazne zbog primjene bla\u017eeg zakona, \u0161to je iskoristio da pobjegne u Srbiju. Za \u0110uki\u0107em je raspisana Interpolova potjernica, a Bosna i Hercegovina je zatra\u017eila da Srbija preuzme presudu i njeno izvr\u0161enje. Od 2016. godine, a pod obrazlo\u017eenjem da je \u0110uki\u0107 lo\u0161eg zdravstvenog stanja, presudu i njeno izvr\u0161enje nije preuzela Srbija, saop\u0107eno je iz Memorijalnog centra Srebrenica, prenosi Fena.<\/p>\n","protected":false},"excerpt":{"rendered":"<p>Povodom obilje\u017eavanja 27. godi\u0161njice masakra na Tuzlanskoj kapiji, u Memorijalnom centru Srebrenica premijerno \u0107e biti&hellip;<\/p>\n","protected":false},"author":4,"featured_media":172967,"comment_status":"open","ping_status":"closed","sticky":false,"template":"","format":"standard","meta":{"_acf_changed":false,"footnotes":""},"categories":[304,12],"tags":[450,4787,783],"acf":[],"yoast_head":"<!-- This site is optimized with the Yoast SEO plugin v23.5 - https:\/\/yoast.com\/wordpress\/plugins\/seo\/ -->\n<title>Film &quot;Kapija 95.&quot; u MC Srebrenica: &quot;Roditelji ubijene tuzlanske mladosti jo\u0161 \u010dekaju pravdu&quot; - TuzlaInfo.ba<\/title>\n<meta name=\"robots\" content=\"index, follow, max-snippet:-1, max-image-preview:large, max-video-preview:-1\" \/>\n<link rel=\"canonical\" href=\"https:\/\/tuzlainfo.ba\/index.php\/novosti\/item\/172966-film-kapija-95-u-mc-srebrenica-roditelji-ubijene-tuzlanske-mladosti-jos-cekaju-pravdu\/\" \/>\n<meta property=\"og:locale\" content=\"bs_BA\" \/>\n<meta property=\"og:type\" content=\"article\" \/>\n<meta property=\"og:title\" content=\"Film &quot;Kapija 95.&quot; u MC Srebrenica: &quot;Roditelji ubijene tuzlanske mladosti jo\u0161 \u010dekaju pravdu&quot; - TuzlaInfo.ba\" \/>\n<meta property=\"og:description\" content=\"Povodom obilje\u017eavanja 27. godi\u0161njice masakra na Tuzlanskoj kapiji, u Memorijalnom centru Srebrenica premijerno \u0107e biti&hellip;\" \/>\n<meta property=\"og:url\" content=\"https:\/\/tuzlainfo.ba\/index.php\/novosti\/item\/172966-film-kapija-95-u-mc-srebrenica-roditelji-ubijene-tuzlanske-mladosti-jos-cekaju-pravdu\/\" \/>\n<meta property=\"og:site_name\" content=\"TuzlaInfo.ba\" \/>\n<meta property=\"article:publisher\" content=\"https:\/\/www.facebook.com\/tuzlainfo.ba\/\" \/>\n<meta property=\"article:published_time\" content=\"2022-05-23T15:02:37+00:00\" \/>\n<meta property=\"article:modified_time\" content=\"2022-05-23T10:38:13+00:00\" \/>\n<meta property=\"og:image\" content=\"https:\/\/tuzlainfo.ba\/wp-content\/uploads\/2022\/05\/2305_kapija_film.png\" \/>\n\t<meta property=\"og:image:width\" content=\"770\" \/>\n\t<meta property=\"og:image:height\" content=\"461\" \/>\n\t<meta property=\"og:image:type\" content=\"image\/png\" \/>\n<meta name=\"author\" content=\"Tuzla Info\" \/>\n<meta name=\"twitter:card\" content=\"summary_large_image\" \/>\n<meta name=\"twitter:label1\" content=\"Written by\" \/>\n\t<meta name=\"twitter:data1\" content=\"Tuzla Info\" \/>\n\t<meta name=\"twitter:label2\" content=\"Est. reading time\" \/>\n\t<meta name=\"twitter:data2\" content=\"3 minute\" \/>\n<script type=\"application\/ld+json\" class=\"yoast-schema-graph\">{\"@context\":\"https:\/\/schema.org\",\"@graph\":[{\"@type\":\"Article\",\"@id\":\"https:\/\/tuzlainfo.ba\/index.php\/novosti\/item\/172966-film-kapija-95-u-mc-srebrenica-roditelji-ubijene-tuzlanske-mladosti-jos-cekaju-pravdu\/#article\",\"isPartOf\":{\"@id\":\"https:\/\/tuzlainfo.ba\/index.php\/novosti\/item\/172966-film-kapija-95-u-mc-srebrenica-roditelji-ubijene-tuzlanske-mladosti-jos-cekaju-pravdu\/\"},\"author\":{\"name\":\"Tuzla Info\",\"@id\":\"https:\/\/tuzlainfo.ba\/#\/schema\/person\/46cad4c57790cbc50781edd14870825a\"},\"headline\":\"Film &#8220;Kapija 95.&#8221; u MC Srebrenica: &#8220;Roditelji ubijene tuzlanske mladosti jo\u0161 \u010dekaju pravdu&#8221;\",\"datePublished\":\"2022-05-23T15:02:37+00:00\",\"dateModified\":\"2022-05-23T10:38:13+00:00\",\"mainEntityOfPage\":{\"@id\":\"https:\/\/tuzlainfo.ba\/index.php\/novosti\/item\/172966-film-kapija-95-u-mc-srebrenica-roditelji-ubijene-tuzlanske-mladosti-jos-cekaju-pravdu\/\"},\"wordCount\":538,\"commentCount\":0,\"publisher\":{\"@id\":\"https:\/\/tuzlainfo.ba\/#organization\"},\"image\":{\"@id\":\"https:\/\/tuzlainfo.ba\/index.php\/novosti\/item\/172966-film-kapija-95-u-mc-srebrenica-roditelji-ubijene-tuzlanske-mladosti-jos-cekaju-pravdu\/#primaryimage\"},\"thumbnailUrl\":\"https:\/\/tuzlainfo.ba\/wp-content\/uploads\/2022\/05\/2305_kapija_film.png\",\"keywords\":[\"film\",\"kapija 95\",\"memorijalni centar srebrenica\"],\"articleSection\":[\"Istaknuto\",\"Novosti\"],\"inLanguage\":\"bs-BA\"},{\"@type\":\"WebPage\",\"@id\":\"https:\/\/tuzlainfo.ba\/index.php\/novosti\/item\/172966-film-kapija-95-u-mc-srebrenica-roditelji-ubijene-tuzlanske-mladosti-jos-cekaju-pravdu\/\",\"url\":\"https:\/\/tuzlainfo.ba\/index.php\/novosti\/item\/172966-film-kapija-95-u-mc-srebrenica-roditelji-ubijene-tuzlanske-mladosti-jos-cekaju-pravdu\/\",\"name\":\"Film \\\"Kapija 95.\\\" u MC Srebrenica: \\\"Roditelji ubijene tuzlanske mladosti jo\u0161 \u010dekaju pravdu\\\" - TuzlaInfo.ba\",\"isPartOf\":{\"@id\":\"https:\/\/tuzlainfo.ba\/#website\"},\"primaryImageOfPage\":{\"@id\":\"https:\/\/tuzlainfo.ba\/index.php\/novosti\/item\/172966-film-kapija-95-u-mc-srebrenica-roditelji-ubijene-tuzlanske-mladosti-jos-cekaju-pravdu\/#primaryimage\"},\"image\":{\"@id\":\"https:\/\/tuzlainfo.ba\/index.php\/novosti\/item\/172966-film-kapija-95-u-mc-srebrenica-roditelji-ubijene-tuzlanske-mladosti-jos-cekaju-pravdu\/#primaryimage\"},\"thumbnailUrl\":\"https:\/\/tuzlainfo.ba\/wp-content\/uploads\/2022\/05\/2305_kapija_film.png\",\"datePublished\":\"2022-05-23T15:02:37+00:00\",\"dateModified\":\"2022-05-23T10:38:13+00:00\",\"breadcrumb\":{\"@id\":\"https:\/\/tuzlainfo.ba\/index.php\/novosti\/item\/172966-film-kapija-95-u-mc-srebrenica-roditelji-ubijene-tuzlanske-mladosti-jos-cekaju-pravdu\/#breadcrumb\"},\"inLanguage\":\"bs-BA\",\"potentialAction\":[{\"@type\":\"ReadAction\",\"target\":[\"https:\/\/tuzlainfo.ba\/index.php\/novosti\/item\/172966-film-kapija-95-u-mc-srebrenica-roditelji-ubijene-tuzlanske-mladosti-jos-cekaju-pravdu\/\"]}]},{\"@type\":\"ImageObject\",\"inLanguage\":\"bs-BA\",\"@id\":\"https:\/\/tuzlainfo.ba\/index.php\/novosti\/item\/172966-film-kapija-95-u-mc-srebrenica-roditelji-ubijene-tuzlanske-mladosti-jos-cekaju-pravdu\/#primaryimage\",\"url\":\"https:\/\/tuzlainfo.ba\/wp-content\/uploads\/2022\/05\/2305_kapija_film.png\",\"contentUrl\":\"https:\/\/tuzlainfo.ba\/wp-content\/uploads\/2022\/05\/2305_kapija_film.png\",\"width\":770,\"height\":461},{\"@type\":\"BreadcrumbList\",\"@id\":\"https:\/\/tuzlainfo.ba\/index.php\/novosti\/item\/172966-film-kapija-95-u-mc-srebrenica-roditelji-ubijene-tuzlanske-mladosti-jos-cekaju-pravdu\/#breadcrumb\",\"itemListElement\":[{\"@type\":\"ListItem\",\"position\":1,\"name\":\"Home\",\"item\":\"https:\/\/tuzlainfo.ba\/\"},{\"@type\":\"ListItem\",\"position\":2,\"name\":\"Film &#8220;Kapija 95.&#8221; u MC Srebrenica: &#8220;Roditelji ubijene tuzlanske mladosti jo\u0161 \u010dekaju pravdu&#8221;\"}]},{\"@type\":\"WebSite\",\"@id\":\"https:\/\/tuzlainfo.ba\/#website\",\"url\":\"https:\/\/tuzlainfo.ba\/\",\"name\":\"TuzlaInfo.ba\",\"description\":\"Tuzla info, gradski informator - Tuzla na dlanu\",\"publisher\":{\"@id\":\"https:\/\/tuzlainfo.ba\/#organization\"},\"potentialAction\":[{\"@type\":\"SearchAction\",\"target\":{\"@type\":\"EntryPoint\",\"urlTemplate\":\"https:\/\/tuzlainfo.ba\/?s={search_term_string}\"},\"query-input\":{\"@type\":\"PropertyValueSpecification\",\"valueRequired\":true,\"valueName\":\"search_term_string\"}}],\"inLanguage\":\"bs-BA\"},{\"@type\":\"Organization\",\"@id\":\"https:\/\/tuzlainfo.ba\/#organization\",\"name\":\"TuzlaInfo.ba\",\"url\":\"https:\/\/tuzlainfo.ba\/\",\"logo\":{\"@type\":\"ImageObject\",\"inLanguage\":\"bs-BA\",\"@id\":\"https:\/\/tuzlainfo.ba\/#\/schema\/logo\/image\/\",\"url\":\"https:\/\/tuzlainfo.ba\/wp-content\/uploads\/2021\/03\/logo-ver-3-1.png\",\"contentUrl\":\"https:\/\/tuzlainfo.ba\/wp-content\/uploads\/2021\/03\/logo-ver-3-1.png\",\"width\":350,\"height\":95,\"caption\":\"TuzlaInfo.ba\"},\"image\":{\"@id\":\"https:\/\/tuzlainfo.ba\/#\/schema\/logo\/image\/\"},\"sameAs\":[\"https:\/\/www.facebook.com\/tuzlainfo.ba\/\"]},{\"@type\":\"Person\",\"@id\":\"https:\/\/tuzlainfo.ba\/#\/schema\/person\/46cad4c57790cbc50781edd14870825a\",\"name\":\"Tuzla Info\",\"image\":{\"@type\":\"ImageObject\",\"inLanguage\":\"bs-BA\",\"@id\":\"https:\/\/tuzlainfo.ba\/#\/schema\/person\/image\/\",\"url\":\"https:\/\/tuzlainfo.ba\/wp-content\/litespeed\/avatar\/b6c453a6c38e3654f2e4416c643fc25c.jpg?ver=1777051911\",\"contentUrl\":\"https:\/\/tuzlainfo.ba\/wp-content\/litespeed\/avatar\/b6c453a6c38e3654f2e4416c643fc25c.jpg?ver=1777051911\",\"caption\":\"Tuzla Info\"}}]}<\/script>\n<!-- \/ Yoast SEO plugin. -->","yoast_head_json":{"title":"Film \"Kapija 95.\" u MC Srebrenica: \"Roditelji ubijene tuzlanske mladosti jo\u0161 \u010dekaju pravdu\" - TuzlaInfo.ba","robots":{"index":"index","follow":"follow","max-snippet":"max-snippet:-1","max-image-preview":"max-image-preview:large","max-video-preview":"max-video-preview:-1"},"canonical":"https:\/\/tuzlainfo.ba\/index.php\/novosti\/item\/172966-film-kapija-95-u-mc-srebrenica-roditelji-ubijene-tuzlanske-mladosti-jos-cekaju-pravdu\/","og_locale":"bs_BA","og_type":"article","og_title":"Film \"Kapija 95.\" u MC Srebrenica: \"Roditelji ubijene tuzlanske mladosti jo\u0161 \u010dekaju pravdu\" - TuzlaInfo.ba","og_description":"Povodom obilje\u017eavanja 27. godi\u0161njice masakra na Tuzlanskoj kapiji, u Memorijalnom centru Srebrenica premijerno \u0107e biti&hellip;","og_url":"https:\/\/tuzlainfo.ba\/index.php\/novosti\/item\/172966-film-kapija-95-u-mc-srebrenica-roditelji-ubijene-tuzlanske-mladosti-jos-cekaju-pravdu\/","og_site_name":"TuzlaInfo.ba","article_publisher":"https:\/\/www.facebook.com\/tuzlainfo.ba\/","article_published_time":"2022-05-23T15:02:37+00:00","article_modified_time":"2022-05-23T10:38:13+00:00","og_image":[{"width":770,"height":461,"url":"https:\/\/tuzlainfo.ba\/wp-content\/uploads\/2022\/05\/2305_kapija_film.png","type":"image\/png"}],"author":"Tuzla Info","twitter_card":"summary_large_image","twitter_misc":{"Written by":"Tuzla Info","Est. reading time":"3 minute"},"schema":{"@context":"https:\/\/schema.org","@graph":[{"@type":"Article","@id":"https:\/\/tuzlainfo.ba\/index.php\/novosti\/item\/172966-film-kapija-95-u-mc-srebrenica-roditelji-ubijene-tuzlanske-mladosti-jos-cekaju-pravdu\/#article","isPartOf":{"@id":"https:\/\/tuzlainfo.ba\/index.php\/novosti\/item\/172966-film-kapija-95-u-mc-srebrenica-roditelji-ubijene-tuzlanske-mladosti-jos-cekaju-pravdu\/"},"author":{"name":"Tuzla Info","@id":"https:\/\/tuzlainfo.ba\/#\/schema\/person\/46cad4c57790cbc50781edd14870825a"},"headline":"Film &#8220;Kapija 95.&#8221; u MC Srebrenica: &#8220;Roditelji ubijene tuzlanske mladosti jo\u0161 \u010dekaju pravdu&#8221;","datePublished":"2022-05-23T15:02:37+00:00","dateModified":"2022-05-23T10:38:13+00:00","mainEntityOfPage":{"@id":"https:\/\/tuzlainfo.ba\/index.php\/novosti\/item\/172966-film-kapija-95-u-mc-srebrenica-roditelji-ubijene-tuzlanske-mladosti-jos-cekaju-pravdu\/"},"wordCount":538,"commentCount":0,"publisher":{"@id":"https:\/\/tuzlainfo.ba\/#organization"},"image":{"@id":"https:\/\/tuzlainfo.ba\/index.php\/novosti\/item\/172966-film-kapija-95-u-mc-srebrenica-roditelji-ubijene-tuzlanske-mladosti-jos-cekaju-pravdu\/#primaryimage"},"thumbnailUrl":"https:\/\/tuzlainfo.ba\/wp-content\/uploads\/2022\/05\/2305_kapija_film.png","keywords":["film","kapija 95","memorijalni centar srebrenica"],"articleSection":["Istaknuto","Novosti"],"inLanguage":"bs-BA"},{"@type":"WebPage","@id":"https:\/\/tuzlainfo.ba\/index.php\/novosti\/item\/172966-film-kapija-95-u-mc-srebrenica-roditelji-ubijene-tuzlanske-mladosti-jos-cekaju-pravdu\/","url":"https:\/\/tuzlainfo.ba\/index.php\/novosti\/item\/172966-film-kapija-95-u-mc-srebrenica-roditelji-ubijene-tuzlanske-mladosti-jos-cekaju-pravdu\/","name":"Film \"Kapija 95.\" u MC Srebrenica: \"Roditelji ubijene tuzlanske mladosti jo\u0161 \u010dekaju pravdu\" - TuzlaInfo.ba","isPartOf":{"@id":"https:\/\/tuzlainfo.ba\/#website"},"primaryImageOfPage":{"@id":"https:\/\/tuzlainfo.ba\/index.php\/novosti\/item\/172966-film-kapija-95-u-mc-srebrenica-roditelji-ubijene-tuzlanske-mladosti-jos-cekaju-pravdu\/#primaryimage"},"image":{"@id":"https:\/\/tuzlainfo.ba\/index.php\/novosti\/item\/172966-film-kapija-95-u-mc-srebrenica-roditelji-ubijene-tuzlanske-mladosti-jos-cekaju-pravdu\/#primaryimage"},"thumbnailUrl":"https:\/\/tuzlainfo.ba\/wp-content\/uploads\/2022\/05\/2305_kapija_film.png","datePublished":"2022-05-23T15:02:37+00:00","dateModified":"2022-05-23T10:38:13+00:00","breadcrumb":{"@id":"https:\/\/tuzlainfo.ba\/index.php\/novosti\/item\/172966-film-kapija-95-u-mc-srebrenica-roditelji-ubijene-tuzlanske-mladosti-jos-cekaju-pravdu\/#breadcrumb"},"inLanguage":"bs-BA","potentialAction":[{"@type":"ReadAction","target":["https:\/\/tuzlainfo.ba\/index.php\/novosti\/item\/172966-film-kapija-95-u-mc-srebrenica-roditelji-ubijene-tuzlanske-mladosti-jos-cekaju-pravdu\/"]}]},{"@type":"ImageObject","inLanguage":"bs-BA","@id":"https:\/\/tuzlainfo.ba\/index.php\/novosti\/item\/172966-film-kapija-95-u-mc-srebrenica-roditelji-ubijene-tuzlanske-mladosti-jos-cekaju-pravdu\/#primaryimage","url":"https:\/\/tuzlainfo.ba\/wp-content\/uploads\/2022\/05\/2305_kapija_film.png","contentUrl":"https:\/\/tuzlainfo.ba\/wp-content\/uploads\/2022\/05\/2305_kapija_film.png","width":770,"height":461},{"@type":"BreadcrumbList","@id":"https:\/\/tuzlainfo.ba\/index.php\/novosti\/item\/172966-film-kapija-95-u-mc-srebrenica-roditelji-ubijene-tuzlanske-mladosti-jos-cekaju-pravdu\/#breadcrumb","itemListElement":[{"@type":"ListItem","position":1,"name":"Home","item":"https:\/\/tuzlainfo.ba\/"},{"@type":"ListItem","position":2,"name":"Film &#8220;Kapija 95.&#8221; u MC Srebrenica: &#8220;Roditelji ubijene tuzlanske mladosti jo\u0161 \u010dekaju pravdu&#8221;"}]},{"@type":"WebSite","@id":"https:\/\/tuzlainfo.ba\/#website","url":"https:\/\/tuzlainfo.ba\/","name":"TuzlaInfo.ba","description":"Tuzla info, gradski informator - Tuzla na dlanu","publisher":{"@id":"https:\/\/tuzlainfo.ba\/#organization"},"potentialAction":[{"@type":"SearchAction","target":{"@type":"EntryPoint","urlTemplate":"https:\/\/tuzlainfo.ba\/?s={search_term_string}"},"query-input":{"@type":"PropertyValueSpecification","valueRequired":true,"valueName":"search_term_string"}}],"inLanguage":"bs-BA"},{"@type":"Organization","@id":"https:\/\/tuzlainfo.ba\/#organization","name":"TuzlaInfo.ba","url":"https:\/\/tuzlainfo.ba\/","logo":{"@type":"ImageObject","inLanguage":"bs-BA","@id":"https:\/\/tuzlainfo.ba\/#\/schema\/logo\/image\/","url":"https:\/\/tuzlainfo.ba\/wp-content\/uploads\/2021\/03\/logo-ver-3-1.png","contentUrl":"https:\/\/tuzlainfo.ba\/wp-content\/uploads\/2021\/03\/logo-ver-3-1.png","width":350,"height":95,"caption":"TuzlaInfo.ba"},"image":{"@id":"https:\/\/tuzlainfo.ba\/#\/schema\/logo\/image\/"},"sameAs":["https:\/\/www.facebook.com\/tuzlainfo.ba\/"]},{"@type":"Person","@id":"https:\/\/tuzlainfo.ba\/#\/schema\/person\/46cad4c57790cbc50781edd14870825a","name":"Tuzla Info","image":{"@type":"ImageObject","inLanguage":"bs-BA","@id":"https:\/\/tuzlainfo.ba\/#\/schema\/person\/image\/","url":"https:\/\/tuzlainfo.ba\/wp-content\/litespeed\/avatar\/b6c453a6c38e3654f2e4416c643fc25c.jpg?ver=1777051911","contentUrl":"https:\/\/tuzlainfo.ba\/wp-content\/litespeed\/avatar\/b6c453a6c38e3654f2e4416c643fc25c.jpg?ver=1777051911","caption":"Tuzla Info"}}]}},"_links":{"self":[{"href":"https:\/\/tuzlainfo.ba\/index.php\/wp-json\/wp\/v2\/posts\/172966"}],"collection":[{"href":"https:\/\/tuzlainfo.ba\/index.php\/wp-json\/wp\/v2\/posts"}],"about":[{"href":"https:\/\/tuzlainfo.ba\/index.php\/wp-json\/wp\/v2\/types\/post"}],"author":[{"embeddable":true,"href":"https:\/\/tuzlainfo.ba\/index.php\/wp-json\/wp\/v2\/users\/4"}],"replies":[{"embeddable":true,"href":"https:\/\/tuzlainfo.ba\/index.php\/wp-json\/wp\/v2\/comments?post=172966"}],"version-history":[{"count":0,"href":"https:\/\/tuzlainfo.ba\/index.php\/wp-json\/wp\/v2\/posts\/172966\/revisions"}],"wp:featuredmedia":[{"embeddable":true,"href":"https:\/\/tuzlainfo.ba\/index.php\/wp-json\/wp\/v2\/media\/172967"}],"wp:attachment":[{"href":"https:\/\/tuzlainfo.ba\/index.php\/wp-json\/wp\/v2\/media?parent=172966"}],"wp:term":[{"taxonomy":"category","embeddable":true,"href":"https:\/\/tuzlainfo.ba\/index.php\/wp-json\/wp\/v2\/categories?post=172966"},{"taxonomy":"post_tag","embeddable":true,"href":"https:\/\/tuzlainfo.ba\/index.php\/wp-json\/wp\/v2\/tags?post=172966"}],"curies":[{"name":"wp","href":"https:\/\/api.w.org\/{rel}","templated":true}]}}