{"id":172420,"date":"2022-05-18T10:39:10","date_gmt":"2022-05-18T08:39:10","guid":{"rendered":"https:\/\/tuzlainfo.ba\/?p=172420"},"modified":"2022-05-18T09:32:41","modified_gmt":"2022-05-18T07:32:41","slug":"uprkos-ruskim-i-turskim-prijetnjama-svedska-i-finska-podnijele-zahtjeve-za-pristupanje-nato-u","status":"publish","type":"post","link":"https:\/\/tuzlainfo.ba\/index.php\/clanci\/sa-svih-strana\/item\/172420-uprkos-ruskim-i-turskim-prijetnjama-svedska-i-finska-podnijele-zahtjeve-za-pristupanje-nato-u\/","title":{"rendered":"Uprkos ruskim i turskim prijetnjama: \u0160vedska i Finska podnijele zahtjeve za pristupanje NATO-u"},"content":{"rendered":"<p>Finska i \u0160vedska podnijele su svoje zahtjeve za pridru\u017eivanje NATO-u uprkos prijetnji Turske da \u0107e blokirati pristupanje skandinavskih zemalja. Finskoj je ranije prijetio i ruski predsjednik Vladimir Putin. On je u telefonskom razgovoru finskom kolegi poru\u010dio da trenutno nema prijetnji po sigurnost Finske, ali da bi napu\u0161tanje dugogodi\u0161njeg neutralnog statusa Finske bila gre\u0161ka.<\/p>\n<div class=\"article-banner\">\n<div id=\"div-gpt-ad-1620633197366-0\" data-google-query-id=\"CJfova_D6PcCFYeodwodt54NBw\">\n<p>Ovu informaciju je potvrdio i generalni sekretar NATO-a Jens Stoltenberg.<\/p>\n<p>\u201cFinska i \u0160vedska zvani\u010dno su danas podnijele zahtjev za pridru\u017eivanje NATO-u\u201c, saop\u0107io je Stoltenberg.<\/p>\n<p>On je pozdravio zahtjev Finske i \u0160vedske da se pridru\u017ee NATO-u.<\/p>\n<p>\u201cVi ste na\u0161i najbli\u017ei partneri\u201d, rekao je Stoltenberg novinarima nakon \u0161to je dobio pisma ambasadora dvije zemlje sa zahtjevom za pridru\u017eivanje NATO-u, prenosi AP.<\/p>\n<p>Zahtjev za \u010dlanstvo u NATO sada treba da odobriti 30 dr\u017eava \u010dlanica Alijanse, prenosi Tanjug.<\/p>\n<p>Finski ministri vanjskih poslova potpisali su ju\u010der\u00a0zahtjev kojim se progla\u0161ava da se zemlja \u017eeli pridru\u017eiti NATO-u.<\/p>\n<p>Osim toga i\u00a0\u0161vedska ministrica vanjskih poslova Ann Linde, potpisala je zahtjev zemlje\u00a0za pridru\u017eivanje sigurnosnom savezu NATO-a, a dokument \u0107e zajedno s onima Finske biti dostavljen NATO-ovom sjedi\u0161tu u Briselu ove sedmice.<\/p>\n<div class=\"article-banner\">\n<div id=\"div-gpt-ad-1620633197366-0\" data-google-query-id=\"CJfova_D6PcCFYeodwodt54NBw\"><\/div>\n<\/div>\n<\/div>\n<\/div>\n","protected":false},"excerpt":{"rendered":"<p>Finska i \u0160vedska podnijele su svoje zahtjeve za pridru\u017eivanje NATO-u uprkos prijetnji Turske da \u0107e&hellip;<\/p>\n","protected":false},"author":4,"featured_media":76594,"comment_status":"open","ping_status":"closed","sticky":false,"template":"","format":"standard","meta":{"_acf_changed":false,"footnotes":""},"categories":[16],"tags":[4718,1120,2837],"acf":[],"yoast_head":"<!-- This site is optimized with the Yoast SEO plugin v23.5 - https:\/\/yoast.com\/wordpress\/plugins\/seo\/ -->\n<title>Uprkos ruskim i turskim prijetnjama: \u0160vedska i Finska podnijele zahtjeve za pristupanje NATO-u - TuzlaInfo.ba<\/title>\n<meta name=\"robots\" content=\"index, follow, max-snippet:-1, max-image-preview:large, max-video-preview:-1\" \/>\n<link rel=\"canonical\" href=\"https:\/\/tuzlainfo.ba\/index.php\/clanci\/sa-svih-strana\/item\/172420-uprkos-ruskim-i-turskim-prijetnjama-svedska-i-finska-podnijele-zahtjeve-za-pristupanje-nato-u\/\" \/>\n<meta property=\"og:locale\" content=\"bs_BA\" \/>\n<meta property=\"og:type\" content=\"article\" \/>\n<meta property=\"og:title\" content=\"Uprkos ruskim i turskim prijetnjama: \u0160vedska i Finska podnijele zahtjeve za pristupanje NATO-u - TuzlaInfo.ba\" \/>\n<meta property=\"og:description\" content=\"Finska i \u0160vedska podnijele su svoje zahtjeve za pridru\u017eivanje NATO-u uprkos prijetnji Turske da \u0107e&hellip;\" \/>\n<meta property=\"og:url\" content=\"https:\/\/tuzlainfo.ba\/index.php\/clanci\/sa-svih-strana\/item\/172420-uprkos-ruskim-i-turskim-prijetnjama-svedska-i-finska-podnijele-zahtjeve-za-pristupanje-nato-u\/\" \/>\n<meta property=\"og:site_name\" content=\"TuzlaInfo.ba\" \/>\n<meta property=\"article:publisher\" content=\"https:\/\/www.facebook.com\/tuzlainfo.ba\/\" \/>\n<meta property=\"article:published_time\" content=\"2022-05-18T08:39:10+00:00\" \/>\n<meta property=\"article:modified_time\" content=\"2022-05-18T07:32:41+00:00\" \/>\n<meta property=\"og:image\" content=\"https:\/\/tuzlainfo.ba\/wp-content\/uploads\/2020\/01\/sadrzaj_2020_20200102_3101_nato.jpg\" \/>\n\t<meta property=\"og:image:width\" content=\"770\" \/>\n\t<meta property=\"og:image:height\" content=\"433\" \/>\n\t<meta property=\"og:image:type\" content=\"image\/jpeg\" \/>\n<meta name=\"author\" content=\"Tuzla Info\" \/>\n<meta name=\"twitter:card\" content=\"summary_large_image\" \/>\n<meta name=\"twitter:label1\" content=\"Written by\" \/>\n\t<meta name=\"twitter:data1\" content=\"Tuzla Info\" \/>\n\t<meta name=\"twitter:label2\" content=\"Est. reading time\" \/>\n\t<meta name=\"twitter:data2\" content=\"1 minuta\" \/>\n<script type=\"application\/ld+json\" class=\"yoast-schema-graph\">{\"@context\":\"https:\/\/schema.org\",\"@graph\":[{\"@type\":\"Article\",\"@id\":\"https:\/\/tuzlainfo.ba\/index.php\/clanci\/sa-svih-strana\/item\/172420-uprkos-ruskim-i-turskim-prijetnjama-svedska-i-finska-podnijele-zahtjeve-za-pristupanje-nato-u\/#article\",\"isPartOf\":{\"@id\":\"https:\/\/tuzlainfo.ba\/index.php\/clanci\/sa-svih-strana\/item\/172420-uprkos-ruskim-i-turskim-prijetnjama-svedska-i-finska-podnijele-zahtjeve-za-pristupanje-nato-u\/\"},\"author\":{\"name\":\"Tuzla Info\",\"@id\":\"https:\/\/tuzlainfo.ba\/#\/schema\/person\/46cad4c57790cbc50781edd14870825a\"},\"headline\":\"Uprkos ruskim i turskim prijetnjama: \u0160vedska i Finska podnijele zahtjeve za pristupanje NATO-u\",\"datePublished\":\"2022-05-18T08:39:10+00:00\",\"dateModified\":\"2022-05-18T07:32:41+00:00\",\"mainEntityOfPage\":{\"@id\":\"https:\/\/tuzlainfo.ba\/index.php\/clanci\/sa-svih-strana\/item\/172420-uprkos-ruskim-i-turskim-prijetnjama-svedska-i-finska-podnijele-zahtjeve-za-pristupanje-nato-u\/\"},\"wordCount\":207,\"commentCount\":0,\"publisher\":{\"@id\":\"https:\/\/tuzlainfo.ba\/#organization\"},\"image\":{\"@id\":\"https:\/\/tuzlainfo.ba\/index.php\/clanci\/sa-svih-strana\/item\/172420-uprkos-ruskim-i-turskim-prijetnjama-svedska-i-finska-podnijele-zahtjeve-za-pristupanje-nato-u\/#primaryimage\"},\"thumbnailUrl\":\"https:\/\/tuzlainfo.ba\/wp-content\/uploads\/2020\/01\/sadrzaj_2020_20200102_3101_nato.jpg\",\"keywords\":[\"finska\",\"nato\",\"\u0161vedska\"],\"articleSection\":[\"Sa svih strana\"],\"inLanguage\":\"bs-BA\"},{\"@type\":\"WebPage\",\"@id\":\"https:\/\/tuzlainfo.ba\/index.php\/clanci\/sa-svih-strana\/item\/172420-uprkos-ruskim-i-turskim-prijetnjama-svedska-i-finska-podnijele-zahtjeve-za-pristupanje-nato-u\/\",\"url\":\"https:\/\/tuzlainfo.ba\/index.php\/clanci\/sa-svih-strana\/item\/172420-uprkos-ruskim-i-turskim-prijetnjama-svedska-i-finska-podnijele-zahtjeve-za-pristupanje-nato-u\/\",\"name\":\"Uprkos ruskim i turskim prijetnjama: \u0160vedska i Finska podnijele zahtjeve za pristupanje NATO-u - TuzlaInfo.ba\",\"isPartOf\":{\"@id\":\"https:\/\/tuzlainfo.ba\/#website\"},\"primaryImageOfPage\":{\"@id\":\"https:\/\/tuzlainfo.ba\/index.php\/clanci\/sa-svih-strana\/item\/172420-uprkos-ruskim-i-turskim-prijetnjama-svedska-i-finska-podnijele-zahtjeve-za-pristupanje-nato-u\/#primaryimage\"},\"image\":{\"@id\":\"https:\/\/tuzlainfo.ba\/index.php\/clanci\/sa-svih-strana\/item\/172420-uprkos-ruskim-i-turskim-prijetnjama-svedska-i-finska-podnijele-zahtjeve-za-pristupanje-nato-u\/#primaryimage\"},\"thumbnailUrl\":\"https:\/\/tuzlainfo.ba\/wp-content\/uploads\/2020\/01\/sadrzaj_2020_20200102_3101_nato.jpg\",\"datePublished\":\"2022-05-18T08:39:10+00:00\",\"dateModified\":\"2022-05-18T07:32:41+00:00\",\"breadcrumb\":{\"@id\":\"https:\/\/tuzlainfo.ba\/index.php\/clanci\/sa-svih-strana\/item\/172420-uprkos-ruskim-i-turskim-prijetnjama-svedska-i-finska-podnijele-zahtjeve-za-pristupanje-nato-u\/#breadcrumb\"},\"inLanguage\":\"bs-BA\",\"potentialAction\":[{\"@type\":\"ReadAction\",\"target\":[\"https:\/\/tuzlainfo.ba\/index.php\/clanci\/sa-svih-strana\/item\/172420-uprkos-ruskim-i-turskim-prijetnjama-svedska-i-finska-podnijele-zahtjeve-za-pristupanje-nato-u\/\"]}]},{\"@type\":\"ImageObject\",\"inLanguage\":\"bs-BA\",\"@id\":\"https:\/\/tuzlainfo.ba\/index.php\/clanci\/sa-svih-strana\/item\/172420-uprkos-ruskim-i-turskim-prijetnjama-svedska-i-finska-podnijele-zahtjeve-za-pristupanje-nato-u\/#primaryimage\",\"url\":\"https:\/\/tuzlainfo.ba\/wp-content\/uploads\/2020\/01\/sadrzaj_2020_20200102_3101_nato.jpg\",\"contentUrl\":\"https:\/\/tuzlainfo.ba\/wp-content\/uploads\/2020\/01\/sadrzaj_2020_20200102_3101_nato.jpg\",\"width\":770,\"height\":433,\"caption\":\"3101 nato\"},{\"@type\":\"BreadcrumbList\",\"@id\":\"https:\/\/tuzlainfo.ba\/index.php\/clanci\/sa-svih-strana\/item\/172420-uprkos-ruskim-i-turskim-prijetnjama-svedska-i-finska-podnijele-zahtjeve-za-pristupanje-nato-u\/#breadcrumb\",\"itemListElement\":[{\"@type\":\"ListItem\",\"position\":1,\"name\":\"Home\",\"item\":\"https:\/\/tuzlainfo.ba\/\"},{\"@type\":\"ListItem\",\"position\":2,\"name\":\"Uprkos ruskim i turskim prijetnjama: \u0160vedska i Finska podnijele zahtjeve za pristupanje NATO-u\"}]},{\"@type\":\"WebSite\",\"@id\":\"https:\/\/tuzlainfo.ba\/#website\",\"url\":\"https:\/\/tuzlainfo.ba\/\",\"name\":\"TuzlaInfo.ba\",\"description\":\"Tuzla info, gradski informator - Tuzla na dlanu\",\"publisher\":{\"@id\":\"https:\/\/tuzlainfo.ba\/#organization\"},\"potentialAction\":[{\"@type\":\"SearchAction\",\"target\":{\"@type\":\"EntryPoint\",\"urlTemplate\":\"https:\/\/tuzlainfo.ba\/?s={search_term_string}\"},\"query-input\":{\"@type\":\"PropertyValueSpecification\",\"valueRequired\":true,\"valueName\":\"search_term_string\"}}],\"inLanguage\":\"bs-BA\"},{\"@type\":\"Organization\",\"@id\":\"https:\/\/tuzlainfo.ba\/#organization\",\"name\":\"TuzlaInfo.ba\",\"url\":\"https:\/\/tuzlainfo.ba\/\",\"logo\":{\"@type\":\"ImageObject\",\"inLanguage\":\"bs-BA\",\"@id\":\"https:\/\/tuzlainfo.ba\/#\/schema\/logo\/image\/\",\"url\":\"https:\/\/tuzlainfo.ba\/wp-content\/uploads\/2021\/03\/logo-ver-3-1.png\",\"contentUrl\":\"https:\/\/tuzlainfo.ba\/wp-content\/uploads\/2021\/03\/logo-ver-3-1.png\",\"width\":350,\"height\":95,\"caption\":\"TuzlaInfo.ba\"},\"image\":{\"@id\":\"https:\/\/tuzlainfo.ba\/#\/schema\/logo\/image\/\"},\"sameAs\":[\"https:\/\/www.facebook.com\/tuzlainfo.ba\/\"]},{\"@type\":\"Person\",\"@id\":\"https:\/\/tuzlainfo.ba\/#\/schema\/person\/46cad4c57790cbc50781edd14870825a\",\"name\":\"Tuzla Info\",\"image\":{\"@type\":\"ImageObject\",\"inLanguage\":\"bs-BA\",\"@id\":\"https:\/\/tuzlainfo.ba\/#\/schema\/person\/image\/\",\"url\":\"https:\/\/tuzlainfo.ba\/wp-content\/litespeed\/avatar\/b6c453a6c38e3654f2e4416c643fc25c.jpg?ver=1777051911\",\"contentUrl\":\"https:\/\/tuzlainfo.ba\/wp-content\/litespeed\/avatar\/b6c453a6c38e3654f2e4416c643fc25c.jpg?ver=1777051911\",\"caption\":\"Tuzla Info\"}}]}<\/script>\n<!-- \/ Yoast SEO plugin. -->","yoast_head_json":{"title":"Uprkos ruskim i turskim prijetnjama: \u0160vedska i Finska podnijele zahtjeve za pristupanje NATO-u - TuzlaInfo.ba","robots":{"index":"index","follow":"follow","max-snippet":"max-snippet:-1","max-image-preview":"max-image-preview:large","max-video-preview":"max-video-preview:-1"},"canonical":"https:\/\/tuzlainfo.ba\/index.php\/clanci\/sa-svih-strana\/item\/172420-uprkos-ruskim-i-turskim-prijetnjama-svedska-i-finska-podnijele-zahtjeve-za-pristupanje-nato-u\/","og_locale":"bs_BA","og_type":"article","og_title":"Uprkos ruskim i turskim prijetnjama: \u0160vedska i Finska podnijele zahtjeve za pristupanje NATO-u - TuzlaInfo.ba","og_description":"Finska i \u0160vedska podnijele su svoje zahtjeve za pridru\u017eivanje NATO-u uprkos prijetnji Turske da \u0107e&hellip;","og_url":"https:\/\/tuzlainfo.ba\/index.php\/clanci\/sa-svih-strana\/item\/172420-uprkos-ruskim-i-turskim-prijetnjama-svedska-i-finska-podnijele-zahtjeve-za-pristupanje-nato-u\/","og_site_name":"TuzlaInfo.ba","article_publisher":"https:\/\/www.facebook.com\/tuzlainfo.ba\/","article_published_time":"2022-05-18T08:39:10+00:00","article_modified_time":"2022-05-18T07:32:41+00:00","og_image":[{"width":770,"height":433,"url":"https:\/\/tuzlainfo.ba\/wp-content\/uploads\/2020\/01\/sadrzaj_2020_20200102_3101_nato.jpg","type":"image\/jpeg"}],"author":"Tuzla Info","twitter_card":"summary_large_image","twitter_misc":{"Written by":"Tuzla Info","Est. reading time":"1 minuta"},"schema":{"@context":"https:\/\/schema.org","@graph":[{"@type":"Article","@id":"https:\/\/tuzlainfo.ba\/index.php\/clanci\/sa-svih-strana\/item\/172420-uprkos-ruskim-i-turskim-prijetnjama-svedska-i-finska-podnijele-zahtjeve-za-pristupanje-nato-u\/#article","isPartOf":{"@id":"https:\/\/tuzlainfo.ba\/index.php\/clanci\/sa-svih-strana\/item\/172420-uprkos-ruskim-i-turskim-prijetnjama-svedska-i-finska-podnijele-zahtjeve-za-pristupanje-nato-u\/"},"author":{"name":"Tuzla Info","@id":"https:\/\/tuzlainfo.ba\/#\/schema\/person\/46cad4c57790cbc50781edd14870825a"},"headline":"Uprkos ruskim i turskim prijetnjama: \u0160vedska i Finska podnijele zahtjeve za pristupanje NATO-u","datePublished":"2022-05-18T08:39:10+00:00","dateModified":"2022-05-18T07:32:41+00:00","mainEntityOfPage":{"@id":"https:\/\/tuzlainfo.ba\/index.php\/clanci\/sa-svih-strana\/item\/172420-uprkos-ruskim-i-turskim-prijetnjama-svedska-i-finska-podnijele-zahtjeve-za-pristupanje-nato-u\/"},"wordCount":207,"commentCount":0,"publisher":{"@id":"https:\/\/tuzlainfo.ba\/#organization"},"image":{"@id":"https:\/\/tuzlainfo.ba\/index.php\/clanci\/sa-svih-strana\/item\/172420-uprkos-ruskim-i-turskim-prijetnjama-svedska-i-finska-podnijele-zahtjeve-za-pristupanje-nato-u\/#primaryimage"},"thumbnailUrl":"https:\/\/tuzlainfo.ba\/wp-content\/uploads\/2020\/01\/sadrzaj_2020_20200102_3101_nato.jpg","keywords":["finska","nato","\u0161vedska"],"articleSection":["Sa svih strana"],"inLanguage":"bs-BA"},{"@type":"WebPage","@id":"https:\/\/tuzlainfo.ba\/index.php\/clanci\/sa-svih-strana\/item\/172420-uprkos-ruskim-i-turskim-prijetnjama-svedska-i-finska-podnijele-zahtjeve-za-pristupanje-nato-u\/","url":"https:\/\/tuzlainfo.ba\/index.php\/clanci\/sa-svih-strana\/item\/172420-uprkos-ruskim-i-turskim-prijetnjama-svedska-i-finska-podnijele-zahtjeve-za-pristupanje-nato-u\/","name":"Uprkos ruskim i turskim prijetnjama: \u0160vedska i Finska podnijele zahtjeve za pristupanje NATO-u - TuzlaInfo.ba","isPartOf":{"@id":"https:\/\/tuzlainfo.ba\/#website"},"primaryImageOfPage":{"@id":"https:\/\/tuzlainfo.ba\/index.php\/clanci\/sa-svih-strana\/item\/172420-uprkos-ruskim-i-turskim-prijetnjama-svedska-i-finska-podnijele-zahtjeve-za-pristupanje-nato-u\/#primaryimage"},"image":{"@id":"https:\/\/tuzlainfo.ba\/index.php\/clanci\/sa-svih-strana\/item\/172420-uprkos-ruskim-i-turskim-prijetnjama-svedska-i-finska-podnijele-zahtjeve-za-pristupanje-nato-u\/#primaryimage"},"thumbnailUrl":"https:\/\/tuzlainfo.ba\/wp-content\/uploads\/2020\/01\/sadrzaj_2020_20200102_3101_nato.jpg","datePublished":"2022-05-18T08:39:10+00:00","dateModified":"2022-05-18T07:32:41+00:00","breadcrumb":{"@id":"https:\/\/tuzlainfo.ba\/index.php\/clanci\/sa-svih-strana\/item\/172420-uprkos-ruskim-i-turskim-prijetnjama-svedska-i-finska-podnijele-zahtjeve-za-pristupanje-nato-u\/#breadcrumb"},"inLanguage":"bs-BA","potentialAction":[{"@type":"ReadAction","target":["https:\/\/tuzlainfo.ba\/index.php\/clanci\/sa-svih-strana\/item\/172420-uprkos-ruskim-i-turskim-prijetnjama-svedska-i-finska-podnijele-zahtjeve-za-pristupanje-nato-u\/"]}]},{"@type":"ImageObject","inLanguage":"bs-BA","@id":"https:\/\/tuzlainfo.ba\/index.php\/clanci\/sa-svih-strana\/item\/172420-uprkos-ruskim-i-turskim-prijetnjama-svedska-i-finska-podnijele-zahtjeve-za-pristupanje-nato-u\/#primaryimage","url":"https:\/\/tuzlainfo.ba\/wp-content\/uploads\/2020\/01\/sadrzaj_2020_20200102_3101_nato.jpg","contentUrl":"https:\/\/tuzlainfo.ba\/wp-content\/uploads\/2020\/01\/sadrzaj_2020_20200102_3101_nato.jpg","width":770,"height":433,"caption":"3101 nato"},{"@type":"BreadcrumbList","@id":"https:\/\/tuzlainfo.ba\/index.php\/clanci\/sa-svih-strana\/item\/172420-uprkos-ruskim-i-turskim-prijetnjama-svedska-i-finska-podnijele-zahtjeve-za-pristupanje-nato-u\/#breadcrumb","itemListElement":[{"@type":"ListItem","position":1,"name":"Home","item":"https:\/\/tuzlainfo.ba\/"},{"@type":"ListItem","position":2,"name":"Uprkos ruskim i turskim prijetnjama: \u0160vedska i Finska podnijele zahtjeve za pristupanje NATO-u"}]},{"@type":"WebSite","@id":"https:\/\/tuzlainfo.ba\/#website","url":"https:\/\/tuzlainfo.ba\/","name":"TuzlaInfo.ba","description":"Tuzla info, gradski informator - Tuzla na dlanu","publisher":{"@id":"https:\/\/tuzlainfo.ba\/#organization"},"potentialAction":[{"@type":"SearchAction","target":{"@type":"EntryPoint","urlTemplate":"https:\/\/tuzlainfo.ba\/?s={search_term_string}"},"query-input":{"@type":"PropertyValueSpecification","valueRequired":true,"valueName":"search_term_string"}}],"inLanguage":"bs-BA"},{"@type":"Organization","@id":"https:\/\/tuzlainfo.ba\/#organization","name":"TuzlaInfo.ba","url":"https:\/\/tuzlainfo.ba\/","logo":{"@type":"ImageObject","inLanguage":"bs-BA","@id":"https:\/\/tuzlainfo.ba\/#\/schema\/logo\/image\/","url":"https:\/\/tuzlainfo.ba\/wp-content\/uploads\/2021\/03\/logo-ver-3-1.png","contentUrl":"https:\/\/tuzlainfo.ba\/wp-content\/uploads\/2021\/03\/logo-ver-3-1.png","width":350,"height":95,"caption":"TuzlaInfo.ba"},"image":{"@id":"https:\/\/tuzlainfo.ba\/#\/schema\/logo\/image\/"},"sameAs":["https:\/\/www.facebook.com\/tuzlainfo.ba\/"]},{"@type":"Person","@id":"https:\/\/tuzlainfo.ba\/#\/schema\/person\/46cad4c57790cbc50781edd14870825a","name":"Tuzla Info","image":{"@type":"ImageObject","inLanguage":"bs-BA","@id":"https:\/\/tuzlainfo.ba\/#\/schema\/person\/image\/","url":"https:\/\/tuzlainfo.ba\/wp-content\/litespeed\/avatar\/b6c453a6c38e3654f2e4416c643fc25c.jpg?ver=1777051911","contentUrl":"https:\/\/tuzlainfo.ba\/wp-content\/litespeed\/avatar\/b6c453a6c38e3654f2e4416c643fc25c.jpg?ver=1777051911","caption":"Tuzla Info"}}]}},"_links":{"self":[{"href":"https:\/\/tuzlainfo.ba\/index.php\/wp-json\/wp\/v2\/posts\/172420"}],"collection":[{"href":"https:\/\/tuzlainfo.ba\/index.php\/wp-json\/wp\/v2\/posts"}],"about":[{"href":"https:\/\/tuzlainfo.ba\/index.php\/wp-json\/wp\/v2\/types\/post"}],"author":[{"embeddable":true,"href":"https:\/\/tuzlainfo.ba\/index.php\/wp-json\/wp\/v2\/users\/4"}],"replies":[{"embeddable":true,"href":"https:\/\/tuzlainfo.ba\/index.php\/wp-json\/wp\/v2\/comments?post=172420"}],"version-history":[{"count":0,"href":"https:\/\/tuzlainfo.ba\/index.php\/wp-json\/wp\/v2\/posts\/172420\/revisions"}],"wp:featuredmedia":[{"embeddable":true,"href":"https:\/\/tuzlainfo.ba\/index.php\/wp-json\/wp\/v2\/media\/76594"}],"wp:attachment":[{"href":"https:\/\/tuzlainfo.ba\/index.php\/wp-json\/wp\/v2\/media?parent=172420"}],"wp:term":[{"taxonomy":"category","embeddable":true,"href":"https:\/\/tuzlainfo.ba\/index.php\/wp-json\/wp\/v2\/categories?post=172420"},{"taxonomy":"post_tag","embeddable":true,"href":"https:\/\/tuzlainfo.ba\/index.php\/wp-json\/wp\/v2\/tags?post=172420"}],"curies":[{"name":"wp","href":"https:\/\/api.w.org\/{rel}","templated":true}]}}