{"id":171355,"date":"2022-05-06T14:26:13","date_gmt":"2022-05-06T12:26:13","guid":{"rendered":"https:\/\/tuzlainfo.ba\/?p=171355"},"modified":"2022-05-06T14:26:13","modified_gmt":"2022-05-06T12:26:13","slug":"obdukcija-ce-pokazati-je-li-otrovan-zavrsena-ekshumacija-tijela-muftije-zukorlica","status":"publish","type":"post","link":"https:\/\/tuzlainfo.ba\/index.php\/clanci\/sa-svih-strana\/item\/171355-obdukcija-ce-pokazati-je-li-otrovan-zavrsena-ekshumacija-tijela-muftije-zukorlica\/","title":{"rendered":"Obdukcija \u0107e pokazati je li otrovan: Zavr\u0161ena ekshumacija tijela muftije Zukorli\u0107a"},"content":{"rendered":"<p>Ekshumacija tijela biv\u0161eg predsjednika Stranke pravde i pomirenja (SPP) rahmetli muftije Muamera Zukorli\u0107a je zavr\u0161ena, objavio je muftijin sin Usame Zukorli\u0107.<\/p>\n<p>&#8211; Ekshumacija tijela rahemtli Muftije zavr\u0161ena. Da nam Allah olak\u0161a i pomogne na putu istine &#8211; napisao je Usame Zukorli\u0107.<\/p>\n<p>Podsjetimo, Vi\u0161i sud iz Novog Pazara je odobrio me\u0111unarodnu ekspertizu u kojoj u\u010destvuju stru\u010dnjaci iz Beograda, Sarajeva i Hamburga. Proces je nadgledalo i Dr\u017eavno tu\u017eila\u0161tvo Bosne i Hercegovine.<\/p>\n<p>Kako je ranije saop\u0107eno iz Me\u0161ihata slamske zajednice u Srbiji, nakon obdukcije izvr\u0161it \u0107e se izmje\u0161tanje i ukop tijela rahmetli muftije u haremu Altun-alem d\u017eamije u vremenu poslije ikindije namaza.<\/p>\n<p>&nbsp;<\/p>\n<p>&#8211; Po zavr\u0161enom ukopu bit \u0107e prou\u010dena hatma dova &#8211; navodi se u izjavi Me\u0161ihata<\/p>\n<p>&nbsp;<\/p>\n<p>&nbsp;<\/p>\n","protected":false},"excerpt":{"rendered":"<p>Ekshumacija tijela biv\u0161eg predsjednika Stranke pravde i pomirenja (SPP) rahmetli muftije Muamera Zukorli\u0107a je zavr\u0161ena,&hellip;<\/p>\n","protected":false},"author":4,"featured_media":144255,"comment_status":"open","ping_status":"closed","sticky":false,"template":"","format":"standard","meta":{"_acf_changed":false,"footnotes":""},"categories":[16],"tags":[2128],"acf":[],"yoast_head":"<!-- This site is optimized with the Yoast SEO plugin v23.5 - https:\/\/yoast.com\/wordpress\/plugins\/seo\/ -->\n<title>Obdukcija \u0107e pokazati je li otrovan: Zavr\u0161ena ekshumacija tijela muftije Zukorli\u0107a - TuzlaInfo.ba<\/title>\n<meta name=\"robots\" content=\"index, follow, max-snippet:-1, max-image-preview:large, max-video-preview:-1\" \/>\n<link rel=\"canonical\" href=\"https:\/\/tuzlainfo.ba\/index.php\/clanci\/sa-svih-strana\/item\/171355-obdukcija-ce-pokazati-je-li-otrovan-zavrsena-ekshumacija-tijela-muftije-zukorlica\/\" \/>\n<meta property=\"og:locale\" content=\"bs_BA\" \/>\n<meta property=\"og:type\" content=\"article\" \/>\n<meta property=\"og:title\" content=\"Obdukcija \u0107e pokazati je li otrovan: Zavr\u0161ena ekshumacija tijela muftije Zukorli\u0107a - TuzlaInfo.ba\" \/>\n<meta property=\"og:description\" content=\"Ekshumacija tijela biv\u0161eg predsjednika Stranke pravde i pomirenja (SPP) rahmetli muftije Muamera Zukorli\u0107a je zavr\u0161ena,&hellip;\" \/>\n<meta property=\"og:url\" content=\"https:\/\/tuzlainfo.ba\/index.php\/clanci\/sa-svih-strana\/item\/171355-obdukcija-ce-pokazati-je-li-otrovan-zavrsena-ekshumacija-tijela-muftije-zukorlica\/\" \/>\n<meta property=\"og:site_name\" content=\"TuzlaInfo.ba\" \/>\n<meta property=\"article:publisher\" content=\"https:\/\/www.facebook.com\/tuzlainfo.ba\/\" \/>\n<meta property=\"article:published_time\" content=\"2022-05-06T12:26:13+00:00\" \/>\n<meta property=\"og:image\" content=\"https:\/\/tuzlainfo.ba\/wp-content\/uploads\/2021\/08\/0808_zukorlic.jpg\" \/>\n\t<meta property=\"og:image:width\" content=\"1200\" \/>\n\t<meta property=\"og:image:height\" content=\"789\" \/>\n\t<meta property=\"og:image:type\" content=\"image\/jpeg\" \/>\n<meta name=\"author\" content=\"Tuzla Info\" \/>\n<meta name=\"twitter:card\" content=\"summary_large_image\" \/>\n<meta name=\"twitter:label1\" content=\"Written by\" \/>\n\t<meta name=\"twitter:data1\" content=\"Tuzla Info\" \/>\n\t<meta name=\"twitter:label2\" content=\"Est. reading time\" \/>\n\t<meta name=\"twitter:data2\" content=\"1 minuta\" \/>\n<script type=\"application\/ld+json\" class=\"yoast-schema-graph\">{\"@context\":\"https:\/\/schema.org\",\"@graph\":[{\"@type\":\"Article\",\"@id\":\"https:\/\/tuzlainfo.ba\/index.php\/clanci\/sa-svih-strana\/item\/171355-obdukcija-ce-pokazati-je-li-otrovan-zavrsena-ekshumacija-tijela-muftije-zukorlica\/#article\",\"isPartOf\":{\"@id\":\"https:\/\/tuzlainfo.ba\/index.php\/clanci\/sa-svih-strana\/item\/171355-obdukcija-ce-pokazati-je-li-otrovan-zavrsena-ekshumacija-tijela-muftije-zukorlica\/\"},\"author\":{\"name\":\"Tuzla Info\",\"@id\":\"https:\/\/tuzlainfo.ba\/#\/schema\/person\/46cad4c57790cbc50781edd14870825a\"},\"headline\":\"Obdukcija \u0107e pokazati je li otrovan: Zavr\u0161ena ekshumacija tijela muftije Zukorli\u0107a\",\"datePublished\":\"2022-05-06T12:26:13+00:00\",\"dateModified\":\"2022-05-06T12:26:13+00:00\",\"mainEntityOfPage\":{\"@id\":\"https:\/\/tuzlainfo.ba\/index.php\/clanci\/sa-svih-strana\/item\/171355-obdukcija-ce-pokazati-je-li-otrovan-zavrsena-ekshumacija-tijela-muftije-zukorlica\/\"},\"wordCount\":150,\"commentCount\":0,\"publisher\":{\"@id\":\"https:\/\/tuzlainfo.ba\/#organization\"},\"image\":{\"@id\":\"https:\/\/tuzlainfo.ba\/index.php\/clanci\/sa-svih-strana\/item\/171355-obdukcija-ce-pokazati-je-li-otrovan-zavrsena-ekshumacija-tijela-muftije-zukorlica\/#primaryimage\"},\"thumbnailUrl\":\"https:\/\/tuzlainfo.ba\/wp-content\/uploads\/2021\/08\/0808_zukorlic.jpg\",\"keywords\":[\"muamer zukorli\u0107\"],\"articleSection\":[\"Sa svih strana\"],\"inLanguage\":\"bs-BA\"},{\"@type\":\"WebPage\",\"@id\":\"https:\/\/tuzlainfo.ba\/index.php\/clanci\/sa-svih-strana\/item\/171355-obdukcija-ce-pokazati-je-li-otrovan-zavrsena-ekshumacija-tijela-muftije-zukorlica\/\",\"url\":\"https:\/\/tuzlainfo.ba\/index.php\/clanci\/sa-svih-strana\/item\/171355-obdukcija-ce-pokazati-je-li-otrovan-zavrsena-ekshumacija-tijela-muftije-zukorlica\/\",\"name\":\"Obdukcija \u0107e pokazati je li otrovan: Zavr\u0161ena ekshumacija tijela muftije Zukorli\u0107a - TuzlaInfo.ba\",\"isPartOf\":{\"@id\":\"https:\/\/tuzlainfo.ba\/#website\"},\"primaryImageOfPage\":{\"@id\":\"https:\/\/tuzlainfo.ba\/index.php\/clanci\/sa-svih-strana\/item\/171355-obdukcija-ce-pokazati-je-li-otrovan-zavrsena-ekshumacija-tijela-muftije-zukorlica\/#primaryimage\"},\"image\":{\"@id\":\"https:\/\/tuzlainfo.ba\/index.php\/clanci\/sa-svih-strana\/item\/171355-obdukcija-ce-pokazati-je-li-otrovan-zavrsena-ekshumacija-tijela-muftije-zukorlica\/#primaryimage\"},\"thumbnailUrl\":\"https:\/\/tuzlainfo.ba\/wp-content\/uploads\/2021\/08\/0808_zukorlic.jpg\",\"datePublished\":\"2022-05-06T12:26:13+00:00\",\"dateModified\":\"2022-05-06T12:26:13+00:00\",\"breadcrumb\":{\"@id\":\"https:\/\/tuzlainfo.ba\/index.php\/clanci\/sa-svih-strana\/item\/171355-obdukcija-ce-pokazati-je-li-otrovan-zavrsena-ekshumacija-tijela-muftije-zukorlica\/#breadcrumb\"},\"inLanguage\":\"bs-BA\",\"potentialAction\":[{\"@type\":\"ReadAction\",\"target\":[\"https:\/\/tuzlainfo.ba\/index.php\/clanci\/sa-svih-strana\/item\/171355-obdukcija-ce-pokazati-je-li-otrovan-zavrsena-ekshumacija-tijela-muftije-zukorlica\/\"]}]},{\"@type\":\"ImageObject\",\"inLanguage\":\"bs-BA\",\"@id\":\"https:\/\/tuzlainfo.ba\/index.php\/clanci\/sa-svih-strana\/item\/171355-obdukcija-ce-pokazati-je-li-otrovan-zavrsena-ekshumacija-tijela-muftije-zukorlica\/#primaryimage\",\"url\":\"https:\/\/tuzlainfo.ba\/wp-content\/uploads\/2021\/08\/0808_zukorlic.jpg\",\"contentUrl\":\"https:\/\/tuzlainfo.ba\/wp-content\/uploads\/2021\/08\/0808_zukorlic.jpg\",\"width\":1200,\"height\":789},{\"@type\":\"BreadcrumbList\",\"@id\":\"https:\/\/tuzlainfo.ba\/index.php\/clanci\/sa-svih-strana\/item\/171355-obdukcija-ce-pokazati-je-li-otrovan-zavrsena-ekshumacija-tijela-muftije-zukorlica\/#breadcrumb\",\"itemListElement\":[{\"@type\":\"ListItem\",\"position\":1,\"name\":\"Home\",\"item\":\"https:\/\/tuzlainfo.ba\/\"},{\"@type\":\"ListItem\",\"position\":2,\"name\":\"Obdukcija \u0107e pokazati je li otrovan: Zavr\u0161ena ekshumacija tijela muftije Zukorli\u0107a\"}]},{\"@type\":\"WebSite\",\"@id\":\"https:\/\/tuzlainfo.ba\/#website\",\"url\":\"https:\/\/tuzlainfo.ba\/\",\"name\":\"TuzlaInfo.ba\",\"description\":\"Tuzla info, gradski informator - Tuzla na dlanu\",\"publisher\":{\"@id\":\"https:\/\/tuzlainfo.ba\/#organization\"},\"potentialAction\":[{\"@type\":\"SearchAction\",\"target\":{\"@type\":\"EntryPoint\",\"urlTemplate\":\"https:\/\/tuzlainfo.ba\/?s={search_term_string}\"},\"query-input\":{\"@type\":\"PropertyValueSpecification\",\"valueRequired\":true,\"valueName\":\"search_term_string\"}}],\"inLanguage\":\"bs-BA\"},{\"@type\":\"Organization\",\"@id\":\"https:\/\/tuzlainfo.ba\/#organization\",\"name\":\"TuzlaInfo.ba\",\"url\":\"https:\/\/tuzlainfo.ba\/\",\"logo\":{\"@type\":\"ImageObject\",\"inLanguage\":\"bs-BA\",\"@id\":\"https:\/\/tuzlainfo.ba\/#\/schema\/logo\/image\/\",\"url\":\"https:\/\/tuzlainfo.ba\/wp-content\/uploads\/2021\/03\/logo-ver-3-1.png\",\"contentUrl\":\"https:\/\/tuzlainfo.ba\/wp-content\/uploads\/2021\/03\/logo-ver-3-1.png\",\"width\":350,\"height\":95,\"caption\":\"TuzlaInfo.ba\"},\"image\":{\"@id\":\"https:\/\/tuzlainfo.ba\/#\/schema\/logo\/image\/\"},\"sameAs\":[\"https:\/\/www.facebook.com\/tuzlainfo.ba\/\"]},{\"@type\":\"Person\",\"@id\":\"https:\/\/tuzlainfo.ba\/#\/schema\/person\/46cad4c57790cbc50781edd14870825a\",\"name\":\"Tuzla Info\",\"image\":{\"@type\":\"ImageObject\",\"inLanguage\":\"bs-BA\",\"@id\":\"https:\/\/tuzlainfo.ba\/#\/schema\/person\/image\/\",\"url\":\"https:\/\/tuzlainfo.ba\/wp-content\/litespeed\/avatar\/b6c453a6c38e3654f2e4416c643fc25c.jpg?ver=1777051911\",\"contentUrl\":\"https:\/\/tuzlainfo.ba\/wp-content\/litespeed\/avatar\/b6c453a6c38e3654f2e4416c643fc25c.jpg?ver=1777051911\",\"caption\":\"Tuzla Info\"}}]}<\/script>\n<!-- \/ Yoast SEO plugin. -->","yoast_head_json":{"title":"Obdukcija \u0107e pokazati je li otrovan: Zavr\u0161ena ekshumacija tijela muftije Zukorli\u0107a - TuzlaInfo.ba","robots":{"index":"index","follow":"follow","max-snippet":"max-snippet:-1","max-image-preview":"max-image-preview:large","max-video-preview":"max-video-preview:-1"},"canonical":"https:\/\/tuzlainfo.ba\/index.php\/clanci\/sa-svih-strana\/item\/171355-obdukcija-ce-pokazati-je-li-otrovan-zavrsena-ekshumacija-tijela-muftije-zukorlica\/","og_locale":"bs_BA","og_type":"article","og_title":"Obdukcija \u0107e pokazati je li otrovan: Zavr\u0161ena ekshumacija tijela muftije Zukorli\u0107a - TuzlaInfo.ba","og_description":"Ekshumacija tijela biv\u0161eg predsjednika Stranke pravde i pomirenja (SPP) rahmetli muftije Muamera Zukorli\u0107a je zavr\u0161ena,&hellip;","og_url":"https:\/\/tuzlainfo.ba\/index.php\/clanci\/sa-svih-strana\/item\/171355-obdukcija-ce-pokazati-je-li-otrovan-zavrsena-ekshumacija-tijela-muftije-zukorlica\/","og_site_name":"TuzlaInfo.ba","article_publisher":"https:\/\/www.facebook.com\/tuzlainfo.ba\/","article_published_time":"2022-05-06T12:26:13+00:00","og_image":[{"width":1200,"height":789,"url":"https:\/\/tuzlainfo.ba\/wp-content\/uploads\/2021\/08\/0808_zukorlic.jpg","type":"image\/jpeg"}],"author":"Tuzla Info","twitter_card":"summary_large_image","twitter_misc":{"Written by":"Tuzla Info","Est. reading time":"1 minuta"},"schema":{"@context":"https:\/\/schema.org","@graph":[{"@type":"Article","@id":"https:\/\/tuzlainfo.ba\/index.php\/clanci\/sa-svih-strana\/item\/171355-obdukcija-ce-pokazati-je-li-otrovan-zavrsena-ekshumacija-tijela-muftije-zukorlica\/#article","isPartOf":{"@id":"https:\/\/tuzlainfo.ba\/index.php\/clanci\/sa-svih-strana\/item\/171355-obdukcija-ce-pokazati-je-li-otrovan-zavrsena-ekshumacija-tijela-muftije-zukorlica\/"},"author":{"name":"Tuzla Info","@id":"https:\/\/tuzlainfo.ba\/#\/schema\/person\/46cad4c57790cbc50781edd14870825a"},"headline":"Obdukcija \u0107e pokazati je li otrovan: Zavr\u0161ena ekshumacija tijela muftije Zukorli\u0107a","datePublished":"2022-05-06T12:26:13+00:00","dateModified":"2022-05-06T12:26:13+00:00","mainEntityOfPage":{"@id":"https:\/\/tuzlainfo.ba\/index.php\/clanci\/sa-svih-strana\/item\/171355-obdukcija-ce-pokazati-je-li-otrovan-zavrsena-ekshumacija-tijela-muftije-zukorlica\/"},"wordCount":150,"commentCount":0,"publisher":{"@id":"https:\/\/tuzlainfo.ba\/#organization"},"image":{"@id":"https:\/\/tuzlainfo.ba\/index.php\/clanci\/sa-svih-strana\/item\/171355-obdukcija-ce-pokazati-je-li-otrovan-zavrsena-ekshumacija-tijela-muftije-zukorlica\/#primaryimage"},"thumbnailUrl":"https:\/\/tuzlainfo.ba\/wp-content\/uploads\/2021\/08\/0808_zukorlic.jpg","keywords":["muamer zukorli\u0107"],"articleSection":["Sa svih strana"],"inLanguage":"bs-BA"},{"@type":"WebPage","@id":"https:\/\/tuzlainfo.ba\/index.php\/clanci\/sa-svih-strana\/item\/171355-obdukcija-ce-pokazati-je-li-otrovan-zavrsena-ekshumacija-tijela-muftije-zukorlica\/","url":"https:\/\/tuzlainfo.ba\/index.php\/clanci\/sa-svih-strana\/item\/171355-obdukcija-ce-pokazati-je-li-otrovan-zavrsena-ekshumacija-tijela-muftije-zukorlica\/","name":"Obdukcija \u0107e pokazati je li otrovan: Zavr\u0161ena ekshumacija tijela muftije Zukorli\u0107a - TuzlaInfo.ba","isPartOf":{"@id":"https:\/\/tuzlainfo.ba\/#website"},"primaryImageOfPage":{"@id":"https:\/\/tuzlainfo.ba\/index.php\/clanci\/sa-svih-strana\/item\/171355-obdukcija-ce-pokazati-je-li-otrovan-zavrsena-ekshumacija-tijela-muftije-zukorlica\/#primaryimage"},"image":{"@id":"https:\/\/tuzlainfo.ba\/index.php\/clanci\/sa-svih-strana\/item\/171355-obdukcija-ce-pokazati-je-li-otrovan-zavrsena-ekshumacija-tijela-muftije-zukorlica\/#primaryimage"},"thumbnailUrl":"https:\/\/tuzlainfo.ba\/wp-content\/uploads\/2021\/08\/0808_zukorlic.jpg","datePublished":"2022-05-06T12:26:13+00:00","dateModified":"2022-05-06T12:26:13+00:00","breadcrumb":{"@id":"https:\/\/tuzlainfo.ba\/index.php\/clanci\/sa-svih-strana\/item\/171355-obdukcija-ce-pokazati-je-li-otrovan-zavrsena-ekshumacija-tijela-muftije-zukorlica\/#breadcrumb"},"inLanguage":"bs-BA","potentialAction":[{"@type":"ReadAction","target":["https:\/\/tuzlainfo.ba\/index.php\/clanci\/sa-svih-strana\/item\/171355-obdukcija-ce-pokazati-je-li-otrovan-zavrsena-ekshumacija-tijela-muftije-zukorlica\/"]}]},{"@type":"ImageObject","inLanguage":"bs-BA","@id":"https:\/\/tuzlainfo.ba\/index.php\/clanci\/sa-svih-strana\/item\/171355-obdukcija-ce-pokazati-je-li-otrovan-zavrsena-ekshumacija-tijela-muftije-zukorlica\/#primaryimage","url":"https:\/\/tuzlainfo.ba\/wp-content\/uploads\/2021\/08\/0808_zukorlic.jpg","contentUrl":"https:\/\/tuzlainfo.ba\/wp-content\/uploads\/2021\/08\/0808_zukorlic.jpg","width":1200,"height":789},{"@type":"BreadcrumbList","@id":"https:\/\/tuzlainfo.ba\/index.php\/clanci\/sa-svih-strana\/item\/171355-obdukcija-ce-pokazati-je-li-otrovan-zavrsena-ekshumacija-tijela-muftije-zukorlica\/#breadcrumb","itemListElement":[{"@type":"ListItem","position":1,"name":"Home","item":"https:\/\/tuzlainfo.ba\/"},{"@type":"ListItem","position":2,"name":"Obdukcija \u0107e pokazati je li otrovan: Zavr\u0161ena ekshumacija tijela muftije Zukorli\u0107a"}]},{"@type":"WebSite","@id":"https:\/\/tuzlainfo.ba\/#website","url":"https:\/\/tuzlainfo.ba\/","name":"TuzlaInfo.ba","description":"Tuzla info, gradski informator - Tuzla na dlanu","publisher":{"@id":"https:\/\/tuzlainfo.ba\/#organization"},"potentialAction":[{"@type":"SearchAction","target":{"@type":"EntryPoint","urlTemplate":"https:\/\/tuzlainfo.ba\/?s={search_term_string}"},"query-input":{"@type":"PropertyValueSpecification","valueRequired":true,"valueName":"search_term_string"}}],"inLanguage":"bs-BA"},{"@type":"Organization","@id":"https:\/\/tuzlainfo.ba\/#organization","name":"TuzlaInfo.ba","url":"https:\/\/tuzlainfo.ba\/","logo":{"@type":"ImageObject","inLanguage":"bs-BA","@id":"https:\/\/tuzlainfo.ba\/#\/schema\/logo\/image\/","url":"https:\/\/tuzlainfo.ba\/wp-content\/uploads\/2021\/03\/logo-ver-3-1.png","contentUrl":"https:\/\/tuzlainfo.ba\/wp-content\/uploads\/2021\/03\/logo-ver-3-1.png","width":350,"height":95,"caption":"TuzlaInfo.ba"},"image":{"@id":"https:\/\/tuzlainfo.ba\/#\/schema\/logo\/image\/"},"sameAs":["https:\/\/www.facebook.com\/tuzlainfo.ba\/"]},{"@type":"Person","@id":"https:\/\/tuzlainfo.ba\/#\/schema\/person\/46cad4c57790cbc50781edd14870825a","name":"Tuzla Info","image":{"@type":"ImageObject","inLanguage":"bs-BA","@id":"https:\/\/tuzlainfo.ba\/#\/schema\/person\/image\/","url":"https:\/\/tuzlainfo.ba\/wp-content\/litespeed\/avatar\/b6c453a6c38e3654f2e4416c643fc25c.jpg?ver=1777051911","contentUrl":"https:\/\/tuzlainfo.ba\/wp-content\/litespeed\/avatar\/b6c453a6c38e3654f2e4416c643fc25c.jpg?ver=1777051911","caption":"Tuzla Info"}}]}},"_links":{"self":[{"href":"https:\/\/tuzlainfo.ba\/index.php\/wp-json\/wp\/v2\/posts\/171355"}],"collection":[{"href":"https:\/\/tuzlainfo.ba\/index.php\/wp-json\/wp\/v2\/posts"}],"about":[{"href":"https:\/\/tuzlainfo.ba\/index.php\/wp-json\/wp\/v2\/types\/post"}],"author":[{"embeddable":true,"href":"https:\/\/tuzlainfo.ba\/index.php\/wp-json\/wp\/v2\/users\/4"}],"replies":[{"embeddable":true,"href":"https:\/\/tuzlainfo.ba\/index.php\/wp-json\/wp\/v2\/comments?post=171355"}],"version-history":[{"count":0,"href":"https:\/\/tuzlainfo.ba\/index.php\/wp-json\/wp\/v2\/posts\/171355\/revisions"}],"wp:featuredmedia":[{"embeddable":true,"href":"https:\/\/tuzlainfo.ba\/index.php\/wp-json\/wp\/v2\/media\/144255"}],"wp:attachment":[{"href":"https:\/\/tuzlainfo.ba\/index.php\/wp-json\/wp\/v2\/media?parent=171355"}],"wp:term":[{"taxonomy":"category","embeddable":true,"href":"https:\/\/tuzlainfo.ba\/index.php\/wp-json\/wp\/v2\/categories?post=171355"},{"taxonomy":"post_tag","embeddable":true,"href":"https:\/\/tuzlainfo.ba\/index.php\/wp-json\/wp\/v2\/tags?post=171355"}],"curies":[{"name":"wp","href":"https:\/\/api.w.org\/{rel}","templated":true}]}}