{"id":171125,"date":"2022-05-04T09:34:45","date_gmt":"2022-05-04T07:34:45","guid":{"rendered":"https:\/\/tuzlainfo.ba\/?p=171125"},"modified":"2022-05-04T06:39:51","modified_gmt":"2022-05-04T04:39:51","slug":"susjedi-ne-odustaju-grlic-radman-smatra-da-cik-ne-moze-raspisati-izbore-u-bih","status":"publish","type":"post","link":"https:\/\/tuzlainfo.ba\/index.php\/clanci\/sa-svih-strana\/item\/171125-susjedi-ne-odustaju-grlic-radman-smatra-da-cik-ne-moze-raspisati-izbore-u-bih\/","title":{"rendered":"Susjedi ne odustaju: Grli\u0107-Radman smatra da CIK ne mo\u017ee raspisati izbore u BiH"},"content":{"rendered":"<p>Ministar vanjskih poslova Hrvatske Gordan Grli\u0107 Radman je prilikom dana\u0161nje posjete Mostaru komentarisao i pitanje izmjena i dopuna Izbornog zakona Bosne i Hercegovine.<\/p>\n<p>Nije zadovoljan time \u0161to nisu usvojene izmjene i dopune Izbornog zakona kojima \u0107e se isklju\u010divo i Hrvatima omogu\u0107iti da biraju \u010dlana Predsjedni\u0161tva Bosne i Hercegovine iz reda hrvatskog naroda.<\/p>\n<p>&nbsp;<\/p>\n<p>&#8220;Borili smo se, a jo\u0161 uvijek traje taj proces da se Hrvatima vrati ono \u0161to im je oduzeto prije vi\u0161e od 20 godina, jer pokazalo se da su Hrvati stije\u0161njeni izme\u0111u dva ve\u0107inska naroda, da su zapravo obespravljeni i da se njihova prava trebaju vratiti kako bi ostvarili jednaku politi\u010dku participaciju kao i druga dva naroda i ostali gra\u0111ani&#8221;, kazao je Grli\u0107 Radman.<\/p>\n<p>&nbsp;<\/p>\n<p>Prema njegovim rije\u010dima, Hrvatska od samog po\u010detka osvje\u0161\u0107uje me\u0111unarodnu zajednicu o potrebi promjene Izbornog zakona.<\/p>\n<p>Iako Republika Hrvatska nije u\u010destvovala za pregovara\u010dkim stolom, od samog po\u010detka, ovih pet-\u0161est godina, na\u0161a vlada na \u010delu s premijerom Andrejom Plenkovi\u0107em radila je upravo na osvje\u0161\u0107ivanju me\u0111unarodne zajednice o potrebi promjene Izbornog zakona, ali smo i pridonosili vlastitim politi\u010dkim naporima kako bi se pitanje Bosne i Hercegovine nalazilo na svim relevantnim forumima, prije svega Vije\u0107a za vanjske poslove u Evropskoj uniji, a onda i na Evropskom vije\u0107u&#8221;, istakao je.<\/p>\n<p>&nbsp;<\/p>\n<p>Grli\u0107 Radman smatra da je u posljednjih godinu dana ostvaren veliki napredak.<\/p>\n<p>&nbsp;<\/p>\n<p>&#8220;Taj napredak ostvaren je upravo zalaganjem premijera Plenkovi\u0107a. Svi smo bili vrlo anga\u017eovani, uspjeli smo razgovarati i pregovarati o tome da se ovamo po\u0161alju facilitatori Evropske unije, prije svega Evropske slu\u017ebe za vanjsko djelovanje, i neki stanoviti napredak je postignut&#8221;, ocijenio je.<\/p>\n<p>&nbsp;<\/p>\n<p>Podsjetio je da budu\u0107nost i stabilnost Bosne i Hercegovine ovisi o dogovoru izme\u0111u politi\u010dara.<\/p>\n<p>&nbsp;<\/p>\n<p>&#8220;Sre\u0107a i blagostanje u Bosni i Hercegovini je jednakopravnost. Ne mo\u017ee niko imati vi\u0161e ili manje, bez obzira je li neko brojniji ili ne. Ne mogu Hrvati biti zakinuti u svim pravima koja im pripadaju temeljem Dejtonsko-pariskog sporazuma zbog toga \u0161to su manji po broju. Moj dolazak ovdje je potvrda da sam tu s vama kao \u010dlan Vlade Republike Hrvatske. Idemo dalje, idemo naprijed, idemo vidjeti koji sve pravni i politi\u010dki instrumenti nama, kao Republici Hrvatskoj stoje na raspolaganju kako bismo djelovali u ovom periodu do izbora&#8221;, kazao je hrvatski ministar vanjskih poslova.<\/p>\n<p>Mi\u0161ljenja je da jo\u0161 postoji dovoljno vremena da se dogovor postigne te se osvrnuo i na djelovanje Centralne izborne komisije (CIK).<\/p>\n<p>&nbsp;<\/p>\n<p>&#8220;Sud Bosne i Hercegovine kazao je svoje, mi naravno imamo svoj pogled. Mislimo da CIK ne mo\u017ee biti onaj koji \u0107e donijeti odluke o provedbi Izbornog zakona. Ne bi bilo dobro da CIK vlastitim uredbama, kako je to \u010dinio prije \u010detiri godine, omogu\u0107uje i donosi uredbe o popunjavanju Doma naroda, nego da se to rije\u0161i na na\u010din kako bi to trebalo biti u jednom perfektnom Izbornom zakonu&#8221;, konstatovao je.<\/p>\n<p>&nbsp;<\/p>\n<p>Kako je kazao Grli\u0107 Radman, bez obzira na sve, misli da vremena ima, treba i\u0107i naprijed, pokazati strpljenje, biti uporan s argumentima, vjerodostojan, kredibilan i ne smijemo se stati, prenosi Klix.<\/p>\n<p>&nbsp;<\/p>\n","protected":false},"excerpt":{"rendered":"<p>Ministar vanjskih poslova Hrvatske Gordan Grli\u0107 Radman je prilikom dana\u0161nje posjete Mostaru komentarisao i pitanje&hellip;<\/p>\n","protected":false},"author":4,"featured_media":142749,"comment_status":"open","ping_status":"closed","sticky":false,"template":"","format":"standard","meta":{"_acf_changed":false,"footnotes":""},"categories":[16],"tags":[1367,2043,475],"acf":[],"yoast_head":"<!-- This site is optimized with the Yoast SEO plugin v23.5 - https:\/\/yoast.com\/wordpress\/plugins\/seo\/ -->\n<title>Susjedi ne odustaju: Grli\u0107-Radman smatra da CIK ne mo\u017ee raspisati izbore u BiH - TuzlaInfo.ba<\/title>\n<meta name=\"robots\" content=\"index, follow, max-snippet:-1, max-image-preview:large, max-video-preview:-1\" \/>\n<link rel=\"canonical\" href=\"https:\/\/tuzlainfo.ba\/index.php\/clanci\/sa-svih-strana\/item\/171125-susjedi-ne-odustaju-grlic-radman-smatra-da-cik-ne-moze-raspisati-izbore-u-bih\/\" \/>\n<meta property=\"og:locale\" content=\"bs_BA\" \/>\n<meta property=\"og:type\" content=\"article\" \/>\n<meta property=\"og:title\" content=\"Susjedi ne odustaju: Grli\u0107-Radman smatra da CIK ne mo\u017ee raspisati izbore u BiH - TuzlaInfo.ba\" \/>\n<meta property=\"og:description\" content=\"Ministar vanjskih poslova Hrvatske Gordan Grli\u0107 Radman je prilikom dana\u0161nje posjete Mostaru komentarisao i pitanje&hellip;\" \/>\n<meta property=\"og:url\" content=\"https:\/\/tuzlainfo.ba\/index.php\/clanci\/sa-svih-strana\/item\/171125-susjedi-ne-odustaju-grlic-radman-smatra-da-cik-ne-moze-raspisati-izbore-u-bih\/\" \/>\n<meta property=\"og:site_name\" content=\"TuzlaInfo.ba\" \/>\n<meta property=\"article:publisher\" content=\"https:\/\/www.facebook.com\/tuzlainfo.ba\/\" \/>\n<meta property=\"article:published_time\" content=\"2022-05-04T07:34:45+00:00\" \/>\n<meta property=\"article:modified_time\" content=\"2022-05-04T04:39:51+00:00\" \/>\n<meta property=\"og:image\" content=\"https:\/\/tuzlainfo.ba\/wp-content\/uploads\/2021\/07\/2307_grlic-radman.jpg\" \/>\n\t<meta property=\"og:image:width\" content=\"864\" \/>\n\t<meta property=\"og:image:height\" content=\"486\" \/>\n\t<meta property=\"og:image:type\" content=\"image\/jpeg\" \/>\n<meta name=\"author\" content=\"Tuzla Info\" \/>\n<meta name=\"twitter:card\" content=\"summary_large_image\" \/>\n<meta name=\"twitter:label1\" content=\"Written by\" \/>\n\t<meta name=\"twitter:data1\" content=\"Tuzla Info\" \/>\n\t<meta name=\"twitter:label2\" content=\"Est. reading time\" \/>\n\t<meta name=\"twitter:data2\" content=\"3 minute\" \/>\n<script type=\"application\/ld+json\" class=\"yoast-schema-graph\">{\"@context\":\"https:\/\/schema.org\",\"@graph\":[{\"@type\":\"Article\",\"@id\":\"https:\/\/tuzlainfo.ba\/index.php\/clanci\/sa-svih-strana\/item\/171125-susjedi-ne-odustaju-grlic-radman-smatra-da-cik-ne-moze-raspisati-izbore-u-bih\/#article\",\"isPartOf\":{\"@id\":\"https:\/\/tuzlainfo.ba\/index.php\/clanci\/sa-svih-strana\/item\/171125-susjedi-ne-odustaju-grlic-radman-smatra-da-cik-ne-moze-raspisati-izbore-u-bih\/\"},\"author\":{\"name\":\"Tuzla Info\",\"@id\":\"https:\/\/tuzlainfo.ba\/#\/schema\/person\/46cad4c57790cbc50781edd14870825a\"},\"headline\":\"Susjedi ne odustaju: Grli\u0107-Radman smatra da CIK ne mo\u017ee raspisati izbore u BiH\",\"datePublished\":\"2022-05-04T07:34:45+00:00\",\"dateModified\":\"2022-05-04T04:39:51+00:00\",\"mainEntityOfPage\":{\"@id\":\"https:\/\/tuzlainfo.ba\/index.php\/clanci\/sa-svih-strana\/item\/171125-susjedi-ne-odustaju-grlic-radman-smatra-da-cik-ne-moze-raspisati-izbore-u-bih\/\"},\"wordCount\":547,\"commentCount\":0,\"publisher\":{\"@id\":\"https:\/\/tuzlainfo.ba\/#organization\"},\"image\":{\"@id\":\"https:\/\/tuzlainfo.ba\/index.php\/clanci\/sa-svih-strana\/item\/171125-susjedi-ne-odustaju-grlic-radman-smatra-da-cik-ne-moze-raspisati-izbore-u-bih\/#primaryimage\"},\"thumbnailUrl\":\"https:\/\/tuzlainfo.ba\/wp-content\/uploads\/2021\/07\/2307_grlic-radman.jpg\",\"keywords\":[\"CIK\",\"grli\u0107-radman\",\"izbori\"],\"articleSection\":[\"Sa svih strana\"],\"inLanguage\":\"bs-BA\"},{\"@type\":\"WebPage\",\"@id\":\"https:\/\/tuzlainfo.ba\/index.php\/clanci\/sa-svih-strana\/item\/171125-susjedi-ne-odustaju-grlic-radman-smatra-da-cik-ne-moze-raspisati-izbore-u-bih\/\",\"url\":\"https:\/\/tuzlainfo.ba\/index.php\/clanci\/sa-svih-strana\/item\/171125-susjedi-ne-odustaju-grlic-radman-smatra-da-cik-ne-moze-raspisati-izbore-u-bih\/\",\"name\":\"Susjedi ne odustaju: Grli\u0107-Radman smatra da CIK ne mo\u017ee raspisati izbore u BiH - TuzlaInfo.ba\",\"isPartOf\":{\"@id\":\"https:\/\/tuzlainfo.ba\/#website\"},\"primaryImageOfPage\":{\"@id\":\"https:\/\/tuzlainfo.ba\/index.php\/clanci\/sa-svih-strana\/item\/171125-susjedi-ne-odustaju-grlic-radman-smatra-da-cik-ne-moze-raspisati-izbore-u-bih\/#primaryimage\"},\"image\":{\"@id\":\"https:\/\/tuzlainfo.ba\/index.php\/clanci\/sa-svih-strana\/item\/171125-susjedi-ne-odustaju-grlic-radman-smatra-da-cik-ne-moze-raspisati-izbore-u-bih\/#primaryimage\"},\"thumbnailUrl\":\"https:\/\/tuzlainfo.ba\/wp-content\/uploads\/2021\/07\/2307_grlic-radman.jpg\",\"datePublished\":\"2022-05-04T07:34:45+00:00\",\"dateModified\":\"2022-05-04T04:39:51+00:00\",\"breadcrumb\":{\"@id\":\"https:\/\/tuzlainfo.ba\/index.php\/clanci\/sa-svih-strana\/item\/171125-susjedi-ne-odustaju-grlic-radman-smatra-da-cik-ne-moze-raspisati-izbore-u-bih\/#breadcrumb\"},\"inLanguage\":\"bs-BA\",\"potentialAction\":[{\"@type\":\"ReadAction\",\"target\":[\"https:\/\/tuzlainfo.ba\/index.php\/clanci\/sa-svih-strana\/item\/171125-susjedi-ne-odustaju-grlic-radman-smatra-da-cik-ne-moze-raspisati-izbore-u-bih\/\"]}]},{\"@type\":\"ImageObject\",\"inLanguage\":\"bs-BA\",\"@id\":\"https:\/\/tuzlainfo.ba\/index.php\/clanci\/sa-svih-strana\/item\/171125-susjedi-ne-odustaju-grlic-radman-smatra-da-cik-ne-moze-raspisati-izbore-u-bih\/#primaryimage\",\"url\":\"https:\/\/tuzlainfo.ba\/wp-content\/uploads\/2021\/07\/2307_grlic-radman.jpg\",\"contentUrl\":\"https:\/\/tuzlainfo.ba\/wp-content\/uploads\/2021\/07\/2307_grlic-radman.jpg\",\"width\":864,\"height\":486},{\"@type\":\"BreadcrumbList\",\"@id\":\"https:\/\/tuzlainfo.ba\/index.php\/clanci\/sa-svih-strana\/item\/171125-susjedi-ne-odustaju-grlic-radman-smatra-da-cik-ne-moze-raspisati-izbore-u-bih\/#breadcrumb\",\"itemListElement\":[{\"@type\":\"ListItem\",\"position\":1,\"name\":\"Home\",\"item\":\"https:\/\/tuzlainfo.ba\/\"},{\"@type\":\"ListItem\",\"position\":2,\"name\":\"Susjedi ne odustaju: Grli\u0107-Radman smatra da CIK ne mo\u017ee raspisati izbore u BiH\"}]},{\"@type\":\"WebSite\",\"@id\":\"https:\/\/tuzlainfo.ba\/#website\",\"url\":\"https:\/\/tuzlainfo.ba\/\",\"name\":\"TuzlaInfo.ba\",\"description\":\"Tuzla info, gradski informator - Tuzla na dlanu\",\"publisher\":{\"@id\":\"https:\/\/tuzlainfo.ba\/#organization\"},\"potentialAction\":[{\"@type\":\"SearchAction\",\"target\":{\"@type\":\"EntryPoint\",\"urlTemplate\":\"https:\/\/tuzlainfo.ba\/?s={search_term_string}\"},\"query-input\":{\"@type\":\"PropertyValueSpecification\",\"valueRequired\":true,\"valueName\":\"search_term_string\"}}],\"inLanguage\":\"bs-BA\"},{\"@type\":\"Organization\",\"@id\":\"https:\/\/tuzlainfo.ba\/#organization\",\"name\":\"TuzlaInfo.ba\",\"url\":\"https:\/\/tuzlainfo.ba\/\",\"logo\":{\"@type\":\"ImageObject\",\"inLanguage\":\"bs-BA\",\"@id\":\"https:\/\/tuzlainfo.ba\/#\/schema\/logo\/image\/\",\"url\":\"https:\/\/tuzlainfo.ba\/wp-content\/uploads\/2021\/03\/logo-ver-3-1.png\",\"contentUrl\":\"https:\/\/tuzlainfo.ba\/wp-content\/uploads\/2021\/03\/logo-ver-3-1.png\",\"width\":350,\"height\":95,\"caption\":\"TuzlaInfo.ba\"},\"image\":{\"@id\":\"https:\/\/tuzlainfo.ba\/#\/schema\/logo\/image\/\"},\"sameAs\":[\"https:\/\/www.facebook.com\/tuzlainfo.ba\/\"]},{\"@type\":\"Person\",\"@id\":\"https:\/\/tuzlainfo.ba\/#\/schema\/person\/46cad4c57790cbc50781edd14870825a\",\"name\":\"Tuzla Info\",\"image\":{\"@type\":\"ImageObject\",\"inLanguage\":\"bs-BA\",\"@id\":\"https:\/\/tuzlainfo.ba\/#\/schema\/person\/image\/\",\"url\":\"https:\/\/tuzlainfo.ba\/wp-content\/litespeed\/avatar\/b6c453a6c38e3654f2e4416c643fc25c.jpg?ver=1777051911\",\"contentUrl\":\"https:\/\/tuzlainfo.ba\/wp-content\/litespeed\/avatar\/b6c453a6c38e3654f2e4416c643fc25c.jpg?ver=1777051911\",\"caption\":\"Tuzla Info\"}}]}<\/script>\n<!-- \/ Yoast SEO plugin. -->","yoast_head_json":{"title":"Susjedi ne odustaju: Grli\u0107-Radman smatra da CIK ne mo\u017ee raspisati izbore u BiH - TuzlaInfo.ba","robots":{"index":"index","follow":"follow","max-snippet":"max-snippet:-1","max-image-preview":"max-image-preview:large","max-video-preview":"max-video-preview:-1"},"canonical":"https:\/\/tuzlainfo.ba\/index.php\/clanci\/sa-svih-strana\/item\/171125-susjedi-ne-odustaju-grlic-radman-smatra-da-cik-ne-moze-raspisati-izbore-u-bih\/","og_locale":"bs_BA","og_type":"article","og_title":"Susjedi ne odustaju: Grli\u0107-Radman smatra da CIK ne mo\u017ee raspisati izbore u BiH - TuzlaInfo.ba","og_description":"Ministar vanjskih poslova Hrvatske Gordan Grli\u0107 Radman je prilikom dana\u0161nje posjete Mostaru komentarisao i pitanje&hellip;","og_url":"https:\/\/tuzlainfo.ba\/index.php\/clanci\/sa-svih-strana\/item\/171125-susjedi-ne-odustaju-grlic-radman-smatra-da-cik-ne-moze-raspisati-izbore-u-bih\/","og_site_name":"TuzlaInfo.ba","article_publisher":"https:\/\/www.facebook.com\/tuzlainfo.ba\/","article_published_time":"2022-05-04T07:34:45+00:00","article_modified_time":"2022-05-04T04:39:51+00:00","og_image":[{"width":864,"height":486,"url":"https:\/\/tuzlainfo.ba\/wp-content\/uploads\/2021\/07\/2307_grlic-radman.jpg","type":"image\/jpeg"}],"author":"Tuzla Info","twitter_card":"summary_large_image","twitter_misc":{"Written by":"Tuzla Info","Est. reading time":"3 minute"},"schema":{"@context":"https:\/\/schema.org","@graph":[{"@type":"Article","@id":"https:\/\/tuzlainfo.ba\/index.php\/clanci\/sa-svih-strana\/item\/171125-susjedi-ne-odustaju-grlic-radman-smatra-da-cik-ne-moze-raspisati-izbore-u-bih\/#article","isPartOf":{"@id":"https:\/\/tuzlainfo.ba\/index.php\/clanci\/sa-svih-strana\/item\/171125-susjedi-ne-odustaju-grlic-radman-smatra-da-cik-ne-moze-raspisati-izbore-u-bih\/"},"author":{"name":"Tuzla Info","@id":"https:\/\/tuzlainfo.ba\/#\/schema\/person\/46cad4c57790cbc50781edd14870825a"},"headline":"Susjedi ne odustaju: Grli\u0107-Radman smatra da CIK ne mo\u017ee raspisati izbore u BiH","datePublished":"2022-05-04T07:34:45+00:00","dateModified":"2022-05-04T04:39:51+00:00","mainEntityOfPage":{"@id":"https:\/\/tuzlainfo.ba\/index.php\/clanci\/sa-svih-strana\/item\/171125-susjedi-ne-odustaju-grlic-radman-smatra-da-cik-ne-moze-raspisati-izbore-u-bih\/"},"wordCount":547,"commentCount":0,"publisher":{"@id":"https:\/\/tuzlainfo.ba\/#organization"},"image":{"@id":"https:\/\/tuzlainfo.ba\/index.php\/clanci\/sa-svih-strana\/item\/171125-susjedi-ne-odustaju-grlic-radman-smatra-da-cik-ne-moze-raspisati-izbore-u-bih\/#primaryimage"},"thumbnailUrl":"https:\/\/tuzlainfo.ba\/wp-content\/uploads\/2021\/07\/2307_grlic-radman.jpg","keywords":["CIK","grli\u0107-radman","izbori"],"articleSection":["Sa svih strana"],"inLanguage":"bs-BA"},{"@type":"WebPage","@id":"https:\/\/tuzlainfo.ba\/index.php\/clanci\/sa-svih-strana\/item\/171125-susjedi-ne-odustaju-grlic-radman-smatra-da-cik-ne-moze-raspisati-izbore-u-bih\/","url":"https:\/\/tuzlainfo.ba\/index.php\/clanci\/sa-svih-strana\/item\/171125-susjedi-ne-odustaju-grlic-radman-smatra-da-cik-ne-moze-raspisati-izbore-u-bih\/","name":"Susjedi ne odustaju: Grli\u0107-Radman smatra da CIK ne mo\u017ee raspisati izbore u BiH - TuzlaInfo.ba","isPartOf":{"@id":"https:\/\/tuzlainfo.ba\/#website"},"primaryImageOfPage":{"@id":"https:\/\/tuzlainfo.ba\/index.php\/clanci\/sa-svih-strana\/item\/171125-susjedi-ne-odustaju-grlic-radman-smatra-da-cik-ne-moze-raspisati-izbore-u-bih\/#primaryimage"},"image":{"@id":"https:\/\/tuzlainfo.ba\/index.php\/clanci\/sa-svih-strana\/item\/171125-susjedi-ne-odustaju-grlic-radman-smatra-da-cik-ne-moze-raspisati-izbore-u-bih\/#primaryimage"},"thumbnailUrl":"https:\/\/tuzlainfo.ba\/wp-content\/uploads\/2021\/07\/2307_grlic-radman.jpg","datePublished":"2022-05-04T07:34:45+00:00","dateModified":"2022-05-04T04:39:51+00:00","breadcrumb":{"@id":"https:\/\/tuzlainfo.ba\/index.php\/clanci\/sa-svih-strana\/item\/171125-susjedi-ne-odustaju-grlic-radman-smatra-da-cik-ne-moze-raspisati-izbore-u-bih\/#breadcrumb"},"inLanguage":"bs-BA","potentialAction":[{"@type":"ReadAction","target":["https:\/\/tuzlainfo.ba\/index.php\/clanci\/sa-svih-strana\/item\/171125-susjedi-ne-odustaju-grlic-radman-smatra-da-cik-ne-moze-raspisati-izbore-u-bih\/"]}]},{"@type":"ImageObject","inLanguage":"bs-BA","@id":"https:\/\/tuzlainfo.ba\/index.php\/clanci\/sa-svih-strana\/item\/171125-susjedi-ne-odustaju-grlic-radman-smatra-da-cik-ne-moze-raspisati-izbore-u-bih\/#primaryimage","url":"https:\/\/tuzlainfo.ba\/wp-content\/uploads\/2021\/07\/2307_grlic-radman.jpg","contentUrl":"https:\/\/tuzlainfo.ba\/wp-content\/uploads\/2021\/07\/2307_grlic-radman.jpg","width":864,"height":486},{"@type":"BreadcrumbList","@id":"https:\/\/tuzlainfo.ba\/index.php\/clanci\/sa-svih-strana\/item\/171125-susjedi-ne-odustaju-grlic-radman-smatra-da-cik-ne-moze-raspisati-izbore-u-bih\/#breadcrumb","itemListElement":[{"@type":"ListItem","position":1,"name":"Home","item":"https:\/\/tuzlainfo.ba\/"},{"@type":"ListItem","position":2,"name":"Susjedi ne odustaju: Grli\u0107-Radman smatra da CIK ne mo\u017ee raspisati izbore u BiH"}]},{"@type":"WebSite","@id":"https:\/\/tuzlainfo.ba\/#website","url":"https:\/\/tuzlainfo.ba\/","name":"TuzlaInfo.ba","description":"Tuzla info, gradski informator - Tuzla na dlanu","publisher":{"@id":"https:\/\/tuzlainfo.ba\/#organization"},"potentialAction":[{"@type":"SearchAction","target":{"@type":"EntryPoint","urlTemplate":"https:\/\/tuzlainfo.ba\/?s={search_term_string}"},"query-input":{"@type":"PropertyValueSpecification","valueRequired":true,"valueName":"search_term_string"}}],"inLanguage":"bs-BA"},{"@type":"Organization","@id":"https:\/\/tuzlainfo.ba\/#organization","name":"TuzlaInfo.ba","url":"https:\/\/tuzlainfo.ba\/","logo":{"@type":"ImageObject","inLanguage":"bs-BA","@id":"https:\/\/tuzlainfo.ba\/#\/schema\/logo\/image\/","url":"https:\/\/tuzlainfo.ba\/wp-content\/uploads\/2021\/03\/logo-ver-3-1.png","contentUrl":"https:\/\/tuzlainfo.ba\/wp-content\/uploads\/2021\/03\/logo-ver-3-1.png","width":350,"height":95,"caption":"TuzlaInfo.ba"},"image":{"@id":"https:\/\/tuzlainfo.ba\/#\/schema\/logo\/image\/"},"sameAs":["https:\/\/www.facebook.com\/tuzlainfo.ba\/"]},{"@type":"Person","@id":"https:\/\/tuzlainfo.ba\/#\/schema\/person\/46cad4c57790cbc50781edd14870825a","name":"Tuzla Info","image":{"@type":"ImageObject","inLanguage":"bs-BA","@id":"https:\/\/tuzlainfo.ba\/#\/schema\/person\/image\/","url":"https:\/\/tuzlainfo.ba\/wp-content\/litespeed\/avatar\/b6c453a6c38e3654f2e4416c643fc25c.jpg?ver=1777051911","contentUrl":"https:\/\/tuzlainfo.ba\/wp-content\/litespeed\/avatar\/b6c453a6c38e3654f2e4416c643fc25c.jpg?ver=1777051911","caption":"Tuzla Info"}}]}},"_links":{"self":[{"href":"https:\/\/tuzlainfo.ba\/index.php\/wp-json\/wp\/v2\/posts\/171125"}],"collection":[{"href":"https:\/\/tuzlainfo.ba\/index.php\/wp-json\/wp\/v2\/posts"}],"about":[{"href":"https:\/\/tuzlainfo.ba\/index.php\/wp-json\/wp\/v2\/types\/post"}],"author":[{"embeddable":true,"href":"https:\/\/tuzlainfo.ba\/index.php\/wp-json\/wp\/v2\/users\/4"}],"replies":[{"embeddable":true,"href":"https:\/\/tuzlainfo.ba\/index.php\/wp-json\/wp\/v2\/comments?post=171125"}],"version-history":[{"count":0,"href":"https:\/\/tuzlainfo.ba\/index.php\/wp-json\/wp\/v2\/posts\/171125\/revisions"}],"wp:featuredmedia":[{"embeddable":true,"href":"https:\/\/tuzlainfo.ba\/index.php\/wp-json\/wp\/v2\/media\/142749"}],"wp:attachment":[{"href":"https:\/\/tuzlainfo.ba\/index.php\/wp-json\/wp\/v2\/media?parent=171125"}],"wp:term":[{"taxonomy":"category","embeddable":true,"href":"https:\/\/tuzlainfo.ba\/index.php\/wp-json\/wp\/v2\/categories?post=171125"},{"taxonomy":"post_tag","embeddable":true,"href":"https:\/\/tuzlainfo.ba\/index.php\/wp-json\/wp\/v2\/tags?post=171125"}],"curies":[{"name":"wp","href":"https:\/\/api.w.org\/{rel}","templated":true}]}}