{"id":170894,"date":"2022-05-01T11:00:35","date_gmt":"2022-05-01T09:00:35","guid":{"rendered":"https:\/\/tuzlainfo.ba\/?p=170894"},"modified":"2022-05-01T10:28:45","modified_gmt":"2022-05-01T08:28:45","slug":"novo-u-eu-crne-kutije-u-vozilima-otkrivat-ce-uzroke-nesreca-i-u-bih","status":"publish","type":"post","link":"https:\/\/tuzlainfo.ba\/index.php\/bosna-i-hercegovina\/item\/170894-novo-u-eu-crne-kutije-u-vozilima-otkrivat-ce-uzroke-nesreca-i-u-bih\/","title":{"rendered":"Novo u EU: &#8220;Crne kutije&#8221; u vozilima otkrivat \u0107e uzroke nesre\u0107a i u BiH"},"content":{"rendered":"<p>Novi automobili \u0107e u Europskoj uniji od sredine ove godine morati imati EDR ure\u0111aje, odnosno &#8220;crne kutije&#8221; namijenjene vozilima.<\/p>\n<p>Poznato je da avioni posjeduju &#8220;crne kutije&#8221; koje bilje\u017ee podatke o letu i razgovore iz pilotske kabine te tako poma\u017eu u otkrivanju uzroka\u00a0 nesre\u0107a, a ne\u0161to sli\u010dno postaje obvezno za sva nova vozila u Europskoj uniji, i to od sredine ove godine, pi\u0161e <a href=\"https:\/\/www.vecernji.ba\/vijesti\/crne-kutije-u-vozilima-otkrivat-ce-uzroke-nesreca-i-u-bih-1582952\"><strong>Ve\u010denji list<\/strong><\/a>.<\/p>\n<p>Rije\u010d je o EDR ure\u0111ajima koji \u0107e &#8220;snimat&#8221; i pohranjivati podatke o brzini vozila, sili ko\u010denja, aktiviranju zra\u010dnih jastuka i statusu sigurnosnih sustava u slu\u010daju sudara, odnosno prometne nesre\u0107e.<\/p>\n<p>EDR postaje obvezan dio novih putni\u010dkih automobila od sredine ove godine, a to je propisano izmijenjenim zakonom u Europskoj uniji. Podaci koje skupi ovaj ure\u0111aj bit \u0107e analizirani u slu\u010daju prometnih nesre\u0107a.<\/p>\n<p>Promjene koje se odnose na EDR uvedene su u sije\u010dnju 2020. godine, a od srpnja ove godine stupaju na snagu za sva nova vozila kategorija M1 i N1, odnosno za sve tipove vozila u Europi od 7. srpnja 2024. godine.<\/p>\n<p>Ure\u0111aj EDR trebao bi prikupiti sve relevantne podatke o prometnoj nesre\u0107i nedugo prije, tijekom i nakon nje. S obzirom na to da je utvr\u0111ivanje uzroka nesre\u0107e pove\u0107anjem pomo\u0107nih sustava za voza\u010da sve te\u017ei zadatak, Europsko vije\u0107e za sigurnost prometa (ETSC) pozdravilo je zakon o obveznom EDR-u.<\/p>\n<p>Iako Bosna i Hercegovina jo\u0161 uvijek nije u Europskoj uniji, ipak \u0107e zahvaljuju\u0107i uvozu novih vozila EDR imati svoju funkciju i na bh. cestama.<\/p>\n","protected":false},"excerpt":{"rendered":"<p>Novi automobili \u0107e u Europskoj uniji od sredine ove godine morati imati EDR ure\u0111aje, odnosno&hellip;<\/p>\n","protected":false},"author":2,"featured_media":170895,"comment_status":"open","ping_status":"closed","sticky":false,"template":"","format":"standard","meta":{"_acf_changed":false,"footnotes":""},"categories":[291,292],"tags":[4661,408],"acf":[],"yoast_head":"<!-- This site is optimized with the Yoast SEO plugin v23.5 - https:\/\/yoast.com\/wordpress\/plugins\/seo\/ -->\n<title>Novo u EU: &quot;Crne kutije&quot; u vozilima otkrivat \u0107e uzroke nesre\u0107a i u BiH - TuzlaInfo.ba<\/title>\n<meta name=\"robots\" content=\"index, follow, max-snippet:-1, max-image-preview:large, max-video-preview:-1\" \/>\n<link rel=\"canonical\" href=\"https:\/\/tuzlainfo.ba\/index.php\/bosna-i-hercegovina\/item\/170894-novo-u-eu-crne-kutije-u-vozilima-otkrivat-ce-uzroke-nesreca-i-u-bih\/\" \/>\n<meta property=\"og:locale\" content=\"bs_BA\" \/>\n<meta property=\"og:type\" content=\"article\" \/>\n<meta property=\"og:title\" content=\"Novo u EU: &quot;Crne kutije&quot; u vozilima otkrivat \u0107e uzroke nesre\u0107a i u BiH - TuzlaInfo.ba\" \/>\n<meta property=\"og:description\" content=\"Novi automobili \u0107e u Europskoj uniji od sredine ove godine morati imati EDR ure\u0111aje, odnosno&hellip;\" \/>\n<meta property=\"og:url\" content=\"https:\/\/tuzlainfo.ba\/index.php\/bosna-i-hercegovina\/item\/170894-novo-u-eu-crne-kutije-u-vozilima-otkrivat-ce-uzroke-nesreca-i-u-bih\/\" \/>\n<meta property=\"og:site_name\" content=\"TuzlaInfo.ba\" \/>\n<meta property=\"article:publisher\" content=\"https:\/\/www.facebook.com\/tuzlainfo.ba\/\" \/>\n<meta property=\"article:published_time\" content=\"2022-05-01T09:00:35+00:00\" \/>\n<meta property=\"article:modified_time\" content=\"2022-05-01T08:28:45+00:00\" \/>\n<meta property=\"og:image\" content=\"https:\/\/tuzlainfo.ba\/wp-content\/uploads\/2022\/05\/0105_auto_navigacija.jpg\" \/>\n\t<meta property=\"og:image:width\" content=\"1021\" \/>\n\t<meta property=\"og:image:height\" content=\"580\" \/>\n\t<meta property=\"og:image:type\" content=\"image\/jpeg\" \/>\n<meta name=\"author\" content=\"nedim\" \/>\n<meta name=\"twitter:card\" content=\"summary_large_image\" \/>\n<meta name=\"twitter:label1\" content=\"Written by\" \/>\n\t<meta name=\"twitter:data1\" content=\"nedim\" \/>\n\t<meta name=\"twitter:label2\" content=\"Est. reading time\" \/>\n\t<meta name=\"twitter:data2\" content=\"1 minuta\" \/>\n<script type=\"application\/ld+json\" class=\"yoast-schema-graph\">{\"@context\":\"https:\/\/schema.org\",\"@graph\":[{\"@type\":\"Article\",\"@id\":\"https:\/\/tuzlainfo.ba\/index.php\/bosna-i-hercegovina\/item\/170894-novo-u-eu-crne-kutije-u-vozilima-otkrivat-ce-uzroke-nesreca-i-u-bih\/#article\",\"isPartOf\":{\"@id\":\"https:\/\/tuzlainfo.ba\/index.php\/bosna-i-hercegovina\/item\/170894-novo-u-eu-crne-kutije-u-vozilima-otkrivat-ce-uzroke-nesreca-i-u-bih\/\"},\"author\":{\"name\":\"nedim\",\"@id\":\"https:\/\/tuzlainfo.ba\/#\/schema\/person\/f434e20dc27ea133923aab08451b7f7f\"},\"headline\":\"Novo u EU: &#8220;Crne kutije&#8221; u vozilima otkrivat \u0107e uzroke nesre\u0107a i u BiH\",\"datePublished\":\"2022-05-01T09:00:35+00:00\",\"dateModified\":\"2022-05-01T08:28:45+00:00\",\"mainEntityOfPage\":{\"@id\":\"https:\/\/tuzlainfo.ba\/index.php\/bosna-i-hercegovina\/item\/170894-novo-u-eu-crne-kutije-u-vozilima-otkrivat-ce-uzroke-nesreca-i-u-bih\/\"},\"wordCount\":275,\"commentCount\":0,\"publisher\":{\"@id\":\"https:\/\/tuzlainfo.ba\/#organization\"},\"image\":{\"@id\":\"https:\/\/tuzlainfo.ba\/index.php\/bosna-i-hercegovina\/item\/170894-novo-u-eu-crne-kutije-u-vozilima-otkrivat-ce-uzroke-nesreca-i-u-bih\/#primaryimage\"},\"thumbnailUrl\":\"https:\/\/tuzlainfo.ba\/wp-content\/uploads\/2022\/05\/0105_auto_navigacija.jpg\",\"keywords\":[\"EDR\",\"saobra\u0107aj\"],\"articleSection\":[\"Bosna i Hercegovina\",\"Magazin\"],\"inLanguage\":\"bs-BA\"},{\"@type\":\"WebPage\",\"@id\":\"https:\/\/tuzlainfo.ba\/index.php\/bosna-i-hercegovina\/item\/170894-novo-u-eu-crne-kutije-u-vozilima-otkrivat-ce-uzroke-nesreca-i-u-bih\/\",\"url\":\"https:\/\/tuzlainfo.ba\/index.php\/bosna-i-hercegovina\/item\/170894-novo-u-eu-crne-kutije-u-vozilima-otkrivat-ce-uzroke-nesreca-i-u-bih\/\",\"name\":\"Novo u EU: \\\"Crne kutije\\\" u vozilima otkrivat \u0107e uzroke nesre\u0107a i u BiH - TuzlaInfo.ba\",\"isPartOf\":{\"@id\":\"https:\/\/tuzlainfo.ba\/#website\"},\"primaryImageOfPage\":{\"@id\":\"https:\/\/tuzlainfo.ba\/index.php\/bosna-i-hercegovina\/item\/170894-novo-u-eu-crne-kutije-u-vozilima-otkrivat-ce-uzroke-nesreca-i-u-bih\/#primaryimage\"},\"image\":{\"@id\":\"https:\/\/tuzlainfo.ba\/index.php\/bosna-i-hercegovina\/item\/170894-novo-u-eu-crne-kutije-u-vozilima-otkrivat-ce-uzroke-nesreca-i-u-bih\/#primaryimage\"},\"thumbnailUrl\":\"https:\/\/tuzlainfo.ba\/wp-content\/uploads\/2022\/05\/0105_auto_navigacija.jpg\",\"datePublished\":\"2022-05-01T09:00:35+00:00\",\"dateModified\":\"2022-05-01T08:28:45+00:00\",\"breadcrumb\":{\"@id\":\"https:\/\/tuzlainfo.ba\/index.php\/bosna-i-hercegovina\/item\/170894-novo-u-eu-crne-kutije-u-vozilima-otkrivat-ce-uzroke-nesreca-i-u-bih\/#breadcrumb\"},\"inLanguage\":\"bs-BA\",\"potentialAction\":[{\"@type\":\"ReadAction\",\"target\":[\"https:\/\/tuzlainfo.ba\/index.php\/bosna-i-hercegovina\/item\/170894-novo-u-eu-crne-kutije-u-vozilima-otkrivat-ce-uzroke-nesreca-i-u-bih\/\"]}]},{\"@type\":\"ImageObject\",\"inLanguage\":\"bs-BA\",\"@id\":\"https:\/\/tuzlainfo.ba\/index.php\/bosna-i-hercegovina\/item\/170894-novo-u-eu-crne-kutije-u-vozilima-otkrivat-ce-uzroke-nesreca-i-u-bih\/#primaryimage\",\"url\":\"https:\/\/tuzlainfo.ba\/wp-content\/uploads\/2022\/05\/0105_auto_navigacija.jpg\",\"contentUrl\":\"https:\/\/tuzlainfo.ba\/wp-content\/uploads\/2022\/05\/0105_auto_navigacija.jpg\",\"width\":1021,\"height\":580,\"caption\":\"Foto: Tuzlainfo.ba\/Arhiva\"},{\"@type\":\"BreadcrumbList\",\"@id\":\"https:\/\/tuzlainfo.ba\/index.php\/bosna-i-hercegovina\/item\/170894-novo-u-eu-crne-kutije-u-vozilima-otkrivat-ce-uzroke-nesreca-i-u-bih\/#breadcrumb\",\"itemListElement\":[{\"@type\":\"ListItem\",\"position\":1,\"name\":\"Home\",\"item\":\"https:\/\/tuzlainfo.ba\/\"},{\"@type\":\"ListItem\",\"position\":2,\"name\":\"Novo u EU: &#8220;Crne kutije&#8221; u vozilima otkrivat \u0107e uzroke nesre\u0107a i u BiH\"}]},{\"@type\":\"WebSite\",\"@id\":\"https:\/\/tuzlainfo.ba\/#website\",\"url\":\"https:\/\/tuzlainfo.ba\/\",\"name\":\"TuzlaInfo.ba\",\"description\":\"Tuzla info, gradski informator - Tuzla na dlanu\",\"publisher\":{\"@id\":\"https:\/\/tuzlainfo.ba\/#organization\"},\"potentialAction\":[{\"@type\":\"SearchAction\",\"target\":{\"@type\":\"EntryPoint\",\"urlTemplate\":\"https:\/\/tuzlainfo.ba\/?s={search_term_string}\"},\"query-input\":{\"@type\":\"PropertyValueSpecification\",\"valueRequired\":true,\"valueName\":\"search_term_string\"}}],\"inLanguage\":\"bs-BA\"},{\"@type\":\"Organization\",\"@id\":\"https:\/\/tuzlainfo.ba\/#organization\",\"name\":\"TuzlaInfo.ba\",\"url\":\"https:\/\/tuzlainfo.ba\/\",\"logo\":{\"@type\":\"ImageObject\",\"inLanguage\":\"bs-BA\",\"@id\":\"https:\/\/tuzlainfo.ba\/#\/schema\/logo\/image\/\",\"url\":\"https:\/\/tuzlainfo.ba\/wp-content\/uploads\/2021\/03\/logo-ver-3-1.png\",\"contentUrl\":\"https:\/\/tuzlainfo.ba\/wp-content\/uploads\/2021\/03\/logo-ver-3-1.png\",\"width\":350,\"height\":95,\"caption\":\"TuzlaInfo.ba\"},\"image\":{\"@id\":\"https:\/\/tuzlainfo.ba\/#\/schema\/logo\/image\/\"},\"sameAs\":[\"https:\/\/www.facebook.com\/tuzlainfo.ba\/\"]},{\"@type\":\"Person\",\"@id\":\"https:\/\/tuzlainfo.ba\/#\/schema\/person\/f434e20dc27ea133923aab08451b7f7f\",\"name\":\"nedim\",\"image\":{\"@type\":\"ImageObject\",\"inLanguage\":\"bs-BA\",\"@id\":\"https:\/\/tuzlainfo.ba\/#\/schema\/person\/image\/\",\"url\":\"https:\/\/tuzlainfo.ba\/wp-content\/litespeed\/avatar\/aabad687af24844af817603ac1cbdc4f.jpg?ver=1776702173\",\"contentUrl\":\"https:\/\/tuzlainfo.ba\/wp-content\/litespeed\/avatar\/aabad687af24844af817603ac1cbdc4f.jpg?ver=1776702173\",\"caption\":\"nedim\"},\"description\":\"Tuzlainfo.ba pratite na dru\u0161tvenim mre\u017eama: Facebook, Instagram i Youtube. Svoje pri\u010de, upite i fotografije \u0161aljite na na\u0161u e-mail adresu.\"}]}<\/script>\n<!-- \/ Yoast SEO plugin. -->","yoast_head_json":{"title":"Novo u EU: \"Crne kutije\" u vozilima otkrivat \u0107e uzroke nesre\u0107a i u BiH - TuzlaInfo.ba","robots":{"index":"index","follow":"follow","max-snippet":"max-snippet:-1","max-image-preview":"max-image-preview:large","max-video-preview":"max-video-preview:-1"},"canonical":"https:\/\/tuzlainfo.ba\/index.php\/bosna-i-hercegovina\/item\/170894-novo-u-eu-crne-kutije-u-vozilima-otkrivat-ce-uzroke-nesreca-i-u-bih\/","og_locale":"bs_BA","og_type":"article","og_title":"Novo u EU: \"Crne kutije\" u vozilima otkrivat \u0107e uzroke nesre\u0107a i u BiH - TuzlaInfo.ba","og_description":"Novi automobili \u0107e u Europskoj uniji od sredine ove godine morati imati EDR ure\u0111aje, odnosno&hellip;","og_url":"https:\/\/tuzlainfo.ba\/index.php\/bosna-i-hercegovina\/item\/170894-novo-u-eu-crne-kutije-u-vozilima-otkrivat-ce-uzroke-nesreca-i-u-bih\/","og_site_name":"TuzlaInfo.ba","article_publisher":"https:\/\/www.facebook.com\/tuzlainfo.ba\/","article_published_time":"2022-05-01T09:00:35+00:00","article_modified_time":"2022-05-01T08:28:45+00:00","og_image":[{"width":1021,"height":580,"url":"https:\/\/tuzlainfo.ba\/wp-content\/uploads\/2022\/05\/0105_auto_navigacija.jpg","type":"image\/jpeg"}],"author":"nedim","twitter_card":"summary_large_image","twitter_misc":{"Written by":"nedim","Est. reading time":"1 minuta"},"schema":{"@context":"https:\/\/schema.org","@graph":[{"@type":"Article","@id":"https:\/\/tuzlainfo.ba\/index.php\/bosna-i-hercegovina\/item\/170894-novo-u-eu-crne-kutije-u-vozilima-otkrivat-ce-uzroke-nesreca-i-u-bih\/#article","isPartOf":{"@id":"https:\/\/tuzlainfo.ba\/index.php\/bosna-i-hercegovina\/item\/170894-novo-u-eu-crne-kutije-u-vozilima-otkrivat-ce-uzroke-nesreca-i-u-bih\/"},"author":{"name":"nedim","@id":"https:\/\/tuzlainfo.ba\/#\/schema\/person\/f434e20dc27ea133923aab08451b7f7f"},"headline":"Novo u EU: &#8220;Crne kutije&#8221; u vozilima otkrivat \u0107e uzroke nesre\u0107a i u BiH","datePublished":"2022-05-01T09:00:35+00:00","dateModified":"2022-05-01T08:28:45+00:00","mainEntityOfPage":{"@id":"https:\/\/tuzlainfo.ba\/index.php\/bosna-i-hercegovina\/item\/170894-novo-u-eu-crne-kutije-u-vozilima-otkrivat-ce-uzroke-nesreca-i-u-bih\/"},"wordCount":275,"commentCount":0,"publisher":{"@id":"https:\/\/tuzlainfo.ba\/#organization"},"image":{"@id":"https:\/\/tuzlainfo.ba\/index.php\/bosna-i-hercegovina\/item\/170894-novo-u-eu-crne-kutije-u-vozilima-otkrivat-ce-uzroke-nesreca-i-u-bih\/#primaryimage"},"thumbnailUrl":"https:\/\/tuzlainfo.ba\/wp-content\/uploads\/2022\/05\/0105_auto_navigacija.jpg","keywords":["EDR","saobra\u0107aj"],"articleSection":["Bosna i Hercegovina","Magazin"],"inLanguage":"bs-BA"},{"@type":"WebPage","@id":"https:\/\/tuzlainfo.ba\/index.php\/bosna-i-hercegovina\/item\/170894-novo-u-eu-crne-kutije-u-vozilima-otkrivat-ce-uzroke-nesreca-i-u-bih\/","url":"https:\/\/tuzlainfo.ba\/index.php\/bosna-i-hercegovina\/item\/170894-novo-u-eu-crne-kutije-u-vozilima-otkrivat-ce-uzroke-nesreca-i-u-bih\/","name":"Novo u EU: \"Crne kutije\" u vozilima otkrivat \u0107e uzroke nesre\u0107a i u BiH - TuzlaInfo.ba","isPartOf":{"@id":"https:\/\/tuzlainfo.ba\/#website"},"primaryImageOfPage":{"@id":"https:\/\/tuzlainfo.ba\/index.php\/bosna-i-hercegovina\/item\/170894-novo-u-eu-crne-kutije-u-vozilima-otkrivat-ce-uzroke-nesreca-i-u-bih\/#primaryimage"},"image":{"@id":"https:\/\/tuzlainfo.ba\/index.php\/bosna-i-hercegovina\/item\/170894-novo-u-eu-crne-kutije-u-vozilima-otkrivat-ce-uzroke-nesreca-i-u-bih\/#primaryimage"},"thumbnailUrl":"https:\/\/tuzlainfo.ba\/wp-content\/uploads\/2022\/05\/0105_auto_navigacija.jpg","datePublished":"2022-05-01T09:00:35+00:00","dateModified":"2022-05-01T08:28:45+00:00","breadcrumb":{"@id":"https:\/\/tuzlainfo.ba\/index.php\/bosna-i-hercegovina\/item\/170894-novo-u-eu-crne-kutije-u-vozilima-otkrivat-ce-uzroke-nesreca-i-u-bih\/#breadcrumb"},"inLanguage":"bs-BA","potentialAction":[{"@type":"ReadAction","target":["https:\/\/tuzlainfo.ba\/index.php\/bosna-i-hercegovina\/item\/170894-novo-u-eu-crne-kutije-u-vozilima-otkrivat-ce-uzroke-nesreca-i-u-bih\/"]}]},{"@type":"ImageObject","inLanguage":"bs-BA","@id":"https:\/\/tuzlainfo.ba\/index.php\/bosna-i-hercegovina\/item\/170894-novo-u-eu-crne-kutije-u-vozilima-otkrivat-ce-uzroke-nesreca-i-u-bih\/#primaryimage","url":"https:\/\/tuzlainfo.ba\/wp-content\/uploads\/2022\/05\/0105_auto_navigacija.jpg","contentUrl":"https:\/\/tuzlainfo.ba\/wp-content\/uploads\/2022\/05\/0105_auto_navigacija.jpg","width":1021,"height":580,"caption":"Foto: Tuzlainfo.ba\/Arhiva"},{"@type":"BreadcrumbList","@id":"https:\/\/tuzlainfo.ba\/index.php\/bosna-i-hercegovina\/item\/170894-novo-u-eu-crne-kutije-u-vozilima-otkrivat-ce-uzroke-nesreca-i-u-bih\/#breadcrumb","itemListElement":[{"@type":"ListItem","position":1,"name":"Home","item":"https:\/\/tuzlainfo.ba\/"},{"@type":"ListItem","position":2,"name":"Novo u EU: &#8220;Crne kutije&#8221; u vozilima otkrivat \u0107e uzroke nesre\u0107a i u BiH"}]},{"@type":"WebSite","@id":"https:\/\/tuzlainfo.ba\/#website","url":"https:\/\/tuzlainfo.ba\/","name":"TuzlaInfo.ba","description":"Tuzla info, gradski informator - Tuzla na dlanu","publisher":{"@id":"https:\/\/tuzlainfo.ba\/#organization"},"potentialAction":[{"@type":"SearchAction","target":{"@type":"EntryPoint","urlTemplate":"https:\/\/tuzlainfo.ba\/?s={search_term_string}"},"query-input":{"@type":"PropertyValueSpecification","valueRequired":true,"valueName":"search_term_string"}}],"inLanguage":"bs-BA"},{"@type":"Organization","@id":"https:\/\/tuzlainfo.ba\/#organization","name":"TuzlaInfo.ba","url":"https:\/\/tuzlainfo.ba\/","logo":{"@type":"ImageObject","inLanguage":"bs-BA","@id":"https:\/\/tuzlainfo.ba\/#\/schema\/logo\/image\/","url":"https:\/\/tuzlainfo.ba\/wp-content\/uploads\/2021\/03\/logo-ver-3-1.png","contentUrl":"https:\/\/tuzlainfo.ba\/wp-content\/uploads\/2021\/03\/logo-ver-3-1.png","width":350,"height":95,"caption":"TuzlaInfo.ba"},"image":{"@id":"https:\/\/tuzlainfo.ba\/#\/schema\/logo\/image\/"},"sameAs":["https:\/\/www.facebook.com\/tuzlainfo.ba\/"]},{"@type":"Person","@id":"https:\/\/tuzlainfo.ba\/#\/schema\/person\/f434e20dc27ea133923aab08451b7f7f","name":"nedim","image":{"@type":"ImageObject","inLanguage":"bs-BA","@id":"https:\/\/tuzlainfo.ba\/#\/schema\/person\/image\/","url":"https:\/\/tuzlainfo.ba\/wp-content\/litespeed\/avatar\/aabad687af24844af817603ac1cbdc4f.jpg?ver=1776702173","contentUrl":"https:\/\/tuzlainfo.ba\/wp-content\/litespeed\/avatar\/aabad687af24844af817603ac1cbdc4f.jpg?ver=1776702173","caption":"nedim"},"description":"Tuzlainfo.ba pratite na dru\u0161tvenim mre\u017eama: Facebook, Instagram i Youtube. Svoje pri\u010de, upite i fotografije \u0161aljite na na\u0161u e-mail adresu."}]}},"_links":{"self":[{"href":"https:\/\/tuzlainfo.ba\/index.php\/wp-json\/wp\/v2\/posts\/170894"}],"collection":[{"href":"https:\/\/tuzlainfo.ba\/index.php\/wp-json\/wp\/v2\/posts"}],"about":[{"href":"https:\/\/tuzlainfo.ba\/index.php\/wp-json\/wp\/v2\/types\/post"}],"author":[{"embeddable":true,"href":"https:\/\/tuzlainfo.ba\/index.php\/wp-json\/wp\/v2\/users\/2"}],"replies":[{"embeddable":true,"href":"https:\/\/tuzlainfo.ba\/index.php\/wp-json\/wp\/v2\/comments?post=170894"}],"version-history":[{"count":0,"href":"https:\/\/tuzlainfo.ba\/index.php\/wp-json\/wp\/v2\/posts\/170894\/revisions"}],"wp:featuredmedia":[{"embeddable":true,"href":"https:\/\/tuzlainfo.ba\/index.php\/wp-json\/wp\/v2\/media\/170895"}],"wp:attachment":[{"href":"https:\/\/tuzlainfo.ba\/index.php\/wp-json\/wp\/v2\/media?parent=170894"}],"wp:term":[{"taxonomy":"category","embeddable":true,"href":"https:\/\/tuzlainfo.ba\/index.php\/wp-json\/wp\/v2\/categories?post=170894"},{"taxonomy":"post_tag","embeddable":true,"href":"https:\/\/tuzlainfo.ba\/index.php\/wp-json\/wp\/v2\/tags?post=170894"}],"curies":[{"name":"wp","href":"https:\/\/api.w.org\/{rel}","templated":true}]}}