{"id":170849,"date":"2022-04-30T17:05:27","date_gmt":"2022-04-30T15:05:27","guid":{"rendered":"https:\/\/tuzlainfo.ba\/?p=170849"},"modified":"2022-04-30T17:05:27","modified_gmt":"2022-04-30T15:05:27","slug":"franjevci-bosne-srebrene-porucili-cjelovita-i-europska-bih-je-najbolji-zivotni-okvir-za-sve-nas","status":"publish","type":"post","link":"https:\/\/tuzlainfo.ba\/index.php\/bosna-i-hercegovina\/item\/170849-franjevci-bosne-srebrene-porucili-cjelovita-i-europska-bih-je-najbolji-zivotni-okvir-za-sve-nas\/","title":{"rendered":"Franjevci Bosne Srebrene poru\u010dili: Cjelovita i europska BiH je najbolji \u017eivotni okvir za sve nas"},"content":{"rendered":"<p>Franjevci Bosne Srebrene oglasili su se saop\u0107enjem.\u00a0Povod za njihovo ogla\u0161avanje je aktuelna situacija u Bosni i Hercegovini, a njihovo saop\u0107enje prenosimo u cijelosti:<\/p>\n<p>&#8220;Nakon zavr\u0161etka Kapitula Franjeva\u010dke provincije sv. Kri\u017ea &#8211; Bosne Srebrene, koji je proslavljen\u00a0u samostanu sv. Pavla u Sarajevu od 25. do 30. travnja 2022. franjevci Bosne Srebrene su dali sljede\u0107u izjavu za javnost:<\/p>\n<p>&#8211; Povijesni trenutak u kojem \u017eivimo obilje\u017een je dubokom politi\u010dkom, gospodarskom, dru\u0161tvenom, kulturnom i moralno-eti\u010dkom krizom. Na politi\u010dkom planu na\u0161a domovina Bosna i Hercegovina jo\u0161 je uvijek rastrgana izme\u0111u separatizma i unitarizma, a najva\u017enije sfere javnog \u017eivota i dalje su ugro\u017eene korupcijom, nepotizmom i strana\u010dkom podobno\u0161\u0107u. Svim ovim trajnim pote\u0161ko\u0107ama pridru\u017eile su se i te\u0161ke posljedice pandemije koronavirusa.<\/p>\n<p>Sve ovo &#8211;\u00a0politi\u010dka nestabilnost, te\u0161ko gospodarsko stanje, lo\u0161a klima u dru\u0161tvu i vojni sukob u Europi &#8211;\u00a0optere\u0107uje \u017eivot obi\u010dnog \u010dovjeka, a posebno poga\u0111a mlade ljude \u010dime se ubrzava ve\u0107 dugogodi\u0161nji egzodus mladih obitelji jer ne mogu sebi osigurati dostojnu egzistenciju u vlastitom zavi\u010daju.<\/p>\n<p>Vjerni svojoj vi\u0161estoljetnoj misiji, mi franjevci Bosne Srebrene i dalje ostajemo uz svoj narod i na svojim ognji\u0161tima, poku\u0161avaju\u0107i u\u010diniti onoliko koliko je u na\u0161oj mo\u0107i kako bi se ubla\u017eile neprilike s kojima se suo\u010davaju na\u0161i vjernici, osobito oni koje je dru\u0161tvo marginaliziralo.<\/p>\n<p>Vjerujemo kako je cjelovita i europska Bosna i Hercegovina, u kojoj \u0107e se osigurati individualna, nacionalna i vjerska prava i slobode svih koji u njoj \u017eive, najbolji \u017eivotni okvir za sve nas. Izgradnji takve Bosne i Hercegovine, vjerni svom povijesnom naslije\u0111u, \u017eelimo i mi sa svoje strane pridonositi prema svojim mogu\u0107nostima, \u010dime ispunjavamo svoju osnovnu zada\u0107u &#8211;\u00a0slu\u017eiti u evan\u0111eoskom i franjeva\u010dkom duhu hrvatskom katoli\u010dkom narodu kao i svakom \u010dovjeku bez obzira na njegovu vjersku i nacionalnu pripadnost kao \u0161to smo to i radili preko sedam stolje\u0107a u ovoj zemlji.<\/p>\n<p>U tome kontekstu pozivamo sve narode u Bosni i Hercegovini kao i svakoga \u010dovjeka da zajedni\u010dki izgra\u0111ujemo ovu dr\u017eavu bez nametanja bilo kakvih rje\u0161enja sa strane koja samo pridonose daljnjim podjelama. Pri tome posebno pozivamo sve politi\u010dke aktere u na\u0161oj domovini da ostave partikularne interese i razmirice postrani i da se kona\u010dno posvete izgradnji op\u0107eg dobra, da izbjegavaju bilo kakvu neprimjerenu retoriku koja bi mogla povrijediti bilo kojeg \u010dovjeka. Bosna i Hercegovina je na\u0161a zajedni\u010dka ku\u0107a u kojoj se svaki \u010dovjek &#8211; ma kojem on narodu i svjetonazoru pripadao &#8211; mora osje\u0107ati sigurno i za\u0161ti\u0107eno u svim svojim pravima i slobodama.<\/p>\n<p>U tom duhu svim stanovnicima na\u0161e domovine Bosne i Hercegovine \u017eelimo: Mir i dobro!&#8221;, stoji u saop\u0107enju.<\/p>\n","protected":false},"excerpt":{"rendered":"<p>Franjevci Bosne Srebrene oglasili su se saop\u0107enjem.\u00a0Povod za njihovo ogla\u0161avanje je aktuelna situacija u Bosni&hellip;<\/p>\n","protected":false},"author":2,"featured_media":170850,"comment_status":"open","ping_status":"closed","sticky":false,"template":"","format":"standard","meta":{"_acf_changed":false,"footnotes":""},"categories":[291],"tags":[4657],"acf":[],"yoast_head":"<!-- This site is optimized with the Yoast SEO plugin v23.5 - https:\/\/yoast.com\/wordpress\/plugins\/seo\/ -->\n<title>Franjevci Bosne Srebrene poru\u010dili: Cjelovita i europska BiH je najbolji \u017eivotni okvir za sve nas - TuzlaInfo.ba<\/title>\n<meta name=\"robots\" content=\"index, follow, max-snippet:-1, max-image-preview:large, max-video-preview:-1\" \/>\n<link rel=\"canonical\" href=\"https:\/\/tuzlainfo.ba\/index.php\/bosna-i-hercegovina\/item\/170849-franjevci-bosne-srebrene-porucili-cjelovita-i-europska-bih-je-najbolji-zivotni-okvir-za-sve-nas\/\" \/>\n<meta property=\"og:locale\" content=\"bs_BA\" \/>\n<meta property=\"og:type\" content=\"article\" \/>\n<meta property=\"og:title\" content=\"Franjevci Bosne Srebrene poru\u010dili: Cjelovita i europska BiH je najbolji \u017eivotni okvir za sve nas - TuzlaInfo.ba\" \/>\n<meta property=\"og:description\" content=\"Franjevci Bosne Srebrene oglasili su se saop\u0107enjem.\u00a0Povod za njihovo ogla\u0161avanje je aktuelna situacija u Bosni&hellip;\" \/>\n<meta property=\"og:url\" content=\"https:\/\/tuzlainfo.ba\/index.php\/bosna-i-hercegovina\/item\/170849-franjevci-bosne-srebrene-porucili-cjelovita-i-europska-bih-je-najbolji-zivotni-okvir-za-sve-nas\/\" \/>\n<meta property=\"og:site_name\" content=\"TuzlaInfo.ba\" \/>\n<meta property=\"article:publisher\" content=\"https:\/\/www.facebook.com\/tuzlainfo.ba\/\" \/>\n<meta property=\"article:published_time\" content=\"2022-04-30T15:05:27+00:00\" \/>\n<meta property=\"og:image\" content=\"https:\/\/tuzlainfo.ba\/wp-content\/uploads\/2022\/04\/3004_franjevci.jpg\" \/>\n\t<meta property=\"og:image:width\" content=\"1327\" \/>\n\t<meta property=\"og:image:height\" content=\"768\" \/>\n\t<meta property=\"og:image:type\" content=\"image\/jpeg\" \/>\n<meta name=\"author\" content=\"nedim\" \/>\n<meta name=\"twitter:card\" content=\"summary_large_image\" \/>\n<meta name=\"twitter:label1\" content=\"Written by\" \/>\n\t<meta name=\"twitter:data1\" content=\"nedim\" \/>\n\t<meta name=\"twitter:label2\" content=\"Est. reading time\" \/>\n\t<meta name=\"twitter:data2\" content=\"2 minute\" \/>\n<script type=\"application\/ld+json\" class=\"yoast-schema-graph\">{\"@context\":\"https:\/\/schema.org\",\"@graph\":[{\"@type\":\"Article\",\"@id\":\"https:\/\/tuzlainfo.ba\/index.php\/bosna-i-hercegovina\/item\/170849-franjevci-bosne-srebrene-porucili-cjelovita-i-europska-bih-je-najbolji-zivotni-okvir-za-sve-nas\/#article\",\"isPartOf\":{\"@id\":\"https:\/\/tuzlainfo.ba\/index.php\/bosna-i-hercegovina\/item\/170849-franjevci-bosne-srebrene-porucili-cjelovita-i-europska-bih-je-najbolji-zivotni-okvir-za-sve-nas\/\"},\"author\":{\"name\":\"nedim\",\"@id\":\"https:\/\/tuzlainfo.ba\/#\/schema\/person\/f434e20dc27ea133923aab08451b7f7f\"},\"headline\":\"Franjevci Bosne Srebrene poru\u010dili: Cjelovita i europska BiH je najbolji \u017eivotni okvir za sve nas\",\"datePublished\":\"2022-04-30T15:05:27+00:00\",\"dateModified\":\"2022-04-30T15:05:27+00:00\",\"mainEntityOfPage\":{\"@id\":\"https:\/\/tuzlainfo.ba\/index.php\/bosna-i-hercegovina\/item\/170849-franjevci-bosne-srebrene-porucili-cjelovita-i-europska-bih-je-najbolji-zivotni-okvir-za-sve-nas\/\"},\"wordCount\":491,\"commentCount\":0,\"publisher\":{\"@id\":\"https:\/\/tuzlainfo.ba\/#organization\"},\"image\":{\"@id\":\"https:\/\/tuzlainfo.ba\/index.php\/bosna-i-hercegovina\/item\/170849-franjevci-bosne-srebrene-porucili-cjelovita-i-europska-bih-je-najbolji-zivotni-okvir-za-sve-nas\/#primaryimage\"},\"thumbnailUrl\":\"https:\/\/tuzlainfo.ba\/wp-content\/uploads\/2022\/04\/3004_franjevci.jpg\",\"keywords\":[\"franjevci\"],\"articleSection\":[\"Bosna i Hercegovina\"],\"inLanguage\":\"bs-BA\"},{\"@type\":\"WebPage\",\"@id\":\"https:\/\/tuzlainfo.ba\/index.php\/bosna-i-hercegovina\/item\/170849-franjevci-bosne-srebrene-porucili-cjelovita-i-europska-bih-je-najbolji-zivotni-okvir-za-sve-nas\/\",\"url\":\"https:\/\/tuzlainfo.ba\/index.php\/bosna-i-hercegovina\/item\/170849-franjevci-bosne-srebrene-porucili-cjelovita-i-europska-bih-je-najbolji-zivotni-okvir-za-sve-nas\/\",\"name\":\"Franjevci Bosne Srebrene poru\u010dili: Cjelovita i europska BiH je najbolji \u017eivotni okvir za sve nas - TuzlaInfo.ba\",\"isPartOf\":{\"@id\":\"https:\/\/tuzlainfo.ba\/#website\"},\"primaryImageOfPage\":{\"@id\":\"https:\/\/tuzlainfo.ba\/index.php\/bosna-i-hercegovina\/item\/170849-franjevci-bosne-srebrene-porucili-cjelovita-i-europska-bih-je-najbolji-zivotni-okvir-za-sve-nas\/#primaryimage\"},\"image\":{\"@id\":\"https:\/\/tuzlainfo.ba\/index.php\/bosna-i-hercegovina\/item\/170849-franjevci-bosne-srebrene-porucili-cjelovita-i-europska-bih-je-najbolji-zivotni-okvir-za-sve-nas\/#primaryimage\"},\"thumbnailUrl\":\"https:\/\/tuzlainfo.ba\/wp-content\/uploads\/2022\/04\/3004_franjevci.jpg\",\"datePublished\":\"2022-04-30T15:05:27+00:00\",\"dateModified\":\"2022-04-30T15:05:27+00:00\",\"breadcrumb\":{\"@id\":\"https:\/\/tuzlainfo.ba\/index.php\/bosna-i-hercegovina\/item\/170849-franjevci-bosne-srebrene-porucili-cjelovita-i-europska-bih-je-najbolji-zivotni-okvir-za-sve-nas\/#breadcrumb\"},\"inLanguage\":\"bs-BA\",\"potentialAction\":[{\"@type\":\"ReadAction\",\"target\":[\"https:\/\/tuzlainfo.ba\/index.php\/bosna-i-hercegovina\/item\/170849-franjevci-bosne-srebrene-porucili-cjelovita-i-europska-bih-je-najbolji-zivotni-okvir-za-sve-nas\/\"]}]},{\"@type\":\"ImageObject\",\"inLanguage\":\"bs-BA\",\"@id\":\"https:\/\/tuzlainfo.ba\/index.php\/bosna-i-hercegovina\/item\/170849-franjevci-bosne-srebrene-porucili-cjelovita-i-europska-bih-je-najbolji-zivotni-okvir-za-sve-nas\/#primaryimage\",\"url\":\"https:\/\/tuzlainfo.ba\/wp-content\/uploads\/2022\/04\/3004_franjevci.jpg\",\"contentUrl\":\"https:\/\/tuzlainfo.ba\/wp-content\/uploads\/2022\/04\/3004_franjevci.jpg\",\"width\":1327,\"height\":768},{\"@type\":\"BreadcrumbList\",\"@id\":\"https:\/\/tuzlainfo.ba\/index.php\/bosna-i-hercegovina\/item\/170849-franjevci-bosne-srebrene-porucili-cjelovita-i-europska-bih-je-najbolji-zivotni-okvir-za-sve-nas\/#breadcrumb\",\"itemListElement\":[{\"@type\":\"ListItem\",\"position\":1,\"name\":\"Home\",\"item\":\"https:\/\/tuzlainfo.ba\/\"},{\"@type\":\"ListItem\",\"position\":2,\"name\":\"Franjevci Bosne Srebrene poru\u010dili: Cjelovita i europska BiH je najbolji \u017eivotni okvir za sve nas\"}]},{\"@type\":\"WebSite\",\"@id\":\"https:\/\/tuzlainfo.ba\/#website\",\"url\":\"https:\/\/tuzlainfo.ba\/\",\"name\":\"TuzlaInfo.ba\",\"description\":\"Tuzla info, gradski informator - Tuzla na dlanu\",\"publisher\":{\"@id\":\"https:\/\/tuzlainfo.ba\/#organization\"},\"potentialAction\":[{\"@type\":\"SearchAction\",\"target\":{\"@type\":\"EntryPoint\",\"urlTemplate\":\"https:\/\/tuzlainfo.ba\/?s={search_term_string}\"},\"query-input\":{\"@type\":\"PropertyValueSpecification\",\"valueRequired\":true,\"valueName\":\"search_term_string\"}}],\"inLanguage\":\"bs-BA\"},{\"@type\":\"Organization\",\"@id\":\"https:\/\/tuzlainfo.ba\/#organization\",\"name\":\"TuzlaInfo.ba\",\"url\":\"https:\/\/tuzlainfo.ba\/\",\"logo\":{\"@type\":\"ImageObject\",\"inLanguage\":\"bs-BA\",\"@id\":\"https:\/\/tuzlainfo.ba\/#\/schema\/logo\/image\/\",\"url\":\"https:\/\/tuzlainfo.ba\/wp-content\/uploads\/2021\/03\/logo-ver-3-1.png\",\"contentUrl\":\"https:\/\/tuzlainfo.ba\/wp-content\/uploads\/2021\/03\/logo-ver-3-1.png\",\"width\":350,\"height\":95,\"caption\":\"TuzlaInfo.ba\"},\"image\":{\"@id\":\"https:\/\/tuzlainfo.ba\/#\/schema\/logo\/image\/\"},\"sameAs\":[\"https:\/\/www.facebook.com\/tuzlainfo.ba\/\"]},{\"@type\":\"Person\",\"@id\":\"https:\/\/tuzlainfo.ba\/#\/schema\/person\/f434e20dc27ea133923aab08451b7f7f\",\"name\":\"nedim\",\"image\":{\"@type\":\"ImageObject\",\"inLanguage\":\"bs-BA\",\"@id\":\"https:\/\/tuzlainfo.ba\/#\/schema\/person\/image\/\",\"url\":\"https:\/\/tuzlainfo.ba\/wp-content\/litespeed\/avatar\/aabad687af24844af817603ac1cbdc4f.jpg?ver=1776702173\",\"contentUrl\":\"https:\/\/tuzlainfo.ba\/wp-content\/litespeed\/avatar\/aabad687af24844af817603ac1cbdc4f.jpg?ver=1776702173\",\"caption\":\"nedim\"},\"description\":\"Tuzlainfo.ba pratite na dru\u0161tvenim mre\u017eama: Facebook, Instagram i Youtube. Svoje pri\u010de, upite i fotografije \u0161aljite na na\u0161u e-mail adresu.\"}]}<\/script>\n<!-- \/ Yoast SEO plugin. -->","yoast_head_json":{"title":"Franjevci Bosne Srebrene poru\u010dili: Cjelovita i europska BiH je najbolji \u017eivotni okvir za sve nas - TuzlaInfo.ba","robots":{"index":"index","follow":"follow","max-snippet":"max-snippet:-1","max-image-preview":"max-image-preview:large","max-video-preview":"max-video-preview:-1"},"canonical":"https:\/\/tuzlainfo.ba\/index.php\/bosna-i-hercegovina\/item\/170849-franjevci-bosne-srebrene-porucili-cjelovita-i-europska-bih-je-najbolji-zivotni-okvir-za-sve-nas\/","og_locale":"bs_BA","og_type":"article","og_title":"Franjevci Bosne Srebrene poru\u010dili: Cjelovita i europska BiH je najbolji \u017eivotni okvir za sve nas - TuzlaInfo.ba","og_description":"Franjevci Bosne Srebrene oglasili su se saop\u0107enjem.\u00a0Povod za njihovo ogla\u0161avanje je aktuelna situacija u Bosni&hellip;","og_url":"https:\/\/tuzlainfo.ba\/index.php\/bosna-i-hercegovina\/item\/170849-franjevci-bosne-srebrene-porucili-cjelovita-i-europska-bih-je-najbolji-zivotni-okvir-za-sve-nas\/","og_site_name":"TuzlaInfo.ba","article_publisher":"https:\/\/www.facebook.com\/tuzlainfo.ba\/","article_published_time":"2022-04-30T15:05:27+00:00","og_image":[{"width":1327,"height":768,"url":"https:\/\/tuzlainfo.ba\/wp-content\/uploads\/2022\/04\/3004_franjevci.jpg","type":"image\/jpeg"}],"author":"nedim","twitter_card":"summary_large_image","twitter_misc":{"Written by":"nedim","Est. reading time":"2 minute"},"schema":{"@context":"https:\/\/schema.org","@graph":[{"@type":"Article","@id":"https:\/\/tuzlainfo.ba\/index.php\/bosna-i-hercegovina\/item\/170849-franjevci-bosne-srebrene-porucili-cjelovita-i-europska-bih-je-najbolji-zivotni-okvir-za-sve-nas\/#article","isPartOf":{"@id":"https:\/\/tuzlainfo.ba\/index.php\/bosna-i-hercegovina\/item\/170849-franjevci-bosne-srebrene-porucili-cjelovita-i-europska-bih-je-najbolji-zivotni-okvir-za-sve-nas\/"},"author":{"name":"nedim","@id":"https:\/\/tuzlainfo.ba\/#\/schema\/person\/f434e20dc27ea133923aab08451b7f7f"},"headline":"Franjevci Bosne Srebrene poru\u010dili: Cjelovita i europska BiH je najbolji \u017eivotni okvir za sve nas","datePublished":"2022-04-30T15:05:27+00:00","dateModified":"2022-04-30T15:05:27+00:00","mainEntityOfPage":{"@id":"https:\/\/tuzlainfo.ba\/index.php\/bosna-i-hercegovina\/item\/170849-franjevci-bosne-srebrene-porucili-cjelovita-i-europska-bih-je-najbolji-zivotni-okvir-za-sve-nas\/"},"wordCount":491,"commentCount":0,"publisher":{"@id":"https:\/\/tuzlainfo.ba\/#organization"},"image":{"@id":"https:\/\/tuzlainfo.ba\/index.php\/bosna-i-hercegovina\/item\/170849-franjevci-bosne-srebrene-porucili-cjelovita-i-europska-bih-je-najbolji-zivotni-okvir-za-sve-nas\/#primaryimage"},"thumbnailUrl":"https:\/\/tuzlainfo.ba\/wp-content\/uploads\/2022\/04\/3004_franjevci.jpg","keywords":["franjevci"],"articleSection":["Bosna i Hercegovina"],"inLanguage":"bs-BA"},{"@type":"WebPage","@id":"https:\/\/tuzlainfo.ba\/index.php\/bosna-i-hercegovina\/item\/170849-franjevci-bosne-srebrene-porucili-cjelovita-i-europska-bih-je-najbolji-zivotni-okvir-za-sve-nas\/","url":"https:\/\/tuzlainfo.ba\/index.php\/bosna-i-hercegovina\/item\/170849-franjevci-bosne-srebrene-porucili-cjelovita-i-europska-bih-je-najbolji-zivotni-okvir-za-sve-nas\/","name":"Franjevci Bosne Srebrene poru\u010dili: Cjelovita i europska BiH je najbolji \u017eivotni okvir za sve nas - TuzlaInfo.ba","isPartOf":{"@id":"https:\/\/tuzlainfo.ba\/#website"},"primaryImageOfPage":{"@id":"https:\/\/tuzlainfo.ba\/index.php\/bosna-i-hercegovina\/item\/170849-franjevci-bosne-srebrene-porucili-cjelovita-i-europska-bih-je-najbolji-zivotni-okvir-za-sve-nas\/#primaryimage"},"image":{"@id":"https:\/\/tuzlainfo.ba\/index.php\/bosna-i-hercegovina\/item\/170849-franjevci-bosne-srebrene-porucili-cjelovita-i-europska-bih-je-najbolji-zivotni-okvir-za-sve-nas\/#primaryimage"},"thumbnailUrl":"https:\/\/tuzlainfo.ba\/wp-content\/uploads\/2022\/04\/3004_franjevci.jpg","datePublished":"2022-04-30T15:05:27+00:00","dateModified":"2022-04-30T15:05:27+00:00","breadcrumb":{"@id":"https:\/\/tuzlainfo.ba\/index.php\/bosna-i-hercegovina\/item\/170849-franjevci-bosne-srebrene-porucili-cjelovita-i-europska-bih-je-najbolji-zivotni-okvir-za-sve-nas\/#breadcrumb"},"inLanguage":"bs-BA","potentialAction":[{"@type":"ReadAction","target":["https:\/\/tuzlainfo.ba\/index.php\/bosna-i-hercegovina\/item\/170849-franjevci-bosne-srebrene-porucili-cjelovita-i-europska-bih-je-najbolji-zivotni-okvir-za-sve-nas\/"]}]},{"@type":"ImageObject","inLanguage":"bs-BA","@id":"https:\/\/tuzlainfo.ba\/index.php\/bosna-i-hercegovina\/item\/170849-franjevci-bosne-srebrene-porucili-cjelovita-i-europska-bih-je-najbolji-zivotni-okvir-za-sve-nas\/#primaryimage","url":"https:\/\/tuzlainfo.ba\/wp-content\/uploads\/2022\/04\/3004_franjevci.jpg","contentUrl":"https:\/\/tuzlainfo.ba\/wp-content\/uploads\/2022\/04\/3004_franjevci.jpg","width":1327,"height":768},{"@type":"BreadcrumbList","@id":"https:\/\/tuzlainfo.ba\/index.php\/bosna-i-hercegovina\/item\/170849-franjevci-bosne-srebrene-porucili-cjelovita-i-europska-bih-je-najbolji-zivotni-okvir-za-sve-nas\/#breadcrumb","itemListElement":[{"@type":"ListItem","position":1,"name":"Home","item":"https:\/\/tuzlainfo.ba\/"},{"@type":"ListItem","position":2,"name":"Franjevci Bosne Srebrene poru\u010dili: Cjelovita i europska BiH je najbolji \u017eivotni okvir za sve nas"}]},{"@type":"WebSite","@id":"https:\/\/tuzlainfo.ba\/#website","url":"https:\/\/tuzlainfo.ba\/","name":"TuzlaInfo.ba","description":"Tuzla info, gradski informator - Tuzla na dlanu","publisher":{"@id":"https:\/\/tuzlainfo.ba\/#organization"},"potentialAction":[{"@type":"SearchAction","target":{"@type":"EntryPoint","urlTemplate":"https:\/\/tuzlainfo.ba\/?s={search_term_string}"},"query-input":{"@type":"PropertyValueSpecification","valueRequired":true,"valueName":"search_term_string"}}],"inLanguage":"bs-BA"},{"@type":"Organization","@id":"https:\/\/tuzlainfo.ba\/#organization","name":"TuzlaInfo.ba","url":"https:\/\/tuzlainfo.ba\/","logo":{"@type":"ImageObject","inLanguage":"bs-BA","@id":"https:\/\/tuzlainfo.ba\/#\/schema\/logo\/image\/","url":"https:\/\/tuzlainfo.ba\/wp-content\/uploads\/2021\/03\/logo-ver-3-1.png","contentUrl":"https:\/\/tuzlainfo.ba\/wp-content\/uploads\/2021\/03\/logo-ver-3-1.png","width":350,"height":95,"caption":"TuzlaInfo.ba"},"image":{"@id":"https:\/\/tuzlainfo.ba\/#\/schema\/logo\/image\/"},"sameAs":["https:\/\/www.facebook.com\/tuzlainfo.ba\/"]},{"@type":"Person","@id":"https:\/\/tuzlainfo.ba\/#\/schema\/person\/f434e20dc27ea133923aab08451b7f7f","name":"nedim","image":{"@type":"ImageObject","inLanguage":"bs-BA","@id":"https:\/\/tuzlainfo.ba\/#\/schema\/person\/image\/","url":"https:\/\/tuzlainfo.ba\/wp-content\/litespeed\/avatar\/aabad687af24844af817603ac1cbdc4f.jpg?ver=1776702173","contentUrl":"https:\/\/tuzlainfo.ba\/wp-content\/litespeed\/avatar\/aabad687af24844af817603ac1cbdc4f.jpg?ver=1776702173","caption":"nedim"},"description":"Tuzlainfo.ba pratite na dru\u0161tvenim mre\u017eama: Facebook, Instagram i Youtube. Svoje pri\u010de, upite i fotografije \u0161aljite na na\u0161u e-mail adresu."}]}},"_links":{"self":[{"href":"https:\/\/tuzlainfo.ba\/index.php\/wp-json\/wp\/v2\/posts\/170849"}],"collection":[{"href":"https:\/\/tuzlainfo.ba\/index.php\/wp-json\/wp\/v2\/posts"}],"about":[{"href":"https:\/\/tuzlainfo.ba\/index.php\/wp-json\/wp\/v2\/types\/post"}],"author":[{"embeddable":true,"href":"https:\/\/tuzlainfo.ba\/index.php\/wp-json\/wp\/v2\/users\/2"}],"replies":[{"embeddable":true,"href":"https:\/\/tuzlainfo.ba\/index.php\/wp-json\/wp\/v2\/comments?post=170849"}],"version-history":[{"count":0,"href":"https:\/\/tuzlainfo.ba\/index.php\/wp-json\/wp\/v2\/posts\/170849\/revisions"}],"wp:featuredmedia":[{"embeddable":true,"href":"https:\/\/tuzlainfo.ba\/index.php\/wp-json\/wp\/v2\/media\/170850"}],"wp:attachment":[{"href":"https:\/\/tuzlainfo.ba\/index.php\/wp-json\/wp\/v2\/media?parent=170849"}],"wp:term":[{"taxonomy":"category","embeddable":true,"href":"https:\/\/tuzlainfo.ba\/index.php\/wp-json\/wp\/v2\/categories?post=170849"},{"taxonomy":"post_tag","embeddable":true,"href":"https:\/\/tuzlainfo.ba\/index.php\/wp-json\/wp\/v2\/tags?post=170849"}],"curies":[{"name":"wp","href":"https:\/\/api.w.org\/{rel}","templated":true}]}}