{"id":170681,"date":"2022-04-28T13:28:21","date_gmt":"2022-04-28T11:28:21","guid":{"rendered":"https:\/\/tuzlainfo.ba\/?p=170681"},"modified":"2022-04-28T13:28:21","modified_gmt":"2022-04-28T11:28:21","slug":"ukinut-pritvor-nikoli-koprivici-osumnjicenom-za-ucesce-u-strijeljanju-vise-od-40-bosnjaka","status":"publish","type":"post","link":"https:\/\/tuzlainfo.ba\/index.php\/bosna-i-hercegovina\/item\/170681-ukinut-pritvor-nikoli-koprivici-osumnjicenom-za-ucesce-u-strijeljanju-vise-od-40-bosnjaka\/","title":{"rendered":"Ukinut pritvor Nikoli Koprivici, osumnji\u010denom za u\u010de\u0161\u0107e u strijeljanju vi\u0161e od 40 Bo\u0161njaka"},"content":{"rendered":"<p>Sud Bosne i Hercegovine ukinuo je pritvor Nikoli Koprivici, osumnji\u010denom za zlo\u010din protiv \u010dovje\u010dnosti po\u010dinjen u mjestu Novoseoci kod Sokoca. Koprivica je po\u010detkom aprila iz Kanade izru\u010den u Bosnu i Hercegovinu.<\/p>\n<p>Prema saop\u0107enju, Sud BiH je prihvatio prijedlog Dr\u017eavnog tu\u017eila\u0161tva te je ukinuo pritvor Nikoli Koprivici, dok su mu odre\u0111ene mjere zabrane putovanja, uz privremeno oduzimanje li\u010dnih dokumenata i zabrana sastajanja i pribli\u017eavanja svjedocima na udaljenost manju od 50 metara, kao i obavezno javljanje nadle\u017enom organu.<\/p>\n<div class=\"post-content post-content-holder\">\n<p>Po\u010detkom aprila ove godine Koprivica je izru\u010den iz Kanade u Bosnu i Hercegovinu, a dva dana nakon toga odre\u0111en mu je pritvor.<\/p>\n<p>Prema ranijem saop\u0107enju Tu\u017eila\u0161tva Bosne i Hercegovine, Koprivica, koji se vi\u0161e godina nalazio na podru\u010dju Kanade, pod istragom je i tereti se da je s drugim osumnji\u010denima, kao li\u010dni i direktni izvr\u0161itelj ratnog zlo\u010dina, u\u010destvovao u strijeljanju vi\u0161e od 40 \u017ertava bo\u0161nja\u010dke nacionalnosti iz mjesta Novoseoci kod Sokoca, koji su ubijeni u jesen 1992. godine na lokaciji Ivan Polje.<\/p>\n<p>Kako se navodi u saop\u0107enju Suda BiH, izre\u010dene mjere zabrane mogu trajati dok za njima postoji potreba.<\/p>\n<p>Za zlo\u010dine u Novoseocima u toku je sudski postupak protiv Dragomira Obradovi\u0107a, biv\u0161eg komandira Stanice javne bezbjednosti (SJB) Sokolac, Mom\u010dila Paji\u0107a, biv\u0161eg komandira \u010dete Vojne policije Druge romanijske motorizovane brigade Vojske Republike Srpske (VRS), i Alekse Gordi\u0107a, njegovog zamjenika, Miladina Ga\u0161evi\u0107a, biv\u0161eg zamjenika komandira Izvi\u0111a\u010dke \u010dete, te Momira i Branislava Kezunovi\u0107a, \u017deljka Ga\u0161evi\u0107a i Jadranka \u0160uke, nekada\u0161njih pripadnika te jedinice.<\/p>\n<p>Prema optu\u017enici, pripadnici Vojne policije i Izvi\u0111a\u010dke \u010dete su u\u0161li u Novoseoce u no\u0107i sa 21. na 22. septembar 1992. godine. Kako se navodi, 44 mu\u0161karca su prevezena do smetlji\u0161ta na Ivan Polju, gdje su ubijeni, a \u017eene, djeca i stariji odvezeni su prema Sarajevu. Navodi se i da je u selu ubijena jedna \u017eena, pi\u0161e\u00a0<a href=\"https:\/\/detektor.ba\/2022\/04\/28\/ukinut-pritvor-nikoli-koprivici\/\" target=\"_blank\" rel=\"noopener\">Birn<\/a>.<\/p>\n<\/div>\n","protected":false},"excerpt":{"rendered":"<p>Sud Bosne i Hercegovine ukinuo je pritvor Nikoli Koprivici, osumnji\u010denom za zlo\u010din protiv \u010dovje\u010dnosti po\u010dinjen&hellip;<\/p>\n","protected":false},"author":2,"featured_media":168449,"comment_status":"open","ping_status":"closed","sticky":false,"template":"","format":"standard","meta":{"_acf_changed":false,"footnotes":""},"categories":[291],"tags":[4648],"acf":[],"yoast_head":"<!-- This site is optimized with the Yoast SEO plugin v23.5 - https:\/\/yoast.com\/wordpress\/plugins\/seo\/ -->\n<title>Ukinut pritvor Nikoli Koprivici, osumnji\u010denom za u\u010de\u0161\u0107e u strijeljanju vi\u0161e od 40 Bo\u0161njaka - TuzlaInfo.ba<\/title>\n<meta name=\"robots\" content=\"index, follow, max-snippet:-1, max-image-preview:large, max-video-preview:-1\" \/>\n<link rel=\"canonical\" href=\"https:\/\/tuzlainfo.ba\/index.php\/bosna-i-hercegovina\/item\/170681-ukinut-pritvor-nikoli-koprivici-osumnjicenom-za-ucesce-u-strijeljanju-vise-od-40-bosnjaka\/\" \/>\n<meta property=\"og:locale\" content=\"bs_BA\" \/>\n<meta property=\"og:type\" content=\"article\" \/>\n<meta property=\"og:title\" content=\"Ukinut pritvor Nikoli Koprivici, osumnji\u010denom za u\u010de\u0161\u0107e u strijeljanju vi\u0161e od 40 Bo\u0161njaka - TuzlaInfo.ba\" \/>\n<meta property=\"og:description\" content=\"Sud Bosne i Hercegovine ukinuo je pritvor Nikoli Koprivici, osumnji\u010denom za zlo\u010din protiv \u010dovje\u010dnosti po\u010dinjen&hellip;\" \/>\n<meta property=\"og:url\" content=\"https:\/\/tuzlainfo.ba\/index.php\/bosna-i-hercegovina\/item\/170681-ukinut-pritvor-nikoli-koprivici-osumnjicenom-za-ucesce-u-strijeljanju-vise-od-40-bosnjaka\/\" \/>\n<meta property=\"og:site_name\" content=\"TuzlaInfo.ba\" \/>\n<meta property=\"article:publisher\" content=\"https:\/\/www.facebook.com\/tuzlainfo.ba\/\" \/>\n<meta property=\"article:published_time\" content=\"2022-04-28T11:28:21+00:00\" \/>\n<meta property=\"og:image\" content=\"https:\/\/tuzlainfo.ba\/wp-content\/uploads\/2022\/04\/0404_koprivica.jpg\" \/>\n\t<meta property=\"og:image:width\" content=\"1180\" \/>\n\t<meta property=\"og:image:height\" content=\"787\" \/>\n\t<meta property=\"og:image:type\" content=\"image\/jpeg\" \/>\n<meta name=\"author\" content=\"nedim\" \/>\n<meta name=\"twitter:card\" content=\"summary_large_image\" \/>\n<meta name=\"twitter:label1\" content=\"Written by\" \/>\n\t<meta name=\"twitter:data1\" content=\"nedim\" \/>\n\t<meta name=\"twitter:label2\" content=\"Est. reading time\" \/>\n\t<meta name=\"twitter:data2\" content=\"2 minute\" \/>\n<script type=\"application\/ld+json\" class=\"yoast-schema-graph\">{\"@context\":\"https:\/\/schema.org\",\"@graph\":[{\"@type\":\"Article\",\"@id\":\"https:\/\/tuzlainfo.ba\/index.php\/bosna-i-hercegovina\/item\/170681-ukinut-pritvor-nikoli-koprivici-osumnjicenom-za-ucesce-u-strijeljanju-vise-od-40-bosnjaka\/#article\",\"isPartOf\":{\"@id\":\"https:\/\/tuzlainfo.ba\/index.php\/bosna-i-hercegovina\/item\/170681-ukinut-pritvor-nikoli-koprivici-osumnjicenom-za-ucesce-u-strijeljanju-vise-od-40-bosnjaka\/\"},\"author\":{\"name\":\"nedim\",\"@id\":\"https:\/\/tuzlainfo.ba\/#\/schema\/person\/f434e20dc27ea133923aab08451b7f7f\"},\"headline\":\"Ukinut pritvor Nikoli Koprivici, osumnji\u010denom za u\u010de\u0161\u0107e u strijeljanju vi\u0161e od 40 Bo\u0161njaka\",\"datePublished\":\"2022-04-28T11:28:21+00:00\",\"dateModified\":\"2022-04-28T11:28:21+00:00\",\"mainEntityOfPage\":{\"@id\":\"https:\/\/tuzlainfo.ba\/index.php\/bosna-i-hercegovina\/item\/170681-ukinut-pritvor-nikoli-koprivici-osumnjicenom-za-ucesce-u-strijeljanju-vise-od-40-bosnjaka\/\"},\"wordCount\":357,\"commentCount\":0,\"publisher\":{\"@id\":\"https:\/\/tuzlainfo.ba\/#organization\"},\"image\":{\"@id\":\"https:\/\/tuzlainfo.ba\/index.php\/bosna-i-hercegovina\/item\/170681-ukinut-pritvor-nikoli-koprivici-osumnjicenom-za-ucesce-u-strijeljanju-vise-od-40-bosnjaka\/#primaryimage\"},\"thumbnailUrl\":\"https:\/\/tuzlainfo.ba\/wp-content\/uploads\/2022\/04\/0404_koprivica.jpg\",\"keywords\":[\"nikola koprivica\"],\"articleSection\":[\"Bosna i Hercegovina\"],\"inLanguage\":\"bs-BA\"},{\"@type\":\"WebPage\",\"@id\":\"https:\/\/tuzlainfo.ba\/index.php\/bosna-i-hercegovina\/item\/170681-ukinut-pritvor-nikoli-koprivici-osumnjicenom-za-ucesce-u-strijeljanju-vise-od-40-bosnjaka\/\",\"url\":\"https:\/\/tuzlainfo.ba\/index.php\/bosna-i-hercegovina\/item\/170681-ukinut-pritvor-nikoli-koprivici-osumnjicenom-za-ucesce-u-strijeljanju-vise-od-40-bosnjaka\/\",\"name\":\"Ukinut pritvor Nikoli Koprivici, osumnji\u010denom za u\u010de\u0161\u0107e u strijeljanju vi\u0161e od 40 Bo\u0161njaka - TuzlaInfo.ba\",\"isPartOf\":{\"@id\":\"https:\/\/tuzlainfo.ba\/#website\"},\"primaryImageOfPage\":{\"@id\":\"https:\/\/tuzlainfo.ba\/index.php\/bosna-i-hercegovina\/item\/170681-ukinut-pritvor-nikoli-koprivici-osumnjicenom-za-ucesce-u-strijeljanju-vise-od-40-bosnjaka\/#primaryimage\"},\"image\":{\"@id\":\"https:\/\/tuzlainfo.ba\/index.php\/bosna-i-hercegovina\/item\/170681-ukinut-pritvor-nikoli-koprivici-osumnjicenom-za-ucesce-u-strijeljanju-vise-od-40-bosnjaka\/#primaryimage\"},\"thumbnailUrl\":\"https:\/\/tuzlainfo.ba\/wp-content\/uploads\/2022\/04\/0404_koprivica.jpg\",\"datePublished\":\"2022-04-28T11:28:21+00:00\",\"dateModified\":\"2022-04-28T11:28:21+00:00\",\"breadcrumb\":{\"@id\":\"https:\/\/tuzlainfo.ba\/index.php\/bosna-i-hercegovina\/item\/170681-ukinut-pritvor-nikoli-koprivici-osumnjicenom-za-ucesce-u-strijeljanju-vise-od-40-bosnjaka\/#breadcrumb\"},\"inLanguage\":\"bs-BA\",\"potentialAction\":[{\"@type\":\"ReadAction\",\"target\":[\"https:\/\/tuzlainfo.ba\/index.php\/bosna-i-hercegovina\/item\/170681-ukinut-pritvor-nikoli-koprivici-osumnjicenom-za-ucesce-u-strijeljanju-vise-od-40-bosnjaka\/\"]}]},{\"@type\":\"ImageObject\",\"inLanguage\":\"bs-BA\",\"@id\":\"https:\/\/tuzlainfo.ba\/index.php\/bosna-i-hercegovina\/item\/170681-ukinut-pritvor-nikoli-koprivici-osumnjicenom-za-ucesce-u-strijeljanju-vise-od-40-bosnjaka\/#primaryimage\",\"url\":\"https:\/\/tuzlainfo.ba\/wp-content\/uploads\/2022\/04\/0404_koprivica.jpg\",\"contentUrl\":\"https:\/\/tuzlainfo.ba\/wp-content\/uploads\/2022\/04\/0404_koprivica.jpg\",\"width\":1180,\"height\":787},{\"@type\":\"BreadcrumbList\",\"@id\":\"https:\/\/tuzlainfo.ba\/index.php\/bosna-i-hercegovina\/item\/170681-ukinut-pritvor-nikoli-koprivici-osumnjicenom-za-ucesce-u-strijeljanju-vise-od-40-bosnjaka\/#breadcrumb\",\"itemListElement\":[{\"@type\":\"ListItem\",\"position\":1,\"name\":\"Home\",\"item\":\"https:\/\/tuzlainfo.ba\/\"},{\"@type\":\"ListItem\",\"position\":2,\"name\":\"Ukinut pritvor Nikoli Koprivici, osumnji\u010denom za u\u010de\u0161\u0107e u strijeljanju vi\u0161e od 40 Bo\u0161njaka\"}]},{\"@type\":\"WebSite\",\"@id\":\"https:\/\/tuzlainfo.ba\/#website\",\"url\":\"https:\/\/tuzlainfo.ba\/\",\"name\":\"TuzlaInfo.ba\",\"description\":\"Tuzla info, gradski informator - Tuzla na dlanu\",\"publisher\":{\"@id\":\"https:\/\/tuzlainfo.ba\/#organization\"},\"potentialAction\":[{\"@type\":\"SearchAction\",\"target\":{\"@type\":\"EntryPoint\",\"urlTemplate\":\"https:\/\/tuzlainfo.ba\/?s={search_term_string}\"},\"query-input\":{\"@type\":\"PropertyValueSpecification\",\"valueRequired\":true,\"valueName\":\"search_term_string\"}}],\"inLanguage\":\"bs-BA\"},{\"@type\":\"Organization\",\"@id\":\"https:\/\/tuzlainfo.ba\/#organization\",\"name\":\"TuzlaInfo.ba\",\"url\":\"https:\/\/tuzlainfo.ba\/\",\"logo\":{\"@type\":\"ImageObject\",\"inLanguage\":\"bs-BA\",\"@id\":\"https:\/\/tuzlainfo.ba\/#\/schema\/logo\/image\/\",\"url\":\"https:\/\/tuzlainfo.ba\/wp-content\/uploads\/2021\/03\/logo-ver-3-1.png\",\"contentUrl\":\"https:\/\/tuzlainfo.ba\/wp-content\/uploads\/2021\/03\/logo-ver-3-1.png\",\"width\":350,\"height\":95,\"caption\":\"TuzlaInfo.ba\"},\"image\":{\"@id\":\"https:\/\/tuzlainfo.ba\/#\/schema\/logo\/image\/\"},\"sameAs\":[\"https:\/\/www.facebook.com\/tuzlainfo.ba\/\"]},{\"@type\":\"Person\",\"@id\":\"https:\/\/tuzlainfo.ba\/#\/schema\/person\/f434e20dc27ea133923aab08451b7f7f\",\"name\":\"nedim\",\"image\":{\"@type\":\"ImageObject\",\"inLanguage\":\"bs-BA\",\"@id\":\"https:\/\/tuzlainfo.ba\/#\/schema\/person\/image\/\",\"url\":\"https:\/\/tuzlainfo.ba\/wp-content\/litespeed\/avatar\/aabad687af24844af817603ac1cbdc4f.jpg?ver=1777306975\",\"contentUrl\":\"https:\/\/tuzlainfo.ba\/wp-content\/litespeed\/avatar\/aabad687af24844af817603ac1cbdc4f.jpg?ver=1777306975\",\"caption\":\"nedim\"},\"description\":\"Tuzlainfo.ba pratite na dru\u0161tvenim mre\u017eama: Facebook, Instagram i Youtube. Svoje pri\u010de, upite i fotografije \u0161aljite na na\u0161u e-mail adresu.\"}]}<\/script>\n<!-- \/ Yoast SEO plugin. -->","yoast_head_json":{"title":"Ukinut pritvor Nikoli Koprivici, osumnji\u010denom za u\u010de\u0161\u0107e u strijeljanju vi\u0161e od 40 Bo\u0161njaka - TuzlaInfo.ba","robots":{"index":"index","follow":"follow","max-snippet":"max-snippet:-1","max-image-preview":"max-image-preview:large","max-video-preview":"max-video-preview:-1"},"canonical":"https:\/\/tuzlainfo.ba\/index.php\/bosna-i-hercegovina\/item\/170681-ukinut-pritvor-nikoli-koprivici-osumnjicenom-za-ucesce-u-strijeljanju-vise-od-40-bosnjaka\/","og_locale":"bs_BA","og_type":"article","og_title":"Ukinut pritvor Nikoli Koprivici, osumnji\u010denom za u\u010de\u0161\u0107e u strijeljanju vi\u0161e od 40 Bo\u0161njaka - TuzlaInfo.ba","og_description":"Sud Bosne i Hercegovine ukinuo je pritvor Nikoli Koprivici, osumnji\u010denom za zlo\u010din protiv \u010dovje\u010dnosti po\u010dinjen&hellip;","og_url":"https:\/\/tuzlainfo.ba\/index.php\/bosna-i-hercegovina\/item\/170681-ukinut-pritvor-nikoli-koprivici-osumnjicenom-za-ucesce-u-strijeljanju-vise-od-40-bosnjaka\/","og_site_name":"TuzlaInfo.ba","article_publisher":"https:\/\/www.facebook.com\/tuzlainfo.ba\/","article_published_time":"2022-04-28T11:28:21+00:00","og_image":[{"width":1180,"height":787,"url":"https:\/\/tuzlainfo.ba\/wp-content\/uploads\/2022\/04\/0404_koprivica.jpg","type":"image\/jpeg"}],"author":"nedim","twitter_card":"summary_large_image","twitter_misc":{"Written by":"nedim","Est. reading time":"2 minute"},"schema":{"@context":"https:\/\/schema.org","@graph":[{"@type":"Article","@id":"https:\/\/tuzlainfo.ba\/index.php\/bosna-i-hercegovina\/item\/170681-ukinut-pritvor-nikoli-koprivici-osumnjicenom-za-ucesce-u-strijeljanju-vise-od-40-bosnjaka\/#article","isPartOf":{"@id":"https:\/\/tuzlainfo.ba\/index.php\/bosna-i-hercegovina\/item\/170681-ukinut-pritvor-nikoli-koprivici-osumnjicenom-za-ucesce-u-strijeljanju-vise-od-40-bosnjaka\/"},"author":{"name":"nedim","@id":"https:\/\/tuzlainfo.ba\/#\/schema\/person\/f434e20dc27ea133923aab08451b7f7f"},"headline":"Ukinut pritvor Nikoli Koprivici, osumnji\u010denom za u\u010de\u0161\u0107e u strijeljanju vi\u0161e od 40 Bo\u0161njaka","datePublished":"2022-04-28T11:28:21+00:00","dateModified":"2022-04-28T11:28:21+00:00","mainEntityOfPage":{"@id":"https:\/\/tuzlainfo.ba\/index.php\/bosna-i-hercegovina\/item\/170681-ukinut-pritvor-nikoli-koprivici-osumnjicenom-za-ucesce-u-strijeljanju-vise-od-40-bosnjaka\/"},"wordCount":357,"commentCount":0,"publisher":{"@id":"https:\/\/tuzlainfo.ba\/#organization"},"image":{"@id":"https:\/\/tuzlainfo.ba\/index.php\/bosna-i-hercegovina\/item\/170681-ukinut-pritvor-nikoli-koprivici-osumnjicenom-za-ucesce-u-strijeljanju-vise-od-40-bosnjaka\/#primaryimage"},"thumbnailUrl":"https:\/\/tuzlainfo.ba\/wp-content\/uploads\/2022\/04\/0404_koprivica.jpg","keywords":["nikola koprivica"],"articleSection":["Bosna i Hercegovina"],"inLanguage":"bs-BA"},{"@type":"WebPage","@id":"https:\/\/tuzlainfo.ba\/index.php\/bosna-i-hercegovina\/item\/170681-ukinut-pritvor-nikoli-koprivici-osumnjicenom-za-ucesce-u-strijeljanju-vise-od-40-bosnjaka\/","url":"https:\/\/tuzlainfo.ba\/index.php\/bosna-i-hercegovina\/item\/170681-ukinut-pritvor-nikoli-koprivici-osumnjicenom-za-ucesce-u-strijeljanju-vise-od-40-bosnjaka\/","name":"Ukinut pritvor Nikoli Koprivici, osumnji\u010denom za u\u010de\u0161\u0107e u strijeljanju vi\u0161e od 40 Bo\u0161njaka - TuzlaInfo.ba","isPartOf":{"@id":"https:\/\/tuzlainfo.ba\/#website"},"primaryImageOfPage":{"@id":"https:\/\/tuzlainfo.ba\/index.php\/bosna-i-hercegovina\/item\/170681-ukinut-pritvor-nikoli-koprivici-osumnjicenom-za-ucesce-u-strijeljanju-vise-od-40-bosnjaka\/#primaryimage"},"image":{"@id":"https:\/\/tuzlainfo.ba\/index.php\/bosna-i-hercegovina\/item\/170681-ukinut-pritvor-nikoli-koprivici-osumnjicenom-za-ucesce-u-strijeljanju-vise-od-40-bosnjaka\/#primaryimage"},"thumbnailUrl":"https:\/\/tuzlainfo.ba\/wp-content\/uploads\/2022\/04\/0404_koprivica.jpg","datePublished":"2022-04-28T11:28:21+00:00","dateModified":"2022-04-28T11:28:21+00:00","breadcrumb":{"@id":"https:\/\/tuzlainfo.ba\/index.php\/bosna-i-hercegovina\/item\/170681-ukinut-pritvor-nikoli-koprivici-osumnjicenom-za-ucesce-u-strijeljanju-vise-od-40-bosnjaka\/#breadcrumb"},"inLanguage":"bs-BA","potentialAction":[{"@type":"ReadAction","target":["https:\/\/tuzlainfo.ba\/index.php\/bosna-i-hercegovina\/item\/170681-ukinut-pritvor-nikoli-koprivici-osumnjicenom-za-ucesce-u-strijeljanju-vise-od-40-bosnjaka\/"]}]},{"@type":"ImageObject","inLanguage":"bs-BA","@id":"https:\/\/tuzlainfo.ba\/index.php\/bosna-i-hercegovina\/item\/170681-ukinut-pritvor-nikoli-koprivici-osumnjicenom-za-ucesce-u-strijeljanju-vise-od-40-bosnjaka\/#primaryimage","url":"https:\/\/tuzlainfo.ba\/wp-content\/uploads\/2022\/04\/0404_koprivica.jpg","contentUrl":"https:\/\/tuzlainfo.ba\/wp-content\/uploads\/2022\/04\/0404_koprivica.jpg","width":1180,"height":787},{"@type":"BreadcrumbList","@id":"https:\/\/tuzlainfo.ba\/index.php\/bosna-i-hercegovina\/item\/170681-ukinut-pritvor-nikoli-koprivici-osumnjicenom-za-ucesce-u-strijeljanju-vise-od-40-bosnjaka\/#breadcrumb","itemListElement":[{"@type":"ListItem","position":1,"name":"Home","item":"https:\/\/tuzlainfo.ba\/"},{"@type":"ListItem","position":2,"name":"Ukinut pritvor Nikoli Koprivici, osumnji\u010denom za u\u010de\u0161\u0107e u strijeljanju vi\u0161e od 40 Bo\u0161njaka"}]},{"@type":"WebSite","@id":"https:\/\/tuzlainfo.ba\/#website","url":"https:\/\/tuzlainfo.ba\/","name":"TuzlaInfo.ba","description":"Tuzla info, gradski informator - Tuzla na dlanu","publisher":{"@id":"https:\/\/tuzlainfo.ba\/#organization"},"potentialAction":[{"@type":"SearchAction","target":{"@type":"EntryPoint","urlTemplate":"https:\/\/tuzlainfo.ba\/?s={search_term_string}"},"query-input":{"@type":"PropertyValueSpecification","valueRequired":true,"valueName":"search_term_string"}}],"inLanguage":"bs-BA"},{"@type":"Organization","@id":"https:\/\/tuzlainfo.ba\/#organization","name":"TuzlaInfo.ba","url":"https:\/\/tuzlainfo.ba\/","logo":{"@type":"ImageObject","inLanguage":"bs-BA","@id":"https:\/\/tuzlainfo.ba\/#\/schema\/logo\/image\/","url":"https:\/\/tuzlainfo.ba\/wp-content\/uploads\/2021\/03\/logo-ver-3-1.png","contentUrl":"https:\/\/tuzlainfo.ba\/wp-content\/uploads\/2021\/03\/logo-ver-3-1.png","width":350,"height":95,"caption":"TuzlaInfo.ba"},"image":{"@id":"https:\/\/tuzlainfo.ba\/#\/schema\/logo\/image\/"},"sameAs":["https:\/\/www.facebook.com\/tuzlainfo.ba\/"]},{"@type":"Person","@id":"https:\/\/tuzlainfo.ba\/#\/schema\/person\/f434e20dc27ea133923aab08451b7f7f","name":"nedim","image":{"@type":"ImageObject","inLanguage":"bs-BA","@id":"https:\/\/tuzlainfo.ba\/#\/schema\/person\/image\/","url":"https:\/\/tuzlainfo.ba\/wp-content\/litespeed\/avatar\/aabad687af24844af817603ac1cbdc4f.jpg?ver=1777306975","contentUrl":"https:\/\/tuzlainfo.ba\/wp-content\/litespeed\/avatar\/aabad687af24844af817603ac1cbdc4f.jpg?ver=1777306975","caption":"nedim"},"description":"Tuzlainfo.ba pratite na dru\u0161tvenim mre\u017eama: Facebook, Instagram i Youtube. Svoje pri\u010de, upite i fotografije \u0161aljite na na\u0161u e-mail adresu."}]}},"_links":{"self":[{"href":"https:\/\/tuzlainfo.ba\/index.php\/wp-json\/wp\/v2\/posts\/170681"}],"collection":[{"href":"https:\/\/tuzlainfo.ba\/index.php\/wp-json\/wp\/v2\/posts"}],"about":[{"href":"https:\/\/tuzlainfo.ba\/index.php\/wp-json\/wp\/v2\/types\/post"}],"author":[{"embeddable":true,"href":"https:\/\/tuzlainfo.ba\/index.php\/wp-json\/wp\/v2\/users\/2"}],"replies":[{"embeddable":true,"href":"https:\/\/tuzlainfo.ba\/index.php\/wp-json\/wp\/v2\/comments?post=170681"}],"version-history":[{"count":0,"href":"https:\/\/tuzlainfo.ba\/index.php\/wp-json\/wp\/v2\/posts\/170681\/revisions"}],"wp:featuredmedia":[{"embeddable":true,"href":"https:\/\/tuzlainfo.ba\/index.php\/wp-json\/wp\/v2\/media\/168449"}],"wp:attachment":[{"href":"https:\/\/tuzlainfo.ba\/index.php\/wp-json\/wp\/v2\/media?parent=170681"}],"wp:term":[{"taxonomy":"category","embeddable":true,"href":"https:\/\/tuzlainfo.ba\/index.php\/wp-json\/wp\/v2\/categories?post=170681"},{"taxonomy":"post_tag","embeddable":true,"href":"https:\/\/tuzlainfo.ba\/index.php\/wp-json\/wp\/v2\/tags?post=170681"}],"curies":[{"name":"wp","href":"https:\/\/api.w.org\/{rel}","templated":true}]}}