{"id":170507,"date":"2022-04-27T12:00:38","date_gmt":"2022-04-27T10:00:38","guid":{"rendered":"https:\/\/tuzlainfo.ba\/?p=170507"},"modified":"2022-04-27T10:39:25","modified_gmt":"2022-04-27T08:39:25","slug":"foto-ucenici-os-slavinovici-sadnjom-cvijeca-uljepsali-skolsko-dvoriste","status":"publish","type":"post","link":"https:\/\/tuzlainfo.ba\/index.php\/novosti\/item\/170507-foto-ucenici-os-slavinovici-sadnjom-cvijeca-uljepsali-skolsko-dvoriste\/","title":{"rendered":"FOTO \/ U\u010denici O\u0160 Slavinovi\u0107i sadnjom cvije\u0107a uljep\u0161ali \u0161kolsko dvori\u0161te"},"content":{"rendered":"<p>Od ju\u010de\u00a0 je dvori\u0161te JU O\u0160 \u201cSlavinovi\u0107i\u201d Tuzla, obojeno raznim bojama cvije\u0107a.<\/p>\n<p>Nove sadnice zasadili su u\u010denici III b zajendo sa u\u010diteljicom Dijanom Kova\u010devi\u0107.<\/p>\n<p>Eko-\u010das, akcija sadnje cvije\u0107a kao i projekat posve\u0107en ekolo\u0161kim temema, odr\u017eani su zahvaljuju\u0107i saradnji Ekolo\u0161kog saveza \u201cEko zeleni&#8221; TK, na \u010delu sa Muhamedom Omerovi\u0107em.<\/p>\n<p>Dragim gostima, mali ekolozi su priredili zanimljiv program, u toku kojeg su nau\u010dili ne\u0161to novo i korisno o o\u010duvanju na\u0161e planete ali se i divno zabavili.<\/p>\n<div id=\"penci-post-gallery__17030\" class=\"penci-post-gallery-container masonry grid column-3\" data-height=\"150\" data-margin=\"3\"><div class=\"inner-gallery-masonry-container\"><div class=\"item-gallery-masonry grid\"><a class=\"\" href=\"https:\/\/tuzlainfo.ba\/wp-content\/uploads\/2022\/04\/2604_eko_slavin-1.jpg\"><div class=\"inner-item-masonry-gallery\"><img decoding=\"async\" src=\"https:\/\/tuzlainfo.ba\/wp-content\/uploads\/2022\/04\/2604_eko_slavin-1-585x390.jpg\" alt=\"\" title=\"2604_eko_slavin (1)\"><\/div><\/a><\/div><div class=\"item-gallery-masonry grid\"><a class=\"\" href=\"https:\/\/tuzlainfo.ba\/wp-content\/uploads\/2022\/04\/2604_eko_slavin-2.jpg\"><div class=\"inner-item-masonry-gallery\"><img decoding=\"async\" src=\"https:\/\/tuzlainfo.ba\/wp-content\/uploads\/2022\/04\/2604_eko_slavin-2-585x390.jpg\" alt=\"\" title=\"2604_eko_slavin (2)\"><\/div><\/a><\/div><div class=\"item-gallery-masonry grid\"><a class=\"\" href=\"https:\/\/tuzlainfo.ba\/wp-content\/uploads\/2022\/04\/2604_eko_slavin-3.jpg\"><div class=\"inner-item-masonry-gallery\"><img decoding=\"async\" src=\"https:\/\/tuzlainfo.ba\/wp-content\/uploads\/2022\/04\/2604_eko_slavin-3-585x390.jpg\" alt=\"\" title=\"2604_eko_slavin (3)\"><\/div><\/a><\/div><div class=\"item-gallery-masonry grid\"><a class=\"\" href=\"https:\/\/tuzlainfo.ba\/wp-content\/uploads\/2022\/04\/2604_eko_slavin-5.jpg\"><div class=\"inner-item-masonry-gallery\"><img decoding=\"async\" src=\"https:\/\/tuzlainfo.ba\/wp-content\/uploads\/2022\/04\/2604_eko_slavin-5-585x390.jpg\" alt=\"\" title=\"2604_eko_slavin (5)\"><\/div><\/a><\/div><div class=\"item-gallery-masonry grid\"><a class=\"\" href=\"https:\/\/tuzlainfo.ba\/wp-content\/uploads\/2022\/04\/2604_eko_slavin-6.jpg\"><div class=\"inner-item-masonry-gallery\"><img decoding=\"async\" src=\"https:\/\/tuzlainfo.ba\/wp-content\/uploads\/2022\/04\/2604_eko_slavin-6-585x390.jpg\" alt=\"\" title=\"2604_eko_slavin (6)\"><\/div><\/a><\/div><div class=\"item-gallery-masonry grid\"><a class=\"\" href=\"https:\/\/tuzlainfo.ba\/wp-content\/uploads\/2022\/04\/2604_eko_slavin-7.jpg\"><div class=\"inner-item-masonry-gallery\"><img decoding=\"async\" src=\"https:\/\/tuzlainfo.ba\/wp-content\/uploads\/2022\/04\/2604_eko_slavin-7-585x390.jpg\" alt=\"\" title=\"2604_eko_slavin (7)\"><\/div><\/a><\/div><div class=\"item-gallery-masonry grid\"><a class=\"\" href=\"https:\/\/tuzlainfo.ba\/wp-content\/uploads\/2022\/04\/2604_eko_slavin-8.jpg\"><div class=\"inner-item-masonry-gallery\"><img decoding=\"async\" src=\"https:\/\/tuzlainfo.ba\/wp-content\/uploads\/2022\/04\/2604_eko_slavin-8-585x390.jpg\" alt=\"\" title=\"2604_eko_slavin (8)\"><\/div><\/a><\/div><div class=\"item-gallery-masonry grid\"><a class=\"\" href=\"https:\/\/tuzlainfo.ba\/wp-content\/uploads\/2022\/04\/2604_eko_slavin-9.jpg\"><div class=\"inner-item-masonry-gallery\"><img decoding=\"async\" src=\"https:\/\/tuzlainfo.ba\/wp-content\/uploads\/2022\/04\/2604_eko_slavin-9-585x390.jpg\" alt=\"\" title=\"2604_eko_slavin (9)\"><\/div><\/a><\/div><div class=\"item-gallery-masonry grid\"><a class=\"\" href=\"https:\/\/tuzlainfo.ba\/wp-content\/uploads\/2022\/04\/2604_eko_slavin-10.jpg\"><div class=\"inner-item-masonry-gallery\"><img decoding=\"async\" src=\"https:\/\/tuzlainfo.ba\/wp-content\/uploads\/2022\/04\/2604_eko_slavin-10-585x390.jpg\" alt=\"\" title=\"2604_eko_slavin (10)\"><\/div><\/a><\/div><\/div><\/div>\n<p>Akcija je organizovana u cilju obilje\u017eavanja 22. aprila &#8211; Dana planete Zemlje. <strong>\/S.P.\/<\/strong><\/p>\n","protected":false},"excerpt":{"rendered":"<p>Od ju\u010de\u00a0 je dvori\u0161te JU O\u0160 \u201cSlavinovi\u0107i\u201d Tuzla, obojeno raznim bojama cvije\u0107a. Nove sadnice zasadili&hellip;<\/p>\n","protected":false},"author":2,"featured_media":170511,"comment_status":"open","ping_status":"closed","sticky":false,"template":"","format":"standard","meta":{"_acf_changed":false,"footnotes":""},"categories":[304,12],"tags":[1503,3074],"acf":[],"yoast_head":"<!-- This site is optimized with the Yoast SEO plugin v23.5 - https:\/\/yoast.com\/wordpress\/plugins\/seo\/ -->\n<title>FOTO \/ U\u010denici O\u0160 Slavinovi\u0107i sadnjom cvije\u0107a uljep\u0161ali \u0161kolsko dvori\u0161te - TuzlaInfo.ba<\/title>\n<meta name=\"robots\" content=\"index, follow, max-snippet:-1, max-image-preview:large, max-video-preview:-1\" \/>\n<link rel=\"canonical\" href=\"https:\/\/tuzlainfo.ba\/index.php\/novosti\/item\/170507-foto-ucenici-os-slavinovici-sadnjom-cvijeca-uljepsali-skolsko-dvoriste\/\" \/>\n<meta property=\"og:locale\" content=\"bs_BA\" \/>\n<meta property=\"og:type\" content=\"article\" \/>\n<meta property=\"og:title\" content=\"FOTO \/ U\u010denici O\u0160 Slavinovi\u0107i sadnjom cvije\u0107a uljep\u0161ali \u0161kolsko dvori\u0161te - TuzlaInfo.ba\" \/>\n<meta property=\"og:description\" content=\"Od ju\u010de\u00a0 je dvori\u0161te JU O\u0160 \u201cSlavinovi\u0107i\u201d Tuzla, obojeno raznim bojama cvije\u0107a. Nove sadnice zasadili&hellip;\" \/>\n<meta property=\"og:url\" content=\"https:\/\/tuzlainfo.ba\/index.php\/novosti\/item\/170507-foto-ucenici-os-slavinovici-sadnjom-cvijeca-uljepsali-skolsko-dvoriste\/\" \/>\n<meta property=\"og:site_name\" content=\"TuzlaInfo.ba\" \/>\n<meta property=\"article:publisher\" content=\"https:\/\/www.facebook.com\/tuzlainfo.ba\/\" \/>\n<meta property=\"article:published_time\" content=\"2022-04-27T10:00:38+00:00\" \/>\n<meta property=\"article:modified_time\" content=\"2022-04-27T08:39:25+00:00\" \/>\n<meta property=\"og:image\" content=\"https:\/\/tuzlainfo.ba\/wp-content\/uploads\/2022\/04\/2604_eko_slavin-4.jpg\" \/>\n\t<meta property=\"og:image:width\" content=\"1170\" \/>\n\t<meta property=\"og:image:height\" content=\"715\" \/>\n\t<meta property=\"og:image:type\" content=\"image\/jpeg\" \/>\n<meta name=\"author\" content=\"nedim\" \/>\n<meta name=\"twitter:card\" content=\"summary_large_image\" \/>\n<meta name=\"twitter:label1\" content=\"Written by\" \/>\n\t<meta name=\"twitter:data1\" content=\"nedim\" \/>\n\t<meta name=\"twitter:label2\" content=\"Est. reading time\" \/>\n\t<meta name=\"twitter:data2\" content=\"1 minuta\" \/>\n<script type=\"application\/ld+json\" class=\"yoast-schema-graph\">{\"@context\":\"https:\/\/schema.org\",\"@graph\":[{\"@type\":\"Article\",\"@id\":\"https:\/\/tuzlainfo.ba\/index.php\/novosti\/item\/170507-foto-ucenici-os-slavinovici-sadnjom-cvijeca-uljepsali-skolsko-dvoriste\/#article\",\"isPartOf\":{\"@id\":\"https:\/\/tuzlainfo.ba\/index.php\/novosti\/item\/170507-foto-ucenici-os-slavinovici-sadnjom-cvijeca-uljepsali-skolsko-dvoriste\/\"},\"author\":{\"name\":\"nedim\",\"@id\":\"https:\/\/tuzlainfo.ba\/#\/schema\/person\/f434e20dc27ea133923aab08451b7f7f\"},\"headline\":\"FOTO \/ U\u010denici O\u0160 Slavinovi\u0107i sadnjom cvije\u0107a uljep\u0161ali \u0161kolsko dvori\u0161te\",\"datePublished\":\"2022-04-27T10:00:38+00:00\",\"dateModified\":\"2022-04-27T08:39:25+00:00\",\"mainEntityOfPage\":{\"@id\":\"https:\/\/tuzlainfo.ba\/index.php\/novosti\/item\/170507-foto-ucenici-os-slavinovici-sadnjom-cvijeca-uljepsali-skolsko-dvoriste\/\"},\"wordCount\":126,\"commentCount\":0,\"publisher\":{\"@id\":\"https:\/\/tuzlainfo.ba\/#organization\"},\"image\":{\"@id\":\"https:\/\/tuzlainfo.ba\/index.php\/novosti\/item\/170507-foto-ucenici-os-slavinovici-sadnjom-cvijeca-uljepsali-skolsko-dvoriste\/#primaryimage\"},\"thumbnailUrl\":\"https:\/\/tuzlainfo.ba\/wp-content\/uploads\/2022\/04\/2604_eko_slavin-4.jpg\",\"keywords\":[\"eko zeleni\",\"O\u0160 Slavinovi\u0107i\"],\"articleSection\":[\"Istaknuto\",\"Novosti\"],\"inLanguage\":\"bs-BA\"},{\"@type\":\"WebPage\",\"@id\":\"https:\/\/tuzlainfo.ba\/index.php\/novosti\/item\/170507-foto-ucenici-os-slavinovici-sadnjom-cvijeca-uljepsali-skolsko-dvoriste\/\",\"url\":\"https:\/\/tuzlainfo.ba\/index.php\/novosti\/item\/170507-foto-ucenici-os-slavinovici-sadnjom-cvijeca-uljepsali-skolsko-dvoriste\/\",\"name\":\"FOTO \/ U\u010denici O\u0160 Slavinovi\u0107i sadnjom cvije\u0107a uljep\u0161ali \u0161kolsko dvori\u0161te - TuzlaInfo.ba\",\"isPartOf\":{\"@id\":\"https:\/\/tuzlainfo.ba\/#website\"},\"primaryImageOfPage\":{\"@id\":\"https:\/\/tuzlainfo.ba\/index.php\/novosti\/item\/170507-foto-ucenici-os-slavinovici-sadnjom-cvijeca-uljepsali-skolsko-dvoriste\/#primaryimage\"},\"image\":{\"@id\":\"https:\/\/tuzlainfo.ba\/index.php\/novosti\/item\/170507-foto-ucenici-os-slavinovici-sadnjom-cvijeca-uljepsali-skolsko-dvoriste\/#primaryimage\"},\"thumbnailUrl\":\"https:\/\/tuzlainfo.ba\/wp-content\/uploads\/2022\/04\/2604_eko_slavin-4.jpg\",\"datePublished\":\"2022-04-27T10:00:38+00:00\",\"dateModified\":\"2022-04-27T08:39:25+00:00\",\"breadcrumb\":{\"@id\":\"https:\/\/tuzlainfo.ba\/index.php\/novosti\/item\/170507-foto-ucenici-os-slavinovici-sadnjom-cvijeca-uljepsali-skolsko-dvoriste\/#breadcrumb\"},\"inLanguage\":\"bs-BA\",\"potentialAction\":[{\"@type\":\"ReadAction\",\"target\":[\"https:\/\/tuzlainfo.ba\/index.php\/novosti\/item\/170507-foto-ucenici-os-slavinovici-sadnjom-cvijeca-uljepsali-skolsko-dvoriste\/\"]}]},{\"@type\":\"ImageObject\",\"inLanguage\":\"bs-BA\",\"@id\":\"https:\/\/tuzlainfo.ba\/index.php\/novosti\/item\/170507-foto-ucenici-os-slavinovici-sadnjom-cvijeca-uljepsali-skolsko-dvoriste\/#primaryimage\",\"url\":\"https:\/\/tuzlainfo.ba\/wp-content\/uploads\/2022\/04\/2604_eko_slavin-4.jpg\",\"contentUrl\":\"https:\/\/tuzlainfo.ba\/wp-content\/uploads\/2022\/04\/2604_eko_slavin-4.jpg\",\"width\":1170,\"height\":715},{\"@type\":\"BreadcrumbList\",\"@id\":\"https:\/\/tuzlainfo.ba\/index.php\/novosti\/item\/170507-foto-ucenici-os-slavinovici-sadnjom-cvijeca-uljepsali-skolsko-dvoriste\/#breadcrumb\",\"itemListElement\":[{\"@type\":\"ListItem\",\"position\":1,\"name\":\"Home\",\"item\":\"https:\/\/tuzlainfo.ba\/\"},{\"@type\":\"ListItem\",\"position\":2,\"name\":\"FOTO \/ U\u010denici O\u0160 Slavinovi\u0107i sadnjom cvije\u0107a uljep\u0161ali \u0161kolsko dvori\u0161te\"}]},{\"@type\":\"WebSite\",\"@id\":\"https:\/\/tuzlainfo.ba\/#website\",\"url\":\"https:\/\/tuzlainfo.ba\/\",\"name\":\"TuzlaInfo.ba\",\"description\":\"Tuzla info, gradski informator - Tuzla na dlanu\",\"publisher\":{\"@id\":\"https:\/\/tuzlainfo.ba\/#organization\"},\"potentialAction\":[{\"@type\":\"SearchAction\",\"target\":{\"@type\":\"EntryPoint\",\"urlTemplate\":\"https:\/\/tuzlainfo.ba\/?s={search_term_string}\"},\"query-input\":{\"@type\":\"PropertyValueSpecification\",\"valueRequired\":true,\"valueName\":\"search_term_string\"}}],\"inLanguage\":\"bs-BA\"},{\"@type\":\"Organization\",\"@id\":\"https:\/\/tuzlainfo.ba\/#organization\",\"name\":\"TuzlaInfo.ba\",\"url\":\"https:\/\/tuzlainfo.ba\/\",\"logo\":{\"@type\":\"ImageObject\",\"inLanguage\":\"bs-BA\",\"@id\":\"https:\/\/tuzlainfo.ba\/#\/schema\/logo\/image\/\",\"url\":\"https:\/\/tuzlainfo.ba\/wp-content\/uploads\/2021\/03\/logo-ver-3-1.png\",\"contentUrl\":\"https:\/\/tuzlainfo.ba\/wp-content\/uploads\/2021\/03\/logo-ver-3-1.png\",\"width\":350,\"height\":95,\"caption\":\"TuzlaInfo.ba\"},\"image\":{\"@id\":\"https:\/\/tuzlainfo.ba\/#\/schema\/logo\/image\/\"},\"sameAs\":[\"https:\/\/www.facebook.com\/tuzlainfo.ba\/\"]},{\"@type\":\"Person\",\"@id\":\"https:\/\/tuzlainfo.ba\/#\/schema\/person\/f434e20dc27ea133923aab08451b7f7f\",\"name\":\"nedim\",\"image\":{\"@type\":\"ImageObject\",\"inLanguage\":\"bs-BA\",\"@id\":\"https:\/\/tuzlainfo.ba\/#\/schema\/person\/image\/\",\"url\":\"https:\/\/tuzlainfo.ba\/wp-content\/litespeed\/avatar\/aabad687af24844af817603ac1cbdc4f.jpg?ver=1776702173\",\"contentUrl\":\"https:\/\/tuzlainfo.ba\/wp-content\/litespeed\/avatar\/aabad687af24844af817603ac1cbdc4f.jpg?ver=1776702173\",\"caption\":\"nedim\"},\"description\":\"Tuzlainfo.ba pratite na dru\u0161tvenim mre\u017eama: Facebook, Instagram i Youtube. Svoje pri\u010de, upite i fotografije \u0161aljite na na\u0161u e-mail adresu.\"}]}<\/script>\n<!-- \/ Yoast SEO plugin. -->","yoast_head_json":{"title":"FOTO \/ U\u010denici O\u0160 Slavinovi\u0107i sadnjom cvije\u0107a uljep\u0161ali \u0161kolsko dvori\u0161te - TuzlaInfo.ba","robots":{"index":"index","follow":"follow","max-snippet":"max-snippet:-1","max-image-preview":"max-image-preview:large","max-video-preview":"max-video-preview:-1"},"canonical":"https:\/\/tuzlainfo.ba\/index.php\/novosti\/item\/170507-foto-ucenici-os-slavinovici-sadnjom-cvijeca-uljepsali-skolsko-dvoriste\/","og_locale":"bs_BA","og_type":"article","og_title":"FOTO \/ U\u010denici O\u0160 Slavinovi\u0107i sadnjom cvije\u0107a uljep\u0161ali \u0161kolsko dvori\u0161te - TuzlaInfo.ba","og_description":"Od ju\u010de\u00a0 je dvori\u0161te JU O\u0160 \u201cSlavinovi\u0107i\u201d Tuzla, obojeno raznim bojama cvije\u0107a. Nove sadnice zasadili&hellip;","og_url":"https:\/\/tuzlainfo.ba\/index.php\/novosti\/item\/170507-foto-ucenici-os-slavinovici-sadnjom-cvijeca-uljepsali-skolsko-dvoriste\/","og_site_name":"TuzlaInfo.ba","article_publisher":"https:\/\/www.facebook.com\/tuzlainfo.ba\/","article_published_time":"2022-04-27T10:00:38+00:00","article_modified_time":"2022-04-27T08:39:25+00:00","og_image":[{"width":1170,"height":715,"url":"https:\/\/tuzlainfo.ba\/wp-content\/uploads\/2022\/04\/2604_eko_slavin-4.jpg","type":"image\/jpeg"}],"author":"nedim","twitter_card":"summary_large_image","twitter_misc":{"Written by":"nedim","Est. reading time":"1 minuta"},"schema":{"@context":"https:\/\/schema.org","@graph":[{"@type":"Article","@id":"https:\/\/tuzlainfo.ba\/index.php\/novosti\/item\/170507-foto-ucenici-os-slavinovici-sadnjom-cvijeca-uljepsali-skolsko-dvoriste\/#article","isPartOf":{"@id":"https:\/\/tuzlainfo.ba\/index.php\/novosti\/item\/170507-foto-ucenici-os-slavinovici-sadnjom-cvijeca-uljepsali-skolsko-dvoriste\/"},"author":{"name":"nedim","@id":"https:\/\/tuzlainfo.ba\/#\/schema\/person\/f434e20dc27ea133923aab08451b7f7f"},"headline":"FOTO \/ U\u010denici O\u0160 Slavinovi\u0107i sadnjom cvije\u0107a uljep\u0161ali \u0161kolsko dvori\u0161te","datePublished":"2022-04-27T10:00:38+00:00","dateModified":"2022-04-27T08:39:25+00:00","mainEntityOfPage":{"@id":"https:\/\/tuzlainfo.ba\/index.php\/novosti\/item\/170507-foto-ucenici-os-slavinovici-sadnjom-cvijeca-uljepsali-skolsko-dvoriste\/"},"wordCount":126,"commentCount":0,"publisher":{"@id":"https:\/\/tuzlainfo.ba\/#organization"},"image":{"@id":"https:\/\/tuzlainfo.ba\/index.php\/novosti\/item\/170507-foto-ucenici-os-slavinovici-sadnjom-cvijeca-uljepsali-skolsko-dvoriste\/#primaryimage"},"thumbnailUrl":"https:\/\/tuzlainfo.ba\/wp-content\/uploads\/2022\/04\/2604_eko_slavin-4.jpg","keywords":["eko zeleni","O\u0160 Slavinovi\u0107i"],"articleSection":["Istaknuto","Novosti"],"inLanguage":"bs-BA"},{"@type":"WebPage","@id":"https:\/\/tuzlainfo.ba\/index.php\/novosti\/item\/170507-foto-ucenici-os-slavinovici-sadnjom-cvijeca-uljepsali-skolsko-dvoriste\/","url":"https:\/\/tuzlainfo.ba\/index.php\/novosti\/item\/170507-foto-ucenici-os-slavinovici-sadnjom-cvijeca-uljepsali-skolsko-dvoriste\/","name":"FOTO \/ U\u010denici O\u0160 Slavinovi\u0107i sadnjom cvije\u0107a uljep\u0161ali \u0161kolsko dvori\u0161te - TuzlaInfo.ba","isPartOf":{"@id":"https:\/\/tuzlainfo.ba\/#website"},"primaryImageOfPage":{"@id":"https:\/\/tuzlainfo.ba\/index.php\/novosti\/item\/170507-foto-ucenici-os-slavinovici-sadnjom-cvijeca-uljepsali-skolsko-dvoriste\/#primaryimage"},"image":{"@id":"https:\/\/tuzlainfo.ba\/index.php\/novosti\/item\/170507-foto-ucenici-os-slavinovici-sadnjom-cvijeca-uljepsali-skolsko-dvoriste\/#primaryimage"},"thumbnailUrl":"https:\/\/tuzlainfo.ba\/wp-content\/uploads\/2022\/04\/2604_eko_slavin-4.jpg","datePublished":"2022-04-27T10:00:38+00:00","dateModified":"2022-04-27T08:39:25+00:00","breadcrumb":{"@id":"https:\/\/tuzlainfo.ba\/index.php\/novosti\/item\/170507-foto-ucenici-os-slavinovici-sadnjom-cvijeca-uljepsali-skolsko-dvoriste\/#breadcrumb"},"inLanguage":"bs-BA","potentialAction":[{"@type":"ReadAction","target":["https:\/\/tuzlainfo.ba\/index.php\/novosti\/item\/170507-foto-ucenici-os-slavinovici-sadnjom-cvijeca-uljepsali-skolsko-dvoriste\/"]}]},{"@type":"ImageObject","inLanguage":"bs-BA","@id":"https:\/\/tuzlainfo.ba\/index.php\/novosti\/item\/170507-foto-ucenici-os-slavinovici-sadnjom-cvijeca-uljepsali-skolsko-dvoriste\/#primaryimage","url":"https:\/\/tuzlainfo.ba\/wp-content\/uploads\/2022\/04\/2604_eko_slavin-4.jpg","contentUrl":"https:\/\/tuzlainfo.ba\/wp-content\/uploads\/2022\/04\/2604_eko_slavin-4.jpg","width":1170,"height":715},{"@type":"BreadcrumbList","@id":"https:\/\/tuzlainfo.ba\/index.php\/novosti\/item\/170507-foto-ucenici-os-slavinovici-sadnjom-cvijeca-uljepsali-skolsko-dvoriste\/#breadcrumb","itemListElement":[{"@type":"ListItem","position":1,"name":"Home","item":"https:\/\/tuzlainfo.ba\/"},{"@type":"ListItem","position":2,"name":"FOTO \/ U\u010denici O\u0160 Slavinovi\u0107i sadnjom cvije\u0107a uljep\u0161ali \u0161kolsko dvori\u0161te"}]},{"@type":"WebSite","@id":"https:\/\/tuzlainfo.ba\/#website","url":"https:\/\/tuzlainfo.ba\/","name":"TuzlaInfo.ba","description":"Tuzla info, gradski informator - Tuzla na dlanu","publisher":{"@id":"https:\/\/tuzlainfo.ba\/#organization"},"potentialAction":[{"@type":"SearchAction","target":{"@type":"EntryPoint","urlTemplate":"https:\/\/tuzlainfo.ba\/?s={search_term_string}"},"query-input":{"@type":"PropertyValueSpecification","valueRequired":true,"valueName":"search_term_string"}}],"inLanguage":"bs-BA"},{"@type":"Organization","@id":"https:\/\/tuzlainfo.ba\/#organization","name":"TuzlaInfo.ba","url":"https:\/\/tuzlainfo.ba\/","logo":{"@type":"ImageObject","inLanguage":"bs-BA","@id":"https:\/\/tuzlainfo.ba\/#\/schema\/logo\/image\/","url":"https:\/\/tuzlainfo.ba\/wp-content\/uploads\/2021\/03\/logo-ver-3-1.png","contentUrl":"https:\/\/tuzlainfo.ba\/wp-content\/uploads\/2021\/03\/logo-ver-3-1.png","width":350,"height":95,"caption":"TuzlaInfo.ba"},"image":{"@id":"https:\/\/tuzlainfo.ba\/#\/schema\/logo\/image\/"},"sameAs":["https:\/\/www.facebook.com\/tuzlainfo.ba\/"]},{"@type":"Person","@id":"https:\/\/tuzlainfo.ba\/#\/schema\/person\/f434e20dc27ea133923aab08451b7f7f","name":"nedim","image":{"@type":"ImageObject","inLanguage":"bs-BA","@id":"https:\/\/tuzlainfo.ba\/#\/schema\/person\/image\/","url":"https:\/\/tuzlainfo.ba\/wp-content\/litespeed\/avatar\/aabad687af24844af817603ac1cbdc4f.jpg?ver=1776702173","contentUrl":"https:\/\/tuzlainfo.ba\/wp-content\/litespeed\/avatar\/aabad687af24844af817603ac1cbdc4f.jpg?ver=1776702173","caption":"nedim"},"description":"Tuzlainfo.ba pratite na dru\u0161tvenim mre\u017eama: Facebook, Instagram i Youtube. Svoje pri\u010de, upite i fotografije \u0161aljite na na\u0161u e-mail adresu."}]}},"_links":{"self":[{"href":"https:\/\/tuzlainfo.ba\/index.php\/wp-json\/wp\/v2\/posts\/170507"}],"collection":[{"href":"https:\/\/tuzlainfo.ba\/index.php\/wp-json\/wp\/v2\/posts"}],"about":[{"href":"https:\/\/tuzlainfo.ba\/index.php\/wp-json\/wp\/v2\/types\/post"}],"author":[{"embeddable":true,"href":"https:\/\/tuzlainfo.ba\/index.php\/wp-json\/wp\/v2\/users\/2"}],"replies":[{"embeddable":true,"href":"https:\/\/tuzlainfo.ba\/index.php\/wp-json\/wp\/v2\/comments?post=170507"}],"version-history":[{"count":0,"href":"https:\/\/tuzlainfo.ba\/index.php\/wp-json\/wp\/v2\/posts\/170507\/revisions"}],"wp:featuredmedia":[{"embeddable":true,"href":"https:\/\/tuzlainfo.ba\/index.php\/wp-json\/wp\/v2\/media\/170511"}],"wp:attachment":[{"href":"https:\/\/tuzlainfo.ba\/index.php\/wp-json\/wp\/v2\/media?parent=170507"}],"wp:term":[{"taxonomy":"category","embeddable":true,"href":"https:\/\/tuzlainfo.ba\/index.php\/wp-json\/wp\/v2\/categories?post=170507"},{"taxonomy":"post_tag","embeddable":true,"href":"https:\/\/tuzlainfo.ba\/index.php\/wp-json\/wp\/v2\/tags?post=170507"}],"curies":[{"name":"wp","href":"https:\/\/api.w.org\/{rel}","templated":true}]}}