{"id":169653,"date":"2022-04-18T10:02:07","date_gmt":"2022-04-18T08:02:07","guid":{"rendered":"https:\/\/tuzlainfo.ba\/?p=169653"},"modified":"2022-04-18T08:23:02","modified_gmt":"2022-04-18T06:23:02","slug":"foto-dokanj-uskrs-proslavljen-uz-svecani-koncert-i-druzenje","status":"publish","type":"post","link":"https:\/\/tuzlainfo.ba\/index.php\/novosti\/item\/169653-foto-dokanj-uskrs-proslavljen-uz-svecani-koncert-i-druzenje\/","title":{"rendered":"FOTO \/ Dokanj: Uskrs proslavljen uz sve\u010dani koncert i dru\u017eenje"},"content":{"rendered":"<p>U povodu Uskrsa, najve\u0107eg kr\u0161\u0107anskog blagdana, Kulturno umjetni\u010dko dru\u0161tvo sveti Ilija (Dokanj) sino\u0107 je organizovalo sve\u010dani koncert u ovom mjestu.<\/p>\n<p>Pored doma\u0107ina, na koncertu su nastupili i \u010dlanovi Folklornog ansambla &#8220;Panonija&#8221;.<\/p>\n<p>&#8211; \u010clanovi FA &#8220;Panonija&#8221; Tuzla su sa velikim zadovoljstvom u\u010destvovali na manifestaciji u Doknju, gdje su zajedno sa svojim prijateljima iz KUD-a &#8220;Sveti Ilija&#8221; uveli\u010dali proslavu katoli\u010dkog blagdana Uskrsa. Prisutni su mogli u\u017eivati u raznim folklornim koreografijama pomenutih kudova, navode iz Panonije.<\/p>\n<p>Naravno, proslava Uskrsa nije mogla pro\u0107i bez \u0161arenih jaja \u010demu su se najvi\u0161e djeca obradovala.<\/p>\n<div id=\"penci-post-gallery__49170\" class=\"penci-post-gallery-container masonry grid column-3\" data-height=\"150\" data-margin=\"3\"><div class=\"inner-gallery-masonry-container\"><div class=\"item-gallery-masonry grid\"><a class=\"\" href=\"https:\/\/tuzlainfo.ba\/wp-content\/uploads\/2022\/04\/uskrs1.jpg\"><div class=\"inner-item-masonry-gallery\"><img decoding=\"async\" src=\"https:\/\/tuzlainfo.ba\/wp-content\/uploads\/2022\/04\/uskrs1-585x390.jpg\" alt=\"\" title=\"uskrs1\"><\/div><\/a><\/div><div class=\"item-gallery-masonry grid\"><a class=\"\" href=\"https:\/\/tuzlainfo.ba\/wp-content\/uploads\/2022\/04\/uskrs2.jpg\"><div class=\"inner-item-masonry-gallery\"><img decoding=\"async\" src=\"https:\/\/tuzlainfo.ba\/wp-content\/uploads\/2022\/04\/uskrs2-585x390.jpg\" alt=\"\" title=\"uskrs2\"><\/div><\/a><\/div><div class=\"item-gallery-masonry grid\"><a class=\"\" href=\"https:\/\/tuzlainfo.ba\/wp-content\/uploads\/2022\/04\/uskrs3.jpg\"><div class=\"inner-item-masonry-gallery\"><img decoding=\"async\" src=\"https:\/\/tuzlainfo.ba\/wp-content\/uploads\/2022\/04\/uskrs3-585x390.jpg\" alt=\"\" title=\"uskrs3\"><\/div><\/a><\/div><div class=\"item-gallery-masonry grid\"><a class=\"\" href=\"https:\/\/tuzlainfo.ba\/wp-content\/uploads\/2022\/04\/uskrs4.jpg\"><div class=\"inner-item-masonry-gallery\"><img decoding=\"async\" src=\"https:\/\/tuzlainfo.ba\/wp-content\/uploads\/2022\/04\/uskrs4-585x390.jpg\" alt=\"\" title=\"uskrs4\"><\/div><\/a><\/div><div class=\"item-gallery-masonry grid\"><a class=\"\" href=\"https:\/\/tuzlainfo.ba\/wp-content\/uploads\/2022\/04\/uskrs5.jpg\"><div class=\"inner-item-masonry-gallery\"><img decoding=\"async\" src=\"https:\/\/tuzlainfo.ba\/wp-content\/uploads\/2022\/04\/uskrs5-585x390.jpg\" alt=\"\" title=\"uskrs5\"><\/div><\/a><\/div><div class=\"item-gallery-masonry grid\"><a class=\"\" href=\"https:\/\/tuzlainfo.ba\/wp-content\/uploads\/2022\/04\/uskrs6.jpg\"><div class=\"inner-item-masonry-gallery\"><img decoding=\"async\" src=\"https:\/\/tuzlainfo.ba\/wp-content\/uploads\/2022\/04\/uskrs6-585x390.jpg\" alt=\"\" title=\"uskrs6\"><\/div><\/a><\/div><div class=\"item-gallery-masonry grid\"><a class=\"\" href=\"https:\/\/tuzlainfo.ba\/wp-content\/uploads\/2022\/04\/uskrs8.jpg\"><div class=\"inner-item-masonry-gallery\"><img decoding=\"async\" src=\"https:\/\/tuzlainfo.ba\/wp-content\/uploads\/2022\/04\/uskrs8-585x390.jpg\" alt=\"\" title=\"uskrs8\"><\/div><\/a><\/div><div class=\"item-gallery-masonry grid\"><a class=\"\" href=\"https:\/\/tuzlainfo.ba\/wp-content\/uploads\/2022\/04\/uskrs12.jpg\"><div class=\"inner-item-masonry-gallery\"><img decoding=\"async\" src=\"https:\/\/tuzlainfo.ba\/wp-content\/uploads\/2022\/04\/uskrs12-585x390.jpg\" alt=\"\" title=\"uskrs12\"><\/div><\/a><\/div><div class=\"item-gallery-masonry grid\"><a class=\"\" href=\"https:\/\/tuzlainfo.ba\/wp-content\/uploads\/2022\/04\/uskrs13.jpg\"><div class=\"inner-item-masonry-gallery\"><img decoding=\"async\" src=\"https:\/\/tuzlainfo.ba\/wp-content\/uploads\/2022\/04\/uskrs13-585x390.jpg\" alt=\"\" title=\"uskrs13\"><\/div><\/a><\/div><div class=\"item-gallery-masonry grid\"><a class=\"\" href=\"https:\/\/tuzlainfo.ba\/wp-content\/uploads\/2022\/04\/uskrs14.jpg\"><div class=\"inner-item-masonry-gallery\"><img decoding=\"async\" src=\"https:\/\/tuzlainfo.ba\/wp-content\/uploads\/2022\/04\/uskrs14-585x390.jpg\" alt=\"\" title=\"uskrs14\"><\/div><\/a><\/div><div class=\"item-gallery-masonry grid\"><a class=\"\" href=\"https:\/\/tuzlainfo.ba\/wp-content\/uploads\/2022\/04\/uskrs15.jpg\"><div class=\"inner-item-masonry-gallery\"><img decoding=\"async\" src=\"https:\/\/tuzlainfo.ba\/wp-content\/uploads\/2022\/04\/uskrs15-585x390.jpg\" alt=\"\" title=\"uskrs15\"><\/div><\/a><\/div><\/div><\/div>\n<p>&nbsp;<\/p>\n<p>Organizovano je i takmi\u010denje u tucanju jaja, a pobjedu je odnijela Emina Hamzi\u0107, kojoj su doma\u0107ini uru\u010dili i prigodne poklone.<\/p>\n<p>Svi prisutni su u\u017eivali u bogatoj trpezi i svemu lijepome \u0161to Uskrs donosi: dru\u017eenju, prijateljstvu, njegovanju tradicije i obi\u010daja.<\/p>\n<p>Nakon koncerta, goste su zabavljali \u010dlanovi izvorne grupe &#8220;Tradicija&#8221;. <strong>\/S. P.\/<\/strong><\/p>\n","protected":false},"excerpt":{"rendered":"<p>U povodu Uskrsa, najve\u0107eg kr\u0161\u0107anskog blagdana, Kulturno umjetni\u010dko dru\u0161tvo sveti Ilija (Dokanj) sino\u0107 je organizovalo&hellip;<\/p>\n","protected":false},"author":2,"featured_media":169654,"comment_status":"open","ping_status":"closed","sticky":false,"template":"","format":"standard","meta":{"_acf_changed":false,"footnotes":""},"categories":[304,12],"tags":[1512,4541],"acf":[],"yoast_head":"<!-- This site is optimized with the Yoast SEO plugin v23.5 - https:\/\/yoast.com\/wordpress\/plugins\/seo\/ -->\n<title>FOTO \/ Dokanj: Uskrs proslavljen uz sve\u010dani koncert i dru\u017eenje - TuzlaInfo.ba<\/title>\n<meta name=\"robots\" content=\"index, follow, max-snippet:-1, max-image-preview:large, max-video-preview:-1\" \/>\n<link rel=\"canonical\" href=\"https:\/\/tuzlainfo.ba\/index.php\/novosti\/item\/169653-foto-dokanj-uskrs-proslavljen-uz-svecani-koncert-i-druzenje\/\" \/>\n<meta property=\"og:locale\" content=\"bs_BA\" \/>\n<meta property=\"og:type\" content=\"article\" \/>\n<meta property=\"og:title\" content=\"FOTO \/ Dokanj: Uskrs proslavljen uz sve\u010dani koncert i dru\u017eenje - TuzlaInfo.ba\" \/>\n<meta property=\"og:description\" content=\"U povodu Uskrsa, najve\u0107eg kr\u0161\u0107anskog blagdana, Kulturno umjetni\u010dko dru\u0161tvo sveti Ilija (Dokanj) sino\u0107 je organizovalo&hellip;\" \/>\n<meta property=\"og:url\" content=\"https:\/\/tuzlainfo.ba\/index.php\/novosti\/item\/169653-foto-dokanj-uskrs-proslavljen-uz-svecani-koncert-i-druzenje\/\" \/>\n<meta property=\"og:site_name\" content=\"TuzlaInfo.ba\" \/>\n<meta property=\"article:publisher\" content=\"https:\/\/www.facebook.com\/tuzlainfo.ba\/\" \/>\n<meta property=\"article:published_time\" content=\"2022-04-18T08:02:07+00:00\" \/>\n<meta property=\"article:modified_time\" content=\"2022-04-18T06:23:02+00:00\" \/>\n<meta property=\"og:image\" content=\"https:\/\/tuzlainfo.ba\/wp-content\/uploads\/2022\/04\/uskrs1.jpg\" \/>\n\t<meta property=\"og:image:width\" content=\"1000\" \/>\n\t<meta property=\"og:image:height\" content=\"787\" \/>\n\t<meta property=\"og:image:type\" content=\"image\/jpeg\" \/>\n<meta name=\"author\" content=\"nedim\" \/>\n<meta name=\"twitter:card\" content=\"summary_large_image\" \/>\n<meta name=\"twitter:label1\" content=\"Written by\" \/>\n\t<meta name=\"twitter:data1\" content=\"nedim\" \/>\n\t<meta name=\"twitter:label2\" content=\"Est. reading time\" \/>\n\t<meta name=\"twitter:data2\" content=\"1 minuta\" \/>\n<script type=\"application\/ld+json\" class=\"yoast-schema-graph\">{\"@context\":\"https:\/\/schema.org\",\"@graph\":[{\"@type\":\"Article\",\"@id\":\"https:\/\/tuzlainfo.ba\/index.php\/novosti\/item\/169653-foto-dokanj-uskrs-proslavljen-uz-svecani-koncert-i-druzenje\/#article\",\"isPartOf\":{\"@id\":\"https:\/\/tuzlainfo.ba\/index.php\/novosti\/item\/169653-foto-dokanj-uskrs-proslavljen-uz-svecani-koncert-i-druzenje\/\"},\"author\":{\"name\":\"nedim\",\"@id\":\"https:\/\/tuzlainfo.ba\/#\/schema\/person\/f434e20dc27ea133923aab08451b7f7f\"},\"headline\":\"FOTO \/ Dokanj: Uskrs proslavljen uz sve\u010dani koncert i dru\u017eenje\",\"datePublished\":\"2022-04-18T08:02:07+00:00\",\"dateModified\":\"2022-04-18T06:23:02+00:00\",\"mainEntityOfPage\":{\"@id\":\"https:\/\/tuzlainfo.ba\/index.php\/novosti\/item\/169653-foto-dokanj-uskrs-proslavljen-uz-svecani-koncert-i-druzenje\/\"},\"wordCount\":173,\"commentCount\":0,\"publisher\":{\"@id\":\"https:\/\/tuzlainfo.ba\/#organization\"},\"image\":{\"@id\":\"https:\/\/tuzlainfo.ba\/index.php\/novosti\/item\/169653-foto-dokanj-uskrs-proslavljen-uz-svecani-koncert-i-druzenje\/#primaryimage\"},\"thumbnailUrl\":\"https:\/\/tuzlainfo.ba\/wp-content\/uploads\/2022\/04\/uskrs1.jpg\",\"keywords\":[\"dokanj\",\"uskrs\"],\"articleSection\":[\"Istaknuto\",\"Novosti\"],\"inLanguage\":\"bs-BA\"},{\"@type\":\"WebPage\",\"@id\":\"https:\/\/tuzlainfo.ba\/index.php\/novosti\/item\/169653-foto-dokanj-uskrs-proslavljen-uz-svecani-koncert-i-druzenje\/\",\"url\":\"https:\/\/tuzlainfo.ba\/index.php\/novosti\/item\/169653-foto-dokanj-uskrs-proslavljen-uz-svecani-koncert-i-druzenje\/\",\"name\":\"FOTO \/ Dokanj: Uskrs proslavljen uz sve\u010dani koncert i dru\u017eenje - TuzlaInfo.ba\",\"isPartOf\":{\"@id\":\"https:\/\/tuzlainfo.ba\/#website\"},\"primaryImageOfPage\":{\"@id\":\"https:\/\/tuzlainfo.ba\/index.php\/novosti\/item\/169653-foto-dokanj-uskrs-proslavljen-uz-svecani-koncert-i-druzenje\/#primaryimage\"},\"image\":{\"@id\":\"https:\/\/tuzlainfo.ba\/index.php\/novosti\/item\/169653-foto-dokanj-uskrs-proslavljen-uz-svecani-koncert-i-druzenje\/#primaryimage\"},\"thumbnailUrl\":\"https:\/\/tuzlainfo.ba\/wp-content\/uploads\/2022\/04\/uskrs1.jpg\",\"datePublished\":\"2022-04-18T08:02:07+00:00\",\"dateModified\":\"2022-04-18T06:23:02+00:00\",\"breadcrumb\":{\"@id\":\"https:\/\/tuzlainfo.ba\/index.php\/novosti\/item\/169653-foto-dokanj-uskrs-proslavljen-uz-svecani-koncert-i-druzenje\/#breadcrumb\"},\"inLanguage\":\"bs-BA\",\"potentialAction\":[{\"@type\":\"ReadAction\",\"target\":[\"https:\/\/tuzlainfo.ba\/index.php\/novosti\/item\/169653-foto-dokanj-uskrs-proslavljen-uz-svecani-koncert-i-druzenje\/\"]}]},{\"@type\":\"ImageObject\",\"inLanguage\":\"bs-BA\",\"@id\":\"https:\/\/tuzlainfo.ba\/index.php\/novosti\/item\/169653-foto-dokanj-uskrs-proslavljen-uz-svecani-koncert-i-druzenje\/#primaryimage\",\"url\":\"https:\/\/tuzlainfo.ba\/wp-content\/uploads\/2022\/04\/uskrs1.jpg\",\"contentUrl\":\"https:\/\/tuzlainfo.ba\/wp-content\/uploads\/2022\/04\/uskrs1.jpg\",\"width\":1000,\"height\":787},{\"@type\":\"BreadcrumbList\",\"@id\":\"https:\/\/tuzlainfo.ba\/index.php\/novosti\/item\/169653-foto-dokanj-uskrs-proslavljen-uz-svecani-koncert-i-druzenje\/#breadcrumb\",\"itemListElement\":[{\"@type\":\"ListItem\",\"position\":1,\"name\":\"Home\",\"item\":\"https:\/\/tuzlainfo.ba\/\"},{\"@type\":\"ListItem\",\"position\":2,\"name\":\"FOTO \/ Dokanj: Uskrs proslavljen uz sve\u010dani koncert i dru\u017eenje\"}]},{\"@type\":\"WebSite\",\"@id\":\"https:\/\/tuzlainfo.ba\/#website\",\"url\":\"https:\/\/tuzlainfo.ba\/\",\"name\":\"TuzlaInfo.ba\",\"description\":\"Tuzla info, gradski informator - Tuzla na dlanu\",\"publisher\":{\"@id\":\"https:\/\/tuzlainfo.ba\/#organization\"},\"potentialAction\":[{\"@type\":\"SearchAction\",\"target\":{\"@type\":\"EntryPoint\",\"urlTemplate\":\"https:\/\/tuzlainfo.ba\/?s={search_term_string}\"},\"query-input\":{\"@type\":\"PropertyValueSpecification\",\"valueRequired\":true,\"valueName\":\"search_term_string\"}}],\"inLanguage\":\"bs-BA\"},{\"@type\":\"Organization\",\"@id\":\"https:\/\/tuzlainfo.ba\/#organization\",\"name\":\"TuzlaInfo.ba\",\"url\":\"https:\/\/tuzlainfo.ba\/\",\"logo\":{\"@type\":\"ImageObject\",\"inLanguage\":\"bs-BA\",\"@id\":\"https:\/\/tuzlainfo.ba\/#\/schema\/logo\/image\/\",\"url\":\"https:\/\/tuzlainfo.ba\/wp-content\/uploads\/2021\/03\/logo-ver-3-1.png\",\"contentUrl\":\"https:\/\/tuzlainfo.ba\/wp-content\/uploads\/2021\/03\/logo-ver-3-1.png\",\"width\":350,\"height\":95,\"caption\":\"TuzlaInfo.ba\"},\"image\":{\"@id\":\"https:\/\/tuzlainfo.ba\/#\/schema\/logo\/image\/\"},\"sameAs\":[\"https:\/\/www.facebook.com\/tuzlainfo.ba\/\"]},{\"@type\":\"Person\",\"@id\":\"https:\/\/tuzlainfo.ba\/#\/schema\/person\/f434e20dc27ea133923aab08451b7f7f\",\"name\":\"nedim\",\"image\":{\"@type\":\"ImageObject\",\"inLanguage\":\"bs-BA\",\"@id\":\"https:\/\/tuzlainfo.ba\/#\/schema\/person\/image\/\",\"url\":\"https:\/\/tuzlainfo.ba\/wp-content\/litespeed\/avatar\/aabad687af24844af817603ac1cbdc4f.jpg?ver=1777306975\",\"contentUrl\":\"https:\/\/tuzlainfo.ba\/wp-content\/litespeed\/avatar\/aabad687af24844af817603ac1cbdc4f.jpg?ver=1777306975\",\"caption\":\"nedim\"},\"description\":\"Tuzlainfo.ba pratite na dru\u0161tvenim mre\u017eama: Facebook, Instagram i Youtube. Svoje pri\u010de, upite i fotografije \u0161aljite na na\u0161u e-mail adresu.\"}]}<\/script>\n<!-- \/ Yoast SEO plugin. -->","yoast_head_json":{"title":"FOTO \/ Dokanj: Uskrs proslavljen uz sve\u010dani koncert i dru\u017eenje - TuzlaInfo.ba","robots":{"index":"index","follow":"follow","max-snippet":"max-snippet:-1","max-image-preview":"max-image-preview:large","max-video-preview":"max-video-preview:-1"},"canonical":"https:\/\/tuzlainfo.ba\/index.php\/novosti\/item\/169653-foto-dokanj-uskrs-proslavljen-uz-svecani-koncert-i-druzenje\/","og_locale":"bs_BA","og_type":"article","og_title":"FOTO \/ Dokanj: Uskrs proslavljen uz sve\u010dani koncert i dru\u017eenje - TuzlaInfo.ba","og_description":"U povodu Uskrsa, najve\u0107eg kr\u0161\u0107anskog blagdana, Kulturno umjetni\u010dko dru\u0161tvo sveti Ilija (Dokanj) sino\u0107 je organizovalo&hellip;","og_url":"https:\/\/tuzlainfo.ba\/index.php\/novosti\/item\/169653-foto-dokanj-uskrs-proslavljen-uz-svecani-koncert-i-druzenje\/","og_site_name":"TuzlaInfo.ba","article_publisher":"https:\/\/www.facebook.com\/tuzlainfo.ba\/","article_published_time":"2022-04-18T08:02:07+00:00","article_modified_time":"2022-04-18T06:23:02+00:00","og_image":[{"width":1000,"height":787,"url":"https:\/\/tuzlainfo.ba\/wp-content\/uploads\/2022\/04\/uskrs1.jpg","type":"image\/jpeg"}],"author":"nedim","twitter_card":"summary_large_image","twitter_misc":{"Written by":"nedim","Est. reading time":"1 minuta"},"schema":{"@context":"https:\/\/schema.org","@graph":[{"@type":"Article","@id":"https:\/\/tuzlainfo.ba\/index.php\/novosti\/item\/169653-foto-dokanj-uskrs-proslavljen-uz-svecani-koncert-i-druzenje\/#article","isPartOf":{"@id":"https:\/\/tuzlainfo.ba\/index.php\/novosti\/item\/169653-foto-dokanj-uskrs-proslavljen-uz-svecani-koncert-i-druzenje\/"},"author":{"name":"nedim","@id":"https:\/\/tuzlainfo.ba\/#\/schema\/person\/f434e20dc27ea133923aab08451b7f7f"},"headline":"FOTO \/ Dokanj: Uskrs proslavljen uz sve\u010dani koncert i dru\u017eenje","datePublished":"2022-04-18T08:02:07+00:00","dateModified":"2022-04-18T06:23:02+00:00","mainEntityOfPage":{"@id":"https:\/\/tuzlainfo.ba\/index.php\/novosti\/item\/169653-foto-dokanj-uskrs-proslavljen-uz-svecani-koncert-i-druzenje\/"},"wordCount":173,"commentCount":0,"publisher":{"@id":"https:\/\/tuzlainfo.ba\/#organization"},"image":{"@id":"https:\/\/tuzlainfo.ba\/index.php\/novosti\/item\/169653-foto-dokanj-uskrs-proslavljen-uz-svecani-koncert-i-druzenje\/#primaryimage"},"thumbnailUrl":"https:\/\/tuzlainfo.ba\/wp-content\/uploads\/2022\/04\/uskrs1.jpg","keywords":["dokanj","uskrs"],"articleSection":["Istaknuto","Novosti"],"inLanguage":"bs-BA"},{"@type":"WebPage","@id":"https:\/\/tuzlainfo.ba\/index.php\/novosti\/item\/169653-foto-dokanj-uskrs-proslavljen-uz-svecani-koncert-i-druzenje\/","url":"https:\/\/tuzlainfo.ba\/index.php\/novosti\/item\/169653-foto-dokanj-uskrs-proslavljen-uz-svecani-koncert-i-druzenje\/","name":"FOTO \/ Dokanj: Uskrs proslavljen uz sve\u010dani koncert i dru\u017eenje - TuzlaInfo.ba","isPartOf":{"@id":"https:\/\/tuzlainfo.ba\/#website"},"primaryImageOfPage":{"@id":"https:\/\/tuzlainfo.ba\/index.php\/novosti\/item\/169653-foto-dokanj-uskrs-proslavljen-uz-svecani-koncert-i-druzenje\/#primaryimage"},"image":{"@id":"https:\/\/tuzlainfo.ba\/index.php\/novosti\/item\/169653-foto-dokanj-uskrs-proslavljen-uz-svecani-koncert-i-druzenje\/#primaryimage"},"thumbnailUrl":"https:\/\/tuzlainfo.ba\/wp-content\/uploads\/2022\/04\/uskrs1.jpg","datePublished":"2022-04-18T08:02:07+00:00","dateModified":"2022-04-18T06:23:02+00:00","breadcrumb":{"@id":"https:\/\/tuzlainfo.ba\/index.php\/novosti\/item\/169653-foto-dokanj-uskrs-proslavljen-uz-svecani-koncert-i-druzenje\/#breadcrumb"},"inLanguage":"bs-BA","potentialAction":[{"@type":"ReadAction","target":["https:\/\/tuzlainfo.ba\/index.php\/novosti\/item\/169653-foto-dokanj-uskrs-proslavljen-uz-svecani-koncert-i-druzenje\/"]}]},{"@type":"ImageObject","inLanguage":"bs-BA","@id":"https:\/\/tuzlainfo.ba\/index.php\/novosti\/item\/169653-foto-dokanj-uskrs-proslavljen-uz-svecani-koncert-i-druzenje\/#primaryimage","url":"https:\/\/tuzlainfo.ba\/wp-content\/uploads\/2022\/04\/uskrs1.jpg","contentUrl":"https:\/\/tuzlainfo.ba\/wp-content\/uploads\/2022\/04\/uskrs1.jpg","width":1000,"height":787},{"@type":"BreadcrumbList","@id":"https:\/\/tuzlainfo.ba\/index.php\/novosti\/item\/169653-foto-dokanj-uskrs-proslavljen-uz-svecani-koncert-i-druzenje\/#breadcrumb","itemListElement":[{"@type":"ListItem","position":1,"name":"Home","item":"https:\/\/tuzlainfo.ba\/"},{"@type":"ListItem","position":2,"name":"FOTO \/ Dokanj: Uskrs proslavljen uz sve\u010dani koncert i dru\u017eenje"}]},{"@type":"WebSite","@id":"https:\/\/tuzlainfo.ba\/#website","url":"https:\/\/tuzlainfo.ba\/","name":"TuzlaInfo.ba","description":"Tuzla info, gradski informator - Tuzla na dlanu","publisher":{"@id":"https:\/\/tuzlainfo.ba\/#organization"},"potentialAction":[{"@type":"SearchAction","target":{"@type":"EntryPoint","urlTemplate":"https:\/\/tuzlainfo.ba\/?s={search_term_string}"},"query-input":{"@type":"PropertyValueSpecification","valueRequired":true,"valueName":"search_term_string"}}],"inLanguage":"bs-BA"},{"@type":"Organization","@id":"https:\/\/tuzlainfo.ba\/#organization","name":"TuzlaInfo.ba","url":"https:\/\/tuzlainfo.ba\/","logo":{"@type":"ImageObject","inLanguage":"bs-BA","@id":"https:\/\/tuzlainfo.ba\/#\/schema\/logo\/image\/","url":"https:\/\/tuzlainfo.ba\/wp-content\/uploads\/2021\/03\/logo-ver-3-1.png","contentUrl":"https:\/\/tuzlainfo.ba\/wp-content\/uploads\/2021\/03\/logo-ver-3-1.png","width":350,"height":95,"caption":"TuzlaInfo.ba"},"image":{"@id":"https:\/\/tuzlainfo.ba\/#\/schema\/logo\/image\/"},"sameAs":["https:\/\/www.facebook.com\/tuzlainfo.ba\/"]},{"@type":"Person","@id":"https:\/\/tuzlainfo.ba\/#\/schema\/person\/f434e20dc27ea133923aab08451b7f7f","name":"nedim","image":{"@type":"ImageObject","inLanguage":"bs-BA","@id":"https:\/\/tuzlainfo.ba\/#\/schema\/person\/image\/","url":"https:\/\/tuzlainfo.ba\/wp-content\/litespeed\/avatar\/aabad687af24844af817603ac1cbdc4f.jpg?ver=1777306975","contentUrl":"https:\/\/tuzlainfo.ba\/wp-content\/litespeed\/avatar\/aabad687af24844af817603ac1cbdc4f.jpg?ver=1777306975","caption":"nedim"},"description":"Tuzlainfo.ba pratite na dru\u0161tvenim mre\u017eama: Facebook, Instagram i Youtube. Svoje pri\u010de, upite i fotografije \u0161aljite na na\u0161u e-mail adresu."}]}},"_links":{"self":[{"href":"https:\/\/tuzlainfo.ba\/index.php\/wp-json\/wp\/v2\/posts\/169653"}],"collection":[{"href":"https:\/\/tuzlainfo.ba\/index.php\/wp-json\/wp\/v2\/posts"}],"about":[{"href":"https:\/\/tuzlainfo.ba\/index.php\/wp-json\/wp\/v2\/types\/post"}],"author":[{"embeddable":true,"href":"https:\/\/tuzlainfo.ba\/index.php\/wp-json\/wp\/v2\/users\/2"}],"replies":[{"embeddable":true,"href":"https:\/\/tuzlainfo.ba\/index.php\/wp-json\/wp\/v2\/comments?post=169653"}],"version-history":[{"count":0,"href":"https:\/\/tuzlainfo.ba\/index.php\/wp-json\/wp\/v2\/posts\/169653\/revisions"}],"wp:featuredmedia":[{"embeddable":true,"href":"https:\/\/tuzlainfo.ba\/index.php\/wp-json\/wp\/v2\/media\/169654"}],"wp:attachment":[{"href":"https:\/\/tuzlainfo.ba\/index.php\/wp-json\/wp\/v2\/media?parent=169653"}],"wp:term":[{"taxonomy":"category","embeddable":true,"href":"https:\/\/tuzlainfo.ba\/index.php\/wp-json\/wp\/v2\/categories?post=169653"},{"taxonomy":"post_tag","embeddable":true,"href":"https:\/\/tuzlainfo.ba\/index.php\/wp-json\/wp\/v2\/tags?post=169653"}],"curies":[{"name":"wp","href":"https:\/\/api.w.org\/{rel}","templated":true}]}}