{"id":169576,"date":"2022-04-17T16:05:18","date_gmt":"2022-04-17T14:05:18","guid":{"rendered":"https:\/\/tuzlainfo.ba\/?p=169576"},"modified":"2022-04-17T12:17:39","modified_gmt":"2022-04-17T10:17:39","slug":"predstavljamo-vis-merak-vise-od-15-godina-njeguju-ilahiju-i-sevdalinku","status":"publish","type":"post","link":"https:\/\/tuzlainfo.ba\/index.php\/novosti\/item\/169576-predstavljamo-vis-merak-vise-od-15-godina-njeguju-ilahiju-i-sevdalinku\/","title":{"rendered":"Predstavljamo VIS Merak: Vi\u0161e od 15 godina njeguju ilahiju i sevdalinku"},"content":{"rendered":"<div>Vokalno-instrumentalni sastav &#8220;Merak&#8221; Sapna osnovan je sada ve\u0107 davne 2005. godine, kao muzi\u010dka sekcija u okviru istoimenog Kulturno-umjetni\u010dkog dru\u0161tva.<\/div>\n<p>VIS Merak broji preko 20 stalnih \u010dlanova, koji godinama te\u017ee jednom cilju &#8211; predstaviti sebe i svoju op\u0161tinu u najboljem svjetlu.<\/p>\n<p>&#8211; Sati rada i truda \u010dlanova na\u0161eg sastava sa\u017eeti su u mnoge diplome, zahvalnice i nagrade. Tokom dugogodi\u0161njeg postojanja, uvijek smo se rado odazivali humanitarnim koncertima, \u010desto putovali po na\u0161oj domovini i inostranstvu i sa svakog putovanja ponijeli mno\u0161tvo lijepih uspomena, navode \u010dlanovi VIS Merak Sapna.<\/p>\n<p>Sve navedeno ne bi bilo mogu\u0107e bez umjetni\u010dkog rokovodioca sastava Merak &#8211; profesora Muhameda Omerovi\u0107a koji godinama omladinu sa prostora op\u0107ine Sapna okuplja s jednom svrhom &#8211; da njeguju\u0107i ilahiju i sevdalinku \u010duvaju bo\u0161nja\u010dku tradiciju.<\/p>\n<div id=\"penci-post-gallery__79209\" class=\"penci-post-gallery-container masonry grid column-3\" data-height=\"150\" data-margin=\"3\"><div class=\"inner-gallery-masonry-container\"><div class=\"item-gallery-masonry grid\"><a class=\"\" href=\"https:\/\/tuzlainfo.ba\/wp-content\/uploads\/2022\/04\/1704_vis_merak-7.jpg\"><div class=\"inner-item-masonry-gallery\"><img decoding=\"async\" src=\"https:\/\/tuzlainfo.ba\/wp-content\/uploads\/2022\/04\/1704_vis_merak-7-585x390.jpg\" alt=\"\" title=\"1704_vis_merak (7)\"><\/div><\/a><\/div><div class=\"item-gallery-masonry grid\"><a class=\"\" href=\"https:\/\/tuzlainfo.ba\/wp-content\/uploads\/2022\/04\/1704_vis_merak-6.jpg\"><div class=\"inner-item-masonry-gallery\"><img decoding=\"async\" src=\"https:\/\/tuzlainfo.ba\/wp-content\/uploads\/2022\/04\/1704_vis_merak-6-585x390.jpg\" alt=\"\" title=\"1704_vis_merak (6)\"><\/div><\/a><\/div><div class=\"item-gallery-masonry grid\"><a class=\"\" href=\"https:\/\/tuzlainfo.ba\/wp-content\/uploads\/2022\/04\/1704_vis_merak-5.jpg\"><div class=\"inner-item-masonry-gallery\"><img decoding=\"async\" src=\"https:\/\/tuzlainfo.ba\/wp-content\/uploads\/2022\/04\/1704_vis_merak-5-585x390.jpg\" alt=\"\" title=\"1704_vis_merak (5)\"><\/div><\/a><\/div><div class=\"item-gallery-masonry grid\"><a class=\"\" href=\"https:\/\/tuzlainfo.ba\/wp-content\/uploads\/2022\/04\/1704_vis_merak-4.jpg\"><div class=\"inner-item-masonry-gallery\"><img decoding=\"async\" src=\"https:\/\/tuzlainfo.ba\/wp-content\/uploads\/2022\/04\/1704_vis_merak-4-585x390.jpg\" alt=\"\" title=\"1704_vis_merak (4)\"><\/div><\/a><\/div><div class=\"item-gallery-masonry grid\"><a class=\"\" href=\"https:\/\/tuzlainfo.ba\/wp-content\/uploads\/2022\/04\/1704_vis_merak-3.jpg\"><div class=\"inner-item-masonry-gallery\"><img decoding=\"async\" src=\"https:\/\/tuzlainfo.ba\/wp-content\/uploads\/2022\/04\/1704_vis_merak-3-585x390.jpg\" alt=\"\" title=\"1704_vis_merak (3)\"><\/div><\/a><\/div><div class=\"item-gallery-masonry grid\"><a class=\"\" href=\"https:\/\/tuzlainfo.ba\/wp-content\/uploads\/2022\/04\/1704_vis_merak-2.jpg\"><div class=\"inner-item-masonry-gallery\"><img decoding=\"async\" src=\"https:\/\/tuzlainfo.ba\/wp-content\/uploads\/2022\/04\/1704_vis_merak-2-585x390.jpg\" alt=\"\" title=\"1704_vis_merak (2)\"><\/div><\/a><\/div><\/div><\/div>\n<p>\u010clanovi hora nedavno su nastupili na Ve\u010deri ilahija i kasida koja je odr\u017eana na Trgu slobode u Tuzli, uo\u010di ramazana. <strong>\/S. P.\/<\/strong><\/p>\n<p><iframe title=\"VIS Merak Sapna - kola\u017e ilahija u Tuzli\" width=\"1170\" height=\"658\" src=\"https:\/\/www.youtube.com\/embed\/UL-MRElpq7w?feature=oembed\" frameborder=\"0\" allow=\"accelerometer; autoplay; clipboard-write; encrypted-media; gyroscope; picture-in-picture\" allowfullscreen><\/iframe><\/p>\n","protected":false},"excerpt":{"rendered":"<p>Vokalno-instrumentalni sastav &#8220;Merak&#8221; Sapna osnovan je sada ve\u0107 davne 2005. godine, kao muzi\u010dka sekcija u&hellip;<\/p>\n","protected":false},"author":2,"featured_media":169583,"comment_status":"open","ping_status":"closed","sticky":false,"template":"","format":"standard","meta":{"_acf_changed":false,"footnotes":""},"categories":[12],"tags":[856,4575],"acf":[],"yoast_head":"<!-- This site is optimized with the Yoast SEO plugin v23.5 - https:\/\/yoast.com\/wordpress\/plugins\/seo\/ -->\n<title>Predstavljamo VIS Merak: Vi\u0161e od 15 godina njeguju ilahiju i sevdalinku - TuzlaInfo.ba<\/title>\n<meta name=\"robots\" content=\"index, follow, max-snippet:-1, max-image-preview:large, max-video-preview:-1\" \/>\n<link rel=\"canonical\" href=\"https:\/\/tuzlainfo.ba\/index.php\/novosti\/item\/169576-predstavljamo-vis-merak-vise-od-15-godina-njeguju-ilahiju-i-sevdalinku\/\" \/>\n<meta property=\"og:locale\" content=\"bs_BA\" \/>\n<meta property=\"og:type\" content=\"article\" \/>\n<meta property=\"og:title\" content=\"Predstavljamo VIS Merak: Vi\u0161e od 15 godina njeguju ilahiju i sevdalinku - TuzlaInfo.ba\" \/>\n<meta property=\"og:description\" content=\"Vokalno-instrumentalni sastav &#8220;Merak&#8221; Sapna osnovan je sada ve\u0107 davne 2005. godine, kao muzi\u010dka sekcija u&hellip;\" \/>\n<meta property=\"og:url\" content=\"https:\/\/tuzlainfo.ba\/index.php\/novosti\/item\/169576-predstavljamo-vis-merak-vise-od-15-godina-njeguju-ilahiju-i-sevdalinku\/\" \/>\n<meta property=\"og:site_name\" content=\"TuzlaInfo.ba\" \/>\n<meta property=\"article:publisher\" content=\"https:\/\/www.facebook.com\/tuzlainfo.ba\/\" \/>\n<meta property=\"article:published_time\" content=\"2022-04-17T14:05:18+00:00\" \/>\n<meta property=\"article:modified_time\" content=\"2022-04-17T10:17:39+00:00\" \/>\n<meta property=\"og:image\" content=\"https:\/\/tuzlainfo.ba\/wp-content\/uploads\/2022\/04\/1704_vis_merak-1.jpg\" \/>\n\t<meta property=\"og:image:width\" content=\"1000\" \/>\n\t<meta property=\"og:image:height\" content=\"667\" \/>\n\t<meta property=\"og:image:type\" content=\"image\/jpeg\" \/>\n<meta name=\"author\" content=\"nedim\" \/>\n<meta name=\"twitter:card\" content=\"summary_large_image\" \/>\n<meta name=\"twitter:label1\" content=\"Written by\" \/>\n\t<meta name=\"twitter:data1\" content=\"nedim\" \/>\n\t<meta name=\"twitter:label2\" content=\"Est. reading time\" \/>\n\t<meta name=\"twitter:data2\" content=\"1 minuta\" \/>\n<script type=\"application\/ld+json\" class=\"yoast-schema-graph\">{\"@context\":\"https:\/\/schema.org\",\"@graph\":[{\"@type\":\"Article\",\"@id\":\"https:\/\/tuzlainfo.ba\/index.php\/novosti\/item\/169576-predstavljamo-vis-merak-vise-od-15-godina-njeguju-ilahiju-i-sevdalinku\/#article\",\"isPartOf\":{\"@id\":\"https:\/\/tuzlainfo.ba\/index.php\/novosti\/item\/169576-predstavljamo-vis-merak-vise-od-15-godina-njeguju-ilahiju-i-sevdalinku\/\"},\"author\":{\"name\":\"nedim\",\"@id\":\"https:\/\/tuzlainfo.ba\/#\/schema\/person\/f434e20dc27ea133923aab08451b7f7f\"},\"headline\":\"Predstavljamo VIS Merak: Vi\u0161e od 15 godina njeguju ilahiju i sevdalinku\",\"datePublished\":\"2022-04-17T14:05:18+00:00\",\"dateModified\":\"2022-04-17T10:17:39+00:00\",\"mainEntityOfPage\":{\"@id\":\"https:\/\/tuzlainfo.ba\/index.php\/novosti\/item\/169576-predstavljamo-vis-merak-vise-od-15-godina-njeguju-ilahiju-i-sevdalinku\/\"},\"wordCount\":182,\"commentCount\":0,\"publisher\":{\"@id\":\"https:\/\/tuzlainfo.ba\/#organization\"},\"image\":{\"@id\":\"https:\/\/tuzlainfo.ba\/index.php\/novosti\/item\/169576-predstavljamo-vis-merak-vise-od-15-godina-njeguju-ilahiju-i-sevdalinku\/#primaryimage\"},\"thumbnailUrl\":\"https:\/\/tuzlainfo.ba\/wp-content\/uploads\/2022\/04\/1704_vis_merak-1.jpg\",\"keywords\":[\"sapna\",\"VIS Merak sapna\"],\"articleSection\":[\"Novosti\"],\"inLanguage\":\"bs-BA\"},{\"@type\":\"WebPage\",\"@id\":\"https:\/\/tuzlainfo.ba\/index.php\/novosti\/item\/169576-predstavljamo-vis-merak-vise-od-15-godina-njeguju-ilahiju-i-sevdalinku\/\",\"url\":\"https:\/\/tuzlainfo.ba\/index.php\/novosti\/item\/169576-predstavljamo-vis-merak-vise-od-15-godina-njeguju-ilahiju-i-sevdalinku\/\",\"name\":\"Predstavljamo VIS Merak: Vi\u0161e od 15 godina njeguju ilahiju i sevdalinku - TuzlaInfo.ba\",\"isPartOf\":{\"@id\":\"https:\/\/tuzlainfo.ba\/#website\"},\"primaryImageOfPage\":{\"@id\":\"https:\/\/tuzlainfo.ba\/index.php\/novosti\/item\/169576-predstavljamo-vis-merak-vise-od-15-godina-njeguju-ilahiju-i-sevdalinku\/#primaryimage\"},\"image\":{\"@id\":\"https:\/\/tuzlainfo.ba\/index.php\/novosti\/item\/169576-predstavljamo-vis-merak-vise-od-15-godina-njeguju-ilahiju-i-sevdalinku\/#primaryimage\"},\"thumbnailUrl\":\"https:\/\/tuzlainfo.ba\/wp-content\/uploads\/2022\/04\/1704_vis_merak-1.jpg\",\"datePublished\":\"2022-04-17T14:05:18+00:00\",\"dateModified\":\"2022-04-17T10:17:39+00:00\",\"breadcrumb\":{\"@id\":\"https:\/\/tuzlainfo.ba\/index.php\/novosti\/item\/169576-predstavljamo-vis-merak-vise-od-15-godina-njeguju-ilahiju-i-sevdalinku\/#breadcrumb\"},\"inLanguage\":\"bs-BA\",\"potentialAction\":[{\"@type\":\"ReadAction\",\"target\":[\"https:\/\/tuzlainfo.ba\/index.php\/novosti\/item\/169576-predstavljamo-vis-merak-vise-od-15-godina-njeguju-ilahiju-i-sevdalinku\/\"]}]},{\"@type\":\"ImageObject\",\"inLanguage\":\"bs-BA\",\"@id\":\"https:\/\/tuzlainfo.ba\/index.php\/novosti\/item\/169576-predstavljamo-vis-merak-vise-od-15-godina-njeguju-ilahiju-i-sevdalinku\/#primaryimage\",\"url\":\"https:\/\/tuzlainfo.ba\/wp-content\/uploads\/2022\/04\/1704_vis_merak-1.jpg\",\"contentUrl\":\"https:\/\/tuzlainfo.ba\/wp-content\/uploads\/2022\/04\/1704_vis_merak-1.jpg\",\"width\":1000,\"height\":667},{\"@type\":\"BreadcrumbList\",\"@id\":\"https:\/\/tuzlainfo.ba\/index.php\/novosti\/item\/169576-predstavljamo-vis-merak-vise-od-15-godina-njeguju-ilahiju-i-sevdalinku\/#breadcrumb\",\"itemListElement\":[{\"@type\":\"ListItem\",\"position\":1,\"name\":\"Home\",\"item\":\"https:\/\/tuzlainfo.ba\/\"},{\"@type\":\"ListItem\",\"position\":2,\"name\":\"Predstavljamo VIS Merak: Vi\u0161e od 15 godina njeguju ilahiju i sevdalinku\"}]},{\"@type\":\"WebSite\",\"@id\":\"https:\/\/tuzlainfo.ba\/#website\",\"url\":\"https:\/\/tuzlainfo.ba\/\",\"name\":\"TuzlaInfo.ba\",\"description\":\"Tuzla info, gradski informator - Tuzla na dlanu\",\"publisher\":{\"@id\":\"https:\/\/tuzlainfo.ba\/#organization\"},\"potentialAction\":[{\"@type\":\"SearchAction\",\"target\":{\"@type\":\"EntryPoint\",\"urlTemplate\":\"https:\/\/tuzlainfo.ba\/?s={search_term_string}\"},\"query-input\":{\"@type\":\"PropertyValueSpecification\",\"valueRequired\":true,\"valueName\":\"search_term_string\"}}],\"inLanguage\":\"bs-BA\"},{\"@type\":\"Organization\",\"@id\":\"https:\/\/tuzlainfo.ba\/#organization\",\"name\":\"TuzlaInfo.ba\",\"url\":\"https:\/\/tuzlainfo.ba\/\",\"logo\":{\"@type\":\"ImageObject\",\"inLanguage\":\"bs-BA\",\"@id\":\"https:\/\/tuzlainfo.ba\/#\/schema\/logo\/image\/\",\"url\":\"https:\/\/tuzlainfo.ba\/wp-content\/uploads\/2021\/03\/logo-ver-3-1.png\",\"contentUrl\":\"https:\/\/tuzlainfo.ba\/wp-content\/uploads\/2021\/03\/logo-ver-3-1.png\",\"width\":350,\"height\":95,\"caption\":\"TuzlaInfo.ba\"},\"image\":{\"@id\":\"https:\/\/tuzlainfo.ba\/#\/schema\/logo\/image\/\"},\"sameAs\":[\"https:\/\/www.facebook.com\/tuzlainfo.ba\/\"]},{\"@type\":\"Person\",\"@id\":\"https:\/\/tuzlainfo.ba\/#\/schema\/person\/f434e20dc27ea133923aab08451b7f7f\",\"name\":\"nedim\",\"image\":{\"@type\":\"ImageObject\",\"inLanguage\":\"bs-BA\",\"@id\":\"https:\/\/tuzlainfo.ba\/#\/schema\/person\/image\/\",\"url\":\"https:\/\/tuzlainfo.ba\/wp-content\/litespeed\/avatar\/aabad687af24844af817603ac1cbdc4f.jpg?ver=1776702173\",\"contentUrl\":\"https:\/\/tuzlainfo.ba\/wp-content\/litespeed\/avatar\/aabad687af24844af817603ac1cbdc4f.jpg?ver=1776702173\",\"caption\":\"nedim\"},\"description\":\"Tuzlainfo.ba pratite na dru\u0161tvenim mre\u017eama: Facebook, Instagram i Youtube. Svoje pri\u010de, upite i fotografije \u0161aljite na na\u0161u e-mail adresu.\"}]}<\/script>\n<!-- \/ Yoast SEO plugin. -->","yoast_head_json":{"title":"Predstavljamo VIS Merak: Vi\u0161e od 15 godina njeguju ilahiju i sevdalinku - TuzlaInfo.ba","robots":{"index":"index","follow":"follow","max-snippet":"max-snippet:-1","max-image-preview":"max-image-preview:large","max-video-preview":"max-video-preview:-1"},"canonical":"https:\/\/tuzlainfo.ba\/index.php\/novosti\/item\/169576-predstavljamo-vis-merak-vise-od-15-godina-njeguju-ilahiju-i-sevdalinku\/","og_locale":"bs_BA","og_type":"article","og_title":"Predstavljamo VIS Merak: Vi\u0161e od 15 godina njeguju ilahiju i sevdalinku - TuzlaInfo.ba","og_description":"Vokalno-instrumentalni sastav &#8220;Merak&#8221; Sapna osnovan je sada ve\u0107 davne 2005. godine, kao muzi\u010dka sekcija u&hellip;","og_url":"https:\/\/tuzlainfo.ba\/index.php\/novosti\/item\/169576-predstavljamo-vis-merak-vise-od-15-godina-njeguju-ilahiju-i-sevdalinku\/","og_site_name":"TuzlaInfo.ba","article_publisher":"https:\/\/www.facebook.com\/tuzlainfo.ba\/","article_published_time":"2022-04-17T14:05:18+00:00","article_modified_time":"2022-04-17T10:17:39+00:00","og_image":[{"width":1000,"height":667,"url":"https:\/\/tuzlainfo.ba\/wp-content\/uploads\/2022\/04\/1704_vis_merak-1.jpg","type":"image\/jpeg"}],"author":"nedim","twitter_card":"summary_large_image","twitter_misc":{"Written by":"nedim","Est. reading time":"1 minuta"},"schema":{"@context":"https:\/\/schema.org","@graph":[{"@type":"Article","@id":"https:\/\/tuzlainfo.ba\/index.php\/novosti\/item\/169576-predstavljamo-vis-merak-vise-od-15-godina-njeguju-ilahiju-i-sevdalinku\/#article","isPartOf":{"@id":"https:\/\/tuzlainfo.ba\/index.php\/novosti\/item\/169576-predstavljamo-vis-merak-vise-od-15-godina-njeguju-ilahiju-i-sevdalinku\/"},"author":{"name":"nedim","@id":"https:\/\/tuzlainfo.ba\/#\/schema\/person\/f434e20dc27ea133923aab08451b7f7f"},"headline":"Predstavljamo VIS Merak: Vi\u0161e od 15 godina njeguju ilahiju i sevdalinku","datePublished":"2022-04-17T14:05:18+00:00","dateModified":"2022-04-17T10:17:39+00:00","mainEntityOfPage":{"@id":"https:\/\/tuzlainfo.ba\/index.php\/novosti\/item\/169576-predstavljamo-vis-merak-vise-od-15-godina-njeguju-ilahiju-i-sevdalinku\/"},"wordCount":182,"commentCount":0,"publisher":{"@id":"https:\/\/tuzlainfo.ba\/#organization"},"image":{"@id":"https:\/\/tuzlainfo.ba\/index.php\/novosti\/item\/169576-predstavljamo-vis-merak-vise-od-15-godina-njeguju-ilahiju-i-sevdalinku\/#primaryimage"},"thumbnailUrl":"https:\/\/tuzlainfo.ba\/wp-content\/uploads\/2022\/04\/1704_vis_merak-1.jpg","keywords":["sapna","VIS Merak sapna"],"articleSection":["Novosti"],"inLanguage":"bs-BA"},{"@type":"WebPage","@id":"https:\/\/tuzlainfo.ba\/index.php\/novosti\/item\/169576-predstavljamo-vis-merak-vise-od-15-godina-njeguju-ilahiju-i-sevdalinku\/","url":"https:\/\/tuzlainfo.ba\/index.php\/novosti\/item\/169576-predstavljamo-vis-merak-vise-od-15-godina-njeguju-ilahiju-i-sevdalinku\/","name":"Predstavljamo VIS Merak: Vi\u0161e od 15 godina njeguju ilahiju i sevdalinku - TuzlaInfo.ba","isPartOf":{"@id":"https:\/\/tuzlainfo.ba\/#website"},"primaryImageOfPage":{"@id":"https:\/\/tuzlainfo.ba\/index.php\/novosti\/item\/169576-predstavljamo-vis-merak-vise-od-15-godina-njeguju-ilahiju-i-sevdalinku\/#primaryimage"},"image":{"@id":"https:\/\/tuzlainfo.ba\/index.php\/novosti\/item\/169576-predstavljamo-vis-merak-vise-od-15-godina-njeguju-ilahiju-i-sevdalinku\/#primaryimage"},"thumbnailUrl":"https:\/\/tuzlainfo.ba\/wp-content\/uploads\/2022\/04\/1704_vis_merak-1.jpg","datePublished":"2022-04-17T14:05:18+00:00","dateModified":"2022-04-17T10:17:39+00:00","breadcrumb":{"@id":"https:\/\/tuzlainfo.ba\/index.php\/novosti\/item\/169576-predstavljamo-vis-merak-vise-od-15-godina-njeguju-ilahiju-i-sevdalinku\/#breadcrumb"},"inLanguage":"bs-BA","potentialAction":[{"@type":"ReadAction","target":["https:\/\/tuzlainfo.ba\/index.php\/novosti\/item\/169576-predstavljamo-vis-merak-vise-od-15-godina-njeguju-ilahiju-i-sevdalinku\/"]}]},{"@type":"ImageObject","inLanguage":"bs-BA","@id":"https:\/\/tuzlainfo.ba\/index.php\/novosti\/item\/169576-predstavljamo-vis-merak-vise-od-15-godina-njeguju-ilahiju-i-sevdalinku\/#primaryimage","url":"https:\/\/tuzlainfo.ba\/wp-content\/uploads\/2022\/04\/1704_vis_merak-1.jpg","contentUrl":"https:\/\/tuzlainfo.ba\/wp-content\/uploads\/2022\/04\/1704_vis_merak-1.jpg","width":1000,"height":667},{"@type":"BreadcrumbList","@id":"https:\/\/tuzlainfo.ba\/index.php\/novosti\/item\/169576-predstavljamo-vis-merak-vise-od-15-godina-njeguju-ilahiju-i-sevdalinku\/#breadcrumb","itemListElement":[{"@type":"ListItem","position":1,"name":"Home","item":"https:\/\/tuzlainfo.ba\/"},{"@type":"ListItem","position":2,"name":"Predstavljamo VIS Merak: Vi\u0161e od 15 godina njeguju ilahiju i sevdalinku"}]},{"@type":"WebSite","@id":"https:\/\/tuzlainfo.ba\/#website","url":"https:\/\/tuzlainfo.ba\/","name":"TuzlaInfo.ba","description":"Tuzla info, gradski informator - Tuzla na dlanu","publisher":{"@id":"https:\/\/tuzlainfo.ba\/#organization"},"potentialAction":[{"@type":"SearchAction","target":{"@type":"EntryPoint","urlTemplate":"https:\/\/tuzlainfo.ba\/?s={search_term_string}"},"query-input":{"@type":"PropertyValueSpecification","valueRequired":true,"valueName":"search_term_string"}}],"inLanguage":"bs-BA"},{"@type":"Organization","@id":"https:\/\/tuzlainfo.ba\/#organization","name":"TuzlaInfo.ba","url":"https:\/\/tuzlainfo.ba\/","logo":{"@type":"ImageObject","inLanguage":"bs-BA","@id":"https:\/\/tuzlainfo.ba\/#\/schema\/logo\/image\/","url":"https:\/\/tuzlainfo.ba\/wp-content\/uploads\/2021\/03\/logo-ver-3-1.png","contentUrl":"https:\/\/tuzlainfo.ba\/wp-content\/uploads\/2021\/03\/logo-ver-3-1.png","width":350,"height":95,"caption":"TuzlaInfo.ba"},"image":{"@id":"https:\/\/tuzlainfo.ba\/#\/schema\/logo\/image\/"},"sameAs":["https:\/\/www.facebook.com\/tuzlainfo.ba\/"]},{"@type":"Person","@id":"https:\/\/tuzlainfo.ba\/#\/schema\/person\/f434e20dc27ea133923aab08451b7f7f","name":"nedim","image":{"@type":"ImageObject","inLanguage":"bs-BA","@id":"https:\/\/tuzlainfo.ba\/#\/schema\/person\/image\/","url":"https:\/\/tuzlainfo.ba\/wp-content\/litespeed\/avatar\/aabad687af24844af817603ac1cbdc4f.jpg?ver=1776702173","contentUrl":"https:\/\/tuzlainfo.ba\/wp-content\/litespeed\/avatar\/aabad687af24844af817603ac1cbdc4f.jpg?ver=1776702173","caption":"nedim"},"description":"Tuzlainfo.ba pratite na dru\u0161tvenim mre\u017eama: Facebook, Instagram i Youtube. Svoje pri\u010de, upite i fotografije \u0161aljite na na\u0161u e-mail adresu."}]}},"_links":{"self":[{"href":"https:\/\/tuzlainfo.ba\/index.php\/wp-json\/wp\/v2\/posts\/169576"}],"collection":[{"href":"https:\/\/tuzlainfo.ba\/index.php\/wp-json\/wp\/v2\/posts"}],"about":[{"href":"https:\/\/tuzlainfo.ba\/index.php\/wp-json\/wp\/v2\/types\/post"}],"author":[{"embeddable":true,"href":"https:\/\/tuzlainfo.ba\/index.php\/wp-json\/wp\/v2\/users\/2"}],"replies":[{"embeddable":true,"href":"https:\/\/tuzlainfo.ba\/index.php\/wp-json\/wp\/v2\/comments?post=169576"}],"version-history":[{"count":0,"href":"https:\/\/tuzlainfo.ba\/index.php\/wp-json\/wp\/v2\/posts\/169576\/revisions"}],"wp:featuredmedia":[{"embeddable":true,"href":"https:\/\/tuzlainfo.ba\/index.php\/wp-json\/wp\/v2\/media\/169583"}],"wp:attachment":[{"href":"https:\/\/tuzlainfo.ba\/index.php\/wp-json\/wp\/v2\/media?parent=169576"}],"wp:term":[{"taxonomy":"category","embeddable":true,"href":"https:\/\/tuzlainfo.ba\/index.php\/wp-json\/wp\/v2\/categories?post=169576"},{"taxonomy":"post_tag","embeddable":true,"href":"https:\/\/tuzlainfo.ba\/index.php\/wp-json\/wp\/v2\/tags?post=169576"}],"curies":[{"name":"wp","href":"https:\/\/api.w.org\/{rel}","templated":true}]}}