{"id":169496,"date":"2022-04-15T21:24:32","date_gmt":"2022-04-15T19:24:32","guid":{"rendered":"https:\/\/tuzlainfo.ba\/?p=169496"},"modified":"2022-04-15T21:24:32","modified_gmt":"2022-04-15T19:24:32","slug":"dodik-zabrinut-lobiranje-bisere-turkovic-je-uspjesno-okolnosti-su-se-promijenile","status":"publish","type":"post","link":"https:\/\/tuzlainfo.ba\/index.php\/bosna-i-hercegovina\/item\/169496-dodik-zabrinut-lobiranje-bisere-turkovic-je-uspjesno-okolnosti-su-se-promijenile\/","title":{"rendered":"Dodik zabrinut: Lobiranje Bisere Turkovi\u0107 je uspje\u0161no, okolnosti su se promijenile"},"content":{"rendered":"<p>Milorad Dodik, \u010dlan Predsjedni\u0161tva BiH je istakao da se za to \u0161to je BiH u ovom trenutku nepovratno podijeljena bez mogu\u0107nosti da ponovo bude sastavljena, poku\u0161ava optu\u017eiti Republiku Srpska.<\/p>\n<p>&#8211; Mi smo pominjali mogu\u0107nost da se BiH raspadne kao zemlja ako ne na\u0111e svoj unutra\u0161nji dogovor. I danas tako mislim. BiH sve manje ima unutra\u0161nji dogovor o bilo \u010demu i navika muslimana da rje\u0161avaju stvar tako \u0161to \u0107e animirati zapadnjake prije svega, Britaniju i druge, je navika koju upra\u017enjavaju rekao je Dodik novinarima u Beogradu poslije sastanka sa predsjednikom Srbije Aleksandrom Vu\u010di\u0107em.<\/p>\n<p>On je, povodom izjave Bisere Turkovi\u0107, ministrice insostranih poslova BiH, kako me\u0111unarodna zajednica priprema dodatne mjere protiv vlasti u Republici Srpskoj ako se ne prestane sa secesionisti\u010dkim namjerama, rekao da je muslimansko politi\u010dko Sarajevo bilo uspje\u0161no u proteklih nekoliko mjeseci u satanizaciji Republike Srpske i da im to i nije bilo te\u0161ko jer je stereotip koji je napravljen jo\u0161 iz rata samo probu\u0111en i malo razbuktan.<\/p>\n<p>&#8211; To nije dovoljno. Oni imaju svako ve\u010de neku sesiju na se\u0107ijama i tamo pri\u010daju \u0161ta \u0107e lo\u0161e u\u010diniti Srbima i Republici Srpskoj. To je mi\u0161ljenje svih muslimanskih politi\u010dara koji smatraju da bi sada skinuti Dodika sa pozicije vlasti, zna\u010dilo novu priliku da, putem svojih, a oni ve\u0107 hvale neke, u Republici Srpskoj, uspiju da realizuju svoj dugodecenijski interes da marginalizuju ili ukinu Republiku Srpsku i naprave unitarnu i centralisti\u010dku zemlju \u2013 rekao je Dodik.<\/p>\n<p>Dodik je ocijenio da je razlog \u0161to Turkovi\u0107eva saop\u0161tava namjere me\u0111unarodne zajednice o dodatnim mjerama protiv vlasti u Republici Srpskoj u tome \u0161to je o\u010digledno da muslimani pri\u010daju vi\u0161e sa njima.<\/p>\n<p>Dodik je ukazao da je lobiranje protiv RS vidljivo i u tome \u0161to su mediji na Zapadu anga\u017eovali penzionisane novinare iz vremena rata u BiH i da je po njima,\u00a0 on sad novi monstrum i to im nije te\u0161ko dokazati jer naprosto, to je normalno za Srbe da budu lo\u0161i, istakao je.<\/p>\n<p>Dodik je napomenuo da su se, ipak, okolnosti promijenile. Priznajem da nam je mnogo lak\u0161e bilo boriti se do prije ovog sukoba u Ukrajini. Sada je neka druga atmosfera i oni ubrzavaju pri\u010du protiv Republike Srpske, jer ra\u010dunaju da, dok je ovaj sukob u Ukrajini da im je stvorena okolnost u kojoj mogu da nas dodatno satanizuju \u2013 rekao je Dodik.<\/p>\n","protected":false},"excerpt":{"rendered":"<p>Milorad Dodik, \u010dlan Predsjedni\u0161tva BiH je istakao da se za to \u0161to je BiH u&hellip;<\/p>\n","protected":false},"author":2,"featured_media":167532,"comment_status":"open","ping_status":"closed","sticky":false,"template":"","format":"standard","meta":{"_acf_changed":false,"footnotes":""},"categories":[291],"tags":[744,535],"acf":[],"yoast_head":"<!-- This site is optimized with the Yoast SEO plugin v23.5 - https:\/\/yoast.com\/wordpress\/plugins\/seo\/ -->\n<title>Dodik zabrinut: Lobiranje Bisere Turkovi\u0107 je uspje\u0161no, okolnosti su se promijenile - TuzlaInfo.ba<\/title>\n<meta name=\"robots\" content=\"index, follow, max-snippet:-1, max-image-preview:large, max-video-preview:-1\" \/>\n<link rel=\"canonical\" href=\"https:\/\/tuzlainfo.ba\/index.php\/bosna-i-hercegovina\/item\/169496-dodik-zabrinut-lobiranje-bisere-turkovic-je-uspjesno-okolnosti-su-se-promijenile\/\" \/>\n<meta property=\"og:locale\" content=\"bs_BA\" \/>\n<meta property=\"og:type\" content=\"article\" \/>\n<meta property=\"og:title\" content=\"Dodik zabrinut: Lobiranje Bisere Turkovi\u0107 je uspje\u0161no, okolnosti su se promijenile - TuzlaInfo.ba\" \/>\n<meta property=\"og:description\" content=\"Milorad Dodik, \u010dlan Predsjedni\u0161tva BiH je istakao da se za to \u0161to je BiH u&hellip;\" \/>\n<meta property=\"og:url\" content=\"https:\/\/tuzlainfo.ba\/index.php\/bosna-i-hercegovina\/item\/169496-dodik-zabrinut-lobiranje-bisere-turkovic-je-uspjesno-okolnosti-su-se-promijenile\/\" \/>\n<meta property=\"og:site_name\" content=\"TuzlaInfo.ba\" \/>\n<meta property=\"article:publisher\" content=\"https:\/\/www.facebook.com\/tuzlainfo.ba\/\" \/>\n<meta property=\"article:published_time\" content=\"2022-04-15T19:24:32+00:00\" \/>\n<meta property=\"og:image\" content=\"https:\/\/tuzlainfo.ba\/wp-content\/uploads\/2022\/03\/2503_dodik.jpg\" \/>\n\t<meta property=\"og:image:width\" content=\"880\" \/>\n\t<meta property=\"og:image:height\" content=\"533\" \/>\n\t<meta property=\"og:image:type\" content=\"image\/jpeg\" \/>\n<meta name=\"author\" content=\"nedim\" \/>\n<meta name=\"twitter:card\" content=\"summary_large_image\" \/>\n<meta name=\"twitter:label1\" content=\"Written by\" \/>\n\t<meta name=\"twitter:data1\" content=\"nedim\" \/>\n\t<meta name=\"twitter:label2\" content=\"Est. reading time\" \/>\n\t<meta name=\"twitter:data2\" content=\"2 minute\" \/>\n<script type=\"application\/ld+json\" class=\"yoast-schema-graph\">{\"@context\":\"https:\/\/schema.org\",\"@graph\":[{\"@type\":\"Article\",\"@id\":\"https:\/\/tuzlainfo.ba\/index.php\/bosna-i-hercegovina\/item\/169496-dodik-zabrinut-lobiranje-bisere-turkovic-je-uspjesno-okolnosti-su-se-promijenile\/#article\",\"isPartOf\":{\"@id\":\"https:\/\/tuzlainfo.ba\/index.php\/bosna-i-hercegovina\/item\/169496-dodik-zabrinut-lobiranje-bisere-turkovic-je-uspjesno-okolnosti-su-se-promijenile\/\"},\"author\":{\"name\":\"nedim\",\"@id\":\"https:\/\/tuzlainfo.ba\/#\/schema\/person\/f434e20dc27ea133923aab08451b7f7f\"},\"headline\":\"Dodik zabrinut: Lobiranje Bisere Turkovi\u0107 je uspje\u0161no, okolnosti su se promijenile\",\"datePublished\":\"2022-04-15T19:24:32+00:00\",\"dateModified\":\"2022-04-15T19:24:32+00:00\",\"mainEntityOfPage\":{\"@id\":\"https:\/\/tuzlainfo.ba\/index.php\/bosna-i-hercegovina\/item\/169496-dodik-zabrinut-lobiranje-bisere-turkovic-je-uspjesno-okolnosti-su-se-promijenile\/\"},\"wordCount\":426,\"commentCount\":0,\"publisher\":{\"@id\":\"https:\/\/tuzlainfo.ba\/#organization\"},\"image\":{\"@id\":\"https:\/\/tuzlainfo.ba\/index.php\/bosna-i-hercegovina\/item\/169496-dodik-zabrinut-lobiranje-bisere-turkovic-je-uspjesno-okolnosti-su-se-promijenile\/#primaryimage\"},\"thumbnailUrl\":\"https:\/\/tuzlainfo.ba\/wp-content\/uploads\/2022\/03\/2503_dodik.jpg\",\"keywords\":[\"bisera turkovi\u0107\",\"milorad dodik\"],\"articleSection\":[\"Bosna i Hercegovina\"],\"inLanguage\":\"bs-BA\"},{\"@type\":\"WebPage\",\"@id\":\"https:\/\/tuzlainfo.ba\/index.php\/bosna-i-hercegovina\/item\/169496-dodik-zabrinut-lobiranje-bisere-turkovic-je-uspjesno-okolnosti-su-se-promijenile\/\",\"url\":\"https:\/\/tuzlainfo.ba\/index.php\/bosna-i-hercegovina\/item\/169496-dodik-zabrinut-lobiranje-bisere-turkovic-je-uspjesno-okolnosti-su-se-promijenile\/\",\"name\":\"Dodik zabrinut: Lobiranje Bisere Turkovi\u0107 je uspje\u0161no, okolnosti su se promijenile - TuzlaInfo.ba\",\"isPartOf\":{\"@id\":\"https:\/\/tuzlainfo.ba\/#website\"},\"primaryImageOfPage\":{\"@id\":\"https:\/\/tuzlainfo.ba\/index.php\/bosna-i-hercegovina\/item\/169496-dodik-zabrinut-lobiranje-bisere-turkovic-je-uspjesno-okolnosti-su-se-promijenile\/#primaryimage\"},\"image\":{\"@id\":\"https:\/\/tuzlainfo.ba\/index.php\/bosna-i-hercegovina\/item\/169496-dodik-zabrinut-lobiranje-bisere-turkovic-je-uspjesno-okolnosti-su-se-promijenile\/#primaryimage\"},\"thumbnailUrl\":\"https:\/\/tuzlainfo.ba\/wp-content\/uploads\/2022\/03\/2503_dodik.jpg\",\"datePublished\":\"2022-04-15T19:24:32+00:00\",\"dateModified\":\"2022-04-15T19:24:32+00:00\",\"breadcrumb\":{\"@id\":\"https:\/\/tuzlainfo.ba\/index.php\/bosna-i-hercegovina\/item\/169496-dodik-zabrinut-lobiranje-bisere-turkovic-je-uspjesno-okolnosti-su-se-promijenile\/#breadcrumb\"},\"inLanguage\":\"bs-BA\",\"potentialAction\":[{\"@type\":\"ReadAction\",\"target\":[\"https:\/\/tuzlainfo.ba\/index.php\/bosna-i-hercegovina\/item\/169496-dodik-zabrinut-lobiranje-bisere-turkovic-je-uspjesno-okolnosti-su-se-promijenile\/\"]}]},{\"@type\":\"ImageObject\",\"inLanguage\":\"bs-BA\",\"@id\":\"https:\/\/tuzlainfo.ba\/index.php\/bosna-i-hercegovina\/item\/169496-dodik-zabrinut-lobiranje-bisere-turkovic-je-uspjesno-okolnosti-su-se-promijenile\/#primaryimage\",\"url\":\"https:\/\/tuzlainfo.ba\/wp-content\/uploads\/2022\/03\/2503_dodik.jpg\",\"contentUrl\":\"https:\/\/tuzlainfo.ba\/wp-content\/uploads\/2022\/03\/2503_dodik.jpg\",\"width\":880,\"height\":533},{\"@type\":\"BreadcrumbList\",\"@id\":\"https:\/\/tuzlainfo.ba\/index.php\/bosna-i-hercegovina\/item\/169496-dodik-zabrinut-lobiranje-bisere-turkovic-je-uspjesno-okolnosti-su-se-promijenile\/#breadcrumb\",\"itemListElement\":[{\"@type\":\"ListItem\",\"position\":1,\"name\":\"Home\",\"item\":\"https:\/\/tuzlainfo.ba\/\"},{\"@type\":\"ListItem\",\"position\":2,\"name\":\"Dodik zabrinut: Lobiranje Bisere Turkovi\u0107 je uspje\u0161no, okolnosti su se promijenile\"}]},{\"@type\":\"WebSite\",\"@id\":\"https:\/\/tuzlainfo.ba\/#website\",\"url\":\"https:\/\/tuzlainfo.ba\/\",\"name\":\"TuzlaInfo.ba\",\"description\":\"Tuzla info, gradski informator - Tuzla na dlanu\",\"publisher\":{\"@id\":\"https:\/\/tuzlainfo.ba\/#organization\"},\"potentialAction\":[{\"@type\":\"SearchAction\",\"target\":{\"@type\":\"EntryPoint\",\"urlTemplate\":\"https:\/\/tuzlainfo.ba\/?s={search_term_string}\"},\"query-input\":{\"@type\":\"PropertyValueSpecification\",\"valueRequired\":true,\"valueName\":\"search_term_string\"}}],\"inLanguage\":\"bs-BA\"},{\"@type\":\"Organization\",\"@id\":\"https:\/\/tuzlainfo.ba\/#organization\",\"name\":\"TuzlaInfo.ba\",\"url\":\"https:\/\/tuzlainfo.ba\/\",\"logo\":{\"@type\":\"ImageObject\",\"inLanguage\":\"bs-BA\",\"@id\":\"https:\/\/tuzlainfo.ba\/#\/schema\/logo\/image\/\",\"url\":\"https:\/\/tuzlainfo.ba\/wp-content\/uploads\/2021\/03\/logo-ver-3-1.png\",\"contentUrl\":\"https:\/\/tuzlainfo.ba\/wp-content\/uploads\/2021\/03\/logo-ver-3-1.png\",\"width\":350,\"height\":95,\"caption\":\"TuzlaInfo.ba\"},\"image\":{\"@id\":\"https:\/\/tuzlainfo.ba\/#\/schema\/logo\/image\/\"},\"sameAs\":[\"https:\/\/www.facebook.com\/tuzlainfo.ba\/\"]},{\"@type\":\"Person\",\"@id\":\"https:\/\/tuzlainfo.ba\/#\/schema\/person\/f434e20dc27ea133923aab08451b7f7f\",\"name\":\"nedim\",\"image\":{\"@type\":\"ImageObject\",\"inLanguage\":\"bs-BA\",\"@id\":\"https:\/\/tuzlainfo.ba\/#\/schema\/person\/image\/\",\"url\":\"https:\/\/tuzlainfo.ba\/wp-content\/litespeed\/avatar\/aabad687af24844af817603ac1cbdc4f.jpg?ver=1776702173\",\"contentUrl\":\"https:\/\/tuzlainfo.ba\/wp-content\/litespeed\/avatar\/aabad687af24844af817603ac1cbdc4f.jpg?ver=1776702173\",\"caption\":\"nedim\"},\"description\":\"Tuzlainfo.ba pratite na dru\u0161tvenim mre\u017eama: Facebook, Instagram i Youtube. Svoje pri\u010de, upite i fotografije \u0161aljite na na\u0161u e-mail adresu.\"}]}<\/script>\n<!-- \/ Yoast SEO plugin. -->","yoast_head_json":{"title":"Dodik zabrinut: Lobiranje Bisere Turkovi\u0107 je uspje\u0161no, okolnosti su se promijenile - TuzlaInfo.ba","robots":{"index":"index","follow":"follow","max-snippet":"max-snippet:-1","max-image-preview":"max-image-preview:large","max-video-preview":"max-video-preview:-1"},"canonical":"https:\/\/tuzlainfo.ba\/index.php\/bosna-i-hercegovina\/item\/169496-dodik-zabrinut-lobiranje-bisere-turkovic-je-uspjesno-okolnosti-su-se-promijenile\/","og_locale":"bs_BA","og_type":"article","og_title":"Dodik zabrinut: Lobiranje Bisere Turkovi\u0107 je uspje\u0161no, okolnosti su se promijenile - TuzlaInfo.ba","og_description":"Milorad Dodik, \u010dlan Predsjedni\u0161tva BiH je istakao da se za to \u0161to je BiH u&hellip;","og_url":"https:\/\/tuzlainfo.ba\/index.php\/bosna-i-hercegovina\/item\/169496-dodik-zabrinut-lobiranje-bisere-turkovic-je-uspjesno-okolnosti-su-se-promijenile\/","og_site_name":"TuzlaInfo.ba","article_publisher":"https:\/\/www.facebook.com\/tuzlainfo.ba\/","article_published_time":"2022-04-15T19:24:32+00:00","og_image":[{"width":880,"height":533,"url":"https:\/\/tuzlainfo.ba\/wp-content\/uploads\/2022\/03\/2503_dodik.jpg","type":"image\/jpeg"}],"author":"nedim","twitter_card":"summary_large_image","twitter_misc":{"Written by":"nedim","Est. reading time":"2 minute"},"schema":{"@context":"https:\/\/schema.org","@graph":[{"@type":"Article","@id":"https:\/\/tuzlainfo.ba\/index.php\/bosna-i-hercegovina\/item\/169496-dodik-zabrinut-lobiranje-bisere-turkovic-je-uspjesno-okolnosti-su-se-promijenile\/#article","isPartOf":{"@id":"https:\/\/tuzlainfo.ba\/index.php\/bosna-i-hercegovina\/item\/169496-dodik-zabrinut-lobiranje-bisere-turkovic-je-uspjesno-okolnosti-su-se-promijenile\/"},"author":{"name":"nedim","@id":"https:\/\/tuzlainfo.ba\/#\/schema\/person\/f434e20dc27ea133923aab08451b7f7f"},"headline":"Dodik zabrinut: Lobiranje Bisere Turkovi\u0107 je uspje\u0161no, okolnosti su se promijenile","datePublished":"2022-04-15T19:24:32+00:00","dateModified":"2022-04-15T19:24:32+00:00","mainEntityOfPage":{"@id":"https:\/\/tuzlainfo.ba\/index.php\/bosna-i-hercegovina\/item\/169496-dodik-zabrinut-lobiranje-bisere-turkovic-je-uspjesno-okolnosti-su-se-promijenile\/"},"wordCount":426,"commentCount":0,"publisher":{"@id":"https:\/\/tuzlainfo.ba\/#organization"},"image":{"@id":"https:\/\/tuzlainfo.ba\/index.php\/bosna-i-hercegovina\/item\/169496-dodik-zabrinut-lobiranje-bisere-turkovic-je-uspjesno-okolnosti-su-se-promijenile\/#primaryimage"},"thumbnailUrl":"https:\/\/tuzlainfo.ba\/wp-content\/uploads\/2022\/03\/2503_dodik.jpg","keywords":["bisera turkovi\u0107","milorad dodik"],"articleSection":["Bosna i Hercegovina"],"inLanguage":"bs-BA"},{"@type":"WebPage","@id":"https:\/\/tuzlainfo.ba\/index.php\/bosna-i-hercegovina\/item\/169496-dodik-zabrinut-lobiranje-bisere-turkovic-je-uspjesno-okolnosti-su-se-promijenile\/","url":"https:\/\/tuzlainfo.ba\/index.php\/bosna-i-hercegovina\/item\/169496-dodik-zabrinut-lobiranje-bisere-turkovic-je-uspjesno-okolnosti-su-se-promijenile\/","name":"Dodik zabrinut: Lobiranje Bisere Turkovi\u0107 je uspje\u0161no, okolnosti su se promijenile - TuzlaInfo.ba","isPartOf":{"@id":"https:\/\/tuzlainfo.ba\/#website"},"primaryImageOfPage":{"@id":"https:\/\/tuzlainfo.ba\/index.php\/bosna-i-hercegovina\/item\/169496-dodik-zabrinut-lobiranje-bisere-turkovic-je-uspjesno-okolnosti-su-se-promijenile\/#primaryimage"},"image":{"@id":"https:\/\/tuzlainfo.ba\/index.php\/bosna-i-hercegovina\/item\/169496-dodik-zabrinut-lobiranje-bisere-turkovic-je-uspjesno-okolnosti-su-se-promijenile\/#primaryimage"},"thumbnailUrl":"https:\/\/tuzlainfo.ba\/wp-content\/uploads\/2022\/03\/2503_dodik.jpg","datePublished":"2022-04-15T19:24:32+00:00","dateModified":"2022-04-15T19:24:32+00:00","breadcrumb":{"@id":"https:\/\/tuzlainfo.ba\/index.php\/bosna-i-hercegovina\/item\/169496-dodik-zabrinut-lobiranje-bisere-turkovic-je-uspjesno-okolnosti-su-se-promijenile\/#breadcrumb"},"inLanguage":"bs-BA","potentialAction":[{"@type":"ReadAction","target":["https:\/\/tuzlainfo.ba\/index.php\/bosna-i-hercegovina\/item\/169496-dodik-zabrinut-lobiranje-bisere-turkovic-je-uspjesno-okolnosti-su-se-promijenile\/"]}]},{"@type":"ImageObject","inLanguage":"bs-BA","@id":"https:\/\/tuzlainfo.ba\/index.php\/bosna-i-hercegovina\/item\/169496-dodik-zabrinut-lobiranje-bisere-turkovic-je-uspjesno-okolnosti-su-se-promijenile\/#primaryimage","url":"https:\/\/tuzlainfo.ba\/wp-content\/uploads\/2022\/03\/2503_dodik.jpg","contentUrl":"https:\/\/tuzlainfo.ba\/wp-content\/uploads\/2022\/03\/2503_dodik.jpg","width":880,"height":533},{"@type":"BreadcrumbList","@id":"https:\/\/tuzlainfo.ba\/index.php\/bosna-i-hercegovina\/item\/169496-dodik-zabrinut-lobiranje-bisere-turkovic-je-uspjesno-okolnosti-su-se-promijenile\/#breadcrumb","itemListElement":[{"@type":"ListItem","position":1,"name":"Home","item":"https:\/\/tuzlainfo.ba\/"},{"@type":"ListItem","position":2,"name":"Dodik zabrinut: Lobiranje Bisere Turkovi\u0107 je uspje\u0161no, okolnosti su se promijenile"}]},{"@type":"WebSite","@id":"https:\/\/tuzlainfo.ba\/#website","url":"https:\/\/tuzlainfo.ba\/","name":"TuzlaInfo.ba","description":"Tuzla info, gradski informator - Tuzla na dlanu","publisher":{"@id":"https:\/\/tuzlainfo.ba\/#organization"},"potentialAction":[{"@type":"SearchAction","target":{"@type":"EntryPoint","urlTemplate":"https:\/\/tuzlainfo.ba\/?s={search_term_string}"},"query-input":{"@type":"PropertyValueSpecification","valueRequired":true,"valueName":"search_term_string"}}],"inLanguage":"bs-BA"},{"@type":"Organization","@id":"https:\/\/tuzlainfo.ba\/#organization","name":"TuzlaInfo.ba","url":"https:\/\/tuzlainfo.ba\/","logo":{"@type":"ImageObject","inLanguage":"bs-BA","@id":"https:\/\/tuzlainfo.ba\/#\/schema\/logo\/image\/","url":"https:\/\/tuzlainfo.ba\/wp-content\/uploads\/2021\/03\/logo-ver-3-1.png","contentUrl":"https:\/\/tuzlainfo.ba\/wp-content\/uploads\/2021\/03\/logo-ver-3-1.png","width":350,"height":95,"caption":"TuzlaInfo.ba"},"image":{"@id":"https:\/\/tuzlainfo.ba\/#\/schema\/logo\/image\/"},"sameAs":["https:\/\/www.facebook.com\/tuzlainfo.ba\/"]},{"@type":"Person","@id":"https:\/\/tuzlainfo.ba\/#\/schema\/person\/f434e20dc27ea133923aab08451b7f7f","name":"nedim","image":{"@type":"ImageObject","inLanguage":"bs-BA","@id":"https:\/\/tuzlainfo.ba\/#\/schema\/person\/image\/","url":"https:\/\/tuzlainfo.ba\/wp-content\/litespeed\/avatar\/aabad687af24844af817603ac1cbdc4f.jpg?ver=1776702173","contentUrl":"https:\/\/tuzlainfo.ba\/wp-content\/litespeed\/avatar\/aabad687af24844af817603ac1cbdc4f.jpg?ver=1776702173","caption":"nedim"},"description":"Tuzlainfo.ba pratite na dru\u0161tvenim mre\u017eama: Facebook, Instagram i Youtube. Svoje pri\u010de, upite i fotografije \u0161aljite na na\u0161u e-mail adresu."}]}},"_links":{"self":[{"href":"https:\/\/tuzlainfo.ba\/index.php\/wp-json\/wp\/v2\/posts\/169496"}],"collection":[{"href":"https:\/\/tuzlainfo.ba\/index.php\/wp-json\/wp\/v2\/posts"}],"about":[{"href":"https:\/\/tuzlainfo.ba\/index.php\/wp-json\/wp\/v2\/types\/post"}],"author":[{"embeddable":true,"href":"https:\/\/tuzlainfo.ba\/index.php\/wp-json\/wp\/v2\/users\/2"}],"replies":[{"embeddable":true,"href":"https:\/\/tuzlainfo.ba\/index.php\/wp-json\/wp\/v2\/comments?post=169496"}],"version-history":[{"count":0,"href":"https:\/\/tuzlainfo.ba\/index.php\/wp-json\/wp\/v2\/posts\/169496\/revisions"}],"wp:featuredmedia":[{"embeddable":true,"href":"https:\/\/tuzlainfo.ba\/index.php\/wp-json\/wp\/v2\/media\/167532"}],"wp:attachment":[{"href":"https:\/\/tuzlainfo.ba\/index.php\/wp-json\/wp\/v2\/media?parent=169496"}],"wp:term":[{"taxonomy":"category","embeddable":true,"href":"https:\/\/tuzlainfo.ba\/index.php\/wp-json\/wp\/v2\/categories?post=169496"},{"taxonomy":"post_tag","embeddable":true,"href":"https:\/\/tuzlainfo.ba\/index.php\/wp-json\/wp\/v2\/tags?post=169496"}],"curies":[{"name":"wp","href":"https:\/\/api.w.org\/{rel}","templated":true}]}}