{"id":169437,"date":"2022-04-17T11:00:14","date_gmt":"2022-04-17T09:00:14","guid":{"rendered":"https:\/\/tuzlainfo.ba\/?p=169437"},"modified":"2022-04-17T08:08:23","modified_gmt":"2022-04-17T06:08:23","slug":"premijer-tuzlanskog-kantona-svim-katolickim-vjernicima-cestitao-uskrs","status":"publish","type":"post","link":"https:\/\/tuzlainfo.ba\/index.php\/novosti\/item\/169437-premijer-tuzlanskog-kantona-svim-katolickim-vjernicima-cestitao-uskrs\/","title":{"rendered":"Premijer Tuzlanskog kantona svim katoli\u010dkim vjernicima \u010destitao Uskrs"},"content":{"rendered":"<p>Premijer Tuzlanskog kantona Irfan Halilagi\u0107 povodom predstoje\u0107eg blagdana Uskrsa uputio je \u010destitku gra\u0111anima katoli\u010dke vjeroispovijesti, uime Vlade Tuzlanskog kantona i u svoje ime, saop\u0107eno je iz Vlade TK.<\/p>\n<p>U \u010destitki premijera Halilagi\u0107a se navodi da je Uskrs za kr\u0161\u0107anski svijet najve\u0107i praznik, vrijeme je istinskog veselja i mira. To je praznik koji u ljudima iznova budi nadu i vjeru u \u010dovjeka i u dobro.\u00a0Nadam se da \u0107e radost sa kojom ovih dana obilje\u017eavamo nekoliko velikih vjerskih praznika u Bosni i Hercegovini doprinijeti atmosferi zajedni\u0161tva i me\u0111usobnog po\u0161tovanja.<\/p>\n<p>&#8211; Svima koji obilje\u017eavaju Uskrs uz \u010destitke upu\u0107ujem i \u017eelje da ga provedu u dobrom zdravlju i sre\u0107i, radosni i zadovoljni sa svojim najbli\u017eima, kom\u0161ijama i prijateljima &#8211; poru\u010dio je Halilagi\u0107.<\/p>\n","protected":false},"excerpt":{"rendered":"<p>Premijer Tuzlanskog kantona Irfan Halilagi\u0107 povodom predstoje\u0107eg blagdana Uskrsa uputio je \u010destitku gra\u0111anima katoli\u010dke vjeroispovijesti,&hellip;<\/p>\n","protected":false},"author":4,"featured_media":74597,"comment_status":"open","ping_status":"closed","sticky":false,"template":"","format":"standard","meta":{"_acf_changed":false,"footnotes":""},"categories":[12],"tags":[497,768,4541],"acf":[],"yoast_head":"<!-- This site is optimized with the Yoast SEO plugin v23.5 - https:\/\/yoast.com\/wordpress\/plugins\/seo\/ -->\n<title>Premijer Tuzlanskog kantona svim katoli\u010dkim vjernicima \u010destitao Uskrs - TuzlaInfo.ba<\/title>\n<meta name=\"robots\" content=\"index, follow, max-snippet:-1, max-image-preview:large, max-video-preview:-1\" \/>\n<link rel=\"canonical\" href=\"https:\/\/tuzlainfo.ba\/index.php\/novosti\/item\/169437-premijer-tuzlanskog-kantona-svim-katolickim-vjernicima-cestitao-uskrs\/\" \/>\n<meta property=\"og:locale\" content=\"bs_BA\" \/>\n<meta property=\"og:type\" content=\"article\" \/>\n<meta property=\"og:title\" content=\"Premijer Tuzlanskog kantona svim katoli\u010dkim vjernicima \u010destitao Uskrs - TuzlaInfo.ba\" \/>\n<meta property=\"og:description\" content=\"Premijer Tuzlanskog kantona Irfan Halilagi\u0107 povodom predstoje\u0107eg blagdana Uskrsa uputio je \u010destitku gra\u0111anima katoli\u010dke vjeroispovijesti,&hellip;\" \/>\n<meta property=\"og:url\" content=\"https:\/\/tuzlainfo.ba\/index.php\/novosti\/item\/169437-premijer-tuzlanskog-kantona-svim-katolickim-vjernicima-cestitao-uskrs\/\" \/>\n<meta property=\"og:site_name\" content=\"TuzlaInfo.ba\" \/>\n<meta property=\"article:publisher\" content=\"https:\/\/www.facebook.com\/tuzlainfo.ba\/\" \/>\n<meta property=\"article:published_time\" content=\"2022-04-17T09:00:14+00:00\" \/>\n<meta property=\"article:modified_time\" content=\"2022-04-17T06:08:23+00:00\" \/>\n<meta property=\"og:image\" content=\"https:\/\/tuzlainfo.ba\/wp-content\/uploads\/2019\/11\/sadrzaj_2019_20190101_01012019_vlada_tk_vizual.jpg\" \/>\n\t<meta property=\"og:image:width\" content=\"770\" \/>\n\t<meta property=\"og:image:height\" content=\"536\" \/>\n\t<meta property=\"og:image:type\" content=\"image\/jpeg\" \/>\n<meta name=\"author\" content=\"Tuzla Info\" \/>\n<meta name=\"twitter:card\" content=\"summary_large_image\" \/>\n<meta name=\"twitter:label1\" content=\"Written by\" \/>\n\t<meta name=\"twitter:data1\" content=\"Tuzla Info\" \/>\n\t<meta name=\"twitter:label2\" content=\"Est. reading time\" \/>\n\t<meta name=\"twitter:data2\" content=\"1 minuta\" \/>\n<script type=\"application\/ld+json\" class=\"yoast-schema-graph\">{\"@context\":\"https:\/\/schema.org\",\"@graph\":[{\"@type\":\"Article\",\"@id\":\"https:\/\/tuzlainfo.ba\/index.php\/novosti\/item\/169437-premijer-tuzlanskog-kantona-svim-katolickim-vjernicima-cestitao-uskrs\/#article\",\"isPartOf\":{\"@id\":\"https:\/\/tuzlainfo.ba\/index.php\/novosti\/item\/169437-premijer-tuzlanskog-kantona-svim-katolickim-vjernicima-cestitao-uskrs\/\"},\"author\":{\"name\":\"Tuzla Info\",\"@id\":\"https:\/\/tuzlainfo.ba\/#\/schema\/person\/46cad4c57790cbc50781edd14870825a\"},\"headline\":\"Premijer Tuzlanskog kantona svim katoli\u010dkim vjernicima \u010destitao Uskrs\",\"datePublished\":\"2022-04-17T09:00:14+00:00\",\"dateModified\":\"2022-04-17T06:08:23+00:00\",\"mainEntityOfPage\":{\"@id\":\"https:\/\/tuzlainfo.ba\/index.php\/novosti\/item\/169437-premijer-tuzlanskog-kantona-svim-katolickim-vjernicima-cestitao-uskrs\/\"},\"wordCount\":145,\"commentCount\":0,\"publisher\":{\"@id\":\"https:\/\/tuzlainfo.ba\/#organization\"},\"image\":{\"@id\":\"https:\/\/tuzlainfo.ba\/index.php\/novosti\/item\/169437-premijer-tuzlanskog-kantona-svim-katolickim-vjernicima-cestitao-uskrs\/#primaryimage\"},\"thumbnailUrl\":\"https:\/\/tuzlainfo.ba\/wp-content\/uploads\/2019\/11\/sadrzaj_2019_20190101_01012019_vlada_tk_vizual.jpg\",\"keywords\":[\"\u010destitka\",\"premijer tk\",\"uskrs\"],\"articleSection\":[\"Novosti\"],\"inLanguage\":\"bs-BA\"},{\"@type\":\"WebPage\",\"@id\":\"https:\/\/tuzlainfo.ba\/index.php\/novosti\/item\/169437-premijer-tuzlanskog-kantona-svim-katolickim-vjernicima-cestitao-uskrs\/\",\"url\":\"https:\/\/tuzlainfo.ba\/index.php\/novosti\/item\/169437-premijer-tuzlanskog-kantona-svim-katolickim-vjernicima-cestitao-uskrs\/\",\"name\":\"Premijer Tuzlanskog kantona svim katoli\u010dkim vjernicima \u010destitao Uskrs - TuzlaInfo.ba\",\"isPartOf\":{\"@id\":\"https:\/\/tuzlainfo.ba\/#website\"},\"primaryImageOfPage\":{\"@id\":\"https:\/\/tuzlainfo.ba\/index.php\/novosti\/item\/169437-premijer-tuzlanskog-kantona-svim-katolickim-vjernicima-cestitao-uskrs\/#primaryimage\"},\"image\":{\"@id\":\"https:\/\/tuzlainfo.ba\/index.php\/novosti\/item\/169437-premijer-tuzlanskog-kantona-svim-katolickim-vjernicima-cestitao-uskrs\/#primaryimage\"},\"thumbnailUrl\":\"https:\/\/tuzlainfo.ba\/wp-content\/uploads\/2019\/11\/sadrzaj_2019_20190101_01012019_vlada_tk_vizual.jpg\",\"datePublished\":\"2022-04-17T09:00:14+00:00\",\"dateModified\":\"2022-04-17T06:08:23+00:00\",\"breadcrumb\":{\"@id\":\"https:\/\/tuzlainfo.ba\/index.php\/novosti\/item\/169437-premijer-tuzlanskog-kantona-svim-katolickim-vjernicima-cestitao-uskrs\/#breadcrumb\"},\"inLanguage\":\"bs-BA\",\"potentialAction\":[{\"@type\":\"ReadAction\",\"target\":[\"https:\/\/tuzlainfo.ba\/index.php\/novosti\/item\/169437-premijer-tuzlanskog-kantona-svim-katolickim-vjernicima-cestitao-uskrs\/\"]}]},{\"@type\":\"ImageObject\",\"inLanguage\":\"bs-BA\",\"@id\":\"https:\/\/tuzlainfo.ba\/index.php\/novosti\/item\/169437-premijer-tuzlanskog-kantona-svim-katolickim-vjernicima-cestitao-uskrs\/#primaryimage\",\"url\":\"https:\/\/tuzlainfo.ba\/wp-content\/uploads\/2019\/11\/sadrzaj_2019_20190101_01012019_vlada_tk_vizual.jpg\",\"contentUrl\":\"https:\/\/tuzlainfo.ba\/wp-content\/uploads\/2019\/11\/sadrzaj_2019_20190101_01012019_vlada_tk_vizual.jpg\",\"width\":770,\"height\":536,\"caption\":\"01012019 vlada tk vizual\"},{\"@type\":\"BreadcrumbList\",\"@id\":\"https:\/\/tuzlainfo.ba\/index.php\/novosti\/item\/169437-premijer-tuzlanskog-kantona-svim-katolickim-vjernicima-cestitao-uskrs\/#breadcrumb\",\"itemListElement\":[{\"@type\":\"ListItem\",\"position\":1,\"name\":\"Home\",\"item\":\"https:\/\/tuzlainfo.ba\/\"},{\"@type\":\"ListItem\",\"position\":2,\"name\":\"Premijer Tuzlanskog kantona svim katoli\u010dkim vjernicima \u010destitao Uskrs\"}]},{\"@type\":\"WebSite\",\"@id\":\"https:\/\/tuzlainfo.ba\/#website\",\"url\":\"https:\/\/tuzlainfo.ba\/\",\"name\":\"TuzlaInfo.ba\",\"description\":\"Tuzla info, gradski informator - Tuzla na dlanu\",\"publisher\":{\"@id\":\"https:\/\/tuzlainfo.ba\/#organization\"},\"potentialAction\":[{\"@type\":\"SearchAction\",\"target\":{\"@type\":\"EntryPoint\",\"urlTemplate\":\"https:\/\/tuzlainfo.ba\/?s={search_term_string}\"},\"query-input\":{\"@type\":\"PropertyValueSpecification\",\"valueRequired\":true,\"valueName\":\"search_term_string\"}}],\"inLanguage\":\"bs-BA\"},{\"@type\":\"Organization\",\"@id\":\"https:\/\/tuzlainfo.ba\/#organization\",\"name\":\"TuzlaInfo.ba\",\"url\":\"https:\/\/tuzlainfo.ba\/\",\"logo\":{\"@type\":\"ImageObject\",\"inLanguage\":\"bs-BA\",\"@id\":\"https:\/\/tuzlainfo.ba\/#\/schema\/logo\/image\/\",\"url\":\"https:\/\/tuzlainfo.ba\/wp-content\/uploads\/2021\/03\/logo-ver-3-1.png\",\"contentUrl\":\"https:\/\/tuzlainfo.ba\/wp-content\/uploads\/2021\/03\/logo-ver-3-1.png\",\"width\":350,\"height\":95,\"caption\":\"TuzlaInfo.ba\"},\"image\":{\"@id\":\"https:\/\/tuzlainfo.ba\/#\/schema\/logo\/image\/\"},\"sameAs\":[\"https:\/\/www.facebook.com\/tuzlainfo.ba\/\"]},{\"@type\":\"Person\",\"@id\":\"https:\/\/tuzlainfo.ba\/#\/schema\/person\/46cad4c57790cbc50781edd14870825a\",\"name\":\"Tuzla Info\",\"image\":{\"@type\":\"ImageObject\",\"inLanguage\":\"bs-BA\",\"@id\":\"https:\/\/tuzlainfo.ba\/#\/schema\/person\/image\/\",\"url\":\"https:\/\/tuzlainfo.ba\/wp-content\/litespeed\/avatar\/b6c453a6c38e3654f2e4416c643fc25c.jpg?ver=1777051911\",\"contentUrl\":\"https:\/\/tuzlainfo.ba\/wp-content\/litespeed\/avatar\/b6c453a6c38e3654f2e4416c643fc25c.jpg?ver=1777051911\",\"caption\":\"Tuzla Info\"}}]}<\/script>\n<!-- \/ Yoast SEO plugin. -->","yoast_head_json":{"title":"Premijer Tuzlanskog kantona svim katoli\u010dkim vjernicima \u010destitao Uskrs - TuzlaInfo.ba","robots":{"index":"index","follow":"follow","max-snippet":"max-snippet:-1","max-image-preview":"max-image-preview:large","max-video-preview":"max-video-preview:-1"},"canonical":"https:\/\/tuzlainfo.ba\/index.php\/novosti\/item\/169437-premijer-tuzlanskog-kantona-svim-katolickim-vjernicima-cestitao-uskrs\/","og_locale":"bs_BA","og_type":"article","og_title":"Premijer Tuzlanskog kantona svim katoli\u010dkim vjernicima \u010destitao Uskrs - TuzlaInfo.ba","og_description":"Premijer Tuzlanskog kantona Irfan Halilagi\u0107 povodom predstoje\u0107eg blagdana Uskrsa uputio je \u010destitku gra\u0111anima katoli\u010dke vjeroispovijesti,&hellip;","og_url":"https:\/\/tuzlainfo.ba\/index.php\/novosti\/item\/169437-premijer-tuzlanskog-kantona-svim-katolickim-vjernicima-cestitao-uskrs\/","og_site_name":"TuzlaInfo.ba","article_publisher":"https:\/\/www.facebook.com\/tuzlainfo.ba\/","article_published_time":"2022-04-17T09:00:14+00:00","article_modified_time":"2022-04-17T06:08:23+00:00","og_image":[{"width":770,"height":536,"url":"https:\/\/tuzlainfo.ba\/wp-content\/uploads\/2019\/11\/sadrzaj_2019_20190101_01012019_vlada_tk_vizual.jpg","type":"image\/jpeg"}],"author":"Tuzla Info","twitter_card":"summary_large_image","twitter_misc":{"Written by":"Tuzla Info","Est. reading time":"1 minuta"},"schema":{"@context":"https:\/\/schema.org","@graph":[{"@type":"Article","@id":"https:\/\/tuzlainfo.ba\/index.php\/novosti\/item\/169437-premijer-tuzlanskog-kantona-svim-katolickim-vjernicima-cestitao-uskrs\/#article","isPartOf":{"@id":"https:\/\/tuzlainfo.ba\/index.php\/novosti\/item\/169437-premijer-tuzlanskog-kantona-svim-katolickim-vjernicima-cestitao-uskrs\/"},"author":{"name":"Tuzla Info","@id":"https:\/\/tuzlainfo.ba\/#\/schema\/person\/46cad4c57790cbc50781edd14870825a"},"headline":"Premijer Tuzlanskog kantona svim katoli\u010dkim vjernicima \u010destitao Uskrs","datePublished":"2022-04-17T09:00:14+00:00","dateModified":"2022-04-17T06:08:23+00:00","mainEntityOfPage":{"@id":"https:\/\/tuzlainfo.ba\/index.php\/novosti\/item\/169437-premijer-tuzlanskog-kantona-svim-katolickim-vjernicima-cestitao-uskrs\/"},"wordCount":145,"commentCount":0,"publisher":{"@id":"https:\/\/tuzlainfo.ba\/#organization"},"image":{"@id":"https:\/\/tuzlainfo.ba\/index.php\/novosti\/item\/169437-premijer-tuzlanskog-kantona-svim-katolickim-vjernicima-cestitao-uskrs\/#primaryimage"},"thumbnailUrl":"https:\/\/tuzlainfo.ba\/wp-content\/uploads\/2019\/11\/sadrzaj_2019_20190101_01012019_vlada_tk_vizual.jpg","keywords":["\u010destitka","premijer tk","uskrs"],"articleSection":["Novosti"],"inLanguage":"bs-BA"},{"@type":"WebPage","@id":"https:\/\/tuzlainfo.ba\/index.php\/novosti\/item\/169437-premijer-tuzlanskog-kantona-svim-katolickim-vjernicima-cestitao-uskrs\/","url":"https:\/\/tuzlainfo.ba\/index.php\/novosti\/item\/169437-premijer-tuzlanskog-kantona-svim-katolickim-vjernicima-cestitao-uskrs\/","name":"Premijer Tuzlanskog kantona svim katoli\u010dkim vjernicima \u010destitao Uskrs - TuzlaInfo.ba","isPartOf":{"@id":"https:\/\/tuzlainfo.ba\/#website"},"primaryImageOfPage":{"@id":"https:\/\/tuzlainfo.ba\/index.php\/novosti\/item\/169437-premijer-tuzlanskog-kantona-svim-katolickim-vjernicima-cestitao-uskrs\/#primaryimage"},"image":{"@id":"https:\/\/tuzlainfo.ba\/index.php\/novosti\/item\/169437-premijer-tuzlanskog-kantona-svim-katolickim-vjernicima-cestitao-uskrs\/#primaryimage"},"thumbnailUrl":"https:\/\/tuzlainfo.ba\/wp-content\/uploads\/2019\/11\/sadrzaj_2019_20190101_01012019_vlada_tk_vizual.jpg","datePublished":"2022-04-17T09:00:14+00:00","dateModified":"2022-04-17T06:08:23+00:00","breadcrumb":{"@id":"https:\/\/tuzlainfo.ba\/index.php\/novosti\/item\/169437-premijer-tuzlanskog-kantona-svim-katolickim-vjernicima-cestitao-uskrs\/#breadcrumb"},"inLanguage":"bs-BA","potentialAction":[{"@type":"ReadAction","target":["https:\/\/tuzlainfo.ba\/index.php\/novosti\/item\/169437-premijer-tuzlanskog-kantona-svim-katolickim-vjernicima-cestitao-uskrs\/"]}]},{"@type":"ImageObject","inLanguage":"bs-BA","@id":"https:\/\/tuzlainfo.ba\/index.php\/novosti\/item\/169437-premijer-tuzlanskog-kantona-svim-katolickim-vjernicima-cestitao-uskrs\/#primaryimage","url":"https:\/\/tuzlainfo.ba\/wp-content\/uploads\/2019\/11\/sadrzaj_2019_20190101_01012019_vlada_tk_vizual.jpg","contentUrl":"https:\/\/tuzlainfo.ba\/wp-content\/uploads\/2019\/11\/sadrzaj_2019_20190101_01012019_vlada_tk_vizual.jpg","width":770,"height":536,"caption":"01012019 vlada tk vizual"},{"@type":"BreadcrumbList","@id":"https:\/\/tuzlainfo.ba\/index.php\/novosti\/item\/169437-premijer-tuzlanskog-kantona-svim-katolickim-vjernicima-cestitao-uskrs\/#breadcrumb","itemListElement":[{"@type":"ListItem","position":1,"name":"Home","item":"https:\/\/tuzlainfo.ba\/"},{"@type":"ListItem","position":2,"name":"Premijer Tuzlanskog kantona svim katoli\u010dkim vjernicima \u010destitao Uskrs"}]},{"@type":"WebSite","@id":"https:\/\/tuzlainfo.ba\/#website","url":"https:\/\/tuzlainfo.ba\/","name":"TuzlaInfo.ba","description":"Tuzla info, gradski informator - Tuzla na dlanu","publisher":{"@id":"https:\/\/tuzlainfo.ba\/#organization"},"potentialAction":[{"@type":"SearchAction","target":{"@type":"EntryPoint","urlTemplate":"https:\/\/tuzlainfo.ba\/?s={search_term_string}"},"query-input":{"@type":"PropertyValueSpecification","valueRequired":true,"valueName":"search_term_string"}}],"inLanguage":"bs-BA"},{"@type":"Organization","@id":"https:\/\/tuzlainfo.ba\/#organization","name":"TuzlaInfo.ba","url":"https:\/\/tuzlainfo.ba\/","logo":{"@type":"ImageObject","inLanguage":"bs-BA","@id":"https:\/\/tuzlainfo.ba\/#\/schema\/logo\/image\/","url":"https:\/\/tuzlainfo.ba\/wp-content\/uploads\/2021\/03\/logo-ver-3-1.png","contentUrl":"https:\/\/tuzlainfo.ba\/wp-content\/uploads\/2021\/03\/logo-ver-3-1.png","width":350,"height":95,"caption":"TuzlaInfo.ba"},"image":{"@id":"https:\/\/tuzlainfo.ba\/#\/schema\/logo\/image\/"},"sameAs":["https:\/\/www.facebook.com\/tuzlainfo.ba\/"]},{"@type":"Person","@id":"https:\/\/tuzlainfo.ba\/#\/schema\/person\/46cad4c57790cbc50781edd14870825a","name":"Tuzla Info","image":{"@type":"ImageObject","inLanguage":"bs-BA","@id":"https:\/\/tuzlainfo.ba\/#\/schema\/person\/image\/","url":"https:\/\/tuzlainfo.ba\/wp-content\/litespeed\/avatar\/b6c453a6c38e3654f2e4416c643fc25c.jpg?ver=1777051911","contentUrl":"https:\/\/tuzlainfo.ba\/wp-content\/litespeed\/avatar\/b6c453a6c38e3654f2e4416c643fc25c.jpg?ver=1777051911","caption":"Tuzla Info"}}]}},"_links":{"self":[{"href":"https:\/\/tuzlainfo.ba\/index.php\/wp-json\/wp\/v2\/posts\/169437"}],"collection":[{"href":"https:\/\/tuzlainfo.ba\/index.php\/wp-json\/wp\/v2\/posts"}],"about":[{"href":"https:\/\/tuzlainfo.ba\/index.php\/wp-json\/wp\/v2\/types\/post"}],"author":[{"embeddable":true,"href":"https:\/\/tuzlainfo.ba\/index.php\/wp-json\/wp\/v2\/users\/4"}],"replies":[{"embeddable":true,"href":"https:\/\/tuzlainfo.ba\/index.php\/wp-json\/wp\/v2\/comments?post=169437"}],"version-history":[{"count":0,"href":"https:\/\/tuzlainfo.ba\/index.php\/wp-json\/wp\/v2\/posts\/169437\/revisions"}],"wp:featuredmedia":[{"embeddable":true,"href":"https:\/\/tuzlainfo.ba\/index.php\/wp-json\/wp\/v2\/media\/74597"}],"wp:attachment":[{"href":"https:\/\/tuzlainfo.ba\/index.php\/wp-json\/wp\/v2\/media?parent=169437"}],"wp:term":[{"taxonomy":"category","embeddable":true,"href":"https:\/\/tuzlainfo.ba\/index.php\/wp-json\/wp\/v2\/categories?post=169437"},{"taxonomy":"post_tag","embeddable":true,"href":"https:\/\/tuzlainfo.ba\/index.php\/wp-json\/wp\/v2\/tags?post=169437"}],"curies":[{"name":"wp","href":"https:\/\/api.w.org\/{rel}","templated":true}]}}