{"id":169338,"date":"2022-04-14T20:01:27","date_gmt":"2022-04-14T18:01:27","guid":{"rendered":"https:\/\/tuzlainfo.ba\/?p=169338"},"modified":"2022-04-14T21:31:35","modified_gmt":"2022-04-14T19:31:35","slug":"srpska-pravoslavna-crkva-u-tuzli-u-junu-obiljezava-znacajne-jubileje","status":"publish","type":"post","link":"https:\/\/tuzlainfo.ba\/index.php\/novosti\/item\/169338-srpska-pravoslavna-crkva-u-tuzli-u-junu-obiljezava-znacajne-jubileje\/","title":{"rendered":"Srpska pravoslavna crkva u Tuzli u junu obilje\u017eava zna\u010dajne jubileje"},"content":{"rendered":"<p>Srpska pravoslavna crkva u Tuzli ove godine obilje\u017eava dva zna\u010dajna jubileja.<\/p>\n<p>Prvi jubilej je 170 godina od prenosa sjedi\u0161ta pravoslavne eparhije iz Zvornika u Tuzlu 1852-2022.g., a drugi jubilej je 140 godina od izgradnje Sabornog hrama Uspenja Presvete Bogorodice 1882-2022.g.<\/p>\n<p>U organizacionom odboru za obilje\u017eavanje 140 godina od izgradnje Hrama Uspenja Presvete Bogorodice su, osim predstavnika institucija iz Bosne i Hercegovine i Srbije, i predstavnici grada Tuzla, ali i istaknuti privrednici.<\/p>\n<div id=\"penci-post-gallery__29225\" class=\"penci-post-gallery-container masonry grid column-3\" data-height=\"150\" data-margin=\"3\"><div class=\"inner-gallery-masonry-container\"><div class=\"item-gallery-masonry grid\"><a class=\"\" href=\"https:\/\/tuzlainfo.ba\/wp-content\/uploads\/2022\/04\/1404_crkva-2.jpg\"><div class=\"inner-item-masonry-gallery\"><img decoding=\"async\" src=\"https:\/\/tuzlainfo.ba\/wp-content\/uploads\/2022\/04\/1404_crkva-2-585x390.jpg\" alt=\"\" title=\"1404_crkva (2)\"><\/div><\/a><\/div><div class=\"item-gallery-masonry grid\"><a class=\"\" href=\"https:\/\/tuzlainfo.ba\/wp-content\/uploads\/2022\/04\/1404_crkva-1.jpg\"><div class=\"inner-item-masonry-gallery\"><img decoding=\"async\" src=\"https:\/\/tuzlainfo.ba\/wp-content\/uploads\/2022\/04\/1404_crkva-1-585x390.jpg\" alt=\"\" title=\"1404_crkva (1)\"><\/div><\/a><\/div><div class=\"item-gallery-masonry grid\"><a class=\"\" href=\"https:\/\/tuzlainfo.ba\/wp-content\/uploads\/2022\/04\/1404_crkva-3.jpg\"><div class=\"inner-item-masonry-gallery\"><img decoding=\"async\" src=\"https:\/\/tuzlainfo.ba\/wp-content\/uploads\/2022\/04\/1404_crkva-3-585x390.jpg\" alt=\"\" title=\"1404_crkva (3)\"><\/div><\/a><\/div><\/div><\/div>\n<p>&#8211; Trudimo se da poka\u017eemo kontinutet srpskog nacionalnog, kulturnog i vjerskog prisustva na ovim prostorima. U svim proteklim godinama svojim radom nastojim da okupljam tuzlanske Srbe oko na\u0161eg hrama i oko aktivnosti koje realizujemo. Pored duhovnog \u017eivota, nastojimo da usmjerimo i jednu kulturnu \u017eilu kucavicu. To podrazumijeva razne dogo\u0111aje koje odr\u017eavamo u Vladikinom dvoru. Sve\u010danost povodom pomenutih jubileja bi\u0107e odr\u017eana u mjesecu junu, ka\u017ee za Tuzlainfo.ba Milo\u0161 Tri\u0161i\u0107, starje\u0161ina Sabornog hrama u Tuzli.<\/p>\n<p>Pomenuta dva jubijela razlog su i po\u010detka obnove fasade na Sabornom hramu. Sredstva za izvo\u0111enje radova osiguralo je Ministarstvo pravde Republike Srbije iz sredstava Prilika, uz odobrenje Zavoda za za\u0161titu spomenika kulture FBiH.<\/p>\n<p>Pored obnove fasade, u toku su radovi na izgradnji platoa sa isto\u010dne strane hrama. Radove izvodi preduze\u0107e &#8220;Sarajka&#8221; iz \u017divinica.<\/p>\n<p>Projekat Hrama Uspenja Presvete Bogorodice izradio je in\u017eenjer Anton Linardovi\u0107, rodom iz Sinja. Crkvu je gradio Tasa Naumovi\u0107 iz \u0160apca. <strong>\/S.P.\/<\/strong><\/p>\n","protected":false},"excerpt":{"rendered":"<p>Srpska pravoslavna crkva u Tuzli ove godine obilje\u017eava dva zna\u010dajna jubileja. Prvi jubilej je 170&hellip;<\/p>\n","protected":false},"author":2,"featured_media":169339,"comment_status":"open","ping_status":"closed","sticky":false,"template":"","format":"standard","meta":{"_acf_changed":false,"footnotes":""},"categories":[304,12],"tags":[3833,1892],"acf":[],"yoast_head":"<!-- This site is optimized with the Yoast SEO plugin v23.5 - https:\/\/yoast.com\/wordpress\/plugins\/seo\/ -->\n<title>Srpska pravoslavna crkva u Tuzli u junu obilje\u017eava zna\u010dajne jubileje - TuzlaInfo.ba<\/title>\n<meta name=\"robots\" content=\"index, follow, max-snippet:-1, max-image-preview:large, max-video-preview:-1\" \/>\n<link rel=\"canonical\" href=\"https:\/\/tuzlainfo.ba\/index.php\/novosti\/item\/169338-srpska-pravoslavna-crkva-u-tuzli-u-junu-obiljezava-znacajne-jubileje\/\" \/>\n<meta property=\"og:locale\" content=\"bs_BA\" \/>\n<meta property=\"og:type\" content=\"article\" \/>\n<meta property=\"og:title\" content=\"Srpska pravoslavna crkva u Tuzli u junu obilje\u017eava zna\u010dajne jubileje - TuzlaInfo.ba\" \/>\n<meta property=\"og:description\" content=\"Srpska pravoslavna crkva u Tuzli ove godine obilje\u017eava dva zna\u010dajna jubileja. Prvi jubilej je 170&hellip;\" \/>\n<meta property=\"og:url\" content=\"https:\/\/tuzlainfo.ba\/index.php\/novosti\/item\/169338-srpska-pravoslavna-crkva-u-tuzli-u-junu-obiljezava-znacajne-jubileje\/\" \/>\n<meta property=\"og:site_name\" content=\"TuzlaInfo.ba\" \/>\n<meta property=\"article:publisher\" content=\"https:\/\/www.facebook.com\/tuzlainfo.ba\/\" \/>\n<meta property=\"article:published_time\" content=\"2022-04-14T18:01:27+00:00\" \/>\n<meta property=\"article:modified_time\" content=\"2022-04-14T19:31:35+00:00\" \/>\n<meta property=\"og:image\" content=\"https:\/\/tuzlainfo.ba\/wp-content\/uploads\/2022\/04\/1404_crkva-3.jpg\" \/>\n\t<meta property=\"og:image:width\" content=\"1000\" \/>\n\t<meta property=\"og:image:height\" content=\"750\" \/>\n\t<meta property=\"og:image:type\" content=\"image\/jpeg\" \/>\n<meta name=\"author\" content=\"nedim\" \/>\n<meta name=\"twitter:card\" content=\"summary_large_image\" \/>\n<meta name=\"twitter:label1\" content=\"Written by\" \/>\n\t<meta name=\"twitter:data1\" content=\"nedim\" \/>\n\t<meta name=\"twitter:label2\" content=\"Est. reading time\" \/>\n\t<meta name=\"twitter:data2\" content=\"1 minuta\" \/>\n<script type=\"application\/ld+json\" class=\"yoast-schema-graph\">{\"@context\":\"https:\/\/schema.org\",\"@graph\":[{\"@type\":\"Article\",\"@id\":\"https:\/\/tuzlainfo.ba\/index.php\/novosti\/item\/169338-srpska-pravoslavna-crkva-u-tuzli-u-junu-obiljezava-znacajne-jubileje\/#article\",\"isPartOf\":{\"@id\":\"https:\/\/tuzlainfo.ba\/index.php\/novosti\/item\/169338-srpska-pravoslavna-crkva-u-tuzli-u-junu-obiljezava-znacajne-jubileje\/\"},\"author\":{\"name\":\"nedim\",\"@id\":\"https:\/\/tuzlainfo.ba\/#\/schema\/person\/f434e20dc27ea133923aab08451b7f7f\"},\"headline\":\"Srpska pravoslavna crkva u Tuzli u junu obilje\u017eava zna\u010dajne jubileje\",\"datePublished\":\"2022-04-14T18:01:27+00:00\",\"dateModified\":\"2022-04-14T19:31:35+00:00\",\"mainEntityOfPage\":{\"@id\":\"https:\/\/tuzlainfo.ba\/index.php\/novosti\/item\/169338-srpska-pravoslavna-crkva-u-tuzli-u-junu-obiljezava-znacajne-jubileje\/\"},\"wordCount\":255,\"commentCount\":0,\"publisher\":{\"@id\":\"https:\/\/tuzlainfo.ba\/#organization\"},\"image\":{\"@id\":\"https:\/\/tuzlainfo.ba\/index.php\/novosti\/item\/169338-srpska-pravoslavna-crkva-u-tuzli-u-junu-obiljezava-znacajne-jubileje\/#primaryimage\"},\"thumbnailUrl\":\"https:\/\/tuzlainfo.ba\/wp-content\/uploads\/2022\/04\/1404_crkva-3.jpg\",\"keywords\":[\"SPC Tuzla\",\"Srpska pravoslavna crkva\"],\"articleSection\":[\"Istaknuto\",\"Novosti\"],\"inLanguage\":\"bs-BA\"},{\"@type\":\"WebPage\",\"@id\":\"https:\/\/tuzlainfo.ba\/index.php\/novosti\/item\/169338-srpska-pravoslavna-crkva-u-tuzli-u-junu-obiljezava-znacajne-jubileje\/\",\"url\":\"https:\/\/tuzlainfo.ba\/index.php\/novosti\/item\/169338-srpska-pravoslavna-crkva-u-tuzli-u-junu-obiljezava-znacajne-jubileje\/\",\"name\":\"Srpska pravoslavna crkva u Tuzli u junu obilje\u017eava zna\u010dajne jubileje - TuzlaInfo.ba\",\"isPartOf\":{\"@id\":\"https:\/\/tuzlainfo.ba\/#website\"},\"primaryImageOfPage\":{\"@id\":\"https:\/\/tuzlainfo.ba\/index.php\/novosti\/item\/169338-srpska-pravoslavna-crkva-u-tuzli-u-junu-obiljezava-znacajne-jubileje\/#primaryimage\"},\"image\":{\"@id\":\"https:\/\/tuzlainfo.ba\/index.php\/novosti\/item\/169338-srpska-pravoslavna-crkva-u-tuzli-u-junu-obiljezava-znacajne-jubileje\/#primaryimage\"},\"thumbnailUrl\":\"https:\/\/tuzlainfo.ba\/wp-content\/uploads\/2022\/04\/1404_crkva-3.jpg\",\"datePublished\":\"2022-04-14T18:01:27+00:00\",\"dateModified\":\"2022-04-14T19:31:35+00:00\",\"breadcrumb\":{\"@id\":\"https:\/\/tuzlainfo.ba\/index.php\/novosti\/item\/169338-srpska-pravoslavna-crkva-u-tuzli-u-junu-obiljezava-znacajne-jubileje\/#breadcrumb\"},\"inLanguage\":\"bs-BA\",\"potentialAction\":[{\"@type\":\"ReadAction\",\"target\":[\"https:\/\/tuzlainfo.ba\/index.php\/novosti\/item\/169338-srpska-pravoslavna-crkva-u-tuzli-u-junu-obiljezava-znacajne-jubileje\/\"]}]},{\"@type\":\"ImageObject\",\"inLanguage\":\"bs-BA\",\"@id\":\"https:\/\/tuzlainfo.ba\/index.php\/novosti\/item\/169338-srpska-pravoslavna-crkva-u-tuzli-u-junu-obiljezava-znacajne-jubileje\/#primaryimage\",\"url\":\"https:\/\/tuzlainfo.ba\/wp-content\/uploads\/2022\/04\/1404_crkva-3.jpg\",\"contentUrl\":\"https:\/\/tuzlainfo.ba\/wp-content\/uploads\/2022\/04\/1404_crkva-3.jpg\",\"width\":1000,\"height\":750},{\"@type\":\"BreadcrumbList\",\"@id\":\"https:\/\/tuzlainfo.ba\/index.php\/novosti\/item\/169338-srpska-pravoslavna-crkva-u-tuzli-u-junu-obiljezava-znacajne-jubileje\/#breadcrumb\",\"itemListElement\":[{\"@type\":\"ListItem\",\"position\":1,\"name\":\"Home\",\"item\":\"https:\/\/tuzlainfo.ba\/\"},{\"@type\":\"ListItem\",\"position\":2,\"name\":\"Srpska pravoslavna crkva u Tuzli u junu obilje\u017eava zna\u010dajne jubileje\"}]},{\"@type\":\"WebSite\",\"@id\":\"https:\/\/tuzlainfo.ba\/#website\",\"url\":\"https:\/\/tuzlainfo.ba\/\",\"name\":\"TuzlaInfo.ba\",\"description\":\"Tuzla info, gradski informator - Tuzla na dlanu\",\"publisher\":{\"@id\":\"https:\/\/tuzlainfo.ba\/#organization\"},\"potentialAction\":[{\"@type\":\"SearchAction\",\"target\":{\"@type\":\"EntryPoint\",\"urlTemplate\":\"https:\/\/tuzlainfo.ba\/?s={search_term_string}\"},\"query-input\":{\"@type\":\"PropertyValueSpecification\",\"valueRequired\":true,\"valueName\":\"search_term_string\"}}],\"inLanguage\":\"bs-BA\"},{\"@type\":\"Organization\",\"@id\":\"https:\/\/tuzlainfo.ba\/#organization\",\"name\":\"TuzlaInfo.ba\",\"url\":\"https:\/\/tuzlainfo.ba\/\",\"logo\":{\"@type\":\"ImageObject\",\"inLanguage\":\"bs-BA\",\"@id\":\"https:\/\/tuzlainfo.ba\/#\/schema\/logo\/image\/\",\"url\":\"https:\/\/tuzlainfo.ba\/wp-content\/uploads\/2021\/03\/logo-ver-3-1.png\",\"contentUrl\":\"https:\/\/tuzlainfo.ba\/wp-content\/uploads\/2021\/03\/logo-ver-3-1.png\",\"width\":350,\"height\":95,\"caption\":\"TuzlaInfo.ba\"},\"image\":{\"@id\":\"https:\/\/tuzlainfo.ba\/#\/schema\/logo\/image\/\"},\"sameAs\":[\"https:\/\/www.facebook.com\/tuzlainfo.ba\/\"]},{\"@type\":\"Person\",\"@id\":\"https:\/\/tuzlainfo.ba\/#\/schema\/person\/f434e20dc27ea133923aab08451b7f7f\",\"name\":\"nedim\",\"image\":{\"@type\":\"ImageObject\",\"inLanguage\":\"bs-BA\",\"@id\":\"https:\/\/tuzlainfo.ba\/#\/schema\/person\/image\/\",\"url\":\"https:\/\/tuzlainfo.ba\/wp-content\/litespeed\/avatar\/aabad687af24844af817603ac1cbdc4f.jpg?ver=1777306975\",\"contentUrl\":\"https:\/\/tuzlainfo.ba\/wp-content\/litespeed\/avatar\/aabad687af24844af817603ac1cbdc4f.jpg?ver=1777306975\",\"caption\":\"nedim\"},\"description\":\"Tuzlainfo.ba pratite na dru\u0161tvenim mre\u017eama: Facebook, Instagram i Youtube. Svoje pri\u010de, upite i fotografije \u0161aljite na na\u0161u e-mail adresu.\"}]}<\/script>\n<!-- \/ Yoast SEO plugin. -->","yoast_head_json":{"title":"Srpska pravoslavna crkva u Tuzli u junu obilje\u017eava zna\u010dajne jubileje - TuzlaInfo.ba","robots":{"index":"index","follow":"follow","max-snippet":"max-snippet:-1","max-image-preview":"max-image-preview:large","max-video-preview":"max-video-preview:-1"},"canonical":"https:\/\/tuzlainfo.ba\/index.php\/novosti\/item\/169338-srpska-pravoslavna-crkva-u-tuzli-u-junu-obiljezava-znacajne-jubileje\/","og_locale":"bs_BA","og_type":"article","og_title":"Srpska pravoslavna crkva u Tuzli u junu obilje\u017eava zna\u010dajne jubileje - TuzlaInfo.ba","og_description":"Srpska pravoslavna crkva u Tuzli ove godine obilje\u017eava dva zna\u010dajna jubileja. Prvi jubilej je 170&hellip;","og_url":"https:\/\/tuzlainfo.ba\/index.php\/novosti\/item\/169338-srpska-pravoslavna-crkva-u-tuzli-u-junu-obiljezava-znacajne-jubileje\/","og_site_name":"TuzlaInfo.ba","article_publisher":"https:\/\/www.facebook.com\/tuzlainfo.ba\/","article_published_time":"2022-04-14T18:01:27+00:00","article_modified_time":"2022-04-14T19:31:35+00:00","og_image":[{"width":1000,"height":750,"url":"https:\/\/tuzlainfo.ba\/wp-content\/uploads\/2022\/04\/1404_crkva-3.jpg","type":"image\/jpeg"}],"author":"nedim","twitter_card":"summary_large_image","twitter_misc":{"Written by":"nedim","Est. reading time":"1 minuta"},"schema":{"@context":"https:\/\/schema.org","@graph":[{"@type":"Article","@id":"https:\/\/tuzlainfo.ba\/index.php\/novosti\/item\/169338-srpska-pravoslavna-crkva-u-tuzli-u-junu-obiljezava-znacajne-jubileje\/#article","isPartOf":{"@id":"https:\/\/tuzlainfo.ba\/index.php\/novosti\/item\/169338-srpska-pravoslavna-crkva-u-tuzli-u-junu-obiljezava-znacajne-jubileje\/"},"author":{"name":"nedim","@id":"https:\/\/tuzlainfo.ba\/#\/schema\/person\/f434e20dc27ea133923aab08451b7f7f"},"headline":"Srpska pravoslavna crkva u Tuzli u junu obilje\u017eava zna\u010dajne jubileje","datePublished":"2022-04-14T18:01:27+00:00","dateModified":"2022-04-14T19:31:35+00:00","mainEntityOfPage":{"@id":"https:\/\/tuzlainfo.ba\/index.php\/novosti\/item\/169338-srpska-pravoslavna-crkva-u-tuzli-u-junu-obiljezava-znacajne-jubileje\/"},"wordCount":255,"commentCount":0,"publisher":{"@id":"https:\/\/tuzlainfo.ba\/#organization"},"image":{"@id":"https:\/\/tuzlainfo.ba\/index.php\/novosti\/item\/169338-srpska-pravoslavna-crkva-u-tuzli-u-junu-obiljezava-znacajne-jubileje\/#primaryimage"},"thumbnailUrl":"https:\/\/tuzlainfo.ba\/wp-content\/uploads\/2022\/04\/1404_crkva-3.jpg","keywords":["SPC Tuzla","Srpska pravoslavna crkva"],"articleSection":["Istaknuto","Novosti"],"inLanguage":"bs-BA"},{"@type":"WebPage","@id":"https:\/\/tuzlainfo.ba\/index.php\/novosti\/item\/169338-srpska-pravoslavna-crkva-u-tuzli-u-junu-obiljezava-znacajne-jubileje\/","url":"https:\/\/tuzlainfo.ba\/index.php\/novosti\/item\/169338-srpska-pravoslavna-crkva-u-tuzli-u-junu-obiljezava-znacajne-jubileje\/","name":"Srpska pravoslavna crkva u Tuzli u junu obilje\u017eava zna\u010dajne jubileje - TuzlaInfo.ba","isPartOf":{"@id":"https:\/\/tuzlainfo.ba\/#website"},"primaryImageOfPage":{"@id":"https:\/\/tuzlainfo.ba\/index.php\/novosti\/item\/169338-srpska-pravoslavna-crkva-u-tuzli-u-junu-obiljezava-znacajne-jubileje\/#primaryimage"},"image":{"@id":"https:\/\/tuzlainfo.ba\/index.php\/novosti\/item\/169338-srpska-pravoslavna-crkva-u-tuzli-u-junu-obiljezava-znacajne-jubileje\/#primaryimage"},"thumbnailUrl":"https:\/\/tuzlainfo.ba\/wp-content\/uploads\/2022\/04\/1404_crkva-3.jpg","datePublished":"2022-04-14T18:01:27+00:00","dateModified":"2022-04-14T19:31:35+00:00","breadcrumb":{"@id":"https:\/\/tuzlainfo.ba\/index.php\/novosti\/item\/169338-srpska-pravoslavna-crkva-u-tuzli-u-junu-obiljezava-znacajne-jubileje\/#breadcrumb"},"inLanguage":"bs-BA","potentialAction":[{"@type":"ReadAction","target":["https:\/\/tuzlainfo.ba\/index.php\/novosti\/item\/169338-srpska-pravoslavna-crkva-u-tuzli-u-junu-obiljezava-znacajne-jubileje\/"]}]},{"@type":"ImageObject","inLanguage":"bs-BA","@id":"https:\/\/tuzlainfo.ba\/index.php\/novosti\/item\/169338-srpska-pravoslavna-crkva-u-tuzli-u-junu-obiljezava-znacajne-jubileje\/#primaryimage","url":"https:\/\/tuzlainfo.ba\/wp-content\/uploads\/2022\/04\/1404_crkva-3.jpg","contentUrl":"https:\/\/tuzlainfo.ba\/wp-content\/uploads\/2022\/04\/1404_crkva-3.jpg","width":1000,"height":750},{"@type":"BreadcrumbList","@id":"https:\/\/tuzlainfo.ba\/index.php\/novosti\/item\/169338-srpska-pravoslavna-crkva-u-tuzli-u-junu-obiljezava-znacajne-jubileje\/#breadcrumb","itemListElement":[{"@type":"ListItem","position":1,"name":"Home","item":"https:\/\/tuzlainfo.ba\/"},{"@type":"ListItem","position":2,"name":"Srpska pravoslavna crkva u Tuzli u junu obilje\u017eava zna\u010dajne jubileje"}]},{"@type":"WebSite","@id":"https:\/\/tuzlainfo.ba\/#website","url":"https:\/\/tuzlainfo.ba\/","name":"TuzlaInfo.ba","description":"Tuzla info, gradski informator - Tuzla na dlanu","publisher":{"@id":"https:\/\/tuzlainfo.ba\/#organization"},"potentialAction":[{"@type":"SearchAction","target":{"@type":"EntryPoint","urlTemplate":"https:\/\/tuzlainfo.ba\/?s={search_term_string}"},"query-input":{"@type":"PropertyValueSpecification","valueRequired":true,"valueName":"search_term_string"}}],"inLanguage":"bs-BA"},{"@type":"Organization","@id":"https:\/\/tuzlainfo.ba\/#organization","name":"TuzlaInfo.ba","url":"https:\/\/tuzlainfo.ba\/","logo":{"@type":"ImageObject","inLanguage":"bs-BA","@id":"https:\/\/tuzlainfo.ba\/#\/schema\/logo\/image\/","url":"https:\/\/tuzlainfo.ba\/wp-content\/uploads\/2021\/03\/logo-ver-3-1.png","contentUrl":"https:\/\/tuzlainfo.ba\/wp-content\/uploads\/2021\/03\/logo-ver-3-1.png","width":350,"height":95,"caption":"TuzlaInfo.ba"},"image":{"@id":"https:\/\/tuzlainfo.ba\/#\/schema\/logo\/image\/"},"sameAs":["https:\/\/www.facebook.com\/tuzlainfo.ba\/"]},{"@type":"Person","@id":"https:\/\/tuzlainfo.ba\/#\/schema\/person\/f434e20dc27ea133923aab08451b7f7f","name":"nedim","image":{"@type":"ImageObject","inLanguage":"bs-BA","@id":"https:\/\/tuzlainfo.ba\/#\/schema\/person\/image\/","url":"https:\/\/tuzlainfo.ba\/wp-content\/litespeed\/avatar\/aabad687af24844af817603ac1cbdc4f.jpg?ver=1777306975","contentUrl":"https:\/\/tuzlainfo.ba\/wp-content\/litespeed\/avatar\/aabad687af24844af817603ac1cbdc4f.jpg?ver=1777306975","caption":"nedim"},"description":"Tuzlainfo.ba pratite na dru\u0161tvenim mre\u017eama: Facebook, Instagram i Youtube. Svoje pri\u010de, upite i fotografije \u0161aljite na na\u0161u e-mail adresu."}]}},"_links":{"self":[{"href":"https:\/\/tuzlainfo.ba\/index.php\/wp-json\/wp\/v2\/posts\/169338"}],"collection":[{"href":"https:\/\/tuzlainfo.ba\/index.php\/wp-json\/wp\/v2\/posts"}],"about":[{"href":"https:\/\/tuzlainfo.ba\/index.php\/wp-json\/wp\/v2\/types\/post"}],"author":[{"embeddable":true,"href":"https:\/\/tuzlainfo.ba\/index.php\/wp-json\/wp\/v2\/users\/2"}],"replies":[{"embeddable":true,"href":"https:\/\/tuzlainfo.ba\/index.php\/wp-json\/wp\/v2\/comments?post=169338"}],"version-history":[{"count":0,"href":"https:\/\/tuzlainfo.ba\/index.php\/wp-json\/wp\/v2\/posts\/169338\/revisions"}],"wp:featuredmedia":[{"embeddable":true,"href":"https:\/\/tuzlainfo.ba\/index.php\/wp-json\/wp\/v2\/media\/169339"}],"wp:attachment":[{"href":"https:\/\/tuzlainfo.ba\/index.php\/wp-json\/wp\/v2\/media?parent=169338"}],"wp:term":[{"taxonomy":"category","embeddable":true,"href":"https:\/\/tuzlainfo.ba\/index.php\/wp-json\/wp\/v2\/categories?post=169338"},{"taxonomy":"post_tag","embeddable":true,"href":"https:\/\/tuzlainfo.ba\/index.php\/wp-json\/wp\/v2\/tags?post=169338"}],"curies":[{"name":"wp","href":"https:\/\/api.w.org\/{rel}","templated":true}]}}