{"id":169186,"date":"2022-04-14T08:00:23","date_gmt":"2022-04-14T06:00:23","guid":{"rendered":"https:\/\/tuzlainfo.ba\/?p=169186"},"modified":"2022-04-13T16:57:40","modified_gmt":"2022-04-13T14:57:40","slug":"predstavnici-americke-ambasade-u-kantonalnoj-privrednoj-komori-problem-je-u-sporosti-donosenja-zakona-na-drzavnom-nivou","status":"publish","type":"post","link":"https:\/\/tuzlainfo.ba\/index.php\/novosti\/item\/169186-predstavnici-americke-ambasade-u-kantonalnoj-privrednoj-komori-problem-je-u-sporosti-donosenja-zakona-na-drzavnom-nivou\/","title":{"rendered":"Predstavnici Ameri\u010dke ambasade u Kantonalnoj privrednoj komori: &#8220;Problem je u sporosti dono\u0161enja zakona na dr\u017eavnom nivou&#8221;"},"content":{"rendered":"<p>U okviru zavr\u0161nih aktivnosti trogodi\u0161njeg mandata, u dvodnevnoj posjeti Tuzli boravio je Ryan Miller ekonomski slu\u017ebenik Ekonomskog odjela Ambasade SAD u BiH. Delegacija Ambasade SAD u BiH koju je jo\u0161 sa\u010dinjavao Edhem Brankovi\u0107 specijalist za komercijalne poslove, uprili\u010dila je posjetu Kantonalnoj privrednoj komori Tuzla. Istakao je na sastanku g. Miller, uz zahvalnost na prijemu, da mu je veoma zna\u010dajna posjeta Tuzli.<\/p>\n<p>\u201ePrilika je ovo za sagledavanje cjelokupne situacije u privredi ovog kraja. Tu smo da se upoznamo sa ekonomijom, de\u0161avanjima u privredi, izazovima, posljedicama pandemijske krize. Ve\u0107 smo uprili\u010dili nekoliko susreta. Posjetili smo Ameri\u010dki kutak u Narodnoj i univerzitetskoj biblioteci \u201cDervi\u0161 Su\u0161i\u0107\u201d Tuzla, Me\u0111unarodni aerodrom Tuzla, Virgin Pulse Tuzla. Od velikog zna\u010daja je da na kraju trogodi\u0161njeg mandata saznam i vi\u0161e podataka o privrednim kretanjima a Komora je pravo mjesto za sagledavanje kompletne slike&#8221;, izjavio je Ryan Miller. Kako je istakao Edhem Brankovi\u0107 specijalist za komercijalne poslove, provode ugodne trenutke u Tuzli imaju prijatne susrete i razgovore. &#8220;Imali smo priliku u hotelu &#8220;Sony Lux&#8221; Tuzla, koji je i \u010dlan Komore, pro\u010ditati va\u0161e novine &#8220;Komorski informator&#8221; iz kojeg smo dobili zna\u010dajne informacije o va\u0161im \u010dlanicama. Informativna novina i o cjelokupnoj privredi Tuzlanskog kantona&#8221;, pohvalio je Komoru g. Bi\u010daki\u0107.<\/p>\n<p>Nedret Kikanovi\u0107 je prestavio svoje saradnike a onda i kompletnu sliku privrednih kretanja na podru\u010dju Tuzlanskog kantona. Govorio je o strukturi privrede, uvozu-izvozu, pote\u0161ko\u0107ama sa kojima se privreda susre\u0107e. &#8220;Ovaj kanton ima potencijala, ima zna\u010dajne rezultate kada su u pitanju proizvodnja plastike, tekstil, obu\u0107a, drvna industrija, ma\u0161inska industija, lideri smo u proizvodnji elektri\u010dne energije. Uglavnom je privredna izvozno orijentirana ka EU a zna\u010dajani su i pokazatelji na\u0161eg izvoza namje\u0161taja u SAD. Znamo da postoje kapaciteti za napredak, za razvoj ali nas uni\u0161tava sporost dono\u0161enja odluka i zakona na dr\u017eavnom nivou. Slo\u017eenost prilika u BiH u zna\u010dajnoj mjeri uti\u010de i na privredu. Aktuelna globalna situacija se reflektira i na privredu TK. Iako je te\u0161ko stanje, dobro se nosimo jo\u0161 uvijek, ali je neophodna podr\u0161ka svih dr\u017eavih nivoa da se prevazi\u0111u pote\u0161ko\u0107e u TK i cjelokupnoj bh privredi\u201c, izjavio je predsjednik Kikanovi\u0107.<\/p>\n<p>Predstavio je gostima iz Ambasade SAD i slo\u017eenost komorskog sistema koji jedino na podru\u010dju FBiH funkcioni\u0161e na dobrovoljnom \u010dlanstvu dok je u Vanjskotrgovinskoj komori, komorskom sistemu Republike Srpske, Br\u010dko Distrikta obavezno \u010dlanstvo kao \u0161to je slu\u010daj i sa Obrni\u010dkom komorom u BiH. \u201ePripremljen je prijedlog novog Zakona i komorama, upu\u0107en na Vladu FBiH, u skup\u0161tinsku proceduru, gdje je \u201ezale\u0111en\u201c ve\u0107 \u010detiri godine\u201c, rekao je predsjednik Kikanovi\u0107. Re\u010deno je na ovom skupu da Komorski sistem ula\u017ee napore za stvaranje povoljnijeg privrednog ambijenta ali da to bez uticaja i pomo\u0107i, prije svega dr\u017eave, pa onda i vanjskih faktora, ipak nije dovoljno. Upu\u0107en je apel da se, s tim u vezi, poku\u0161a na\u0107i na\u010din za kvalitetniju saradnju Komore sa agencijom USAID, kao \u0161to ve\u0107 postoji dobra saradnja sa drugim sli\u010dnim agencijama. Razgovaralo se o strukturi, aktuelnom momentu poljoprivredne i prehrambene industrije te djelatnosti turizma na podru\u010dju Tuzlanskog kantona sa posebnim osvrtom na sajamske nastupe koje Komora organizuje za \u010dlanice u BiH i zemljama regije. Istaknuto je sastanku u Komori da je zajedni\u010dki zadatak u\u010diniti napore da se popravi privredna saradnja TK i SAD, da se unaprijedi odnos uvoza i izvoza a g. Miller se posebno interesovao za mogu\u0107nost pove\u0107anja uvoza koksa iz SAD u TK, stanje u MAT-u. Naglasio je spremnost da, na kraju svog mandata, prenese sva iskustva i saznanja svojim naslijednicima, da ambasadoru uputi prijedlog za vi\u0161e aktivnosti i djelovanja Ambasade na podru\u010dju TK, za ve\u0107u saradnju sa Tuzlom i Komorom. Na kraju, gostima je saop\u0107eno da je u pripremi sastanak privrednika sa podru\u010dja Tuzlanskog kantona sa ambasadorom SAD u BiH.<\/p>\n","protected":false},"excerpt":{"rendered":"<p>U okviru zavr\u0161nih aktivnosti trogodi\u0161njeg mandata, u dvodnevnoj posjeti Tuzli boravio je Ryan Miller ekonomski&hellip;<\/p>\n","protected":false},"author":4,"featured_media":169187,"comment_status":"open","ping_status":"closed","sticky":false,"template":"","format":"standard","meta":{"_acf_changed":false,"footnotes":""},"categories":[12],"tags":[1763],"acf":[],"yoast_head":"<!-- This site is optimized with the Yoast SEO plugin v23.5 - https:\/\/yoast.com\/wordpress\/plugins\/seo\/ -->\n<title>Predstavnici Ameri\u010dke ambasade u Kantonalnoj privrednoj komori: &quot;Problem je u sporosti dono\u0161enja zakona na dr\u017eavnom nivou&quot; - TuzlaInfo.ba<\/title>\n<meta name=\"robots\" content=\"index, follow, max-snippet:-1, max-image-preview:large, max-video-preview:-1\" \/>\n<link rel=\"canonical\" href=\"https:\/\/tuzlainfo.ba\/index.php\/novosti\/item\/169186-predstavnici-americke-ambasade-u-kantonalnoj-privrednoj-komori-problem-je-u-sporosti-donosenja-zakona-na-drzavnom-nivou\/\" \/>\n<meta property=\"og:locale\" content=\"bs_BA\" \/>\n<meta property=\"og:type\" content=\"article\" \/>\n<meta property=\"og:title\" content=\"Predstavnici Ameri\u010dke ambasade u Kantonalnoj privrednoj komori: &quot;Problem je u sporosti dono\u0161enja zakona na dr\u017eavnom nivou&quot; - TuzlaInfo.ba\" \/>\n<meta property=\"og:description\" content=\"U okviru zavr\u0161nih aktivnosti trogodi\u0161njeg mandata, u dvodnevnoj posjeti Tuzli boravio je Ryan Miller ekonomski&hellip;\" \/>\n<meta property=\"og:url\" content=\"https:\/\/tuzlainfo.ba\/index.php\/novosti\/item\/169186-predstavnici-americke-ambasade-u-kantonalnoj-privrednoj-komori-problem-je-u-sporosti-donosenja-zakona-na-drzavnom-nivou\/\" \/>\n<meta property=\"og:site_name\" content=\"TuzlaInfo.ba\" \/>\n<meta property=\"article:publisher\" content=\"https:\/\/www.facebook.com\/tuzlainfo.ba\/\" \/>\n<meta property=\"article:published_time\" content=\"2022-04-14T06:00:23+00:00\" \/>\n<meta property=\"article:modified_time\" content=\"2022-04-13T14:57:40+00:00\" \/>\n<meta property=\"og:image\" content=\"https:\/\/tuzlainfo.ba\/wp-content\/uploads\/2022\/04\/inbound8760983378244432797.jpg\" \/>\n\t<meta property=\"og:image:width\" content=\"640\" \/>\n\t<meta property=\"og:image:height\" content=\"480\" \/>\n\t<meta property=\"og:image:type\" content=\"image\/jpeg\" \/>\n<meta name=\"author\" content=\"Tuzla Info\" \/>\n<meta name=\"twitter:card\" content=\"summary_large_image\" \/>\n<meta name=\"twitter:label1\" content=\"Written by\" \/>\n\t<meta name=\"twitter:data1\" content=\"Tuzla Info\" \/>\n\t<meta name=\"twitter:label2\" content=\"Est. reading time\" \/>\n\t<meta name=\"twitter:data2\" content=\"3 minute\" \/>\n<script type=\"application\/ld+json\" class=\"yoast-schema-graph\">{\"@context\":\"https:\/\/schema.org\",\"@graph\":[{\"@type\":\"Article\",\"@id\":\"https:\/\/tuzlainfo.ba\/index.php\/novosti\/item\/169186-predstavnici-americke-ambasade-u-kantonalnoj-privrednoj-komori-problem-je-u-sporosti-donosenja-zakona-na-drzavnom-nivou\/#article\",\"isPartOf\":{\"@id\":\"https:\/\/tuzlainfo.ba\/index.php\/novosti\/item\/169186-predstavnici-americke-ambasade-u-kantonalnoj-privrednoj-komori-problem-je-u-sporosti-donosenja-zakona-na-drzavnom-nivou\/\"},\"author\":{\"name\":\"Tuzla Info\",\"@id\":\"https:\/\/tuzlainfo.ba\/#\/schema\/person\/46cad4c57790cbc50781edd14870825a\"},\"headline\":\"Predstavnici Ameri\u010dke ambasade u Kantonalnoj privrednoj komori: &#8220;Problem je u sporosti dono\u0161enja zakona na dr\u017eavnom nivou&#8221;\",\"datePublished\":\"2022-04-14T06:00:23+00:00\",\"dateModified\":\"2022-04-13T14:57:40+00:00\",\"mainEntityOfPage\":{\"@id\":\"https:\/\/tuzlainfo.ba\/index.php\/novosti\/item\/169186-predstavnici-americke-ambasade-u-kantonalnoj-privrednoj-komori-problem-je-u-sporosti-donosenja-zakona-na-drzavnom-nivou\/\"},\"wordCount\":686,\"commentCount\":0,\"publisher\":{\"@id\":\"https:\/\/tuzlainfo.ba\/#organization\"},\"image\":{\"@id\":\"https:\/\/tuzlainfo.ba\/index.php\/novosti\/item\/169186-predstavnici-americke-ambasade-u-kantonalnoj-privrednoj-komori-problem-je-u-sporosti-donosenja-zakona-na-drzavnom-nivou\/#primaryimage\"},\"thumbnailUrl\":\"https:\/\/tuzlainfo.ba\/wp-content\/uploads\/2022\/04\/inbound8760983378244432797.jpg\",\"keywords\":[\"kanronalna privredna komora tuzla\"],\"articleSection\":[\"Novosti\"],\"inLanguage\":\"bs-BA\"},{\"@type\":\"WebPage\",\"@id\":\"https:\/\/tuzlainfo.ba\/index.php\/novosti\/item\/169186-predstavnici-americke-ambasade-u-kantonalnoj-privrednoj-komori-problem-je-u-sporosti-donosenja-zakona-na-drzavnom-nivou\/\",\"url\":\"https:\/\/tuzlainfo.ba\/index.php\/novosti\/item\/169186-predstavnici-americke-ambasade-u-kantonalnoj-privrednoj-komori-problem-je-u-sporosti-donosenja-zakona-na-drzavnom-nivou\/\",\"name\":\"Predstavnici Ameri\u010dke ambasade u Kantonalnoj privrednoj komori: \\\"Problem je u sporosti dono\u0161enja zakona na dr\u017eavnom nivou\\\" - TuzlaInfo.ba\",\"isPartOf\":{\"@id\":\"https:\/\/tuzlainfo.ba\/#website\"},\"primaryImageOfPage\":{\"@id\":\"https:\/\/tuzlainfo.ba\/index.php\/novosti\/item\/169186-predstavnici-americke-ambasade-u-kantonalnoj-privrednoj-komori-problem-je-u-sporosti-donosenja-zakona-na-drzavnom-nivou\/#primaryimage\"},\"image\":{\"@id\":\"https:\/\/tuzlainfo.ba\/index.php\/novosti\/item\/169186-predstavnici-americke-ambasade-u-kantonalnoj-privrednoj-komori-problem-je-u-sporosti-donosenja-zakona-na-drzavnom-nivou\/#primaryimage\"},\"thumbnailUrl\":\"https:\/\/tuzlainfo.ba\/wp-content\/uploads\/2022\/04\/inbound8760983378244432797.jpg\",\"datePublished\":\"2022-04-14T06:00:23+00:00\",\"dateModified\":\"2022-04-13T14:57:40+00:00\",\"breadcrumb\":{\"@id\":\"https:\/\/tuzlainfo.ba\/index.php\/novosti\/item\/169186-predstavnici-americke-ambasade-u-kantonalnoj-privrednoj-komori-problem-je-u-sporosti-donosenja-zakona-na-drzavnom-nivou\/#breadcrumb\"},\"inLanguage\":\"bs-BA\",\"potentialAction\":[{\"@type\":\"ReadAction\",\"target\":[\"https:\/\/tuzlainfo.ba\/index.php\/novosti\/item\/169186-predstavnici-americke-ambasade-u-kantonalnoj-privrednoj-komori-problem-je-u-sporosti-donosenja-zakona-na-drzavnom-nivou\/\"]}]},{\"@type\":\"ImageObject\",\"inLanguage\":\"bs-BA\",\"@id\":\"https:\/\/tuzlainfo.ba\/index.php\/novosti\/item\/169186-predstavnici-americke-ambasade-u-kantonalnoj-privrednoj-komori-problem-je-u-sporosti-donosenja-zakona-na-drzavnom-nivou\/#primaryimage\",\"url\":\"https:\/\/tuzlainfo.ba\/wp-content\/uploads\/2022\/04\/inbound8760983378244432797.jpg\",\"contentUrl\":\"https:\/\/tuzlainfo.ba\/wp-content\/uploads\/2022\/04\/inbound8760983378244432797.jpg\",\"width\":640,\"height\":480},{\"@type\":\"BreadcrumbList\",\"@id\":\"https:\/\/tuzlainfo.ba\/index.php\/novosti\/item\/169186-predstavnici-americke-ambasade-u-kantonalnoj-privrednoj-komori-problem-je-u-sporosti-donosenja-zakona-na-drzavnom-nivou\/#breadcrumb\",\"itemListElement\":[{\"@type\":\"ListItem\",\"position\":1,\"name\":\"Home\",\"item\":\"https:\/\/tuzlainfo.ba\/\"},{\"@type\":\"ListItem\",\"position\":2,\"name\":\"Predstavnici Ameri\u010dke ambasade u Kantonalnoj privrednoj komori: &#8220;Problem je u sporosti dono\u0161enja zakona na dr\u017eavnom nivou&#8221;\"}]},{\"@type\":\"WebSite\",\"@id\":\"https:\/\/tuzlainfo.ba\/#website\",\"url\":\"https:\/\/tuzlainfo.ba\/\",\"name\":\"TuzlaInfo.ba\",\"description\":\"Tuzla info, gradski informator - Tuzla na dlanu\",\"publisher\":{\"@id\":\"https:\/\/tuzlainfo.ba\/#organization\"},\"potentialAction\":[{\"@type\":\"SearchAction\",\"target\":{\"@type\":\"EntryPoint\",\"urlTemplate\":\"https:\/\/tuzlainfo.ba\/?s={search_term_string}\"},\"query-input\":{\"@type\":\"PropertyValueSpecification\",\"valueRequired\":true,\"valueName\":\"search_term_string\"}}],\"inLanguage\":\"bs-BA\"},{\"@type\":\"Organization\",\"@id\":\"https:\/\/tuzlainfo.ba\/#organization\",\"name\":\"TuzlaInfo.ba\",\"url\":\"https:\/\/tuzlainfo.ba\/\",\"logo\":{\"@type\":\"ImageObject\",\"inLanguage\":\"bs-BA\",\"@id\":\"https:\/\/tuzlainfo.ba\/#\/schema\/logo\/image\/\",\"url\":\"https:\/\/tuzlainfo.ba\/wp-content\/uploads\/2021\/03\/logo-ver-3-1.png\",\"contentUrl\":\"https:\/\/tuzlainfo.ba\/wp-content\/uploads\/2021\/03\/logo-ver-3-1.png\",\"width\":350,\"height\":95,\"caption\":\"TuzlaInfo.ba\"},\"image\":{\"@id\":\"https:\/\/tuzlainfo.ba\/#\/schema\/logo\/image\/\"},\"sameAs\":[\"https:\/\/www.facebook.com\/tuzlainfo.ba\/\"]},{\"@type\":\"Person\",\"@id\":\"https:\/\/tuzlainfo.ba\/#\/schema\/person\/46cad4c57790cbc50781edd14870825a\",\"name\":\"Tuzla Info\",\"image\":{\"@type\":\"ImageObject\",\"inLanguage\":\"bs-BA\",\"@id\":\"https:\/\/tuzlainfo.ba\/#\/schema\/person\/image\/\",\"url\":\"https:\/\/tuzlainfo.ba\/wp-content\/litespeed\/avatar\/b6c453a6c38e3654f2e4416c643fc25c.jpg?ver=1777051911\",\"contentUrl\":\"https:\/\/tuzlainfo.ba\/wp-content\/litespeed\/avatar\/b6c453a6c38e3654f2e4416c643fc25c.jpg?ver=1777051911\",\"caption\":\"Tuzla Info\"}}]}<\/script>\n<!-- \/ Yoast SEO plugin. -->","yoast_head_json":{"title":"Predstavnici Ameri\u010dke ambasade u Kantonalnoj privrednoj komori: \"Problem je u sporosti dono\u0161enja zakona na dr\u017eavnom nivou\" - TuzlaInfo.ba","robots":{"index":"index","follow":"follow","max-snippet":"max-snippet:-1","max-image-preview":"max-image-preview:large","max-video-preview":"max-video-preview:-1"},"canonical":"https:\/\/tuzlainfo.ba\/index.php\/novosti\/item\/169186-predstavnici-americke-ambasade-u-kantonalnoj-privrednoj-komori-problem-je-u-sporosti-donosenja-zakona-na-drzavnom-nivou\/","og_locale":"bs_BA","og_type":"article","og_title":"Predstavnici Ameri\u010dke ambasade u Kantonalnoj privrednoj komori: \"Problem je u sporosti dono\u0161enja zakona na dr\u017eavnom nivou\" - TuzlaInfo.ba","og_description":"U okviru zavr\u0161nih aktivnosti trogodi\u0161njeg mandata, u dvodnevnoj posjeti Tuzli boravio je Ryan Miller ekonomski&hellip;","og_url":"https:\/\/tuzlainfo.ba\/index.php\/novosti\/item\/169186-predstavnici-americke-ambasade-u-kantonalnoj-privrednoj-komori-problem-je-u-sporosti-donosenja-zakona-na-drzavnom-nivou\/","og_site_name":"TuzlaInfo.ba","article_publisher":"https:\/\/www.facebook.com\/tuzlainfo.ba\/","article_published_time":"2022-04-14T06:00:23+00:00","article_modified_time":"2022-04-13T14:57:40+00:00","og_image":[{"width":640,"height":480,"url":"https:\/\/tuzlainfo.ba\/wp-content\/uploads\/2022\/04\/inbound8760983378244432797.jpg","type":"image\/jpeg"}],"author":"Tuzla Info","twitter_card":"summary_large_image","twitter_misc":{"Written by":"Tuzla Info","Est. reading time":"3 minute"},"schema":{"@context":"https:\/\/schema.org","@graph":[{"@type":"Article","@id":"https:\/\/tuzlainfo.ba\/index.php\/novosti\/item\/169186-predstavnici-americke-ambasade-u-kantonalnoj-privrednoj-komori-problem-je-u-sporosti-donosenja-zakona-na-drzavnom-nivou\/#article","isPartOf":{"@id":"https:\/\/tuzlainfo.ba\/index.php\/novosti\/item\/169186-predstavnici-americke-ambasade-u-kantonalnoj-privrednoj-komori-problem-je-u-sporosti-donosenja-zakona-na-drzavnom-nivou\/"},"author":{"name":"Tuzla Info","@id":"https:\/\/tuzlainfo.ba\/#\/schema\/person\/46cad4c57790cbc50781edd14870825a"},"headline":"Predstavnici Ameri\u010dke ambasade u Kantonalnoj privrednoj komori: &#8220;Problem je u sporosti dono\u0161enja zakona na dr\u017eavnom nivou&#8221;","datePublished":"2022-04-14T06:00:23+00:00","dateModified":"2022-04-13T14:57:40+00:00","mainEntityOfPage":{"@id":"https:\/\/tuzlainfo.ba\/index.php\/novosti\/item\/169186-predstavnici-americke-ambasade-u-kantonalnoj-privrednoj-komori-problem-je-u-sporosti-donosenja-zakona-na-drzavnom-nivou\/"},"wordCount":686,"commentCount":0,"publisher":{"@id":"https:\/\/tuzlainfo.ba\/#organization"},"image":{"@id":"https:\/\/tuzlainfo.ba\/index.php\/novosti\/item\/169186-predstavnici-americke-ambasade-u-kantonalnoj-privrednoj-komori-problem-je-u-sporosti-donosenja-zakona-na-drzavnom-nivou\/#primaryimage"},"thumbnailUrl":"https:\/\/tuzlainfo.ba\/wp-content\/uploads\/2022\/04\/inbound8760983378244432797.jpg","keywords":["kanronalna privredna komora tuzla"],"articleSection":["Novosti"],"inLanguage":"bs-BA"},{"@type":"WebPage","@id":"https:\/\/tuzlainfo.ba\/index.php\/novosti\/item\/169186-predstavnici-americke-ambasade-u-kantonalnoj-privrednoj-komori-problem-je-u-sporosti-donosenja-zakona-na-drzavnom-nivou\/","url":"https:\/\/tuzlainfo.ba\/index.php\/novosti\/item\/169186-predstavnici-americke-ambasade-u-kantonalnoj-privrednoj-komori-problem-je-u-sporosti-donosenja-zakona-na-drzavnom-nivou\/","name":"Predstavnici Ameri\u010dke ambasade u Kantonalnoj privrednoj komori: \"Problem je u sporosti dono\u0161enja zakona na dr\u017eavnom nivou\" - TuzlaInfo.ba","isPartOf":{"@id":"https:\/\/tuzlainfo.ba\/#website"},"primaryImageOfPage":{"@id":"https:\/\/tuzlainfo.ba\/index.php\/novosti\/item\/169186-predstavnici-americke-ambasade-u-kantonalnoj-privrednoj-komori-problem-je-u-sporosti-donosenja-zakona-na-drzavnom-nivou\/#primaryimage"},"image":{"@id":"https:\/\/tuzlainfo.ba\/index.php\/novosti\/item\/169186-predstavnici-americke-ambasade-u-kantonalnoj-privrednoj-komori-problem-je-u-sporosti-donosenja-zakona-na-drzavnom-nivou\/#primaryimage"},"thumbnailUrl":"https:\/\/tuzlainfo.ba\/wp-content\/uploads\/2022\/04\/inbound8760983378244432797.jpg","datePublished":"2022-04-14T06:00:23+00:00","dateModified":"2022-04-13T14:57:40+00:00","breadcrumb":{"@id":"https:\/\/tuzlainfo.ba\/index.php\/novosti\/item\/169186-predstavnici-americke-ambasade-u-kantonalnoj-privrednoj-komori-problem-je-u-sporosti-donosenja-zakona-na-drzavnom-nivou\/#breadcrumb"},"inLanguage":"bs-BA","potentialAction":[{"@type":"ReadAction","target":["https:\/\/tuzlainfo.ba\/index.php\/novosti\/item\/169186-predstavnici-americke-ambasade-u-kantonalnoj-privrednoj-komori-problem-je-u-sporosti-donosenja-zakona-na-drzavnom-nivou\/"]}]},{"@type":"ImageObject","inLanguage":"bs-BA","@id":"https:\/\/tuzlainfo.ba\/index.php\/novosti\/item\/169186-predstavnici-americke-ambasade-u-kantonalnoj-privrednoj-komori-problem-je-u-sporosti-donosenja-zakona-na-drzavnom-nivou\/#primaryimage","url":"https:\/\/tuzlainfo.ba\/wp-content\/uploads\/2022\/04\/inbound8760983378244432797.jpg","contentUrl":"https:\/\/tuzlainfo.ba\/wp-content\/uploads\/2022\/04\/inbound8760983378244432797.jpg","width":640,"height":480},{"@type":"BreadcrumbList","@id":"https:\/\/tuzlainfo.ba\/index.php\/novosti\/item\/169186-predstavnici-americke-ambasade-u-kantonalnoj-privrednoj-komori-problem-je-u-sporosti-donosenja-zakona-na-drzavnom-nivou\/#breadcrumb","itemListElement":[{"@type":"ListItem","position":1,"name":"Home","item":"https:\/\/tuzlainfo.ba\/"},{"@type":"ListItem","position":2,"name":"Predstavnici Ameri\u010dke ambasade u Kantonalnoj privrednoj komori: &#8220;Problem je u sporosti dono\u0161enja zakona na dr\u017eavnom nivou&#8221;"}]},{"@type":"WebSite","@id":"https:\/\/tuzlainfo.ba\/#website","url":"https:\/\/tuzlainfo.ba\/","name":"TuzlaInfo.ba","description":"Tuzla info, gradski informator - Tuzla na dlanu","publisher":{"@id":"https:\/\/tuzlainfo.ba\/#organization"},"potentialAction":[{"@type":"SearchAction","target":{"@type":"EntryPoint","urlTemplate":"https:\/\/tuzlainfo.ba\/?s={search_term_string}"},"query-input":{"@type":"PropertyValueSpecification","valueRequired":true,"valueName":"search_term_string"}}],"inLanguage":"bs-BA"},{"@type":"Organization","@id":"https:\/\/tuzlainfo.ba\/#organization","name":"TuzlaInfo.ba","url":"https:\/\/tuzlainfo.ba\/","logo":{"@type":"ImageObject","inLanguage":"bs-BA","@id":"https:\/\/tuzlainfo.ba\/#\/schema\/logo\/image\/","url":"https:\/\/tuzlainfo.ba\/wp-content\/uploads\/2021\/03\/logo-ver-3-1.png","contentUrl":"https:\/\/tuzlainfo.ba\/wp-content\/uploads\/2021\/03\/logo-ver-3-1.png","width":350,"height":95,"caption":"TuzlaInfo.ba"},"image":{"@id":"https:\/\/tuzlainfo.ba\/#\/schema\/logo\/image\/"},"sameAs":["https:\/\/www.facebook.com\/tuzlainfo.ba\/"]},{"@type":"Person","@id":"https:\/\/tuzlainfo.ba\/#\/schema\/person\/46cad4c57790cbc50781edd14870825a","name":"Tuzla Info","image":{"@type":"ImageObject","inLanguage":"bs-BA","@id":"https:\/\/tuzlainfo.ba\/#\/schema\/person\/image\/","url":"https:\/\/tuzlainfo.ba\/wp-content\/litespeed\/avatar\/b6c453a6c38e3654f2e4416c643fc25c.jpg?ver=1777051911","contentUrl":"https:\/\/tuzlainfo.ba\/wp-content\/litespeed\/avatar\/b6c453a6c38e3654f2e4416c643fc25c.jpg?ver=1777051911","caption":"Tuzla Info"}}]}},"_links":{"self":[{"href":"https:\/\/tuzlainfo.ba\/index.php\/wp-json\/wp\/v2\/posts\/169186"}],"collection":[{"href":"https:\/\/tuzlainfo.ba\/index.php\/wp-json\/wp\/v2\/posts"}],"about":[{"href":"https:\/\/tuzlainfo.ba\/index.php\/wp-json\/wp\/v2\/types\/post"}],"author":[{"embeddable":true,"href":"https:\/\/tuzlainfo.ba\/index.php\/wp-json\/wp\/v2\/users\/4"}],"replies":[{"embeddable":true,"href":"https:\/\/tuzlainfo.ba\/index.php\/wp-json\/wp\/v2\/comments?post=169186"}],"version-history":[{"count":0,"href":"https:\/\/tuzlainfo.ba\/index.php\/wp-json\/wp\/v2\/posts\/169186\/revisions"}],"wp:featuredmedia":[{"embeddable":true,"href":"https:\/\/tuzlainfo.ba\/index.php\/wp-json\/wp\/v2\/media\/169187"}],"wp:attachment":[{"href":"https:\/\/tuzlainfo.ba\/index.php\/wp-json\/wp\/v2\/media?parent=169186"}],"wp:term":[{"taxonomy":"category","embeddable":true,"href":"https:\/\/tuzlainfo.ba\/index.php\/wp-json\/wp\/v2\/categories?post=169186"},{"taxonomy":"post_tag","embeddable":true,"href":"https:\/\/tuzlainfo.ba\/index.php\/wp-json\/wp\/v2\/tags?post=169186"}],"curies":[{"name":"wp","href":"https:\/\/api.w.org\/{rel}","templated":true}]}}