{"id":169048,"date":"2022-04-12T18:00:38","date_gmt":"2022-04-12T16:00:38","guid":{"rendered":"https:\/\/tuzlainfo.ba\/?p=169048"},"modified":"2022-04-12T13:34:33","modified_gmt":"2022-04-12T11:34:33","slug":"par-selo-tradiciju-farbanja-jaja-prenose-na-djecu","status":"publish","type":"post","link":"https:\/\/tuzlainfo.ba\/index.php\/novosti\/item\/169048-par-selo-tradiciju-farbanja-jaja-prenose-na-djecu\/","title":{"rendered":"Par Selo: Tradiciju farbanja jaja prenose na djecu"},"content":{"rendered":"<p>U prostorijama \u017eupne crkve Sveta Ana u Par Selu, kod Tuzle, na Cvjetnu nedjelju odr\u017eana je uskr\u0161nja radionica za djecu, na kojoj su djeca bojila jaja te ih ukra\u0161avala za predstoje\u0107i katoli\u010dki blagdan Uskrs.<\/p>\n<p>Na ovoj kreativnoj obuci djeca su pokazala kako spojiti tradiciju s nekim modernim vremenom.<\/p>\n<p>Tradicija farbanja\u00a0 jaja za Uskrs kod katolika veoma je stara, a obojena jaja predstavljaju simbol ra\u0111anja i pobjede nad smr\u0107u.<\/p>\n<p>Tako \u0107e i ove godine najve\u0107i kr\u0161\u0107anski blagdan biti obojen \u0161arenim i veselim jajima, kako u cijelom svijetu tako i u BiH.<\/p>\n<p>U Par Selu, kod Tuzle, jaja su se nekada uglavnom bojila lukovinom, odnosno ljuskom od luka i drugim prirodnim materijama.<\/p>\n<p>I dan-danas mnogi koriste tu metodu, ali uvedene su i neke nove, poput kori\u0161tenja industrijskih boja te raznih ukrasa. Tako je Udru\u017eenje \u017eena &#8220;Snaga Timuna&#8221; iz Par Sela ove godine odlu\u010dilo djeci pokazati kako mogu ukrasiti jaja na malo moderniji na\u010din nego \u0161to su to radili njihovi preci.<\/p>\n<p>&#8220;Ove godine prvi put imamo ovu vrstu radionice s djecom. Imali smo pro\u0161le godine sa \u017eenama, ali ove godine smo odlu\u010dili da to budu djeca, jer se ona najvi\u0161e raduju bojenju jaja i raznim kreacijama. Nismo farbali na tradicionalan na\u010din. Farbali smo kupljenim bojama. Dje\u010dica su koristila kombinacije i sa ri\u017eom. Stave se boja i ri\u017ea u vre\u0107icu pa se oboje. Imali smo i \u0161ljokice koje smo dodavali na jaja. Imamo zanimljivih kreacija zaista&#8221;, pojasnila je Dubravka Divkovi\u0107, predsjednica Udru\u017eenje \u017eena &#8220;Snaga Timuna&#8221; iz Par Sela, te dodala da je ovo udru\u017eenje ranije imalo bo\u017ei\u0107nu radionicu za djecu gdje su, tako\u0111er, ra\u0111eni dekorativni predmeti.<\/p>\n<p>Od samog \u010dina bojenja jaja bitnije je dru\u017eenje.<\/p>\n<p>&#8220;Bitnije je dru\u017eenje i da se djeca na\u0161eg kraja vi\u0161e upoznaju. Osim farbanja jaja, pravili smo i zeke od \u010darapica i ri\u017ee. U \u010darape se naspe ri\u017ea, te se oblikuju i dekori\u0161u u obliku zeca, a na kraju\u00a0 zalijepimo i o\u010di, usta i ostale potrebne dijelove&#8221;, ispri\u010dala je Divkovi\u0107eva.<\/p>\n<p>Posebno zanimljiva za djecu su bila neobi\u010dna jaja od stiropora, koja su farbana temperama, pa tako i Valentini Golubovi\u0107.<\/p>\n<p>&#8220;Dobro mi je ovdje, ofarbala sam jaje. Stavila sam gliter i ba\u0161 mi je bilo zanimljivo&#8221;, ispri\u010dala je mala Valentina. Njena drugarica Ma\u0161a Divkovi\u0107 tako\u0111er bila je odu\u0161evljena \u0161to ima priliku farbati jaja po svojoj \u017eelji.<\/p>\n<p>&#8220;Uzme se \u010detkica i farba se. Mo\u017ee se uzeti i \u010da\u010dkalica pa crtati njom po jajetu. Uskrs volim jer uvijek negdje idem&#8221;, kroz smijeh ka\u017ee ova djevoj\u010dica. Iako su koristili vre\u0107ice, bilo je i ofrabanih prstiju.<\/p>\n<p>&#8220;Radionica je bila ba\u0161 dobra. Meni je kod farbanja jaja zanimljivo da se dru\u017eimo. Ja sam koristio ri\u017eu jer je tako lak\u0161e, ali sam obojio i ruke&#8221;, kazao je nakon radionice Marin Kre\u0161i\u0107.<\/p>\n<p>Na kraju dru\u017eenja\u00a0 djeca su se po\u010dastila\u00a0 slatki\u0161ima, odnosno \u010dokoladnim zekama i jajima, a sve opet u duhu Uskrsa.<\/p>\n<p>Dekorativne zeke koje su napravili djeca su ponijela svojim ku\u0107ama, a ofarbana jaja ostavljena su u \u017eupnoj crkvi kako bi bila podijeljena za Uskrs, kada bude slu\u017eena sveta misa u crkvi Sveta Ana.<\/p>\n<p>Ina\u010de, kroz ovu sedmicu, planirane su molitve, mise, obredi, te obavezan\u00a0 post i nemrs na Veliki petak,\u00a0 blagoslov jela u subotu kao i bdjenje, a na kraju veliko misno slavlje u nedjelju na sam dan Uskrsa. Prvi put vrata \u017eupne crkve \u0107e biti otvorena tri dana kako bi svako ko \u017eeli mogao do\u0107i i obaviti molitvu u ti\u0161inu i sam za sebe.<\/p>\n<p>Izvor: <a href=\"https:\/\/www.nezavisne.com\/novosti\/gradovi\/Malisani-obojili-jaja-koja-ce-biti-podijeljena-na-Uskrs\/713668\">Nezavisne novine<\/a>, Nata\u0161a Tadi\u0107<\/p>\n","protected":false},"excerpt":{"rendered":"<p>U prostorijama \u017eupne crkve Sveta Ana u Par Selu, kod Tuzle, na Cvjetnu nedjelju odr\u017eana&hellip;<\/p>\n","protected":false},"author":2,"featured_media":169049,"comment_status":"open","ping_status":"closed","sticky":false,"template":"","format":"standard","meta":{"_acf_changed":false,"footnotes":""},"categories":[304,12],"tags":[825,4541],"acf":[],"yoast_head":"<!-- This site is optimized with the Yoast SEO plugin v23.5 - https:\/\/yoast.com\/wordpress\/plugins\/seo\/ -->\n<title>Par Selo: Tradiciju farbanja jaja prenose na djecu - TuzlaInfo.ba<\/title>\n<meta name=\"robots\" content=\"index, follow, max-snippet:-1, max-image-preview:large, max-video-preview:-1\" \/>\n<link rel=\"canonical\" href=\"https:\/\/tuzlainfo.ba\/index.php\/novosti\/item\/169048-par-selo-tradiciju-farbanja-jaja-prenose-na-djecu\/\" \/>\n<meta property=\"og:locale\" content=\"bs_BA\" \/>\n<meta property=\"og:type\" content=\"article\" \/>\n<meta property=\"og:title\" content=\"Par Selo: Tradiciju farbanja jaja prenose na djecu - TuzlaInfo.ba\" \/>\n<meta property=\"og:description\" content=\"U prostorijama \u017eupne crkve Sveta Ana u Par Selu, kod Tuzle, na Cvjetnu nedjelju odr\u017eana&hellip;\" \/>\n<meta property=\"og:url\" content=\"https:\/\/tuzlainfo.ba\/index.php\/novosti\/item\/169048-par-selo-tradiciju-farbanja-jaja-prenose-na-djecu\/\" \/>\n<meta property=\"og:site_name\" content=\"TuzlaInfo.ba\" \/>\n<meta property=\"article:publisher\" content=\"https:\/\/www.facebook.com\/tuzlainfo.ba\/\" \/>\n<meta property=\"article:published_time\" content=\"2022-04-12T16:00:38+00:00\" \/>\n<meta property=\"article:modified_time\" content=\"2022-04-12T11:34:33+00:00\" \/>\n<meta property=\"og:image\" content=\"https:\/\/tuzlainfo.ba\/wp-content\/uploads\/2022\/04\/1204_farbanje_jaja.jpg\" \/>\n\t<meta property=\"og:image:width\" content=\"1000\" \/>\n\t<meta property=\"og:image:height\" content=\"666\" \/>\n\t<meta property=\"og:image:type\" content=\"image\/jpeg\" \/>\n<meta name=\"author\" content=\"nedim\" \/>\n<meta name=\"twitter:card\" content=\"summary_large_image\" \/>\n<meta name=\"twitter:label1\" content=\"Written by\" \/>\n\t<meta name=\"twitter:data1\" content=\"nedim\" \/>\n\t<meta name=\"twitter:label2\" content=\"Est. reading time\" \/>\n\t<meta name=\"twitter:data2\" content=\"3 minute\" \/>\n<script type=\"application\/ld+json\" class=\"yoast-schema-graph\">{\"@context\":\"https:\/\/schema.org\",\"@graph\":[{\"@type\":\"Article\",\"@id\":\"https:\/\/tuzlainfo.ba\/index.php\/novosti\/item\/169048-par-selo-tradiciju-farbanja-jaja-prenose-na-djecu\/#article\",\"isPartOf\":{\"@id\":\"https:\/\/tuzlainfo.ba\/index.php\/novosti\/item\/169048-par-selo-tradiciju-farbanja-jaja-prenose-na-djecu\/\"},\"author\":{\"name\":\"nedim\",\"@id\":\"https:\/\/tuzlainfo.ba\/#\/schema\/person\/f434e20dc27ea133923aab08451b7f7f\"},\"headline\":\"Par Selo: Tradiciju farbanja jaja prenose na djecu\",\"datePublished\":\"2022-04-12T16:00:38+00:00\",\"dateModified\":\"2022-04-12T11:34:33+00:00\",\"mainEntityOfPage\":{\"@id\":\"https:\/\/tuzlainfo.ba\/index.php\/novosti\/item\/169048-par-selo-tradiciju-farbanja-jaja-prenose-na-djecu\/\"},\"wordCount\":630,\"commentCount\":0,\"publisher\":{\"@id\":\"https:\/\/tuzlainfo.ba\/#organization\"},\"image\":{\"@id\":\"https:\/\/tuzlainfo.ba\/index.php\/novosti\/item\/169048-par-selo-tradiciju-farbanja-jaja-prenose-na-djecu\/#primaryimage\"},\"thumbnailUrl\":\"https:\/\/tuzlainfo.ba\/wp-content\/uploads\/2022\/04\/1204_farbanje_jaja.jpg\",\"keywords\":[\"par selo\",\"uskrs\"],\"articleSection\":[\"Istaknuto\",\"Novosti\"],\"inLanguage\":\"bs-BA\"},{\"@type\":\"WebPage\",\"@id\":\"https:\/\/tuzlainfo.ba\/index.php\/novosti\/item\/169048-par-selo-tradiciju-farbanja-jaja-prenose-na-djecu\/\",\"url\":\"https:\/\/tuzlainfo.ba\/index.php\/novosti\/item\/169048-par-selo-tradiciju-farbanja-jaja-prenose-na-djecu\/\",\"name\":\"Par Selo: Tradiciju farbanja jaja prenose na djecu - TuzlaInfo.ba\",\"isPartOf\":{\"@id\":\"https:\/\/tuzlainfo.ba\/#website\"},\"primaryImageOfPage\":{\"@id\":\"https:\/\/tuzlainfo.ba\/index.php\/novosti\/item\/169048-par-selo-tradiciju-farbanja-jaja-prenose-na-djecu\/#primaryimage\"},\"image\":{\"@id\":\"https:\/\/tuzlainfo.ba\/index.php\/novosti\/item\/169048-par-selo-tradiciju-farbanja-jaja-prenose-na-djecu\/#primaryimage\"},\"thumbnailUrl\":\"https:\/\/tuzlainfo.ba\/wp-content\/uploads\/2022\/04\/1204_farbanje_jaja.jpg\",\"datePublished\":\"2022-04-12T16:00:38+00:00\",\"dateModified\":\"2022-04-12T11:34:33+00:00\",\"breadcrumb\":{\"@id\":\"https:\/\/tuzlainfo.ba\/index.php\/novosti\/item\/169048-par-selo-tradiciju-farbanja-jaja-prenose-na-djecu\/#breadcrumb\"},\"inLanguage\":\"bs-BA\",\"potentialAction\":[{\"@type\":\"ReadAction\",\"target\":[\"https:\/\/tuzlainfo.ba\/index.php\/novosti\/item\/169048-par-selo-tradiciju-farbanja-jaja-prenose-na-djecu\/\"]}]},{\"@type\":\"ImageObject\",\"inLanguage\":\"bs-BA\",\"@id\":\"https:\/\/tuzlainfo.ba\/index.php\/novosti\/item\/169048-par-selo-tradiciju-farbanja-jaja-prenose-na-djecu\/#primaryimage\",\"url\":\"https:\/\/tuzlainfo.ba\/wp-content\/uploads\/2022\/04\/1204_farbanje_jaja.jpg\",\"contentUrl\":\"https:\/\/tuzlainfo.ba\/wp-content\/uploads\/2022\/04\/1204_farbanje_jaja.jpg\",\"width\":1000,\"height\":666},{\"@type\":\"BreadcrumbList\",\"@id\":\"https:\/\/tuzlainfo.ba\/index.php\/novosti\/item\/169048-par-selo-tradiciju-farbanja-jaja-prenose-na-djecu\/#breadcrumb\",\"itemListElement\":[{\"@type\":\"ListItem\",\"position\":1,\"name\":\"Home\",\"item\":\"https:\/\/tuzlainfo.ba\/\"},{\"@type\":\"ListItem\",\"position\":2,\"name\":\"Par Selo: Tradiciju farbanja jaja prenose na djecu\"}]},{\"@type\":\"WebSite\",\"@id\":\"https:\/\/tuzlainfo.ba\/#website\",\"url\":\"https:\/\/tuzlainfo.ba\/\",\"name\":\"TuzlaInfo.ba\",\"description\":\"Tuzla info, gradski informator - Tuzla na dlanu\",\"publisher\":{\"@id\":\"https:\/\/tuzlainfo.ba\/#organization\"},\"potentialAction\":[{\"@type\":\"SearchAction\",\"target\":{\"@type\":\"EntryPoint\",\"urlTemplate\":\"https:\/\/tuzlainfo.ba\/?s={search_term_string}\"},\"query-input\":{\"@type\":\"PropertyValueSpecification\",\"valueRequired\":true,\"valueName\":\"search_term_string\"}}],\"inLanguage\":\"bs-BA\"},{\"@type\":\"Organization\",\"@id\":\"https:\/\/tuzlainfo.ba\/#organization\",\"name\":\"TuzlaInfo.ba\",\"url\":\"https:\/\/tuzlainfo.ba\/\",\"logo\":{\"@type\":\"ImageObject\",\"inLanguage\":\"bs-BA\",\"@id\":\"https:\/\/tuzlainfo.ba\/#\/schema\/logo\/image\/\",\"url\":\"https:\/\/tuzlainfo.ba\/wp-content\/uploads\/2021\/03\/logo-ver-3-1.png\",\"contentUrl\":\"https:\/\/tuzlainfo.ba\/wp-content\/uploads\/2021\/03\/logo-ver-3-1.png\",\"width\":350,\"height\":95,\"caption\":\"TuzlaInfo.ba\"},\"image\":{\"@id\":\"https:\/\/tuzlainfo.ba\/#\/schema\/logo\/image\/\"},\"sameAs\":[\"https:\/\/www.facebook.com\/tuzlainfo.ba\/\"]},{\"@type\":\"Person\",\"@id\":\"https:\/\/tuzlainfo.ba\/#\/schema\/person\/f434e20dc27ea133923aab08451b7f7f\",\"name\":\"nedim\",\"image\":{\"@type\":\"ImageObject\",\"inLanguage\":\"bs-BA\",\"@id\":\"https:\/\/tuzlainfo.ba\/#\/schema\/person\/image\/\",\"url\":\"https:\/\/tuzlainfo.ba\/wp-content\/litespeed\/avatar\/aabad687af24844af817603ac1cbdc4f.jpg?ver=1777306975\",\"contentUrl\":\"https:\/\/tuzlainfo.ba\/wp-content\/litespeed\/avatar\/aabad687af24844af817603ac1cbdc4f.jpg?ver=1777306975\",\"caption\":\"nedim\"},\"description\":\"Tuzlainfo.ba pratite na dru\u0161tvenim mre\u017eama: Facebook, Instagram i Youtube. Svoje pri\u010de, upite i fotografije \u0161aljite na na\u0161u e-mail adresu.\"}]}<\/script>\n<!-- \/ Yoast SEO plugin. -->","yoast_head_json":{"title":"Par Selo: Tradiciju farbanja jaja prenose na djecu - TuzlaInfo.ba","robots":{"index":"index","follow":"follow","max-snippet":"max-snippet:-1","max-image-preview":"max-image-preview:large","max-video-preview":"max-video-preview:-1"},"canonical":"https:\/\/tuzlainfo.ba\/index.php\/novosti\/item\/169048-par-selo-tradiciju-farbanja-jaja-prenose-na-djecu\/","og_locale":"bs_BA","og_type":"article","og_title":"Par Selo: Tradiciju farbanja jaja prenose na djecu - TuzlaInfo.ba","og_description":"U prostorijama \u017eupne crkve Sveta Ana u Par Selu, kod Tuzle, na Cvjetnu nedjelju odr\u017eana&hellip;","og_url":"https:\/\/tuzlainfo.ba\/index.php\/novosti\/item\/169048-par-selo-tradiciju-farbanja-jaja-prenose-na-djecu\/","og_site_name":"TuzlaInfo.ba","article_publisher":"https:\/\/www.facebook.com\/tuzlainfo.ba\/","article_published_time":"2022-04-12T16:00:38+00:00","article_modified_time":"2022-04-12T11:34:33+00:00","og_image":[{"width":1000,"height":666,"url":"https:\/\/tuzlainfo.ba\/wp-content\/uploads\/2022\/04\/1204_farbanje_jaja.jpg","type":"image\/jpeg"}],"author":"nedim","twitter_card":"summary_large_image","twitter_misc":{"Written by":"nedim","Est. reading time":"3 minute"},"schema":{"@context":"https:\/\/schema.org","@graph":[{"@type":"Article","@id":"https:\/\/tuzlainfo.ba\/index.php\/novosti\/item\/169048-par-selo-tradiciju-farbanja-jaja-prenose-na-djecu\/#article","isPartOf":{"@id":"https:\/\/tuzlainfo.ba\/index.php\/novosti\/item\/169048-par-selo-tradiciju-farbanja-jaja-prenose-na-djecu\/"},"author":{"name":"nedim","@id":"https:\/\/tuzlainfo.ba\/#\/schema\/person\/f434e20dc27ea133923aab08451b7f7f"},"headline":"Par Selo: Tradiciju farbanja jaja prenose na djecu","datePublished":"2022-04-12T16:00:38+00:00","dateModified":"2022-04-12T11:34:33+00:00","mainEntityOfPage":{"@id":"https:\/\/tuzlainfo.ba\/index.php\/novosti\/item\/169048-par-selo-tradiciju-farbanja-jaja-prenose-na-djecu\/"},"wordCount":630,"commentCount":0,"publisher":{"@id":"https:\/\/tuzlainfo.ba\/#organization"},"image":{"@id":"https:\/\/tuzlainfo.ba\/index.php\/novosti\/item\/169048-par-selo-tradiciju-farbanja-jaja-prenose-na-djecu\/#primaryimage"},"thumbnailUrl":"https:\/\/tuzlainfo.ba\/wp-content\/uploads\/2022\/04\/1204_farbanje_jaja.jpg","keywords":["par selo","uskrs"],"articleSection":["Istaknuto","Novosti"],"inLanguage":"bs-BA"},{"@type":"WebPage","@id":"https:\/\/tuzlainfo.ba\/index.php\/novosti\/item\/169048-par-selo-tradiciju-farbanja-jaja-prenose-na-djecu\/","url":"https:\/\/tuzlainfo.ba\/index.php\/novosti\/item\/169048-par-selo-tradiciju-farbanja-jaja-prenose-na-djecu\/","name":"Par Selo: Tradiciju farbanja jaja prenose na djecu - TuzlaInfo.ba","isPartOf":{"@id":"https:\/\/tuzlainfo.ba\/#website"},"primaryImageOfPage":{"@id":"https:\/\/tuzlainfo.ba\/index.php\/novosti\/item\/169048-par-selo-tradiciju-farbanja-jaja-prenose-na-djecu\/#primaryimage"},"image":{"@id":"https:\/\/tuzlainfo.ba\/index.php\/novosti\/item\/169048-par-selo-tradiciju-farbanja-jaja-prenose-na-djecu\/#primaryimage"},"thumbnailUrl":"https:\/\/tuzlainfo.ba\/wp-content\/uploads\/2022\/04\/1204_farbanje_jaja.jpg","datePublished":"2022-04-12T16:00:38+00:00","dateModified":"2022-04-12T11:34:33+00:00","breadcrumb":{"@id":"https:\/\/tuzlainfo.ba\/index.php\/novosti\/item\/169048-par-selo-tradiciju-farbanja-jaja-prenose-na-djecu\/#breadcrumb"},"inLanguage":"bs-BA","potentialAction":[{"@type":"ReadAction","target":["https:\/\/tuzlainfo.ba\/index.php\/novosti\/item\/169048-par-selo-tradiciju-farbanja-jaja-prenose-na-djecu\/"]}]},{"@type":"ImageObject","inLanguage":"bs-BA","@id":"https:\/\/tuzlainfo.ba\/index.php\/novosti\/item\/169048-par-selo-tradiciju-farbanja-jaja-prenose-na-djecu\/#primaryimage","url":"https:\/\/tuzlainfo.ba\/wp-content\/uploads\/2022\/04\/1204_farbanje_jaja.jpg","contentUrl":"https:\/\/tuzlainfo.ba\/wp-content\/uploads\/2022\/04\/1204_farbanje_jaja.jpg","width":1000,"height":666},{"@type":"BreadcrumbList","@id":"https:\/\/tuzlainfo.ba\/index.php\/novosti\/item\/169048-par-selo-tradiciju-farbanja-jaja-prenose-na-djecu\/#breadcrumb","itemListElement":[{"@type":"ListItem","position":1,"name":"Home","item":"https:\/\/tuzlainfo.ba\/"},{"@type":"ListItem","position":2,"name":"Par Selo: Tradiciju farbanja jaja prenose na djecu"}]},{"@type":"WebSite","@id":"https:\/\/tuzlainfo.ba\/#website","url":"https:\/\/tuzlainfo.ba\/","name":"TuzlaInfo.ba","description":"Tuzla info, gradski informator - Tuzla na dlanu","publisher":{"@id":"https:\/\/tuzlainfo.ba\/#organization"},"potentialAction":[{"@type":"SearchAction","target":{"@type":"EntryPoint","urlTemplate":"https:\/\/tuzlainfo.ba\/?s={search_term_string}"},"query-input":{"@type":"PropertyValueSpecification","valueRequired":true,"valueName":"search_term_string"}}],"inLanguage":"bs-BA"},{"@type":"Organization","@id":"https:\/\/tuzlainfo.ba\/#organization","name":"TuzlaInfo.ba","url":"https:\/\/tuzlainfo.ba\/","logo":{"@type":"ImageObject","inLanguage":"bs-BA","@id":"https:\/\/tuzlainfo.ba\/#\/schema\/logo\/image\/","url":"https:\/\/tuzlainfo.ba\/wp-content\/uploads\/2021\/03\/logo-ver-3-1.png","contentUrl":"https:\/\/tuzlainfo.ba\/wp-content\/uploads\/2021\/03\/logo-ver-3-1.png","width":350,"height":95,"caption":"TuzlaInfo.ba"},"image":{"@id":"https:\/\/tuzlainfo.ba\/#\/schema\/logo\/image\/"},"sameAs":["https:\/\/www.facebook.com\/tuzlainfo.ba\/"]},{"@type":"Person","@id":"https:\/\/tuzlainfo.ba\/#\/schema\/person\/f434e20dc27ea133923aab08451b7f7f","name":"nedim","image":{"@type":"ImageObject","inLanguage":"bs-BA","@id":"https:\/\/tuzlainfo.ba\/#\/schema\/person\/image\/","url":"https:\/\/tuzlainfo.ba\/wp-content\/litespeed\/avatar\/aabad687af24844af817603ac1cbdc4f.jpg?ver=1777306975","contentUrl":"https:\/\/tuzlainfo.ba\/wp-content\/litespeed\/avatar\/aabad687af24844af817603ac1cbdc4f.jpg?ver=1777306975","caption":"nedim"},"description":"Tuzlainfo.ba pratite na dru\u0161tvenim mre\u017eama: Facebook, Instagram i Youtube. Svoje pri\u010de, upite i fotografije \u0161aljite na na\u0161u e-mail adresu."}]}},"_links":{"self":[{"href":"https:\/\/tuzlainfo.ba\/index.php\/wp-json\/wp\/v2\/posts\/169048"}],"collection":[{"href":"https:\/\/tuzlainfo.ba\/index.php\/wp-json\/wp\/v2\/posts"}],"about":[{"href":"https:\/\/tuzlainfo.ba\/index.php\/wp-json\/wp\/v2\/types\/post"}],"author":[{"embeddable":true,"href":"https:\/\/tuzlainfo.ba\/index.php\/wp-json\/wp\/v2\/users\/2"}],"replies":[{"embeddable":true,"href":"https:\/\/tuzlainfo.ba\/index.php\/wp-json\/wp\/v2\/comments?post=169048"}],"version-history":[{"count":0,"href":"https:\/\/tuzlainfo.ba\/index.php\/wp-json\/wp\/v2\/posts\/169048\/revisions"}],"wp:featuredmedia":[{"embeddable":true,"href":"https:\/\/tuzlainfo.ba\/index.php\/wp-json\/wp\/v2\/media\/169049"}],"wp:attachment":[{"href":"https:\/\/tuzlainfo.ba\/index.php\/wp-json\/wp\/v2\/media?parent=169048"}],"wp:term":[{"taxonomy":"category","embeddable":true,"href":"https:\/\/tuzlainfo.ba\/index.php\/wp-json\/wp\/v2\/categories?post=169048"},{"taxonomy":"post_tag","embeddable":true,"href":"https:\/\/tuzlainfo.ba\/index.php\/wp-json\/wp\/v2\/tags?post=169048"}],"curies":[{"name":"wp","href":"https:\/\/api.w.org\/{rel}","templated":true}]}}