{"id":168931,"date":"2022-04-11T07:49:23","date_gmt":"2022-04-11T05:49:23","guid":{"rendered":"https:\/\/tuzlainfo.ba\/?p=168931"},"modified":"2022-04-11T07:49:23","modified_gmt":"2022-04-11T05:49:23","slug":"szztk-od-danas-podnosenje-zahtjeva-po-programu-sufinansiranja-samozaposljavanja","status":"publish","type":"post","link":"https:\/\/tuzlainfo.ba\/index.php\/novosti\/item\/168931-szztk-od-danas-podnosenje-zahtjeva-po-programu-sufinansiranja-samozaposljavanja\/","title":{"rendered":"SZZTK: Od danas podno\u0161enje zahtjeva po Programu sufinansiranja samozapo\u0161ljavanja"},"content":{"rendered":"<p>Pozivaju se nezaposlene osobe koje imaju namjeru da registruju djelatnost, i da koriste sredstva za sufinansiranje po\u00a0<strong>Programu sufinansiranja samozapo\u0161ljavanja Start UP 2022, mjera\u00a0\u201eDruga prilika 2022\u201c<\/strong>, da mogu po\u010dev od\u00a0<strong>11.4.2022<\/strong>. godine, podnijeti Slu\u017ebi za zapo\u0161ljavanje TK:<\/p>\n<ol type=\"1\">\n<li>Zahtjev (Obrazac DP 2022), uz koji se prila\u017ee Uvjerenje Biroa za zapo\u0161ljavanje zapo\u0161ljavanje ne starije od 30 dana od dana objave ovog Obavje\u0161tenja<\/li>\n<\/ol>\n<p>DP Obrazac \/ zahtjev mora biti svojeru\u010dno potpisan od strane podnosioca zahtjeva, a predaje se\u00a0<strong>isklju\u010divo neposredno JU Slu\u017ebi za zapo\u0161ljavanje na adresi: Tuzla, Bosne Srebrene bb, u vremenu od 8 do 15 sati, ili se dostavlja\u00a0 preporu\u010denom po\u0161tom na istu adresu<\/strong>.<\/p>\n<p><strong>Predaja zahtjeva (Obrazac DP 2022), vr\u0161i se u periodu od 11.04. do 13.4.2022. godine.<\/strong><\/p>\n<p>Ovo Obavje\u0161tenje se objavljuje na web stranici Slu\u017ebe za zapo\u0161ljavanje TK\u00a0<a href=\"http:\/\/www.szztk.ba\/\">www.szztk.ba<\/a>\u00a0dana 11.4.2022. godine.<\/p>\n<p>NAPOMENA: Na web Slu\u017ebe za zapo\u0161ljavanje TK su 5.4.2022. godine, radi detaljnijeg informisanja, objavljeni svi dokumenti u vezi sa Programom sufinansiranja samozapo\u0161ljavanja Start UP 2022, mjera \u201eDruga prilika 2022\u201c.<\/p>\n<p><strong>Link za pristup navedenom obavje\u0161tenju sa potrebnom dokumentacijom je <a href=\"http:\/\/szztk.ba\/obavjestenje-objava-javnog-poziva-za-mjeru-sufinansiranja-samozaposljavanja-druga-prilika-od-11-4-2022-godine\/\">OVDJE<\/a>.<\/strong><\/p>\n","protected":false},"excerpt":{"rendered":"<p>Pozivaju se nezaposlene osobe koje imaju namjeru da registruju djelatnost, i da koriste sredstva za&hellip;<\/p>\n","protected":false},"author":2,"featured_media":75544,"comment_status":"open","ping_status":"closed","sticky":false,"template":"","format":"standard","meta":{"_acf_changed":false,"footnotes":""},"categories":[304,12],"tags":[1001,927],"acf":[],"yoast_head":"<!-- This site is optimized with the Yoast SEO plugin v23.5 - https:\/\/yoast.com\/wordpress\/plugins\/seo\/ -->\n<title>SZZTK: Od danas podno\u0161enje zahtjeva po Programu sufinansiranja samozapo\u0161ljavanja - TuzlaInfo.ba<\/title>\n<meta name=\"robots\" content=\"index, follow, max-snippet:-1, max-image-preview:large, max-video-preview:-1\" \/>\n<link rel=\"canonical\" href=\"https:\/\/tuzlainfo.ba\/index.php\/novosti\/item\/168931-szztk-od-danas-podnosenje-zahtjeva-po-programu-sufinansiranja-samozaposljavanja\/\" \/>\n<meta property=\"og:locale\" content=\"bs_BA\" \/>\n<meta property=\"og:type\" content=\"article\" \/>\n<meta property=\"og:title\" content=\"SZZTK: Od danas podno\u0161enje zahtjeva po Programu sufinansiranja samozapo\u0161ljavanja - TuzlaInfo.ba\" \/>\n<meta property=\"og:description\" content=\"Pozivaju se nezaposlene osobe koje imaju namjeru da registruju djelatnost, i da koriste sredstva za&hellip;\" \/>\n<meta property=\"og:url\" content=\"https:\/\/tuzlainfo.ba\/index.php\/novosti\/item\/168931-szztk-od-danas-podnosenje-zahtjeva-po-programu-sufinansiranja-samozaposljavanja\/\" \/>\n<meta property=\"og:site_name\" content=\"TuzlaInfo.ba\" \/>\n<meta property=\"article:publisher\" content=\"https:\/\/www.facebook.com\/tuzlainfo.ba\/\" \/>\n<meta property=\"article:published_time\" content=\"2022-04-11T05:49:23+00:00\" \/>\n<meta property=\"og:image\" content=\"https:\/\/tuzlainfo.ba\/wp-content\/uploads\/2019\/12\/sadrzaj_2019_20190101_01012019_szztk_biro.jpg\" \/>\n\t<meta property=\"og:image:width\" content=\"770\" \/>\n\t<meta property=\"og:image:height\" content=\"422\" \/>\n\t<meta property=\"og:image:type\" content=\"image\/jpeg\" \/>\n<meta name=\"author\" content=\"nedim\" \/>\n<meta name=\"twitter:card\" content=\"summary_large_image\" \/>\n<meta name=\"twitter:label1\" content=\"Written by\" \/>\n\t<meta name=\"twitter:data1\" content=\"nedim\" \/>\n\t<meta name=\"twitter:label2\" content=\"Est. reading time\" \/>\n\t<meta name=\"twitter:data2\" content=\"1 minuta\" \/>\n<script type=\"application\/ld+json\" class=\"yoast-schema-graph\">{\"@context\":\"https:\/\/schema.org\",\"@graph\":[{\"@type\":\"Article\",\"@id\":\"https:\/\/tuzlainfo.ba\/index.php\/novosti\/item\/168931-szztk-od-danas-podnosenje-zahtjeva-po-programu-sufinansiranja-samozaposljavanja\/#article\",\"isPartOf\":{\"@id\":\"https:\/\/tuzlainfo.ba\/index.php\/novosti\/item\/168931-szztk-od-danas-podnosenje-zahtjeva-po-programu-sufinansiranja-samozaposljavanja\/\"},\"author\":{\"name\":\"nedim\",\"@id\":\"https:\/\/tuzlainfo.ba\/#\/schema\/person\/f434e20dc27ea133923aab08451b7f7f\"},\"headline\":\"SZZTK: Od danas podno\u0161enje zahtjeva po Programu sufinansiranja samozapo\u0161ljavanja\",\"datePublished\":\"2022-04-11T05:49:23+00:00\",\"dateModified\":\"2022-04-11T05:49:23+00:00\",\"mainEntityOfPage\":{\"@id\":\"https:\/\/tuzlainfo.ba\/index.php\/novosti\/item\/168931-szztk-od-danas-podnosenje-zahtjeva-po-programu-sufinansiranja-samozaposljavanja\/\"},\"wordCount\":191,\"commentCount\":0,\"publisher\":{\"@id\":\"https:\/\/tuzlainfo.ba\/#organization\"},\"image\":{\"@id\":\"https:\/\/tuzlainfo.ba\/index.php\/novosti\/item\/168931-szztk-od-danas-podnosenje-zahtjeva-po-programu-sufinansiranja-samozaposljavanja\/#primaryimage\"},\"thumbnailUrl\":\"https:\/\/tuzlainfo.ba\/wp-content\/uploads\/2019\/12\/sadrzaj_2019_20190101_01012019_szztk_biro.jpg\",\"keywords\":[\"samozapo\u0161ljavanje\",\"SZZTK\"],\"articleSection\":[\"Istaknuto\",\"Novosti\"],\"inLanguage\":\"bs-BA\"},{\"@type\":\"WebPage\",\"@id\":\"https:\/\/tuzlainfo.ba\/index.php\/novosti\/item\/168931-szztk-od-danas-podnosenje-zahtjeva-po-programu-sufinansiranja-samozaposljavanja\/\",\"url\":\"https:\/\/tuzlainfo.ba\/index.php\/novosti\/item\/168931-szztk-od-danas-podnosenje-zahtjeva-po-programu-sufinansiranja-samozaposljavanja\/\",\"name\":\"SZZTK: Od danas podno\u0161enje zahtjeva po Programu sufinansiranja samozapo\u0161ljavanja - TuzlaInfo.ba\",\"isPartOf\":{\"@id\":\"https:\/\/tuzlainfo.ba\/#website\"},\"primaryImageOfPage\":{\"@id\":\"https:\/\/tuzlainfo.ba\/index.php\/novosti\/item\/168931-szztk-od-danas-podnosenje-zahtjeva-po-programu-sufinansiranja-samozaposljavanja\/#primaryimage\"},\"image\":{\"@id\":\"https:\/\/tuzlainfo.ba\/index.php\/novosti\/item\/168931-szztk-od-danas-podnosenje-zahtjeva-po-programu-sufinansiranja-samozaposljavanja\/#primaryimage\"},\"thumbnailUrl\":\"https:\/\/tuzlainfo.ba\/wp-content\/uploads\/2019\/12\/sadrzaj_2019_20190101_01012019_szztk_biro.jpg\",\"datePublished\":\"2022-04-11T05:49:23+00:00\",\"dateModified\":\"2022-04-11T05:49:23+00:00\",\"breadcrumb\":{\"@id\":\"https:\/\/tuzlainfo.ba\/index.php\/novosti\/item\/168931-szztk-od-danas-podnosenje-zahtjeva-po-programu-sufinansiranja-samozaposljavanja\/#breadcrumb\"},\"inLanguage\":\"bs-BA\",\"potentialAction\":[{\"@type\":\"ReadAction\",\"target\":[\"https:\/\/tuzlainfo.ba\/index.php\/novosti\/item\/168931-szztk-od-danas-podnosenje-zahtjeva-po-programu-sufinansiranja-samozaposljavanja\/\"]}]},{\"@type\":\"ImageObject\",\"inLanguage\":\"bs-BA\",\"@id\":\"https:\/\/tuzlainfo.ba\/index.php\/novosti\/item\/168931-szztk-od-danas-podnosenje-zahtjeva-po-programu-sufinansiranja-samozaposljavanja\/#primaryimage\",\"url\":\"https:\/\/tuzlainfo.ba\/wp-content\/uploads\/2019\/12\/sadrzaj_2019_20190101_01012019_szztk_biro.jpg\",\"contentUrl\":\"https:\/\/tuzlainfo.ba\/wp-content\/uploads\/2019\/12\/sadrzaj_2019_20190101_01012019_szztk_biro.jpg\",\"width\":770,\"height\":422,\"caption\":\"01012019 szztk biro\"},{\"@type\":\"BreadcrumbList\",\"@id\":\"https:\/\/tuzlainfo.ba\/index.php\/novosti\/item\/168931-szztk-od-danas-podnosenje-zahtjeva-po-programu-sufinansiranja-samozaposljavanja\/#breadcrumb\",\"itemListElement\":[{\"@type\":\"ListItem\",\"position\":1,\"name\":\"Home\",\"item\":\"https:\/\/tuzlainfo.ba\/\"},{\"@type\":\"ListItem\",\"position\":2,\"name\":\"SZZTK: Od danas podno\u0161enje zahtjeva po Programu sufinansiranja samozapo\u0161ljavanja\"}]},{\"@type\":\"WebSite\",\"@id\":\"https:\/\/tuzlainfo.ba\/#website\",\"url\":\"https:\/\/tuzlainfo.ba\/\",\"name\":\"TuzlaInfo.ba\",\"description\":\"Tuzla info, gradski informator - Tuzla na dlanu\",\"publisher\":{\"@id\":\"https:\/\/tuzlainfo.ba\/#organization\"},\"potentialAction\":[{\"@type\":\"SearchAction\",\"target\":{\"@type\":\"EntryPoint\",\"urlTemplate\":\"https:\/\/tuzlainfo.ba\/?s={search_term_string}\"},\"query-input\":{\"@type\":\"PropertyValueSpecification\",\"valueRequired\":true,\"valueName\":\"search_term_string\"}}],\"inLanguage\":\"bs-BA\"},{\"@type\":\"Organization\",\"@id\":\"https:\/\/tuzlainfo.ba\/#organization\",\"name\":\"TuzlaInfo.ba\",\"url\":\"https:\/\/tuzlainfo.ba\/\",\"logo\":{\"@type\":\"ImageObject\",\"inLanguage\":\"bs-BA\",\"@id\":\"https:\/\/tuzlainfo.ba\/#\/schema\/logo\/image\/\",\"url\":\"https:\/\/tuzlainfo.ba\/wp-content\/uploads\/2021\/03\/logo-ver-3-1.png\",\"contentUrl\":\"https:\/\/tuzlainfo.ba\/wp-content\/uploads\/2021\/03\/logo-ver-3-1.png\",\"width\":350,\"height\":95,\"caption\":\"TuzlaInfo.ba\"},\"image\":{\"@id\":\"https:\/\/tuzlainfo.ba\/#\/schema\/logo\/image\/\"},\"sameAs\":[\"https:\/\/www.facebook.com\/tuzlainfo.ba\/\"]},{\"@type\":\"Person\",\"@id\":\"https:\/\/tuzlainfo.ba\/#\/schema\/person\/f434e20dc27ea133923aab08451b7f7f\",\"name\":\"nedim\",\"image\":{\"@type\":\"ImageObject\",\"inLanguage\":\"bs-BA\",\"@id\":\"https:\/\/tuzlainfo.ba\/#\/schema\/person\/image\/\",\"url\":\"https:\/\/tuzlainfo.ba\/wp-content\/litespeed\/avatar\/aabad687af24844af817603ac1cbdc4f.jpg?ver=1777306975\",\"contentUrl\":\"https:\/\/tuzlainfo.ba\/wp-content\/litespeed\/avatar\/aabad687af24844af817603ac1cbdc4f.jpg?ver=1777306975\",\"caption\":\"nedim\"},\"description\":\"Tuzlainfo.ba pratite na dru\u0161tvenim mre\u017eama: Facebook, Instagram i Youtube. Svoje pri\u010de, upite i fotografije \u0161aljite na na\u0161u e-mail adresu.\"}]}<\/script>\n<!-- \/ Yoast SEO plugin. -->","yoast_head_json":{"title":"SZZTK: Od danas podno\u0161enje zahtjeva po Programu sufinansiranja samozapo\u0161ljavanja - TuzlaInfo.ba","robots":{"index":"index","follow":"follow","max-snippet":"max-snippet:-1","max-image-preview":"max-image-preview:large","max-video-preview":"max-video-preview:-1"},"canonical":"https:\/\/tuzlainfo.ba\/index.php\/novosti\/item\/168931-szztk-od-danas-podnosenje-zahtjeva-po-programu-sufinansiranja-samozaposljavanja\/","og_locale":"bs_BA","og_type":"article","og_title":"SZZTK: Od danas podno\u0161enje zahtjeva po Programu sufinansiranja samozapo\u0161ljavanja - TuzlaInfo.ba","og_description":"Pozivaju se nezaposlene osobe koje imaju namjeru da registruju djelatnost, i da koriste sredstva za&hellip;","og_url":"https:\/\/tuzlainfo.ba\/index.php\/novosti\/item\/168931-szztk-od-danas-podnosenje-zahtjeva-po-programu-sufinansiranja-samozaposljavanja\/","og_site_name":"TuzlaInfo.ba","article_publisher":"https:\/\/www.facebook.com\/tuzlainfo.ba\/","article_published_time":"2022-04-11T05:49:23+00:00","og_image":[{"width":770,"height":422,"url":"https:\/\/tuzlainfo.ba\/wp-content\/uploads\/2019\/12\/sadrzaj_2019_20190101_01012019_szztk_biro.jpg","type":"image\/jpeg"}],"author":"nedim","twitter_card":"summary_large_image","twitter_misc":{"Written by":"nedim","Est. reading time":"1 minuta"},"schema":{"@context":"https:\/\/schema.org","@graph":[{"@type":"Article","@id":"https:\/\/tuzlainfo.ba\/index.php\/novosti\/item\/168931-szztk-od-danas-podnosenje-zahtjeva-po-programu-sufinansiranja-samozaposljavanja\/#article","isPartOf":{"@id":"https:\/\/tuzlainfo.ba\/index.php\/novosti\/item\/168931-szztk-od-danas-podnosenje-zahtjeva-po-programu-sufinansiranja-samozaposljavanja\/"},"author":{"name":"nedim","@id":"https:\/\/tuzlainfo.ba\/#\/schema\/person\/f434e20dc27ea133923aab08451b7f7f"},"headline":"SZZTK: Od danas podno\u0161enje zahtjeva po Programu sufinansiranja samozapo\u0161ljavanja","datePublished":"2022-04-11T05:49:23+00:00","dateModified":"2022-04-11T05:49:23+00:00","mainEntityOfPage":{"@id":"https:\/\/tuzlainfo.ba\/index.php\/novosti\/item\/168931-szztk-od-danas-podnosenje-zahtjeva-po-programu-sufinansiranja-samozaposljavanja\/"},"wordCount":191,"commentCount":0,"publisher":{"@id":"https:\/\/tuzlainfo.ba\/#organization"},"image":{"@id":"https:\/\/tuzlainfo.ba\/index.php\/novosti\/item\/168931-szztk-od-danas-podnosenje-zahtjeva-po-programu-sufinansiranja-samozaposljavanja\/#primaryimage"},"thumbnailUrl":"https:\/\/tuzlainfo.ba\/wp-content\/uploads\/2019\/12\/sadrzaj_2019_20190101_01012019_szztk_biro.jpg","keywords":["samozapo\u0161ljavanje","SZZTK"],"articleSection":["Istaknuto","Novosti"],"inLanguage":"bs-BA"},{"@type":"WebPage","@id":"https:\/\/tuzlainfo.ba\/index.php\/novosti\/item\/168931-szztk-od-danas-podnosenje-zahtjeva-po-programu-sufinansiranja-samozaposljavanja\/","url":"https:\/\/tuzlainfo.ba\/index.php\/novosti\/item\/168931-szztk-od-danas-podnosenje-zahtjeva-po-programu-sufinansiranja-samozaposljavanja\/","name":"SZZTK: Od danas podno\u0161enje zahtjeva po Programu sufinansiranja samozapo\u0161ljavanja - TuzlaInfo.ba","isPartOf":{"@id":"https:\/\/tuzlainfo.ba\/#website"},"primaryImageOfPage":{"@id":"https:\/\/tuzlainfo.ba\/index.php\/novosti\/item\/168931-szztk-od-danas-podnosenje-zahtjeva-po-programu-sufinansiranja-samozaposljavanja\/#primaryimage"},"image":{"@id":"https:\/\/tuzlainfo.ba\/index.php\/novosti\/item\/168931-szztk-od-danas-podnosenje-zahtjeva-po-programu-sufinansiranja-samozaposljavanja\/#primaryimage"},"thumbnailUrl":"https:\/\/tuzlainfo.ba\/wp-content\/uploads\/2019\/12\/sadrzaj_2019_20190101_01012019_szztk_biro.jpg","datePublished":"2022-04-11T05:49:23+00:00","dateModified":"2022-04-11T05:49:23+00:00","breadcrumb":{"@id":"https:\/\/tuzlainfo.ba\/index.php\/novosti\/item\/168931-szztk-od-danas-podnosenje-zahtjeva-po-programu-sufinansiranja-samozaposljavanja\/#breadcrumb"},"inLanguage":"bs-BA","potentialAction":[{"@type":"ReadAction","target":["https:\/\/tuzlainfo.ba\/index.php\/novosti\/item\/168931-szztk-od-danas-podnosenje-zahtjeva-po-programu-sufinansiranja-samozaposljavanja\/"]}]},{"@type":"ImageObject","inLanguage":"bs-BA","@id":"https:\/\/tuzlainfo.ba\/index.php\/novosti\/item\/168931-szztk-od-danas-podnosenje-zahtjeva-po-programu-sufinansiranja-samozaposljavanja\/#primaryimage","url":"https:\/\/tuzlainfo.ba\/wp-content\/uploads\/2019\/12\/sadrzaj_2019_20190101_01012019_szztk_biro.jpg","contentUrl":"https:\/\/tuzlainfo.ba\/wp-content\/uploads\/2019\/12\/sadrzaj_2019_20190101_01012019_szztk_biro.jpg","width":770,"height":422,"caption":"01012019 szztk biro"},{"@type":"BreadcrumbList","@id":"https:\/\/tuzlainfo.ba\/index.php\/novosti\/item\/168931-szztk-od-danas-podnosenje-zahtjeva-po-programu-sufinansiranja-samozaposljavanja\/#breadcrumb","itemListElement":[{"@type":"ListItem","position":1,"name":"Home","item":"https:\/\/tuzlainfo.ba\/"},{"@type":"ListItem","position":2,"name":"SZZTK: Od danas podno\u0161enje zahtjeva po Programu sufinansiranja samozapo\u0161ljavanja"}]},{"@type":"WebSite","@id":"https:\/\/tuzlainfo.ba\/#website","url":"https:\/\/tuzlainfo.ba\/","name":"TuzlaInfo.ba","description":"Tuzla info, gradski informator - Tuzla na dlanu","publisher":{"@id":"https:\/\/tuzlainfo.ba\/#organization"},"potentialAction":[{"@type":"SearchAction","target":{"@type":"EntryPoint","urlTemplate":"https:\/\/tuzlainfo.ba\/?s={search_term_string}"},"query-input":{"@type":"PropertyValueSpecification","valueRequired":true,"valueName":"search_term_string"}}],"inLanguage":"bs-BA"},{"@type":"Organization","@id":"https:\/\/tuzlainfo.ba\/#organization","name":"TuzlaInfo.ba","url":"https:\/\/tuzlainfo.ba\/","logo":{"@type":"ImageObject","inLanguage":"bs-BA","@id":"https:\/\/tuzlainfo.ba\/#\/schema\/logo\/image\/","url":"https:\/\/tuzlainfo.ba\/wp-content\/uploads\/2021\/03\/logo-ver-3-1.png","contentUrl":"https:\/\/tuzlainfo.ba\/wp-content\/uploads\/2021\/03\/logo-ver-3-1.png","width":350,"height":95,"caption":"TuzlaInfo.ba"},"image":{"@id":"https:\/\/tuzlainfo.ba\/#\/schema\/logo\/image\/"},"sameAs":["https:\/\/www.facebook.com\/tuzlainfo.ba\/"]},{"@type":"Person","@id":"https:\/\/tuzlainfo.ba\/#\/schema\/person\/f434e20dc27ea133923aab08451b7f7f","name":"nedim","image":{"@type":"ImageObject","inLanguage":"bs-BA","@id":"https:\/\/tuzlainfo.ba\/#\/schema\/person\/image\/","url":"https:\/\/tuzlainfo.ba\/wp-content\/litespeed\/avatar\/aabad687af24844af817603ac1cbdc4f.jpg?ver=1777306975","contentUrl":"https:\/\/tuzlainfo.ba\/wp-content\/litespeed\/avatar\/aabad687af24844af817603ac1cbdc4f.jpg?ver=1777306975","caption":"nedim"},"description":"Tuzlainfo.ba pratite na dru\u0161tvenim mre\u017eama: Facebook, Instagram i Youtube. Svoje pri\u010de, upite i fotografije \u0161aljite na na\u0161u e-mail adresu."}]}},"_links":{"self":[{"href":"https:\/\/tuzlainfo.ba\/index.php\/wp-json\/wp\/v2\/posts\/168931"}],"collection":[{"href":"https:\/\/tuzlainfo.ba\/index.php\/wp-json\/wp\/v2\/posts"}],"about":[{"href":"https:\/\/tuzlainfo.ba\/index.php\/wp-json\/wp\/v2\/types\/post"}],"author":[{"embeddable":true,"href":"https:\/\/tuzlainfo.ba\/index.php\/wp-json\/wp\/v2\/users\/2"}],"replies":[{"embeddable":true,"href":"https:\/\/tuzlainfo.ba\/index.php\/wp-json\/wp\/v2\/comments?post=168931"}],"version-history":[{"count":0,"href":"https:\/\/tuzlainfo.ba\/index.php\/wp-json\/wp\/v2\/posts\/168931\/revisions"}],"wp:featuredmedia":[{"embeddable":true,"href":"https:\/\/tuzlainfo.ba\/index.php\/wp-json\/wp\/v2\/media\/75544"}],"wp:attachment":[{"href":"https:\/\/tuzlainfo.ba\/index.php\/wp-json\/wp\/v2\/media?parent=168931"}],"wp:term":[{"taxonomy":"category","embeddable":true,"href":"https:\/\/tuzlainfo.ba\/index.php\/wp-json\/wp\/v2\/categories?post=168931"},{"taxonomy":"post_tag","embeddable":true,"href":"https:\/\/tuzlainfo.ba\/index.php\/wp-json\/wp\/v2\/tags?post=168931"}],"curies":[{"name":"wp","href":"https:\/\/api.w.org\/{rel}","templated":true}]}}