{"id":168765,"date":"2022-04-08T20:00:51","date_gmt":"2022-04-08T18:00:51","guid":{"rendered":"https:\/\/tuzlainfo.ba\/?p=168765"},"modified":"2022-04-08T15:05:37","modified_gmt":"2022-04-08T13:05:37","slug":"dvije-gimnasticarke-slobode-predstavljaju-bih-na-evropskom-prvenstvu","status":"publish","type":"post","link":"https:\/\/tuzlainfo.ba\/index.php\/novosti\/item\/168765-dvije-gimnasticarke-slobode-predstavljaju-bih-na-evropskom-prvenstvu\/","title":{"rendered":"Dvije gimnasti\u010darke \u201cSlobode\u201d predstavljaju BiH na Evropskom prvenstvu"},"content":{"rendered":"<p>Seniorska i juniorska reprezentativka Bosne i Hercegovine iz Kluba ritmi\u010dko-sportske gimnastike \u201eSloboda\u201c Tuzla Amila Be\u0107irovi\u0107 i Esma Huskanovi\u0107 \u0107e zajedno sa trenericom Svitlanom Tinji\u0107 predstavljati Bosnu i Hercegovinu na EVROPSKOM PRVENSTVU ritmi\u010dke gimnastike za juniore i seniore koje se odr\u017eava od 15. do 19. juna 2022. godine u Tel Avivu (Izrael).<\/p>\n<p>Poslije u\u010de\u0161\u0107a seniorke Vanesse Tinji\u0107 na Svjetskom prvenstvu u \u0160tutgartu 2015. godine, u\u0107e\u0161\u0107a Irme Juki\u0107 i Amile Be\u0107irovi\u0107 na Evropskom prvenstvu 2020. godine u Kijevu (Ukrajina), u\u010de\u0161\u0107a Nejle Muradbegovi\u0107 na seniorskom Evorpskom prvenstvu 2021. godine u Varni (Bugarska), gimnasti\u010darke Slobode su nastavile kontinuitet reprezentativnih nastupa na jakim i kvalitetnim gimnasti\u010dkim turnirima kao \u0161to su Evropska i Svjetska prvenstva. Amila Be\u0107irovi\u0107 ve\u0107 drugi put uzima u\u010de\u0161\u0107e na Evropskom prvenstvu, dok je Esmi Huskanovi\u0107 ovo prvi nastup na turniru ovog ranga.<\/p>\n<p>Na Evropskom prvenstvu u Izraelu \u0107e u\u010de\u0161\u0107e uzeti 40 evropskih zemalja, me\u0111u kojima \u0107e biti 430 najkvalitetnijih takmi\u010darki te \u0107e gimnasti\u010darke iz Bosne i Hercegovine imati veoma jaku konkurenciju.<\/p>\n<p>\u2018\u2019Ovaj plasman na Evropsko prvenstvo Amile Be\u0107irovi\u0107 i Esma Huskanovi\u0107 je rezultat napornog, predanog i svakodnevnog treniranja. Na\u0161e gimnasti\u010darke \u201dA\u201d programa naporno treniraju svaki dan 3-4 sata i imaju kontinuitet nastupa na jakim i kvalitetnim me\u0111unarodnim turnirima. Tako\u0111er \u010destitam Esmi i Amili na plasmanu na Evropsko prvenstvo i da zajedno sa ostalim kolegicama iz reprezentacije predstave Bosnu i Hercegovinu u najboljem svjetlu\u201d \u2013 rekla je trenerica Svitlana Tinji\u0107.<\/p>\n","protected":false},"excerpt":{"rendered":"<p>Seniorska i juniorska reprezentativka Bosne i Hercegovine iz Kluba ritmi\u010dko-sportske gimnastike \u201eSloboda\u201c Tuzla Amila Be\u0107irovi\u0107&hellip;<\/p>\n","protected":false},"author":4,"featured_media":168769,"comment_status":"open","ping_status":"closed","sticky":false,"template":"","format":"standard","meta":{"_acf_changed":false,"footnotes":""},"categories":[12],"tags":[1444,448],"acf":[],"yoast_head":"<!-- This site is optimized with the Yoast SEO plugin v23.5 - https:\/\/yoast.com\/wordpress\/plugins\/seo\/ -->\n<title>Dvije gimnasti\u010darke \u201cSlobode\u201d predstavljaju BiH na Evropskom prvenstvu - TuzlaInfo.ba<\/title>\n<meta name=\"robots\" content=\"index, follow, max-snippet:-1, max-image-preview:large, max-video-preview:-1\" \/>\n<link rel=\"canonical\" href=\"https:\/\/tuzlainfo.ba\/index.php\/novosti\/item\/168765-dvije-gimnasticarke-slobode-predstavljaju-bih-na-evropskom-prvenstvu\/\" \/>\n<meta property=\"og:locale\" content=\"bs_BA\" \/>\n<meta property=\"og:type\" content=\"article\" \/>\n<meta property=\"og:title\" content=\"Dvije gimnasti\u010darke \u201cSlobode\u201d predstavljaju BiH na Evropskom prvenstvu - TuzlaInfo.ba\" \/>\n<meta property=\"og:description\" content=\"Seniorska i juniorska reprezentativka Bosne i Hercegovine iz Kluba ritmi\u010dko-sportske gimnastike \u201eSloboda\u201c Tuzla Amila Be\u0107irovi\u0107&hellip;\" \/>\n<meta property=\"og:url\" content=\"https:\/\/tuzlainfo.ba\/index.php\/novosti\/item\/168765-dvije-gimnasticarke-slobode-predstavljaju-bih-na-evropskom-prvenstvu\/\" \/>\n<meta property=\"og:site_name\" content=\"TuzlaInfo.ba\" \/>\n<meta property=\"article:publisher\" content=\"https:\/\/www.facebook.com\/tuzlainfo.ba\/\" \/>\n<meta property=\"article:published_time\" content=\"2022-04-08T18:00:51+00:00\" \/>\n<meta property=\"article:modified_time\" content=\"2022-04-08T13:05:37+00:00\" \/>\n<meta property=\"og:image\" content=\"https:\/\/tuzlainfo.ba\/wp-content\/uploads\/2022\/04\/Amila-i-Esma-na-treningu-1.jpg\" \/>\n\t<meta property=\"og:image:width\" content=\"1392\" \/>\n\t<meta property=\"og:image:height\" content=\"1003\" \/>\n\t<meta property=\"og:image:type\" content=\"image\/jpeg\" \/>\n<meta name=\"author\" content=\"Tuzla Info\" \/>\n<meta name=\"twitter:card\" content=\"summary_large_image\" \/>\n<meta name=\"twitter:label1\" content=\"Written by\" \/>\n\t<meta name=\"twitter:data1\" content=\"Tuzla Info\" \/>\n\t<meta name=\"twitter:label2\" content=\"Est. reading time\" \/>\n\t<meta name=\"twitter:data2\" content=\"1 minuta\" \/>\n<script type=\"application\/ld+json\" class=\"yoast-schema-graph\">{\"@context\":\"https:\/\/schema.org\",\"@graph\":[{\"@type\":\"Article\",\"@id\":\"https:\/\/tuzlainfo.ba\/index.php\/novosti\/item\/168765-dvije-gimnasticarke-slobode-predstavljaju-bih-na-evropskom-prvenstvu\/#article\",\"isPartOf\":{\"@id\":\"https:\/\/tuzlainfo.ba\/index.php\/novosti\/item\/168765-dvije-gimnasticarke-slobode-predstavljaju-bih-na-evropskom-prvenstvu\/\"},\"author\":{\"name\":\"Tuzla Info\",\"@id\":\"https:\/\/tuzlainfo.ba\/#\/schema\/person\/46cad4c57790cbc50781edd14870825a\"},\"headline\":\"Dvije gimnasti\u010darke \u201cSlobode\u201d predstavljaju BiH na Evropskom prvenstvu\",\"datePublished\":\"2022-04-08T18:00:51+00:00\",\"dateModified\":\"2022-04-08T13:05:37+00:00\",\"mainEntityOfPage\":{\"@id\":\"https:\/\/tuzlainfo.ba\/index.php\/novosti\/item\/168765-dvije-gimnasticarke-slobode-predstavljaju-bih-na-evropskom-prvenstvu\/\"},\"wordCount\":253,\"commentCount\":0,\"publisher\":{\"@id\":\"https:\/\/tuzlainfo.ba\/#organization\"},\"image\":{\"@id\":\"https:\/\/tuzlainfo.ba\/index.php\/novosti\/item\/168765-dvije-gimnasticarke-slobode-predstavljaju-bih-na-evropskom-prvenstvu\/#primaryimage\"},\"thumbnailUrl\":\"https:\/\/tuzlainfo.ba\/wp-content\/uploads\/2022\/04\/Amila-i-Esma-na-treningu-1.jpg\",\"keywords\":[\"gimnastika\",\"sloboda\"],\"articleSection\":[\"Novosti\"],\"inLanguage\":\"bs-BA\"},{\"@type\":\"WebPage\",\"@id\":\"https:\/\/tuzlainfo.ba\/index.php\/novosti\/item\/168765-dvije-gimnasticarke-slobode-predstavljaju-bih-na-evropskom-prvenstvu\/\",\"url\":\"https:\/\/tuzlainfo.ba\/index.php\/novosti\/item\/168765-dvije-gimnasticarke-slobode-predstavljaju-bih-na-evropskom-prvenstvu\/\",\"name\":\"Dvije gimnasti\u010darke \u201cSlobode\u201d predstavljaju BiH na Evropskom prvenstvu - TuzlaInfo.ba\",\"isPartOf\":{\"@id\":\"https:\/\/tuzlainfo.ba\/#website\"},\"primaryImageOfPage\":{\"@id\":\"https:\/\/tuzlainfo.ba\/index.php\/novosti\/item\/168765-dvije-gimnasticarke-slobode-predstavljaju-bih-na-evropskom-prvenstvu\/#primaryimage\"},\"image\":{\"@id\":\"https:\/\/tuzlainfo.ba\/index.php\/novosti\/item\/168765-dvije-gimnasticarke-slobode-predstavljaju-bih-na-evropskom-prvenstvu\/#primaryimage\"},\"thumbnailUrl\":\"https:\/\/tuzlainfo.ba\/wp-content\/uploads\/2022\/04\/Amila-i-Esma-na-treningu-1.jpg\",\"datePublished\":\"2022-04-08T18:00:51+00:00\",\"dateModified\":\"2022-04-08T13:05:37+00:00\",\"breadcrumb\":{\"@id\":\"https:\/\/tuzlainfo.ba\/index.php\/novosti\/item\/168765-dvije-gimnasticarke-slobode-predstavljaju-bih-na-evropskom-prvenstvu\/#breadcrumb\"},\"inLanguage\":\"bs-BA\",\"potentialAction\":[{\"@type\":\"ReadAction\",\"target\":[\"https:\/\/tuzlainfo.ba\/index.php\/novosti\/item\/168765-dvije-gimnasticarke-slobode-predstavljaju-bih-na-evropskom-prvenstvu\/\"]}]},{\"@type\":\"ImageObject\",\"inLanguage\":\"bs-BA\",\"@id\":\"https:\/\/tuzlainfo.ba\/index.php\/novosti\/item\/168765-dvije-gimnasticarke-slobode-predstavljaju-bih-na-evropskom-prvenstvu\/#primaryimage\",\"url\":\"https:\/\/tuzlainfo.ba\/wp-content\/uploads\/2022\/04\/Amila-i-Esma-na-treningu-1.jpg\",\"contentUrl\":\"https:\/\/tuzlainfo.ba\/wp-content\/uploads\/2022\/04\/Amila-i-Esma-na-treningu-1.jpg\",\"width\":1392,\"height\":1003},{\"@type\":\"BreadcrumbList\",\"@id\":\"https:\/\/tuzlainfo.ba\/index.php\/novosti\/item\/168765-dvije-gimnasticarke-slobode-predstavljaju-bih-na-evropskom-prvenstvu\/#breadcrumb\",\"itemListElement\":[{\"@type\":\"ListItem\",\"position\":1,\"name\":\"Home\",\"item\":\"https:\/\/tuzlainfo.ba\/\"},{\"@type\":\"ListItem\",\"position\":2,\"name\":\"Dvije gimnasti\u010darke \u201cSlobode\u201d predstavljaju BiH na Evropskom prvenstvu\"}]},{\"@type\":\"WebSite\",\"@id\":\"https:\/\/tuzlainfo.ba\/#website\",\"url\":\"https:\/\/tuzlainfo.ba\/\",\"name\":\"TuzlaInfo.ba\",\"description\":\"Tuzla info, gradski informator - Tuzla na dlanu\",\"publisher\":{\"@id\":\"https:\/\/tuzlainfo.ba\/#organization\"},\"potentialAction\":[{\"@type\":\"SearchAction\",\"target\":{\"@type\":\"EntryPoint\",\"urlTemplate\":\"https:\/\/tuzlainfo.ba\/?s={search_term_string}\"},\"query-input\":{\"@type\":\"PropertyValueSpecification\",\"valueRequired\":true,\"valueName\":\"search_term_string\"}}],\"inLanguage\":\"bs-BA\"},{\"@type\":\"Organization\",\"@id\":\"https:\/\/tuzlainfo.ba\/#organization\",\"name\":\"TuzlaInfo.ba\",\"url\":\"https:\/\/tuzlainfo.ba\/\",\"logo\":{\"@type\":\"ImageObject\",\"inLanguage\":\"bs-BA\",\"@id\":\"https:\/\/tuzlainfo.ba\/#\/schema\/logo\/image\/\",\"url\":\"https:\/\/tuzlainfo.ba\/wp-content\/uploads\/2021\/03\/logo-ver-3-1.png\",\"contentUrl\":\"https:\/\/tuzlainfo.ba\/wp-content\/uploads\/2021\/03\/logo-ver-3-1.png\",\"width\":350,\"height\":95,\"caption\":\"TuzlaInfo.ba\"},\"image\":{\"@id\":\"https:\/\/tuzlainfo.ba\/#\/schema\/logo\/image\/\"},\"sameAs\":[\"https:\/\/www.facebook.com\/tuzlainfo.ba\/\"]},{\"@type\":\"Person\",\"@id\":\"https:\/\/tuzlainfo.ba\/#\/schema\/person\/46cad4c57790cbc50781edd14870825a\",\"name\":\"Tuzla Info\",\"image\":{\"@type\":\"ImageObject\",\"inLanguage\":\"bs-BA\",\"@id\":\"https:\/\/tuzlainfo.ba\/#\/schema\/person\/image\/\",\"url\":\"https:\/\/tuzlainfo.ba\/wp-content\/litespeed\/avatar\/b6c453a6c38e3654f2e4416c643fc25c.jpg?ver=1777051911\",\"contentUrl\":\"https:\/\/tuzlainfo.ba\/wp-content\/litespeed\/avatar\/b6c453a6c38e3654f2e4416c643fc25c.jpg?ver=1777051911\",\"caption\":\"Tuzla Info\"}}]}<\/script>\n<!-- \/ Yoast SEO plugin. -->","yoast_head_json":{"title":"Dvije gimnasti\u010darke \u201cSlobode\u201d predstavljaju BiH na Evropskom prvenstvu - TuzlaInfo.ba","robots":{"index":"index","follow":"follow","max-snippet":"max-snippet:-1","max-image-preview":"max-image-preview:large","max-video-preview":"max-video-preview:-1"},"canonical":"https:\/\/tuzlainfo.ba\/index.php\/novosti\/item\/168765-dvije-gimnasticarke-slobode-predstavljaju-bih-na-evropskom-prvenstvu\/","og_locale":"bs_BA","og_type":"article","og_title":"Dvije gimnasti\u010darke \u201cSlobode\u201d predstavljaju BiH na Evropskom prvenstvu - TuzlaInfo.ba","og_description":"Seniorska i juniorska reprezentativka Bosne i Hercegovine iz Kluba ritmi\u010dko-sportske gimnastike \u201eSloboda\u201c Tuzla Amila Be\u0107irovi\u0107&hellip;","og_url":"https:\/\/tuzlainfo.ba\/index.php\/novosti\/item\/168765-dvije-gimnasticarke-slobode-predstavljaju-bih-na-evropskom-prvenstvu\/","og_site_name":"TuzlaInfo.ba","article_publisher":"https:\/\/www.facebook.com\/tuzlainfo.ba\/","article_published_time":"2022-04-08T18:00:51+00:00","article_modified_time":"2022-04-08T13:05:37+00:00","og_image":[{"width":1392,"height":1003,"url":"https:\/\/tuzlainfo.ba\/wp-content\/uploads\/2022\/04\/Amila-i-Esma-na-treningu-1.jpg","type":"image\/jpeg"}],"author":"Tuzla Info","twitter_card":"summary_large_image","twitter_misc":{"Written by":"Tuzla Info","Est. reading time":"1 minuta"},"schema":{"@context":"https:\/\/schema.org","@graph":[{"@type":"Article","@id":"https:\/\/tuzlainfo.ba\/index.php\/novosti\/item\/168765-dvije-gimnasticarke-slobode-predstavljaju-bih-na-evropskom-prvenstvu\/#article","isPartOf":{"@id":"https:\/\/tuzlainfo.ba\/index.php\/novosti\/item\/168765-dvije-gimnasticarke-slobode-predstavljaju-bih-na-evropskom-prvenstvu\/"},"author":{"name":"Tuzla Info","@id":"https:\/\/tuzlainfo.ba\/#\/schema\/person\/46cad4c57790cbc50781edd14870825a"},"headline":"Dvije gimnasti\u010darke \u201cSlobode\u201d predstavljaju BiH na Evropskom prvenstvu","datePublished":"2022-04-08T18:00:51+00:00","dateModified":"2022-04-08T13:05:37+00:00","mainEntityOfPage":{"@id":"https:\/\/tuzlainfo.ba\/index.php\/novosti\/item\/168765-dvije-gimnasticarke-slobode-predstavljaju-bih-na-evropskom-prvenstvu\/"},"wordCount":253,"commentCount":0,"publisher":{"@id":"https:\/\/tuzlainfo.ba\/#organization"},"image":{"@id":"https:\/\/tuzlainfo.ba\/index.php\/novosti\/item\/168765-dvije-gimnasticarke-slobode-predstavljaju-bih-na-evropskom-prvenstvu\/#primaryimage"},"thumbnailUrl":"https:\/\/tuzlainfo.ba\/wp-content\/uploads\/2022\/04\/Amila-i-Esma-na-treningu-1.jpg","keywords":["gimnastika","sloboda"],"articleSection":["Novosti"],"inLanguage":"bs-BA"},{"@type":"WebPage","@id":"https:\/\/tuzlainfo.ba\/index.php\/novosti\/item\/168765-dvije-gimnasticarke-slobode-predstavljaju-bih-na-evropskom-prvenstvu\/","url":"https:\/\/tuzlainfo.ba\/index.php\/novosti\/item\/168765-dvije-gimnasticarke-slobode-predstavljaju-bih-na-evropskom-prvenstvu\/","name":"Dvije gimnasti\u010darke \u201cSlobode\u201d predstavljaju BiH na Evropskom prvenstvu - TuzlaInfo.ba","isPartOf":{"@id":"https:\/\/tuzlainfo.ba\/#website"},"primaryImageOfPage":{"@id":"https:\/\/tuzlainfo.ba\/index.php\/novosti\/item\/168765-dvije-gimnasticarke-slobode-predstavljaju-bih-na-evropskom-prvenstvu\/#primaryimage"},"image":{"@id":"https:\/\/tuzlainfo.ba\/index.php\/novosti\/item\/168765-dvije-gimnasticarke-slobode-predstavljaju-bih-na-evropskom-prvenstvu\/#primaryimage"},"thumbnailUrl":"https:\/\/tuzlainfo.ba\/wp-content\/uploads\/2022\/04\/Amila-i-Esma-na-treningu-1.jpg","datePublished":"2022-04-08T18:00:51+00:00","dateModified":"2022-04-08T13:05:37+00:00","breadcrumb":{"@id":"https:\/\/tuzlainfo.ba\/index.php\/novosti\/item\/168765-dvije-gimnasticarke-slobode-predstavljaju-bih-na-evropskom-prvenstvu\/#breadcrumb"},"inLanguage":"bs-BA","potentialAction":[{"@type":"ReadAction","target":["https:\/\/tuzlainfo.ba\/index.php\/novosti\/item\/168765-dvije-gimnasticarke-slobode-predstavljaju-bih-na-evropskom-prvenstvu\/"]}]},{"@type":"ImageObject","inLanguage":"bs-BA","@id":"https:\/\/tuzlainfo.ba\/index.php\/novosti\/item\/168765-dvije-gimnasticarke-slobode-predstavljaju-bih-na-evropskom-prvenstvu\/#primaryimage","url":"https:\/\/tuzlainfo.ba\/wp-content\/uploads\/2022\/04\/Amila-i-Esma-na-treningu-1.jpg","contentUrl":"https:\/\/tuzlainfo.ba\/wp-content\/uploads\/2022\/04\/Amila-i-Esma-na-treningu-1.jpg","width":1392,"height":1003},{"@type":"BreadcrumbList","@id":"https:\/\/tuzlainfo.ba\/index.php\/novosti\/item\/168765-dvije-gimnasticarke-slobode-predstavljaju-bih-na-evropskom-prvenstvu\/#breadcrumb","itemListElement":[{"@type":"ListItem","position":1,"name":"Home","item":"https:\/\/tuzlainfo.ba\/"},{"@type":"ListItem","position":2,"name":"Dvije gimnasti\u010darke \u201cSlobode\u201d predstavljaju BiH na Evropskom prvenstvu"}]},{"@type":"WebSite","@id":"https:\/\/tuzlainfo.ba\/#website","url":"https:\/\/tuzlainfo.ba\/","name":"TuzlaInfo.ba","description":"Tuzla info, gradski informator - Tuzla na dlanu","publisher":{"@id":"https:\/\/tuzlainfo.ba\/#organization"},"potentialAction":[{"@type":"SearchAction","target":{"@type":"EntryPoint","urlTemplate":"https:\/\/tuzlainfo.ba\/?s={search_term_string}"},"query-input":{"@type":"PropertyValueSpecification","valueRequired":true,"valueName":"search_term_string"}}],"inLanguage":"bs-BA"},{"@type":"Organization","@id":"https:\/\/tuzlainfo.ba\/#organization","name":"TuzlaInfo.ba","url":"https:\/\/tuzlainfo.ba\/","logo":{"@type":"ImageObject","inLanguage":"bs-BA","@id":"https:\/\/tuzlainfo.ba\/#\/schema\/logo\/image\/","url":"https:\/\/tuzlainfo.ba\/wp-content\/uploads\/2021\/03\/logo-ver-3-1.png","contentUrl":"https:\/\/tuzlainfo.ba\/wp-content\/uploads\/2021\/03\/logo-ver-3-1.png","width":350,"height":95,"caption":"TuzlaInfo.ba"},"image":{"@id":"https:\/\/tuzlainfo.ba\/#\/schema\/logo\/image\/"},"sameAs":["https:\/\/www.facebook.com\/tuzlainfo.ba\/"]},{"@type":"Person","@id":"https:\/\/tuzlainfo.ba\/#\/schema\/person\/46cad4c57790cbc50781edd14870825a","name":"Tuzla Info","image":{"@type":"ImageObject","inLanguage":"bs-BA","@id":"https:\/\/tuzlainfo.ba\/#\/schema\/person\/image\/","url":"https:\/\/tuzlainfo.ba\/wp-content\/litespeed\/avatar\/b6c453a6c38e3654f2e4416c643fc25c.jpg?ver=1777051911","contentUrl":"https:\/\/tuzlainfo.ba\/wp-content\/litespeed\/avatar\/b6c453a6c38e3654f2e4416c643fc25c.jpg?ver=1777051911","caption":"Tuzla Info"}}]}},"_links":{"self":[{"href":"https:\/\/tuzlainfo.ba\/index.php\/wp-json\/wp\/v2\/posts\/168765"}],"collection":[{"href":"https:\/\/tuzlainfo.ba\/index.php\/wp-json\/wp\/v2\/posts"}],"about":[{"href":"https:\/\/tuzlainfo.ba\/index.php\/wp-json\/wp\/v2\/types\/post"}],"author":[{"embeddable":true,"href":"https:\/\/tuzlainfo.ba\/index.php\/wp-json\/wp\/v2\/users\/4"}],"replies":[{"embeddable":true,"href":"https:\/\/tuzlainfo.ba\/index.php\/wp-json\/wp\/v2\/comments?post=168765"}],"version-history":[{"count":0,"href":"https:\/\/tuzlainfo.ba\/index.php\/wp-json\/wp\/v2\/posts\/168765\/revisions"}],"wp:featuredmedia":[{"embeddable":true,"href":"https:\/\/tuzlainfo.ba\/index.php\/wp-json\/wp\/v2\/media\/168769"}],"wp:attachment":[{"href":"https:\/\/tuzlainfo.ba\/index.php\/wp-json\/wp\/v2\/media?parent=168765"}],"wp:term":[{"taxonomy":"category","embeddable":true,"href":"https:\/\/tuzlainfo.ba\/index.php\/wp-json\/wp\/v2\/categories?post=168765"},{"taxonomy":"post_tag","embeddable":true,"href":"https:\/\/tuzlainfo.ba\/index.php\/wp-json\/wp\/v2\/tags?post=168765"}],"curies":[{"name":"wp","href":"https:\/\/api.w.org\/{rel}","templated":true}]}}