{"id":168493,"date":"2022-04-05T22:08:11","date_gmt":"2022-04-05T20:08:11","guid":{"rendered":"https:\/\/tuzlainfo.ba\/?p=168493"},"modified":"2022-04-05T22:09:08","modified_gmt":"2022-04-05T20:09:08","slug":"peradari-u-federaciji-zele-u-program-poticaja-ili-izlaze-na-proteste","status":"publish","type":"post","link":"https:\/\/tuzlainfo.ba\/index.php\/bosna-i-hercegovina\/item\/168493-peradari-u-federaciji-zele-u-program-poticaja-ili-izlaze-na-proteste\/","title":{"rendered":"Peradari u Federaciji \u017eele u program poticaja ili izlaze na proteste"},"content":{"rendered":"<p>Peradarski sektor Federacije BiH vodi nemogu\u0107u \u0161ahovsku partiju na \u201dbrisanom prostoru protiv dva topa\u201d, poru\u010dili su iz Udru\u017eenja peradara FBiH.<\/p>\n<p>U nekoliko poteza \u0107e, ukoliko izostane pomo\u0107 nadle\u017enih, uslijediti \u0161ah-mat, u kojem \u0107e matirani biti brojni proizvo\u0111a\u010di, otkupljiva\u010di i prera\u0111iva\u010di iz oblasti peradarske proizvodnje, koja izravno zapo\u0161ljava vi\u0161e od 20.000 ljudi i koja kroz PDV i druge obaveze u dr\u017eavnu kasu ubrizga preko 45 miliona KM-a godi\u0161nje, dodaju iz ovog udru\u017eenja.<\/p>\n<p>Navode kako \u0107e to neizravno biti mat potez i za cjelokupnu potro\u0161a\u010dku javnost, koja \u0107e biti svedena na piletinu iz uvoza, bez kontrole porijekla i cijene.<\/p>\n<p>\u201cNeuravnote\u017eeni poticaji simboli\u010dnoga karaktera sa kantonalnih nivoa vlasti ne mogu amortizirati slo\u017eenu situaciju unutar peradarskog sektora, koji se na\u0161ao pod udarom divljanja cijena i nedostatka \u017eitarica, enormno skupim uslovima rada izazvanim pove\u0107anjem cijena goriva, elektri\u010dne energije, energenata, rada itd. Peradari \u201dslamku spasa\u201d vide u nadle\u017enim institucijama; kroz uvr\u0161tavanje peradarske proizvodnje u program potpore Vlade Federacije BiH i kroz isti model pomo\u0107i ratarskoj proizvodnji, kako bi se valorizirali potencijali proizvodnje \u017eitarica na na\u0161im njivama i na taj na\u010din smanjila ovisnost od uvoza sirovine za proizvodnju sto\u010dne hrane\u201d, navode iz ovog udru\u017eenja.<\/p>\n<p>Napominju kako ovogodi\u0161nji bud\u017eet za poljoprivredu Federalnog ministarstva poljoprivrede vodoprivrede i \u0161umarstva iznosi rekordnih 106 miliona KM.<\/p>\n<p>\u201cVo\u0111eni zdravim razumom, ne vidimo na\u010din kojim se dio tih sredstava ne bi prelilo i na peradarsku proizvodnju, a Udru\u017eenje peradara FBiH tra\u017ei hitan sastanak sa resornim ministrom, dodaju. Ukoliko izostane pravovremena reakcija nadle\u017enih, peradari, suo\u010deni sa bezizlaznom situacijom, bit \u0107e spremni svoja prava tra\u017eiti putem protesta\u201d, poru\u010dili su, prenosi Akta.<\/p>\n","protected":false},"excerpt":{"rendered":"<p>Peradarski sektor Federacije BiH vodi nemogu\u0107u \u0161ahovsku partiju na \u201dbrisanom prostoru protiv dva topa\u201d, poru\u010dili&hellip;<\/p>\n","protected":false},"author":4,"featured_media":86718,"comment_status":"open","ping_status":"closed","sticky":false,"template":"","format":"standard","meta":{"_acf_changed":false,"footnotes":""},"categories":[291,304],"tags":[4506],"acf":[],"yoast_head":"<!-- This site is optimized with the Yoast SEO plugin v23.5 - https:\/\/yoast.com\/wordpress\/plugins\/seo\/ -->\n<title>Peradari u Federaciji \u017eele u program poticaja ili izlaze na proteste - TuzlaInfo.ba<\/title>\n<meta name=\"robots\" content=\"index, follow, max-snippet:-1, max-image-preview:large, max-video-preview:-1\" \/>\n<link rel=\"canonical\" href=\"https:\/\/tuzlainfo.ba\/index.php\/bosna-i-hercegovina\/item\/168493-peradari-u-federaciji-zele-u-program-poticaja-ili-izlaze-na-proteste\/\" \/>\n<meta property=\"og:locale\" content=\"bs_BA\" \/>\n<meta property=\"og:type\" content=\"article\" \/>\n<meta property=\"og:title\" content=\"Peradari u Federaciji \u017eele u program poticaja ili izlaze na proteste - TuzlaInfo.ba\" \/>\n<meta property=\"og:description\" content=\"Peradarski sektor Federacije BiH vodi nemogu\u0107u \u0161ahovsku partiju na \u201dbrisanom prostoru protiv dva topa\u201d, poru\u010dili&hellip;\" \/>\n<meta property=\"og:url\" content=\"https:\/\/tuzlainfo.ba\/index.php\/bosna-i-hercegovina\/item\/168493-peradari-u-federaciji-zele-u-program-poticaja-ili-izlaze-na-proteste\/\" \/>\n<meta property=\"og:site_name\" content=\"TuzlaInfo.ba\" \/>\n<meta property=\"article:publisher\" content=\"https:\/\/www.facebook.com\/tuzlainfo.ba\/\" \/>\n<meta property=\"article:published_time\" content=\"2022-04-05T20:08:11+00:00\" \/>\n<meta property=\"article:modified_time\" content=\"2022-04-05T20:09:08+00:00\" \/>\n<meta property=\"og:image\" content=\"https:\/\/tuzlainfo.ba\/wp-content\/uploads\/2021\/02\/sadrzaj_2021_20210201_2202_pilici.jpg\" \/>\n\t<meta property=\"og:image:width\" content=\"770\" \/>\n\t<meta property=\"og:image:height\" content=\"577\" \/>\n\t<meta property=\"og:image:type\" content=\"image\/jpeg\" \/>\n<meta name=\"author\" content=\"Tuzla Info\" \/>\n<meta name=\"twitter:card\" content=\"summary_large_image\" \/>\n<meta name=\"twitter:label1\" content=\"Written by\" \/>\n\t<meta name=\"twitter:data1\" content=\"Tuzla Info\" \/>\n\t<meta name=\"twitter:label2\" content=\"Est. reading time\" \/>\n\t<meta name=\"twitter:data2\" content=\"1 minuta\" \/>\n<script type=\"application\/ld+json\" class=\"yoast-schema-graph\">{\"@context\":\"https:\/\/schema.org\",\"@graph\":[{\"@type\":\"Article\",\"@id\":\"https:\/\/tuzlainfo.ba\/index.php\/bosna-i-hercegovina\/item\/168493-peradari-u-federaciji-zele-u-program-poticaja-ili-izlaze-na-proteste\/#article\",\"isPartOf\":{\"@id\":\"https:\/\/tuzlainfo.ba\/index.php\/bosna-i-hercegovina\/item\/168493-peradari-u-federaciji-zele-u-program-poticaja-ili-izlaze-na-proteste\/\"},\"author\":{\"name\":\"Tuzla Info\",\"@id\":\"https:\/\/tuzlainfo.ba\/#\/schema\/person\/46cad4c57790cbc50781edd14870825a\"},\"headline\":\"Peradari u Federaciji \u017eele u program poticaja ili izlaze na proteste\",\"datePublished\":\"2022-04-05T20:08:11+00:00\",\"dateModified\":\"2022-04-05T20:09:08+00:00\",\"mainEntityOfPage\":{\"@id\":\"https:\/\/tuzlainfo.ba\/index.php\/bosna-i-hercegovina\/item\/168493-peradari-u-federaciji-zele-u-program-poticaja-ili-izlaze-na-proteste\/\"},\"wordCount\":302,\"commentCount\":0,\"publisher\":{\"@id\":\"https:\/\/tuzlainfo.ba\/#organization\"},\"image\":{\"@id\":\"https:\/\/tuzlainfo.ba\/index.php\/bosna-i-hercegovina\/item\/168493-peradari-u-federaciji-zele-u-program-poticaja-ili-izlaze-na-proteste\/#primaryimage\"},\"thumbnailUrl\":\"https:\/\/tuzlainfo.ba\/wp-content\/uploads\/2021\/02\/sadrzaj_2021_20210201_2202_pilici.jpg\",\"keywords\":[\"peradari\"],\"articleSection\":[\"Bosna i Hercegovina\",\"Istaknuto\"],\"inLanguage\":\"bs-BA\"},{\"@type\":\"WebPage\",\"@id\":\"https:\/\/tuzlainfo.ba\/index.php\/bosna-i-hercegovina\/item\/168493-peradari-u-federaciji-zele-u-program-poticaja-ili-izlaze-na-proteste\/\",\"url\":\"https:\/\/tuzlainfo.ba\/index.php\/bosna-i-hercegovina\/item\/168493-peradari-u-federaciji-zele-u-program-poticaja-ili-izlaze-na-proteste\/\",\"name\":\"Peradari u Federaciji \u017eele u program poticaja ili izlaze na proteste - TuzlaInfo.ba\",\"isPartOf\":{\"@id\":\"https:\/\/tuzlainfo.ba\/#website\"},\"primaryImageOfPage\":{\"@id\":\"https:\/\/tuzlainfo.ba\/index.php\/bosna-i-hercegovina\/item\/168493-peradari-u-federaciji-zele-u-program-poticaja-ili-izlaze-na-proteste\/#primaryimage\"},\"image\":{\"@id\":\"https:\/\/tuzlainfo.ba\/index.php\/bosna-i-hercegovina\/item\/168493-peradari-u-federaciji-zele-u-program-poticaja-ili-izlaze-na-proteste\/#primaryimage\"},\"thumbnailUrl\":\"https:\/\/tuzlainfo.ba\/wp-content\/uploads\/2021\/02\/sadrzaj_2021_20210201_2202_pilici.jpg\",\"datePublished\":\"2022-04-05T20:08:11+00:00\",\"dateModified\":\"2022-04-05T20:09:08+00:00\",\"breadcrumb\":{\"@id\":\"https:\/\/tuzlainfo.ba\/index.php\/bosna-i-hercegovina\/item\/168493-peradari-u-federaciji-zele-u-program-poticaja-ili-izlaze-na-proteste\/#breadcrumb\"},\"inLanguage\":\"bs-BA\",\"potentialAction\":[{\"@type\":\"ReadAction\",\"target\":[\"https:\/\/tuzlainfo.ba\/index.php\/bosna-i-hercegovina\/item\/168493-peradari-u-federaciji-zele-u-program-poticaja-ili-izlaze-na-proteste\/\"]}]},{\"@type\":\"ImageObject\",\"inLanguage\":\"bs-BA\",\"@id\":\"https:\/\/tuzlainfo.ba\/index.php\/bosna-i-hercegovina\/item\/168493-peradari-u-federaciji-zele-u-program-poticaja-ili-izlaze-na-proteste\/#primaryimage\",\"url\":\"https:\/\/tuzlainfo.ba\/wp-content\/uploads\/2021\/02\/sadrzaj_2021_20210201_2202_pilici.jpg\",\"contentUrl\":\"https:\/\/tuzlainfo.ba\/wp-content\/uploads\/2021\/02\/sadrzaj_2021_20210201_2202_pilici.jpg\",\"width\":770,\"height\":577,\"caption\":\"Foto: Arhiva\"},{\"@type\":\"BreadcrumbList\",\"@id\":\"https:\/\/tuzlainfo.ba\/index.php\/bosna-i-hercegovina\/item\/168493-peradari-u-federaciji-zele-u-program-poticaja-ili-izlaze-na-proteste\/#breadcrumb\",\"itemListElement\":[{\"@type\":\"ListItem\",\"position\":1,\"name\":\"Home\",\"item\":\"https:\/\/tuzlainfo.ba\/\"},{\"@type\":\"ListItem\",\"position\":2,\"name\":\"Peradari u Federaciji \u017eele u program poticaja ili izlaze na proteste\"}]},{\"@type\":\"WebSite\",\"@id\":\"https:\/\/tuzlainfo.ba\/#website\",\"url\":\"https:\/\/tuzlainfo.ba\/\",\"name\":\"TuzlaInfo.ba\",\"description\":\"Tuzla info, gradski informator - Tuzla na dlanu\",\"publisher\":{\"@id\":\"https:\/\/tuzlainfo.ba\/#organization\"},\"potentialAction\":[{\"@type\":\"SearchAction\",\"target\":{\"@type\":\"EntryPoint\",\"urlTemplate\":\"https:\/\/tuzlainfo.ba\/?s={search_term_string}\"},\"query-input\":{\"@type\":\"PropertyValueSpecification\",\"valueRequired\":true,\"valueName\":\"search_term_string\"}}],\"inLanguage\":\"bs-BA\"},{\"@type\":\"Organization\",\"@id\":\"https:\/\/tuzlainfo.ba\/#organization\",\"name\":\"TuzlaInfo.ba\",\"url\":\"https:\/\/tuzlainfo.ba\/\",\"logo\":{\"@type\":\"ImageObject\",\"inLanguage\":\"bs-BA\",\"@id\":\"https:\/\/tuzlainfo.ba\/#\/schema\/logo\/image\/\",\"url\":\"https:\/\/tuzlainfo.ba\/wp-content\/uploads\/2021\/03\/logo-ver-3-1.png\",\"contentUrl\":\"https:\/\/tuzlainfo.ba\/wp-content\/uploads\/2021\/03\/logo-ver-3-1.png\",\"width\":350,\"height\":95,\"caption\":\"TuzlaInfo.ba\"},\"image\":{\"@id\":\"https:\/\/tuzlainfo.ba\/#\/schema\/logo\/image\/\"},\"sameAs\":[\"https:\/\/www.facebook.com\/tuzlainfo.ba\/\"]},{\"@type\":\"Person\",\"@id\":\"https:\/\/tuzlainfo.ba\/#\/schema\/person\/46cad4c57790cbc50781edd14870825a\",\"name\":\"Tuzla Info\",\"image\":{\"@type\":\"ImageObject\",\"inLanguage\":\"bs-BA\",\"@id\":\"https:\/\/tuzlainfo.ba\/#\/schema\/person\/image\/\",\"url\":\"https:\/\/tuzlainfo.ba\/wp-content\/litespeed\/avatar\/b6c453a6c38e3654f2e4416c643fc25c.jpg?ver=1777051911\",\"contentUrl\":\"https:\/\/tuzlainfo.ba\/wp-content\/litespeed\/avatar\/b6c453a6c38e3654f2e4416c643fc25c.jpg?ver=1777051911\",\"caption\":\"Tuzla Info\"}}]}<\/script>\n<!-- \/ Yoast SEO plugin. -->","yoast_head_json":{"title":"Peradari u Federaciji \u017eele u program poticaja ili izlaze na proteste - TuzlaInfo.ba","robots":{"index":"index","follow":"follow","max-snippet":"max-snippet:-1","max-image-preview":"max-image-preview:large","max-video-preview":"max-video-preview:-1"},"canonical":"https:\/\/tuzlainfo.ba\/index.php\/bosna-i-hercegovina\/item\/168493-peradari-u-federaciji-zele-u-program-poticaja-ili-izlaze-na-proteste\/","og_locale":"bs_BA","og_type":"article","og_title":"Peradari u Federaciji \u017eele u program poticaja ili izlaze na proteste - TuzlaInfo.ba","og_description":"Peradarski sektor Federacije BiH vodi nemogu\u0107u \u0161ahovsku partiju na \u201dbrisanom prostoru protiv dva topa\u201d, poru\u010dili&hellip;","og_url":"https:\/\/tuzlainfo.ba\/index.php\/bosna-i-hercegovina\/item\/168493-peradari-u-federaciji-zele-u-program-poticaja-ili-izlaze-na-proteste\/","og_site_name":"TuzlaInfo.ba","article_publisher":"https:\/\/www.facebook.com\/tuzlainfo.ba\/","article_published_time":"2022-04-05T20:08:11+00:00","article_modified_time":"2022-04-05T20:09:08+00:00","og_image":[{"width":770,"height":577,"url":"https:\/\/tuzlainfo.ba\/wp-content\/uploads\/2021\/02\/sadrzaj_2021_20210201_2202_pilici.jpg","type":"image\/jpeg"}],"author":"Tuzla Info","twitter_card":"summary_large_image","twitter_misc":{"Written by":"Tuzla Info","Est. reading time":"1 minuta"},"schema":{"@context":"https:\/\/schema.org","@graph":[{"@type":"Article","@id":"https:\/\/tuzlainfo.ba\/index.php\/bosna-i-hercegovina\/item\/168493-peradari-u-federaciji-zele-u-program-poticaja-ili-izlaze-na-proteste\/#article","isPartOf":{"@id":"https:\/\/tuzlainfo.ba\/index.php\/bosna-i-hercegovina\/item\/168493-peradari-u-federaciji-zele-u-program-poticaja-ili-izlaze-na-proteste\/"},"author":{"name":"Tuzla Info","@id":"https:\/\/tuzlainfo.ba\/#\/schema\/person\/46cad4c57790cbc50781edd14870825a"},"headline":"Peradari u Federaciji \u017eele u program poticaja ili izlaze na proteste","datePublished":"2022-04-05T20:08:11+00:00","dateModified":"2022-04-05T20:09:08+00:00","mainEntityOfPage":{"@id":"https:\/\/tuzlainfo.ba\/index.php\/bosna-i-hercegovina\/item\/168493-peradari-u-federaciji-zele-u-program-poticaja-ili-izlaze-na-proteste\/"},"wordCount":302,"commentCount":0,"publisher":{"@id":"https:\/\/tuzlainfo.ba\/#organization"},"image":{"@id":"https:\/\/tuzlainfo.ba\/index.php\/bosna-i-hercegovina\/item\/168493-peradari-u-federaciji-zele-u-program-poticaja-ili-izlaze-na-proteste\/#primaryimage"},"thumbnailUrl":"https:\/\/tuzlainfo.ba\/wp-content\/uploads\/2021\/02\/sadrzaj_2021_20210201_2202_pilici.jpg","keywords":["peradari"],"articleSection":["Bosna i Hercegovina","Istaknuto"],"inLanguage":"bs-BA"},{"@type":"WebPage","@id":"https:\/\/tuzlainfo.ba\/index.php\/bosna-i-hercegovina\/item\/168493-peradari-u-federaciji-zele-u-program-poticaja-ili-izlaze-na-proteste\/","url":"https:\/\/tuzlainfo.ba\/index.php\/bosna-i-hercegovina\/item\/168493-peradari-u-federaciji-zele-u-program-poticaja-ili-izlaze-na-proteste\/","name":"Peradari u Federaciji \u017eele u program poticaja ili izlaze na proteste - TuzlaInfo.ba","isPartOf":{"@id":"https:\/\/tuzlainfo.ba\/#website"},"primaryImageOfPage":{"@id":"https:\/\/tuzlainfo.ba\/index.php\/bosna-i-hercegovina\/item\/168493-peradari-u-federaciji-zele-u-program-poticaja-ili-izlaze-na-proteste\/#primaryimage"},"image":{"@id":"https:\/\/tuzlainfo.ba\/index.php\/bosna-i-hercegovina\/item\/168493-peradari-u-federaciji-zele-u-program-poticaja-ili-izlaze-na-proteste\/#primaryimage"},"thumbnailUrl":"https:\/\/tuzlainfo.ba\/wp-content\/uploads\/2021\/02\/sadrzaj_2021_20210201_2202_pilici.jpg","datePublished":"2022-04-05T20:08:11+00:00","dateModified":"2022-04-05T20:09:08+00:00","breadcrumb":{"@id":"https:\/\/tuzlainfo.ba\/index.php\/bosna-i-hercegovina\/item\/168493-peradari-u-federaciji-zele-u-program-poticaja-ili-izlaze-na-proteste\/#breadcrumb"},"inLanguage":"bs-BA","potentialAction":[{"@type":"ReadAction","target":["https:\/\/tuzlainfo.ba\/index.php\/bosna-i-hercegovina\/item\/168493-peradari-u-federaciji-zele-u-program-poticaja-ili-izlaze-na-proteste\/"]}]},{"@type":"ImageObject","inLanguage":"bs-BA","@id":"https:\/\/tuzlainfo.ba\/index.php\/bosna-i-hercegovina\/item\/168493-peradari-u-federaciji-zele-u-program-poticaja-ili-izlaze-na-proteste\/#primaryimage","url":"https:\/\/tuzlainfo.ba\/wp-content\/uploads\/2021\/02\/sadrzaj_2021_20210201_2202_pilici.jpg","contentUrl":"https:\/\/tuzlainfo.ba\/wp-content\/uploads\/2021\/02\/sadrzaj_2021_20210201_2202_pilici.jpg","width":770,"height":577,"caption":"Foto: Arhiva"},{"@type":"BreadcrumbList","@id":"https:\/\/tuzlainfo.ba\/index.php\/bosna-i-hercegovina\/item\/168493-peradari-u-federaciji-zele-u-program-poticaja-ili-izlaze-na-proteste\/#breadcrumb","itemListElement":[{"@type":"ListItem","position":1,"name":"Home","item":"https:\/\/tuzlainfo.ba\/"},{"@type":"ListItem","position":2,"name":"Peradari u Federaciji \u017eele u program poticaja ili izlaze na proteste"}]},{"@type":"WebSite","@id":"https:\/\/tuzlainfo.ba\/#website","url":"https:\/\/tuzlainfo.ba\/","name":"TuzlaInfo.ba","description":"Tuzla info, gradski informator - Tuzla na dlanu","publisher":{"@id":"https:\/\/tuzlainfo.ba\/#organization"},"potentialAction":[{"@type":"SearchAction","target":{"@type":"EntryPoint","urlTemplate":"https:\/\/tuzlainfo.ba\/?s={search_term_string}"},"query-input":{"@type":"PropertyValueSpecification","valueRequired":true,"valueName":"search_term_string"}}],"inLanguage":"bs-BA"},{"@type":"Organization","@id":"https:\/\/tuzlainfo.ba\/#organization","name":"TuzlaInfo.ba","url":"https:\/\/tuzlainfo.ba\/","logo":{"@type":"ImageObject","inLanguage":"bs-BA","@id":"https:\/\/tuzlainfo.ba\/#\/schema\/logo\/image\/","url":"https:\/\/tuzlainfo.ba\/wp-content\/uploads\/2021\/03\/logo-ver-3-1.png","contentUrl":"https:\/\/tuzlainfo.ba\/wp-content\/uploads\/2021\/03\/logo-ver-3-1.png","width":350,"height":95,"caption":"TuzlaInfo.ba"},"image":{"@id":"https:\/\/tuzlainfo.ba\/#\/schema\/logo\/image\/"},"sameAs":["https:\/\/www.facebook.com\/tuzlainfo.ba\/"]},{"@type":"Person","@id":"https:\/\/tuzlainfo.ba\/#\/schema\/person\/46cad4c57790cbc50781edd14870825a","name":"Tuzla Info","image":{"@type":"ImageObject","inLanguage":"bs-BA","@id":"https:\/\/tuzlainfo.ba\/#\/schema\/person\/image\/","url":"https:\/\/tuzlainfo.ba\/wp-content\/litespeed\/avatar\/b6c453a6c38e3654f2e4416c643fc25c.jpg?ver=1777051911","contentUrl":"https:\/\/tuzlainfo.ba\/wp-content\/litespeed\/avatar\/b6c453a6c38e3654f2e4416c643fc25c.jpg?ver=1777051911","caption":"Tuzla Info"}}]}},"_links":{"self":[{"href":"https:\/\/tuzlainfo.ba\/index.php\/wp-json\/wp\/v2\/posts\/168493"}],"collection":[{"href":"https:\/\/tuzlainfo.ba\/index.php\/wp-json\/wp\/v2\/posts"}],"about":[{"href":"https:\/\/tuzlainfo.ba\/index.php\/wp-json\/wp\/v2\/types\/post"}],"author":[{"embeddable":true,"href":"https:\/\/tuzlainfo.ba\/index.php\/wp-json\/wp\/v2\/users\/4"}],"replies":[{"embeddable":true,"href":"https:\/\/tuzlainfo.ba\/index.php\/wp-json\/wp\/v2\/comments?post=168493"}],"version-history":[{"count":0,"href":"https:\/\/tuzlainfo.ba\/index.php\/wp-json\/wp\/v2\/posts\/168493\/revisions"}],"wp:featuredmedia":[{"embeddable":true,"href":"https:\/\/tuzlainfo.ba\/index.php\/wp-json\/wp\/v2\/media\/86718"}],"wp:attachment":[{"href":"https:\/\/tuzlainfo.ba\/index.php\/wp-json\/wp\/v2\/media?parent=168493"}],"wp:term":[{"taxonomy":"category","embeddable":true,"href":"https:\/\/tuzlainfo.ba\/index.php\/wp-json\/wp\/v2\/categories?post=168493"},{"taxonomy":"post_tag","embeddable":true,"href":"https:\/\/tuzlainfo.ba\/index.php\/wp-json\/wp\/v2\/tags?post=168493"}],"curies":[{"name":"wp","href":"https:\/\/api.w.org\/{rel}","templated":true}]}}