{"id":168454,"date":"2022-04-04T21:05:03","date_gmt":"2022-04-04T19:05:03","guid":{"rendered":"https:\/\/tuzlainfo.ba\/?p=168454"},"modified":"2022-04-04T21:30:48","modified_gmt":"2022-04-04T19:30:48","slug":"sjeca-121-direktora-skola-u-tk-ceka-naplatu-platit-ce-gradjani","status":"publish","type":"post","link":"https:\/\/tuzlainfo.ba\/index.php\/novosti\/item\/168454-sjeca-121-direktora-skola-u-tk-ceka-naplatu-platit-ce-gradjani\/","title":{"rendered":"&#8220;Sje\u010da&#8221; 121 direktora \u0161kola u TK \u010deka naplatu, platit \u0107e gra\u0111ani"},"content":{"rendered":"<p>Smjena svih direktora osnovnih i srednjih \u0161kola u Tuzlanskom kantonu je neustavna. Ovo su presude Ustavnog suda Federacije Bosne i Hercegovine. Postupci po pojedina\u010dnim tu\u017ebama u sudovima jo\u0161 su u toku. \u0160ta dalje i koliko \u0107e smjene ko\u0161tati gra\u0111ane?<\/p>\n<div id=\"contentPage\">\n<div class=\"mt-3\">\n<p>Smjene 33 direktora srednjih i 88 osnovnih \u0161kola u Tuzlanskom kantonu koje je sprovela prethodna vlast su neustavne. Presude su uslijedile nakon \u0161to je upu\u0107en zahtjev za ocjenu ustavnosti, a smjene su realizovane dolaskom nove vlasti pro\u0161le godine. Iz aktuelne skup\u0161tinske ve\u0107ine ka\u017eu da je u toku pronala\u017eenje na\u010dina za vra\u0107anje direktora na pozicije, pi\u0161e BHRT.<\/p>\n<p><em><strong>&#8220;Mi \u0107emo vidjeti \u0161ta \u0107e resorno ministarstvo i Vlada, kakve konkretno mjere \u0107e povu\u0107i da se implementiraju presude Ustavnog suda. One se moraju izvr\u0161iti, implementirati, a kakva \u0107e biti tehnika ja u ovom momentu ne mogu govoriti&#8221;, ka\u017ee Fahrudin Skopljak, \u00a0zastupnik SDA u Skup\u0161tini TK.<\/strong><\/em><\/p>\n<p>Podsje\u0107amo, ve\u0107ina u Skup\u0161tini Tuzlanskog kantona, koju su tada \u010dinili PDA, SDP, SBB, Na\u0161a stranka i nezavisni zastupnik Smajo Mand\u017ei\u0107, usvojili je u aprilu pro\u0161le godine izmjene zakona o osnovnom i srednjem obrazovanju, a uz njih i amandmane kojima se smjenjuje 121 direktor \u0161kola.<\/p>\n<p><em><strong>&#8220;Podsjeti\u0107u vas da je ista ovakva odluka bila Ustavnog suda kada je u pitanju bio Zakon o visokom obrazovanju, kad je premijer bio iz SDA, a ministar iz DF-a i ni\u0161ta se nije zna\u010dajno desilo osim da je taj \u010dlan usagla\u0161en&#8221;, navodi D\u017eevad Had\u017ei\u0107, \u00a0zastupnik SDP-a u Skup\u0161tini TK.<\/strong><\/em><\/p>\n<p><em><strong>&#8220;To nama nije prvi put na prostoru Tuzlanskog kantona. Vjerujem da i u drugim parlametima da mo\u017ee da do\u0111e do gre\u0161ke i da se donesu takvi zakoni. Mi smo to do sad uskla\u0111ivali sa presudom&#8221;, ka\u017ee zastupnik PDA u Skup\u0161tini TK Senad Ali\u0107.<\/strong><\/em><\/p>\n<p>Svakako da nije prvi put, ve\u0107 ustaljena praksa dolaskom nove vlasti, a te gre\u0161ke pla\u0107aju gra\u0111ani iz bud\u017eeta ba\u0161 kao \u0161to \u0107e vjerovatno i ovog puta poprili\u010dno skupo, budu\u0107i da su i pojedina\u010dne tu\u017ebe direktora \u0161kola i javnih preduze\u0107a u sudovima. Me\u0111u njima je i biv\u0161i direktor tuzlanskog aerodroma Esad Muja\u010di\u0107, koji je ve\u0107 isto iskustvo imao ranije, a nakon tu\u017ebe, Sud je donio odluku o njegovom povratku na posao i isplati od\u0161tete u iznosu oko 100.000 KM. Ponovo \u010deka. Pravnici navode da su ovakvi slu\u010dajevi sve \u010de\u0161\u0107i i ko\u0161taju bud\u017eete na svim nivoima.<\/p>\n<p><em><strong>&#8220;Prosje\u010dni izlazak advokata ko\u0161ta oko 300 maraka i kad se to multiplicira na nekih 10 ro\u010di\u0161ta, mo\u017eete sami izra\u010dunati koliko je to, plus tro\u0161kovi eventualnog vje\u0161ta\u010denja. Moj, jedan od posljednjih predmeta, oko 20.000 maraka je osoba koja je nezakonito smijenjena dobila na ime svih potra\u017eivanja&#8221;, isti\u010de advokat Damir Ali\u0107.<\/strong><\/em><\/p>\n<p>Sve dok ne bude politi\u010dke odgovornosti i sankcija, na sceni \u0107e biti pla\u0107anja iz bud\u017eeta, upozoravaju analiti\u010dari. Smjene politi\u010dkih kadrova pla\u0107at \u0107e i dalje gra\u0111ani koji \u010dak i lijekove na veresiju kupuju.<\/p>\n<p>Izvor: <a href=\"https:\/\/www.bhrt.ba\/koliko-%C4%87e-neustavne-smjene-direktora-%C5%A1kola-u-tk-ko%C5%A1tati-gra%C4%91ane\">BHRT \/ M. Bekti\u0107<\/a><\/p>\n<p><iframe title=\"Koliko \u0107e neustavne smjene direktora \u0161kola u TK ko\u0161tati gra\u0111ane?\" width=\"1170\" height=\"658\" src=\"https:\/\/www.youtube.com\/embed\/MEc-EJpzBmk?feature=oembed\" frameborder=\"0\" allow=\"accelerometer; autoplay; clipboard-write; encrypted-media; gyroscope; picture-in-picture\" allowfullscreen><\/iframe><\/p>\n<\/div>\n<\/div>\n<div>\n<div id=\"mainNewsRestcont\">\n<div id=\"mNR_header\"><\/div>\n<\/div>\n<\/div>\n","protected":false},"excerpt":{"rendered":"<p>Smjena svih direktora osnovnih i srednjih \u0161kola u Tuzlanskom kantonu je neustavna. Ovo su presude&hellip;<\/p>\n","protected":false},"author":2,"featured_media":165198,"comment_status":"open","ping_status":"closed","sticky":false,"template":"","format":"standard","meta":{"_acf_changed":false,"footnotes":""},"categories":[304,12,306],"tags":[4330,360],"acf":[],"yoast_head":"<!-- This site is optimized with the Yoast SEO plugin v23.5 - https:\/\/yoast.com\/wordpress\/plugins\/seo\/ -->\n<title>&quot;Sje\u010da&quot; 121 direktora \u0161kola u TK \u010deka naplatu, platit \u0107e gra\u0111ani - TuzlaInfo.ba<\/title>\n<meta name=\"robots\" content=\"index, follow, max-snippet:-1, max-image-preview:large, max-video-preview:-1\" \/>\n<link rel=\"canonical\" href=\"https:\/\/tuzlainfo.ba\/index.php\/novosti\/item\/168454-sjeca-121-direktora-skola-u-tk-ceka-naplatu-platit-ce-gradjani\/\" \/>\n<meta property=\"og:locale\" content=\"bs_BA\" \/>\n<meta property=\"og:type\" content=\"article\" \/>\n<meta property=\"og:title\" content=\"&quot;Sje\u010da&quot; 121 direktora \u0161kola u TK \u010deka naplatu, platit \u0107e gra\u0111ani - TuzlaInfo.ba\" \/>\n<meta property=\"og:description\" content=\"Smjena svih direktora osnovnih i srednjih \u0161kola u Tuzlanskom kantonu je neustavna. Ovo su presude&hellip;\" \/>\n<meta property=\"og:url\" content=\"https:\/\/tuzlainfo.ba\/index.php\/novosti\/item\/168454-sjeca-121-direktora-skola-u-tk-ceka-naplatu-platit-ce-gradjani\/\" \/>\n<meta property=\"og:site_name\" content=\"TuzlaInfo.ba\" \/>\n<meta property=\"article:publisher\" content=\"https:\/\/www.facebook.com\/tuzlainfo.ba\/\" \/>\n<meta property=\"article:published_time\" content=\"2022-04-04T19:05:03+00:00\" \/>\n<meta property=\"article:modified_time\" content=\"2022-04-04T19:30:48+00:00\" \/>\n<meta property=\"og:image\" content=\"https:\/\/tuzlainfo.ba\/wp-content\/uploads\/2022\/02\/2802_skupstinatk.jpg\" \/>\n\t<meta property=\"og:image:width\" content=\"1000\" \/>\n\t<meta property=\"og:image:height\" content=\"673\" \/>\n\t<meta property=\"og:image:type\" content=\"image\/jpeg\" \/>\n<meta name=\"author\" content=\"nedim\" \/>\n<meta name=\"twitter:card\" content=\"summary_large_image\" \/>\n<meta name=\"twitter:label1\" content=\"Written by\" \/>\n\t<meta name=\"twitter:data1\" content=\"nedim\" \/>\n\t<meta name=\"twitter:label2\" content=\"Est. reading time\" \/>\n\t<meta name=\"twitter:data2\" content=\"3 minute\" \/>\n<script type=\"application\/ld+json\" class=\"yoast-schema-graph\">{\"@context\":\"https:\/\/schema.org\",\"@graph\":[{\"@type\":\"Article\",\"@id\":\"https:\/\/tuzlainfo.ba\/index.php\/novosti\/item\/168454-sjeca-121-direktora-skola-u-tk-ceka-naplatu-platit-ce-gradjani\/#article\",\"isPartOf\":{\"@id\":\"https:\/\/tuzlainfo.ba\/index.php\/novosti\/item\/168454-sjeca-121-direktora-skola-u-tk-ceka-naplatu-platit-ce-gradjani\/\"},\"author\":{\"name\":\"nedim\",\"@id\":\"https:\/\/tuzlainfo.ba\/#\/schema\/person\/f434e20dc27ea133923aab08451b7f7f\"},\"headline\":\"&#8220;Sje\u010da&#8221; 121 direktora \u0161kola u TK \u010deka naplatu, platit \u0107e gra\u0111ani\",\"datePublished\":\"2022-04-04T19:05:03+00:00\",\"dateModified\":\"2022-04-04T19:30:48+00:00\",\"mainEntityOfPage\":{\"@id\":\"https:\/\/tuzlainfo.ba\/index.php\/novosti\/item\/168454-sjeca-121-direktora-skola-u-tk-ceka-naplatu-platit-ce-gradjani\/\"},\"wordCount\":536,\"commentCount\":0,\"publisher\":{\"@id\":\"https:\/\/tuzlainfo.ba\/#organization\"},\"image\":{\"@id\":\"https:\/\/tuzlainfo.ba\/index.php\/novosti\/item\/168454-sjeca-121-direktora-skola-u-tk-ceka-naplatu-platit-ce-gradjani\/#primaryimage\"},\"thumbnailUrl\":\"https:\/\/tuzlainfo.ba\/wp-content\/uploads\/2022\/02\/2802_skupstinatk.jpg\",\"keywords\":[\"smjena direktora\",\"tuzlanski kanton\"],\"articleSection\":[\"Istaknuto\",\"Novosti\",\"Preporu\u010dujemo\"],\"inLanguage\":\"bs-BA\"},{\"@type\":\"WebPage\",\"@id\":\"https:\/\/tuzlainfo.ba\/index.php\/novosti\/item\/168454-sjeca-121-direktora-skola-u-tk-ceka-naplatu-platit-ce-gradjani\/\",\"url\":\"https:\/\/tuzlainfo.ba\/index.php\/novosti\/item\/168454-sjeca-121-direktora-skola-u-tk-ceka-naplatu-platit-ce-gradjani\/\",\"name\":\"\\\"Sje\u010da\\\" 121 direktora \u0161kola u TK \u010deka naplatu, platit \u0107e gra\u0111ani - TuzlaInfo.ba\",\"isPartOf\":{\"@id\":\"https:\/\/tuzlainfo.ba\/#website\"},\"primaryImageOfPage\":{\"@id\":\"https:\/\/tuzlainfo.ba\/index.php\/novosti\/item\/168454-sjeca-121-direktora-skola-u-tk-ceka-naplatu-platit-ce-gradjani\/#primaryimage\"},\"image\":{\"@id\":\"https:\/\/tuzlainfo.ba\/index.php\/novosti\/item\/168454-sjeca-121-direktora-skola-u-tk-ceka-naplatu-platit-ce-gradjani\/#primaryimage\"},\"thumbnailUrl\":\"https:\/\/tuzlainfo.ba\/wp-content\/uploads\/2022\/02\/2802_skupstinatk.jpg\",\"datePublished\":\"2022-04-04T19:05:03+00:00\",\"dateModified\":\"2022-04-04T19:30:48+00:00\",\"breadcrumb\":{\"@id\":\"https:\/\/tuzlainfo.ba\/index.php\/novosti\/item\/168454-sjeca-121-direktora-skola-u-tk-ceka-naplatu-platit-ce-gradjani\/#breadcrumb\"},\"inLanguage\":\"bs-BA\",\"potentialAction\":[{\"@type\":\"ReadAction\",\"target\":[\"https:\/\/tuzlainfo.ba\/index.php\/novosti\/item\/168454-sjeca-121-direktora-skola-u-tk-ceka-naplatu-platit-ce-gradjani\/\"]}]},{\"@type\":\"ImageObject\",\"inLanguage\":\"bs-BA\",\"@id\":\"https:\/\/tuzlainfo.ba\/index.php\/novosti\/item\/168454-sjeca-121-direktora-skola-u-tk-ceka-naplatu-platit-ce-gradjani\/#primaryimage\",\"url\":\"https:\/\/tuzlainfo.ba\/wp-content\/uploads\/2022\/02\/2802_skupstinatk.jpg\",\"contentUrl\":\"https:\/\/tuzlainfo.ba\/wp-content\/uploads\/2022\/02\/2802_skupstinatk.jpg\",\"width\":1000,\"height\":673},{\"@type\":\"BreadcrumbList\",\"@id\":\"https:\/\/tuzlainfo.ba\/index.php\/novosti\/item\/168454-sjeca-121-direktora-skola-u-tk-ceka-naplatu-platit-ce-gradjani\/#breadcrumb\",\"itemListElement\":[{\"@type\":\"ListItem\",\"position\":1,\"name\":\"Home\",\"item\":\"https:\/\/tuzlainfo.ba\/\"},{\"@type\":\"ListItem\",\"position\":2,\"name\":\"&#8220;Sje\u010da&#8221; 121 direktora \u0161kola u TK \u010deka naplatu, platit \u0107e gra\u0111ani\"}]},{\"@type\":\"WebSite\",\"@id\":\"https:\/\/tuzlainfo.ba\/#website\",\"url\":\"https:\/\/tuzlainfo.ba\/\",\"name\":\"TuzlaInfo.ba\",\"description\":\"Tuzla info, gradski informator - Tuzla na dlanu\",\"publisher\":{\"@id\":\"https:\/\/tuzlainfo.ba\/#organization\"},\"potentialAction\":[{\"@type\":\"SearchAction\",\"target\":{\"@type\":\"EntryPoint\",\"urlTemplate\":\"https:\/\/tuzlainfo.ba\/?s={search_term_string}\"},\"query-input\":{\"@type\":\"PropertyValueSpecification\",\"valueRequired\":true,\"valueName\":\"search_term_string\"}}],\"inLanguage\":\"bs-BA\"},{\"@type\":\"Organization\",\"@id\":\"https:\/\/tuzlainfo.ba\/#organization\",\"name\":\"TuzlaInfo.ba\",\"url\":\"https:\/\/tuzlainfo.ba\/\",\"logo\":{\"@type\":\"ImageObject\",\"inLanguage\":\"bs-BA\",\"@id\":\"https:\/\/tuzlainfo.ba\/#\/schema\/logo\/image\/\",\"url\":\"https:\/\/tuzlainfo.ba\/wp-content\/uploads\/2021\/03\/logo-ver-3-1.png\",\"contentUrl\":\"https:\/\/tuzlainfo.ba\/wp-content\/uploads\/2021\/03\/logo-ver-3-1.png\",\"width\":350,\"height\":95,\"caption\":\"TuzlaInfo.ba\"},\"image\":{\"@id\":\"https:\/\/tuzlainfo.ba\/#\/schema\/logo\/image\/\"},\"sameAs\":[\"https:\/\/www.facebook.com\/tuzlainfo.ba\/\"]},{\"@type\":\"Person\",\"@id\":\"https:\/\/tuzlainfo.ba\/#\/schema\/person\/f434e20dc27ea133923aab08451b7f7f\",\"name\":\"nedim\",\"image\":{\"@type\":\"ImageObject\",\"inLanguage\":\"bs-BA\",\"@id\":\"https:\/\/tuzlainfo.ba\/#\/schema\/person\/image\/\",\"url\":\"https:\/\/tuzlainfo.ba\/wp-content\/litespeed\/avatar\/aabad687af24844af817603ac1cbdc4f.jpg?ver=1776702173\",\"contentUrl\":\"https:\/\/tuzlainfo.ba\/wp-content\/litespeed\/avatar\/aabad687af24844af817603ac1cbdc4f.jpg?ver=1776702173\",\"caption\":\"nedim\"},\"description\":\"Tuzlainfo.ba pratite na dru\u0161tvenim mre\u017eama: Facebook, Instagram i Youtube. Svoje pri\u010de, upite i fotografije \u0161aljite na na\u0161u e-mail adresu.\"}]}<\/script>\n<!-- \/ Yoast SEO plugin. -->","yoast_head_json":{"title":"\"Sje\u010da\" 121 direktora \u0161kola u TK \u010deka naplatu, platit \u0107e gra\u0111ani - TuzlaInfo.ba","robots":{"index":"index","follow":"follow","max-snippet":"max-snippet:-1","max-image-preview":"max-image-preview:large","max-video-preview":"max-video-preview:-1"},"canonical":"https:\/\/tuzlainfo.ba\/index.php\/novosti\/item\/168454-sjeca-121-direktora-skola-u-tk-ceka-naplatu-platit-ce-gradjani\/","og_locale":"bs_BA","og_type":"article","og_title":"\"Sje\u010da\" 121 direktora \u0161kola u TK \u010deka naplatu, platit \u0107e gra\u0111ani - TuzlaInfo.ba","og_description":"Smjena svih direktora osnovnih i srednjih \u0161kola u Tuzlanskom kantonu je neustavna. Ovo su presude&hellip;","og_url":"https:\/\/tuzlainfo.ba\/index.php\/novosti\/item\/168454-sjeca-121-direktora-skola-u-tk-ceka-naplatu-platit-ce-gradjani\/","og_site_name":"TuzlaInfo.ba","article_publisher":"https:\/\/www.facebook.com\/tuzlainfo.ba\/","article_published_time":"2022-04-04T19:05:03+00:00","article_modified_time":"2022-04-04T19:30:48+00:00","og_image":[{"width":1000,"height":673,"url":"https:\/\/tuzlainfo.ba\/wp-content\/uploads\/2022\/02\/2802_skupstinatk.jpg","type":"image\/jpeg"}],"author":"nedim","twitter_card":"summary_large_image","twitter_misc":{"Written by":"nedim","Est. reading time":"3 minute"},"schema":{"@context":"https:\/\/schema.org","@graph":[{"@type":"Article","@id":"https:\/\/tuzlainfo.ba\/index.php\/novosti\/item\/168454-sjeca-121-direktora-skola-u-tk-ceka-naplatu-platit-ce-gradjani\/#article","isPartOf":{"@id":"https:\/\/tuzlainfo.ba\/index.php\/novosti\/item\/168454-sjeca-121-direktora-skola-u-tk-ceka-naplatu-platit-ce-gradjani\/"},"author":{"name":"nedim","@id":"https:\/\/tuzlainfo.ba\/#\/schema\/person\/f434e20dc27ea133923aab08451b7f7f"},"headline":"&#8220;Sje\u010da&#8221; 121 direktora \u0161kola u TK \u010deka naplatu, platit \u0107e gra\u0111ani","datePublished":"2022-04-04T19:05:03+00:00","dateModified":"2022-04-04T19:30:48+00:00","mainEntityOfPage":{"@id":"https:\/\/tuzlainfo.ba\/index.php\/novosti\/item\/168454-sjeca-121-direktora-skola-u-tk-ceka-naplatu-platit-ce-gradjani\/"},"wordCount":536,"commentCount":0,"publisher":{"@id":"https:\/\/tuzlainfo.ba\/#organization"},"image":{"@id":"https:\/\/tuzlainfo.ba\/index.php\/novosti\/item\/168454-sjeca-121-direktora-skola-u-tk-ceka-naplatu-platit-ce-gradjani\/#primaryimage"},"thumbnailUrl":"https:\/\/tuzlainfo.ba\/wp-content\/uploads\/2022\/02\/2802_skupstinatk.jpg","keywords":["smjena direktora","tuzlanski kanton"],"articleSection":["Istaknuto","Novosti","Preporu\u010dujemo"],"inLanguage":"bs-BA"},{"@type":"WebPage","@id":"https:\/\/tuzlainfo.ba\/index.php\/novosti\/item\/168454-sjeca-121-direktora-skola-u-tk-ceka-naplatu-platit-ce-gradjani\/","url":"https:\/\/tuzlainfo.ba\/index.php\/novosti\/item\/168454-sjeca-121-direktora-skola-u-tk-ceka-naplatu-platit-ce-gradjani\/","name":"\"Sje\u010da\" 121 direktora \u0161kola u TK \u010deka naplatu, platit \u0107e gra\u0111ani - TuzlaInfo.ba","isPartOf":{"@id":"https:\/\/tuzlainfo.ba\/#website"},"primaryImageOfPage":{"@id":"https:\/\/tuzlainfo.ba\/index.php\/novosti\/item\/168454-sjeca-121-direktora-skola-u-tk-ceka-naplatu-platit-ce-gradjani\/#primaryimage"},"image":{"@id":"https:\/\/tuzlainfo.ba\/index.php\/novosti\/item\/168454-sjeca-121-direktora-skola-u-tk-ceka-naplatu-platit-ce-gradjani\/#primaryimage"},"thumbnailUrl":"https:\/\/tuzlainfo.ba\/wp-content\/uploads\/2022\/02\/2802_skupstinatk.jpg","datePublished":"2022-04-04T19:05:03+00:00","dateModified":"2022-04-04T19:30:48+00:00","breadcrumb":{"@id":"https:\/\/tuzlainfo.ba\/index.php\/novosti\/item\/168454-sjeca-121-direktora-skola-u-tk-ceka-naplatu-platit-ce-gradjani\/#breadcrumb"},"inLanguage":"bs-BA","potentialAction":[{"@type":"ReadAction","target":["https:\/\/tuzlainfo.ba\/index.php\/novosti\/item\/168454-sjeca-121-direktora-skola-u-tk-ceka-naplatu-platit-ce-gradjani\/"]}]},{"@type":"ImageObject","inLanguage":"bs-BA","@id":"https:\/\/tuzlainfo.ba\/index.php\/novosti\/item\/168454-sjeca-121-direktora-skola-u-tk-ceka-naplatu-platit-ce-gradjani\/#primaryimage","url":"https:\/\/tuzlainfo.ba\/wp-content\/uploads\/2022\/02\/2802_skupstinatk.jpg","contentUrl":"https:\/\/tuzlainfo.ba\/wp-content\/uploads\/2022\/02\/2802_skupstinatk.jpg","width":1000,"height":673},{"@type":"BreadcrumbList","@id":"https:\/\/tuzlainfo.ba\/index.php\/novosti\/item\/168454-sjeca-121-direktora-skola-u-tk-ceka-naplatu-platit-ce-gradjani\/#breadcrumb","itemListElement":[{"@type":"ListItem","position":1,"name":"Home","item":"https:\/\/tuzlainfo.ba\/"},{"@type":"ListItem","position":2,"name":"&#8220;Sje\u010da&#8221; 121 direktora \u0161kola u TK \u010deka naplatu, platit \u0107e gra\u0111ani"}]},{"@type":"WebSite","@id":"https:\/\/tuzlainfo.ba\/#website","url":"https:\/\/tuzlainfo.ba\/","name":"TuzlaInfo.ba","description":"Tuzla info, gradski informator - Tuzla na dlanu","publisher":{"@id":"https:\/\/tuzlainfo.ba\/#organization"},"potentialAction":[{"@type":"SearchAction","target":{"@type":"EntryPoint","urlTemplate":"https:\/\/tuzlainfo.ba\/?s={search_term_string}"},"query-input":{"@type":"PropertyValueSpecification","valueRequired":true,"valueName":"search_term_string"}}],"inLanguage":"bs-BA"},{"@type":"Organization","@id":"https:\/\/tuzlainfo.ba\/#organization","name":"TuzlaInfo.ba","url":"https:\/\/tuzlainfo.ba\/","logo":{"@type":"ImageObject","inLanguage":"bs-BA","@id":"https:\/\/tuzlainfo.ba\/#\/schema\/logo\/image\/","url":"https:\/\/tuzlainfo.ba\/wp-content\/uploads\/2021\/03\/logo-ver-3-1.png","contentUrl":"https:\/\/tuzlainfo.ba\/wp-content\/uploads\/2021\/03\/logo-ver-3-1.png","width":350,"height":95,"caption":"TuzlaInfo.ba"},"image":{"@id":"https:\/\/tuzlainfo.ba\/#\/schema\/logo\/image\/"},"sameAs":["https:\/\/www.facebook.com\/tuzlainfo.ba\/"]},{"@type":"Person","@id":"https:\/\/tuzlainfo.ba\/#\/schema\/person\/f434e20dc27ea133923aab08451b7f7f","name":"nedim","image":{"@type":"ImageObject","inLanguage":"bs-BA","@id":"https:\/\/tuzlainfo.ba\/#\/schema\/person\/image\/","url":"https:\/\/tuzlainfo.ba\/wp-content\/litespeed\/avatar\/aabad687af24844af817603ac1cbdc4f.jpg?ver=1776702173","contentUrl":"https:\/\/tuzlainfo.ba\/wp-content\/litespeed\/avatar\/aabad687af24844af817603ac1cbdc4f.jpg?ver=1776702173","caption":"nedim"},"description":"Tuzlainfo.ba pratite na dru\u0161tvenim mre\u017eama: Facebook, Instagram i Youtube. Svoje pri\u010de, upite i fotografije \u0161aljite na na\u0161u e-mail adresu."}]}},"_links":{"self":[{"href":"https:\/\/tuzlainfo.ba\/index.php\/wp-json\/wp\/v2\/posts\/168454"}],"collection":[{"href":"https:\/\/tuzlainfo.ba\/index.php\/wp-json\/wp\/v2\/posts"}],"about":[{"href":"https:\/\/tuzlainfo.ba\/index.php\/wp-json\/wp\/v2\/types\/post"}],"author":[{"embeddable":true,"href":"https:\/\/tuzlainfo.ba\/index.php\/wp-json\/wp\/v2\/users\/2"}],"replies":[{"embeddable":true,"href":"https:\/\/tuzlainfo.ba\/index.php\/wp-json\/wp\/v2\/comments?post=168454"}],"version-history":[{"count":0,"href":"https:\/\/tuzlainfo.ba\/index.php\/wp-json\/wp\/v2\/posts\/168454\/revisions"}],"wp:featuredmedia":[{"embeddable":true,"href":"https:\/\/tuzlainfo.ba\/index.php\/wp-json\/wp\/v2\/media\/165198"}],"wp:attachment":[{"href":"https:\/\/tuzlainfo.ba\/index.php\/wp-json\/wp\/v2\/media?parent=168454"}],"wp:term":[{"taxonomy":"category","embeddable":true,"href":"https:\/\/tuzlainfo.ba\/index.php\/wp-json\/wp\/v2\/categories?post=168454"},{"taxonomy":"post_tag","embeddable":true,"href":"https:\/\/tuzlainfo.ba\/index.php\/wp-json\/wp\/v2\/tags?post=168454"}],"curies":[{"name":"wp","href":"https:\/\/api.w.org\/{rel}","templated":true}]}}