{"id":168240,"date":"2022-04-02T10:19:33","date_gmt":"2022-04-02T08:19:33","guid":{"rendered":"https:\/\/tuzlainfo.ba\/?p=168240"},"modified":"2022-04-02T10:19:33","modified_gmt":"2022-04-02T08:19:33","slug":"gradonacelnik-dubrovnika-pisao-vm-bih-obustaviti-projekat-izgradnje-aerodroma-trebinje","status":"publish","type":"post","link":"https:\/\/tuzlainfo.ba\/index.php\/clanci\/sa-svih-strana\/item\/168240-gradonacelnik-dubrovnika-pisao-vm-bih-obustaviti-projekat-izgradnje-aerodroma-trebinje\/","title":{"rendered":"Gradona\u010delnik Dubrovnika pisao VM BiH: Obustaviti projekat izgradnje aerodroma Trebinje"},"content":{"rendered":"<p class=\"single-intro\">Gradona\u010delnik Grada Dubrovnika Mato Frankovi\u0107 uputio je dopis Vije\u0107u Ministara Bosne i Hercegovine i Kabinetu Predsjedavaju\u0107eg Vije\u0107a Zoranu Tegeltiji, a povodom dono\u0161enja Memoranduma izme\u0111u Vije\u0107a ministara Bosne i Hercegovine i Vlade Republike Srbije kojim se \u201eutvr\u0111uju osnovni pravci budu\u0107e suradnje, s ciljem realizacije projekta Izgradnja aerodroma Trebinje\u201c, a koji je Vije\u0107a ministara BiH donijelo na sjednici 30. o\u017eujka.<\/p>\n<div class=\"single-text\">\n<p><a href=\"https:\/\/www.dubrovnik.hr\/vijesti\/-gradonacelnik-frankovic-pisao-vijecu-ministara-bih-zbog-projekta-aerodroma-trebinje:-obustaviti-sve-aktivnosti-dok-se-ne-dokaze-nepostojanje-utjecaja-na-omblu-15555\" target=\"_blank\" rel=\"noopener\">Gradona\u010delnik Frankovi\u0107<\/a>\u00a0podsjetio je da su osim Republike Hrvatske, Bosna i Hercegovina i Srbija potpisnice Konvencije o procjeni utjecaja na okoli\u0161 preko dr\u017eavnih granica, tzv. ESPOO Konvencije kao i Protokola o strate\u0161koj procjeni okoli\u0161a uz Konvenciju o procjeni utjecaja na okoli\u0161 preko dr\u017eavnih granica (SEA protokol).<\/p>\n<p>&#8211; \u201eIzgradnja zra\u010dnih luka spada u popis aktivnosti odnosno zahvata na koje se primjenjuju na\u010dela i odredbe ESPOO konvencije i SEA protokola te stoga izra\u017eavamo nezadovoljstvo dosada\u0161njim tijekom aktivnosti i nepostojanjem inicijative za dijalog s nadle\u017enim tijelima zainteresirane dr\u017eave po ovom, ekolo\u0161ki, zna\u010dajnom pitanju\u201c, stoji u dopisu gradona\u010delnika Vije\u0107u ministara BiH.<\/p>\n<p>&#8211; \u201eNe ulaze\u0107i ekonomske i sve ostale aspekte izgradnje zra\u010dne luke na teritoriju druge dr\u017eave, apeliramo te, pozivaju\u0107i se na odredbe prethodno navedene me\u0111unarodne legislative, zahtijevamo od nositelja projekta da bez odlaganja obustavi planirane naredne aktivnosti po ovom projektu, sve dok se ne ispune uvjeti ESPOO konvencije i SEA protokola, odnosno dok se ne provedu sva potrebna ispitivanja utjecaja na okoli\u0161 preko dr\u017eavnih granica i dok se \u010dinjeni\u010dno utvrdi nepostojanje utjecaja koji bi izgradnja zra\u010dne luke imala na izvori\u0161te rijeke Omble\u201c, istaknuo je gradona\u010delnik Mato Frankovi\u0107.<\/p>\n<p>Naime, prema dostupnim informacijama, budu\u0107a zra\u010dna luka trebala bi biti smje\u0161tena u blizini naselja Tale\u017ea u Republici Srpskoj, Bosna i Hercegovina, samo na oko 8,5 km od izvora Ombla i to u kr\u0161kom izrazito vodopropusnom terenu, pi\u0161u Vijesti.ba.<\/p>\n<\/div>\n","protected":false},"excerpt":{"rendered":"<p>Gradona\u010delnik Grada Dubrovnika Mato Frankovi\u0107 uputio je dopis Vije\u0107u Ministara Bosne i Hercegovine i Kabinetu&hellip;<\/p>\n","protected":false},"author":2,"featured_media":168241,"comment_status":"open","ping_status":"closed","sticky":false,"template":"","format":"standard","meta":{"_acf_changed":false,"footnotes":""},"categories":[16],"tags":[4489,4490],"acf":[],"yoast_head":"<!-- This site is optimized with the Yoast SEO plugin v23.5 - https:\/\/yoast.com\/wordpress\/plugins\/seo\/ -->\n<title>Gradona\u010delnik Dubrovnika pisao VM BiH: Obustaviti projekat izgradnje aerodroma Trebinje - TuzlaInfo.ba<\/title>\n<meta name=\"robots\" content=\"index, follow, max-snippet:-1, max-image-preview:large, max-video-preview:-1\" \/>\n<link rel=\"canonical\" href=\"https:\/\/tuzlainfo.ba\/index.php\/clanci\/sa-svih-strana\/item\/168240-gradonacelnik-dubrovnika-pisao-vm-bih-obustaviti-projekat-izgradnje-aerodroma-trebinje\/\" \/>\n<meta property=\"og:locale\" content=\"bs_BA\" \/>\n<meta property=\"og:type\" content=\"article\" \/>\n<meta property=\"og:title\" content=\"Gradona\u010delnik Dubrovnika pisao VM BiH: Obustaviti projekat izgradnje aerodroma Trebinje - TuzlaInfo.ba\" \/>\n<meta property=\"og:description\" content=\"Gradona\u010delnik Grada Dubrovnika Mato Frankovi\u0107 uputio je dopis Vije\u0107u Ministara Bosne i Hercegovine i Kabinetu&hellip;\" \/>\n<meta property=\"og:url\" content=\"https:\/\/tuzlainfo.ba\/index.php\/clanci\/sa-svih-strana\/item\/168240-gradonacelnik-dubrovnika-pisao-vm-bih-obustaviti-projekat-izgradnje-aerodroma-trebinje\/\" \/>\n<meta property=\"og:site_name\" content=\"TuzlaInfo.ba\" \/>\n<meta property=\"article:publisher\" content=\"https:\/\/www.facebook.com\/tuzlainfo.ba\/\" \/>\n<meta property=\"article:published_time\" content=\"2022-04-02T08:19:33+00:00\" \/>\n<meta property=\"og:image\" content=\"https:\/\/tuzlainfo.ba\/wp-content\/uploads\/2022\/04\/0204_mato_frankovic.jpg\" \/>\n\t<meta property=\"og:image:width\" content=\"1000\" \/>\n\t<meta property=\"og:image:height\" content=\"666\" \/>\n\t<meta property=\"og:image:type\" content=\"image\/jpeg\" \/>\n<meta name=\"author\" content=\"nedim\" \/>\n<meta name=\"twitter:card\" content=\"summary_large_image\" \/>\n<meta name=\"twitter:label1\" content=\"Written by\" \/>\n\t<meta name=\"twitter:data1\" content=\"nedim\" \/>\n\t<meta name=\"twitter:label2\" content=\"Est. reading time\" \/>\n\t<meta name=\"twitter:data2\" content=\"2 minute\" \/>\n<script type=\"application\/ld+json\" class=\"yoast-schema-graph\">{\"@context\":\"https:\/\/schema.org\",\"@graph\":[{\"@type\":\"Article\",\"@id\":\"https:\/\/tuzlainfo.ba\/index.php\/clanci\/sa-svih-strana\/item\/168240-gradonacelnik-dubrovnika-pisao-vm-bih-obustaviti-projekat-izgradnje-aerodroma-trebinje\/#article\",\"isPartOf\":{\"@id\":\"https:\/\/tuzlainfo.ba\/index.php\/clanci\/sa-svih-strana\/item\/168240-gradonacelnik-dubrovnika-pisao-vm-bih-obustaviti-projekat-izgradnje-aerodroma-trebinje\/\"},\"author\":{\"name\":\"nedim\",\"@id\":\"https:\/\/tuzlainfo.ba\/#\/schema\/person\/f434e20dc27ea133923aab08451b7f7f\"},\"headline\":\"Gradona\u010delnik Dubrovnika pisao VM BiH: Obustaviti projekat izgradnje aerodroma Trebinje\",\"datePublished\":\"2022-04-02T08:19:33+00:00\",\"dateModified\":\"2022-04-02T08:19:33+00:00\",\"mainEntityOfPage\":{\"@id\":\"https:\/\/tuzlainfo.ba\/index.php\/clanci\/sa-svih-strana\/item\/168240-gradonacelnik-dubrovnika-pisao-vm-bih-obustaviti-projekat-izgradnje-aerodroma-trebinje\/\"},\"wordCount\":331,\"commentCount\":0,\"publisher\":{\"@id\":\"https:\/\/tuzlainfo.ba\/#organization\"},\"image\":{\"@id\":\"https:\/\/tuzlainfo.ba\/index.php\/clanci\/sa-svih-strana\/item\/168240-gradonacelnik-dubrovnika-pisao-vm-bih-obustaviti-projekat-izgradnje-aerodroma-trebinje\/#primaryimage\"},\"thumbnailUrl\":\"https:\/\/tuzlainfo.ba\/wp-content\/uploads\/2022\/04\/0204_mato_frankovic.jpg\",\"keywords\":[\"dubrovnik\",\"trebinje\"],\"articleSection\":[\"Sa svih strana\"],\"inLanguage\":\"bs-BA\"},{\"@type\":\"WebPage\",\"@id\":\"https:\/\/tuzlainfo.ba\/index.php\/clanci\/sa-svih-strana\/item\/168240-gradonacelnik-dubrovnika-pisao-vm-bih-obustaviti-projekat-izgradnje-aerodroma-trebinje\/\",\"url\":\"https:\/\/tuzlainfo.ba\/index.php\/clanci\/sa-svih-strana\/item\/168240-gradonacelnik-dubrovnika-pisao-vm-bih-obustaviti-projekat-izgradnje-aerodroma-trebinje\/\",\"name\":\"Gradona\u010delnik Dubrovnika pisao VM BiH: Obustaviti projekat izgradnje aerodroma Trebinje - TuzlaInfo.ba\",\"isPartOf\":{\"@id\":\"https:\/\/tuzlainfo.ba\/#website\"},\"primaryImageOfPage\":{\"@id\":\"https:\/\/tuzlainfo.ba\/index.php\/clanci\/sa-svih-strana\/item\/168240-gradonacelnik-dubrovnika-pisao-vm-bih-obustaviti-projekat-izgradnje-aerodroma-trebinje\/#primaryimage\"},\"image\":{\"@id\":\"https:\/\/tuzlainfo.ba\/index.php\/clanci\/sa-svih-strana\/item\/168240-gradonacelnik-dubrovnika-pisao-vm-bih-obustaviti-projekat-izgradnje-aerodroma-trebinje\/#primaryimage\"},\"thumbnailUrl\":\"https:\/\/tuzlainfo.ba\/wp-content\/uploads\/2022\/04\/0204_mato_frankovic.jpg\",\"datePublished\":\"2022-04-02T08:19:33+00:00\",\"dateModified\":\"2022-04-02T08:19:33+00:00\",\"breadcrumb\":{\"@id\":\"https:\/\/tuzlainfo.ba\/index.php\/clanci\/sa-svih-strana\/item\/168240-gradonacelnik-dubrovnika-pisao-vm-bih-obustaviti-projekat-izgradnje-aerodroma-trebinje\/#breadcrumb\"},\"inLanguage\":\"bs-BA\",\"potentialAction\":[{\"@type\":\"ReadAction\",\"target\":[\"https:\/\/tuzlainfo.ba\/index.php\/clanci\/sa-svih-strana\/item\/168240-gradonacelnik-dubrovnika-pisao-vm-bih-obustaviti-projekat-izgradnje-aerodroma-trebinje\/\"]}]},{\"@type\":\"ImageObject\",\"inLanguage\":\"bs-BA\",\"@id\":\"https:\/\/tuzlainfo.ba\/index.php\/clanci\/sa-svih-strana\/item\/168240-gradonacelnik-dubrovnika-pisao-vm-bih-obustaviti-projekat-izgradnje-aerodroma-trebinje\/#primaryimage\",\"url\":\"https:\/\/tuzlainfo.ba\/wp-content\/uploads\/2022\/04\/0204_mato_frankovic.jpg\",\"contentUrl\":\"https:\/\/tuzlainfo.ba\/wp-content\/uploads\/2022\/04\/0204_mato_frankovic.jpg\",\"width\":1000,\"height\":666,\"caption\":\"Mato Frankovic \/ Foto: Dubrovnik.hr\"},{\"@type\":\"BreadcrumbList\",\"@id\":\"https:\/\/tuzlainfo.ba\/index.php\/clanci\/sa-svih-strana\/item\/168240-gradonacelnik-dubrovnika-pisao-vm-bih-obustaviti-projekat-izgradnje-aerodroma-trebinje\/#breadcrumb\",\"itemListElement\":[{\"@type\":\"ListItem\",\"position\":1,\"name\":\"Home\",\"item\":\"https:\/\/tuzlainfo.ba\/\"},{\"@type\":\"ListItem\",\"position\":2,\"name\":\"Gradona\u010delnik Dubrovnika pisao VM BiH: Obustaviti projekat izgradnje aerodroma Trebinje\"}]},{\"@type\":\"WebSite\",\"@id\":\"https:\/\/tuzlainfo.ba\/#website\",\"url\":\"https:\/\/tuzlainfo.ba\/\",\"name\":\"TuzlaInfo.ba\",\"description\":\"Tuzla info, gradski informator - Tuzla na dlanu\",\"publisher\":{\"@id\":\"https:\/\/tuzlainfo.ba\/#organization\"},\"potentialAction\":[{\"@type\":\"SearchAction\",\"target\":{\"@type\":\"EntryPoint\",\"urlTemplate\":\"https:\/\/tuzlainfo.ba\/?s={search_term_string}\"},\"query-input\":{\"@type\":\"PropertyValueSpecification\",\"valueRequired\":true,\"valueName\":\"search_term_string\"}}],\"inLanguage\":\"bs-BA\"},{\"@type\":\"Organization\",\"@id\":\"https:\/\/tuzlainfo.ba\/#organization\",\"name\":\"TuzlaInfo.ba\",\"url\":\"https:\/\/tuzlainfo.ba\/\",\"logo\":{\"@type\":\"ImageObject\",\"inLanguage\":\"bs-BA\",\"@id\":\"https:\/\/tuzlainfo.ba\/#\/schema\/logo\/image\/\",\"url\":\"https:\/\/tuzlainfo.ba\/wp-content\/uploads\/2021\/03\/logo-ver-3-1.png\",\"contentUrl\":\"https:\/\/tuzlainfo.ba\/wp-content\/uploads\/2021\/03\/logo-ver-3-1.png\",\"width\":350,\"height\":95,\"caption\":\"TuzlaInfo.ba\"},\"image\":{\"@id\":\"https:\/\/tuzlainfo.ba\/#\/schema\/logo\/image\/\"},\"sameAs\":[\"https:\/\/www.facebook.com\/tuzlainfo.ba\/\"]},{\"@type\":\"Person\",\"@id\":\"https:\/\/tuzlainfo.ba\/#\/schema\/person\/f434e20dc27ea133923aab08451b7f7f\",\"name\":\"nedim\",\"image\":{\"@type\":\"ImageObject\",\"inLanguage\":\"bs-BA\",\"@id\":\"https:\/\/tuzlainfo.ba\/#\/schema\/person\/image\/\",\"url\":\"https:\/\/tuzlainfo.ba\/wp-content\/litespeed\/avatar\/aabad687af24844af817603ac1cbdc4f.jpg?ver=1777306975\",\"contentUrl\":\"https:\/\/tuzlainfo.ba\/wp-content\/litespeed\/avatar\/aabad687af24844af817603ac1cbdc4f.jpg?ver=1777306975\",\"caption\":\"nedim\"},\"description\":\"Tuzlainfo.ba pratite na dru\u0161tvenim mre\u017eama: Facebook, Instagram i Youtube. Svoje pri\u010de, upite i fotografije \u0161aljite na na\u0161u e-mail adresu.\"}]}<\/script>\n<!-- \/ Yoast SEO plugin. -->","yoast_head_json":{"title":"Gradona\u010delnik Dubrovnika pisao VM BiH: Obustaviti projekat izgradnje aerodroma Trebinje - TuzlaInfo.ba","robots":{"index":"index","follow":"follow","max-snippet":"max-snippet:-1","max-image-preview":"max-image-preview:large","max-video-preview":"max-video-preview:-1"},"canonical":"https:\/\/tuzlainfo.ba\/index.php\/clanci\/sa-svih-strana\/item\/168240-gradonacelnik-dubrovnika-pisao-vm-bih-obustaviti-projekat-izgradnje-aerodroma-trebinje\/","og_locale":"bs_BA","og_type":"article","og_title":"Gradona\u010delnik Dubrovnika pisao VM BiH: Obustaviti projekat izgradnje aerodroma Trebinje - TuzlaInfo.ba","og_description":"Gradona\u010delnik Grada Dubrovnika Mato Frankovi\u0107 uputio je dopis Vije\u0107u Ministara Bosne i Hercegovine i Kabinetu&hellip;","og_url":"https:\/\/tuzlainfo.ba\/index.php\/clanci\/sa-svih-strana\/item\/168240-gradonacelnik-dubrovnika-pisao-vm-bih-obustaviti-projekat-izgradnje-aerodroma-trebinje\/","og_site_name":"TuzlaInfo.ba","article_publisher":"https:\/\/www.facebook.com\/tuzlainfo.ba\/","article_published_time":"2022-04-02T08:19:33+00:00","og_image":[{"width":1000,"height":666,"url":"https:\/\/tuzlainfo.ba\/wp-content\/uploads\/2022\/04\/0204_mato_frankovic.jpg","type":"image\/jpeg"}],"author":"nedim","twitter_card":"summary_large_image","twitter_misc":{"Written by":"nedim","Est. reading time":"2 minute"},"schema":{"@context":"https:\/\/schema.org","@graph":[{"@type":"Article","@id":"https:\/\/tuzlainfo.ba\/index.php\/clanci\/sa-svih-strana\/item\/168240-gradonacelnik-dubrovnika-pisao-vm-bih-obustaviti-projekat-izgradnje-aerodroma-trebinje\/#article","isPartOf":{"@id":"https:\/\/tuzlainfo.ba\/index.php\/clanci\/sa-svih-strana\/item\/168240-gradonacelnik-dubrovnika-pisao-vm-bih-obustaviti-projekat-izgradnje-aerodroma-trebinje\/"},"author":{"name":"nedim","@id":"https:\/\/tuzlainfo.ba\/#\/schema\/person\/f434e20dc27ea133923aab08451b7f7f"},"headline":"Gradona\u010delnik Dubrovnika pisao VM BiH: Obustaviti projekat izgradnje aerodroma Trebinje","datePublished":"2022-04-02T08:19:33+00:00","dateModified":"2022-04-02T08:19:33+00:00","mainEntityOfPage":{"@id":"https:\/\/tuzlainfo.ba\/index.php\/clanci\/sa-svih-strana\/item\/168240-gradonacelnik-dubrovnika-pisao-vm-bih-obustaviti-projekat-izgradnje-aerodroma-trebinje\/"},"wordCount":331,"commentCount":0,"publisher":{"@id":"https:\/\/tuzlainfo.ba\/#organization"},"image":{"@id":"https:\/\/tuzlainfo.ba\/index.php\/clanci\/sa-svih-strana\/item\/168240-gradonacelnik-dubrovnika-pisao-vm-bih-obustaviti-projekat-izgradnje-aerodroma-trebinje\/#primaryimage"},"thumbnailUrl":"https:\/\/tuzlainfo.ba\/wp-content\/uploads\/2022\/04\/0204_mato_frankovic.jpg","keywords":["dubrovnik","trebinje"],"articleSection":["Sa svih strana"],"inLanguage":"bs-BA"},{"@type":"WebPage","@id":"https:\/\/tuzlainfo.ba\/index.php\/clanci\/sa-svih-strana\/item\/168240-gradonacelnik-dubrovnika-pisao-vm-bih-obustaviti-projekat-izgradnje-aerodroma-trebinje\/","url":"https:\/\/tuzlainfo.ba\/index.php\/clanci\/sa-svih-strana\/item\/168240-gradonacelnik-dubrovnika-pisao-vm-bih-obustaviti-projekat-izgradnje-aerodroma-trebinje\/","name":"Gradona\u010delnik Dubrovnika pisao VM BiH: Obustaviti projekat izgradnje aerodroma Trebinje - TuzlaInfo.ba","isPartOf":{"@id":"https:\/\/tuzlainfo.ba\/#website"},"primaryImageOfPage":{"@id":"https:\/\/tuzlainfo.ba\/index.php\/clanci\/sa-svih-strana\/item\/168240-gradonacelnik-dubrovnika-pisao-vm-bih-obustaviti-projekat-izgradnje-aerodroma-trebinje\/#primaryimage"},"image":{"@id":"https:\/\/tuzlainfo.ba\/index.php\/clanci\/sa-svih-strana\/item\/168240-gradonacelnik-dubrovnika-pisao-vm-bih-obustaviti-projekat-izgradnje-aerodroma-trebinje\/#primaryimage"},"thumbnailUrl":"https:\/\/tuzlainfo.ba\/wp-content\/uploads\/2022\/04\/0204_mato_frankovic.jpg","datePublished":"2022-04-02T08:19:33+00:00","dateModified":"2022-04-02T08:19:33+00:00","breadcrumb":{"@id":"https:\/\/tuzlainfo.ba\/index.php\/clanci\/sa-svih-strana\/item\/168240-gradonacelnik-dubrovnika-pisao-vm-bih-obustaviti-projekat-izgradnje-aerodroma-trebinje\/#breadcrumb"},"inLanguage":"bs-BA","potentialAction":[{"@type":"ReadAction","target":["https:\/\/tuzlainfo.ba\/index.php\/clanci\/sa-svih-strana\/item\/168240-gradonacelnik-dubrovnika-pisao-vm-bih-obustaviti-projekat-izgradnje-aerodroma-trebinje\/"]}]},{"@type":"ImageObject","inLanguage":"bs-BA","@id":"https:\/\/tuzlainfo.ba\/index.php\/clanci\/sa-svih-strana\/item\/168240-gradonacelnik-dubrovnika-pisao-vm-bih-obustaviti-projekat-izgradnje-aerodroma-trebinje\/#primaryimage","url":"https:\/\/tuzlainfo.ba\/wp-content\/uploads\/2022\/04\/0204_mato_frankovic.jpg","contentUrl":"https:\/\/tuzlainfo.ba\/wp-content\/uploads\/2022\/04\/0204_mato_frankovic.jpg","width":1000,"height":666,"caption":"Mato Frankovic \/ Foto: Dubrovnik.hr"},{"@type":"BreadcrumbList","@id":"https:\/\/tuzlainfo.ba\/index.php\/clanci\/sa-svih-strana\/item\/168240-gradonacelnik-dubrovnika-pisao-vm-bih-obustaviti-projekat-izgradnje-aerodroma-trebinje\/#breadcrumb","itemListElement":[{"@type":"ListItem","position":1,"name":"Home","item":"https:\/\/tuzlainfo.ba\/"},{"@type":"ListItem","position":2,"name":"Gradona\u010delnik Dubrovnika pisao VM BiH: Obustaviti projekat izgradnje aerodroma Trebinje"}]},{"@type":"WebSite","@id":"https:\/\/tuzlainfo.ba\/#website","url":"https:\/\/tuzlainfo.ba\/","name":"TuzlaInfo.ba","description":"Tuzla info, gradski informator - Tuzla na dlanu","publisher":{"@id":"https:\/\/tuzlainfo.ba\/#organization"},"potentialAction":[{"@type":"SearchAction","target":{"@type":"EntryPoint","urlTemplate":"https:\/\/tuzlainfo.ba\/?s={search_term_string}"},"query-input":{"@type":"PropertyValueSpecification","valueRequired":true,"valueName":"search_term_string"}}],"inLanguage":"bs-BA"},{"@type":"Organization","@id":"https:\/\/tuzlainfo.ba\/#organization","name":"TuzlaInfo.ba","url":"https:\/\/tuzlainfo.ba\/","logo":{"@type":"ImageObject","inLanguage":"bs-BA","@id":"https:\/\/tuzlainfo.ba\/#\/schema\/logo\/image\/","url":"https:\/\/tuzlainfo.ba\/wp-content\/uploads\/2021\/03\/logo-ver-3-1.png","contentUrl":"https:\/\/tuzlainfo.ba\/wp-content\/uploads\/2021\/03\/logo-ver-3-1.png","width":350,"height":95,"caption":"TuzlaInfo.ba"},"image":{"@id":"https:\/\/tuzlainfo.ba\/#\/schema\/logo\/image\/"},"sameAs":["https:\/\/www.facebook.com\/tuzlainfo.ba\/"]},{"@type":"Person","@id":"https:\/\/tuzlainfo.ba\/#\/schema\/person\/f434e20dc27ea133923aab08451b7f7f","name":"nedim","image":{"@type":"ImageObject","inLanguage":"bs-BA","@id":"https:\/\/tuzlainfo.ba\/#\/schema\/person\/image\/","url":"https:\/\/tuzlainfo.ba\/wp-content\/litespeed\/avatar\/aabad687af24844af817603ac1cbdc4f.jpg?ver=1777306975","contentUrl":"https:\/\/tuzlainfo.ba\/wp-content\/litespeed\/avatar\/aabad687af24844af817603ac1cbdc4f.jpg?ver=1777306975","caption":"nedim"},"description":"Tuzlainfo.ba pratite na dru\u0161tvenim mre\u017eama: Facebook, Instagram i Youtube. Svoje pri\u010de, upite i fotografije \u0161aljite na na\u0161u e-mail adresu."}]}},"_links":{"self":[{"href":"https:\/\/tuzlainfo.ba\/index.php\/wp-json\/wp\/v2\/posts\/168240"}],"collection":[{"href":"https:\/\/tuzlainfo.ba\/index.php\/wp-json\/wp\/v2\/posts"}],"about":[{"href":"https:\/\/tuzlainfo.ba\/index.php\/wp-json\/wp\/v2\/types\/post"}],"author":[{"embeddable":true,"href":"https:\/\/tuzlainfo.ba\/index.php\/wp-json\/wp\/v2\/users\/2"}],"replies":[{"embeddable":true,"href":"https:\/\/tuzlainfo.ba\/index.php\/wp-json\/wp\/v2\/comments?post=168240"}],"version-history":[{"count":0,"href":"https:\/\/tuzlainfo.ba\/index.php\/wp-json\/wp\/v2\/posts\/168240\/revisions"}],"wp:featuredmedia":[{"embeddable":true,"href":"https:\/\/tuzlainfo.ba\/index.php\/wp-json\/wp\/v2\/media\/168241"}],"wp:attachment":[{"href":"https:\/\/tuzlainfo.ba\/index.php\/wp-json\/wp\/v2\/media?parent=168240"}],"wp:term":[{"taxonomy":"category","embeddable":true,"href":"https:\/\/tuzlainfo.ba\/index.php\/wp-json\/wp\/v2\/categories?post=168240"},{"taxonomy":"post_tag","embeddable":true,"href":"https:\/\/tuzlainfo.ba\/index.php\/wp-json\/wp\/v2\/tags?post=168240"}],"curies":[{"name":"wp","href":"https:\/\/api.w.org\/{rel}","templated":true}]}}