{"id":167454,"date":"2022-03-24T21:37:26","date_gmt":"2022-03-24T20:37:26","guid":{"rendered":"https:\/\/tuzlainfo.ba\/?p=167454"},"modified":"2022-03-24T21:37:50","modified_gmt":"2022-03-24T20:37:50","slug":"dom-naroda-fbih-odobren-nastavak-rada-termo-blokova-4-i-5-u-tuzli-i-kaknju","status":"publish","type":"post","link":"https:\/\/tuzlainfo.ba\/index.php\/bosna-i-hercegovina\/item\/167454-dom-naroda-fbih-odobren-nastavak-rada-termo-blokova-4-i-5-u-tuzli-i-kaknju\/","title":{"rendered":"Dom naroda FBiH: Odobren nastavak rada termo blokova 4 i 5 u Tuzli i Kaknju"},"content":{"rendered":"<p>Po zahtjevu Elektroprivrede BiH danasjeDom naroda Parlamenta FBiH odobrio daljnju upotrebu blokova 4 i 5 u Tuzli i Kaknju, a sve kako bi se omogu\u0107ila uredna snabdivenost doma\u0107instava i privrede elektri\u010dnom energijom.<\/p>\n<p>Analiza koja je ura\u0111ena pokazala je da ograni\u010denje cijene elektri\u010dne energije koje je trenutno na snazi korekcijom Zakona o elektri\u010dnoj energiji, onemogu\u0107ava dovoljnu koli\u010dinu elektri\u010dne energije za kompletnu privredu i doma\u0107instva, a \u0161to zna\u010di da moraju uklju\u010diti dodatne mjere, a jedna od njih je da Parlament FBiH da saglasnost za upotrebu dva bloka koja su gotovo van upotrebe, a to su Blok 4 Tuzla i Blok 5 Kakanj. Ranije je odobrenje izglasano i u Predstavni\u010dkom domu.<\/p>\n<p>Ga\u0161enje ovih blokova bilo je predvi\u0111eno za narednu godinu, ali odlukom Parlamenta to prolongirano.<\/p>\n<p>&#8211; Parlament nam je osporio pove\u0107anje cijena i prema doma\u0107instvima koja je 3,5 do \u010detiri feninga ve\u0107a od cijene ko\u0161tanja. Gubitak po tom osnovu na supstanci je cirka 80 miliona KM. Znamo da je me\u0111unarodna zajednica protiv ovoga (stavljanja u pogon blokova 4 i 5), mi u ovim danima kada vidimo da se i atomske elektrane vra\u0107aju u pogon i elektrane po Evropi, moramo prihvatiti ovo da bismo mogli isporu\u010diti svima elektri\u010dnu energiju koji jesu potpisali ugovor i rezerve imati za havarijske situacije &#8211; rekao je Muhamed Kozadra iz JP Elektroprivrede BiH, pi\u0161e Patria.<\/p>\n","protected":false},"excerpt":{"rendered":"<p>Po zahtjevu Elektroprivrede BiH danasjeDom naroda Parlamenta FBiH odobrio daljnju upotrebu blokova 4 i 5&hellip;<\/p>\n","protected":false},"author":2,"featured_media":161520,"comment_status":"open","ping_status":"closed","sticky":false,"template":"","format":"standard","meta":{"_acf_changed":false,"footnotes":""},"categories":[291,304],"tags":[3797,3707,3403],"acf":[],"yoast_head":"<!-- This site is optimized with the Yoast SEO plugin v23.5 - https:\/\/yoast.com\/wordpress\/plugins\/seo\/ -->\n<title>Dom naroda FBiH: Odobren nastavak rada termo blokova 4 i 5 u Tuzli i Kaknju - TuzlaInfo.ba<\/title>\n<meta name=\"robots\" content=\"index, follow, max-snippet:-1, max-image-preview:large, max-video-preview:-1\" \/>\n<link rel=\"canonical\" href=\"https:\/\/tuzlainfo.ba\/index.php\/bosna-i-hercegovina\/item\/167454-dom-naroda-fbih-odobren-nastavak-rada-termo-blokova-4-i-5-u-tuzli-i-kaknju\/\" \/>\n<meta property=\"og:locale\" content=\"bs_BA\" \/>\n<meta property=\"og:type\" content=\"article\" \/>\n<meta property=\"og:title\" content=\"Dom naroda FBiH: Odobren nastavak rada termo blokova 4 i 5 u Tuzli i Kaknju - TuzlaInfo.ba\" \/>\n<meta property=\"og:description\" content=\"Po zahtjevu Elektroprivrede BiH danasjeDom naroda Parlamenta FBiH odobrio daljnju upotrebu blokova 4 i 5&hellip;\" \/>\n<meta property=\"og:url\" content=\"https:\/\/tuzlainfo.ba\/index.php\/bosna-i-hercegovina\/item\/167454-dom-naroda-fbih-odobren-nastavak-rada-termo-blokova-4-i-5-u-tuzli-i-kaknju\/\" \/>\n<meta property=\"og:site_name\" content=\"TuzlaInfo.ba\" \/>\n<meta property=\"article:publisher\" content=\"https:\/\/www.facebook.com\/tuzlainfo.ba\/\" \/>\n<meta property=\"article:published_time\" content=\"2022-03-24T20:37:26+00:00\" \/>\n<meta property=\"article:modified_time\" content=\"2022-03-24T20:37:50+00:00\" \/>\n<meta property=\"og:image\" content=\"https:\/\/tuzlainfo.ba\/wp-content\/uploads\/2022\/01\/1901_termoelektrana_ugalj.jpg\" \/>\n\t<meta property=\"og:image:width\" content=\"1200\" \/>\n\t<meta property=\"og:image:height\" content=\"800\" \/>\n\t<meta property=\"og:image:type\" content=\"image\/jpeg\" \/>\n<meta name=\"author\" content=\"nedim\" \/>\n<meta name=\"twitter:card\" content=\"summary_large_image\" \/>\n<meta name=\"twitter:label1\" content=\"Written by\" \/>\n\t<meta name=\"twitter:data1\" content=\"nedim\" \/>\n\t<meta name=\"twitter:label2\" content=\"Est. reading time\" \/>\n\t<meta name=\"twitter:data2\" content=\"1 minuta\" \/>\n<script type=\"application\/ld+json\" class=\"yoast-schema-graph\">{\"@context\":\"https:\/\/schema.org\",\"@graph\":[{\"@type\":\"Article\",\"@id\":\"https:\/\/tuzlainfo.ba\/index.php\/bosna-i-hercegovina\/item\/167454-dom-naroda-fbih-odobren-nastavak-rada-termo-blokova-4-i-5-u-tuzli-i-kaknju\/#article\",\"isPartOf\":{\"@id\":\"https:\/\/tuzlainfo.ba\/index.php\/bosna-i-hercegovina\/item\/167454-dom-naroda-fbih-odobren-nastavak-rada-termo-blokova-4-i-5-u-tuzli-i-kaknju\/\"},\"author\":{\"name\":\"nedim\",\"@id\":\"https:\/\/tuzlainfo.ba\/#\/schema\/person\/f434e20dc27ea133923aab08451b7f7f\"},\"headline\":\"Dom naroda FBiH: Odobren nastavak rada termo blokova 4 i 5 u Tuzli i Kaknju\",\"datePublished\":\"2022-03-24T20:37:26+00:00\",\"dateModified\":\"2022-03-24T20:37:50+00:00\",\"mainEntityOfPage\":{\"@id\":\"https:\/\/tuzlainfo.ba\/index.php\/bosna-i-hercegovina\/item\/167454-dom-naroda-fbih-odobren-nastavak-rada-termo-blokova-4-i-5-u-tuzli-i-kaknju\/\"},\"wordCount\":246,\"commentCount\":0,\"publisher\":{\"@id\":\"https:\/\/tuzlainfo.ba\/#organization\"},\"image\":{\"@id\":\"https:\/\/tuzlainfo.ba\/index.php\/bosna-i-hercegovina\/item\/167454-dom-naroda-fbih-odobren-nastavak-rada-termo-blokova-4-i-5-u-tuzli-i-kaknju\/#primaryimage\"},\"thumbnailUrl\":\"https:\/\/tuzlainfo.ba\/wp-content\/uploads\/2022\/01\/1901_termoelektrana_ugalj.jpg\",\"keywords\":[\"dom naroda parlamenta fbih\",\"termoelektrana kakanj\",\"termoelektrana tuzla\"],\"articleSection\":[\"Bosna i Hercegovina\",\"Istaknuto\"],\"inLanguage\":\"bs-BA\"},{\"@type\":\"WebPage\",\"@id\":\"https:\/\/tuzlainfo.ba\/index.php\/bosna-i-hercegovina\/item\/167454-dom-naroda-fbih-odobren-nastavak-rada-termo-blokova-4-i-5-u-tuzli-i-kaknju\/\",\"url\":\"https:\/\/tuzlainfo.ba\/index.php\/bosna-i-hercegovina\/item\/167454-dom-naroda-fbih-odobren-nastavak-rada-termo-blokova-4-i-5-u-tuzli-i-kaknju\/\",\"name\":\"Dom naroda FBiH: Odobren nastavak rada termo blokova 4 i 5 u Tuzli i Kaknju - TuzlaInfo.ba\",\"isPartOf\":{\"@id\":\"https:\/\/tuzlainfo.ba\/#website\"},\"primaryImageOfPage\":{\"@id\":\"https:\/\/tuzlainfo.ba\/index.php\/bosna-i-hercegovina\/item\/167454-dom-naroda-fbih-odobren-nastavak-rada-termo-blokova-4-i-5-u-tuzli-i-kaknju\/#primaryimage\"},\"image\":{\"@id\":\"https:\/\/tuzlainfo.ba\/index.php\/bosna-i-hercegovina\/item\/167454-dom-naroda-fbih-odobren-nastavak-rada-termo-blokova-4-i-5-u-tuzli-i-kaknju\/#primaryimage\"},\"thumbnailUrl\":\"https:\/\/tuzlainfo.ba\/wp-content\/uploads\/2022\/01\/1901_termoelektrana_ugalj.jpg\",\"datePublished\":\"2022-03-24T20:37:26+00:00\",\"dateModified\":\"2022-03-24T20:37:50+00:00\",\"breadcrumb\":{\"@id\":\"https:\/\/tuzlainfo.ba\/index.php\/bosna-i-hercegovina\/item\/167454-dom-naroda-fbih-odobren-nastavak-rada-termo-blokova-4-i-5-u-tuzli-i-kaknju\/#breadcrumb\"},\"inLanguage\":\"bs-BA\",\"potentialAction\":[{\"@type\":\"ReadAction\",\"target\":[\"https:\/\/tuzlainfo.ba\/index.php\/bosna-i-hercegovina\/item\/167454-dom-naroda-fbih-odobren-nastavak-rada-termo-blokova-4-i-5-u-tuzli-i-kaknju\/\"]}]},{\"@type\":\"ImageObject\",\"inLanguage\":\"bs-BA\",\"@id\":\"https:\/\/tuzlainfo.ba\/index.php\/bosna-i-hercegovina\/item\/167454-dom-naroda-fbih-odobren-nastavak-rada-termo-blokova-4-i-5-u-tuzli-i-kaknju\/#primaryimage\",\"url\":\"https:\/\/tuzlainfo.ba\/wp-content\/uploads\/2022\/01\/1901_termoelektrana_ugalj.jpg\",\"contentUrl\":\"https:\/\/tuzlainfo.ba\/wp-content\/uploads\/2022\/01\/1901_termoelektrana_ugalj.jpg\",\"width\":1200,\"height\":800,\"caption\":\"Termoelektrana Tuzla \/ Foto: EP BiH\"},{\"@type\":\"BreadcrumbList\",\"@id\":\"https:\/\/tuzlainfo.ba\/index.php\/bosna-i-hercegovina\/item\/167454-dom-naroda-fbih-odobren-nastavak-rada-termo-blokova-4-i-5-u-tuzli-i-kaknju\/#breadcrumb\",\"itemListElement\":[{\"@type\":\"ListItem\",\"position\":1,\"name\":\"Home\",\"item\":\"https:\/\/tuzlainfo.ba\/\"},{\"@type\":\"ListItem\",\"position\":2,\"name\":\"Dom naroda FBiH: Odobren nastavak rada termo blokova 4 i 5 u Tuzli i Kaknju\"}]},{\"@type\":\"WebSite\",\"@id\":\"https:\/\/tuzlainfo.ba\/#website\",\"url\":\"https:\/\/tuzlainfo.ba\/\",\"name\":\"TuzlaInfo.ba\",\"description\":\"Tuzla info, gradski informator - Tuzla na dlanu\",\"publisher\":{\"@id\":\"https:\/\/tuzlainfo.ba\/#organization\"},\"potentialAction\":[{\"@type\":\"SearchAction\",\"target\":{\"@type\":\"EntryPoint\",\"urlTemplate\":\"https:\/\/tuzlainfo.ba\/?s={search_term_string}\"},\"query-input\":{\"@type\":\"PropertyValueSpecification\",\"valueRequired\":true,\"valueName\":\"search_term_string\"}}],\"inLanguage\":\"bs-BA\"},{\"@type\":\"Organization\",\"@id\":\"https:\/\/tuzlainfo.ba\/#organization\",\"name\":\"TuzlaInfo.ba\",\"url\":\"https:\/\/tuzlainfo.ba\/\",\"logo\":{\"@type\":\"ImageObject\",\"inLanguage\":\"bs-BA\",\"@id\":\"https:\/\/tuzlainfo.ba\/#\/schema\/logo\/image\/\",\"url\":\"https:\/\/tuzlainfo.ba\/wp-content\/uploads\/2021\/03\/logo-ver-3-1.png\",\"contentUrl\":\"https:\/\/tuzlainfo.ba\/wp-content\/uploads\/2021\/03\/logo-ver-3-1.png\",\"width\":350,\"height\":95,\"caption\":\"TuzlaInfo.ba\"},\"image\":{\"@id\":\"https:\/\/tuzlainfo.ba\/#\/schema\/logo\/image\/\"},\"sameAs\":[\"https:\/\/www.facebook.com\/tuzlainfo.ba\/\"]},{\"@type\":\"Person\",\"@id\":\"https:\/\/tuzlainfo.ba\/#\/schema\/person\/f434e20dc27ea133923aab08451b7f7f\",\"name\":\"nedim\",\"image\":{\"@type\":\"ImageObject\",\"inLanguage\":\"bs-BA\",\"@id\":\"https:\/\/tuzlainfo.ba\/#\/schema\/person\/image\/\",\"url\":\"https:\/\/tuzlainfo.ba\/wp-content\/litespeed\/avatar\/aabad687af24844af817603ac1cbdc4f.jpg?ver=1776702173\",\"contentUrl\":\"https:\/\/tuzlainfo.ba\/wp-content\/litespeed\/avatar\/aabad687af24844af817603ac1cbdc4f.jpg?ver=1776702173\",\"caption\":\"nedim\"},\"description\":\"Tuzlainfo.ba pratite na dru\u0161tvenim mre\u017eama: Facebook, Instagram i Youtube. Svoje pri\u010de, upite i fotografije \u0161aljite na na\u0161u e-mail adresu.\"}]}<\/script>\n<!-- \/ Yoast SEO plugin. -->","yoast_head_json":{"title":"Dom naroda FBiH: Odobren nastavak rada termo blokova 4 i 5 u Tuzli i Kaknju - TuzlaInfo.ba","robots":{"index":"index","follow":"follow","max-snippet":"max-snippet:-1","max-image-preview":"max-image-preview:large","max-video-preview":"max-video-preview:-1"},"canonical":"https:\/\/tuzlainfo.ba\/index.php\/bosna-i-hercegovina\/item\/167454-dom-naroda-fbih-odobren-nastavak-rada-termo-blokova-4-i-5-u-tuzli-i-kaknju\/","og_locale":"bs_BA","og_type":"article","og_title":"Dom naroda FBiH: Odobren nastavak rada termo blokova 4 i 5 u Tuzli i Kaknju - TuzlaInfo.ba","og_description":"Po zahtjevu Elektroprivrede BiH danasjeDom naroda Parlamenta FBiH odobrio daljnju upotrebu blokova 4 i 5&hellip;","og_url":"https:\/\/tuzlainfo.ba\/index.php\/bosna-i-hercegovina\/item\/167454-dom-naroda-fbih-odobren-nastavak-rada-termo-blokova-4-i-5-u-tuzli-i-kaknju\/","og_site_name":"TuzlaInfo.ba","article_publisher":"https:\/\/www.facebook.com\/tuzlainfo.ba\/","article_published_time":"2022-03-24T20:37:26+00:00","article_modified_time":"2022-03-24T20:37:50+00:00","og_image":[{"width":1200,"height":800,"url":"https:\/\/tuzlainfo.ba\/wp-content\/uploads\/2022\/01\/1901_termoelektrana_ugalj.jpg","type":"image\/jpeg"}],"author":"nedim","twitter_card":"summary_large_image","twitter_misc":{"Written by":"nedim","Est. reading time":"1 minuta"},"schema":{"@context":"https:\/\/schema.org","@graph":[{"@type":"Article","@id":"https:\/\/tuzlainfo.ba\/index.php\/bosna-i-hercegovina\/item\/167454-dom-naroda-fbih-odobren-nastavak-rada-termo-blokova-4-i-5-u-tuzli-i-kaknju\/#article","isPartOf":{"@id":"https:\/\/tuzlainfo.ba\/index.php\/bosna-i-hercegovina\/item\/167454-dom-naroda-fbih-odobren-nastavak-rada-termo-blokova-4-i-5-u-tuzli-i-kaknju\/"},"author":{"name":"nedim","@id":"https:\/\/tuzlainfo.ba\/#\/schema\/person\/f434e20dc27ea133923aab08451b7f7f"},"headline":"Dom naroda FBiH: Odobren nastavak rada termo blokova 4 i 5 u Tuzli i Kaknju","datePublished":"2022-03-24T20:37:26+00:00","dateModified":"2022-03-24T20:37:50+00:00","mainEntityOfPage":{"@id":"https:\/\/tuzlainfo.ba\/index.php\/bosna-i-hercegovina\/item\/167454-dom-naroda-fbih-odobren-nastavak-rada-termo-blokova-4-i-5-u-tuzli-i-kaknju\/"},"wordCount":246,"commentCount":0,"publisher":{"@id":"https:\/\/tuzlainfo.ba\/#organization"},"image":{"@id":"https:\/\/tuzlainfo.ba\/index.php\/bosna-i-hercegovina\/item\/167454-dom-naroda-fbih-odobren-nastavak-rada-termo-blokova-4-i-5-u-tuzli-i-kaknju\/#primaryimage"},"thumbnailUrl":"https:\/\/tuzlainfo.ba\/wp-content\/uploads\/2022\/01\/1901_termoelektrana_ugalj.jpg","keywords":["dom naroda parlamenta fbih","termoelektrana kakanj","termoelektrana tuzla"],"articleSection":["Bosna i Hercegovina","Istaknuto"],"inLanguage":"bs-BA"},{"@type":"WebPage","@id":"https:\/\/tuzlainfo.ba\/index.php\/bosna-i-hercegovina\/item\/167454-dom-naroda-fbih-odobren-nastavak-rada-termo-blokova-4-i-5-u-tuzli-i-kaknju\/","url":"https:\/\/tuzlainfo.ba\/index.php\/bosna-i-hercegovina\/item\/167454-dom-naroda-fbih-odobren-nastavak-rada-termo-blokova-4-i-5-u-tuzli-i-kaknju\/","name":"Dom naroda FBiH: Odobren nastavak rada termo blokova 4 i 5 u Tuzli i Kaknju - TuzlaInfo.ba","isPartOf":{"@id":"https:\/\/tuzlainfo.ba\/#website"},"primaryImageOfPage":{"@id":"https:\/\/tuzlainfo.ba\/index.php\/bosna-i-hercegovina\/item\/167454-dom-naroda-fbih-odobren-nastavak-rada-termo-blokova-4-i-5-u-tuzli-i-kaknju\/#primaryimage"},"image":{"@id":"https:\/\/tuzlainfo.ba\/index.php\/bosna-i-hercegovina\/item\/167454-dom-naroda-fbih-odobren-nastavak-rada-termo-blokova-4-i-5-u-tuzli-i-kaknju\/#primaryimage"},"thumbnailUrl":"https:\/\/tuzlainfo.ba\/wp-content\/uploads\/2022\/01\/1901_termoelektrana_ugalj.jpg","datePublished":"2022-03-24T20:37:26+00:00","dateModified":"2022-03-24T20:37:50+00:00","breadcrumb":{"@id":"https:\/\/tuzlainfo.ba\/index.php\/bosna-i-hercegovina\/item\/167454-dom-naroda-fbih-odobren-nastavak-rada-termo-blokova-4-i-5-u-tuzli-i-kaknju\/#breadcrumb"},"inLanguage":"bs-BA","potentialAction":[{"@type":"ReadAction","target":["https:\/\/tuzlainfo.ba\/index.php\/bosna-i-hercegovina\/item\/167454-dom-naroda-fbih-odobren-nastavak-rada-termo-blokova-4-i-5-u-tuzli-i-kaknju\/"]}]},{"@type":"ImageObject","inLanguage":"bs-BA","@id":"https:\/\/tuzlainfo.ba\/index.php\/bosna-i-hercegovina\/item\/167454-dom-naroda-fbih-odobren-nastavak-rada-termo-blokova-4-i-5-u-tuzli-i-kaknju\/#primaryimage","url":"https:\/\/tuzlainfo.ba\/wp-content\/uploads\/2022\/01\/1901_termoelektrana_ugalj.jpg","contentUrl":"https:\/\/tuzlainfo.ba\/wp-content\/uploads\/2022\/01\/1901_termoelektrana_ugalj.jpg","width":1200,"height":800,"caption":"Termoelektrana Tuzla \/ Foto: EP BiH"},{"@type":"BreadcrumbList","@id":"https:\/\/tuzlainfo.ba\/index.php\/bosna-i-hercegovina\/item\/167454-dom-naroda-fbih-odobren-nastavak-rada-termo-blokova-4-i-5-u-tuzli-i-kaknju\/#breadcrumb","itemListElement":[{"@type":"ListItem","position":1,"name":"Home","item":"https:\/\/tuzlainfo.ba\/"},{"@type":"ListItem","position":2,"name":"Dom naroda FBiH: Odobren nastavak rada termo blokova 4 i 5 u Tuzli i Kaknju"}]},{"@type":"WebSite","@id":"https:\/\/tuzlainfo.ba\/#website","url":"https:\/\/tuzlainfo.ba\/","name":"TuzlaInfo.ba","description":"Tuzla info, gradski informator - Tuzla na dlanu","publisher":{"@id":"https:\/\/tuzlainfo.ba\/#organization"},"potentialAction":[{"@type":"SearchAction","target":{"@type":"EntryPoint","urlTemplate":"https:\/\/tuzlainfo.ba\/?s={search_term_string}"},"query-input":{"@type":"PropertyValueSpecification","valueRequired":true,"valueName":"search_term_string"}}],"inLanguage":"bs-BA"},{"@type":"Organization","@id":"https:\/\/tuzlainfo.ba\/#organization","name":"TuzlaInfo.ba","url":"https:\/\/tuzlainfo.ba\/","logo":{"@type":"ImageObject","inLanguage":"bs-BA","@id":"https:\/\/tuzlainfo.ba\/#\/schema\/logo\/image\/","url":"https:\/\/tuzlainfo.ba\/wp-content\/uploads\/2021\/03\/logo-ver-3-1.png","contentUrl":"https:\/\/tuzlainfo.ba\/wp-content\/uploads\/2021\/03\/logo-ver-3-1.png","width":350,"height":95,"caption":"TuzlaInfo.ba"},"image":{"@id":"https:\/\/tuzlainfo.ba\/#\/schema\/logo\/image\/"},"sameAs":["https:\/\/www.facebook.com\/tuzlainfo.ba\/"]},{"@type":"Person","@id":"https:\/\/tuzlainfo.ba\/#\/schema\/person\/f434e20dc27ea133923aab08451b7f7f","name":"nedim","image":{"@type":"ImageObject","inLanguage":"bs-BA","@id":"https:\/\/tuzlainfo.ba\/#\/schema\/person\/image\/","url":"https:\/\/tuzlainfo.ba\/wp-content\/litespeed\/avatar\/aabad687af24844af817603ac1cbdc4f.jpg?ver=1776702173","contentUrl":"https:\/\/tuzlainfo.ba\/wp-content\/litespeed\/avatar\/aabad687af24844af817603ac1cbdc4f.jpg?ver=1776702173","caption":"nedim"},"description":"Tuzlainfo.ba pratite na dru\u0161tvenim mre\u017eama: Facebook, Instagram i Youtube. Svoje pri\u010de, upite i fotografije \u0161aljite na na\u0161u e-mail adresu."}]}},"_links":{"self":[{"href":"https:\/\/tuzlainfo.ba\/index.php\/wp-json\/wp\/v2\/posts\/167454"}],"collection":[{"href":"https:\/\/tuzlainfo.ba\/index.php\/wp-json\/wp\/v2\/posts"}],"about":[{"href":"https:\/\/tuzlainfo.ba\/index.php\/wp-json\/wp\/v2\/types\/post"}],"author":[{"embeddable":true,"href":"https:\/\/tuzlainfo.ba\/index.php\/wp-json\/wp\/v2\/users\/2"}],"replies":[{"embeddable":true,"href":"https:\/\/tuzlainfo.ba\/index.php\/wp-json\/wp\/v2\/comments?post=167454"}],"version-history":[{"count":0,"href":"https:\/\/tuzlainfo.ba\/index.php\/wp-json\/wp\/v2\/posts\/167454\/revisions"}],"wp:featuredmedia":[{"embeddable":true,"href":"https:\/\/tuzlainfo.ba\/index.php\/wp-json\/wp\/v2\/media\/161520"}],"wp:attachment":[{"href":"https:\/\/tuzlainfo.ba\/index.php\/wp-json\/wp\/v2\/media?parent=167454"}],"wp:term":[{"taxonomy":"category","embeddable":true,"href":"https:\/\/tuzlainfo.ba\/index.php\/wp-json\/wp\/v2\/categories?post=167454"},{"taxonomy":"post_tag","embeddable":true,"href":"https:\/\/tuzlainfo.ba\/index.php\/wp-json\/wp\/v2\/tags?post=167454"}],"curies":[{"name":"wp","href":"https:\/\/api.w.org\/{rel}","templated":true}]}}