{"id":167381,"date":"2022-03-24T08:47:35","date_gmt":"2022-03-24T07:47:35","guid":{"rendered":"https:\/\/tuzlainfo.ba\/?p=167381"},"modified":"2022-03-24T08:47:35","modified_gmt":"2022-03-24T07:47:35","slug":"porodica-preminule-porodilje-azre-i-njene-bebe-podijelila-cijeli-tok-dogadjaja-dva-sata-doktori-nisu-znali-da-joj-je-pukla-slezena","status":"publish","type":"post","link":"https:\/\/tuzlainfo.ba\/index.php\/bosna-i-hercegovina\/item\/167381-porodica-preminule-porodilje-azre-i-njene-bebe-podijelila-cijeli-tok-dogadjaja-dva-sata-doktori-nisu-znali-da-joj-je-pukla-slezena\/","title":{"rendered":"Porodica preminule porodilje Azre i njene bebe podijelila cijeli tok doga\u0111aja: &#8220;Dva sata doktori nisu znali da joj je pukla slezena&#8221;"},"content":{"rendered":"<div class=\"kvgmc6g5 cxmmr5t8 oygrvhab hcukyx3x c1et5uql ii04i59q\">\n<div dir=\"auto\">Nakon \u0161to je nedavno u Biha\u0107u preminula porodilja i njena beba, porodica 26-godi\u0161nje Azre Be\u0107irspahi\u0107 koja je na izuzetno te\u017eak na\u010din izgubila \u017eivotnu bitku je cijeli tok doga\u0111aja podijelila na FB stranici <a href=\"https:\/\/www.facebook.com\/Azra-mi-se-borimo-104091295579229\">Azra mi se borimo<\/a><\/div>\n<\/div>\n<div dir=\"auto\"><\/div>\n<div dir=\"auto\">Poruku porodice prenosimo u cjelosti:<\/div>\n<div class=\"kvgmc6g5 cxmmr5t8 oygrvhab hcukyx3x c1et5uql ii04i59q\">\n<div dir=\"auto\"><\/div>\n<div dir=\"auto\">&#8220;Shodno doga\u0111anjima u zadnjih nekoliko dana, kao odgovor na veliki interes javnosti, mi kao porodica bismo htjeli podijeliti nekoliko informacija o tome \u0161ta se zapravo doga\u0111alo te no\u0107i kad smo izgubili na\u0161u Azru i Merjem.<\/div>\n<\/div>\n<div class=\"cxmmr5t8 oygrvhab hcukyx3x c1et5uql o9v6fnle ii04i59q\">\n<div dir=\"auto\">Radi se o hronolo\u0161kom nizu doga\u0111aja i radnji, od samog momenta dolaska u bolnicu.<\/div>\n<div dir=\"auto\"><\/div>\n<\/div>\n<div class=\"cxmmr5t8 oygrvhab hcukyx3x c1et5uql o9v6fnle ii04i59q\">\n<div dir=\"auto\">Azra je dovezena u bolnicu kao zdrava trudnica, s urednom trudno\u0107om i zdravom bebom. Trudno\u0107u je cijelo vrijeme pratio njen doktor Bla\u017eevi\u0107. Nije bilo nikakvih komplikacija, termin je bio u srijedu, 16.03.2022<\/div>\n<\/div>\n<div class=\"cxmmr5t8 oygrvhab hcukyx3x c1et5uql o9v6fnle ii04i59q\">\n<div dir=\"auto\">Po dolasku u bolnicu, prima je njen doktor koji tu ve\u010der zavr\u0161ava smjenu i odlazi ku\u0107i. Smjenu preuzimaju doktori Elmer \u017duti\u0107 i Amir Ke\u010dalovi\u0107.<\/div>\n<div dir=\"auto\"><\/div>\n<\/div>\n<div class=\"cxmmr5t8 oygrvhab hcukyx3x c1et5uql o9v6fnle ii04i59q\">\n<div dir=\"auto\">U 18.21 h Azri je pukao vodenjak. Ima trudove, srednje jake. U narednih nekoliko sati trudovi se poja\u010davaju, sve djeluje u redu, bez komplikacija. Ne\u0161to prije pono\u0107i, Azra ima poja\u010dane trudove i odlazi u poro\u0111ajnu salu.<\/div>\n<\/div>\n<div class=\"cxmmr5t8 oygrvhab hcukyx3x c1et5uql o9v6fnle ii04i59q\">\n<div dir=\"auto\">U 00.16 h zapo\u010dinje poro\u0111aj. U otpusnom pismu je navedeno da trudnica slabije napinje i ne sura\u0111uje u porodu, zbog \u010dega se poro\u0111aj obavlja uz pomo\u0107 Vakuum ekstraktora. Stetoskopom se utvrde slabi i usporeni otkucaji bebinog srca, prebacuje se na odjel Neonatologije radi daljnjeg tretmana, gdje se radi reanimacija u trajanju od 40 minuta, bezuspje\u0161no na\u017ealost. Merjem umire u 01.15 h.<\/div>\n<div dir=\"auto\"><\/div>\n<\/div>\n<div class=\"cxmmr5t8 oygrvhab hcukyx3x c1et5uql o9v6fnle ii04i59q\">\n<div dir=\"auto\">U obdukcijskom nalazu je utvr\u0111eno da je uzrok smrti djeteta krvarenje nastalo puknu\u0107em slezene trudnice koje nitko nije primijetio, a koje je nastalo napinjanjem trudnice ili pritiskom na stomak, \u0161to tek treba biti utvr\u0111eno istra\u017enim radnjama. Ta\u010dno vrijeme puknu\u0107a slezene nije utvr\u0111eno, ali je pretpostavka patologa da se to desilo nekoliko minuta prije samog poro\u0111aja. I ovo je podatak koji bi trebao biti utvr\u0111en naknadnim vje\u0161ta\u010denjem.<\/div>\n<div dir=\"auto\"><\/div>\n<\/div>\n<div class=\"cxmmr5t8 oygrvhab hcukyx3x c1et5uql o9v6fnle ii04i59q\">\n<div dir=\"auto\">U 00.20 h pacijentica ne krvari vidljivo, ali navodi da osjeti slabost u grudnom ko\u0161u i omaglicu pred o\u010dima. Jo\u0161 uvijek nitko ne ustanovljava unutra\u0161nje krvarenje zbog puknu\u0107a slezene. Trudnici nije zavr\u0161eno tre\u0107e poro\u0111ajno doba, poku\u0161ava se poroditi posteljica, ali se zbog lo\u0161eg stanja trudnice to ne uspijeva. Trudnicu se uspava i pora\u0111a se posteljica.<\/div>\n<div dir=\"auto\"><\/div>\n<\/div>\n<div class=\"cxmmr5t8 oygrvhab hcukyx3x c1et5uql o9v6fnle ii04i59q\">\n<div dir=\"auto\">U 00.30 h tlak trudnice je 60\/30 mmHg, trudnica se ne oporavlja. Nitko jo\u0161 uvijek ne utvr\u0111uje unutra\u0161nje krvarenje zbog puknu\u0107a slezene, iako je izmjereni tlak itekako jasan indikator da je stanje trudnice kriti\u010dno i da gubi krv. Krvarenja reproduktivnih organa nije bilo.<\/div>\n<div dir=\"auto\"><\/div>\n<\/div>\n<div class=\"cxmmr5t8 oygrvhab hcukyx3x c1et5uql o9v6fnle ii04i59q\">\n<div dir=\"auto\">U 00.40 h trudnicu se opet \u0161alje u operacionu salu jer se stanje rapidno pogor\u0161ava. Tlak je i dalje 60\/30 mmHg. Uz nadoknadu krvi i krvnih derivata, te dvostruku inotropnu potporu ne uspije se dobiti ve\u0107a tenzija od 60\/30 mmHg. I dalje nitko ne utvr\u0111uje unutra\u0161nje krvarenje zbog puknu\u0107a slezene.<\/div>\n<\/div>\n<div class=\"cxmmr5t8 oygrvhab hcukyx3x c1et5uql o9v6fnle ii04i59q\">\n<div dir=\"auto\">U 01.37 h dolazi do zastoja srca. Trudnicu se reanimira. Stanje trudnice je jako te\u0161ko. Ni tada nitko ne uvr\u0111uje unutra\u0161nje krvarenje.<\/div>\n<div dir=\"auto\"><\/div>\n<\/div>\n<div class=\"cxmmr5t8 oygrvhab hcukyx3x c1et5uql o9v6fnle ii04i59q\">\n<div dir=\"auto\">Tko je i kada ustanovio da je do\u0161lo do napuknu\u0107a slazene jo\u0161 uvijek nije poznato. To su stvari koje trebaju utvrditi istra\u017eni organi. Ono \u0161to znamo je da je tek u 02.20 h do\u0161lo do operacije slezene, gdje je prilikom otvaranja trbu\u0161ne \u0161upljine na\u0111eno dosta svje\u017ee krvi u gornjem dijelu abdomena. Dvije litre je ispumpano, a sve uokolo je bilo uprskano krvlju. Krvi je bilo i na podu, prema rije\u010dima prisutnih.<\/div>\n<div dir=\"auto\"><\/div>\n<\/div>\n<div class=\"cxmmr5t8 oygrvhab hcukyx3x c1et5uql o9v6fnle ii04i59q\">\n<div dir=\"auto\">Puna 2 sata nakon izmjerenog tlaka od 60\/30 mmHg je bilo potrebno da se ustanovi da trudnica ima unutra\u0161nje krvarenje i da je neophodno operirati i zaustaviti krvarenje.<\/div>\n<div dir=\"auto\"><\/div>\n<\/div>\n<div class=\"cxmmr5t8 oygrvhab hcukyx3x c1et5uql o9v6fnle ii04i59q\">\n<div dir=\"auto\">Trudnica je i nakon operacije u te\u0161kom op\u0161tem stanju. U 04.50 h opet dolazi do sr\u010danog zastoja. Reanimira se ali se stanje ne popravlja. U 06.50 h jo\u0161 jedan sr\u010dani zastoj. Uprkos poduzetim mjerama reanimacije ne dobije se sr\u010dana aktivnost i na\u0161a Azra gubi bitku u 07.21 h, 17.03.2022<\/div>\n<div dir=\"auto\"><\/div>\n<\/div>\n<div class=\"cxmmr5t8 oygrvhab hcukyx3x c1et5uql o9v6fnle ii04i59q\">\n<div dir=\"auto\">Ovo su podaci iz otpusnog pisma, navedeni su hronolo\u0161ki i ne\u0161to malo manje detaljno nego je to u samom dokumentu, ali je navedeno sve bitno. Ono \u0161to na prvu upada u o\u010di je period od 2 sata nereagiranja, nepoduzimanja adekvatnih mjera i radnji na spa\u0161avanju Azrinog \u017eivota, a postojale su jasne indicije da Azra rapidno gubi krv. Ako nije bilo vanjskog i vidljivog krvarenja, valjda je netko trebao i bio du\u017ean znati \u0161ta se doga\u0111a. PUNA 2 SATA !<\/div>\n<div dir=\"auto\"><\/div>\n<\/div>\n<div class=\"cxmmr5t8 oygrvhab hcukyx3x c1et5uql o9v6fnle ii04i59q\">\n<div dir=\"auto\">To je bio period kad je Azra izgubila sve \u0161anse. To je vrijeme u kojem se trebalo ne\u0161to poduzeti, i vi\u0161e je nego jasno \u0161ta je to trebalo da se uradi. Za\u0161to nije? Neiskustvo, neznanje, nemar, nepa\u017enja\u2026? \u0160ta je od ovog u pitanju? Ne znamo. Utvrdi\u0107e Kantonalno Tu\u017eila\u0161tvo koje je izuzelo svu dokumentaciju i radi na slu\u010daju. Nadamo se pozitivnom ishodu i \u017eelimo pravdu za Azru i Merjem, koliko je god to mogu\u0107e u ovakvom slu\u010daju i u ovakvoj dr\u017eavi.<\/div>\n<div dir=\"auto\"><\/div>\n<\/div>\n<div class=\"cxmmr5t8 oygrvhab hcukyx3x c1et5uql o9v6fnle ii04i59q\">\n<div dir=\"auto\">Nije nam jasno, ako se ve\u0107 prati stanje i trudnice i bebe, te ako se vidjelo da gubimo bebu, za\u0161to se doktor nije odlu\u010dio za carski rez u tim momentima? Ili ako smo ve\u0107 izgubili bebu, \u0161ta se \u010dekalo dva sata prije nego se poduzelo ne\u0161to da se spasi Azru? Niti jedan od doktora s kojima smo razgovarali ovih dana nije ponudio odgovor na ovo pitanje. Niti jedan.<\/div>\n<\/div>\n<div class=\"cxmmr5t8 oygrvhab hcukyx3x c1et5uql o9v6fnle ii04i59q\">\n<div dir=\"auto\">Direktor Kantonalne bolnice Biha\u0107 u svom o\u010ditovanju o ovom slu\u010daju putem medija izjavljuje da su ljekari dali sve od sebe, da je osoblje sa \u010detiri odjela bilo uklju\u010deno u spa\u0161avanje \u017eivota majke i bebe. Mo\u017eda i jesu, ali prekasno. Reakcija je bila o\u010dito zaka\u0161njela. Gdje su bili i \u0161ta su radili u periodu ovih 2 sata? Nakon \u0161to je pre\u0111ena kriti\u010dna ta\u010dka i nakon \u0161to za Azru vi\u0161e nije bilo spasa, kasno je za uklju\u010divanje osoblja sa \u010detiri, ili sa stotinu i \u010detiri odjela\u2026<\/div>\n<div dir=\"auto\"><\/div>\n<\/div>\n<div class=\"cxmmr5t8 oygrvhab hcukyx3x c1et5uql o9v6fnle ii04i59q\">\n<div dir=\"auto\">U ponedjeljak, 21.03.2022, idemo u Kantonalnu bolnicu da podignemo otpusna pisma. Dobijemo otpusno pismo za Azru, na kojem pi\u0161e sve osim najva\u017enijeg podatka, a to je vrijeme po\u010detka operacije slezene. Nakon na\u0161eg neprihvatanja tako nepotpunog dokumenta, isti je ispravljen i upotpunjen informacijom koju smo tra\u017eili.<\/div>\n<\/div>\n<div class=\"cxmmr5t8 oygrvhab hcukyx3x c1et5uql o9v6fnle ii04i59q\">\n<div dir=\"auto\">Nakon toga idemo po otpusno pismo za Merjem, gdje nam slu\u017ebenica na \u0161alteru tra\u017ei uputnicu za Merjem. Da podsjetimo, Merjem je u bolnicu do\u0161la u stomaku svoje majke, i ne mo\u017ee imati nikakvu uputnicu. Slu\u017ebenica na \u0161alteru tra\u017ei da idemo u Bosanski Petrovac gdje je Azra bila prijavljena i da iz njihovog Doma Zdravlja donesemo uputnicu, a ako ne\u0107emo onda \u0107emo morati da platimo 300,00 KM zato \u0161to Merjem nema uputnicu. U nevjerici i \u0161oku slu\u0161amo \u0161ta nam bosansko-hercegova\u010dka birokracija govori. Platite nam za boravak u bolnici djeteta koje smo vam isporu\u010dili u kov\u010degu ako ne\u0107ete ispo\u0161tovati administrativne zavrzlame koje smo izmislili kako bi vas mogli plja\u010dkati i slati od grada do grada, od vrata do vrata, jer jedino tako mo\u017eemo opravdati postojanje radnih mjesta za ove ili one. Kao da ne postoji internet, kao da se bolni\u010dki sistem ne mo\u017ee uvezati kao u svakoj normalnoj dr\u017eavi, kao da se u situaciji u kojoj ste napravili svoj posao s ishodom koji je toliko tragi\u010dan da nikako ne mo\u017ee biti tragi\u010dniji ne mo\u017ee iskomunicirati izme\u0111u bolnica jedan obi\u010dni dokumenat, ve\u0107 se i nakon svega \u0161to se desilo treba stati na na\u0161u muku i tra\u017eiti 300 maraka??? Definicija svireposti, zar ne?<\/div>\n<div dir=\"auto\"><\/div>\n<\/div>\n<div class=\"cxmmr5t8 oygrvhab hcukyx3x c1et5uql o9v6fnle ii04i59q\">\n<div dir=\"auto\">Nakon intervencije s na\u0161e strane, i nakon \u0161to je doti\u010dna slu\u017ebenica kontaktirala nekog telefonskim putem, ipak smo dobili otpusno pismo za Merjem, ali uz napomenu da ipak kasnije donesemo uputnicu iz Doma Zdravlja Bosanski Petrovac, ina\u010de eto, morat \u0107emo platiti \u0161to smo uzeli svoju mrtvu bebu da je pokopamo, a nismo prije toga ispunili sve njihove uvjete, uslove, administrativne barijere, propise, pravila i tome sli\u010dno. Suludo da suludije ne mo\u017ee biti\u2026<\/div>\n<\/div>\n<div class=\"cxmmr5t8 oygrvhab hcukyx3x c1et5uql o9v6fnle ii04i59q\">\n<div dir=\"auto\">Ne mo\u017ee jedan \u010dovjek uzeti pravdu u svoje ruke, jer to nije rje\u0161enje. Niti mo\u017ee jedan \u010dovjek sam izmijeniti lo\u0161 sistem i napraviti ga boljim. To mo\u017eemo svi mi zajedno. Mi \u0107emo se do zadnjeg atoma snage boriti da istjeramo stvari na \u010distac za na\u0161u Azru i Merjem. Ali bismo htjeli da se nikad vi\u0161e ne dogodi ni\u0161ta ovako ru\u017eno, nikom i nikad. Odjel ginekologije u svakoj bolnici bi trebao biti mjesto radosti, mjesto novog \u017eivota i beskrajne sre\u0107e, a ne mjesto gdje se mora podmi\u0107ivati i ljekara i sestrice i svakog ostalog samo zato da bismo bili sigurni da \u0107emo dobiti na\u0161e supruge i djecu \u017eive i zdrave. To mora biti mjesto na kojem mu\u017eevi mogu biti prisutni dok njihove supruge donose novi \u017eivot na ovaj svijet, a ne mjesto do kojeg mu\u017e ne mo\u017ee ni do\u0107i, ve\u0107 mora da sjedi u neizvjesnosti i i\u0161\u010dekivanju \u0161ta \u0107e ga do\u010dekati kad mu se kona\u010dno, nakon stotinu bezuspje\u0161nih poziva na kontakt telefon bolnice, netko kona\u010dno javi da ga obavijesti i ka\u017ee da li mo\u017ee biti sretan ili treba da tra\u017ei pogrebno dru\u0161tvo, kao \u0161to je bilo u na\u0161em slu\u010daju.<\/div>\n<div dir=\"auto\"><\/div>\n<\/div>\n<div class=\"cxmmr5t8 oygrvhab hcukyx3x c1et5uql o9v6fnle ii04i59q\">\n<div dir=\"auto\">Azra i Merjem vi\u0161e nisu s nama. Ne znamo kakvu pravdu \u0107e nam ponuditi organi koji o tome odlu\u010duju. \u017delimo istinu, \u017eelimo da odgovara onaj tko je kriv, ako se krivnja poka\u017ee i doka\u017ee, a ona je u ovom slu\u010daju jasna. A vi\u0161e od toga \u017eelimo da se sve one trudnice koje su sada u bolnicama, koje \u0107e do\u0107i sutra ili nekad kasnije ne moraju bojati, \u017eelimo da budu sretne i na sigurnom, \u017eelimo da su njegovane i da ih se dr\u017ei kao kap vode na dlanu i da se prema njima odnosi i postupa na najljep\u0161i mogu\u0107i na\u010din, a ne da ih se kinji i nehumano postupa prema njima. Bilo \u010dije da su, bilo kakvog imovinskog stanja da su, one i njihove bebe moraju biti sigurne. Htjeli bismo da borba za Azru i Merjem ne bude borba samo za njih dvije, ve\u0107 i za sve ostale.<\/div>\n<div dir=\"auto\"><\/div>\n<\/div>\n<div class=\"cxmmr5t8 oygrvhab hcukyx3x c1et5uql o9v6fnle ii04i59q\">\n<div dir=\"auto\">Jedino zajedno mo\u017eemo popraviti stanje i izboriti se za \u017eivot dostojan \u010dovjeka. A odjel ginekologije u svakoj bolnici je definitivno mjesto gdje \u017eivot po\u010dinje. Ako se tamo za to ne izborimo, gdje \u0107emo? Ako se tamo ne izborimo, svi smo krivi. Svi podjednako&#8221; &#8211; poru\u010dila je porodica preminule Azre Be\u0107irspahi\u0107.<\/div>\n<\/div>\n","protected":false},"excerpt":{"rendered":"<p>Nakon \u0161to je nedavno u Biha\u0107u preminula porodilja i njena beba, porodica 26-godi\u0161nje Azre Be\u0107irspahi\u0107&hellip;<\/p>\n","protected":false},"author":4,"featured_media":167382,"comment_status":"open","ping_status":"closed","sticky":false,"template":"","format":"standard","meta":{"_acf_changed":false,"footnotes":""},"categories":[291],"tags":[4433,4432],"acf":[],"yoast_head":"<!-- This site is optimized with the Yoast SEO plugin v23.5 - https:\/\/yoast.com\/wordpress\/plugins\/seo\/ -->\n<title>Porodica preminule porodilje Azre i njene bebe podijelila cijeli tok doga\u0111aja: &quot;Dva sata doktori nisu znali da joj je pukla slezena&quot; - TuzlaInfo.ba<\/title>\n<meta name=\"robots\" content=\"index, follow, max-snippet:-1, max-image-preview:large, max-video-preview:-1\" \/>\n<link rel=\"canonical\" href=\"https:\/\/tuzlainfo.ba\/index.php\/bosna-i-hercegovina\/item\/167381-porodica-preminule-porodilje-azre-i-njene-bebe-podijelila-cijeli-tok-dogadjaja-dva-sata-doktori-nisu-znali-da-joj-je-pukla-slezena\/\" \/>\n<meta property=\"og:locale\" content=\"bs_BA\" \/>\n<meta property=\"og:type\" content=\"article\" \/>\n<meta property=\"og:title\" content=\"Porodica preminule porodilje Azre i njene bebe podijelila cijeli tok doga\u0111aja: &quot;Dva sata doktori nisu znali da joj je pukla slezena&quot; - TuzlaInfo.ba\" \/>\n<meta property=\"og:description\" content=\"Nakon \u0161to je nedavno u Biha\u0107u preminula porodilja i njena beba, porodica 26-godi\u0161nje Azre Be\u0107irspahi\u0107&hellip;\" \/>\n<meta property=\"og:url\" content=\"https:\/\/tuzlainfo.ba\/index.php\/bosna-i-hercegovina\/item\/167381-porodica-preminule-porodilje-azre-i-njene-bebe-podijelila-cijeli-tok-dogadjaja-dva-sata-doktori-nisu-znali-da-joj-je-pukla-slezena\/\" \/>\n<meta property=\"og:site_name\" content=\"TuzlaInfo.ba\" \/>\n<meta property=\"article:publisher\" content=\"https:\/\/www.facebook.com\/tuzlainfo.ba\/\" \/>\n<meta property=\"article:published_time\" content=\"2022-03-24T07:47:35+00:00\" \/>\n<meta property=\"og:image\" content=\"https:\/\/tuzlainfo.ba\/wp-content\/uploads\/2022\/03\/azra_becirspahic.jpg\" \/>\n\t<meta property=\"og:image:width\" content=\"871\" \/>\n\t<meta property=\"og:image:height\" content=\"540\" \/>\n\t<meta property=\"og:image:type\" content=\"image\/jpeg\" \/>\n<meta name=\"author\" content=\"Tuzla Info\" \/>\n<meta name=\"twitter:card\" content=\"summary_large_image\" \/>\n<meta name=\"twitter:label1\" content=\"Written by\" \/>\n\t<meta name=\"twitter:data1\" content=\"Tuzla Info\" \/>\n\t<meta name=\"twitter:label2\" content=\"Est. reading time\" \/>\n\t<meta name=\"twitter:data2\" content=\"9 minuta\" \/>\n<script type=\"application\/ld+json\" class=\"yoast-schema-graph\">{\"@context\":\"https:\/\/schema.org\",\"@graph\":[{\"@type\":\"Article\",\"@id\":\"https:\/\/tuzlainfo.ba\/index.php\/bosna-i-hercegovina\/item\/167381-porodica-preminule-porodilje-azre-i-njene-bebe-podijelila-cijeli-tok-dogadjaja-dva-sata-doktori-nisu-znali-da-joj-je-pukla-slezena\/#article\",\"isPartOf\":{\"@id\":\"https:\/\/tuzlainfo.ba\/index.php\/bosna-i-hercegovina\/item\/167381-porodica-preminule-porodilje-azre-i-njene-bebe-podijelila-cijeli-tok-dogadjaja-dva-sata-doktori-nisu-znali-da-joj-je-pukla-slezena\/\"},\"author\":{\"name\":\"Tuzla Info\",\"@id\":\"https:\/\/tuzlainfo.ba\/#\/schema\/person\/46cad4c57790cbc50781edd14870825a\"},\"headline\":\"Porodica preminule porodilje Azre i njene bebe podijelila cijeli tok doga\u0111aja: &#8220;Dva sata doktori nisu znali da joj je pukla slezena&#8221;\",\"datePublished\":\"2022-03-24T07:47:35+00:00\",\"dateModified\":\"2022-03-24T07:47:35+00:00\",\"mainEntityOfPage\":{\"@id\":\"https:\/\/tuzlainfo.ba\/index.php\/bosna-i-hercegovina\/item\/167381-porodica-preminule-porodilje-azre-i-njene-bebe-podijelila-cijeli-tok-dogadjaja-dva-sata-doktori-nisu-znali-da-joj-je-pukla-slezena\/\"},\"wordCount\":1821,\"commentCount\":0,\"publisher\":{\"@id\":\"https:\/\/tuzlainfo.ba\/#organization\"},\"image\":{\"@id\":\"https:\/\/tuzlainfo.ba\/index.php\/bosna-i-hercegovina\/item\/167381-porodica-preminule-porodilje-azre-i-njene-bebe-podijelila-cijeli-tok-dogadjaja-dva-sata-doktori-nisu-znali-da-joj-je-pukla-slezena\/#primaryimage\"},\"thumbnailUrl\":\"https:\/\/tuzlainfo.ba\/wp-content\/uploads\/2022\/03\/azra_becirspahic.jpg\",\"keywords\":[\"porodilja\",\"smrt\"],\"articleSection\":[\"Bosna i Hercegovina\"],\"inLanguage\":\"bs-BA\"},{\"@type\":\"WebPage\",\"@id\":\"https:\/\/tuzlainfo.ba\/index.php\/bosna-i-hercegovina\/item\/167381-porodica-preminule-porodilje-azre-i-njene-bebe-podijelila-cijeli-tok-dogadjaja-dva-sata-doktori-nisu-znali-da-joj-je-pukla-slezena\/\",\"url\":\"https:\/\/tuzlainfo.ba\/index.php\/bosna-i-hercegovina\/item\/167381-porodica-preminule-porodilje-azre-i-njene-bebe-podijelila-cijeli-tok-dogadjaja-dva-sata-doktori-nisu-znali-da-joj-je-pukla-slezena\/\",\"name\":\"Porodica preminule porodilje Azre i njene bebe podijelila cijeli tok doga\u0111aja: \\\"Dva sata doktori nisu znali da joj je pukla slezena\\\" - TuzlaInfo.ba\",\"isPartOf\":{\"@id\":\"https:\/\/tuzlainfo.ba\/#website\"},\"primaryImageOfPage\":{\"@id\":\"https:\/\/tuzlainfo.ba\/index.php\/bosna-i-hercegovina\/item\/167381-porodica-preminule-porodilje-azre-i-njene-bebe-podijelila-cijeli-tok-dogadjaja-dva-sata-doktori-nisu-znali-da-joj-je-pukla-slezena\/#primaryimage\"},\"image\":{\"@id\":\"https:\/\/tuzlainfo.ba\/index.php\/bosna-i-hercegovina\/item\/167381-porodica-preminule-porodilje-azre-i-njene-bebe-podijelila-cijeli-tok-dogadjaja-dva-sata-doktori-nisu-znali-da-joj-je-pukla-slezena\/#primaryimage\"},\"thumbnailUrl\":\"https:\/\/tuzlainfo.ba\/wp-content\/uploads\/2022\/03\/azra_becirspahic.jpg\",\"datePublished\":\"2022-03-24T07:47:35+00:00\",\"dateModified\":\"2022-03-24T07:47:35+00:00\",\"breadcrumb\":{\"@id\":\"https:\/\/tuzlainfo.ba\/index.php\/bosna-i-hercegovina\/item\/167381-porodica-preminule-porodilje-azre-i-njene-bebe-podijelila-cijeli-tok-dogadjaja-dva-sata-doktori-nisu-znali-da-joj-je-pukla-slezena\/#breadcrumb\"},\"inLanguage\":\"bs-BA\",\"potentialAction\":[{\"@type\":\"ReadAction\",\"target\":[\"https:\/\/tuzlainfo.ba\/index.php\/bosna-i-hercegovina\/item\/167381-porodica-preminule-porodilje-azre-i-njene-bebe-podijelila-cijeli-tok-dogadjaja-dva-sata-doktori-nisu-znali-da-joj-je-pukla-slezena\/\"]}]},{\"@type\":\"ImageObject\",\"inLanguage\":\"bs-BA\",\"@id\":\"https:\/\/tuzlainfo.ba\/index.php\/bosna-i-hercegovina\/item\/167381-porodica-preminule-porodilje-azre-i-njene-bebe-podijelila-cijeli-tok-dogadjaja-dva-sata-doktori-nisu-znali-da-joj-je-pukla-slezena\/#primaryimage\",\"url\":\"https:\/\/tuzlainfo.ba\/wp-content\/uploads\/2022\/03\/azra_becirspahic.jpg\",\"contentUrl\":\"https:\/\/tuzlainfo.ba\/wp-content\/uploads\/2022\/03\/azra_becirspahic.jpg\",\"width\":871,\"height\":540},{\"@type\":\"BreadcrumbList\",\"@id\":\"https:\/\/tuzlainfo.ba\/index.php\/bosna-i-hercegovina\/item\/167381-porodica-preminule-porodilje-azre-i-njene-bebe-podijelila-cijeli-tok-dogadjaja-dva-sata-doktori-nisu-znali-da-joj-je-pukla-slezena\/#breadcrumb\",\"itemListElement\":[{\"@type\":\"ListItem\",\"position\":1,\"name\":\"Home\",\"item\":\"https:\/\/tuzlainfo.ba\/\"},{\"@type\":\"ListItem\",\"position\":2,\"name\":\"Porodica preminule porodilje Azre i njene bebe podijelila cijeli tok doga\u0111aja: &#8220;Dva sata doktori nisu znali da joj je pukla slezena&#8221;\"}]},{\"@type\":\"WebSite\",\"@id\":\"https:\/\/tuzlainfo.ba\/#website\",\"url\":\"https:\/\/tuzlainfo.ba\/\",\"name\":\"TuzlaInfo.ba\",\"description\":\"Tuzla info, gradski informator - Tuzla na dlanu\",\"publisher\":{\"@id\":\"https:\/\/tuzlainfo.ba\/#organization\"},\"potentialAction\":[{\"@type\":\"SearchAction\",\"target\":{\"@type\":\"EntryPoint\",\"urlTemplate\":\"https:\/\/tuzlainfo.ba\/?s={search_term_string}\"},\"query-input\":{\"@type\":\"PropertyValueSpecification\",\"valueRequired\":true,\"valueName\":\"search_term_string\"}}],\"inLanguage\":\"bs-BA\"},{\"@type\":\"Organization\",\"@id\":\"https:\/\/tuzlainfo.ba\/#organization\",\"name\":\"TuzlaInfo.ba\",\"url\":\"https:\/\/tuzlainfo.ba\/\",\"logo\":{\"@type\":\"ImageObject\",\"inLanguage\":\"bs-BA\",\"@id\":\"https:\/\/tuzlainfo.ba\/#\/schema\/logo\/image\/\",\"url\":\"https:\/\/tuzlainfo.ba\/wp-content\/uploads\/2021\/03\/logo-ver-3-1.png\",\"contentUrl\":\"https:\/\/tuzlainfo.ba\/wp-content\/uploads\/2021\/03\/logo-ver-3-1.png\",\"width\":350,\"height\":95,\"caption\":\"TuzlaInfo.ba\"},\"image\":{\"@id\":\"https:\/\/tuzlainfo.ba\/#\/schema\/logo\/image\/\"},\"sameAs\":[\"https:\/\/www.facebook.com\/tuzlainfo.ba\/\"]},{\"@type\":\"Person\",\"@id\":\"https:\/\/tuzlainfo.ba\/#\/schema\/person\/46cad4c57790cbc50781edd14870825a\",\"name\":\"Tuzla Info\",\"image\":{\"@type\":\"ImageObject\",\"inLanguage\":\"bs-BA\",\"@id\":\"https:\/\/tuzlainfo.ba\/#\/schema\/person\/image\/\",\"url\":\"https:\/\/tuzlainfo.ba\/wp-content\/litespeed\/avatar\/b6c453a6c38e3654f2e4416c643fc25c.jpg?ver=1777051911\",\"contentUrl\":\"https:\/\/tuzlainfo.ba\/wp-content\/litespeed\/avatar\/b6c453a6c38e3654f2e4416c643fc25c.jpg?ver=1777051911\",\"caption\":\"Tuzla Info\"}}]}<\/script>\n<!-- \/ Yoast SEO plugin. -->","yoast_head_json":{"title":"Porodica preminule porodilje Azre i njene bebe podijelila cijeli tok doga\u0111aja: \"Dva sata doktori nisu znali da joj je pukla slezena\" - TuzlaInfo.ba","robots":{"index":"index","follow":"follow","max-snippet":"max-snippet:-1","max-image-preview":"max-image-preview:large","max-video-preview":"max-video-preview:-1"},"canonical":"https:\/\/tuzlainfo.ba\/index.php\/bosna-i-hercegovina\/item\/167381-porodica-preminule-porodilje-azre-i-njene-bebe-podijelila-cijeli-tok-dogadjaja-dva-sata-doktori-nisu-znali-da-joj-je-pukla-slezena\/","og_locale":"bs_BA","og_type":"article","og_title":"Porodica preminule porodilje Azre i njene bebe podijelila cijeli tok doga\u0111aja: \"Dva sata doktori nisu znali da joj je pukla slezena\" - TuzlaInfo.ba","og_description":"Nakon \u0161to je nedavno u Biha\u0107u preminula porodilja i njena beba, porodica 26-godi\u0161nje Azre Be\u0107irspahi\u0107&hellip;","og_url":"https:\/\/tuzlainfo.ba\/index.php\/bosna-i-hercegovina\/item\/167381-porodica-preminule-porodilje-azre-i-njene-bebe-podijelila-cijeli-tok-dogadjaja-dva-sata-doktori-nisu-znali-da-joj-je-pukla-slezena\/","og_site_name":"TuzlaInfo.ba","article_publisher":"https:\/\/www.facebook.com\/tuzlainfo.ba\/","article_published_time":"2022-03-24T07:47:35+00:00","og_image":[{"width":871,"height":540,"url":"https:\/\/tuzlainfo.ba\/wp-content\/uploads\/2022\/03\/azra_becirspahic.jpg","type":"image\/jpeg"}],"author":"Tuzla Info","twitter_card":"summary_large_image","twitter_misc":{"Written by":"Tuzla Info","Est. reading time":"9 minuta"},"schema":{"@context":"https:\/\/schema.org","@graph":[{"@type":"Article","@id":"https:\/\/tuzlainfo.ba\/index.php\/bosna-i-hercegovina\/item\/167381-porodica-preminule-porodilje-azre-i-njene-bebe-podijelila-cijeli-tok-dogadjaja-dva-sata-doktori-nisu-znali-da-joj-je-pukla-slezena\/#article","isPartOf":{"@id":"https:\/\/tuzlainfo.ba\/index.php\/bosna-i-hercegovina\/item\/167381-porodica-preminule-porodilje-azre-i-njene-bebe-podijelila-cijeli-tok-dogadjaja-dva-sata-doktori-nisu-znali-da-joj-je-pukla-slezena\/"},"author":{"name":"Tuzla Info","@id":"https:\/\/tuzlainfo.ba\/#\/schema\/person\/46cad4c57790cbc50781edd14870825a"},"headline":"Porodica preminule porodilje Azre i njene bebe podijelila cijeli tok doga\u0111aja: &#8220;Dva sata doktori nisu znali da joj je pukla slezena&#8221;","datePublished":"2022-03-24T07:47:35+00:00","dateModified":"2022-03-24T07:47:35+00:00","mainEntityOfPage":{"@id":"https:\/\/tuzlainfo.ba\/index.php\/bosna-i-hercegovina\/item\/167381-porodica-preminule-porodilje-azre-i-njene-bebe-podijelila-cijeli-tok-dogadjaja-dva-sata-doktori-nisu-znali-da-joj-je-pukla-slezena\/"},"wordCount":1821,"commentCount":0,"publisher":{"@id":"https:\/\/tuzlainfo.ba\/#organization"},"image":{"@id":"https:\/\/tuzlainfo.ba\/index.php\/bosna-i-hercegovina\/item\/167381-porodica-preminule-porodilje-azre-i-njene-bebe-podijelila-cijeli-tok-dogadjaja-dva-sata-doktori-nisu-znali-da-joj-je-pukla-slezena\/#primaryimage"},"thumbnailUrl":"https:\/\/tuzlainfo.ba\/wp-content\/uploads\/2022\/03\/azra_becirspahic.jpg","keywords":["porodilja","smrt"],"articleSection":["Bosna i Hercegovina"],"inLanguage":"bs-BA"},{"@type":"WebPage","@id":"https:\/\/tuzlainfo.ba\/index.php\/bosna-i-hercegovina\/item\/167381-porodica-preminule-porodilje-azre-i-njene-bebe-podijelila-cijeli-tok-dogadjaja-dva-sata-doktori-nisu-znali-da-joj-je-pukla-slezena\/","url":"https:\/\/tuzlainfo.ba\/index.php\/bosna-i-hercegovina\/item\/167381-porodica-preminule-porodilje-azre-i-njene-bebe-podijelila-cijeli-tok-dogadjaja-dva-sata-doktori-nisu-znali-da-joj-je-pukla-slezena\/","name":"Porodica preminule porodilje Azre i njene bebe podijelila cijeli tok doga\u0111aja: \"Dva sata doktori nisu znali da joj je pukla slezena\" - TuzlaInfo.ba","isPartOf":{"@id":"https:\/\/tuzlainfo.ba\/#website"},"primaryImageOfPage":{"@id":"https:\/\/tuzlainfo.ba\/index.php\/bosna-i-hercegovina\/item\/167381-porodica-preminule-porodilje-azre-i-njene-bebe-podijelila-cijeli-tok-dogadjaja-dva-sata-doktori-nisu-znali-da-joj-je-pukla-slezena\/#primaryimage"},"image":{"@id":"https:\/\/tuzlainfo.ba\/index.php\/bosna-i-hercegovina\/item\/167381-porodica-preminule-porodilje-azre-i-njene-bebe-podijelila-cijeli-tok-dogadjaja-dva-sata-doktori-nisu-znali-da-joj-je-pukla-slezena\/#primaryimage"},"thumbnailUrl":"https:\/\/tuzlainfo.ba\/wp-content\/uploads\/2022\/03\/azra_becirspahic.jpg","datePublished":"2022-03-24T07:47:35+00:00","dateModified":"2022-03-24T07:47:35+00:00","breadcrumb":{"@id":"https:\/\/tuzlainfo.ba\/index.php\/bosna-i-hercegovina\/item\/167381-porodica-preminule-porodilje-azre-i-njene-bebe-podijelila-cijeli-tok-dogadjaja-dva-sata-doktori-nisu-znali-da-joj-je-pukla-slezena\/#breadcrumb"},"inLanguage":"bs-BA","potentialAction":[{"@type":"ReadAction","target":["https:\/\/tuzlainfo.ba\/index.php\/bosna-i-hercegovina\/item\/167381-porodica-preminule-porodilje-azre-i-njene-bebe-podijelila-cijeli-tok-dogadjaja-dva-sata-doktori-nisu-znali-da-joj-je-pukla-slezena\/"]}]},{"@type":"ImageObject","inLanguage":"bs-BA","@id":"https:\/\/tuzlainfo.ba\/index.php\/bosna-i-hercegovina\/item\/167381-porodica-preminule-porodilje-azre-i-njene-bebe-podijelila-cijeli-tok-dogadjaja-dva-sata-doktori-nisu-znali-da-joj-je-pukla-slezena\/#primaryimage","url":"https:\/\/tuzlainfo.ba\/wp-content\/uploads\/2022\/03\/azra_becirspahic.jpg","contentUrl":"https:\/\/tuzlainfo.ba\/wp-content\/uploads\/2022\/03\/azra_becirspahic.jpg","width":871,"height":540},{"@type":"BreadcrumbList","@id":"https:\/\/tuzlainfo.ba\/index.php\/bosna-i-hercegovina\/item\/167381-porodica-preminule-porodilje-azre-i-njene-bebe-podijelila-cijeli-tok-dogadjaja-dva-sata-doktori-nisu-znali-da-joj-je-pukla-slezena\/#breadcrumb","itemListElement":[{"@type":"ListItem","position":1,"name":"Home","item":"https:\/\/tuzlainfo.ba\/"},{"@type":"ListItem","position":2,"name":"Porodica preminule porodilje Azre i njene bebe podijelila cijeli tok doga\u0111aja: &#8220;Dva sata doktori nisu znali da joj je pukla slezena&#8221;"}]},{"@type":"WebSite","@id":"https:\/\/tuzlainfo.ba\/#website","url":"https:\/\/tuzlainfo.ba\/","name":"TuzlaInfo.ba","description":"Tuzla info, gradski informator - Tuzla na dlanu","publisher":{"@id":"https:\/\/tuzlainfo.ba\/#organization"},"potentialAction":[{"@type":"SearchAction","target":{"@type":"EntryPoint","urlTemplate":"https:\/\/tuzlainfo.ba\/?s={search_term_string}"},"query-input":{"@type":"PropertyValueSpecification","valueRequired":true,"valueName":"search_term_string"}}],"inLanguage":"bs-BA"},{"@type":"Organization","@id":"https:\/\/tuzlainfo.ba\/#organization","name":"TuzlaInfo.ba","url":"https:\/\/tuzlainfo.ba\/","logo":{"@type":"ImageObject","inLanguage":"bs-BA","@id":"https:\/\/tuzlainfo.ba\/#\/schema\/logo\/image\/","url":"https:\/\/tuzlainfo.ba\/wp-content\/uploads\/2021\/03\/logo-ver-3-1.png","contentUrl":"https:\/\/tuzlainfo.ba\/wp-content\/uploads\/2021\/03\/logo-ver-3-1.png","width":350,"height":95,"caption":"TuzlaInfo.ba"},"image":{"@id":"https:\/\/tuzlainfo.ba\/#\/schema\/logo\/image\/"},"sameAs":["https:\/\/www.facebook.com\/tuzlainfo.ba\/"]},{"@type":"Person","@id":"https:\/\/tuzlainfo.ba\/#\/schema\/person\/46cad4c57790cbc50781edd14870825a","name":"Tuzla Info","image":{"@type":"ImageObject","inLanguage":"bs-BA","@id":"https:\/\/tuzlainfo.ba\/#\/schema\/person\/image\/","url":"https:\/\/tuzlainfo.ba\/wp-content\/litespeed\/avatar\/b6c453a6c38e3654f2e4416c643fc25c.jpg?ver=1777051911","contentUrl":"https:\/\/tuzlainfo.ba\/wp-content\/litespeed\/avatar\/b6c453a6c38e3654f2e4416c643fc25c.jpg?ver=1777051911","caption":"Tuzla Info"}}]}},"_links":{"self":[{"href":"https:\/\/tuzlainfo.ba\/index.php\/wp-json\/wp\/v2\/posts\/167381"}],"collection":[{"href":"https:\/\/tuzlainfo.ba\/index.php\/wp-json\/wp\/v2\/posts"}],"about":[{"href":"https:\/\/tuzlainfo.ba\/index.php\/wp-json\/wp\/v2\/types\/post"}],"author":[{"embeddable":true,"href":"https:\/\/tuzlainfo.ba\/index.php\/wp-json\/wp\/v2\/users\/4"}],"replies":[{"embeddable":true,"href":"https:\/\/tuzlainfo.ba\/index.php\/wp-json\/wp\/v2\/comments?post=167381"}],"version-history":[{"count":0,"href":"https:\/\/tuzlainfo.ba\/index.php\/wp-json\/wp\/v2\/posts\/167381\/revisions"}],"wp:featuredmedia":[{"embeddable":true,"href":"https:\/\/tuzlainfo.ba\/index.php\/wp-json\/wp\/v2\/media\/167382"}],"wp:attachment":[{"href":"https:\/\/tuzlainfo.ba\/index.php\/wp-json\/wp\/v2\/media?parent=167381"}],"wp:term":[{"taxonomy":"category","embeddable":true,"href":"https:\/\/tuzlainfo.ba\/index.php\/wp-json\/wp\/v2\/categories?post=167381"},{"taxonomy":"post_tag","embeddable":true,"href":"https:\/\/tuzlainfo.ba\/index.php\/wp-json\/wp\/v2\/tags?post=167381"}],"curies":[{"name":"wp","href":"https:\/\/api.w.org\/{rel}","templated":true}]}}