{"id":167212,"date":"2022-03-22T16:16:40","date_gmt":"2022-03-22T15:16:40","guid":{"rendered":"https:\/\/tuzlainfo.ba\/?p=167212"},"modified":"2022-03-22T16:16:40","modified_gmt":"2022-03-22T15:16:40","slug":"sarovic-sankcije-priziva-sam-dodik-sebi-svojim-ponasanjem","status":"publish","type":"post","link":"https:\/\/tuzlainfo.ba\/index.php\/bosna-i-hercegovina\/item\/167212-sarovic-sankcije-priziva-sam-dodik-sebi-svojim-ponasanjem\/","title":{"rendered":"\u0160arovi\u0107: Sankcije priziva sam Dodik sebi svojim pona\u0161anjem"},"content":{"rendered":"<p>Predsjednik Srpske demokratske stranke\u00a0Mirko \u0160arovi\u0107 izjavio je danas da je Milorad Dodik sinonim za prizivanje sankcija drugima.<\/p>\n<p>&#8211; On sad poku\u0161ava da opere svoju pro\u0161lost u sankcionisanju i ru\u0161enju Srpske demokratske stranke prije dvadeset godina. Dosad je jedino Milorad Dodik od stranaca tra\u017eio sankcije za Nikolu Popla\u0161ena i za Mirka \u0160arovi\u0107a &#8211; istakao je \u0160arovi\u0107.<\/p>\n<p>Naveo je da treba pogledati Dodikove izjave zadnjih dana.<\/p>\n<p>&#8211; \u010covjek je patologija, to nije zdrav razum! Imate stenograme sa sjednica prije dvadeset godina na kojima je od stranaca tra\u017eio da sankcioni\u0161u Srpsku demokratsku stranku. On je na krilima te prevare, uz pomo\u0107 stranaca slomio Srpsku demokratsku stranku i tako do\u0161ao na vlast &#8211; poru\u010dio je \u0160arovi\u0107.<\/p>\n<p>Dodao je da opozicija ne priziva sankcije Miloradu Dodiku i da te sankcije priziva sam Dodik sebi svojim pona\u0161anjem.<\/p>\n<p>&#8211; Na\u0111ite gdje smo mi ikada tra\u017eili ili spominjali sankcije. Sankcije ne podr\u017eavamo zato \u0161to smo ih mi iskusili. Dodik la\u017eima \u017eeli da nametne tezu da je SDS dobio 3,5 miliona KM 2018. godine. Ali ja mu ka\u017eem da ako ima neka saznanja to prijavi i dostavi Tu\u017eila\u0161tvu neke dokaze &#8211; naglasio je \u0160arovi\u0107.<\/p>\n<p>Predsjednik SDS ka\u017ee da 2018. koju Dodik spominje u svojim optu\u017ebama, on uop\u0161te nije bio predsjednik SDS-a, niti je boravio u Gradi\u0161ci, a Dodika je pozvao da \u0107e sve svoje la\u017ei morati da objasni na sudu.<\/p>\n<p>Govore\u0107i o izborima \u0160arovi\u0107 je poru\u010dio da nema vi\u0161e nikakvog prostora za dogovaranje oko izbornog zakona.<\/p>\n<p>Smatra da \u0107e predsjednik HDZ-a BiH Dragan \u010covi\u0107 u\u010diniti sve da izbora ne bude, a da predsjednik SDA Bakir Izetbegovi\u0107 ne \u017eeli da rizikuje i ustupcima prema HDZ-u ustukne pred svojim bira\u010dima pred izbore i time bude progla\u0161en izdajnikom i gubitnikom na op\u0161tim izborima.<\/p>\n<p>&#8211; SDS smatra da je postoje\u0107i izborni zakon lo\u0161, nekvalitetan, nedovr\u0161en i nereformski koji omogu\u0107ava zloupotrebe izborne volje gra\u0111ana. Potrebno je da agoniju sa vlasti u BiH prekinemo i da prije svega mi, iz drugih partija koje su mimo aktuelne vlasti, gra\u0111anima ponudimo alternativu &#8211; zaklju\u010dio je \u0160arovi\u0107, saop\u0107eno je iz SDS-a.<\/p>\n","protected":false},"excerpt":{"rendered":"<p>Predsjednik Srpske demokratske stranke\u00a0Mirko \u0160arovi\u0107 izjavio je danas da je Milorad Dodik sinonim za prizivanje&hellip;<\/p>\n","protected":false},"author":4,"featured_media":86806,"comment_status":"open","ping_status":"closed","sticky":false,"template":"","format":"standard","meta":{"_acf_changed":false,"footnotes":""},"categories":[291],"tags":[535,1847,3007],"acf":[],"yoast_head":"<!-- This site is optimized with the Yoast SEO plugin v23.5 - https:\/\/yoast.com\/wordpress\/plugins\/seo\/ -->\n<title>\u0160arovi\u0107: Sankcije priziva sam Dodik sebi svojim pona\u0161anjem - TuzlaInfo.ba<\/title>\n<meta name=\"robots\" content=\"index, follow, max-snippet:-1, max-image-preview:large, max-video-preview:-1\" \/>\n<link rel=\"canonical\" href=\"https:\/\/tuzlainfo.ba\/index.php\/bosna-i-hercegovina\/item\/167212-sarovic-sankcije-priziva-sam-dodik-sebi-svojim-ponasanjem\/\" \/>\n<meta property=\"og:locale\" content=\"bs_BA\" \/>\n<meta property=\"og:type\" content=\"article\" \/>\n<meta property=\"og:title\" content=\"\u0160arovi\u0107: Sankcije priziva sam Dodik sebi svojim pona\u0161anjem - TuzlaInfo.ba\" \/>\n<meta property=\"og:description\" content=\"Predsjednik Srpske demokratske stranke\u00a0Mirko \u0160arovi\u0107 izjavio je danas da je Milorad Dodik sinonim za prizivanje&hellip;\" \/>\n<meta property=\"og:url\" content=\"https:\/\/tuzlainfo.ba\/index.php\/bosna-i-hercegovina\/item\/167212-sarovic-sankcije-priziva-sam-dodik-sebi-svojim-ponasanjem\/\" \/>\n<meta property=\"og:site_name\" content=\"TuzlaInfo.ba\" \/>\n<meta property=\"article:publisher\" content=\"https:\/\/www.facebook.com\/tuzlainfo.ba\/\" \/>\n<meta property=\"article:published_time\" content=\"2022-03-22T15:16:40+00:00\" \/>\n<meta property=\"og:image\" content=\"https:\/\/tuzlainfo.ba\/wp-content\/uploads\/2021\/02\/sadrzaj_2021_20210201_2402_sarovic_dodik.jpg\" \/>\n\t<meta property=\"og:image:width\" content=\"770\" \/>\n\t<meta property=\"og:image:height\" content=\"533\" \/>\n\t<meta property=\"og:image:type\" content=\"image\/jpeg\" \/>\n<meta name=\"author\" content=\"Tuzla Info\" \/>\n<meta name=\"twitter:card\" content=\"summary_large_image\" \/>\n<meta name=\"twitter:label1\" content=\"Written by\" \/>\n\t<meta name=\"twitter:data1\" content=\"Tuzla Info\" \/>\n\t<meta name=\"twitter:label2\" content=\"Est. reading time\" \/>\n\t<meta name=\"twitter:data2\" content=\"2 minute\" \/>\n<script type=\"application\/ld+json\" class=\"yoast-schema-graph\">{\"@context\":\"https:\/\/schema.org\",\"@graph\":[{\"@type\":\"Article\",\"@id\":\"https:\/\/tuzlainfo.ba\/index.php\/bosna-i-hercegovina\/item\/167212-sarovic-sankcije-priziva-sam-dodik-sebi-svojim-ponasanjem\/#article\",\"isPartOf\":{\"@id\":\"https:\/\/tuzlainfo.ba\/index.php\/bosna-i-hercegovina\/item\/167212-sarovic-sankcije-priziva-sam-dodik-sebi-svojim-ponasanjem\/\"},\"author\":{\"name\":\"Tuzla Info\",\"@id\":\"https:\/\/tuzlainfo.ba\/#\/schema\/person\/46cad4c57790cbc50781edd14870825a\"},\"headline\":\"\u0160arovi\u0107: Sankcije priziva sam Dodik sebi svojim pona\u0161anjem\",\"datePublished\":\"2022-03-22T15:16:40+00:00\",\"dateModified\":\"2022-03-22T15:16:40+00:00\",\"mainEntityOfPage\":{\"@id\":\"https:\/\/tuzlainfo.ba\/index.php\/bosna-i-hercegovina\/item\/167212-sarovic-sankcije-priziva-sam-dodik-sebi-svojim-ponasanjem\/\"},\"wordCount\":377,\"commentCount\":0,\"publisher\":{\"@id\":\"https:\/\/tuzlainfo.ba\/#organization\"},\"image\":{\"@id\":\"https:\/\/tuzlainfo.ba\/index.php\/bosna-i-hercegovina\/item\/167212-sarovic-sankcije-priziva-sam-dodik-sebi-svojim-ponasanjem\/#primaryimage\"},\"thumbnailUrl\":\"https:\/\/tuzlainfo.ba\/wp-content\/uploads\/2021\/02\/sadrzaj_2021_20210201_2402_sarovic_dodik.jpg\",\"keywords\":[\"milorad dodik\",\"mirko \u0161arovi\u0107\",\"SDS\"],\"articleSection\":[\"Bosna i Hercegovina\"],\"inLanguage\":\"bs-BA\"},{\"@type\":\"WebPage\",\"@id\":\"https:\/\/tuzlainfo.ba\/index.php\/bosna-i-hercegovina\/item\/167212-sarovic-sankcije-priziva-sam-dodik-sebi-svojim-ponasanjem\/\",\"url\":\"https:\/\/tuzlainfo.ba\/index.php\/bosna-i-hercegovina\/item\/167212-sarovic-sankcije-priziva-sam-dodik-sebi-svojim-ponasanjem\/\",\"name\":\"\u0160arovi\u0107: Sankcije priziva sam Dodik sebi svojim pona\u0161anjem - TuzlaInfo.ba\",\"isPartOf\":{\"@id\":\"https:\/\/tuzlainfo.ba\/#website\"},\"primaryImageOfPage\":{\"@id\":\"https:\/\/tuzlainfo.ba\/index.php\/bosna-i-hercegovina\/item\/167212-sarovic-sankcije-priziva-sam-dodik-sebi-svojim-ponasanjem\/#primaryimage\"},\"image\":{\"@id\":\"https:\/\/tuzlainfo.ba\/index.php\/bosna-i-hercegovina\/item\/167212-sarovic-sankcije-priziva-sam-dodik-sebi-svojim-ponasanjem\/#primaryimage\"},\"thumbnailUrl\":\"https:\/\/tuzlainfo.ba\/wp-content\/uploads\/2021\/02\/sadrzaj_2021_20210201_2402_sarovic_dodik.jpg\",\"datePublished\":\"2022-03-22T15:16:40+00:00\",\"dateModified\":\"2022-03-22T15:16:40+00:00\",\"breadcrumb\":{\"@id\":\"https:\/\/tuzlainfo.ba\/index.php\/bosna-i-hercegovina\/item\/167212-sarovic-sankcije-priziva-sam-dodik-sebi-svojim-ponasanjem\/#breadcrumb\"},\"inLanguage\":\"bs-BA\",\"potentialAction\":[{\"@type\":\"ReadAction\",\"target\":[\"https:\/\/tuzlainfo.ba\/index.php\/bosna-i-hercegovina\/item\/167212-sarovic-sankcije-priziva-sam-dodik-sebi-svojim-ponasanjem\/\"]}]},{\"@type\":\"ImageObject\",\"inLanguage\":\"bs-BA\",\"@id\":\"https:\/\/tuzlainfo.ba\/index.php\/bosna-i-hercegovina\/item\/167212-sarovic-sankcije-priziva-sam-dodik-sebi-svojim-ponasanjem\/#primaryimage\",\"url\":\"https:\/\/tuzlainfo.ba\/wp-content\/uploads\/2021\/02\/sadrzaj_2021_20210201_2402_sarovic_dodik.jpg\",\"contentUrl\":\"https:\/\/tuzlainfo.ba\/wp-content\/uploads\/2021\/02\/sadrzaj_2021_20210201_2402_sarovic_dodik.jpg\",\"width\":770,\"height\":533,\"caption\":\"2402 sarovic dodik\"},{\"@type\":\"BreadcrumbList\",\"@id\":\"https:\/\/tuzlainfo.ba\/index.php\/bosna-i-hercegovina\/item\/167212-sarovic-sankcije-priziva-sam-dodik-sebi-svojim-ponasanjem\/#breadcrumb\",\"itemListElement\":[{\"@type\":\"ListItem\",\"position\":1,\"name\":\"Home\",\"item\":\"https:\/\/tuzlainfo.ba\/\"},{\"@type\":\"ListItem\",\"position\":2,\"name\":\"\u0160arovi\u0107: Sankcije priziva sam Dodik sebi svojim pona\u0161anjem\"}]},{\"@type\":\"WebSite\",\"@id\":\"https:\/\/tuzlainfo.ba\/#website\",\"url\":\"https:\/\/tuzlainfo.ba\/\",\"name\":\"TuzlaInfo.ba\",\"description\":\"Tuzla info, gradski informator - Tuzla na dlanu\",\"publisher\":{\"@id\":\"https:\/\/tuzlainfo.ba\/#organization\"},\"potentialAction\":[{\"@type\":\"SearchAction\",\"target\":{\"@type\":\"EntryPoint\",\"urlTemplate\":\"https:\/\/tuzlainfo.ba\/?s={search_term_string}\"},\"query-input\":{\"@type\":\"PropertyValueSpecification\",\"valueRequired\":true,\"valueName\":\"search_term_string\"}}],\"inLanguage\":\"bs-BA\"},{\"@type\":\"Organization\",\"@id\":\"https:\/\/tuzlainfo.ba\/#organization\",\"name\":\"TuzlaInfo.ba\",\"url\":\"https:\/\/tuzlainfo.ba\/\",\"logo\":{\"@type\":\"ImageObject\",\"inLanguage\":\"bs-BA\",\"@id\":\"https:\/\/tuzlainfo.ba\/#\/schema\/logo\/image\/\",\"url\":\"https:\/\/tuzlainfo.ba\/wp-content\/uploads\/2021\/03\/logo-ver-3-1.png\",\"contentUrl\":\"https:\/\/tuzlainfo.ba\/wp-content\/uploads\/2021\/03\/logo-ver-3-1.png\",\"width\":350,\"height\":95,\"caption\":\"TuzlaInfo.ba\"},\"image\":{\"@id\":\"https:\/\/tuzlainfo.ba\/#\/schema\/logo\/image\/\"},\"sameAs\":[\"https:\/\/www.facebook.com\/tuzlainfo.ba\/\"]},{\"@type\":\"Person\",\"@id\":\"https:\/\/tuzlainfo.ba\/#\/schema\/person\/46cad4c57790cbc50781edd14870825a\",\"name\":\"Tuzla Info\",\"image\":{\"@type\":\"ImageObject\",\"inLanguage\":\"bs-BA\",\"@id\":\"https:\/\/tuzlainfo.ba\/#\/schema\/person\/image\/\",\"url\":\"https:\/\/tuzlainfo.ba\/wp-content\/litespeed\/avatar\/b6c453a6c38e3654f2e4416c643fc25c.jpg?ver=1777051911\",\"contentUrl\":\"https:\/\/tuzlainfo.ba\/wp-content\/litespeed\/avatar\/b6c453a6c38e3654f2e4416c643fc25c.jpg?ver=1777051911\",\"caption\":\"Tuzla Info\"}}]}<\/script>\n<!-- \/ Yoast SEO plugin. -->","yoast_head_json":{"title":"\u0160arovi\u0107: Sankcije priziva sam Dodik sebi svojim pona\u0161anjem - TuzlaInfo.ba","robots":{"index":"index","follow":"follow","max-snippet":"max-snippet:-1","max-image-preview":"max-image-preview:large","max-video-preview":"max-video-preview:-1"},"canonical":"https:\/\/tuzlainfo.ba\/index.php\/bosna-i-hercegovina\/item\/167212-sarovic-sankcije-priziva-sam-dodik-sebi-svojim-ponasanjem\/","og_locale":"bs_BA","og_type":"article","og_title":"\u0160arovi\u0107: Sankcije priziva sam Dodik sebi svojim pona\u0161anjem - TuzlaInfo.ba","og_description":"Predsjednik Srpske demokratske stranke\u00a0Mirko \u0160arovi\u0107 izjavio je danas da je Milorad Dodik sinonim za prizivanje&hellip;","og_url":"https:\/\/tuzlainfo.ba\/index.php\/bosna-i-hercegovina\/item\/167212-sarovic-sankcije-priziva-sam-dodik-sebi-svojim-ponasanjem\/","og_site_name":"TuzlaInfo.ba","article_publisher":"https:\/\/www.facebook.com\/tuzlainfo.ba\/","article_published_time":"2022-03-22T15:16:40+00:00","og_image":[{"width":770,"height":533,"url":"https:\/\/tuzlainfo.ba\/wp-content\/uploads\/2021\/02\/sadrzaj_2021_20210201_2402_sarovic_dodik.jpg","type":"image\/jpeg"}],"author":"Tuzla Info","twitter_card":"summary_large_image","twitter_misc":{"Written by":"Tuzla Info","Est. reading time":"2 minute"},"schema":{"@context":"https:\/\/schema.org","@graph":[{"@type":"Article","@id":"https:\/\/tuzlainfo.ba\/index.php\/bosna-i-hercegovina\/item\/167212-sarovic-sankcije-priziva-sam-dodik-sebi-svojim-ponasanjem\/#article","isPartOf":{"@id":"https:\/\/tuzlainfo.ba\/index.php\/bosna-i-hercegovina\/item\/167212-sarovic-sankcije-priziva-sam-dodik-sebi-svojim-ponasanjem\/"},"author":{"name":"Tuzla Info","@id":"https:\/\/tuzlainfo.ba\/#\/schema\/person\/46cad4c57790cbc50781edd14870825a"},"headline":"\u0160arovi\u0107: Sankcije priziva sam Dodik sebi svojim pona\u0161anjem","datePublished":"2022-03-22T15:16:40+00:00","dateModified":"2022-03-22T15:16:40+00:00","mainEntityOfPage":{"@id":"https:\/\/tuzlainfo.ba\/index.php\/bosna-i-hercegovina\/item\/167212-sarovic-sankcije-priziva-sam-dodik-sebi-svojim-ponasanjem\/"},"wordCount":377,"commentCount":0,"publisher":{"@id":"https:\/\/tuzlainfo.ba\/#organization"},"image":{"@id":"https:\/\/tuzlainfo.ba\/index.php\/bosna-i-hercegovina\/item\/167212-sarovic-sankcije-priziva-sam-dodik-sebi-svojim-ponasanjem\/#primaryimage"},"thumbnailUrl":"https:\/\/tuzlainfo.ba\/wp-content\/uploads\/2021\/02\/sadrzaj_2021_20210201_2402_sarovic_dodik.jpg","keywords":["milorad dodik","mirko \u0161arovi\u0107","SDS"],"articleSection":["Bosna i Hercegovina"],"inLanguage":"bs-BA"},{"@type":"WebPage","@id":"https:\/\/tuzlainfo.ba\/index.php\/bosna-i-hercegovina\/item\/167212-sarovic-sankcije-priziva-sam-dodik-sebi-svojim-ponasanjem\/","url":"https:\/\/tuzlainfo.ba\/index.php\/bosna-i-hercegovina\/item\/167212-sarovic-sankcije-priziva-sam-dodik-sebi-svojim-ponasanjem\/","name":"\u0160arovi\u0107: Sankcije priziva sam Dodik sebi svojim pona\u0161anjem - TuzlaInfo.ba","isPartOf":{"@id":"https:\/\/tuzlainfo.ba\/#website"},"primaryImageOfPage":{"@id":"https:\/\/tuzlainfo.ba\/index.php\/bosna-i-hercegovina\/item\/167212-sarovic-sankcije-priziva-sam-dodik-sebi-svojim-ponasanjem\/#primaryimage"},"image":{"@id":"https:\/\/tuzlainfo.ba\/index.php\/bosna-i-hercegovina\/item\/167212-sarovic-sankcije-priziva-sam-dodik-sebi-svojim-ponasanjem\/#primaryimage"},"thumbnailUrl":"https:\/\/tuzlainfo.ba\/wp-content\/uploads\/2021\/02\/sadrzaj_2021_20210201_2402_sarovic_dodik.jpg","datePublished":"2022-03-22T15:16:40+00:00","dateModified":"2022-03-22T15:16:40+00:00","breadcrumb":{"@id":"https:\/\/tuzlainfo.ba\/index.php\/bosna-i-hercegovina\/item\/167212-sarovic-sankcije-priziva-sam-dodik-sebi-svojim-ponasanjem\/#breadcrumb"},"inLanguage":"bs-BA","potentialAction":[{"@type":"ReadAction","target":["https:\/\/tuzlainfo.ba\/index.php\/bosna-i-hercegovina\/item\/167212-sarovic-sankcije-priziva-sam-dodik-sebi-svojim-ponasanjem\/"]}]},{"@type":"ImageObject","inLanguage":"bs-BA","@id":"https:\/\/tuzlainfo.ba\/index.php\/bosna-i-hercegovina\/item\/167212-sarovic-sankcije-priziva-sam-dodik-sebi-svojim-ponasanjem\/#primaryimage","url":"https:\/\/tuzlainfo.ba\/wp-content\/uploads\/2021\/02\/sadrzaj_2021_20210201_2402_sarovic_dodik.jpg","contentUrl":"https:\/\/tuzlainfo.ba\/wp-content\/uploads\/2021\/02\/sadrzaj_2021_20210201_2402_sarovic_dodik.jpg","width":770,"height":533,"caption":"2402 sarovic dodik"},{"@type":"BreadcrumbList","@id":"https:\/\/tuzlainfo.ba\/index.php\/bosna-i-hercegovina\/item\/167212-sarovic-sankcije-priziva-sam-dodik-sebi-svojim-ponasanjem\/#breadcrumb","itemListElement":[{"@type":"ListItem","position":1,"name":"Home","item":"https:\/\/tuzlainfo.ba\/"},{"@type":"ListItem","position":2,"name":"\u0160arovi\u0107: Sankcije priziva sam Dodik sebi svojim pona\u0161anjem"}]},{"@type":"WebSite","@id":"https:\/\/tuzlainfo.ba\/#website","url":"https:\/\/tuzlainfo.ba\/","name":"TuzlaInfo.ba","description":"Tuzla info, gradski informator - Tuzla na dlanu","publisher":{"@id":"https:\/\/tuzlainfo.ba\/#organization"},"potentialAction":[{"@type":"SearchAction","target":{"@type":"EntryPoint","urlTemplate":"https:\/\/tuzlainfo.ba\/?s={search_term_string}"},"query-input":{"@type":"PropertyValueSpecification","valueRequired":true,"valueName":"search_term_string"}}],"inLanguage":"bs-BA"},{"@type":"Organization","@id":"https:\/\/tuzlainfo.ba\/#organization","name":"TuzlaInfo.ba","url":"https:\/\/tuzlainfo.ba\/","logo":{"@type":"ImageObject","inLanguage":"bs-BA","@id":"https:\/\/tuzlainfo.ba\/#\/schema\/logo\/image\/","url":"https:\/\/tuzlainfo.ba\/wp-content\/uploads\/2021\/03\/logo-ver-3-1.png","contentUrl":"https:\/\/tuzlainfo.ba\/wp-content\/uploads\/2021\/03\/logo-ver-3-1.png","width":350,"height":95,"caption":"TuzlaInfo.ba"},"image":{"@id":"https:\/\/tuzlainfo.ba\/#\/schema\/logo\/image\/"},"sameAs":["https:\/\/www.facebook.com\/tuzlainfo.ba\/"]},{"@type":"Person","@id":"https:\/\/tuzlainfo.ba\/#\/schema\/person\/46cad4c57790cbc50781edd14870825a","name":"Tuzla Info","image":{"@type":"ImageObject","inLanguage":"bs-BA","@id":"https:\/\/tuzlainfo.ba\/#\/schema\/person\/image\/","url":"https:\/\/tuzlainfo.ba\/wp-content\/litespeed\/avatar\/b6c453a6c38e3654f2e4416c643fc25c.jpg?ver=1777051911","contentUrl":"https:\/\/tuzlainfo.ba\/wp-content\/litespeed\/avatar\/b6c453a6c38e3654f2e4416c643fc25c.jpg?ver=1777051911","caption":"Tuzla Info"}}]}},"_links":{"self":[{"href":"https:\/\/tuzlainfo.ba\/index.php\/wp-json\/wp\/v2\/posts\/167212"}],"collection":[{"href":"https:\/\/tuzlainfo.ba\/index.php\/wp-json\/wp\/v2\/posts"}],"about":[{"href":"https:\/\/tuzlainfo.ba\/index.php\/wp-json\/wp\/v2\/types\/post"}],"author":[{"embeddable":true,"href":"https:\/\/tuzlainfo.ba\/index.php\/wp-json\/wp\/v2\/users\/4"}],"replies":[{"embeddable":true,"href":"https:\/\/tuzlainfo.ba\/index.php\/wp-json\/wp\/v2\/comments?post=167212"}],"version-history":[{"count":0,"href":"https:\/\/tuzlainfo.ba\/index.php\/wp-json\/wp\/v2\/posts\/167212\/revisions"}],"wp:featuredmedia":[{"embeddable":true,"href":"https:\/\/tuzlainfo.ba\/index.php\/wp-json\/wp\/v2\/media\/86806"}],"wp:attachment":[{"href":"https:\/\/tuzlainfo.ba\/index.php\/wp-json\/wp\/v2\/media?parent=167212"}],"wp:term":[{"taxonomy":"category","embeddable":true,"href":"https:\/\/tuzlainfo.ba\/index.php\/wp-json\/wp\/v2\/categories?post=167212"},{"taxonomy":"post_tag","embeddable":true,"href":"https:\/\/tuzlainfo.ba\/index.php\/wp-json\/wp\/v2\/tags?post=167212"}],"curies":[{"name":"wp","href":"https:\/\/api.w.org\/{rel}","templated":true}]}}