{"id":166749,"date":"2022-03-17T10:00:02","date_gmt":"2022-03-17T09:00:02","guid":{"rendered":"https:\/\/tuzlainfo.ba\/?p=166749"},"modified":"2022-03-16T21:16:19","modified_gmt":"2022-03-16T20:16:19","slug":"tuzla-pakistanac-shaban-ali-asghar-studentima-odrzao-uvodni-cas-kriketa","status":"publish","type":"post","link":"https:\/\/tuzlainfo.ba\/index.php\/novosti\/item\/166749-tuzla-pakistanac-shaban-ali-asghar-studentima-odrzao-uvodni-cas-kriketa\/","title":{"rendered":"Tuzla: Pakistanac Shaban Ali Asghar studentima odr\u017eao uvodni \u010das kriketa"},"content":{"rendered":"<p>Ljudi u pokretu mogu doprinijeti lokalnoj zajednici na mnoge na\u010dine.<\/p>\n<p>Pakistanac Shaban Ali Asghar, kulturalni medijator u Centru za pru\u017eanje usluga u zajednici &#8220;Pu\u017e&#8221; ju\u010der je odr\u017eao uvodni \u010das kriketa za studente tre\u0107e i \u010detvrte godine Fakultet za tjelesni odgoj i sport Tuzla Univerziteta u Tuzli.<\/p>\n<p>&#8211; Studenti su bili jako zainteresirani i postavljali mnogo pitanja o ovom sportu s kojim nisu mnogo upoznati. S druge strane, ovo je bila prilika da se podsjetim na stvari koje sam ostavio iza sebe. Mene podsje\u0107a na prve utakmice kriketa koje sam gledao s ocem, na prvo bacanje koje me brat u\u010dio, na moje prijatelje i moj Pakistan. Kod nas je kriket jako popularn spot, kazao je Shaban Ali Asghar za Tuzlainfo.ba.<\/p>\n<div id='gallery-1' class='gallery galleryid-166749 gallery-columns-4 gallery-size-thumbnail'><figure class='gallery-item'>\n\t\t\t<div class='gallery-icon landscape'>\n\t\t\t\t<a href='https:\/\/tuzlainfo.ba\/index.php\/novosti\/item\/166749-tuzla-pakistanac-shaban-ali-asghar-studentima-odrzao-uvodni-cas-kriketa\/attachment\/1703_kriket\/'><img decoding=\"async\" width=\"150\" height=\"150\" src=\"https:\/\/tuzlainfo.ba\/wp-content\/uploads\/2022\/03\/1703_Kriket-150x150.jpg\" class=\"attachment-thumbnail size-thumbnail\" alt=\"\" srcset=\"https:\/\/tuzlainfo.ba\/wp-content\/uploads\/2022\/03\/1703_Kriket-150x150.jpg 150w, https:\/\/tuzlainfo.ba\/wp-content\/uploads\/2022\/03\/1703_Kriket-585x585.jpg 585w, https:\/\/tuzlainfo.ba\/wp-content\/uploads\/2022\/03\/1703_Kriket-45x45.jpg 45w\" sizes=\"(max-width: 150px) 100vw, 150px\" \/><\/a>\n\t\t\t<\/div><\/figure><figure class='gallery-item'>\n\t\t\t<div class='gallery-icon landscape'>\n\t\t\t\t<a href='https:\/\/tuzlainfo.ba\/index.php\/novosti\/item\/166749-tuzla-pakistanac-shaban-ali-asghar-studentima-odrzao-uvodni-cas-kriketa\/attachment\/ali2\/'><img decoding=\"async\" width=\"150\" height=\"150\" src=\"https:\/\/tuzlainfo.ba\/wp-content\/uploads\/2022\/03\/ali2-150x150.jpg\" class=\"attachment-thumbnail size-thumbnail\" alt=\"\" srcset=\"https:\/\/tuzlainfo.ba\/wp-content\/uploads\/2022\/03\/ali2-150x150.jpg 150w, https:\/\/tuzlainfo.ba\/wp-content\/uploads\/2022\/03\/ali2-585x585.jpg 585w, https:\/\/tuzlainfo.ba\/wp-content\/uploads\/2022\/03\/ali2-45x45.jpg 45w\" sizes=\"(max-width: 150px) 100vw, 150px\" \/><\/a>\n\t\t\t<\/div><\/figure><figure class='gallery-item'>\n\t\t\t<div class='gallery-icon landscape'>\n\t\t\t\t<a href='https:\/\/tuzlainfo.ba\/index.php\/novosti\/item\/166749-tuzla-pakistanac-shaban-ali-asghar-studentima-odrzao-uvodni-cas-kriketa\/attachment\/ali3\/'><img decoding=\"async\" width=\"150\" height=\"150\" src=\"https:\/\/tuzlainfo.ba\/wp-content\/uploads\/2022\/03\/ali3-150x150.jpg\" class=\"attachment-thumbnail size-thumbnail\" alt=\"\" srcset=\"https:\/\/tuzlainfo.ba\/wp-content\/uploads\/2022\/03\/ali3-150x150.jpg 150w, https:\/\/tuzlainfo.ba\/wp-content\/uploads\/2022\/03\/ali3-585x585.jpg 585w, https:\/\/tuzlainfo.ba\/wp-content\/uploads\/2022\/03\/ali3-45x45.jpg 45w\" sizes=\"(max-width: 150px) 100vw, 150px\" \/><\/a>\n\t\t\t<\/div><\/figure><figure class='gallery-item'>\n\t\t\t<div class='gallery-icon landscape'>\n\t\t\t\t<a href='https:\/\/tuzlainfo.ba\/index.php\/novosti\/item\/166749-tuzla-pakistanac-shaban-ali-asghar-studentima-odrzao-uvodni-cas-kriketa\/attachment\/ali4\/'><img loading=\"lazy\" decoding=\"async\" width=\"150\" height=\"150\" src=\"https:\/\/tuzlainfo.ba\/wp-content\/uploads\/2022\/03\/ali4-150x150.jpg\" class=\"attachment-thumbnail size-thumbnail\" alt=\"\" srcset=\"https:\/\/tuzlainfo.ba\/wp-content\/uploads\/2022\/03\/ali4-150x150.jpg 150w, https:\/\/tuzlainfo.ba\/wp-content\/uploads\/2022\/03\/ali4-585x585.jpg 585w, https:\/\/tuzlainfo.ba\/wp-content\/uploads\/2022\/03\/ali4-45x45.jpg 45w\" sizes=\"(max-width: 150px) 100vw, 150px\" \/><\/a>\n\t\t\t<\/div><\/figure>\n\t\t<\/div>\n\n<p>Dogovoren je nastavak saradnje svake srijede u ovom semestru gdje \u0107e tra\u017eitelji azila i migranti podu\u010davati studente kriket i razbijati predrasude o ljudima u pokretu u na\u0161oj zajednici. <strong>\/S. P.\/<\/strong><\/p>\n","protected":false},"excerpt":{"rendered":"<p>Ljudi u pokretu mogu doprinijeti lokalnoj zajednici na mnoge na\u010dine. Pakistanac Shaban Ali Asghar, kulturalni medijator u Centru za pru\u017eanje usluga u zajednici &#8220;Pu\u017e&#8221; ju\u010der je odr\u017eao uvodni \u010das kriketa za studente tre\u0107e i \u010detvrte godine Fakultet za tjelesni odgoj i sport Tuzla Univerziteta u Tuzli. &#8211; Studenti su bili jako zainteresirani i postavljali mnogo [&hellip;]<\/p>\n","protected":false},"author":2,"featured_media":166751,"comment_status":"open","ping_status":"closed","sticky":false,"template":"","format":"standard","meta":{"footnotes":""},"categories":[304,12],"tags":[4391,1667,915],"class_list":["post-166749","post","type-post","status-publish","format-standard","has-post-thumbnail","hentry","category-istaknuto","category-novosti","tag-fakultet-za-sport","tag-kriket","tag-sport"],"yoast_head":"<!-- This site is optimized with the Yoast SEO plugin v28.4 - https:\/\/yoast.com\/product\/yoast-seo-wordpress\/ -->\n<title>Tuzla: Pakistanac Shaban Ali Asghar studentima odr\u017eao uvodni \u010das kriketa<\/title>\n<meta name=\"robots\" content=\"index, follow, max-snippet:-1, max-image-preview:large, max-video-preview:-1\" \/>\n<link rel=\"canonical\" href=\"https:\/\/tuzlainfo.ba\/index.php\/novosti\/item\/166749-tuzla-pakistanac-shaban-ali-asghar-studentima-odrzao-uvodni-cas-kriketa\/\" \/>\n<meta property=\"og:locale\" content=\"bs_BA\" \/>\n<meta property=\"og:type\" content=\"article\" \/>\n<meta property=\"og:title\" content=\"Tuzla: Pakistanac Shaban Ali Asghar studentima odr\u017eao uvodni \u010das kriketa\" \/>\n<meta property=\"og:description\" content=\"Ljudi u pokretu mogu doprinijeti lokalnoj zajednici na mnoge na\u010dine. Pakistanac Shaban Ali Asghar, kulturalni medijator u Centru za pru\u017eanje usluga u zajednici &#8220;Pu\u017e&#8221; ju\u010der je odr\u017eao uvodni \u010das kriketa za studente tre\u0107e i \u010detvrte godine Fakultet za tjelesni odgoj i sport Tuzla Univerziteta u Tuzli. &#8211; Studenti su bili jako zainteresirani i postavljali mnogo [&hellip;]\" \/>\n<meta property=\"og:url\" content=\"https:\/\/tuzlainfo.ba\/index.php\/novosti\/item\/166749-tuzla-pakistanac-shaban-ali-asghar-studentima-odrzao-uvodni-cas-kriketa\/\" \/>\n<meta property=\"og:site_name\" content=\"TuzlaInfo.ba\" \/>\n<meta property=\"article:publisher\" content=\"https:\/\/www.facebook.com\/tuzlainfo.ba\/\" \/>\n<meta property=\"article:published_time\" content=\"2022-03-17T09:00:02+00:00\" \/>\n<meta property=\"og:image\" content=\"https:\/\/tuzlainfo.ba\/wp-content\/uploads\/2022\/03\/ali4.jpg\" \/>\n\t<meta property=\"og:image:width\" content=\"931\" \/>\n\t<meta property=\"og:image:height\" content=\"700\" \/>\n\t<meta property=\"og:image:type\" content=\"image\/jpeg\" \/>\n<meta name=\"author\" content=\"nedim\" \/>\n<meta name=\"twitter:card\" content=\"summary_large_image\" \/>\n<meta name=\"twitter:label1\" content=\"Written by\" \/>\n\t<meta name=\"twitter:data1\" content=\"nedim\" \/>\n\t<meta name=\"twitter:label2\" content=\"Est. reading time\" \/>\n\t<meta name=\"twitter:data2\" content=\"1 minuta\" \/>\n<script type=\"application\/ld+json\" class=\"yoast-schema-graph\">{\"@context\":\"https:\\\/\\\/schema.org\",\"@graph\":[{\"@type\":\"Article\",\"@id\":\"https:\\\/\\\/tuzlainfo.ba\\\/index.php\\\/novosti\\\/item\\\/166749-tuzla-pakistanac-shaban-ali-asghar-studentima-odrzao-uvodni-cas-kriketa\\\/#article\",\"isPartOf\":{\"@id\":\"https:\\\/\\\/tuzlainfo.ba\\\/index.php\\\/novosti\\\/item\\\/166749-tuzla-pakistanac-shaban-ali-asghar-studentima-odrzao-uvodni-cas-kriketa\\\/\"},\"author\":{\"name\":\"nedim\",\"@id\":\"https:\\\/\\\/tuzlainfo.ba\\\/#\\\/schema\\\/person\\\/f434e20dc27ea133923aab08451b7f7f\"},\"headline\":\"Tuzla: Pakistanac Shaban Ali Asghar studentima odr\u017eao uvodni \u010das kriketa\",\"datePublished\":\"2022-03-17T09:00:02+00:00\",\"mainEntityOfPage\":{\"@id\":\"https:\\\/\\\/tuzlainfo.ba\\\/index.php\\\/novosti\\\/item\\\/166749-tuzla-pakistanac-shaban-ali-asghar-studentima-odrzao-uvodni-cas-kriketa\\\/\"},\"wordCount\":176,\"commentCount\":0,\"publisher\":{\"@id\":\"https:\\\/\\\/tuzlainfo.ba\\\/#organization\"},\"image\":{\"@id\":\"https:\\\/\\\/tuzlainfo.ba\\\/index.php\\\/novosti\\\/item\\\/166749-tuzla-pakistanac-shaban-ali-asghar-studentima-odrzao-uvodni-cas-kriketa\\\/#primaryimage\"},\"thumbnailUrl\":\"https:\\\/\\\/tuzlainfo.ba\\\/wp-content\\\/uploads\\\/2022\\\/03\\\/ali4.jpg\",\"keywords\":[\"fakultet za sport\",\"kriket\",\"sport\"],\"articleSection\":[\"Istaknuto\",\"Novosti\"],\"inLanguage\":\"bs-BA\",\"copyrightYear\":\"2022\",\"copyrightHolder\":{\"@id\":\"https:\\\/\\\/tuzlainfo.ba\\\/#organization\"}},{\"@type\":\"WebPage\",\"@id\":\"https:\\\/\\\/tuzlainfo.ba\\\/index.php\\\/novosti\\\/item\\\/166749-tuzla-pakistanac-shaban-ali-asghar-studentima-odrzao-uvodni-cas-kriketa\\\/\",\"url\":\"https:\\\/\\\/tuzlainfo.ba\\\/index.php\\\/novosti\\\/item\\\/166749-tuzla-pakistanac-shaban-ali-asghar-studentima-odrzao-uvodni-cas-kriketa\\\/\",\"name\":\"Tuzla: Pakistanac Shaban Ali Asghar studentima odr\u017eao uvodni \u010das kriketa\",\"isPartOf\":{\"@id\":\"https:\\\/\\\/tuzlainfo.ba\\\/#website\"},\"primaryImageOfPage\":{\"@id\":\"https:\\\/\\\/tuzlainfo.ba\\\/index.php\\\/novosti\\\/item\\\/166749-tuzla-pakistanac-shaban-ali-asghar-studentima-odrzao-uvodni-cas-kriketa\\\/#primaryimage\"},\"image\":{\"@id\":\"https:\\\/\\\/tuzlainfo.ba\\\/index.php\\\/novosti\\\/item\\\/166749-tuzla-pakistanac-shaban-ali-asghar-studentima-odrzao-uvodni-cas-kriketa\\\/#primaryimage\"},\"thumbnailUrl\":\"https:\\\/\\\/tuzlainfo.ba\\\/wp-content\\\/uploads\\\/2022\\\/03\\\/ali4.jpg\",\"datePublished\":\"2022-03-17T09:00:02+00:00\",\"breadcrumb\":{\"@id\":\"https:\\\/\\\/tuzlainfo.ba\\\/index.php\\\/novosti\\\/item\\\/166749-tuzla-pakistanac-shaban-ali-asghar-studentima-odrzao-uvodni-cas-kriketa\\\/#breadcrumb\"},\"inLanguage\":\"bs-BA\",\"potentialAction\":[{\"@type\":\"ReadAction\",\"target\":[\"https:\\\/\\\/tuzlainfo.ba\\\/index.php\\\/novosti\\\/item\\\/166749-tuzla-pakistanac-shaban-ali-asghar-studentima-odrzao-uvodni-cas-kriketa\\\/\"]}]},{\"@type\":\"ImageObject\",\"inLanguage\":\"bs-BA\",\"@id\":\"https:\\\/\\\/tuzlainfo.ba\\\/index.php\\\/novosti\\\/item\\\/166749-tuzla-pakistanac-shaban-ali-asghar-studentima-odrzao-uvodni-cas-kriketa\\\/#primaryimage\",\"url\":\"https:\\\/\\\/tuzlainfo.ba\\\/wp-content\\\/uploads\\\/2022\\\/03\\\/ali4.jpg\",\"contentUrl\":\"https:\\\/\\\/tuzlainfo.ba\\\/wp-content\\\/uploads\\\/2022\\\/03\\\/ali4.jpg\",\"width\":931,\"height\":700},{\"@type\":\"BreadcrumbList\",\"@id\":\"https:\\\/\\\/tuzlainfo.ba\\\/index.php\\\/novosti\\\/item\\\/166749-tuzla-pakistanac-shaban-ali-asghar-studentima-odrzao-uvodni-cas-kriketa\\\/#breadcrumb\",\"itemListElement\":[{\"@type\":\"ListItem\",\"position\":1,\"name\":\"Home\",\"item\":\"https:\\\/\\\/tuzlainfo.ba\\\/\"},{\"@type\":\"ListItem\",\"position\":2,\"name\":\"Tuzla: Pakistanac Shaban Ali Asghar studentima odr\u017eao uvodni \u010das kriketa\"}]},{\"@type\":\"WebSite\",\"@id\":\"https:\\\/\\\/tuzlainfo.ba\\\/#website\",\"url\":\"https:\\\/\\\/tuzlainfo.ba\\\/\",\"name\":\"TuzlaInfo.ba\",\"description\":\"Tuzla info, gradski informator - Tuzla na dlanu\",\"publisher\":{\"@id\":\"https:\\\/\\\/tuzlainfo.ba\\\/#organization\"},\"potentialAction\":[{\"@type\":\"SearchAction\",\"target\":{\"@type\":\"EntryPoint\",\"urlTemplate\":\"https:\\\/\\\/tuzlainfo.ba\\\/?s={search_term_string}\"},\"query-input\":{\"@type\":\"PropertyValueSpecification\",\"valueRequired\":true,\"valueName\":\"search_term_string\"}}],\"inLanguage\":\"bs-BA\"},{\"@type\":\"Organization\",\"@id\":\"https:\\\/\\\/tuzlainfo.ba\\\/#organization\",\"name\":\"TuzlaInfo.ba\",\"url\":\"https:\\\/\\\/tuzlainfo.ba\\\/\",\"logo\":{\"@type\":\"ImageObject\",\"inLanguage\":\"bs-BA\",\"@id\":\"https:\\\/\\\/tuzlainfo.ba\\\/#\\\/schema\\\/logo\\\/image\\\/\",\"url\":\"https:\\\/\\\/tuzlainfo.ba\\\/wp-content\\\/uploads\\\/2021\\\/03\\\/logo-ver-3-1.png\",\"contentUrl\":\"https:\\\/\\\/tuzlainfo.ba\\\/wp-content\\\/uploads\\\/2021\\\/03\\\/logo-ver-3-1.png\",\"width\":350,\"height\":95,\"caption\":\"TuzlaInfo.ba\"},\"image\":{\"@id\":\"https:\\\/\\\/tuzlainfo.ba\\\/#\\\/schema\\\/logo\\\/image\\\/\"},\"sameAs\":[\"https:\\\/\\\/www.facebook.com\\\/tuzlainfo.ba\\\/\"]},{\"@type\":\"Person\",\"@id\":\"https:\\\/\\\/tuzlainfo.ba\\\/#\\\/schema\\\/person\\\/f434e20dc27ea133923aab08451b7f7f\",\"name\":\"nedim\",\"image\":{\"@type\":\"ImageObject\",\"inLanguage\":\"bs-BA\",\"@id\":\"https:\\\/\\\/secure.gravatar.com\\\/avatar\\\/5b928a2e7e70a54208d2eb6c1edcb75a5350d6ae97d5f0a701203d456823f6f3?s=96&d=mm&r=g\",\"url\":\"https:\\\/\\\/secure.gravatar.com\\\/avatar\\\/5b928a2e7e70a54208d2eb6c1edcb75a5350d6ae97d5f0a701203d456823f6f3?s=96&d=mm&r=g\",\"contentUrl\":\"https:\\\/\\\/secure.gravatar.com\\\/avatar\\\/5b928a2e7e70a54208d2eb6c1edcb75a5350d6ae97d5f0a701203d456823f6f3?s=96&d=mm&r=g\",\"caption\":\"nedim\"},\"description\":\"Tuzlainfo.ba pratite na dru\u0161tvenim mre\u017eama: Facebook, Instagram i Youtube. Svoje pri\u010de, upite i fotografije \u0161aljite na na\u0161u e-mail adresu.\"}]}<\/script>\n<!-- \/ Yoast SEO plugin. -->","yoast_head_json":{"title":"Tuzla: Pakistanac Shaban Ali Asghar studentima odr\u017eao uvodni \u010das kriketa","robots":{"index":"index","follow":"follow","max-snippet":"max-snippet:-1","max-image-preview":"max-image-preview:large","max-video-preview":"max-video-preview:-1"},"canonical":"https:\/\/tuzlainfo.ba\/index.php\/novosti\/item\/166749-tuzla-pakistanac-shaban-ali-asghar-studentima-odrzao-uvodni-cas-kriketa\/","og_locale":"bs_BA","og_type":"article","og_title":"Tuzla: Pakistanac Shaban Ali Asghar studentima odr\u017eao uvodni \u010das kriketa","og_description":"Ljudi u pokretu mogu doprinijeti lokalnoj zajednici na mnoge na\u010dine. Pakistanac Shaban Ali Asghar, kulturalni medijator u Centru za pru\u017eanje usluga u zajednici &#8220;Pu\u017e&#8221; ju\u010der je odr\u017eao uvodni \u010das kriketa za studente tre\u0107e i \u010detvrte godine Fakultet za tjelesni odgoj i sport Tuzla Univerziteta u Tuzli. &#8211; Studenti su bili jako zainteresirani i postavljali mnogo [&hellip;]","og_url":"https:\/\/tuzlainfo.ba\/index.php\/novosti\/item\/166749-tuzla-pakistanac-shaban-ali-asghar-studentima-odrzao-uvodni-cas-kriketa\/","og_site_name":"TuzlaInfo.ba","article_publisher":"https:\/\/www.facebook.com\/tuzlainfo.ba\/","article_published_time":"2022-03-17T09:00:02+00:00","og_image":[{"width":931,"height":700,"url":"https:\/\/tuzlainfo.ba\/wp-content\/uploads\/2022\/03\/ali4.jpg","type":"image\/jpeg"}],"author":"nedim","twitter_card":"summary_large_image","twitter_misc":{"Written by":"nedim","Est. reading time":"1 minuta"},"schema":{"@context":"https:\/\/schema.org","@graph":[{"@type":"Article","@id":"https:\/\/tuzlainfo.ba\/index.php\/novosti\/item\/166749-tuzla-pakistanac-shaban-ali-asghar-studentima-odrzao-uvodni-cas-kriketa\/#article","isPartOf":{"@id":"https:\/\/tuzlainfo.ba\/index.php\/novosti\/item\/166749-tuzla-pakistanac-shaban-ali-asghar-studentima-odrzao-uvodni-cas-kriketa\/"},"author":{"name":"nedim","@id":"https:\/\/tuzlainfo.ba\/#\/schema\/person\/f434e20dc27ea133923aab08451b7f7f"},"headline":"Tuzla: Pakistanac Shaban Ali Asghar studentima odr\u017eao uvodni \u010das kriketa","datePublished":"2022-03-17T09:00:02+00:00","mainEntityOfPage":{"@id":"https:\/\/tuzlainfo.ba\/index.php\/novosti\/item\/166749-tuzla-pakistanac-shaban-ali-asghar-studentima-odrzao-uvodni-cas-kriketa\/"},"wordCount":176,"commentCount":0,"publisher":{"@id":"https:\/\/tuzlainfo.ba\/#organization"},"image":{"@id":"https:\/\/tuzlainfo.ba\/index.php\/novosti\/item\/166749-tuzla-pakistanac-shaban-ali-asghar-studentima-odrzao-uvodni-cas-kriketa\/#primaryimage"},"thumbnailUrl":"https:\/\/tuzlainfo.ba\/wp-content\/uploads\/2022\/03\/ali4.jpg","keywords":["fakultet za sport","kriket","sport"],"articleSection":["Istaknuto","Novosti"],"inLanguage":"bs-BA","copyrightYear":"2022","copyrightHolder":{"@id":"https:\/\/tuzlainfo.ba\/#organization"}},{"@type":"WebPage","@id":"https:\/\/tuzlainfo.ba\/index.php\/novosti\/item\/166749-tuzla-pakistanac-shaban-ali-asghar-studentima-odrzao-uvodni-cas-kriketa\/","url":"https:\/\/tuzlainfo.ba\/index.php\/novosti\/item\/166749-tuzla-pakistanac-shaban-ali-asghar-studentima-odrzao-uvodni-cas-kriketa\/","name":"Tuzla: Pakistanac Shaban Ali Asghar studentima odr\u017eao uvodni \u010das kriketa","isPartOf":{"@id":"https:\/\/tuzlainfo.ba\/#website"},"primaryImageOfPage":{"@id":"https:\/\/tuzlainfo.ba\/index.php\/novosti\/item\/166749-tuzla-pakistanac-shaban-ali-asghar-studentima-odrzao-uvodni-cas-kriketa\/#primaryimage"},"image":{"@id":"https:\/\/tuzlainfo.ba\/index.php\/novosti\/item\/166749-tuzla-pakistanac-shaban-ali-asghar-studentima-odrzao-uvodni-cas-kriketa\/#primaryimage"},"thumbnailUrl":"https:\/\/tuzlainfo.ba\/wp-content\/uploads\/2022\/03\/ali4.jpg","datePublished":"2022-03-17T09:00:02+00:00","breadcrumb":{"@id":"https:\/\/tuzlainfo.ba\/index.php\/novosti\/item\/166749-tuzla-pakistanac-shaban-ali-asghar-studentima-odrzao-uvodni-cas-kriketa\/#breadcrumb"},"inLanguage":"bs-BA","potentialAction":[{"@type":"ReadAction","target":["https:\/\/tuzlainfo.ba\/index.php\/novosti\/item\/166749-tuzla-pakistanac-shaban-ali-asghar-studentima-odrzao-uvodni-cas-kriketa\/"]}]},{"@type":"ImageObject","inLanguage":"bs-BA","@id":"https:\/\/tuzlainfo.ba\/index.php\/novosti\/item\/166749-tuzla-pakistanac-shaban-ali-asghar-studentima-odrzao-uvodni-cas-kriketa\/#primaryimage","url":"https:\/\/tuzlainfo.ba\/wp-content\/uploads\/2022\/03\/ali4.jpg","contentUrl":"https:\/\/tuzlainfo.ba\/wp-content\/uploads\/2022\/03\/ali4.jpg","width":931,"height":700},{"@type":"BreadcrumbList","@id":"https:\/\/tuzlainfo.ba\/index.php\/novosti\/item\/166749-tuzla-pakistanac-shaban-ali-asghar-studentima-odrzao-uvodni-cas-kriketa\/#breadcrumb","itemListElement":[{"@type":"ListItem","position":1,"name":"Home","item":"https:\/\/tuzlainfo.ba\/"},{"@type":"ListItem","position":2,"name":"Tuzla: Pakistanac Shaban Ali Asghar studentima odr\u017eao uvodni \u010das kriketa"}]},{"@type":"WebSite","@id":"https:\/\/tuzlainfo.ba\/#website","url":"https:\/\/tuzlainfo.ba\/","name":"TuzlaInfo.ba","description":"Tuzla info, gradski informator - Tuzla na dlanu","publisher":{"@id":"https:\/\/tuzlainfo.ba\/#organization"},"potentialAction":[{"@type":"SearchAction","target":{"@type":"EntryPoint","urlTemplate":"https:\/\/tuzlainfo.ba\/?s={search_term_string}"},"query-input":{"@type":"PropertyValueSpecification","valueRequired":true,"valueName":"search_term_string"}}],"inLanguage":"bs-BA"},{"@type":"Organization","@id":"https:\/\/tuzlainfo.ba\/#organization","name":"TuzlaInfo.ba","url":"https:\/\/tuzlainfo.ba\/","logo":{"@type":"ImageObject","inLanguage":"bs-BA","@id":"https:\/\/tuzlainfo.ba\/#\/schema\/logo\/image\/","url":"https:\/\/tuzlainfo.ba\/wp-content\/uploads\/2021\/03\/logo-ver-3-1.png","contentUrl":"https:\/\/tuzlainfo.ba\/wp-content\/uploads\/2021\/03\/logo-ver-3-1.png","width":350,"height":95,"caption":"TuzlaInfo.ba"},"image":{"@id":"https:\/\/tuzlainfo.ba\/#\/schema\/logo\/image\/"},"sameAs":["https:\/\/www.facebook.com\/tuzlainfo.ba\/"]},{"@type":"Person","@id":"https:\/\/tuzlainfo.ba\/#\/schema\/person\/f434e20dc27ea133923aab08451b7f7f","name":"nedim","image":{"@type":"ImageObject","inLanguage":"bs-BA","@id":"https:\/\/secure.gravatar.com\/avatar\/5b928a2e7e70a54208d2eb6c1edcb75a5350d6ae97d5f0a701203d456823f6f3?s=96&d=mm&r=g","url":"https:\/\/secure.gravatar.com\/avatar\/5b928a2e7e70a54208d2eb6c1edcb75a5350d6ae97d5f0a701203d456823f6f3?s=96&d=mm&r=g","contentUrl":"https:\/\/secure.gravatar.com\/avatar\/5b928a2e7e70a54208d2eb6c1edcb75a5350d6ae97d5f0a701203d456823f6f3?s=96&d=mm&r=g","caption":"nedim"},"description":"Tuzlainfo.ba pratite na dru\u0161tvenim mre\u017eama: Facebook, Instagram i Youtube. Svoje pri\u010de, upite i fotografije \u0161aljite na na\u0161u e-mail adresu."}]}},"_links":{"self":[{"href":"https:\/\/tuzlainfo.ba\/index.php\/wp-json\/wp\/v2\/posts\/166749","targetHints":{"allow":["GET"]}}],"collection":[{"href":"https:\/\/tuzlainfo.ba\/index.php\/wp-json\/wp\/v2\/posts"}],"about":[{"href":"https:\/\/tuzlainfo.ba\/index.php\/wp-json\/wp\/v2\/types\/post"}],"author":[{"embeddable":true,"href":"https:\/\/tuzlainfo.ba\/index.php\/wp-json\/wp\/v2\/users\/2"}],"replies":[{"embeddable":true,"href":"https:\/\/tuzlainfo.ba\/index.php\/wp-json\/wp\/v2\/comments?post=166749"}],"version-history":[{"count":0,"href":"https:\/\/tuzlainfo.ba\/index.php\/wp-json\/wp\/v2\/posts\/166749\/revisions"}],"wp:featuredmedia":[{"embeddable":true,"href":"https:\/\/tuzlainfo.ba\/index.php\/wp-json\/wp\/v2\/media\/166751"}],"wp:attachment":[{"href":"https:\/\/tuzlainfo.ba\/index.php\/wp-json\/wp\/v2\/media?parent=166749"}],"wp:term":[{"taxonomy":"category","embeddable":true,"href":"https:\/\/tuzlainfo.ba\/index.php\/wp-json\/wp\/v2\/categories?post=166749"},{"taxonomy":"post_tag","embeddable":true,"href":"https:\/\/tuzlainfo.ba\/index.php\/wp-json\/wp\/v2\/tags?post=166749"}],"curies":[{"name":"wp","href":"https:\/\/api.w.org\/{rel}","templated":true}]}}